{"id":18454,"date":"2026-03-05T18:25:45","date_gmt":"2026-03-05T17:25:45","guid":{"rendered":"https:\/\/kunmedierne.dk\/thy\/?p=18454"},"modified":"2026-03-05T18:22:56","modified_gmt":"2026-03-05T17:22:56","slug":"ny-leder-jeg-har-tabt-mit-hjerte-til-kirsten-kjaers-museum-for-laenge-siden","status":"publish","type":"post","link":"https:\/\/kunmedierne.dk\/thy\/ny-leder-jeg-har-tabt-mit-hjerte-til-kirsten-kjaers-museum-for-laenge-siden\/","title":{"rendered":"<span>Ny leder<\/span>: &#8211; Jeg har tabt mit hjerte til Kirsten Kj\u00e6rs Museum for l\u00e6nge siden"},"content":{"rendered":"<p><strong>LANGVAD<\/strong>: Den 66-\u00e5rige billedkunstner, kunsthistoriker og h\u00f8jskoleforstander Susan Hinnum skal v\u00e6re ny leder af Kirsten Kj\u00e6rs Museum.<\/p>\n<p>Og hun er den &#8220;helt rigtige person&#8221; if\u00f8lge formanden for Kirsten Kj\u00e6rs Fond, Jytte Nielsen.<\/p>\n<p>&#8211; Vi har modtaget over 40 kvalificerede ans\u00f8gere. Det var et st\u00e6rkt ans\u00f8gerfelt. Men da vi gjorde det op, lyste Susan Hinnum som den klareste stjerne, siger Jytte Nielsen.<\/p>\n<a class=\"dvrt-link\" onClick=\"cdmtrack_click(1130,jQuery(this));return false\" href=\"https:\/\/www.thistedforsikring.dk\/?utm_source=partnerskaber&amp;utm_campaign=kun_thy\"><img decoding=\"async\" style=\"width:100%;\" src=\"https:\/\/kunmedierne.dk\/thy\/wp-content\/uploads\/sites\/2\/2025\/04\/260409KunThyThisted-For-1.png\"><\/a><script>cdmtrack_view(1130);<\/script>\n<p>Susan Hinnum kommer fra en stilling som forstander p\u00e5 Kunsth\u00f8jskolen p\u00e5 \u00c6r\u00f8, hvor hun har v\u00e6ret leder siden 2007. Oprindelig er hun uddannet fra Det Kongelige Danske Kunstakademi og fungerede som kunstner frem til slutningen af 1990\u2019erne. Siden har hendes fokus ligget p\u00e5 formidling af kunsten. I begyndelsen af 00&#8217;erne var hun lektor p\u00e5 Zahles Seminarium i K\u00f8benhavn og Det Jydske Kunstakademi.<\/p>\n<p>&#8211; Det er virkelig en kvinde med rigtig mange kompetencer og erfaring &#8211; b\u00e5de med at drive en institution og have en stor viden og netv\u00e6rk i kunstens verden, lyder det fra Jytte Nielsen.<\/p>\n<p>I kraft af hendes baggrund og stilling p\u00e5 Kunsth\u00f8jskolen p\u00e5 \u00c6r\u00f8 har Susan Hinnum et meget stort netv\u00e6rk i s\u00e5vel det kunstneriske v\u00e6kstlag som blandt veletablerede kunstnere.<\/p>\n<a class=\"dvrt-link\" onClick=\"cdmtrack_click(685,jQuery(this));return false\" href=\"https:\/\/wensien.dk\/begravelse\/?gad_source=1&gclid=Cj0KCQjwtJ6_BhDWARIsAGanmKcWw6hbeoepGti1oApJGHln52gMbg8EBRZ86__3P1AJZ5dcsw4ZvNEaAk7JEALw_wcB\"><img decoding=\"async\" style=\"width:100%;\" src=\"https:\/\/kunmedierne.dk\/thy\/wp-content\/uploads\/sites\/2\/2025\/03\/wensien-stenhugger.jpg\"><\/a><script>cdmtrack_view(685);<\/script>\n<p>Med valget af Susan Hinnum er bestyrelsesformanden overbevist om, at man f\u00e5r en kompetent person til at styre dagligdagen p\u00e5 museet, men samtidig ogs\u00e5 f\u00e5r en profil der kan videreudvikle den ambiti\u00f8se kunstneriske linje p\u00e5 museet, hvor samspillet mellem formidlingen af Kirsten Kj\u00e6rs v\u00e6rker og udstillinger med samtidskunst er omdrejningspunktet. Museets bestyrelse igangs\u00e6tter snarest en visions- og strategiproces, hvor Susan Hinnums mange kompetencer vil komme i spil.<\/p>\n<p>Susan Hinnum siger selv om sin motivation for at s\u00f8ge stillingen i Thy:<\/p>\n<p>&#8211; Jeg er sindssygt glad for at v\u00e6re her p\u00e5 Kunsth\u00f8jskolen. Jeg elsker den her h\u00f8jskole. Men jeg tabte for l\u00e6nge siden mit hjerte til Kirsten Kj\u00e6rs Museum med sine fuldst\u00e6ndig fantastiske malerier og samling af samtidskunst. Og s\u00e5 v\u00e6rkstedsdelen. Den konstellation er virkelig enest\u00e5ende for et levende kultur- og kunststed. Da stillingen blev sl\u00e5et op, sagde jeg til mig selv. Nu er det nu! Det er mit \u00f8nskejob at skulle v\u00e6re leder af Kirsten Kj\u00e6rs Museum.<\/p>\n<a class=\"dvrt-link\" onClick=\"cdmtrack_click(1130,jQuery(this));return false\" href=\"https:\/\/www.thistedforsikring.dk\/?utm_source=partnerskaber&amp;utm_campaign=kun_thy\"><img decoding=\"async\" style=\"width:100%;\" src=\"https:\/\/kunmedierne.dk\/thy\/wp-content\/uploads\/sites\/2\/2025\/04\/260409KunThyThisted-For-1.png\"><\/a><script>cdmtrack_view(1130);<\/script>\n<p>Susan Hinnum har i \u00e5rene som forstander p\u00e5 Kunsth\u00f8jskolen p\u00e5 \u00c6r\u00f8 ofte haft sine kursister med p\u00e5 kunsttur til Jylland &#8211; rundt til museer og udstillinger. Og n\u00e6sten hver gang har de bes\u00f8gt Kirsten Kj\u00e6rs Museum.<\/p>\n<p>Susan Hinnum f\u00f8ler sig i \u00f8vrigt hjemme p\u00e5 egnen, da hun har et sommerhus i omr\u00e5det.<\/p>\n<p>Hun tiltr\u00e6der stillingen som leder af Kirsten Kj\u00e6rs Museum 1. april og afl\u00f8ser her den nuv\u00e6rende leder Pia Skogberg, der har valgt at g\u00e5 p\u00e5 pension for at fokusere p\u00e5 sin egen kunstneriske praksis.<\/p>\n<p>&nbsp;<\/p>\n","protected":false},"excerpt":{"rendered":"<p>LANGVAD: Den 66-\u00e5rige billedkunstner, kunsthistoriker og h\u00f8jskoleforstander Susan Hinnum skal v\u00e6re ny leder af Kirsten Kj\u00e6rs Museum. Og hun er den &#8220;helt rigtige person&#8221; if\u00f8lge formanden for Kirsten Kj\u00e6rs Fond, Jytte Nielsen. &#8211; Vi har modtaget over 40 kvalificerede ans\u00f8gere. Det var et st\u00e6rkt ans\u00f8gerfelt. Men da vi gjorde det op, lyste Susan Hinnum som [&hellip;]<\/p>\n","protected":false},"author":1925,"featured_media":0,"comment_status":"closed","ping_status":"closed","sticky":false,"template":"","format":"standard","meta":{"_acf_changed":false,"footnotes":""},"categories":[21],"tags":[85,45,66],"class_list":["post-18454","post","type-post","status-publish","format-standard","hentry","category-kultur","tag-kultur","tag-museer","tag-turisme"],"acf":[],"yoast_head":"<!-- This site is optimized with the Yoast SEO plugin v26.8 - https:\/\/yoast.com\/product\/yoast-seo-wordpress\/ -->\n<title>Ny leder: - Jeg har tabt mit hjerte til Kirsten Kj\u00e6rs Museum for l\u00e6nge siden - Thy<\/title>\n<meta name=\"robots\" content=\"index, follow, max-snippet:-1, max-image-preview:large, max-video-preview:-1\" \/>\n<link rel=\"canonical\" href=\"https:\/\/kunmedierne.dk\/thy\/ny-leder-jeg-har-tabt-mit-hjerte-til-kirsten-kjaers-museum-for-laenge-siden\/\" \/>\n<meta property=\"og:locale\" content=\"da_DK\" \/>\n<meta property=\"og:type\" content=\"article\" \/>\n<meta property=\"og:title\" content=\"Ny leder: - Jeg har tabt mit hjerte til Kirsten Kj\u00e6rs Museum for l\u00e6nge siden - Thy\" \/>\n<meta property=\"og:description\" content=\"LANGVAD: Den 66-\u00e5rige billedkunstner, kunsthistoriker og h\u00f8jskoleforstander Susan Hinnum skal v\u00e6re ny leder af Kirsten Kj\u00e6rs Museum. Og hun er den &#8220;helt rigtige person&#8221; if\u00f8lge formanden for Kirsten Kj\u00e6rs Fond, Jytte Nielsen. &#8211; Vi har modtaget over 40 kvalificerede ans\u00f8gere. Det var et st\u00e6rkt ans\u00f8gerfelt. Men da vi gjorde det op, lyste Susan Hinnum som [&hellip;]\" \/>\n<meta property=\"og:url\" content=\"https:\/\/kunmedierne.dk\/thy\/ny-leder-jeg-har-tabt-mit-hjerte-til-kirsten-kjaers-museum-for-laenge-siden\/\" \/>\n<meta property=\"og:site_name\" content=\"Thy\" \/>\n<meta property=\"article:published_time\" content=\"2026-03-05T17:25:45+00:00\" \/>\n<meta name=\"author\" content=\"Lone L\u00e6rke Krog\" \/>\n<meta name=\"twitter:card\" content=\"summary_large_image\" \/>\n<meta name=\"twitter:label1\" content=\"Skrevet af\" \/>\n\t<meta name=\"twitter:data1\" content=\"Lone L\u00e6rke Krog\" \/>\n\t<meta name=\"twitter:label2\" content=\"Estimeret l\u00e6setid\" \/>\n\t<meta name=\"twitter:data2\" content=\"3 minutter\" \/>\n<script type=\"application\/ld+json\" class=\"yoast-schema-graph\">{\"@context\":\"https:\/\/schema.org\",\"@graph\":[{\"@type\":\"Article\",\"@id\":\"https:\/\/kunmedierne.dk\/thy\/ny-leder-jeg-har-tabt-mit-hjerte-til-kirsten-kjaers-museum-for-laenge-siden\/#article\",\"isPartOf\":{\"@id\":\"https:\/\/kunmedierne.dk\/thy\/ny-leder-jeg-har-tabt-mit-hjerte-til-kirsten-kjaers-museum-for-laenge-siden\/\"},\"author\":{\"name\":\"Lone L\u00e6rke Krog\",\"@id\":\"https:\/\/kunmedierne.dk\/thy\/#\/schema\/person\/d266634ba6550d075ecf540d63b245d2\"},\"headline\":\"Ny leder: &#8211; Jeg har tabt mit hjerte til Kirsten Kj\u00e6rs Museum for l\u00e6nge siden\",\"datePublished\":\"2026-03-05T17:25:45+00:00\",\"mainEntityOfPage\":{\"@id\":\"https:\/\/kunmedierne.dk\/thy\/ny-leder-jeg-har-tabt-mit-hjerte-til-kirsten-kjaers-museum-for-laenge-siden\/\"},\"wordCount\":494,\"publisher\":{\"@id\":\"https:\/\/kunmedierne.dk\/thy\/#organization\"},\"keywords\":[\"kultur\",\"Museer\",\"Turisme\"],\"articleSection\":[\"Kultur\"],\"inLanguage\":\"da-DK\"},{\"@type\":\"WebPage\",\"@id\":\"https:\/\/kunmedierne.dk\/thy\/ny-leder-jeg-har-tabt-mit-hjerte-til-kirsten-kjaers-museum-for-laenge-siden\/\",\"url\":\"https:\/\/kunmedierne.dk\/thy\/ny-leder-jeg-har-tabt-mit-hjerte-til-kirsten-kjaers-museum-for-laenge-siden\/\",\"name\":\"Ny leder: - Jeg har tabt mit hjerte til Kirsten Kj\u00e6rs Museum for l\u00e6nge siden - Thy\",\"isPartOf\":{\"@id\":\"https:\/\/kunmedierne.dk\/thy\/#website\"},\"datePublished\":\"2026-03-05T17:25:45+00:00\",\"breadcrumb\":{\"@id\":\"https:\/\/kunmedierne.dk\/thy\/ny-leder-jeg-har-tabt-mit-hjerte-til-kirsten-kjaers-museum-for-laenge-siden\/#breadcrumb\"},\"inLanguage\":\"da-DK\",\"potentialAction\":[{\"@type\":\"ReadAction\",\"target\":[\"https:\/\/kunmedierne.dk\/thy\/ny-leder-jeg-har-tabt-mit-hjerte-til-kirsten-kjaers-museum-for-laenge-siden\/\"]}]},{\"@type\":\"BreadcrumbList\",\"@id\":\"https:\/\/kunmedierne.dk\/thy\/ny-leder-jeg-har-tabt-mit-hjerte-til-kirsten-kjaers-museum-for-laenge-siden\/#breadcrumb\",\"itemListElement\":[{\"@type\":\"ListItem\",\"position\":1,\"name\":\"Home\",\"item\":\"https:\/\/kunmedierne.dk\/thy\/\"},{\"@type\":\"ListItem\",\"position\":2,\"name\":\"Ny leder: &#8211; Jeg har tabt mit hjerte til Kirsten Kj\u00e6rs Museum for l\u00e6nge siden\"}]},{\"@type\":\"WebSite\",\"@id\":\"https:\/\/kunmedierne.dk\/thy\/#website\",\"url\":\"https:\/\/kunmedierne.dk\/thy\/\",\"name\":\"Thy\",\"description\":\"et netmedie med journalistik om livet i Thy\",\"publisher\":{\"@id\":\"https:\/\/kunmedierne.dk\/thy\/#organization\"},\"potentialAction\":[{\"@type\":\"SearchAction\",\"target\":{\"@type\":\"EntryPoint\",\"urlTemplate\":\"https:\/\/kunmedierne.dk\/thy\/?s={search_term_string}\"},\"query-input\":{\"@type\":\"PropertyValueSpecification\",\"valueRequired\":true,\"valueName\":\"search_term_string\"}}],\"inLanguage\":\"da-DK\"},{\"@type\":\"Organization\",\"@id\":\"https:\/\/kunmedierne.dk\/thy\/#organization\",\"name\":\"Thy\",\"url\":\"https:\/\/kunmedierne.dk\/thy\/\",\"logo\":{\"@type\":\"ImageObject\",\"inLanguage\":\"da-DK\",\"@id\":\"https:\/\/kunmedierne.dk\/thy\/#\/schema\/logo\/image\/\",\"url\":\"https:\/\/kunmedierne.dk\/thy\/wp-content\/uploads\/sites\/2\/2025\/04\/kunthy-logo.svg\",\"contentUrl\":\"https:\/\/kunmedierne.dk\/thy\/wp-content\/uploads\/sites\/2\/2025\/04\/kunthy-logo.svg\",\"caption\":\"Thy\"},\"image\":{\"@id\":\"https:\/\/kunmedierne.dk\/thy\/#\/schema\/logo\/image\/\"}},{\"@type\":\"Person\",\"@id\":\"https:\/\/kunmedierne.dk\/thy\/#\/schema\/person\/d266634ba6550d075ecf540d63b245d2\",\"name\":\"Lone L\u00e6rke Krog\",\"image\":{\"@type\":\"ImageObject\",\"inLanguage\":\"da-DK\",\"@id\":\"https:\/\/kunmedierne.dk\/thy\/#\/schema\/person\/image\/\",\"url\":\"https:\/\/secure.gravatar.com\/avatar\/496ddc7080e56b4ac64cfd4e56bd6d1ee396fa3db1923aa22f11346f60bb135b?s=96&d=mm&r=g\",\"contentUrl\":\"https:\/\/secure.gravatar.com\/avatar\/496ddc7080e56b4ac64cfd4e56bd6d1ee396fa3db1923aa22f11346f60bb135b?s=96&d=mm&r=g\",\"caption\":\"Lone L\u00e6rke Krog\"},\"url\":\"https:\/\/kunmedierne.dk\/thy\/author\/llk\/\"}]}<\/script>\n<!-- \/ Yoast SEO plugin. -->","yoast_head_json":{"title":"Ny leder: - Jeg har tabt mit hjerte til Kirsten Kj\u00e6rs Museum for l\u00e6nge siden - Thy","robots":{"index":"index","follow":"follow","max-snippet":"max-snippet:-1","max-image-preview":"max-image-preview:large","max-video-preview":"max-video-preview:-1"},"canonical":"https:\/\/kunmedierne.dk\/thy\/ny-leder-jeg-har-tabt-mit-hjerte-til-kirsten-kjaers-museum-for-laenge-siden\/","og_locale":"da_DK","og_type":"article","og_title":"Ny leder: - Jeg har tabt mit hjerte til Kirsten Kj\u00e6rs Museum for l\u00e6nge siden - Thy","og_description":"LANGVAD: Den 66-\u00e5rige billedkunstner, kunsthistoriker og h\u00f8jskoleforstander Susan Hinnum skal v\u00e6re ny leder af Kirsten Kj\u00e6rs Museum. Og hun er den &#8220;helt rigtige person&#8221; if\u00f8lge formanden for Kirsten Kj\u00e6rs Fond, Jytte Nielsen. &#8211; Vi har modtaget over 40 kvalificerede ans\u00f8gere. Det var et st\u00e6rkt ans\u00f8gerfelt. Men da vi gjorde det op, lyste Susan Hinnum som [&hellip;]","og_url":"https:\/\/kunmedierne.dk\/thy\/ny-leder-jeg-har-tabt-mit-hjerte-til-kirsten-kjaers-museum-for-laenge-siden\/","og_site_name":"Thy","article_published_time":"2026-03-05T17:25:45+00:00","author":"Lone L\u00e6rke Krog","twitter_card":"summary_large_image","twitter_misc":{"Skrevet af":"Lone L\u00e6rke Krog","Estimeret l\u00e6setid":"3 minutter"},"schema":{"@context":"https:\/\/schema.org","@graph":[{"@type":"Article","@id":"https:\/\/kunmedierne.dk\/thy\/ny-leder-jeg-har-tabt-mit-hjerte-til-kirsten-kjaers-museum-for-laenge-siden\/#article","isPartOf":{"@id":"https:\/\/kunmedierne.dk\/thy\/ny-leder-jeg-har-tabt-mit-hjerte-til-kirsten-kjaers-museum-for-laenge-siden\/"},"author":{"name":"Lone L\u00e6rke Krog","@id":"https:\/\/kunmedierne.dk\/thy\/#\/schema\/person\/d266634ba6550d075ecf540d63b245d2"},"headline":"Ny leder: &#8211; Jeg har tabt mit hjerte til Kirsten Kj\u00e6rs Museum for l\u00e6nge siden","datePublished":"2026-03-05T17:25:45+00:00","mainEntityOfPage":{"@id":"https:\/\/kunmedierne.dk\/thy\/ny-leder-jeg-har-tabt-mit-hjerte-til-kirsten-kjaers-museum-for-laenge-siden\/"},"wordCount":494,"publisher":{"@id":"https:\/\/kunmedierne.dk\/thy\/#organization"},"keywords":["kultur","Museer","Turisme"],"articleSection":["Kultur"],"inLanguage":"da-DK"},{"@type":"WebPage","@id":"https:\/\/kunmedierne.dk\/thy\/ny-leder-jeg-har-tabt-mit-hjerte-til-kirsten-kjaers-museum-for-laenge-siden\/","url":"https:\/\/kunmedierne.dk\/thy\/ny-leder-jeg-har-tabt-mit-hjerte-til-kirsten-kjaers-museum-for-laenge-siden\/","name":"Ny leder: - Jeg har tabt mit hjerte til Kirsten Kj\u00e6rs Museum for l\u00e6nge siden - Thy","isPartOf":{"@id":"https:\/\/kunmedierne.dk\/thy\/#website"},"datePublished":"2026-03-05T17:25:45+00:00","breadcrumb":{"@id":"https:\/\/kunmedierne.dk\/thy\/ny-leder-jeg-har-tabt-mit-hjerte-til-kirsten-kjaers-museum-for-laenge-siden\/#breadcrumb"},"inLanguage":"da-DK","potentialAction":[{"@type":"ReadAction","target":["https:\/\/kunmedierne.dk\/thy\/ny-leder-jeg-har-tabt-mit-hjerte-til-kirsten-kjaers-museum-for-laenge-siden\/"]}]},{"@type":"BreadcrumbList","@id":"https:\/\/kunmedierne.dk\/thy\/ny-leder-jeg-har-tabt-mit-hjerte-til-kirsten-kjaers-museum-for-laenge-siden\/#breadcrumb","itemListElement":[{"@type":"ListItem","position":1,"name":"Home","item":"https:\/\/kunmedierne.dk\/thy\/"},{"@type":"ListItem","position":2,"name":"Ny leder: &#8211; Jeg har tabt mit hjerte til Kirsten Kj\u00e6rs Museum for l\u00e6nge siden"}]},{"@type":"WebSite","@id":"https:\/\/kunmedierne.dk\/thy\/#website","url":"https:\/\/kunmedierne.dk\/thy\/","name":"Thy","description":"et netmedie med journalistik om livet i Thy","publisher":{"@id":"https:\/\/kunmedierne.dk\/thy\/#organization"},"potentialAction":[{"@type":"SearchAction","target":{"@type":"EntryPoint","urlTemplate":"https:\/\/kunmedierne.dk\/thy\/?s={search_term_string}"},"query-input":{"@type":"PropertyValueSpecification","valueRequired":true,"valueName":"search_term_string"}}],"inLanguage":"da-DK"},{"@type":"Organization","@id":"https:\/\/kunmedierne.dk\/thy\/#organization","name":"Thy","url":"https:\/\/kunmedierne.dk\/thy\/","logo":{"@type":"ImageObject","inLanguage":"da-DK","@id":"https:\/\/kunmedierne.dk\/thy\/#\/schema\/logo\/image\/","url":"https:\/\/kunmedierne.dk\/thy\/wp-content\/uploads\/sites\/2\/2025\/04\/kunthy-logo.svg","contentUrl":"https:\/\/kunmedierne.dk\/thy\/wp-content\/uploads\/sites\/2\/2025\/04\/kunthy-logo.svg","caption":"Thy"},"image":{"@id":"https:\/\/kunmedierne.dk\/thy\/#\/schema\/logo\/image\/"}},{"@type":"Person","@id":"https:\/\/kunmedierne.dk\/thy\/#\/schema\/person\/d266634ba6550d075ecf540d63b245d2","name":"Lone L\u00e6rke Krog","image":{"@type":"ImageObject","inLanguage":"da-DK","@id":"https:\/\/kunmedierne.dk\/thy\/#\/schema\/person\/image\/","url":"https:\/\/secure.gravatar.com\/avatar\/496ddc7080e56b4ac64cfd4e56bd6d1ee396fa3db1923aa22f11346f60bb135b?s=96&d=mm&r=g","contentUrl":"https:\/\/secure.gravatar.com\/avatar\/496ddc7080e56b4ac64cfd4e56bd6d1ee396fa3db1923aa22f11346f60bb135b?s=96&d=mm&r=g","caption":"Lone L\u00e6rke Krog"},"url":"https:\/\/kunmedierne.dk\/thy\/author\/llk\/"}]}},"_links":{"self":[{"href":"https:\/\/kunmedierne.dk\/thy\/wp-json\/wp\/v2\/posts\/18454","targetHints":{"allow":["GET"]}}],"collection":[{"href":"https:\/\/kunmedierne.dk\/thy\/wp-json\/wp\/v2\/posts"}],"about":[{"href":"https:\/\/kunmedierne.dk\/thy\/wp-json\/wp\/v2\/types\/post"}],"author":[{"embeddable":true,"href":"https:\/\/kunmedierne.dk\/thy\/wp-json\/wp\/v2\/users\/1925"}],"replies":[{"embeddable":true,"href":"https:\/\/kunmedierne.dk\/thy\/wp-json\/wp\/v2\/comments?post=18454"}],"version-history":[{"count":5,"href":"https:\/\/kunmedierne.dk\/thy\/wp-json\/wp\/v2\/posts\/18454\/revisions"}],"predecessor-version":[{"id":18484,"href":"https:\/\/kunmedierne.dk\/thy\/wp-json\/wp\/v2\/posts\/18454\/revisions\/18484"}],"wp:attachment":[{"href":"https:\/\/kunmedierne.dk\/thy\/wp-json\/wp\/v2\/media?parent=18454"}],"wp:term":[{"taxonomy":"category","embeddable":true,"href":"https:\/\/kunmedierne.dk\/thy\/wp-json\/wp\/v2\/categories?post=18454"},{"taxonomy":"post_tag","embeddable":true,"href":"https:\/\/kunmedierne.dk\/thy\/wp-json\/wp\/v2\/tags?post=18454"}],"curies":[{"name":"wp","href":"https:\/\/api.w.org\/{rel}","templated":true}]}}