{"id":18384,"date":"2026-03-04T18:10:14","date_gmt":"2026-03-04T17:10:14","guid":{"rendered":"https:\/\/kunmedierne.dk\/thy\/?p=18384"},"modified":"2026-03-04T14:49:19","modified_gmt":"2026-03-04T13:49:19","slug":"18384-2","status":"publish","type":"post","link":"https:\/\/kunmedierne.dk\/thy\/18384-2\/","title":{"rendered":"Mors\u00f8 Kommune ans\u00e6tter kendt ansigt fra Thisted som ny Sundheds- og \u00c6ldrechef \u00a0"},"content":{"rendered":"<p><span data-contrast=\"auto\"><strong>MORS\u00d8 KOMMUNE:<\/strong> Mette Skydt Bj\u00f8rndal er blevet chef for Sundheds- og \u00c6ldreomr\u00e5det. Mors\u00f8 Kommune oplyser, at ans\u00e6ttelsen af den nye chef sker p\u00e5 et tidspunkt, hvor Sundheds- og \u00c6ldreomr\u00e5det st\u00e5r over for markante forandringer. <\/span><\/p>\n<a class=\"dvrt-link\" onClick=\"cdmtrack_click(1130,jQuery(this));return false\" href=\"https:\/\/www.thistedforsikring.dk\/?utm_source=partnerskaber&amp;utm_campaign=kun_thy\"><img decoding=\"async\" style=\"width:100%;\" src=\"https:\/\/kunmedierne.dk\/thy\/wp-content\/uploads\/sites\/2\/2025\/04\/260409KunThyThisted-For-1.png\"><\/a><script>cdmtrack_view(1130);<\/script>\n<p><span data-contrast=\"auto\">I 2026 samler Mors\u00f8 Kommune kr\u00e6fterne under \u00e9n samlet ledelse med ambitionen om mere sammenh\u00e6ng, tydeligere retning og st\u00e6rkere kvalitet for borgerne. Her kommer Mette Skydt Bj\u00f8rndal til at spille en central rolle. <\/span><\/p>\n<p><span data-contrast=\"auto\">\u2013 Mette kombinerer visioner, tydelig ledelse og dyb forst\u00e5else for det n\u00e6re sundhedsv\u00e6sen. Hun er st\u00e6rk i samarbejdsrelationer, hun skaber ro i forandringer, og hun har vist, at hun kan oms\u00e6tte politiske beslutninger til konkret praksis, der giver mening for b\u00e5de borgere og medarbejdere, siger vicekommunaldirekt\u00f8r Torben Gregersen. <\/span><span data-ccp-props=\"{&quot;134233117&quot;:false,&quot;134233118&quot;:false,&quot;335551550&quot;:0,&quot;335551620&quot;:0,&quot;335559738&quot;:0,&quot;335559739&quot;:0}\">\u00a0<\/span><\/p>\n<p><span data-contrast=\"auto\">Han peger ogs\u00e5 p\u00e5, at Mette Skydt Bj\u00f8rndal har blik for b\u00e5de drift og udvikling og kan balancere \u00f8konomi og kvalitet, ogs\u00e5 n\u00e5r presset er stort. Hendes ledelsesstil bygger p\u00e5 ordentlighed, tydelighed og st\u00e6rke relationer. <\/span><span data-ccp-props=\"{&quot;134233117&quot;:false,&quot;134233118&quot;:false,&quot;335551550&quot;:0,&quot;335551620&quot;:0,&quot;335559738&quot;:0,&quot;335559739&quot;:0}\">\u00a0<\/span><\/p>\n<p><span data-ccp-props=\"{&quot;134233117&quot;:false,&quot;134233118&quot;:false,&quot;335551550&quot;:0,&quot;335551620&quot;:0,&quot;335559738&quot;:0,&quot;335559739&quot;:0}\">\u00a0<\/span><\/p>\n<p><b><span data-contrast=\"auto\">St\u00e6rk lederprofil med bred erfaring<\/span><\/b><\/p>\n<p><span data-contrast=\"auto\">Mette Skydt Bj\u00f8rndal har siden 2025 v\u00e6ret konstitueret chef for omr\u00e5det og har siden 2019 v\u00e6ret centerleder for Sundhedscenter Limfjord. Tidligere har hun v\u00e6ret rektor p\u00e5 EUC Nordvest gennem otte \u00e5r samt haft flere ledende roller i uddannelsessektoren. Hun er uddannet cand.mag. fra Aarhus Universitet og har en diplomuddannelse i ledelse. <\/span><span data-ccp-props=\"{&quot;134233117&quot;:false,&quot;134233118&quot;:false,&quot;335551550&quot;:0,&quot;335551620&quot;:0,&quot;335559738&quot;:0,&quot;335559739&quot;:0}\">\u00a0<\/span><\/p>\n<a class=\"dvrt-link\" onClick=\"cdmtrack_click(1130,jQuery(this));return false\" href=\"https:\/\/www.thistedforsikring.dk\/?utm_source=partnerskaber&amp;utm_campaign=kun_thy\"><img decoding=\"async\" style=\"width:100%;\" src=\"https:\/\/kunmedierne.dk\/thy\/wp-content\/uploads\/sites\/2\/2025\/04\/260409KunThyThisted-For-1.png\"><\/a><script>cdmtrack_view(1130);<\/script>\n<p><span data-contrast=\"auto\">Mors\u00f8 Kommune oplyser, at den brede erfaring, kombineret med lang ledelseserfaring fra politisk styrede organisationer, var udslagsgivende for ans\u00e6ttelsen. <\/span><span data-ccp-props=\"{&quot;134233117&quot;:false,&quot;134233118&quot;:false,&quot;335551550&quot;:0,&quot;335551620&quot;:0,&quot;335559738&quot;:0,&quot;335559739&quot;:0}\">\u00a0<\/span><\/p>\n<p><span data-contrast=\"auto\">\u2013 Fremtidens Sundheds- og \u00c6ldreomr\u00e5de skal udvikles i samspil med borgerne, s\u00e5 det tager udgangspunkt i borgernes konkrete situation. Derfor gl\u00e6der jeg mig ogs\u00e5 til at st\u00e5 i spidsen for et omr\u00e5de, hvor kvalitet, sammenh\u00e6ng og menneskelighed g\u00e5r h\u00e5nd i h\u00e5nd med tydelige rammer og solide faglige milj\u00f8er, siger Mette Skydt Bj\u00f8rndal. <\/span><span data-ccp-props=\"{&quot;134233117&quot;:false,&quot;134233118&quot;:false,&quot;335551550&quot;:0,&quot;335551620&quot;:0,&quot;335559738&quot;:0,&quot;335559739&quot;:0}\">\u00a0<\/span><\/p>\n<p><span data-contrast=\"auto\">Den nye chef f\u00e5r ansvar for at samle og styrke omr\u00e5det p\u00e5 tv\u00e6rs af hjemmepleje, sygepleje, rehabilitering, visitation og myndighed \u2013 samt for at sikre, at reformer og ny lovgivning oms\u00e6ttes til klare standarder og stabil drift. Mors\u00f8 Kommune oplyser, at omr\u00e5det skal udvikles digitalt og datadrevet uden at miste n\u00e6rhed, lokalforankring og menneskelighed. <\/span><span data-ccp-props=\"{&quot;134233117&quot;:false,&quot;134233118&quot;:false,&quot;335551550&quot;:0,&quot;335551620&quot;:0,&quot;335559738&quot;:0,&quot;335559739&quot;:0}\">\u00a0<\/span><\/p>\n<p><span data-contrast=\"auto\">Mette Skydt Bj\u00f8rndal\u00a0er 55 \u00e5r, gift og bor i Thisted. Blandt fritidsinteresserne er motion, g\u00e5ture i naturen, golf, skiture med familien og rejser til Italien. <\/span><span data-ccp-props=\"{&quot;134233117&quot;:false,&quot;134233118&quot;:false,&quot;335551550&quot;:0,&quot;335551620&quot;:0,&quot;335559738&quot;:0,&quot;335559739&quot;:0}\">\u00a0<\/span><\/p>\n","protected":false},"excerpt":{"rendered":"<p>MORS\u00d8 KOMMUNE: Mette Skydt Bj\u00f8rndal er blevet chef for Sundheds- og \u00c6ldreomr\u00e5det. Mors\u00f8 Kommune oplyser, at ans\u00e6ttelsen af den nye chef sker p\u00e5 et tidspunkt, hvor Sundheds- og \u00c6ldreomr\u00e5det st\u00e5r over for markante forandringer. I 2026 samler Mors\u00f8 Kommune kr\u00e6fterne under \u00e9n samlet ledelse med ambitionen om mere sammenh\u00e6ng, tydeligere retning og st\u00e6rkere kvalitet for [&hellip;]<\/p>\n","protected":false},"author":2507,"featured_media":0,"comment_status":"closed","ping_status":"closed","sticky":false,"template":"","format":"standard","meta":{"_acf_changed":false,"footnotes":""},"categories":[24],"tags":[84,47],"class_list":["post-18384","post","type-post","status-publish","format-standard","hentry","category-lokalt","tag-aeldrepleje","tag-sundhed"],"acf":[],"yoast_head":"<!-- This site is optimized with the Yoast SEO plugin v26.8 - https:\/\/yoast.com\/product\/yoast-seo-wordpress\/ -->\n<title>Mors\u00f8 Kommune ans\u00e6tter kendt ansigt fra Thisted som ny Sundheds- og \u00c6ldrechef \u00a0 - Thy<\/title>\n<meta name=\"robots\" content=\"index, follow, max-snippet:-1, max-image-preview:large, max-video-preview:-1\" \/>\n<link rel=\"canonical\" href=\"https:\/\/kunmedierne.dk\/thy\/18384-2\/\" \/>\n<meta property=\"og:locale\" content=\"da_DK\" \/>\n<meta property=\"og:type\" content=\"article\" \/>\n<meta property=\"og:title\" content=\"Mors\u00f8 Kommune ans\u00e6tter kendt ansigt fra Thisted som ny Sundheds- og \u00c6ldrechef \u00a0 - Thy\" \/>\n<meta property=\"og:description\" content=\"MORS\u00d8 KOMMUNE: Mette Skydt Bj\u00f8rndal er blevet chef for Sundheds- og \u00c6ldreomr\u00e5det. Mors\u00f8 Kommune oplyser, at ans\u00e6ttelsen af den nye chef sker p\u00e5 et tidspunkt, hvor Sundheds- og \u00c6ldreomr\u00e5det st\u00e5r over for markante forandringer. I 2026 samler Mors\u00f8 Kommune kr\u00e6fterne under \u00e9n samlet ledelse med ambitionen om mere sammenh\u00e6ng, tydeligere retning og st\u00e6rkere kvalitet for [&hellip;]\" \/>\n<meta property=\"og:url\" content=\"https:\/\/kunmedierne.dk\/thy\/18384-2\/\" \/>\n<meta property=\"og:site_name\" content=\"Thy\" \/>\n<meta property=\"article:published_time\" content=\"2026-03-04T17:10:14+00:00\" \/>\n<meta name=\"author\" content=\"Katrine Hedegaard\" \/>\n<meta name=\"twitter:card\" content=\"summary_large_image\" \/>\n<meta name=\"twitter:label1\" content=\"Skrevet af\" \/>\n\t<meta name=\"twitter:data1\" content=\"Katrine Hedegaard\" \/>\n\t<meta name=\"twitter:label2\" content=\"Estimeret l\u00e6setid\" \/>\n\t<meta name=\"twitter:data2\" content=\"2 minutter\" \/>\n<script type=\"application\/ld+json\" class=\"yoast-schema-graph\">{\"@context\":\"https:\/\/schema.org\",\"@graph\":[{\"@type\":\"Article\",\"@id\":\"https:\/\/kunmedierne.dk\/thy\/18384-2\/#article\",\"isPartOf\":{\"@id\":\"https:\/\/kunmedierne.dk\/thy\/18384-2\/\"},\"author\":{\"name\":\"Katrine Hedegaard\",\"@id\":\"https:\/\/kunmedierne.dk\/thy\/#\/schema\/person\/b2e62a38069b12365e53e087a8709c64\"},\"headline\":\"Mors\u00f8 Kommune ans\u00e6tter kendt ansigt fra Thisted som ny Sundheds- og \u00c6ldrechef \u00a0\",\"datePublished\":\"2026-03-04T17:10:14+00:00\",\"mainEntityOfPage\":{\"@id\":\"https:\/\/kunmedierne.dk\/thy\/18384-2\/\"},\"wordCount\":412,\"publisher\":{\"@id\":\"https:\/\/kunmedierne.dk\/thy\/#organization\"},\"keywords\":[\"\u00e6ldrepleje\",\"Sundhed\"],\"articleSection\":[\"Lokalt\"],\"inLanguage\":\"da-DK\"},{\"@type\":\"WebPage\",\"@id\":\"https:\/\/kunmedierne.dk\/thy\/18384-2\/\",\"url\":\"https:\/\/kunmedierne.dk\/thy\/18384-2\/\",\"name\":\"Mors\u00f8 Kommune ans\u00e6tter kendt ansigt fra Thisted som ny Sundheds- og \u00c6ldrechef \u00a0 - Thy\",\"isPartOf\":{\"@id\":\"https:\/\/kunmedierne.dk\/thy\/#website\"},\"datePublished\":\"2026-03-04T17:10:14+00:00\",\"breadcrumb\":{\"@id\":\"https:\/\/kunmedierne.dk\/thy\/18384-2\/#breadcrumb\"},\"inLanguage\":\"da-DK\",\"potentialAction\":[{\"@type\":\"ReadAction\",\"target\":[\"https:\/\/kunmedierne.dk\/thy\/18384-2\/\"]}]},{\"@type\":\"BreadcrumbList\",\"@id\":\"https:\/\/kunmedierne.dk\/thy\/18384-2\/#breadcrumb\",\"itemListElement\":[{\"@type\":\"ListItem\",\"position\":1,\"name\":\"Home\",\"item\":\"https:\/\/kunmedierne.dk\/thy\/\"},{\"@type\":\"ListItem\",\"position\":2,\"name\":\"Mors\u00f8 Kommune ans\u00e6tter kendt ansigt fra Thisted som ny Sundheds- og \u00c6ldrechef \u00a0\"}]},{\"@type\":\"WebSite\",\"@id\":\"https:\/\/kunmedierne.dk\/thy\/#website\",\"url\":\"https:\/\/kunmedierne.dk\/thy\/\",\"name\":\"Thy\",\"description\":\"et netmedie med journalistik om livet i Thy\",\"publisher\":{\"@id\":\"https:\/\/kunmedierne.dk\/thy\/#organization\"},\"potentialAction\":[{\"@type\":\"SearchAction\",\"target\":{\"@type\":\"EntryPoint\",\"urlTemplate\":\"https:\/\/kunmedierne.dk\/thy\/?s={search_term_string}\"},\"query-input\":{\"@type\":\"PropertyValueSpecification\",\"valueRequired\":true,\"valueName\":\"search_term_string\"}}],\"inLanguage\":\"da-DK\"},{\"@type\":\"Organization\",\"@id\":\"https:\/\/kunmedierne.dk\/thy\/#organization\",\"name\":\"Thy\",\"url\":\"https:\/\/kunmedierne.dk\/thy\/\",\"logo\":{\"@type\":\"ImageObject\",\"inLanguage\":\"da-DK\",\"@id\":\"https:\/\/kunmedierne.dk\/thy\/#\/schema\/logo\/image\/\",\"url\":\"https:\/\/kunmedierne.dk\/thy\/wp-content\/uploads\/sites\/2\/2025\/04\/kunthy-logo.svg\",\"contentUrl\":\"https:\/\/kunmedierne.dk\/thy\/wp-content\/uploads\/sites\/2\/2025\/04\/kunthy-logo.svg\",\"caption\":\"Thy\"},\"image\":{\"@id\":\"https:\/\/kunmedierne.dk\/thy\/#\/schema\/logo\/image\/\"}},{\"@type\":\"Person\",\"@id\":\"https:\/\/kunmedierne.dk\/thy\/#\/schema\/person\/b2e62a38069b12365e53e087a8709c64\",\"name\":\"Katrine Hedegaard\",\"image\":{\"@type\":\"ImageObject\",\"inLanguage\":\"da-DK\",\"@id\":\"https:\/\/kunmedierne.dk\/thy\/#\/schema\/person\/image\/\",\"url\":\"https:\/\/secure.gravatar.com\/avatar\/18a5c72fa9148052fd3ed5a58b40fc83cfdc9811090e6e6eec9539af058edcc0?s=96&d=mm&r=g\",\"contentUrl\":\"https:\/\/secure.gravatar.com\/avatar\/18a5c72fa9148052fd3ed5a58b40fc83cfdc9811090e6e6eec9539af058edcc0?s=96&d=mm&r=g\",\"caption\":\"Katrine Hedegaard\"},\"url\":\"https:\/\/kunmedierne.dk\/thy\/author\/katrine\/\"}]}<\/script>\n<!-- \/ Yoast SEO plugin. -->","yoast_head_json":{"title":"Mors\u00f8 Kommune ans\u00e6tter kendt ansigt fra Thisted som ny Sundheds- og \u00c6ldrechef \u00a0 - Thy","robots":{"index":"index","follow":"follow","max-snippet":"max-snippet:-1","max-image-preview":"max-image-preview:large","max-video-preview":"max-video-preview:-1"},"canonical":"https:\/\/kunmedierne.dk\/thy\/18384-2\/","og_locale":"da_DK","og_type":"article","og_title":"Mors\u00f8 Kommune ans\u00e6tter kendt ansigt fra Thisted som ny Sundheds- og \u00c6ldrechef \u00a0 - Thy","og_description":"MORS\u00d8 KOMMUNE: Mette Skydt Bj\u00f8rndal er blevet chef for Sundheds- og \u00c6ldreomr\u00e5det. Mors\u00f8 Kommune oplyser, at ans\u00e6ttelsen af den nye chef sker p\u00e5 et tidspunkt, hvor Sundheds- og \u00c6ldreomr\u00e5det st\u00e5r over for markante forandringer. I 2026 samler Mors\u00f8 Kommune kr\u00e6fterne under \u00e9n samlet ledelse med ambitionen om mere sammenh\u00e6ng, tydeligere retning og st\u00e6rkere kvalitet for [&hellip;]","og_url":"https:\/\/kunmedierne.dk\/thy\/18384-2\/","og_site_name":"Thy","article_published_time":"2026-03-04T17:10:14+00:00","author":"Katrine Hedegaard","twitter_card":"summary_large_image","twitter_misc":{"Skrevet af":"Katrine Hedegaard","Estimeret l\u00e6setid":"2 minutter"},"schema":{"@context":"https:\/\/schema.org","@graph":[{"@type":"Article","@id":"https:\/\/kunmedierne.dk\/thy\/18384-2\/#article","isPartOf":{"@id":"https:\/\/kunmedierne.dk\/thy\/18384-2\/"},"author":{"name":"Katrine Hedegaard","@id":"https:\/\/kunmedierne.dk\/thy\/#\/schema\/person\/b2e62a38069b12365e53e087a8709c64"},"headline":"Mors\u00f8 Kommune ans\u00e6tter kendt ansigt fra Thisted som ny Sundheds- og \u00c6ldrechef \u00a0","datePublished":"2026-03-04T17:10:14+00:00","mainEntityOfPage":{"@id":"https:\/\/kunmedierne.dk\/thy\/18384-2\/"},"wordCount":412,"publisher":{"@id":"https:\/\/kunmedierne.dk\/thy\/#organization"},"keywords":["\u00e6ldrepleje","Sundhed"],"articleSection":["Lokalt"],"inLanguage":"da-DK"},{"@type":"WebPage","@id":"https:\/\/kunmedierne.dk\/thy\/18384-2\/","url":"https:\/\/kunmedierne.dk\/thy\/18384-2\/","name":"Mors\u00f8 Kommune ans\u00e6tter kendt ansigt fra Thisted som ny Sundheds- og \u00c6ldrechef \u00a0 - Thy","isPartOf":{"@id":"https:\/\/kunmedierne.dk\/thy\/#website"},"datePublished":"2026-03-04T17:10:14+00:00","breadcrumb":{"@id":"https:\/\/kunmedierne.dk\/thy\/18384-2\/#breadcrumb"},"inLanguage":"da-DK","potentialAction":[{"@type":"ReadAction","target":["https:\/\/kunmedierne.dk\/thy\/18384-2\/"]}]},{"@type":"BreadcrumbList","@id":"https:\/\/kunmedierne.dk\/thy\/18384-2\/#breadcrumb","itemListElement":[{"@type":"ListItem","position":1,"name":"Home","item":"https:\/\/kunmedierne.dk\/thy\/"},{"@type":"ListItem","position":2,"name":"Mors\u00f8 Kommune ans\u00e6tter kendt ansigt fra Thisted som ny Sundheds- og \u00c6ldrechef \u00a0"}]},{"@type":"WebSite","@id":"https:\/\/kunmedierne.dk\/thy\/#website","url":"https:\/\/kunmedierne.dk\/thy\/","name":"Thy","description":"et netmedie med journalistik om livet i Thy","publisher":{"@id":"https:\/\/kunmedierne.dk\/thy\/#organization"},"potentialAction":[{"@type":"SearchAction","target":{"@type":"EntryPoint","urlTemplate":"https:\/\/kunmedierne.dk\/thy\/?s={search_term_string}"},"query-input":{"@type":"PropertyValueSpecification","valueRequired":true,"valueName":"search_term_string"}}],"inLanguage":"da-DK"},{"@type":"Organization","@id":"https:\/\/kunmedierne.dk\/thy\/#organization","name":"Thy","url":"https:\/\/kunmedierne.dk\/thy\/","logo":{"@type":"ImageObject","inLanguage":"da-DK","@id":"https:\/\/kunmedierne.dk\/thy\/#\/schema\/logo\/image\/","url":"https:\/\/kunmedierne.dk\/thy\/wp-content\/uploads\/sites\/2\/2025\/04\/kunthy-logo.svg","contentUrl":"https:\/\/kunmedierne.dk\/thy\/wp-content\/uploads\/sites\/2\/2025\/04\/kunthy-logo.svg","caption":"Thy"},"image":{"@id":"https:\/\/kunmedierne.dk\/thy\/#\/schema\/logo\/image\/"}},{"@type":"Person","@id":"https:\/\/kunmedierne.dk\/thy\/#\/schema\/person\/b2e62a38069b12365e53e087a8709c64","name":"Katrine Hedegaard","image":{"@type":"ImageObject","inLanguage":"da-DK","@id":"https:\/\/kunmedierne.dk\/thy\/#\/schema\/person\/image\/","url":"https:\/\/secure.gravatar.com\/avatar\/18a5c72fa9148052fd3ed5a58b40fc83cfdc9811090e6e6eec9539af058edcc0?s=96&d=mm&r=g","contentUrl":"https:\/\/secure.gravatar.com\/avatar\/18a5c72fa9148052fd3ed5a58b40fc83cfdc9811090e6e6eec9539af058edcc0?s=96&d=mm&r=g","caption":"Katrine Hedegaard"},"url":"https:\/\/kunmedierne.dk\/thy\/author\/katrine\/"}]}},"_links":{"self":[{"href":"https:\/\/kunmedierne.dk\/thy\/wp-json\/wp\/v2\/posts\/18384","targetHints":{"allow":["GET"]}}],"collection":[{"href":"https:\/\/kunmedierne.dk\/thy\/wp-json\/wp\/v2\/posts"}],"about":[{"href":"https:\/\/kunmedierne.dk\/thy\/wp-json\/wp\/v2\/types\/post"}],"author":[{"embeddable":true,"href":"https:\/\/kunmedierne.dk\/thy\/wp-json\/wp\/v2\/users\/2507"}],"replies":[{"embeddable":true,"href":"https:\/\/kunmedierne.dk\/thy\/wp-json\/wp\/v2\/comments?post=18384"}],"version-history":[{"count":3,"href":"https:\/\/kunmedierne.dk\/thy\/wp-json\/wp\/v2\/posts\/18384\/revisions"}],"predecessor-version":[{"id":18386,"href":"https:\/\/kunmedierne.dk\/thy\/wp-json\/wp\/v2\/posts\/18384\/revisions\/18386"}],"wp:attachment":[{"href":"https:\/\/kunmedierne.dk\/thy\/wp-json\/wp\/v2\/media?parent=18384"}],"wp:term":[{"taxonomy":"category","embeddable":true,"href":"https:\/\/kunmedierne.dk\/thy\/wp-json\/wp\/v2\/categories?post=18384"},{"taxonomy":"post_tag","embeddable":true,"href":"https:\/\/kunmedierne.dk\/thy\/wp-json\/wp\/v2\/tags?post=18384"}],"curies":[{"name":"wp","href":"https:\/\/api.w.org\/{rel}","templated":true}]}}