{"id":1838,"date":"2025-04-14T14:00:05","date_gmt":"2025-04-14T12:00:05","guid":{"rendered":"https:\/\/kunmedierne.dk\/thy\/?p=1838"},"modified":"2025-04-14T13:35:57","modified_gmt":"2025-04-14T11:35:57","slug":"jeg-har-vaeret-vant-til-at-sige-goddag-til-folk-hver-dag","status":"publish","type":"post","link":"https:\/\/kunmedierne.dk\/thy\/jeg-har-vaeret-vant-til-at-sige-goddag-til-folk-hver-dag\/","title":{"rendered":"&#8211; Jeg har v\u00e6ret vant til at sige goddag til folk hver dag"},"content":{"rendered":"<p><strong>SNEDSTED:<\/strong> Hver mandag morgen m\u00f8des de i Snedsted Hallens cafeteria til morgenkaffe og rundstykker. Efter et par sange fordeler seniorerne sig p\u00e5 forskellige aktiviteter.<\/p>\n<p>Der er stolegymnastik i den lille hal, fitness i motionscentret eller kortspil og billard. Senere p\u00e5 formiddagen er der seniordans i minihallen.<\/p>\n<a class=\"dvrt-link\" onClick=\"cdmtrack_click(685,jQuery(this));return false\" href=\"https:\/\/wensien.dk\/begravelse\/?gad_source=1&gclid=Cj0KCQjwtJ6_BhDWARIsAGanmKcWw6hbeoepGti1oApJGHln52gMbg8EBRZ86__3P1AJZ5dcsw4ZvNEaAk7JEALw_wcB\"><img decoding=\"async\" style=\"width:100%;\" src=\"https:\/\/kunmedierne.dk\/thy\/wp-content\/uploads\/sites\/2\/2025\/03\/wensien-stenhugger.jpg\"><\/a><script>cdmtrack_view(685);<\/script>\n<p>&#8211; Vi har en masse socialt samv\u00e6r og motion. Det er virkelig godt, og vi er nok 55-60 deltagere hver gang, siger Mona Svaneborg.<\/p>\n<p>Hun er formand i SGIF Senior Idr\u00e6t, der i \u00f8vrigt er ved at udvide viften af aktiviteter med floorball og pickleball.<\/p>\n<p>&nbsp;<\/p>\n<p><strong>Lokale folk<\/strong><\/p>\n<p>Det er overvejende folk fra Snedsted, Sundby og Stenbjerg, der deltager i mandagsaktiviteterne.<\/p>\n<p>Mona Svanborg fort\u00e6ller, at hun besluttede sig til at v\u00e6re med, da hun i 2014 var stoppet p\u00e5 arbejdsmarkedet.<\/p>\n<p>&#8211; Jeg arbejdede i Koldby Brugs og Spar i 43 \u00e5r, s\u00e5 jeg har v\u00e6ret vant til at sige goddag til folk hver dag. Da jeg gik p\u00e5 efterl\u00f8n, manglede jeg det at snakke med folk.<\/p>\n<a class=\"dvrt-link\" onClick=\"cdmtrack_click(685,jQuery(this));return false\" href=\"https:\/\/wensien.dk\/begravelse\/?gad_source=1&gclid=Cj0KCQjwtJ6_BhDWARIsAGanmKcWw6hbeoepGti1oApJGHln52gMbg8EBRZ86__3P1AJZ5dcsw4ZvNEaAk7JEALw_wcB\"><img decoding=\"async\" style=\"width:100%;\" src=\"https:\/\/kunmedierne.dk\/thy\/wp-content\/uploads\/sites\/2\/2025\/03\/wensien-stenhugger.jpg\"><\/a><script>cdmtrack_view(685);<\/script>\n<p>Mona Svaneborg er lige blevet valgt til formand p\u00e5 generalforsamlingen. \u00d8vrige medlemmer af bestyrelsen er Erling Have, Ingrid Nielsen, Lone Overgaard og Anna Kirstine Madsen.<\/p>\n<p>Hun fort\u00e6ller, at Senior Idr\u00e6t i Snedsted har omkring 100 medlemmer, hvilket i \u00f8vrigt har v\u00e6ret stabilt siden 2012.<\/p>\n<p>&nbsp;<\/p>\n<p><strong>Plads til flere<\/strong><\/p>\n<p>Formanden understreger, at der er plads til flere. F\u00f8dselsattesten bliver ikke studeret, s\u00e5 eneste krav er, at man har tid til at komme mandag formiddag.<\/p>\n<a class=\"dvrt-link\" onClick=\"cdmtrack_click(4416,jQuery(this));return false\" href=\"https:\/\/sdrhaa.dk\/\"><img decoding=\"async\" style=\"width:100%;\" src=\"https:\/\/kunmedierne.dk\/thy\/wp-content\/uploads\/sites\/2\/2025\/05\/260302Din-gebyrvenlige-sparekasse_SHS_Thy-1.gif\"><\/a><script>cdmtrack_view(4416);<\/script>\n<p>Kontingentet koster 300 kroner om \u00e5ret.<\/p>\n<p>Kaffe og rundstykker koster 20 kroner pr. gang.<\/p>\n<p>Og til maj er der mulighed for at deltage i den bustur, der arrangeres i SGIF Senior Idr\u00e6t.<\/p>\n<p>&nbsp;<\/p>\n<div id=\"attachment_1847\" style=\"width: 1242px\" class=\"wp-caption alignnone\"><img loading=\"lazy\" decoding=\"async\" aria-describedby=\"caption-attachment-1847\" class=\"wp-image-1847 size-full\" src=\"https:\/\/kunmedierne.dk\/thy\/wp-content\/uploads\/sites\/2\/2025\/04\/Design-uden-navn-26.jpg\" alt=\"\" width=\"1232\" height=\"821\" srcset=\"https:\/\/kunmedierne.dk\/thy\/wp-content\/uploads\/sites\/2\/2025\/04\/Design-uden-navn-26.jpg 1232w, https:\/\/kunmedierne.dk\/thy\/wp-content\/uploads\/sites\/2\/2025\/04\/Design-uden-navn-26-300x200.jpg 300w, https:\/\/kunmedierne.dk\/thy\/wp-content\/uploads\/sites\/2\/2025\/04\/Design-uden-navn-26-1024x682.jpg 1024w, https:\/\/kunmedierne.dk\/thy\/wp-content\/uploads\/sites\/2\/2025\/04\/Design-uden-navn-26-510x340.jpg 510w\" sizes=\"auto, (max-width: 1232px) 100vw, 1232px\" \/><p id=\"caption-attachment-1847\" class=\"wp-caption-text\">Det spilles 500 ved dette bord. Fra vestre Mona, Hanne, Jens, Mette og Inga. Foto: Lone L\u00e6rke Krog.<\/p><\/div>\n<p>&nbsp;<\/p>\n","protected":false},"excerpt":{"rendered":"<p>SNEDSTED: Hver mandag morgen m\u00f8des de i Snedsted Hallens cafeteria til morgenkaffe og rundstykker. Efter et par sange fordeler seniorerne sig p\u00e5 forskellige aktiviteter. Der er stolegymnastik i den lille hal, fitness i motionscentret eller kortspil og billard. Senere p\u00e5 formiddagen er der seniordans i minihallen. &#8211; Vi har en masse socialt samv\u00e6r og motion. [&hellip;]<\/p>\n","protected":false},"author":1925,"featured_media":0,"comment_status":"closed","ping_status":"closed","sticky":false,"template":"","format":"standard","meta":{"_acf_changed":false,"footnotes":""},"categories":[24],"tags":[67,38],"class_list":["post-1838","post","type-post","status-publish","format-standard","hentry","category-lokalt","tag-fritidstilbud","tag-mennesker"],"acf":[],"yoast_head":"<!-- This site is optimized with the Yoast SEO plugin v26.8 - https:\/\/yoast.com\/product\/yoast-seo-wordpress\/ -->\n<title>- Jeg har v\u00e6ret vant til at sige goddag til folk hver dag - Thy<\/title>\n<meta name=\"robots\" content=\"index, follow, max-snippet:-1, max-image-preview:large, max-video-preview:-1\" \/>\n<link rel=\"canonical\" href=\"https:\/\/kunmedierne.dk\/thy\/jeg-har-vaeret-vant-til-at-sige-goddag-til-folk-hver-dag\/\" \/>\n<meta property=\"og:locale\" content=\"da_DK\" \/>\n<meta property=\"og:type\" content=\"article\" \/>\n<meta property=\"og:title\" content=\"- Jeg har v\u00e6ret vant til at sige goddag til folk hver dag - Thy\" \/>\n<meta property=\"og:description\" content=\"SNEDSTED: Hver mandag morgen m\u00f8des de i Snedsted Hallens cafeteria til morgenkaffe og rundstykker. Efter et par sange fordeler seniorerne sig p\u00e5 forskellige aktiviteter. Der er stolegymnastik i den lille hal, fitness i motionscentret eller kortspil og billard. Senere p\u00e5 formiddagen er der seniordans i minihallen. &#8211; Vi har en masse socialt samv\u00e6r og motion. [&hellip;]\" \/>\n<meta property=\"og:url\" content=\"https:\/\/kunmedierne.dk\/thy\/jeg-har-vaeret-vant-til-at-sige-goddag-til-folk-hver-dag\/\" \/>\n<meta property=\"og:site_name\" content=\"Thy\" \/>\n<meta property=\"article:published_time\" content=\"2025-04-14T12:00:05+00:00\" \/>\n<meta property=\"og:image\" content=\"https:\/\/kunmedierne.dk\/thy\/wp-content\/uploads\/sites\/2\/2025\/04\/Design-uden-navn-26.jpg\" \/>\n<meta name=\"author\" content=\"Lone L\u00e6rke Krog\" \/>\n<meta name=\"twitter:card\" content=\"summary_large_image\" \/>\n<meta name=\"twitter:label1\" content=\"Skrevet af\" \/>\n\t<meta name=\"twitter:data1\" content=\"Lone L\u00e6rke Krog\" \/>\n\t<meta name=\"twitter:label2\" content=\"Estimeret l\u00e6setid\" \/>\n\t<meta name=\"twitter:data2\" content=\"2 minutter\" \/>\n<script type=\"application\/ld+json\" class=\"yoast-schema-graph\">{\"@context\":\"https:\/\/schema.org\",\"@graph\":[{\"@type\":\"Article\",\"@id\":\"https:\/\/kunmedierne.dk\/thy\/jeg-har-vaeret-vant-til-at-sige-goddag-til-folk-hver-dag\/#article\",\"isPartOf\":{\"@id\":\"https:\/\/kunmedierne.dk\/thy\/jeg-har-vaeret-vant-til-at-sige-goddag-til-folk-hver-dag\/\"},\"author\":{\"name\":\"Lone L\u00e6rke Krog\",\"@id\":\"https:\/\/kunmedierne.dk\/thy\/#\/schema\/person\/d266634ba6550d075ecf540d63b245d2\"},\"headline\":\"&#8211; Jeg har v\u00e6ret vant til at sige goddag til folk hver dag\",\"datePublished\":\"2025-04-14T12:00:05+00:00\",\"mainEntityOfPage\":{\"@id\":\"https:\/\/kunmedierne.dk\/thy\/jeg-har-vaeret-vant-til-at-sige-goddag-til-folk-hver-dag\/\"},\"wordCount\":319,\"publisher\":{\"@id\":\"https:\/\/kunmedierne.dk\/thy\/#organization\"},\"image\":{\"@id\":\"https:\/\/kunmedierne.dk\/thy\/jeg-har-vaeret-vant-til-at-sige-goddag-til-folk-hver-dag\/#primaryimage\"},\"thumbnailUrl\":\"https:\/\/kunmedierne.dk\/thy\/wp-content\/uploads\/sites\/2\/2025\/04\/Design-uden-navn-26.jpg\",\"keywords\":[\"Fritidstilbud\",\"Mennesker\"],\"articleSection\":[\"Lokalt\"],\"inLanguage\":\"da-DK\"},{\"@type\":\"WebPage\",\"@id\":\"https:\/\/kunmedierne.dk\/thy\/jeg-har-vaeret-vant-til-at-sige-goddag-til-folk-hver-dag\/\",\"url\":\"https:\/\/kunmedierne.dk\/thy\/jeg-har-vaeret-vant-til-at-sige-goddag-til-folk-hver-dag\/\",\"name\":\"- Jeg har v\u00e6ret vant til at sige goddag til folk hver dag - Thy\",\"isPartOf\":{\"@id\":\"https:\/\/kunmedierne.dk\/thy\/#website\"},\"primaryImageOfPage\":{\"@id\":\"https:\/\/kunmedierne.dk\/thy\/jeg-har-vaeret-vant-til-at-sige-goddag-til-folk-hver-dag\/#primaryimage\"},\"image\":{\"@id\":\"https:\/\/kunmedierne.dk\/thy\/jeg-har-vaeret-vant-til-at-sige-goddag-til-folk-hver-dag\/#primaryimage\"},\"thumbnailUrl\":\"https:\/\/kunmedierne.dk\/thy\/wp-content\/uploads\/sites\/2\/2025\/04\/Design-uden-navn-26.jpg\",\"datePublished\":\"2025-04-14T12:00:05+00:00\",\"breadcrumb\":{\"@id\":\"https:\/\/kunmedierne.dk\/thy\/jeg-har-vaeret-vant-til-at-sige-goddag-til-folk-hver-dag\/#breadcrumb\"},\"inLanguage\":\"da-DK\",\"potentialAction\":[{\"@type\":\"ReadAction\",\"target\":[\"https:\/\/kunmedierne.dk\/thy\/jeg-har-vaeret-vant-til-at-sige-goddag-til-folk-hver-dag\/\"]}]},{\"@type\":\"ImageObject\",\"inLanguage\":\"da-DK\",\"@id\":\"https:\/\/kunmedierne.dk\/thy\/jeg-har-vaeret-vant-til-at-sige-goddag-til-folk-hver-dag\/#primaryimage\",\"url\":\"https:\/\/kunmedierne.dk\/thy\/wp-content\/uploads\/sites\/2\/2025\/04\/Design-uden-navn-26.jpg\",\"contentUrl\":\"https:\/\/kunmedierne.dk\/thy\/wp-content\/uploads\/sites\/2\/2025\/04\/Design-uden-navn-26.jpg\",\"width\":1232,\"height\":821},{\"@type\":\"BreadcrumbList\",\"@id\":\"https:\/\/kunmedierne.dk\/thy\/jeg-har-vaeret-vant-til-at-sige-goddag-til-folk-hver-dag\/#breadcrumb\",\"itemListElement\":[{\"@type\":\"ListItem\",\"position\":1,\"name\":\"Home\",\"item\":\"https:\/\/kunmedierne.dk\/thy\/\"},{\"@type\":\"ListItem\",\"position\":2,\"name\":\"&#8211; Jeg har v\u00e6ret vant til at sige goddag til folk hver dag\"}]},{\"@type\":\"WebSite\",\"@id\":\"https:\/\/kunmedierne.dk\/thy\/#website\",\"url\":\"https:\/\/kunmedierne.dk\/thy\/\",\"name\":\"Thy\",\"description\":\"et netmedie med journalistik om livet i Thy\",\"publisher\":{\"@id\":\"https:\/\/kunmedierne.dk\/thy\/#organization\"},\"potentialAction\":[{\"@type\":\"SearchAction\",\"target\":{\"@type\":\"EntryPoint\",\"urlTemplate\":\"https:\/\/kunmedierne.dk\/thy\/?s={search_term_string}\"},\"query-input\":{\"@type\":\"PropertyValueSpecification\",\"valueRequired\":true,\"valueName\":\"search_term_string\"}}],\"inLanguage\":\"da-DK\"},{\"@type\":\"Organization\",\"@id\":\"https:\/\/kunmedierne.dk\/thy\/#organization\",\"name\":\"Thy\",\"url\":\"https:\/\/kunmedierne.dk\/thy\/\",\"logo\":{\"@type\":\"ImageObject\",\"inLanguage\":\"da-DK\",\"@id\":\"https:\/\/kunmedierne.dk\/thy\/#\/schema\/logo\/image\/\",\"url\":\"https:\/\/kunmedierne.dk\/thy\/wp-content\/uploads\/sites\/2\/2025\/04\/kunthy-logo.svg\",\"contentUrl\":\"https:\/\/kunmedierne.dk\/thy\/wp-content\/uploads\/sites\/2\/2025\/04\/kunthy-logo.svg\",\"caption\":\"Thy\"},\"image\":{\"@id\":\"https:\/\/kunmedierne.dk\/thy\/#\/schema\/logo\/image\/\"}},{\"@type\":\"Person\",\"@id\":\"https:\/\/kunmedierne.dk\/thy\/#\/schema\/person\/d266634ba6550d075ecf540d63b245d2\",\"name\":\"Lone L\u00e6rke Krog\",\"image\":{\"@type\":\"ImageObject\",\"inLanguage\":\"da-DK\",\"@id\":\"https:\/\/kunmedierne.dk\/thy\/#\/schema\/person\/image\/\",\"url\":\"https:\/\/secure.gravatar.com\/avatar\/496ddc7080e56b4ac64cfd4e56bd6d1ee396fa3db1923aa22f11346f60bb135b?s=96&d=mm&r=g\",\"contentUrl\":\"https:\/\/secure.gravatar.com\/avatar\/496ddc7080e56b4ac64cfd4e56bd6d1ee396fa3db1923aa22f11346f60bb135b?s=96&d=mm&r=g\",\"caption\":\"Lone L\u00e6rke Krog\"},\"url\":\"https:\/\/kunmedierne.dk\/thy\/author\/llk\/\"}]}<\/script>\n<!-- \/ Yoast SEO plugin. -->","yoast_head_json":{"title":"- Jeg har v\u00e6ret vant til at sige goddag til folk hver dag - Thy","robots":{"index":"index","follow":"follow","max-snippet":"max-snippet:-1","max-image-preview":"max-image-preview:large","max-video-preview":"max-video-preview:-1"},"canonical":"https:\/\/kunmedierne.dk\/thy\/jeg-har-vaeret-vant-til-at-sige-goddag-til-folk-hver-dag\/","og_locale":"da_DK","og_type":"article","og_title":"- Jeg har v\u00e6ret vant til at sige goddag til folk hver dag - Thy","og_description":"SNEDSTED: Hver mandag morgen m\u00f8des de i Snedsted Hallens cafeteria til morgenkaffe og rundstykker. Efter et par sange fordeler seniorerne sig p\u00e5 forskellige aktiviteter. Der er stolegymnastik i den lille hal, fitness i motionscentret eller kortspil og billard. Senere p\u00e5 formiddagen er der seniordans i minihallen. &#8211; Vi har en masse socialt samv\u00e6r og motion. [&hellip;]","og_url":"https:\/\/kunmedierne.dk\/thy\/jeg-har-vaeret-vant-til-at-sige-goddag-til-folk-hver-dag\/","og_site_name":"Thy","article_published_time":"2025-04-14T12:00:05+00:00","og_image":[{"url":"https:\/\/kunmedierne.dk\/thy\/wp-content\/uploads\/sites\/2\/2025\/04\/Design-uden-navn-26.jpg","type":"","width":"","height":""}],"author":"Lone L\u00e6rke Krog","twitter_card":"summary_large_image","twitter_misc":{"Skrevet af":"Lone L\u00e6rke Krog","Estimeret l\u00e6setid":"2 minutter"},"schema":{"@context":"https:\/\/schema.org","@graph":[{"@type":"Article","@id":"https:\/\/kunmedierne.dk\/thy\/jeg-har-vaeret-vant-til-at-sige-goddag-til-folk-hver-dag\/#article","isPartOf":{"@id":"https:\/\/kunmedierne.dk\/thy\/jeg-har-vaeret-vant-til-at-sige-goddag-til-folk-hver-dag\/"},"author":{"name":"Lone L\u00e6rke Krog","@id":"https:\/\/kunmedierne.dk\/thy\/#\/schema\/person\/d266634ba6550d075ecf540d63b245d2"},"headline":"&#8211; Jeg har v\u00e6ret vant til at sige goddag til folk hver dag","datePublished":"2025-04-14T12:00:05+00:00","mainEntityOfPage":{"@id":"https:\/\/kunmedierne.dk\/thy\/jeg-har-vaeret-vant-til-at-sige-goddag-til-folk-hver-dag\/"},"wordCount":319,"publisher":{"@id":"https:\/\/kunmedierne.dk\/thy\/#organization"},"image":{"@id":"https:\/\/kunmedierne.dk\/thy\/jeg-har-vaeret-vant-til-at-sige-goddag-til-folk-hver-dag\/#primaryimage"},"thumbnailUrl":"https:\/\/kunmedierne.dk\/thy\/wp-content\/uploads\/sites\/2\/2025\/04\/Design-uden-navn-26.jpg","keywords":["Fritidstilbud","Mennesker"],"articleSection":["Lokalt"],"inLanguage":"da-DK"},{"@type":"WebPage","@id":"https:\/\/kunmedierne.dk\/thy\/jeg-har-vaeret-vant-til-at-sige-goddag-til-folk-hver-dag\/","url":"https:\/\/kunmedierne.dk\/thy\/jeg-har-vaeret-vant-til-at-sige-goddag-til-folk-hver-dag\/","name":"- Jeg har v\u00e6ret vant til at sige goddag til folk hver dag - Thy","isPartOf":{"@id":"https:\/\/kunmedierne.dk\/thy\/#website"},"primaryImageOfPage":{"@id":"https:\/\/kunmedierne.dk\/thy\/jeg-har-vaeret-vant-til-at-sige-goddag-til-folk-hver-dag\/#primaryimage"},"image":{"@id":"https:\/\/kunmedierne.dk\/thy\/jeg-har-vaeret-vant-til-at-sige-goddag-til-folk-hver-dag\/#primaryimage"},"thumbnailUrl":"https:\/\/kunmedierne.dk\/thy\/wp-content\/uploads\/sites\/2\/2025\/04\/Design-uden-navn-26.jpg","datePublished":"2025-04-14T12:00:05+00:00","breadcrumb":{"@id":"https:\/\/kunmedierne.dk\/thy\/jeg-har-vaeret-vant-til-at-sige-goddag-til-folk-hver-dag\/#breadcrumb"},"inLanguage":"da-DK","potentialAction":[{"@type":"ReadAction","target":["https:\/\/kunmedierne.dk\/thy\/jeg-har-vaeret-vant-til-at-sige-goddag-til-folk-hver-dag\/"]}]},{"@type":"ImageObject","inLanguage":"da-DK","@id":"https:\/\/kunmedierne.dk\/thy\/jeg-har-vaeret-vant-til-at-sige-goddag-til-folk-hver-dag\/#primaryimage","url":"https:\/\/kunmedierne.dk\/thy\/wp-content\/uploads\/sites\/2\/2025\/04\/Design-uden-navn-26.jpg","contentUrl":"https:\/\/kunmedierne.dk\/thy\/wp-content\/uploads\/sites\/2\/2025\/04\/Design-uden-navn-26.jpg","width":1232,"height":821},{"@type":"BreadcrumbList","@id":"https:\/\/kunmedierne.dk\/thy\/jeg-har-vaeret-vant-til-at-sige-goddag-til-folk-hver-dag\/#breadcrumb","itemListElement":[{"@type":"ListItem","position":1,"name":"Home","item":"https:\/\/kunmedierne.dk\/thy\/"},{"@type":"ListItem","position":2,"name":"&#8211; Jeg har v\u00e6ret vant til at sige goddag til folk hver dag"}]},{"@type":"WebSite","@id":"https:\/\/kunmedierne.dk\/thy\/#website","url":"https:\/\/kunmedierne.dk\/thy\/","name":"Thy","description":"et netmedie med journalistik om livet i Thy","publisher":{"@id":"https:\/\/kunmedierne.dk\/thy\/#organization"},"potentialAction":[{"@type":"SearchAction","target":{"@type":"EntryPoint","urlTemplate":"https:\/\/kunmedierne.dk\/thy\/?s={search_term_string}"},"query-input":{"@type":"PropertyValueSpecification","valueRequired":true,"valueName":"search_term_string"}}],"inLanguage":"da-DK"},{"@type":"Organization","@id":"https:\/\/kunmedierne.dk\/thy\/#organization","name":"Thy","url":"https:\/\/kunmedierne.dk\/thy\/","logo":{"@type":"ImageObject","inLanguage":"da-DK","@id":"https:\/\/kunmedierne.dk\/thy\/#\/schema\/logo\/image\/","url":"https:\/\/kunmedierne.dk\/thy\/wp-content\/uploads\/sites\/2\/2025\/04\/kunthy-logo.svg","contentUrl":"https:\/\/kunmedierne.dk\/thy\/wp-content\/uploads\/sites\/2\/2025\/04\/kunthy-logo.svg","caption":"Thy"},"image":{"@id":"https:\/\/kunmedierne.dk\/thy\/#\/schema\/logo\/image\/"}},{"@type":"Person","@id":"https:\/\/kunmedierne.dk\/thy\/#\/schema\/person\/d266634ba6550d075ecf540d63b245d2","name":"Lone L\u00e6rke Krog","image":{"@type":"ImageObject","inLanguage":"da-DK","@id":"https:\/\/kunmedierne.dk\/thy\/#\/schema\/person\/image\/","url":"https:\/\/secure.gravatar.com\/avatar\/496ddc7080e56b4ac64cfd4e56bd6d1ee396fa3db1923aa22f11346f60bb135b?s=96&d=mm&r=g","contentUrl":"https:\/\/secure.gravatar.com\/avatar\/496ddc7080e56b4ac64cfd4e56bd6d1ee396fa3db1923aa22f11346f60bb135b?s=96&d=mm&r=g","caption":"Lone L\u00e6rke Krog"},"url":"https:\/\/kunmedierne.dk\/thy\/author\/llk\/"}]}},"_links":{"self":[{"href":"https:\/\/kunmedierne.dk\/thy\/wp-json\/wp\/v2\/posts\/1838","targetHints":{"allow":["GET"]}}],"collection":[{"href":"https:\/\/kunmedierne.dk\/thy\/wp-json\/wp\/v2\/posts"}],"about":[{"href":"https:\/\/kunmedierne.dk\/thy\/wp-json\/wp\/v2\/types\/post"}],"author":[{"embeddable":true,"href":"https:\/\/kunmedierne.dk\/thy\/wp-json\/wp\/v2\/users\/1925"}],"replies":[{"embeddable":true,"href":"https:\/\/kunmedierne.dk\/thy\/wp-json\/wp\/v2\/comments?post=1838"}],"version-history":[{"count":7,"href":"https:\/\/kunmedierne.dk\/thy\/wp-json\/wp\/v2\/posts\/1838\/revisions"}],"predecessor-version":[{"id":1848,"href":"https:\/\/kunmedierne.dk\/thy\/wp-json\/wp\/v2\/posts\/1838\/revisions\/1848"}],"wp:attachment":[{"href":"https:\/\/kunmedierne.dk\/thy\/wp-json\/wp\/v2\/media?parent=1838"}],"wp:term":[{"taxonomy":"category","embeddable":true,"href":"https:\/\/kunmedierne.dk\/thy\/wp-json\/wp\/v2\/categories?post=1838"},{"taxonomy":"post_tag","embeddable":true,"href":"https:\/\/kunmedierne.dk\/thy\/wp-json\/wp\/v2\/tags?post=1838"}],"curies":[{"name":"wp","href":"https:\/\/api.w.org\/{rel}","templated":true}]}}