{"id":18362,"date":"2026-03-04T19:01:20","date_gmt":"2026-03-04T18:01:20","guid":{"rendered":"https:\/\/kunmedierne.dk\/thy\/?p=18362"},"modified":"2026-03-04T11:01:38","modified_gmt":"2026-03-04T10:01:38","slug":"feriepartner-thy-stoetter-gode-ideer-og-lokalt-initiativ","status":"publish","type":"post","link":"https:\/\/kunmedierne.dk\/thy\/feriepartner-thy-stoetter-gode-ideer-og-lokalt-initiativ\/","title":{"rendered":"Feriepartner Thy st\u00f8tter gode ideer og lokalt initiativ"},"content":{"rendered":"<p>THY: For 9. \u00e5r i tr\u00e6k uddeler Feriepartner mere end 1 million kroner til lokale projekter fra sin landsd\u00e6kkende Oplevelsespulje, der skaber v\u00e6rdi for b\u00e5de ferieg\u00e6ster og fastboende i hele landet.<\/p>\n<a class=\"dvrt-link\" onClick=\"cdmtrack_click(689,jQuery(this));return false\" href=\"https:\/\/www.thistedbolig.dk\"><img decoding=\"async\" style=\"width:100%;\" src=\"https:\/\/kunmedierne.dk\/thy\/wp-content\/uploads\/sites\/2\/2025\/03\/260414ThistedBoligApril-opslag-002-1.jpg\"><\/a><script>cdmtrack_view(689);<\/script>\n<p>Oplevelsespuljen administreres af Feriepartners 38 lokale bureauer landet over. Midlerne fordeles til b\u00e5de sm\u00e5 og st\u00f8rre projekter, der underst\u00f8tter turisme, f\u00e6llesskab og lokal udvikling.<\/p>\n<p>Hos Feriepartner Thy gl\u00e6der man sig over igen at kunne bakke op om lokale kr\u00e6fter. Udlejningsbureauet har tidligere givet donationer til KYST Festival, Vorup\u00f8r Havb\u00e5de og Den historiske Sti i Agger\/T\u00e5bel, fremg\u00e5r det af en pressemeddelelse.<\/p>\n<a class=\"dvrt-link\" onClick=\"cdmtrack_click(683,jQuery(this));return false\" href=\"https:\/\/vester-begr.dk\/?utm_source=google&amp;utm_medium=advative&amp;gad_source=1&amp;gclid=Cj0KCQjwtJ6_BhDWARIsAGanmKfl-hGVVjCYiOgSKoGoxrow4kvXybZsnruKJYTslvqZDywT6a9PCQwaAmBjEALw_wcB\"><img decoding=\"async\" style=\"width:100%;\" src=\"https:\/\/kunmedierne.dk\/thy\/wp-content\/uploads\/sites\/2\/2025\/03\/260203VesterHoukaer-02022026.jpg\"><\/a><script>cdmtrack_view(683);<\/script>\n<p>&#8211; Vi er b\u00e5de stolte og imponerede over de mange ildsj\u00e6le, der skaber liv og udvikling i vores lokalomr\u00e5der. Nu \u00e5bner vi igen for ans\u00f8gninger til Feriepartner Thys Oplevelsespulje, og vi h\u00e5ber at h\u00f8re fra ildsj\u00e6le, der br\u00e6nder for at g\u00f8re en forskel og skabe oplevelser til gl\u00e6de for b\u00e5de g\u00e6ster og lokale, siger bureauleder Hanna Amdisen hos Feriepartner Thy.<\/p>\n<p>Fristen for at ans\u00f8ge om st\u00f8tte fra puljen er 15. april. Ans\u00f8gningen skal sendes til det lokale Feriepartnerbureau senest den dato. De projekter, der modtager st\u00f8tte, offentligg\u00f8res i maj.<\/p>\n","protected":false},"excerpt":{"rendered":"<p>THY: For 9. \u00e5r i tr\u00e6k uddeler Feriepartner mere end 1 million kroner til lokale projekter fra sin landsd\u00e6kkende Oplevelsespulje, der skaber v\u00e6rdi for b\u00e5de ferieg\u00e6ster og fastboende i hele landet. Oplevelsespuljen administreres af Feriepartners 38 lokale bureauer landet over. Midlerne fordeles til b\u00e5de sm\u00e5 og st\u00f8rre projekter, der underst\u00f8tter turisme, f\u00e6llesskab og lokal udvikling. [&hellip;]<\/p>\n","protected":false},"author":4535,"featured_media":0,"comment_status":"closed","ping_status":"closed","sticky":false,"template":"","format":"standard","meta":{"_acf_changed":false,"footnotes":""},"categories":[24],"tags":[66],"class_list":["post-18362","post","type-post","status-publish","format-standard","hentry","category-lokalt","tag-turisme"],"acf":[],"yoast_head":"<!-- This site is optimized with the Yoast SEO plugin v26.8 - https:\/\/yoast.com\/product\/yoast-seo-wordpress\/ -->\n<title>Feriepartner Thy st\u00f8tter gode ideer og lokalt initiativ - Thy<\/title>\n<meta name=\"robots\" content=\"index, follow, max-snippet:-1, max-image-preview:large, max-video-preview:-1\" \/>\n<link rel=\"canonical\" href=\"https:\/\/kunmedierne.dk\/thy\/feriepartner-thy-stoetter-gode-ideer-og-lokalt-initiativ\/\" \/>\n<meta property=\"og:locale\" content=\"da_DK\" \/>\n<meta property=\"og:type\" content=\"article\" \/>\n<meta property=\"og:title\" content=\"Feriepartner Thy st\u00f8tter gode ideer og lokalt initiativ - Thy\" \/>\n<meta property=\"og:description\" content=\"THY: For 9. \u00e5r i tr\u00e6k uddeler Feriepartner mere end 1 million kroner til lokale projekter fra sin landsd\u00e6kkende Oplevelsespulje, der skaber v\u00e6rdi for b\u00e5de ferieg\u00e6ster og fastboende i hele landet. Oplevelsespuljen administreres af Feriepartners 38 lokale bureauer landet over. Midlerne fordeles til b\u00e5de sm\u00e5 og st\u00f8rre projekter, der underst\u00f8tter turisme, f\u00e6llesskab og lokal udvikling. [&hellip;]\" \/>\n<meta property=\"og:url\" content=\"https:\/\/kunmedierne.dk\/thy\/feriepartner-thy-stoetter-gode-ideer-og-lokalt-initiativ\/\" \/>\n<meta property=\"og:site_name\" content=\"Thy\" \/>\n<meta property=\"article:published_time\" content=\"2026-03-04T18:01:20+00:00\" \/>\n<meta name=\"author\" content=\"Jens Fogh Andersen\" \/>\n<meta name=\"twitter:card\" content=\"summary_large_image\" \/>\n<meta name=\"twitter:label1\" content=\"Skrevet af\" \/>\n\t<meta name=\"twitter:data1\" content=\"Jens Fogh Andersen\" \/>\n\t<meta name=\"twitter:label2\" content=\"Estimeret l\u00e6setid\" \/>\n\t<meta name=\"twitter:data2\" content=\"1 minut\" \/>\n<script type=\"application\/ld+json\" class=\"yoast-schema-graph\">{\"@context\":\"https:\/\/schema.org\",\"@graph\":[{\"@type\":\"Article\",\"@id\":\"https:\/\/kunmedierne.dk\/thy\/feriepartner-thy-stoetter-gode-ideer-og-lokalt-initiativ\/#article\",\"isPartOf\":{\"@id\":\"https:\/\/kunmedierne.dk\/thy\/feriepartner-thy-stoetter-gode-ideer-og-lokalt-initiativ\/\"},\"author\":{\"name\":\"Jens Fogh Andersen\",\"@id\":\"https:\/\/kunmedierne.dk\/thy\/#\/schema\/person\/88f5be46809ca2a5533760eb574fef93\"},\"headline\":\"Feriepartner Thy st\u00f8tter gode ideer og lokalt initiativ\",\"datePublished\":\"2026-03-04T18:01:20+00:00\",\"mainEntityOfPage\":{\"@id\":\"https:\/\/kunmedierne.dk\/thy\/feriepartner-thy-stoetter-gode-ideer-og-lokalt-initiativ\/\"},\"wordCount\":222,\"publisher\":{\"@id\":\"https:\/\/kunmedierne.dk\/thy\/#organization\"},\"keywords\":[\"Turisme\"],\"articleSection\":[\"Lokalt\"],\"inLanguage\":\"da-DK\"},{\"@type\":\"WebPage\",\"@id\":\"https:\/\/kunmedierne.dk\/thy\/feriepartner-thy-stoetter-gode-ideer-og-lokalt-initiativ\/\",\"url\":\"https:\/\/kunmedierne.dk\/thy\/feriepartner-thy-stoetter-gode-ideer-og-lokalt-initiativ\/\",\"name\":\"Feriepartner Thy st\u00f8tter gode ideer og lokalt initiativ - Thy\",\"isPartOf\":{\"@id\":\"https:\/\/kunmedierne.dk\/thy\/#website\"},\"datePublished\":\"2026-03-04T18:01:20+00:00\",\"breadcrumb\":{\"@id\":\"https:\/\/kunmedierne.dk\/thy\/feriepartner-thy-stoetter-gode-ideer-og-lokalt-initiativ\/#breadcrumb\"},\"inLanguage\":\"da-DK\",\"potentialAction\":[{\"@type\":\"ReadAction\",\"target\":[\"https:\/\/kunmedierne.dk\/thy\/feriepartner-thy-stoetter-gode-ideer-og-lokalt-initiativ\/\"]}]},{\"@type\":\"BreadcrumbList\",\"@id\":\"https:\/\/kunmedierne.dk\/thy\/feriepartner-thy-stoetter-gode-ideer-og-lokalt-initiativ\/#breadcrumb\",\"itemListElement\":[{\"@type\":\"ListItem\",\"position\":1,\"name\":\"Home\",\"item\":\"https:\/\/kunmedierne.dk\/thy\/\"},{\"@type\":\"ListItem\",\"position\":2,\"name\":\"Feriepartner Thy st\u00f8tter gode ideer og lokalt initiativ\"}]},{\"@type\":\"WebSite\",\"@id\":\"https:\/\/kunmedierne.dk\/thy\/#website\",\"url\":\"https:\/\/kunmedierne.dk\/thy\/\",\"name\":\"Thy\",\"description\":\"et netmedie med journalistik om livet i Thy\",\"publisher\":{\"@id\":\"https:\/\/kunmedierne.dk\/thy\/#organization\"},\"potentialAction\":[{\"@type\":\"SearchAction\",\"target\":{\"@type\":\"EntryPoint\",\"urlTemplate\":\"https:\/\/kunmedierne.dk\/thy\/?s={search_term_string}\"},\"query-input\":{\"@type\":\"PropertyValueSpecification\",\"valueRequired\":true,\"valueName\":\"search_term_string\"}}],\"inLanguage\":\"da-DK\"},{\"@type\":\"Organization\",\"@id\":\"https:\/\/kunmedierne.dk\/thy\/#organization\",\"name\":\"Thy\",\"url\":\"https:\/\/kunmedierne.dk\/thy\/\",\"logo\":{\"@type\":\"ImageObject\",\"inLanguage\":\"da-DK\",\"@id\":\"https:\/\/kunmedierne.dk\/thy\/#\/schema\/logo\/image\/\",\"url\":\"https:\/\/kunmedierne.dk\/thy\/wp-content\/uploads\/sites\/2\/2025\/04\/kunthy-logo.svg\",\"contentUrl\":\"https:\/\/kunmedierne.dk\/thy\/wp-content\/uploads\/sites\/2\/2025\/04\/kunthy-logo.svg\",\"caption\":\"Thy\"},\"image\":{\"@id\":\"https:\/\/kunmedierne.dk\/thy\/#\/schema\/logo\/image\/\"}},{\"@type\":\"Person\",\"@id\":\"https:\/\/kunmedierne.dk\/thy\/#\/schema\/person\/88f5be46809ca2a5533760eb574fef93\",\"name\":\"Jens Fogh Andersen\",\"image\":{\"@type\":\"ImageObject\",\"inLanguage\":\"da-DK\",\"@id\":\"https:\/\/kunmedierne.dk\/thy\/#\/schema\/person\/image\/\",\"url\":\"https:\/\/secure.gravatar.com\/avatar\/2b367a4ef139b1c41dccc9ee7af926b81f8b4cca3359772e86c7fd5ced26c0a3?s=96&d=mm&r=g\",\"contentUrl\":\"https:\/\/secure.gravatar.com\/avatar\/2b367a4ef139b1c41dccc9ee7af926b81f8b4cca3359772e86c7fd5ced26c0a3?s=96&d=mm&r=g\",\"caption\":\"Jens Fogh Andersen\"},\"url\":\"https:\/\/kunmedierne.dk\/thy\/author\/jfa\/\"}]}<\/script>\n<!-- \/ Yoast SEO plugin. -->","yoast_head_json":{"title":"Feriepartner Thy st\u00f8tter gode ideer og lokalt initiativ - Thy","robots":{"index":"index","follow":"follow","max-snippet":"max-snippet:-1","max-image-preview":"max-image-preview:large","max-video-preview":"max-video-preview:-1"},"canonical":"https:\/\/kunmedierne.dk\/thy\/feriepartner-thy-stoetter-gode-ideer-og-lokalt-initiativ\/","og_locale":"da_DK","og_type":"article","og_title":"Feriepartner Thy st\u00f8tter gode ideer og lokalt initiativ - Thy","og_description":"THY: For 9. \u00e5r i tr\u00e6k uddeler Feriepartner mere end 1 million kroner til lokale projekter fra sin landsd\u00e6kkende Oplevelsespulje, der skaber v\u00e6rdi for b\u00e5de ferieg\u00e6ster og fastboende i hele landet. Oplevelsespuljen administreres af Feriepartners 38 lokale bureauer landet over. Midlerne fordeles til b\u00e5de sm\u00e5 og st\u00f8rre projekter, der underst\u00f8tter turisme, f\u00e6llesskab og lokal udvikling. [&hellip;]","og_url":"https:\/\/kunmedierne.dk\/thy\/feriepartner-thy-stoetter-gode-ideer-og-lokalt-initiativ\/","og_site_name":"Thy","article_published_time":"2026-03-04T18:01:20+00:00","author":"Jens Fogh Andersen","twitter_card":"summary_large_image","twitter_misc":{"Skrevet af":"Jens Fogh Andersen","Estimeret l\u00e6setid":"1 minut"},"schema":{"@context":"https:\/\/schema.org","@graph":[{"@type":"Article","@id":"https:\/\/kunmedierne.dk\/thy\/feriepartner-thy-stoetter-gode-ideer-og-lokalt-initiativ\/#article","isPartOf":{"@id":"https:\/\/kunmedierne.dk\/thy\/feriepartner-thy-stoetter-gode-ideer-og-lokalt-initiativ\/"},"author":{"name":"Jens Fogh Andersen","@id":"https:\/\/kunmedierne.dk\/thy\/#\/schema\/person\/88f5be46809ca2a5533760eb574fef93"},"headline":"Feriepartner Thy st\u00f8tter gode ideer og lokalt initiativ","datePublished":"2026-03-04T18:01:20+00:00","mainEntityOfPage":{"@id":"https:\/\/kunmedierne.dk\/thy\/feriepartner-thy-stoetter-gode-ideer-og-lokalt-initiativ\/"},"wordCount":222,"publisher":{"@id":"https:\/\/kunmedierne.dk\/thy\/#organization"},"keywords":["Turisme"],"articleSection":["Lokalt"],"inLanguage":"da-DK"},{"@type":"WebPage","@id":"https:\/\/kunmedierne.dk\/thy\/feriepartner-thy-stoetter-gode-ideer-og-lokalt-initiativ\/","url":"https:\/\/kunmedierne.dk\/thy\/feriepartner-thy-stoetter-gode-ideer-og-lokalt-initiativ\/","name":"Feriepartner Thy st\u00f8tter gode ideer og lokalt initiativ - Thy","isPartOf":{"@id":"https:\/\/kunmedierne.dk\/thy\/#website"},"datePublished":"2026-03-04T18:01:20+00:00","breadcrumb":{"@id":"https:\/\/kunmedierne.dk\/thy\/feriepartner-thy-stoetter-gode-ideer-og-lokalt-initiativ\/#breadcrumb"},"inLanguage":"da-DK","potentialAction":[{"@type":"ReadAction","target":["https:\/\/kunmedierne.dk\/thy\/feriepartner-thy-stoetter-gode-ideer-og-lokalt-initiativ\/"]}]},{"@type":"BreadcrumbList","@id":"https:\/\/kunmedierne.dk\/thy\/feriepartner-thy-stoetter-gode-ideer-og-lokalt-initiativ\/#breadcrumb","itemListElement":[{"@type":"ListItem","position":1,"name":"Home","item":"https:\/\/kunmedierne.dk\/thy\/"},{"@type":"ListItem","position":2,"name":"Feriepartner Thy st\u00f8tter gode ideer og lokalt initiativ"}]},{"@type":"WebSite","@id":"https:\/\/kunmedierne.dk\/thy\/#website","url":"https:\/\/kunmedierne.dk\/thy\/","name":"Thy","description":"et netmedie med journalistik om livet i Thy","publisher":{"@id":"https:\/\/kunmedierne.dk\/thy\/#organization"},"potentialAction":[{"@type":"SearchAction","target":{"@type":"EntryPoint","urlTemplate":"https:\/\/kunmedierne.dk\/thy\/?s={search_term_string}"},"query-input":{"@type":"PropertyValueSpecification","valueRequired":true,"valueName":"search_term_string"}}],"inLanguage":"da-DK"},{"@type":"Organization","@id":"https:\/\/kunmedierne.dk\/thy\/#organization","name":"Thy","url":"https:\/\/kunmedierne.dk\/thy\/","logo":{"@type":"ImageObject","inLanguage":"da-DK","@id":"https:\/\/kunmedierne.dk\/thy\/#\/schema\/logo\/image\/","url":"https:\/\/kunmedierne.dk\/thy\/wp-content\/uploads\/sites\/2\/2025\/04\/kunthy-logo.svg","contentUrl":"https:\/\/kunmedierne.dk\/thy\/wp-content\/uploads\/sites\/2\/2025\/04\/kunthy-logo.svg","caption":"Thy"},"image":{"@id":"https:\/\/kunmedierne.dk\/thy\/#\/schema\/logo\/image\/"}},{"@type":"Person","@id":"https:\/\/kunmedierne.dk\/thy\/#\/schema\/person\/88f5be46809ca2a5533760eb574fef93","name":"Jens Fogh Andersen","image":{"@type":"ImageObject","inLanguage":"da-DK","@id":"https:\/\/kunmedierne.dk\/thy\/#\/schema\/person\/image\/","url":"https:\/\/secure.gravatar.com\/avatar\/2b367a4ef139b1c41dccc9ee7af926b81f8b4cca3359772e86c7fd5ced26c0a3?s=96&d=mm&r=g","contentUrl":"https:\/\/secure.gravatar.com\/avatar\/2b367a4ef139b1c41dccc9ee7af926b81f8b4cca3359772e86c7fd5ced26c0a3?s=96&d=mm&r=g","caption":"Jens Fogh Andersen"},"url":"https:\/\/kunmedierne.dk\/thy\/author\/jfa\/"}]}},"_links":{"self":[{"href":"https:\/\/kunmedierne.dk\/thy\/wp-json\/wp\/v2\/posts\/18362","targetHints":{"allow":["GET"]}}],"collection":[{"href":"https:\/\/kunmedierne.dk\/thy\/wp-json\/wp\/v2\/posts"}],"about":[{"href":"https:\/\/kunmedierne.dk\/thy\/wp-json\/wp\/v2\/types\/post"}],"author":[{"embeddable":true,"href":"https:\/\/kunmedierne.dk\/thy\/wp-json\/wp\/v2\/users\/4535"}],"replies":[{"embeddable":true,"href":"https:\/\/kunmedierne.dk\/thy\/wp-json\/wp\/v2\/comments?post=18362"}],"version-history":[{"count":3,"href":"https:\/\/kunmedierne.dk\/thy\/wp-json\/wp\/v2\/posts\/18362\/revisions"}],"predecessor-version":[{"id":18370,"href":"https:\/\/kunmedierne.dk\/thy\/wp-json\/wp\/v2\/posts\/18362\/revisions\/18370"}],"wp:attachment":[{"href":"https:\/\/kunmedierne.dk\/thy\/wp-json\/wp\/v2\/media?parent=18362"}],"wp:term":[{"taxonomy":"category","embeddable":true,"href":"https:\/\/kunmedierne.dk\/thy\/wp-json\/wp\/v2\/categories?post=18362"},{"taxonomy":"post_tag","embeddable":true,"href":"https:\/\/kunmedierne.dk\/thy\/wp-json\/wp\/v2\/tags?post=18362"}],"curies":[{"name":"wp","href":"https:\/\/api.w.org\/{rel}","templated":true}]}}