{"id":18116,"date":"2026-02-28T06:30:04","date_gmt":"2026-02-28T05:30:04","guid":{"rendered":"https:\/\/kunmedierne.dk\/thy\/?p=18116"},"modified":"2026-03-02T08:37:40","modified_gmt":"2026-03-02T07:37:40","slug":"naboskepsis-over-plan-om-stor-svinefarm-i-tangrimme","status":"publish","type":"post","link":"https:\/\/kunmedierne.dk\/thy\/naboskepsis-over-plan-om-stor-svinefarm-i-tangrimme\/","title":{"rendered":"Naboskepsis over plan om stor svinefarm i Tangrimme"},"content":{"rendered":"<p><strong>BALLERUM<\/strong>: &#8211; Jeg er ikke imod landbrug generelt. Jeg er heller ikke mod udvikling. Jeg lever selv af erhvervet til hverdag &#8211; som traktormekaniker. Men det er som nabo jeg er skeptisk &#8211; over for et barmarksprojekt i den st\u00f8rrelse &#8211; at det bliver Danmarks st\u00f8rste svinehus. Det er ikke lige det, man dr\u00f8mmer om.<\/p>\n<p>S\u00e5dan lyder det fra Mathias Skadhauge, der selv er vokset op p\u00e5 en g\u00e5rd og i dag bor p\u00e5 en mindre ejendom med hobbylandbrug i Ballerum sammen med sin hustru, Marie, og deres tre b\u00f8rn.<\/p>\n<p>Mathias Skadhauge har henvendt sig til KunThy efter at han har l\u00e6st om de planer, som landmand Thomas Kristoffersen, Skinnerup, har om at bygge et staldanl\u00e6g til produktion af 100.000 slagtesvin om \u00e5ret p\u00e5 adressen Tangrimme 13B.<\/p>\n<p>&#8211; Jeg undrer mig over, at der ikke er nogen, der tager kontakt til os naboer, s\u00e5 man kan h\u00f8re vores mening, skrev Mathias Skadhauge i en besked til KunThy.<\/p>\n<a class=\"dvrt-link\" onClick=\"cdmtrack_click(689,jQuery(this));return false\" href=\"https:\/\/www.thistedbolig.dk\"><img decoding=\"async\" style=\"width:100%;\" src=\"https:\/\/kunmedierne.dk\/thy\/wp-content\/uploads\/sites\/2\/2025\/03\/260414ThistedBoligApril-opslag-002-1.jpg\"><\/a><script>cdmtrack_view(689);<\/script>\n<p>Jo, KunThy vil gerne belyse sagen fra alle vinkler. S\u00e5 vi aftaler et bes\u00f8g hos Mathias og Marie Skadhauge, Tangrimme 5, hvor ogs\u00e5 flere af naboerne dukker op for at fort\u00e6lle om de bekymringer, de har ved udsigten til en svineproduktion, der betegnes som et af de st\u00f8rste i landet &#8211; og vil v\u00e6re det st\u00f8rste anl\u00e6g i Thy.<\/p>\n<div id=\"attachment_18197\" style=\"width: 1242px\" class=\"wp-caption alignnone\"><img loading=\"lazy\" decoding=\"async\" aria-describedby=\"caption-attachment-18197\" class=\"wp-image-18197 size-full\" src=\"https:\/\/kunmedierne.dk\/thy\/wp-content\/uploads\/sites\/2\/2026\/02\/Unavngivet-1232-x-802-px-2026-02-27T133403.548.jpg\" alt=\"\" width=\"1232\" height=\"802\" srcset=\"https:\/\/kunmedierne.dk\/thy\/wp-content\/uploads\/sites\/2\/2026\/02\/Unavngivet-1232-x-802-px-2026-02-27T133403.548.jpg 1232w, https:\/\/kunmedierne.dk\/thy\/wp-content\/uploads\/sites\/2\/2026\/02\/Unavngivet-1232-x-802-px-2026-02-27T133403.548-300x195.jpg 300w, https:\/\/kunmedierne.dk\/thy\/wp-content\/uploads\/sites\/2\/2026\/02\/Unavngivet-1232-x-802-px-2026-02-27T133403.548-1024x667.jpg 1024w, https:\/\/kunmedierne.dk\/thy\/wp-content\/uploads\/sites\/2\/2026\/02\/Unavngivet-1232-x-802-px-2026-02-27T133403.548-510x332.jpg 510w\" sizes=\"auto, (max-width: 1232px) 100vw, 1232px\" \/><p id=\"caption-attachment-18197\" class=\"wp-caption-text\">Beboerne p\u00e5 Ballerum har ofte en anledning til at m\u00f8des ved kaffebordet og dr\u00f8fte lokalsamfundets udfordringer i form af projekter. Foto: Lone L\u00e6rke Krog.<\/p><\/div>\n<p>Vi tager en runde ved kaffebordet.<\/p>\n<p>Henning Frost, der er f\u00f8dt p\u00e5 Ballerum, bor p\u00e5 Tangrimme 7 &#8211; f\u00e5 hundrede meter fra det sted, hvor svinefarmen t\u00e6nkes opf\u00f8rt.<\/p>\n<p>&#8211; Jeg synes, Thomas Kristoffersen skulle bygge hjemme hos sig selv. Han har masser af jord, siger Henning Frost, der selv har et landbrug og har lejet det ud til planteavl.<\/p>\n<a class=\"dvrt-link\" onClick=\"cdmtrack_click(4416,jQuery(this));return false\" href=\"https:\/\/sdrhaa.dk\/\"><img decoding=\"async\" style=\"width:100%;\" src=\"https:\/\/kunmedierne.dk\/thy\/wp-content\/uploads\/sites\/2\/2025\/05\/260302Din-gebyrvenlige-sparekasse_SHS_Thy-1.gif\"><\/a><script>cdmtrack_view(4416);<\/script>\n<p>Hanne Kristensen bor p\u00e5 Tangrimme 28 (sammen med sin mand, Henrik). De har et hobbylandbrug og har boet der i 35 \u00e5r.<\/p>\n<p>&#8211; Jeg t\u00e6nker lidt ved al den transport, der bliver. Kan de sm\u00e5 veje holde til det?, sp\u00f8rger hun.<\/p>\n<p>Michael Smed, Tangrimme 23:<\/p>\n<p>&#8211; Jeg har lidt tanker om lugten. Vi bor i vindretningen.<\/p>\n<p>Anita Bislev bor p\u00e5 Skradek\u00e6r, cirka en kilometer fra det sted, hvor staldanl\u00e6gget efter planen skal opf\u00f8res. Hendes bekymring handler om ejendomsv\u00e6rdien i et omr\u00e5de, hvor der er rift om arealerne &#8211; til solceller, v\u00e5domr\u00e5de, r\u00e5stoffer og nu ogs\u00e5 staldanl\u00e6g.<\/p>\n<p>&#8211; Jeg f\u00f8ler mig stavnsbundet. Hvem gider k\u00f8be vores hus, n\u00e5r der sker alt muligt tr\u00e6ls?, sp\u00f8rger hun.<\/p>\n<a class=\"dvrt-link\" onClick=\"cdmtrack_click(687,jQuery(this));return false\" href=\"https:\/\/konpap.dk\/?gad_source=1&gclid=Cj0KCQjwtJ6_BhDWARIsAGanmKfOBLC3RBm6obWL5sEb-mp4bsp5QjqWW4j4nx22y0YT2iMiXJcv3MoaApR_EALw_wcB\"><img decoding=\"async\" style=\"width:100%;\" src=\"https:\/\/kunmedierne.dk\/thy\/wp-content\/uploads\/sites\/2\/2025\/03\/redoffice.jpg\"><\/a><script>cdmtrack_view(687);<\/script>\n<p>Peter Enevoldsen, Tangg\u00e5rdsvej 10:.<\/p>\n<p>&#8211; Jeg har samme holdning som Henning. Svineproducenten kan vel bygge der, hvor han bor.<\/p>\n<p>\u00c6gtef\u00e6llen Gitte Enevoldsen har gjort sig mange tanker om st\u00f8j fra skrigende grise, lugtgener og belastning af vejene. Og s\u00e5 bekymrer hun sig om dyrevelf\u00e6rden.<\/p>\n<p>&#8211; Jeg er selv landmandsuddannet, men jeg er ikke sikker p\u00e5, at dyrene har det godt i s\u00e5dan en stald.<\/p>\n<p>Mathias Skadhauge mener ikke, at vejnettet i Ballerum kan holde til en belastning med 2746 lastbiltransporter om \u00e5ret (53 om ugen), s\u00e5dan som det er beskrevet i den ans\u00f8gning, som landmand Thomas Kristoffersen har sendt ind til Thisted Kommune.<\/p>\n<p><a href=\"https:\/\/kunmedierne.dk\/thy\/vejbelastning-fra-ny-svinefarm-53-lastbiltransporter-om-ugen\/\">L\u00e6s her om arten af transporter til og fra svinefarmen.<\/a><\/p>\n<p>&#8211; Vejene vil blive \u00f8delagte, de er ikke gearet til det, siger Mathias, der ogs\u00e5 er bekymret for trafiksikkerheden p\u00e5 de smalle veje for sine tre b\u00f8rn, der g\u00e5r i skole i Hillerslev, fem kilometer v\u00e6k.<\/p>\n<a class=\"dvrt-link\" onClick=\"cdmtrack_click(687,jQuery(this));return false\" href=\"https:\/\/konpap.dk\/?gad_source=1&gclid=Cj0KCQjwtJ6_BhDWARIsAGanmKfOBLC3RBm6obWL5sEb-mp4bsp5QjqWW4j4nx22y0YT2iMiXJcv3MoaApR_EALw_wcB\"><img decoding=\"async\" style=\"width:100%;\" src=\"https:\/\/kunmedierne.dk\/thy\/wp-content\/uploads\/sites\/2\/2025\/03\/redoffice.jpg\"><\/a><script>cdmtrack_view(687);<\/script>\n<p>Mathias fremh\u00e6ver ogs\u00e5 det uhensigtsm\u00e6ssige i at placere en storproduktion af grise i netop dette omr\u00e5de, der ligger s\u00e5 lavt.<\/p>\n<p>&#8211; Det er meget ulogisk at placere s\u00e5 stort et landbrug p\u00e5 jord, der er kunstigt afvandet og ligger forholdsvis t\u00e6t p\u00e5 Kl\u00f8v \u00e5.<\/p>\n<div id=\"attachment_18198\" style=\"width: 1242px\" class=\"wp-caption alignnone\"><img loading=\"lazy\" decoding=\"async\" aria-describedby=\"caption-attachment-18198\" class=\"wp-image-18198 size-full\" src=\"https:\/\/kunmedierne.dk\/thy\/wp-content\/uploads\/sites\/2\/2026\/02\/Unavngivet-1232-x-802-px-2026-02-27T133245.805.jpg\" alt=\"\" width=\"1232\" height=\"802\" srcset=\"https:\/\/kunmedierne.dk\/thy\/wp-content\/uploads\/sites\/2\/2026\/02\/Unavngivet-1232-x-802-px-2026-02-27T133245.805.jpg 1232w, https:\/\/kunmedierne.dk\/thy\/wp-content\/uploads\/sites\/2\/2026\/02\/Unavngivet-1232-x-802-px-2026-02-27T133245.805-300x195.jpg 300w, https:\/\/kunmedierne.dk\/thy\/wp-content\/uploads\/sites\/2\/2026\/02\/Unavngivet-1232-x-802-px-2026-02-27T133245.805-1024x667.jpg 1024w, https:\/\/kunmedierne.dk\/thy\/wp-content\/uploads\/sites\/2\/2026\/02\/Unavngivet-1232-x-802-px-2026-02-27T133245.805-510x332.jpg 510w\" sizes=\"auto, (max-width: 1232px) 100vw, 1232px\" \/><p id=\"caption-attachment-18198\" class=\"wp-caption-text\">Mathias Skadhauge bor ikke s\u00e6rlig langt fra Kl\u00f8v \u00c5, der afvander det lavtliggende omr\u00e5de og flyder ud i Stor\u00e5en og Limfjorden. Her ses han med s\u00f8nnen Magnus. I baggrunden omr\u00e5det, hvor der Danmarks st\u00f8rste svinefarm t\u00e6nkes etableret. Foto: Lone L\u00e6rke Krog<\/p><\/div>\n<p>Han peger ogs\u00e5 p\u00e5 risikoen for oversv\u00f8mmelser af omr\u00e5det som f\u00f8lge af klimaforandringer:<\/p>\n<p>&#8211; Dyrevelf\u00e6rdsm\u00e6ssigt forst\u00e5r jeg ikke logikken i at placere en stald i et omr\u00e5de, der har betydelig risiko for at blive oversv\u00f8mmet, siger han.<\/p>\n<p>Marie Skadhauge supplerer med sine hverdagsbetragtninger af jordens generelle fugtighed:<\/p>\n<p>&#8211; N\u00e5r de snitter majs herude p\u00e5 markerne, er det tit, at landbrugsmaskinerne sidder fast, siger hun og tilf\u00f8jer, at grundvandet steg op, da familien i sin tid ville grave trampolinen 70 cm ned i jorden.<\/p>\n<a class=\"dvrt-link\" onClick=\"cdmtrack_click(1130,jQuery(this));return false\" href=\"https:\/\/www.thistedforsikring.dk\/?utm_source=partnerskaber&amp;utm_campaign=kun_thy\"><img decoding=\"async\" style=\"width:100%;\" src=\"https:\/\/kunmedierne.dk\/thy\/wp-content\/uploads\/sites\/2\/2025\/04\/260409KunThyThisted-For-1.png\"><\/a><script>cdmtrack_view(1130);<\/script>\n<p>Henning Frost, der jo er f\u00f8dt og opvokset i omr\u00e5det, kan huske, da pumpestationen blev etableret sidst i 1950&#8217;erne. Dr\u00e6ningen af omr\u00e5det bet\u00f8d, at vandstanden blev s\u00e6nket med halvanden meter.<\/p>\n<div id=\"attachment_18199\" style=\"width: 1242px\" class=\"wp-caption alignnone\"><img loading=\"lazy\" decoding=\"async\" aria-describedby=\"caption-attachment-18199\" class=\"wp-image-18199 size-full\" src=\"https:\/\/kunmedierne.dk\/thy\/wp-content\/uploads\/sites\/2\/2026\/02\/Unavngivet-1232-x-802-px-2026-02-27T133321.195.jpg\" alt=\"\" width=\"1232\" height=\"802\" srcset=\"https:\/\/kunmedierne.dk\/thy\/wp-content\/uploads\/sites\/2\/2026\/02\/Unavngivet-1232-x-802-px-2026-02-27T133321.195.jpg 1232w, https:\/\/kunmedierne.dk\/thy\/wp-content\/uploads\/sites\/2\/2026\/02\/Unavngivet-1232-x-802-px-2026-02-27T133321.195-300x195.jpg 300w, https:\/\/kunmedierne.dk\/thy\/wp-content\/uploads\/sites\/2\/2026\/02\/Unavngivet-1232-x-802-px-2026-02-27T133321.195-1024x667.jpg 1024w, https:\/\/kunmedierne.dk\/thy\/wp-content\/uploads\/sites\/2\/2026\/02\/Unavngivet-1232-x-802-px-2026-02-27T133321.195-510x332.jpg 510w\" sizes=\"auto, (max-width: 1232px) 100vw, 1232px\" \/><p id=\"caption-attachment-18199\" class=\"wp-caption-text\">Pumpestationen p\u00e5 Ballerum blev etableret i midten af sidste \u00e5rhundrede. Foto: Lone L\u00e6rke Krog.<\/p><\/div>\n<p>&#8211; F\u00f8r i tiden l\u00f8b vi p\u00e5 sk\u00f8jter til Hunstrup, fort\u00e6ller han.<\/p>\n<p>Rundt om bordet er der bekymring for, hvad der vil ske, hvis der ved et uheld sker et gylleudslip fra et eventuelt kommende staldanl\u00e6g, hvor der er planlagt med en gyllekapacitet til to uger.<\/p>\n<p>&#8211; Jeg er ikke imod udvikling af landbruget, men jeg synes, han skulle finde en placering, hvor grundvandet ikke st\u00e5r s\u00e5 h\u00f8jt, lyder det fra Erland Jensen, Tved &#8211; tilflytter for 52 \u00e5r siden.<\/p>\n<p>Nabogruppen i Ballerum F\u00e6lles- og Beboerforening m\u00f8des j\u00e6vnligt til sociale aktiviteter, men de senere \u00e5r sker det ikke sj\u00e6ldent, at anledningen er planlagte anl\u00e6g og \u00e6ndringer i omr\u00e5det. Indvinding af r\u00e5stoffer og forunders\u00f8gelse til lavbundsomr\u00e5de som del af Gr\u00f8n Trepart. Senest har der v\u00e6ret m\u00f8de om et solcelleprojekt i et omr\u00e5de p\u00e5 159 hektar, der planl\u00e6gges opf\u00f8rt af Copenhagen Energy. Den plan bakker de fleste op om, idet der er mulighed for \u00f8konomisk kompensation for dem, der bor t\u00e6t ved.<\/p>\n<a class=\"dvrt-link\" onClick=\"cdmtrack_click(685,jQuery(this));return false\" href=\"https:\/\/wensien.dk\/begravelse\/?gad_source=1&gclid=Cj0KCQjwtJ6_BhDWARIsAGanmKcWw6hbeoepGti1oApJGHln52gMbg8EBRZ86__3P1AJZ5dcsw4ZvNEaAk7JEALw_wcB\"><img decoding=\"async\" style=\"width:100%;\" src=\"https:\/\/kunmedierne.dk\/thy\/wp-content\/uploads\/sites\/2\/2025\/03\/wensien-stenhugger.jpg\"><\/a><script>cdmtrack_view(685);<\/script>\n<p>Svinefarmen er der til geng\u00e6ld ingen fordele ved for naboerne. For dem er scenariet alt andet end rart at t\u00e6nke p\u00e5.<\/p>\n<p>&#8211; Man kan ikke undg\u00e5 at blive p\u00e5virket af det. Og t\u00e6nke p\u00e5, hvad det betyder for ejendomsv\u00e6rdien og v\u00e6rdien ved at bo her i fremtiden. Vi synes jo, det er et flot omr\u00e5de, som vi gerne vil bevare nogenlunde som det er. Men vi vil hellere have et v\u00e5domr\u00e5de end en svinefabrik, siger Mathias Skadhauge &#8211; med henvisning til det aktuelle forunders\u00f8gelsesprojekt om at opgive landbrugsdrift i en del af Stor\u00e5dalen.<\/p>\n<p><a href=\"https:\/\/kunmedierne.dk\/thy\/422-lodsejere-involveres-i-vaadomraadeprojekt-ved-storaaen\/\">L\u00e6s mere om Stor\u00e5-projektet.<\/a><\/p>\n<p>De n\u00e6rmeste naboer til en planlagt svineproduktion i Ballerum &#8211; nemlig Tangrimme 13 &#8211; 594 meter fra staldanl\u00e6g til beboelse &#8211; kunne ikke v\u00e6re med til kaffem\u00f8det hos Mathias og Marie Skadhauge. De har sendt nogle skriftlige betragtninger om en r\u00e6kke forhold, der taler imod en tilladelse af husdyrholdet.<\/p>\n<a class=\"dvrt-link\" onClick=\"cdmtrack_click(687,jQuery(this));return false\" href=\"https:\/\/konpap.dk\/?gad_source=1&gclid=Cj0KCQjwtJ6_BhDWARIsAGanmKfOBLC3RBm6obWL5sEb-mp4bsp5QjqWW4j4nx22y0YT2iMiXJcv3MoaApR_EALw_wcB\"><img decoding=\"async\" style=\"width:100%;\" src=\"https:\/\/kunmedierne.dk\/thy\/wp-content\/uploads\/sites\/2\/2025\/03\/redoffice.jpg\"><\/a><script>cdmtrack_view(687);<\/script>\n<p>I milj\u00f8konsekvensrapporten, der er udarbejdet af Thomas Kristoffersens r\u00e5dgiver hos Fjordland, st\u00e5r der eksempelvis p\u00e5 side 37:\u00a0 \u201dLugtkravene er ikke overholdt til beboelsen Tangrimme 13 if\u00f8lge den generelle beregning i Husdyrgodkendelsen.dk, som ikke tager h\u00f8jde for vindretningen og placering&#8221;. For naboerne er det sv\u00e6rt at gennemskue de tekniske beregninger, der medf\u00f8rer en anden konklusion senere i rapporten: &#8220;Lugtkravet ved Tangrimme 13 er s\u00e5ledes overholdt\u201d. Til det siger naboerne i Tangrimme 13:<\/p>\n<p>&#8211; Beboerne i Tangrimme 13 \u00f8nsker at kunne benytte hele deres grund uden lugtgener !!<\/p>\n<p>De peger ogs\u00e5 p\u00e5 risikoen for gylleudslip og st\u00f8j fra transport af grise.<\/p>\n<p>&#8211; Dette er et lokal samfund, som ikke \u00f8nsker yderligere trafik, st\u00f8j og lugtgener, konkluderer beboerne p\u00e5 Tangrimme 13.<\/p>\n<p>Naboerne samlet i stuen hos Mathias Skadhauge er sp\u00e6ndte p\u00e5, om kommunens milj\u00f8vurdering ender med en tilladelse til svineproduktionen i Ballerum. H\u00e5bet om en afsl\u00f8ring, der kan bremse projektet, lever. Og udtrykkes af Erland Jensen:<\/p>\n<p>&#8211; Kan man ikke finde en sj\u00e6lden art? En vandst\u00e6r, en isfugl, en orkid\u00e9?<\/p>\n<p><a href=\"https:\/\/kunmedierne.dk\/thy\/landmand-tangrimme-er-et-ideelt-sted-til-nye-svinestalde\/\">L\u00e6s om landmand Thomas Kristoffersens plan her.<\/a><\/p>\n","protected":false},"excerpt":{"rendered":"<p>BALLERUM: &#8211; Jeg er ikke imod landbrug generelt. Jeg er heller ikke mod udvikling. Jeg lever selv af erhvervet til hverdag &#8211; som traktormekaniker. Men det er som nabo jeg er skeptisk &#8211; over for et barmarksprojekt i den st\u00f8rrelse &#8211; at det bliver Danmarks st\u00f8rste svinehus. Det er ikke lige det, man dr\u00f8mmer om. [&hellip;]<\/p>\n","protected":false},"author":1925,"featured_media":0,"comment_status":"closed","ping_status":"closed","sticky":false,"template":"","format":"standard","meta":{"_acf_changed":false,"footnotes":""},"categories":[24],"tags":[70,38,48],"class_list":["post-18116","post","type-post","status-publish","format-standard","hentry","category-lokalt","tag-landbrug","tag-mennesker","tag-miljoe"],"acf":[],"yoast_head":"<!-- This site is optimized with the Yoast SEO plugin v26.8 - https:\/\/yoast.com\/product\/yoast-seo-wordpress\/ -->\n<title>Naboskepsis over plan om stor svinefarm i Tangrimme - Thy<\/title>\n<meta name=\"robots\" content=\"index, follow, max-snippet:-1, max-image-preview:large, max-video-preview:-1\" \/>\n<link rel=\"canonical\" href=\"https:\/\/kunmedierne.dk\/thy\/naboskepsis-over-plan-om-stor-svinefarm-i-tangrimme\/\" \/>\n<meta property=\"og:locale\" content=\"da_DK\" \/>\n<meta property=\"og:type\" content=\"article\" \/>\n<meta property=\"og:title\" content=\"Naboskepsis over plan om stor svinefarm i Tangrimme - Thy\" \/>\n<meta property=\"og:description\" content=\"BALLERUM: &#8211; Jeg er ikke imod landbrug generelt. Jeg er heller ikke mod udvikling. Jeg lever selv af erhvervet til hverdag &#8211; som traktormekaniker. Men det er som nabo jeg er skeptisk &#8211; over for et barmarksprojekt i den st\u00f8rrelse &#8211; at det bliver Danmarks st\u00f8rste svinehus. Det er ikke lige det, man dr\u00f8mmer om. [&hellip;]\" \/>\n<meta property=\"og:url\" content=\"https:\/\/kunmedierne.dk\/thy\/naboskepsis-over-plan-om-stor-svinefarm-i-tangrimme\/\" \/>\n<meta property=\"og:site_name\" content=\"Thy\" \/>\n<meta property=\"article:published_time\" content=\"2026-02-28T05:30:04+00:00\" \/>\n<meta property=\"article:modified_time\" content=\"2026-03-02T07:37:40+00:00\" \/>\n<meta property=\"og:image\" content=\"https:\/\/kunmedierne.dk\/thy\/wp-content\/uploads\/sites\/2\/2026\/02\/Unavngivet-1232-x-802-px-2026-02-27T133403.548.jpg\" \/>\n<meta name=\"author\" content=\"Lone L\u00e6rke Krog\" \/>\n<meta name=\"twitter:card\" content=\"summary_large_image\" \/>\n<meta name=\"twitter:label1\" content=\"Skrevet af\" \/>\n\t<meta name=\"twitter:data1\" content=\"Lone L\u00e6rke Krog\" \/>\n\t<meta name=\"twitter:label2\" content=\"Estimeret l\u00e6setid\" \/>\n\t<meta name=\"twitter:data2\" content=\"8 minutter\" \/>\n<script type=\"application\/ld+json\" class=\"yoast-schema-graph\">{\"@context\":\"https:\/\/schema.org\",\"@graph\":[{\"@type\":\"Article\",\"@id\":\"https:\/\/kunmedierne.dk\/thy\/naboskepsis-over-plan-om-stor-svinefarm-i-tangrimme\/#article\",\"isPartOf\":{\"@id\":\"https:\/\/kunmedierne.dk\/thy\/naboskepsis-over-plan-om-stor-svinefarm-i-tangrimme\/\"},\"author\":{\"name\":\"Lone L\u00e6rke Krog\",\"@id\":\"https:\/\/kunmedierne.dk\/thy\/#\/schema\/person\/d266634ba6550d075ecf540d63b245d2\"},\"headline\":\"Naboskepsis over plan om stor svinefarm i Tangrimme\",\"datePublished\":\"2026-02-28T05:30:04+00:00\",\"dateModified\":\"2026-03-02T07:37:40+00:00\",\"mainEntityOfPage\":{\"@id\":\"https:\/\/kunmedierne.dk\/thy\/naboskepsis-over-plan-om-stor-svinefarm-i-tangrimme\/\"},\"wordCount\":1412,\"publisher\":{\"@id\":\"https:\/\/kunmedierne.dk\/thy\/#organization\"},\"image\":{\"@id\":\"https:\/\/kunmedierne.dk\/thy\/naboskepsis-over-plan-om-stor-svinefarm-i-tangrimme\/#primaryimage\"},\"thumbnailUrl\":\"https:\/\/kunmedierne.dk\/thy\/wp-content\/uploads\/sites\/2\/2026\/02\/Unavngivet-1232-x-802-px-2026-02-27T133403.548.jpg\",\"keywords\":[\"Landbrug\",\"Mennesker\",\"Milj\u00f8\"],\"articleSection\":[\"Lokalt\"],\"inLanguage\":\"da-DK\"},{\"@type\":\"WebPage\",\"@id\":\"https:\/\/kunmedierne.dk\/thy\/naboskepsis-over-plan-om-stor-svinefarm-i-tangrimme\/\",\"url\":\"https:\/\/kunmedierne.dk\/thy\/naboskepsis-over-plan-om-stor-svinefarm-i-tangrimme\/\",\"name\":\"Naboskepsis over plan om stor svinefarm i Tangrimme - Thy\",\"isPartOf\":{\"@id\":\"https:\/\/kunmedierne.dk\/thy\/#website\"},\"primaryImageOfPage\":{\"@id\":\"https:\/\/kunmedierne.dk\/thy\/naboskepsis-over-plan-om-stor-svinefarm-i-tangrimme\/#primaryimage\"},\"image\":{\"@id\":\"https:\/\/kunmedierne.dk\/thy\/naboskepsis-over-plan-om-stor-svinefarm-i-tangrimme\/#primaryimage\"},\"thumbnailUrl\":\"https:\/\/kunmedierne.dk\/thy\/wp-content\/uploads\/sites\/2\/2026\/02\/Unavngivet-1232-x-802-px-2026-02-27T133403.548.jpg\",\"datePublished\":\"2026-02-28T05:30:04+00:00\",\"dateModified\":\"2026-03-02T07:37:40+00:00\",\"breadcrumb\":{\"@id\":\"https:\/\/kunmedierne.dk\/thy\/naboskepsis-over-plan-om-stor-svinefarm-i-tangrimme\/#breadcrumb\"},\"inLanguage\":\"da-DK\",\"potentialAction\":[{\"@type\":\"ReadAction\",\"target\":[\"https:\/\/kunmedierne.dk\/thy\/naboskepsis-over-plan-om-stor-svinefarm-i-tangrimme\/\"]}]},{\"@type\":\"ImageObject\",\"inLanguage\":\"da-DK\",\"@id\":\"https:\/\/kunmedierne.dk\/thy\/naboskepsis-over-plan-om-stor-svinefarm-i-tangrimme\/#primaryimage\",\"url\":\"https:\/\/kunmedierne.dk\/thy\/wp-content\/uploads\/sites\/2\/2026\/02\/Unavngivet-1232-x-802-px-2026-02-27T133403.548.jpg\",\"contentUrl\":\"https:\/\/kunmedierne.dk\/thy\/wp-content\/uploads\/sites\/2\/2026\/02\/Unavngivet-1232-x-802-px-2026-02-27T133403.548.jpg\",\"width\":1232,\"height\":802},{\"@type\":\"BreadcrumbList\",\"@id\":\"https:\/\/kunmedierne.dk\/thy\/naboskepsis-over-plan-om-stor-svinefarm-i-tangrimme\/#breadcrumb\",\"itemListElement\":[{\"@type\":\"ListItem\",\"position\":1,\"name\":\"Home\",\"item\":\"https:\/\/kunmedierne.dk\/thy\/\"},{\"@type\":\"ListItem\",\"position\":2,\"name\":\"Naboskepsis over plan om stor svinefarm i Tangrimme\"}]},{\"@type\":\"WebSite\",\"@id\":\"https:\/\/kunmedierne.dk\/thy\/#website\",\"url\":\"https:\/\/kunmedierne.dk\/thy\/\",\"name\":\"Thy\",\"description\":\"et netmedie med journalistik om livet i Thy\",\"publisher\":{\"@id\":\"https:\/\/kunmedierne.dk\/thy\/#organization\"},\"potentialAction\":[{\"@type\":\"SearchAction\",\"target\":{\"@type\":\"EntryPoint\",\"urlTemplate\":\"https:\/\/kunmedierne.dk\/thy\/?s={search_term_string}\"},\"query-input\":{\"@type\":\"PropertyValueSpecification\",\"valueRequired\":true,\"valueName\":\"search_term_string\"}}],\"inLanguage\":\"da-DK\"},{\"@type\":\"Organization\",\"@id\":\"https:\/\/kunmedierne.dk\/thy\/#organization\",\"name\":\"Thy\",\"url\":\"https:\/\/kunmedierne.dk\/thy\/\",\"logo\":{\"@type\":\"ImageObject\",\"inLanguage\":\"da-DK\",\"@id\":\"https:\/\/kunmedierne.dk\/thy\/#\/schema\/logo\/image\/\",\"url\":\"https:\/\/kunmedierne.dk\/thy\/wp-content\/uploads\/sites\/2\/2025\/04\/kunthy-logo.svg\",\"contentUrl\":\"https:\/\/kunmedierne.dk\/thy\/wp-content\/uploads\/sites\/2\/2025\/04\/kunthy-logo.svg\",\"caption\":\"Thy\"},\"image\":{\"@id\":\"https:\/\/kunmedierne.dk\/thy\/#\/schema\/logo\/image\/\"}},{\"@type\":\"Person\",\"@id\":\"https:\/\/kunmedierne.dk\/thy\/#\/schema\/person\/d266634ba6550d075ecf540d63b245d2\",\"name\":\"Lone L\u00e6rke Krog\",\"image\":{\"@type\":\"ImageObject\",\"inLanguage\":\"da-DK\",\"@id\":\"https:\/\/kunmedierne.dk\/thy\/#\/schema\/person\/image\/\",\"url\":\"https:\/\/secure.gravatar.com\/avatar\/496ddc7080e56b4ac64cfd4e56bd6d1ee396fa3db1923aa22f11346f60bb135b?s=96&d=mm&r=g\",\"contentUrl\":\"https:\/\/secure.gravatar.com\/avatar\/496ddc7080e56b4ac64cfd4e56bd6d1ee396fa3db1923aa22f11346f60bb135b?s=96&d=mm&r=g\",\"caption\":\"Lone L\u00e6rke Krog\"},\"url\":\"https:\/\/kunmedierne.dk\/thy\/author\/llk\/\"}]}<\/script>\n<!-- \/ Yoast SEO plugin. -->","yoast_head_json":{"title":"Naboskepsis over plan om stor svinefarm i Tangrimme - Thy","robots":{"index":"index","follow":"follow","max-snippet":"max-snippet:-1","max-image-preview":"max-image-preview:large","max-video-preview":"max-video-preview:-1"},"canonical":"https:\/\/kunmedierne.dk\/thy\/naboskepsis-over-plan-om-stor-svinefarm-i-tangrimme\/","og_locale":"da_DK","og_type":"article","og_title":"Naboskepsis over plan om stor svinefarm i Tangrimme - Thy","og_description":"BALLERUM: &#8211; Jeg er ikke imod landbrug generelt. Jeg er heller ikke mod udvikling. Jeg lever selv af erhvervet til hverdag &#8211; som traktormekaniker. Men det er som nabo jeg er skeptisk &#8211; over for et barmarksprojekt i den st\u00f8rrelse &#8211; at det bliver Danmarks st\u00f8rste svinehus. Det er ikke lige det, man dr\u00f8mmer om. [&hellip;]","og_url":"https:\/\/kunmedierne.dk\/thy\/naboskepsis-over-plan-om-stor-svinefarm-i-tangrimme\/","og_site_name":"Thy","article_published_time":"2026-02-28T05:30:04+00:00","article_modified_time":"2026-03-02T07:37:40+00:00","og_image":[{"url":"https:\/\/kunmedierne.dk\/thy\/wp-content\/uploads\/sites\/2\/2026\/02\/Unavngivet-1232-x-802-px-2026-02-27T133403.548.jpg","type":"","width":"","height":""}],"author":"Lone L\u00e6rke Krog","twitter_card":"summary_large_image","twitter_misc":{"Skrevet af":"Lone L\u00e6rke Krog","Estimeret l\u00e6setid":"8 minutter"},"schema":{"@context":"https:\/\/schema.org","@graph":[{"@type":"Article","@id":"https:\/\/kunmedierne.dk\/thy\/naboskepsis-over-plan-om-stor-svinefarm-i-tangrimme\/#article","isPartOf":{"@id":"https:\/\/kunmedierne.dk\/thy\/naboskepsis-over-plan-om-stor-svinefarm-i-tangrimme\/"},"author":{"name":"Lone L\u00e6rke Krog","@id":"https:\/\/kunmedierne.dk\/thy\/#\/schema\/person\/d266634ba6550d075ecf540d63b245d2"},"headline":"Naboskepsis over plan om stor svinefarm i Tangrimme","datePublished":"2026-02-28T05:30:04+00:00","dateModified":"2026-03-02T07:37:40+00:00","mainEntityOfPage":{"@id":"https:\/\/kunmedierne.dk\/thy\/naboskepsis-over-plan-om-stor-svinefarm-i-tangrimme\/"},"wordCount":1412,"publisher":{"@id":"https:\/\/kunmedierne.dk\/thy\/#organization"},"image":{"@id":"https:\/\/kunmedierne.dk\/thy\/naboskepsis-over-plan-om-stor-svinefarm-i-tangrimme\/#primaryimage"},"thumbnailUrl":"https:\/\/kunmedierne.dk\/thy\/wp-content\/uploads\/sites\/2\/2026\/02\/Unavngivet-1232-x-802-px-2026-02-27T133403.548.jpg","keywords":["Landbrug","Mennesker","Milj\u00f8"],"articleSection":["Lokalt"],"inLanguage":"da-DK"},{"@type":"WebPage","@id":"https:\/\/kunmedierne.dk\/thy\/naboskepsis-over-plan-om-stor-svinefarm-i-tangrimme\/","url":"https:\/\/kunmedierne.dk\/thy\/naboskepsis-over-plan-om-stor-svinefarm-i-tangrimme\/","name":"Naboskepsis over plan om stor svinefarm i Tangrimme - Thy","isPartOf":{"@id":"https:\/\/kunmedierne.dk\/thy\/#website"},"primaryImageOfPage":{"@id":"https:\/\/kunmedierne.dk\/thy\/naboskepsis-over-plan-om-stor-svinefarm-i-tangrimme\/#primaryimage"},"image":{"@id":"https:\/\/kunmedierne.dk\/thy\/naboskepsis-over-plan-om-stor-svinefarm-i-tangrimme\/#primaryimage"},"thumbnailUrl":"https:\/\/kunmedierne.dk\/thy\/wp-content\/uploads\/sites\/2\/2026\/02\/Unavngivet-1232-x-802-px-2026-02-27T133403.548.jpg","datePublished":"2026-02-28T05:30:04+00:00","dateModified":"2026-03-02T07:37:40+00:00","breadcrumb":{"@id":"https:\/\/kunmedierne.dk\/thy\/naboskepsis-over-plan-om-stor-svinefarm-i-tangrimme\/#breadcrumb"},"inLanguage":"da-DK","potentialAction":[{"@type":"ReadAction","target":["https:\/\/kunmedierne.dk\/thy\/naboskepsis-over-plan-om-stor-svinefarm-i-tangrimme\/"]}]},{"@type":"ImageObject","inLanguage":"da-DK","@id":"https:\/\/kunmedierne.dk\/thy\/naboskepsis-over-plan-om-stor-svinefarm-i-tangrimme\/#primaryimage","url":"https:\/\/kunmedierne.dk\/thy\/wp-content\/uploads\/sites\/2\/2026\/02\/Unavngivet-1232-x-802-px-2026-02-27T133403.548.jpg","contentUrl":"https:\/\/kunmedierne.dk\/thy\/wp-content\/uploads\/sites\/2\/2026\/02\/Unavngivet-1232-x-802-px-2026-02-27T133403.548.jpg","width":1232,"height":802},{"@type":"BreadcrumbList","@id":"https:\/\/kunmedierne.dk\/thy\/naboskepsis-over-plan-om-stor-svinefarm-i-tangrimme\/#breadcrumb","itemListElement":[{"@type":"ListItem","position":1,"name":"Home","item":"https:\/\/kunmedierne.dk\/thy\/"},{"@type":"ListItem","position":2,"name":"Naboskepsis over plan om stor svinefarm i Tangrimme"}]},{"@type":"WebSite","@id":"https:\/\/kunmedierne.dk\/thy\/#website","url":"https:\/\/kunmedierne.dk\/thy\/","name":"Thy","description":"et netmedie med journalistik om livet i Thy","publisher":{"@id":"https:\/\/kunmedierne.dk\/thy\/#organization"},"potentialAction":[{"@type":"SearchAction","target":{"@type":"EntryPoint","urlTemplate":"https:\/\/kunmedierne.dk\/thy\/?s={search_term_string}"},"query-input":{"@type":"PropertyValueSpecification","valueRequired":true,"valueName":"search_term_string"}}],"inLanguage":"da-DK"},{"@type":"Organization","@id":"https:\/\/kunmedierne.dk\/thy\/#organization","name":"Thy","url":"https:\/\/kunmedierne.dk\/thy\/","logo":{"@type":"ImageObject","inLanguage":"da-DK","@id":"https:\/\/kunmedierne.dk\/thy\/#\/schema\/logo\/image\/","url":"https:\/\/kunmedierne.dk\/thy\/wp-content\/uploads\/sites\/2\/2025\/04\/kunthy-logo.svg","contentUrl":"https:\/\/kunmedierne.dk\/thy\/wp-content\/uploads\/sites\/2\/2025\/04\/kunthy-logo.svg","caption":"Thy"},"image":{"@id":"https:\/\/kunmedierne.dk\/thy\/#\/schema\/logo\/image\/"}},{"@type":"Person","@id":"https:\/\/kunmedierne.dk\/thy\/#\/schema\/person\/d266634ba6550d075ecf540d63b245d2","name":"Lone L\u00e6rke Krog","image":{"@type":"ImageObject","inLanguage":"da-DK","@id":"https:\/\/kunmedierne.dk\/thy\/#\/schema\/person\/image\/","url":"https:\/\/secure.gravatar.com\/avatar\/496ddc7080e56b4ac64cfd4e56bd6d1ee396fa3db1923aa22f11346f60bb135b?s=96&d=mm&r=g","contentUrl":"https:\/\/secure.gravatar.com\/avatar\/496ddc7080e56b4ac64cfd4e56bd6d1ee396fa3db1923aa22f11346f60bb135b?s=96&d=mm&r=g","caption":"Lone L\u00e6rke Krog"},"url":"https:\/\/kunmedierne.dk\/thy\/author\/llk\/"}]}},"_links":{"self":[{"href":"https:\/\/kunmedierne.dk\/thy\/wp-json\/wp\/v2\/posts\/18116","targetHints":{"allow":["GET"]}}],"collection":[{"href":"https:\/\/kunmedierne.dk\/thy\/wp-json\/wp\/v2\/posts"}],"about":[{"href":"https:\/\/kunmedierne.dk\/thy\/wp-json\/wp\/v2\/types\/post"}],"author":[{"embeddable":true,"href":"https:\/\/kunmedierne.dk\/thy\/wp-json\/wp\/v2\/users\/1925"}],"replies":[{"embeddable":true,"href":"https:\/\/kunmedierne.dk\/thy\/wp-json\/wp\/v2\/comments?post=18116"}],"version-history":[{"count":18,"href":"https:\/\/kunmedierne.dk\/thy\/wp-json\/wp\/v2\/posts\/18116\/revisions"}],"predecessor-version":[{"id":18245,"href":"https:\/\/kunmedierne.dk\/thy\/wp-json\/wp\/v2\/posts\/18116\/revisions\/18245"}],"wp:attachment":[{"href":"https:\/\/kunmedierne.dk\/thy\/wp-json\/wp\/v2\/media?parent=18116"}],"wp:term":[{"taxonomy":"category","embeddable":true,"href":"https:\/\/kunmedierne.dk\/thy\/wp-json\/wp\/v2\/categories?post=18116"},{"taxonomy":"post_tag","embeddable":true,"href":"https:\/\/kunmedierne.dk\/thy\/wp-json\/wp\/v2\/tags?post=18116"}],"curies":[{"name":"wp","href":"https:\/\/api.w.org\/{rel}","templated":true}]}}