{"id":17842,"date":"2026-02-22T19:08:54","date_gmt":"2026-02-22T18:08:54","guid":{"rendered":"https:\/\/kunmedierne.dk\/thy\/?p=17842"},"modified":"2026-02-22T19:08:54","modified_gmt":"2026-02-22T18:08:54","slug":"hval-strandet-i-thy-soendagstur-paa-stranden-ved-lyngby-gav-en-ekstra-oplevelse","status":"publish","type":"post","link":"https:\/\/kunmedierne.dk\/thy\/hval-strandet-i-thy-soendagstur-paa-stranden-ved-lyngby-gav-en-ekstra-oplevelse\/","title":{"rendered":"<span>Hval strandet i Thy:<\/span> S\u00f8ndagstur p\u00e5 stranden ved Lyngby gav en ekstra oplevelse"},"content":{"rendered":"<p><strong>LYNGBY THY:<\/strong> I slutningen af januar strandede en kaskelothval nord for \u00c5lb\u00e6k i Nordjylland. To uger senere strandende endnu en ved Bl\u00e5vandshuk Fyr n\u00e6r Esbjerg, og op til denne weekend strandede i alt fire kaskelothvaler p\u00e5 Fan\u00f8.<\/p>\n<a class=\"dvrt-link\" onClick=\"cdmtrack_click(1130,jQuery(this));return false\" href=\"https:\/\/www.thistedforsikring.dk\/?utm_source=partnerskaber&amp;utm_campaign=kun_thy\"><img decoding=\"async\" style=\"width:100%;\" src=\"https:\/\/kunmedierne.dk\/thy\/wp-content\/uploads\/sites\/2\/2025\/04\/260409KunThyThisted-For-1.png\"><\/a><script>cdmtrack_view(1130);<\/script>\n<p>S\u00f8ndag blev der fundet en syvende kaskelothval. Denne gang p\u00e5 stranden et par kilometer syd for Lyngby i Thy. Her er er ikke tale om en ny hvalstranding, men om en af de tidligere hvaler, som tidligere er strandet. Efter at v\u00e6re drevet til havs, er den nu er skyllet i land p\u00e5 stranden syd for Lyngby.<\/p>\n<p>Det fort\u00e6ller vildtkonsulent Tommy Hansen, Naturstyrelsen Thy. Han var s\u00f8ndag eftermiddag p\u00e5 stranden ved Lyngby for at unders\u00f8ge den strandede kaskelot, som uden tvivl er den samme, som tidligere strandede ved Bl\u00e5vandshuk Fyr.<\/p>\n<div id=\"attachment_17849\" style=\"width: 4258px\" class=\"wp-caption alignnone\"><img loading=\"lazy\" decoding=\"async\" aria-describedby=\"caption-attachment-17849\" class=\"wp-image-17849 size-full\" src=\"https:\/\/kunmedierne.dk\/thy\/wp-content\/uploads\/sites\/2\/2026\/02\/Hval03-kopier.jpg\" alt=\"\" width=\"4248\" height=\"2827\" srcset=\"https:\/\/kunmedierne.dk\/thy\/wp-content\/uploads\/sites\/2\/2026\/02\/Hval03-kopier.jpg 4248w, https:\/\/kunmedierne.dk\/thy\/wp-content\/uploads\/sites\/2\/2026\/02\/Hval03-kopier-300x200.jpg 300w, https:\/\/kunmedierne.dk\/thy\/wp-content\/uploads\/sites\/2\/2026\/02\/Hval03-kopier-1024x681.jpg 1024w, https:\/\/kunmedierne.dk\/thy\/wp-content\/uploads\/sites\/2\/2026\/02\/Hval03-kopier-510x339.jpg 510w\" sizes=\"auto, (max-width: 4248px) 100vw, 4248px\" \/><p id=\"caption-attachment-17849\" class=\"wp-caption-text\">Kaskelothvalen har v\u00e6ret d\u00f8d i flere uger. Den har tidligere ligget p\u00e5 en revle ud for Bl\u00e5vandshuk Fyr, men drev til havs. Nu er den standet syd for Lyngby. Foto: Jens Fogh-Andersen<\/p>\n<p><\/p><\/div>\n<p>&#8211; Hvalen mangler et hj\u00f8rne af halefinnen, men ogs\u00e5 k\u00e6ben. Den blev fjernet, mens den l\u00e5 nede ved Esbjerg. S\u00e5 det er den samme hval, som efter er v\u00e6re drevet til havs nu er skyllet op p\u00e5 stranden ved Lyngby, siger Tommy Hansen.<\/p>\n<a class=\"dvrt-link\" onClick=\"cdmtrack_click(4416,jQuery(this));return false\" href=\"https:\/\/sdrhaa.dk\/\"><img decoding=\"async\" style=\"width:100%;\" src=\"https:\/\/kunmedierne.dk\/thy\/wp-content\/uploads\/sites\/2\/2025\/05\/260302Din-gebyrvenlige-sparekasse_SHS_Thy-1.gif\"><\/a><script>cdmtrack_view(4416);<\/script>\n<p>Hvalen er i lighed med de \u00f8vrige strandede kaskelotter, en ung han. De kan som fuldt udvoksede n\u00e5 en l\u00e6ngde p\u00e5 op til 16-18 meter og en v\u00e6gt p\u00e5 op mod 50 tons. Nogle af de unge hanner mister af en eller anden \u00e5rsag orienteringen, n\u00e5r de vandrer fra Nordatlanten mod farvandet ved Azorerne. I stedet for at sv\u00f8mme vest om Shetlands\u00f8erne, sv\u00f8mmer de \u00f8st om \u00f8-gruppen og ender inde i Nords\u00f8en<\/p>\n<p>Tommy Hansen fort\u00e6ller, at hvalen p\u00e5 stranden ved Lyngby efterh\u00e5nden har v\u00e6ret d\u00f8d i temmelig lang tid.<\/p>\n<p>&#8211; Da den blev unders\u00f8gt p\u00e5 stranden ved Bl\u00e5vandshuk havde den allerede v\u00e6ret d\u00f8d et stykke tid og nu er det efterh\u00e5nden et par uger siden, den drev til havs igen, siger Tommy Hansen.<\/p>\n<div id=\"attachment_17851\" style=\"width: 1485px\" class=\"wp-caption alignnone\"><img loading=\"lazy\" decoding=\"async\" aria-describedby=\"caption-attachment-17851\" class=\"wp-image-17851 size-full\" src=\"https:\/\/kunmedierne.dk\/thy\/wp-content\/uploads\/sites\/2\/2026\/02\/Hval05-kopier.jpg\" alt=\"\" width=\"1475\" height=\"980\" srcset=\"https:\/\/kunmedierne.dk\/thy\/wp-content\/uploads\/sites\/2\/2026\/02\/Hval05-kopier.jpg 1475w, https:\/\/kunmedierne.dk\/thy\/wp-content\/uploads\/sites\/2\/2026\/02\/Hval05-kopier-300x199.jpg 300w, https:\/\/kunmedierne.dk\/thy\/wp-content\/uploads\/sites\/2\/2026\/02\/Hval05-kopier-1024x680.jpg 1024w, https:\/\/kunmedierne.dk\/thy\/wp-content\/uploads\/sites\/2\/2026\/02\/Hval05-kopier-510x339.jpg 510w\" sizes=\"auto, (max-width: 1475px) 100vw, 1475px\" \/><p id=\"caption-attachment-17851\" class=\"wp-caption-text\">Hovedet p\u00e5 den strandede kaskelothval er godt gravet ned i vandkanten. Foto: Jens Fogh-Andersen.<\/p><\/div>\n<p>&nbsp;<\/p>\n<p>Der er endnu ikke taget stilling til, hvad der skal ske med den strandede kaskelothval p\u00e5 stranden ved Lyngby, som s\u00f8ndag gav en uventet overraskelse p\u00e5 strandturen for en hel del mennesker.<\/p>\n<a class=\"dvrt-link\" onClick=\"cdmtrack_click(1130,jQuery(this));return false\" href=\"https:\/\/www.thistedforsikring.dk\/?utm_source=partnerskaber&amp;utm_campaign=kun_thy\"><img decoding=\"async\" style=\"width:100%;\" src=\"https:\/\/kunmedierne.dk\/thy\/wp-content\/uploads\/sites\/2\/2025\/04\/260409KunThyThisted-For-1.png\"><\/a><script>cdmtrack_view(1130);<\/script>\n<p>En af den ved Ib Poulsen, som har hus i Lyngby. En af hans faste rutiner er at g\u00e5 en tur p\u00e5 stranden sammen med sin hund, noget der sker to til tre gange om ugen.<\/p>\n<p>&#8211; Hunden er glad for turen, og jeg har i reglen en stor affaldspose med. S\u00e5 kan jeg b\u00e5de g\u00e5 en tur og samle plastaffald op p\u00e5 stranden. I denne vinter har jeg fyldt 20-25 store affaldsposer med plastaffald fra stranden. Men en hval &#8211; det er godt nok ikke noget, du finder hver der, siger Ib Poulsen og tilf\u00f8jer, at hans f\u00f8rste reaktion var: Hold da helt op, hvor den er stor.<\/p>\n<div id=\"attachment_17848\" style=\"width: 4594px\" class=\"wp-caption alignnone\"><img loading=\"lazy\" decoding=\"async\" aria-describedby=\"caption-attachment-17848\" class=\"wp-image-17848 size-full\" src=\"https:\/\/kunmedierne.dk\/thy\/wp-content\/uploads\/sites\/2\/2026\/02\/Hval02-kopier.jpg\" alt=\"\" width=\"4584\" height=\"3051\" srcset=\"https:\/\/kunmedierne.dk\/thy\/wp-content\/uploads\/sites\/2\/2026\/02\/Hval02-kopier.jpg 4584w, https:\/\/kunmedierne.dk\/thy\/wp-content\/uploads\/sites\/2\/2026\/02\/Hval02-kopier-300x200.jpg 300w, https:\/\/kunmedierne.dk\/thy\/wp-content\/uploads\/sites\/2\/2026\/02\/Hval02-kopier-1024x682.jpg 1024w, https:\/\/kunmedierne.dk\/thy\/wp-content\/uploads\/sites\/2\/2026\/02\/Hval02-kopier-510x339.jpg 510w\" sizes=\"auto, (max-width: 4584px) 100vw, 4584px\" \/><p id=\"caption-attachment-17848\" class=\"wp-caption-text\">P\u00e5 afstand s\u00e5 Ib Poulsen noget stort ligge i vandkanten, men han havde ikke regnet med, at det var en kaskelothval. Foto: Jens Fogh-Andersen.<\/p><\/div>\n<p>&nbsp;<\/p>\n<p>&#8211; P\u00e5 afstand kunne jeg se, der l\u00e5 noget stort, men jeg havde ikke forestillet mig, at det var en hval, men det viser bare, at man oplever lidt af hvert p\u00e5 en strandtur.<\/p>\n<p>Ib Poulsen fort\u00e6ller, at han i sine drenge\u00e5r ofte fandt stenbidere p\u00e5 stranden i vinterm\u00e5nederne og specielt i perioder med langvarig \u00f8stenvind.<\/p>\n<p>&#8211; Dem finder jeg ikke mere, men jeg havde ikke regnet med at finde en hval i stedet.<\/p>\n","protected":false},"excerpt":{"rendered":"<p>LYNGBY THY: I slutningen af januar strandede en kaskelothval nord for \u00c5lb\u00e6k i Nordjylland. To uger senere strandende endnu en ved Bl\u00e5vandshuk Fyr n\u00e6r Esbjerg, og op til denne weekend strandede i alt fire kaskelothvaler p\u00e5 Fan\u00f8. S\u00f8ndag blev der fundet en syvende kaskelothval. Denne gang p\u00e5 stranden et par kilometer syd for Lyngby i [&hellip;]<\/p>\n","protected":false},"author":4535,"featured_media":0,"comment_status":"closed","ping_status":"closed","sticky":false,"template":"","format":"standard","meta":{"_acf_changed":false,"footnotes":""},"categories":[24],"tags":[48,49],"class_list":["post-17842","post","type-post","status-publish","format-standard","hentry","category-lokalt","tag-miljoe","tag-natur"],"acf":[],"yoast_head":"<!-- This site is optimized with the Yoast SEO plugin v26.8 - https:\/\/yoast.com\/product\/yoast-seo-wordpress\/ -->\n<title>Hval strandet i Thy: S\u00f8ndagstur p\u00e5 stranden ved Lyngby gav en ekstra oplevelse - Thy<\/title>\n<meta name=\"robots\" content=\"index, follow, max-snippet:-1, max-image-preview:large, max-video-preview:-1\" \/>\n<link rel=\"canonical\" href=\"https:\/\/kunmedierne.dk\/thy\/hval-strandet-i-thy-soendagstur-paa-stranden-ved-lyngby-gav-en-ekstra-oplevelse\/\" \/>\n<meta property=\"og:locale\" content=\"da_DK\" \/>\n<meta property=\"og:type\" content=\"article\" \/>\n<meta property=\"og:title\" content=\"Hval strandet i Thy: S\u00f8ndagstur p\u00e5 stranden ved Lyngby gav en ekstra oplevelse - Thy\" \/>\n<meta property=\"og:description\" content=\"LYNGBY THY: I slutningen af januar strandede en kaskelothval nord for \u00c5lb\u00e6k i Nordjylland. To uger senere strandende endnu en ved Bl\u00e5vandshuk Fyr n\u00e6r Esbjerg, og op til denne weekend strandede i alt fire kaskelothvaler p\u00e5 Fan\u00f8. S\u00f8ndag blev der fundet en syvende kaskelothval. Denne gang p\u00e5 stranden et par kilometer syd for Lyngby i [&hellip;]\" \/>\n<meta property=\"og:url\" content=\"https:\/\/kunmedierne.dk\/thy\/hval-strandet-i-thy-soendagstur-paa-stranden-ved-lyngby-gav-en-ekstra-oplevelse\/\" \/>\n<meta property=\"og:site_name\" content=\"Thy\" \/>\n<meta property=\"article:published_time\" content=\"2026-02-22T18:08:54+00:00\" \/>\n<meta property=\"og:image\" content=\"https:\/\/kunmedierne.dk\/thy\/wp-content\/uploads\/sites\/2\/2026\/02\/Hval03-kopier.jpg\" \/>\n<meta name=\"author\" content=\"Jens Fogh Andersen\" \/>\n<meta name=\"twitter:card\" content=\"summary_large_image\" \/>\n<meta name=\"twitter:label1\" content=\"Skrevet af\" \/>\n\t<meta name=\"twitter:data1\" content=\"Jens Fogh Andersen\" \/>\n\t<meta name=\"twitter:label2\" content=\"Estimeret l\u00e6setid\" \/>\n\t<meta name=\"twitter:data2\" content=\"4 minutter\" \/>\n<script type=\"application\/ld+json\" class=\"yoast-schema-graph\">{\"@context\":\"https:\/\/schema.org\",\"@graph\":[{\"@type\":\"Article\",\"@id\":\"https:\/\/kunmedierne.dk\/thy\/hval-strandet-i-thy-soendagstur-paa-stranden-ved-lyngby-gav-en-ekstra-oplevelse\/#article\",\"isPartOf\":{\"@id\":\"https:\/\/kunmedierne.dk\/thy\/hval-strandet-i-thy-soendagstur-paa-stranden-ved-lyngby-gav-en-ekstra-oplevelse\/\"},\"author\":{\"name\":\"Jens Fogh Andersen\",\"@id\":\"https:\/\/kunmedierne.dk\/thy\/#\/schema\/person\/88f5be46809ca2a5533760eb574fef93\"},\"headline\":\"Hval strandet i Thy: S\u00f8ndagstur p\u00e5 stranden ved Lyngby gav en ekstra oplevelse\",\"datePublished\":\"2026-02-22T18:08:54+00:00\",\"mainEntityOfPage\":{\"@id\":\"https:\/\/kunmedierne.dk\/thy\/hval-strandet-i-thy-soendagstur-paa-stranden-ved-lyngby-gav-en-ekstra-oplevelse\/\"},\"wordCount\":658,\"publisher\":{\"@id\":\"https:\/\/kunmedierne.dk\/thy\/#organization\"},\"image\":{\"@id\":\"https:\/\/kunmedierne.dk\/thy\/hval-strandet-i-thy-soendagstur-paa-stranden-ved-lyngby-gav-en-ekstra-oplevelse\/#primaryimage\"},\"thumbnailUrl\":\"https:\/\/kunmedierne.dk\/thy\/wp-content\/uploads\/sites\/2\/2026\/02\/Hval03-kopier.jpg\",\"keywords\":[\"Milj\u00f8\",\"Natur\"],\"articleSection\":[\"Lokalt\"],\"inLanguage\":\"da-DK\"},{\"@type\":\"WebPage\",\"@id\":\"https:\/\/kunmedierne.dk\/thy\/hval-strandet-i-thy-soendagstur-paa-stranden-ved-lyngby-gav-en-ekstra-oplevelse\/\",\"url\":\"https:\/\/kunmedierne.dk\/thy\/hval-strandet-i-thy-soendagstur-paa-stranden-ved-lyngby-gav-en-ekstra-oplevelse\/\",\"name\":\"Hval strandet i Thy: S\u00f8ndagstur p\u00e5 stranden ved Lyngby gav en ekstra oplevelse - Thy\",\"isPartOf\":{\"@id\":\"https:\/\/kunmedierne.dk\/thy\/#website\"},\"primaryImageOfPage\":{\"@id\":\"https:\/\/kunmedierne.dk\/thy\/hval-strandet-i-thy-soendagstur-paa-stranden-ved-lyngby-gav-en-ekstra-oplevelse\/#primaryimage\"},\"image\":{\"@id\":\"https:\/\/kunmedierne.dk\/thy\/hval-strandet-i-thy-soendagstur-paa-stranden-ved-lyngby-gav-en-ekstra-oplevelse\/#primaryimage\"},\"thumbnailUrl\":\"https:\/\/kunmedierne.dk\/thy\/wp-content\/uploads\/sites\/2\/2026\/02\/Hval03-kopier.jpg\",\"datePublished\":\"2026-02-22T18:08:54+00:00\",\"breadcrumb\":{\"@id\":\"https:\/\/kunmedierne.dk\/thy\/hval-strandet-i-thy-soendagstur-paa-stranden-ved-lyngby-gav-en-ekstra-oplevelse\/#breadcrumb\"},\"inLanguage\":\"da-DK\",\"potentialAction\":[{\"@type\":\"ReadAction\",\"target\":[\"https:\/\/kunmedierne.dk\/thy\/hval-strandet-i-thy-soendagstur-paa-stranden-ved-lyngby-gav-en-ekstra-oplevelse\/\"]}]},{\"@type\":\"ImageObject\",\"inLanguage\":\"da-DK\",\"@id\":\"https:\/\/kunmedierne.dk\/thy\/hval-strandet-i-thy-soendagstur-paa-stranden-ved-lyngby-gav-en-ekstra-oplevelse\/#primaryimage\",\"url\":\"https:\/\/kunmedierne.dk\/thy\/wp-content\/uploads\/sites\/2\/2026\/02\/Hval03-kopier.jpg\",\"contentUrl\":\"https:\/\/kunmedierne.dk\/thy\/wp-content\/uploads\/sites\/2\/2026\/02\/Hval03-kopier.jpg\",\"width\":4248,\"height\":2827,\"caption\":\"Strandet kaskelothval Foto: Jens Fogh-Andersen 220226\"},{\"@type\":\"BreadcrumbList\",\"@id\":\"https:\/\/kunmedierne.dk\/thy\/hval-strandet-i-thy-soendagstur-paa-stranden-ved-lyngby-gav-en-ekstra-oplevelse\/#breadcrumb\",\"itemListElement\":[{\"@type\":\"ListItem\",\"position\":1,\"name\":\"Home\",\"item\":\"https:\/\/kunmedierne.dk\/thy\/\"},{\"@type\":\"ListItem\",\"position\":2,\"name\":\"Hval strandet i Thy: S\u00f8ndagstur p\u00e5 stranden ved Lyngby gav en ekstra oplevelse\"}]},{\"@type\":\"WebSite\",\"@id\":\"https:\/\/kunmedierne.dk\/thy\/#website\",\"url\":\"https:\/\/kunmedierne.dk\/thy\/\",\"name\":\"Thy\",\"description\":\"et netmedie med journalistik om livet i Thy\",\"publisher\":{\"@id\":\"https:\/\/kunmedierne.dk\/thy\/#organization\"},\"potentialAction\":[{\"@type\":\"SearchAction\",\"target\":{\"@type\":\"EntryPoint\",\"urlTemplate\":\"https:\/\/kunmedierne.dk\/thy\/?s={search_term_string}\"},\"query-input\":{\"@type\":\"PropertyValueSpecification\",\"valueRequired\":true,\"valueName\":\"search_term_string\"}}],\"inLanguage\":\"da-DK\"},{\"@type\":\"Organization\",\"@id\":\"https:\/\/kunmedierne.dk\/thy\/#organization\",\"name\":\"Thy\",\"url\":\"https:\/\/kunmedierne.dk\/thy\/\",\"logo\":{\"@type\":\"ImageObject\",\"inLanguage\":\"da-DK\",\"@id\":\"https:\/\/kunmedierne.dk\/thy\/#\/schema\/logo\/image\/\",\"url\":\"https:\/\/kunmedierne.dk\/thy\/wp-content\/uploads\/sites\/2\/2025\/04\/kunthy-logo.svg\",\"contentUrl\":\"https:\/\/kunmedierne.dk\/thy\/wp-content\/uploads\/sites\/2\/2025\/04\/kunthy-logo.svg\",\"caption\":\"Thy\"},\"image\":{\"@id\":\"https:\/\/kunmedierne.dk\/thy\/#\/schema\/logo\/image\/\"}},{\"@type\":\"Person\",\"@id\":\"https:\/\/kunmedierne.dk\/thy\/#\/schema\/person\/88f5be46809ca2a5533760eb574fef93\",\"name\":\"Jens Fogh Andersen\",\"image\":{\"@type\":\"ImageObject\",\"inLanguage\":\"da-DK\",\"@id\":\"https:\/\/kunmedierne.dk\/thy\/#\/schema\/person\/image\/\",\"url\":\"https:\/\/secure.gravatar.com\/avatar\/2b367a4ef139b1c41dccc9ee7af926b81f8b4cca3359772e86c7fd5ced26c0a3?s=96&d=mm&r=g\",\"contentUrl\":\"https:\/\/secure.gravatar.com\/avatar\/2b367a4ef139b1c41dccc9ee7af926b81f8b4cca3359772e86c7fd5ced26c0a3?s=96&d=mm&r=g\",\"caption\":\"Jens Fogh Andersen\"},\"url\":\"https:\/\/kunmedierne.dk\/thy\/author\/jfa\/\"}]}<\/script>\n<!-- \/ Yoast SEO plugin. -->","yoast_head_json":{"title":"Hval strandet i Thy: S\u00f8ndagstur p\u00e5 stranden ved Lyngby gav en ekstra oplevelse - Thy","robots":{"index":"index","follow":"follow","max-snippet":"max-snippet:-1","max-image-preview":"max-image-preview:large","max-video-preview":"max-video-preview:-1"},"canonical":"https:\/\/kunmedierne.dk\/thy\/hval-strandet-i-thy-soendagstur-paa-stranden-ved-lyngby-gav-en-ekstra-oplevelse\/","og_locale":"da_DK","og_type":"article","og_title":"Hval strandet i Thy: S\u00f8ndagstur p\u00e5 stranden ved Lyngby gav en ekstra oplevelse - Thy","og_description":"LYNGBY THY: I slutningen af januar strandede en kaskelothval nord for \u00c5lb\u00e6k i Nordjylland. To uger senere strandende endnu en ved Bl\u00e5vandshuk Fyr n\u00e6r Esbjerg, og op til denne weekend strandede i alt fire kaskelothvaler p\u00e5 Fan\u00f8. S\u00f8ndag blev der fundet en syvende kaskelothval. Denne gang p\u00e5 stranden et par kilometer syd for Lyngby i [&hellip;]","og_url":"https:\/\/kunmedierne.dk\/thy\/hval-strandet-i-thy-soendagstur-paa-stranden-ved-lyngby-gav-en-ekstra-oplevelse\/","og_site_name":"Thy","article_published_time":"2026-02-22T18:08:54+00:00","og_image":[{"url":"https:\/\/kunmedierne.dk\/thy\/wp-content\/uploads\/sites\/2\/2026\/02\/Hval03-kopier.jpg","type":"","width":"","height":""}],"author":"Jens Fogh Andersen","twitter_card":"summary_large_image","twitter_misc":{"Skrevet af":"Jens Fogh Andersen","Estimeret l\u00e6setid":"4 minutter"},"schema":{"@context":"https:\/\/schema.org","@graph":[{"@type":"Article","@id":"https:\/\/kunmedierne.dk\/thy\/hval-strandet-i-thy-soendagstur-paa-stranden-ved-lyngby-gav-en-ekstra-oplevelse\/#article","isPartOf":{"@id":"https:\/\/kunmedierne.dk\/thy\/hval-strandet-i-thy-soendagstur-paa-stranden-ved-lyngby-gav-en-ekstra-oplevelse\/"},"author":{"name":"Jens Fogh Andersen","@id":"https:\/\/kunmedierne.dk\/thy\/#\/schema\/person\/88f5be46809ca2a5533760eb574fef93"},"headline":"Hval strandet i Thy: S\u00f8ndagstur p\u00e5 stranden ved Lyngby gav en ekstra oplevelse","datePublished":"2026-02-22T18:08:54+00:00","mainEntityOfPage":{"@id":"https:\/\/kunmedierne.dk\/thy\/hval-strandet-i-thy-soendagstur-paa-stranden-ved-lyngby-gav-en-ekstra-oplevelse\/"},"wordCount":658,"publisher":{"@id":"https:\/\/kunmedierne.dk\/thy\/#organization"},"image":{"@id":"https:\/\/kunmedierne.dk\/thy\/hval-strandet-i-thy-soendagstur-paa-stranden-ved-lyngby-gav-en-ekstra-oplevelse\/#primaryimage"},"thumbnailUrl":"https:\/\/kunmedierne.dk\/thy\/wp-content\/uploads\/sites\/2\/2026\/02\/Hval03-kopier.jpg","keywords":["Milj\u00f8","Natur"],"articleSection":["Lokalt"],"inLanguage":"da-DK"},{"@type":"WebPage","@id":"https:\/\/kunmedierne.dk\/thy\/hval-strandet-i-thy-soendagstur-paa-stranden-ved-lyngby-gav-en-ekstra-oplevelse\/","url":"https:\/\/kunmedierne.dk\/thy\/hval-strandet-i-thy-soendagstur-paa-stranden-ved-lyngby-gav-en-ekstra-oplevelse\/","name":"Hval strandet i Thy: S\u00f8ndagstur p\u00e5 stranden ved Lyngby gav en ekstra oplevelse - Thy","isPartOf":{"@id":"https:\/\/kunmedierne.dk\/thy\/#website"},"primaryImageOfPage":{"@id":"https:\/\/kunmedierne.dk\/thy\/hval-strandet-i-thy-soendagstur-paa-stranden-ved-lyngby-gav-en-ekstra-oplevelse\/#primaryimage"},"image":{"@id":"https:\/\/kunmedierne.dk\/thy\/hval-strandet-i-thy-soendagstur-paa-stranden-ved-lyngby-gav-en-ekstra-oplevelse\/#primaryimage"},"thumbnailUrl":"https:\/\/kunmedierne.dk\/thy\/wp-content\/uploads\/sites\/2\/2026\/02\/Hval03-kopier.jpg","datePublished":"2026-02-22T18:08:54+00:00","breadcrumb":{"@id":"https:\/\/kunmedierne.dk\/thy\/hval-strandet-i-thy-soendagstur-paa-stranden-ved-lyngby-gav-en-ekstra-oplevelse\/#breadcrumb"},"inLanguage":"da-DK","potentialAction":[{"@type":"ReadAction","target":["https:\/\/kunmedierne.dk\/thy\/hval-strandet-i-thy-soendagstur-paa-stranden-ved-lyngby-gav-en-ekstra-oplevelse\/"]}]},{"@type":"ImageObject","inLanguage":"da-DK","@id":"https:\/\/kunmedierne.dk\/thy\/hval-strandet-i-thy-soendagstur-paa-stranden-ved-lyngby-gav-en-ekstra-oplevelse\/#primaryimage","url":"https:\/\/kunmedierne.dk\/thy\/wp-content\/uploads\/sites\/2\/2026\/02\/Hval03-kopier.jpg","contentUrl":"https:\/\/kunmedierne.dk\/thy\/wp-content\/uploads\/sites\/2\/2026\/02\/Hval03-kopier.jpg","width":4248,"height":2827,"caption":"Strandet kaskelothval Foto: Jens Fogh-Andersen 220226"},{"@type":"BreadcrumbList","@id":"https:\/\/kunmedierne.dk\/thy\/hval-strandet-i-thy-soendagstur-paa-stranden-ved-lyngby-gav-en-ekstra-oplevelse\/#breadcrumb","itemListElement":[{"@type":"ListItem","position":1,"name":"Home","item":"https:\/\/kunmedierne.dk\/thy\/"},{"@type":"ListItem","position":2,"name":"Hval strandet i Thy: S\u00f8ndagstur p\u00e5 stranden ved Lyngby gav en ekstra oplevelse"}]},{"@type":"WebSite","@id":"https:\/\/kunmedierne.dk\/thy\/#website","url":"https:\/\/kunmedierne.dk\/thy\/","name":"Thy","description":"et netmedie med journalistik om livet i Thy","publisher":{"@id":"https:\/\/kunmedierne.dk\/thy\/#organization"},"potentialAction":[{"@type":"SearchAction","target":{"@type":"EntryPoint","urlTemplate":"https:\/\/kunmedierne.dk\/thy\/?s={search_term_string}"},"query-input":{"@type":"PropertyValueSpecification","valueRequired":true,"valueName":"search_term_string"}}],"inLanguage":"da-DK"},{"@type":"Organization","@id":"https:\/\/kunmedierne.dk\/thy\/#organization","name":"Thy","url":"https:\/\/kunmedierne.dk\/thy\/","logo":{"@type":"ImageObject","inLanguage":"da-DK","@id":"https:\/\/kunmedierne.dk\/thy\/#\/schema\/logo\/image\/","url":"https:\/\/kunmedierne.dk\/thy\/wp-content\/uploads\/sites\/2\/2025\/04\/kunthy-logo.svg","contentUrl":"https:\/\/kunmedierne.dk\/thy\/wp-content\/uploads\/sites\/2\/2025\/04\/kunthy-logo.svg","caption":"Thy"},"image":{"@id":"https:\/\/kunmedierne.dk\/thy\/#\/schema\/logo\/image\/"}},{"@type":"Person","@id":"https:\/\/kunmedierne.dk\/thy\/#\/schema\/person\/88f5be46809ca2a5533760eb574fef93","name":"Jens Fogh Andersen","image":{"@type":"ImageObject","inLanguage":"da-DK","@id":"https:\/\/kunmedierne.dk\/thy\/#\/schema\/person\/image\/","url":"https:\/\/secure.gravatar.com\/avatar\/2b367a4ef139b1c41dccc9ee7af926b81f8b4cca3359772e86c7fd5ced26c0a3?s=96&d=mm&r=g","contentUrl":"https:\/\/secure.gravatar.com\/avatar\/2b367a4ef139b1c41dccc9ee7af926b81f8b4cca3359772e86c7fd5ced26c0a3?s=96&d=mm&r=g","caption":"Jens Fogh Andersen"},"url":"https:\/\/kunmedierne.dk\/thy\/author\/jfa\/"}]}},"_links":{"self":[{"href":"https:\/\/kunmedierne.dk\/thy\/wp-json\/wp\/v2\/posts\/17842","targetHints":{"allow":["GET"]}}],"collection":[{"href":"https:\/\/kunmedierne.dk\/thy\/wp-json\/wp\/v2\/posts"}],"about":[{"href":"https:\/\/kunmedierne.dk\/thy\/wp-json\/wp\/v2\/types\/post"}],"author":[{"embeddable":true,"href":"https:\/\/kunmedierne.dk\/thy\/wp-json\/wp\/v2\/users\/4535"}],"replies":[{"embeddable":true,"href":"https:\/\/kunmedierne.dk\/thy\/wp-json\/wp\/v2\/comments?post=17842"}],"version-history":[{"count":6,"href":"https:\/\/kunmedierne.dk\/thy\/wp-json\/wp\/v2\/posts\/17842\/revisions"}],"predecessor-version":[{"id":17854,"href":"https:\/\/kunmedierne.dk\/thy\/wp-json\/wp\/v2\/posts\/17842\/revisions\/17854"}],"wp:attachment":[{"href":"https:\/\/kunmedierne.dk\/thy\/wp-json\/wp\/v2\/media?parent=17842"}],"wp:term":[{"taxonomy":"category","embeddable":true,"href":"https:\/\/kunmedierne.dk\/thy\/wp-json\/wp\/v2\/categories?post=17842"},{"taxonomy":"post_tag","embeddable":true,"href":"https:\/\/kunmedierne.dk\/thy\/wp-json\/wp\/v2\/tags?post=17842"}],"curies":[{"name":"wp","href":"https:\/\/api.w.org\/{rel}","templated":true}]}}