{"id":17649,"date":"2026-02-22T14:22:36","date_gmt":"2026-02-22T13:22:36","guid":{"rendered":"https:\/\/kunmedierne.dk\/thy\/?p=17649"},"modified":"2026-02-22T09:25:57","modified_gmt":"2026-02-22T08:25:57","slug":"borgmesteren-om-ny-svineproduktion-i-tangrimme-det-er-frygtelig-dilemma-fyldt","status":"publish","type":"post","link":"https:\/\/kunmedierne.dk\/thy\/borgmesteren-om-ny-svineproduktion-i-tangrimme-det-er-frygtelig-dilemma-fyldt\/","title":{"rendered":"<span>Borgmesteren om ny svineproduktion i Tangrimme<\/span>: Det er frygtelig dilemma-fyldt"},"content":{"rendered":"<p><strong>THY-HANN\u00c6S:<\/strong> &#8211; Vi kan ikke tage rettigheder fra folk, fordi vi p\u00e5t\u00e6nker at etablere et naturomr\u00e5de.<\/p>\n<p>Det fastsl\u00e5r Thisted Kommunes borgmester, Niels J\u00f8rgen Pedersen.<\/p>\n<p>KunThy har interviewet borgmesteren om en sag, der allerede har givet debat p\u00e5 de sociale medier &#8211; og som han kalder &#8220;frygtelig dilemmafyldt&#8221;.<\/p>\n<p>Sagens kernepunkt er, at landmand Thomas Kristoffersen \u00f8nsker at opf\u00f8re et nyt staldanl\u00e6g til produktion af 100.000 slagtesvin p\u00e5 adressen Tangrimme 13 B. Han har sendt en ans\u00f8gning om milj\u00f8godkendelse i Thisted Kommune tilbage i november 2024, og sagen behandles stadig.<\/p>\n<a class=\"dvrt-link\" onClick=\"cdmtrack_click(4416,jQuery(this));return false\" href=\"https:\/\/sdrhaa.dk\/\"><img decoding=\"async\" style=\"width:100%;\" src=\"https:\/\/kunmedierne.dk\/thy\/wp-content\/uploads\/sites\/2\/2025\/05\/260302Din-gebyrvenlige-sparekasse_SHS_Thy-1.gif\"><\/a><script>cdmtrack_view(4416);<\/script>\n<p>I mellemtiden er et 4000 hektar stort omr\u00e5de mellem L\u00f8nnerup Fjord og Hanstholm udpeget til et forunders\u00f8gelsesprojekt, som Thisted Kommune, Fjordland og Naturstyrelsen samarbejder om. Omr\u00e5det kan ved hj\u00e6lp af frivillige aftaler med lodsejere omdannes til et lavbundsomr\u00e5de eller v\u00e5domr\u00e5de &#8211; som led i Gr\u00f8n Trepart og m\u00e5let om at reducere kv\u00e6lstofudledningen til Limfjorden.<\/p>\n<p><a href=\"https:\/\/kunmedierne.dk\/thy\/422-lodsejere-involveres-i-vaadomraadeprojekt-ved-storaaen\/\">L\u00e6s mere om Stor\u00e5dalen her.<\/a><\/p>\n<p>Sidste \u00e5r gik Thisted Kommune ogs\u00e5 med i Naturalliancen, der handler om at skabe mere sammenh\u00e6ngende natur i et b\u00e6lte fra Nationalpark Thy til Jammerbugt.<\/p>\n<p>Og fredag 20. februar offentliggjorde minister for Gr\u00f8n Trepart, Jeppe Bruus, seks signaturprojekter, hvor omr\u00e5det mellem Hanstholm \u00e5 og L\u00f8nnerup Fjord skal v\u00e6re et sammenh\u00e6ngende naturomr\u00e5de.<\/p>\n<p><a href=\"https:\/\/kunmedierne.dk\/thy\/nu-skal-arbejdet-med-et-stort-naturomraade-i-thy-i-gang\/\">L\u00e6s om det nye naturomr\u00e5de her.<\/a><\/p>\n<p>Thomas Kristoffersens nye staldanl\u00e6g kan blive placeret midt i dette kernenaturomr\u00e5de, som har mange parters bev\u00e5genhed.<\/p>\n<p>&#8211; Jeg kan godt forst\u00e5, at det udefra set virker som lidt af et paradoks, hvis man p\u00e5 den ene side planl\u00e6gger et kommende naturomr\u00e5de &#8211; og p\u00e5 den anden side giver lov til en svineproduktion af den st\u00f8rrelse. Men ans\u00f8gningen er kommet f\u00f8r vi har udpeget Stor\u00e5dalen til en forunders\u00f8gelse.<\/p>\n<a class=\"dvrt-link\" onClick=\"cdmtrack_click(685,jQuery(this));return false\" href=\"https:\/\/wensien.dk\/begravelse\/?gad_source=1&gclid=Cj0KCQjwtJ6_BhDWARIsAGanmKcWw6hbeoepGti1oApJGHln52gMbg8EBRZ86__3P1AJZ5dcsw4ZvNEaAk7JEALw_wcB\"><img decoding=\"async\" style=\"width:100%;\" src=\"https:\/\/kunmedierne.dk\/thy\/wp-content\/uploads\/sites\/2\/2025\/03\/wensien-stenhugger.jpg\"><\/a><script>cdmtrack_view(685);<\/script>\n<p>&#8211; Vi skal overholde den lovgivning, der er. Hvis staldanl\u00e6gget overholder reglerne, kan vi ikke sige nej, siger borgmester Niels J\u00f8rgen Pedersen.<\/p>\n<p><a href=\"https:\/\/kunmedierne.dk\/thy\/kommunen-kan-give-lov-til-ny-svinestald-i-tangrimme-uden-at-skele-til-fremtidigt-vaadomraade\/\">L\u00e6s om kommunens milj\u00f8vurdering her.<\/a><\/p>\n<p>Niels J\u00f8rgen Pedersen, der selv er landmand, mener, at man skal have respekt for landbrugserhvervet og have \u00f8je for betydningen af det lokale slagteri, Tican.<\/p>\n<p>Niels J\u00f8rgen Pedersen st\u00e5r som borgmester samtidig i spidsen for den lokale gr\u00f8nne trepart &#8211; en plan, der indeb\u00e6rer en &#8220;k\u00e6mpe oml\u00e6gning af vores arealer&#8221;.\u00a0 Og her er landbruget en vigtig medspiller.<\/p>\n<p>&#8211; For mig at se er det vigtigt, at vi lykkes med den gr\u00f8nne omstilling, og det skal vi sammen med landbruget. Det handler om at have en pragmatisk tilgang. Ellers kommer det ikke til at lykkes, understreger Niels J\u00f8rgen Pedersen.<\/p>\n<p>Borgmester Niels J\u00f8rgen Pedersen peger dog ogs\u00e5 p\u00e5 en anden mulighed for, at hensynet til det kommende naturomr\u00e5de og landmand Thomas Kristoffersens ret til at bygge et nyt staldanl\u00e6g p\u00e5 sit areal.<\/p>\n<p>&#8211; Kunne man finde et andet sted, hvor han kunne etablere sin svineproduktion? Det ville m\u00e5ske v\u00e6re v\u00e6rd at unders\u00f8ge.<\/p>\n<p>&nbsp;<\/p>\n<p>&nbsp;<\/p>\n","protected":false},"excerpt":{"rendered":"<p>THY-HANN\u00c6S: &#8211; Vi kan ikke tage rettigheder fra folk, fordi vi p\u00e5t\u00e6nker at etablere et naturomr\u00e5de. Det fastsl\u00e5r Thisted Kommunes borgmester, Niels J\u00f8rgen Pedersen. KunThy har interviewet borgmesteren om en sag, der allerede har givet debat p\u00e5 de sociale medier &#8211; og som han kalder &#8220;frygtelig dilemmafyldt&#8221;. Sagens kernepunkt er, at landmand Thomas Kristoffersen \u00f8nsker [&hellip;]<\/p>\n","protected":false},"author":1925,"featured_media":0,"comment_status":"closed","ping_status":"closed","sticky":false,"template":"","format":"standard","meta":{"_acf_changed":false,"footnotes":""},"categories":[24],"tags":[50,70,48,49],"class_list":["post-17649","post","type-post","status-publish","format-standard","hentry","category-lokalt","tag-erhverv","tag-landbrug","tag-miljoe","tag-natur"],"acf":[],"yoast_head":"<!-- This site is optimized with the Yoast SEO plugin v26.8 - https:\/\/yoast.com\/product\/yoast-seo-wordpress\/ -->\n<title>Borgmesteren om ny svineproduktion i Tangrimme: Det er frygtelig dilemma-fyldt - Thy<\/title>\n<meta name=\"robots\" content=\"index, follow, max-snippet:-1, max-image-preview:large, max-video-preview:-1\" \/>\n<link rel=\"canonical\" href=\"https:\/\/kunmedierne.dk\/thy\/borgmesteren-om-ny-svineproduktion-i-tangrimme-det-er-frygtelig-dilemma-fyldt\/\" \/>\n<meta property=\"og:locale\" content=\"da_DK\" \/>\n<meta property=\"og:type\" content=\"article\" \/>\n<meta property=\"og:title\" content=\"Borgmesteren om ny svineproduktion i Tangrimme: Det er frygtelig dilemma-fyldt - Thy\" \/>\n<meta property=\"og:description\" content=\"THY-HANN\u00c6S: &#8211; Vi kan ikke tage rettigheder fra folk, fordi vi p\u00e5t\u00e6nker at etablere et naturomr\u00e5de. Det fastsl\u00e5r Thisted Kommunes borgmester, Niels J\u00f8rgen Pedersen. KunThy har interviewet borgmesteren om en sag, der allerede har givet debat p\u00e5 de sociale medier &#8211; og som han kalder &#8220;frygtelig dilemmafyldt&#8221;. Sagens kernepunkt er, at landmand Thomas Kristoffersen \u00f8nsker [&hellip;]\" \/>\n<meta property=\"og:url\" content=\"https:\/\/kunmedierne.dk\/thy\/borgmesteren-om-ny-svineproduktion-i-tangrimme-det-er-frygtelig-dilemma-fyldt\/\" \/>\n<meta property=\"og:site_name\" content=\"Thy\" \/>\n<meta property=\"article:published_time\" content=\"2026-02-22T13:22:36+00:00\" \/>\n<meta name=\"author\" content=\"Lone L\u00e6rke Krog\" \/>\n<meta name=\"twitter:card\" content=\"summary_large_image\" \/>\n<meta name=\"twitter:label1\" content=\"Skrevet af\" \/>\n\t<meta name=\"twitter:data1\" content=\"Lone L\u00e6rke Krog\" \/>\n\t<meta name=\"twitter:label2\" content=\"Estimeret l\u00e6setid\" \/>\n\t<meta name=\"twitter:data2\" content=\"3 minutter\" \/>\n<script type=\"application\/ld+json\" class=\"yoast-schema-graph\">{\"@context\":\"https:\/\/schema.org\",\"@graph\":[{\"@type\":\"Article\",\"@id\":\"https:\/\/kunmedierne.dk\/thy\/borgmesteren-om-ny-svineproduktion-i-tangrimme-det-er-frygtelig-dilemma-fyldt\/#article\",\"isPartOf\":{\"@id\":\"https:\/\/kunmedierne.dk\/thy\/borgmesteren-om-ny-svineproduktion-i-tangrimme-det-er-frygtelig-dilemma-fyldt\/\"},\"author\":{\"name\":\"Lone L\u00e6rke Krog\",\"@id\":\"https:\/\/kunmedierne.dk\/thy\/#\/schema\/person\/d266634ba6550d075ecf540d63b245d2\"},\"headline\":\"Borgmesteren om ny svineproduktion i Tangrimme: Det er frygtelig dilemma-fyldt\",\"datePublished\":\"2026-02-22T13:22:36+00:00\",\"mainEntityOfPage\":{\"@id\":\"https:\/\/kunmedierne.dk\/thy\/borgmesteren-om-ny-svineproduktion-i-tangrimme-det-er-frygtelig-dilemma-fyldt\/\"},\"wordCount\":521,\"publisher\":{\"@id\":\"https:\/\/kunmedierne.dk\/thy\/#organization\"},\"keywords\":[\"Erhverv\",\"Landbrug\",\"Milj\u00f8\",\"Natur\"],\"articleSection\":[\"Lokalt\"],\"inLanguage\":\"da-DK\"},{\"@type\":\"WebPage\",\"@id\":\"https:\/\/kunmedierne.dk\/thy\/borgmesteren-om-ny-svineproduktion-i-tangrimme-det-er-frygtelig-dilemma-fyldt\/\",\"url\":\"https:\/\/kunmedierne.dk\/thy\/borgmesteren-om-ny-svineproduktion-i-tangrimme-det-er-frygtelig-dilemma-fyldt\/\",\"name\":\"Borgmesteren om ny svineproduktion i Tangrimme: Det er frygtelig dilemma-fyldt - Thy\",\"isPartOf\":{\"@id\":\"https:\/\/kunmedierne.dk\/thy\/#website\"},\"datePublished\":\"2026-02-22T13:22:36+00:00\",\"breadcrumb\":{\"@id\":\"https:\/\/kunmedierne.dk\/thy\/borgmesteren-om-ny-svineproduktion-i-tangrimme-det-er-frygtelig-dilemma-fyldt\/#breadcrumb\"},\"inLanguage\":\"da-DK\",\"potentialAction\":[{\"@type\":\"ReadAction\",\"target\":[\"https:\/\/kunmedierne.dk\/thy\/borgmesteren-om-ny-svineproduktion-i-tangrimme-det-er-frygtelig-dilemma-fyldt\/\"]}]},{\"@type\":\"BreadcrumbList\",\"@id\":\"https:\/\/kunmedierne.dk\/thy\/borgmesteren-om-ny-svineproduktion-i-tangrimme-det-er-frygtelig-dilemma-fyldt\/#breadcrumb\",\"itemListElement\":[{\"@type\":\"ListItem\",\"position\":1,\"name\":\"Home\",\"item\":\"https:\/\/kunmedierne.dk\/thy\/\"},{\"@type\":\"ListItem\",\"position\":2,\"name\":\"Borgmesteren om ny svineproduktion i Tangrimme: Det er frygtelig dilemma-fyldt\"}]},{\"@type\":\"WebSite\",\"@id\":\"https:\/\/kunmedierne.dk\/thy\/#website\",\"url\":\"https:\/\/kunmedierne.dk\/thy\/\",\"name\":\"Thy\",\"description\":\"et netmedie med journalistik om livet i Thy\",\"publisher\":{\"@id\":\"https:\/\/kunmedierne.dk\/thy\/#organization\"},\"potentialAction\":[{\"@type\":\"SearchAction\",\"target\":{\"@type\":\"EntryPoint\",\"urlTemplate\":\"https:\/\/kunmedierne.dk\/thy\/?s={search_term_string}\"},\"query-input\":{\"@type\":\"PropertyValueSpecification\",\"valueRequired\":true,\"valueName\":\"search_term_string\"}}],\"inLanguage\":\"da-DK\"},{\"@type\":\"Organization\",\"@id\":\"https:\/\/kunmedierne.dk\/thy\/#organization\",\"name\":\"Thy\",\"url\":\"https:\/\/kunmedierne.dk\/thy\/\",\"logo\":{\"@type\":\"ImageObject\",\"inLanguage\":\"da-DK\",\"@id\":\"https:\/\/kunmedierne.dk\/thy\/#\/schema\/logo\/image\/\",\"url\":\"https:\/\/kunmedierne.dk\/thy\/wp-content\/uploads\/sites\/2\/2025\/04\/kunthy-logo.svg\",\"contentUrl\":\"https:\/\/kunmedierne.dk\/thy\/wp-content\/uploads\/sites\/2\/2025\/04\/kunthy-logo.svg\",\"caption\":\"Thy\"},\"image\":{\"@id\":\"https:\/\/kunmedierne.dk\/thy\/#\/schema\/logo\/image\/\"}},{\"@type\":\"Person\",\"@id\":\"https:\/\/kunmedierne.dk\/thy\/#\/schema\/person\/d266634ba6550d075ecf540d63b245d2\",\"name\":\"Lone L\u00e6rke Krog\",\"image\":{\"@type\":\"ImageObject\",\"inLanguage\":\"da-DK\",\"@id\":\"https:\/\/kunmedierne.dk\/thy\/#\/schema\/person\/image\/\",\"url\":\"https:\/\/secure.gravatar.com\/avatar\/496ddc7080e56b4ac64cfd4e56bd6d1ee396fa3db1923aa22f11346f60bb135b?s=96&d=mm&r=g\",\"contentUrl\":\"https:\/\/secure.gravatar.com\/avatar\/496ddc7080e56b4ac64cfd4e56bd6d1ee396fa3db1923aa22f11346f60bb135b?s=96&d=mm&r=g\",\"caption\":\"Lone L\u00e6rke Krog\"},\"url\":\"https:\/\/kunmedierne.dk\/thy\/author\/llk\/\"}]}<\/script>\n<!-- \/ Yoast SEO plugin. -->","yoast_head_json":{"title":"Borgmesteren om ny svineproduktion i Tangrimme: Det er frygtelig dilemma-fyldt - Thy","robots":{"index":"index","follow":"follow","max-snippet":"max-snippet:-1","max-image-preview":"max-image-preview:large","max-video-preview":"max-video-preview:-1"},"canonical":"https:\/\/kunmedierne.dk\/thy\/borgmesteren-om-ny-svineproduktion-i-tangrimme-det-er-frygtelig-dilemma-fyldt\/","og_locale":"da_DK","og_type":"article","og_title":"Borgmesteren om ny svineproduktion i Tangrimme: Det er frygtelig dilemma-fyldt - Thy","og_description":"THY-HANN\u00c6S: &#8211; Vi kan ikke tage rettigheder fra folk, fordi vi p\u00e5t\u00e6nker at etablere et naturomr\u00e5de. Det fastsl\u00e5r Thisted Kommunes borgmester, Niels J\u00f8rgen Pedersen. KunThy har interviewet borgmesteren om en sag, der allerede har givet debat p\u00e5 de sociale medier &#8211; og som han kalder &#8220;frygtelig dilemmafyldt&#8221;. Sagens kernepunkt er, at landmand Thomas Kristoffersen \u00f8nsker [&hellip;]","og_url":"https:\/\/kunmedierne.dk\/thy\/borgmesteren-om-ny-svineproduktion-i-tangrimme-det-er-frygtelig-dilemma-fyldt\/","og_site_name":"Thy","article_published_time":"2026-02-22T13:22:36+00:00","author":"Lone L\u00e6rke Krog","twitter_card":"summary_large_image","twitter_misc":{"Skrevet af":"Lone L\u00e6rke Krog","Estimeret l\u00e6setid":"3 minutter"},"schema":{"@context":"https:\/\/schema.org","@graph":[{"@type":"Article","@id":"https:\/\/kunmedierne.dk\/thy\/borgmesteren-om-ny-svineproduktion-i-tangrimme-det-er-frygtelig-dilemma-fyldt\/#article","isPartOf":{"@id":"https:\/\/kunmedierne.dk\/thy\/borgmesteren-om-ny-svineproduktion-i-tangrimme-det-er-frygtelig-dilemma-fyldt\/"},"author":{"name":"Lone L\u00e6rke Krog","@id":"https:\/\/kunmedierne.dk\/thy\/#\/schema\/person\/d266634ba6550d075ecf540d63b245d2"},"headline":"Borgmesteren om ny svineproduktion i Tangrimme: Det er frygtelig dilemma-fyldt","datePublished":"2026-02-22T13:22:36+00:00","mainEntityOfPage":{"@id":"https:\/\/kunmedierne.dk\/thy\/borgmesteren-om-ny-svineproduktion-i-tangrimme-det-er-frygtelig-dilemma-fyldt\/"},"wordCount":521,"publisher":{"@id":"https:\/\/kunmedierne.dk\/thy\/#organization"},"keywords":["Erhverv","Landbrug","Milj\u00f8","Natur"],"articleSection":["Lokalt"],"inLanguage":"da-DK"},{"@type":"WebPage","@id":"https:\/\/kunmedierne.dk\/thy\/borgmesteren-om-ny-svineproduktion-i-tangrimme-det-er-frygtelig-dilemma-fyldt\/","url":"https:\/\/kunmedierne.dk\/thy\/borgmesteren-om-ny-svineproduktion-i-tangrimme-det-er-frygtelig-dilemma-fyldt\/","name":"Borgmesteren om ny svineproduktion i Tangrimme: Det er frygtelig dilemma-fyldt - Thy","isPartOf":{"@id":"https:\/\/kunmedierne.dk\/thy\/#website"},"datePublished":"2026-02-22T13:22:36+00:00","breadcrumb":{"@id":"https:\/\/kunmedierne.dk\/thy\/borgmesteren-om-ny-svineproduktion-i-tangrimme-det-er-frygtelig-dilemma-fyldt\/#breadcrumb"},"inLanguage":"da-DK","potentialAction":[{"@type":"ReadAction","target":["https:\/\/kunmedierne.dk\/thy\/borgmesteren-om-ny-svineproduktion-i-tangrimme-det-er-frygtelig-dilemma-fyldt\/"]}]},{"@type":"BreadcrumbList","@id":"https:\/\/kunmedierne.dk\/thy\/borgmesteren-om-ny-svineproduktion-i-tangrimme-det-er-frygtelig-dilemma-fyldt\/#breadcrumb","itemListElement":[{"@type":"ListItem","position":1,"name":"Home","item":"https:\/\/kunmedierne.dk\/thy\/"},{"@type":"ListItem","position":2,"name":"Borgmesteren om ny svineproduktion i Tangrimme: Det er frygtelig dilemma-fyldt"}]},{"@type":"WebSite","@id":"https:\/\/kunmedierne.dk\/thy\/#website","url":"https:\/\/kunmedierne.dk\/thy\/","name":"Thy","description":"et netmedie med journalistik om livet i Thy","publisher":{"@id":"https:\/\/kunmedierne.dk\/thy\/#organization"},"potentialAction":[{"@type":"SearchAction","target":{"@type":"EntryPoint","urlTemplate":"https:\/\/kunmedierne.dk\/thy\/?s={search_term_string}"},"query-input":{"@type":"PropertyValueSpecification","valueRequired":true,"valueName":"search_term_string"}}],"inLanguage":"da-DK"},{"@type":"Organization","@id":"https:\/\/kunmedierne.dk\/thy\/#organization","name":"Thy","url":"https:\/\/kunmedierne.dk\/thy\/","logo":{"@type":"ImageObject","inLanguage":"da-DK","@id":"https:\/\/kunmedierne.dk\/thy\/#\/schema\/logo\/image\/","url":"https:\/\/kunmedierne.dk\/thy\/wp-content\/uploads\/sites\/2\/2025\/04\/kunthy-logo.svg","contentUrl":"https:\/\/kunmedierne.dk\/thy\/wp-content\/uploads\/sites\/2\/2025\/04\/kunthy-logo.svg","caption":"Thy"},"image":{"@id":"https:\/\/kunmedierne.dk\/thy\/#\/schema\/logo\/image\/"}},{"@type":"Person","@id":"https:\/\/kunmedierne.dk\/thy\/#\/schema\/person\/d266634ba6550d075ecf540d63b245d2","name":"Lone L\u00e6rke Krog","image":{"@type":"ImageObject","inLanguage":"da-DK","@id":"https:\/\/kunmedierne.dk\/thy\/#\/schema\/person\/image\/","url":"https:\/\/secure.gravatar.com\/avatar\/496ddc7080e56b4ac64cfd4e56bd6d1ee396fa3db1923aa22f11346f60bb135b?s=96&d=mm&r=g","contentUrl":"https:\/\/secure.gravatar.com\/avatar\/496ddc7080e56b4ac64cfd4e56bd6d1ee396fa3db1923aa22f11346f60bb135b?s=96&d=mm&r=g","caption":"Lone L\u00e6rke Krog"},"url":"https:\/\/kunmedierne.dk\/thy\/author\/llk\/"}]}},"_links":{"self":[{"href":"https:\/\/kunmedierne.dk\/thy\/wp-json\/wp\/v2\/posts\/17649","targetHints":{"allow":["GET"]}}],"collection":[{"href":"https:\/\/kunmedierne.dk\/thy\/wp-json\/wp\/v2\/posts"}],"about":[{"href":"https:\/\/kunmedierne.dk\/thy\/wp-json\/wp\/v2\/types\/post"}],"author":[{"embeddable":true,"href":"https:\/\/kunmedierne.dk\/thy\/wp-json\/wp\/v2\/users\/1925"}],"replies":[{"embeddable":true,"href":"https:\/\/kunmedierne.dk\/thy\/wp-json\/wp\/v2\/comments?post=17649"}],"version-history":[{"count":12,"href":"https:\/\/kunmedierne.dk\/thy\/wp-json\/wp\/v2\/posts\/17649\/revisions"}],"predecessor-version":[{"id":17826,"href":"https:\/\/kunmedierne.dk\/thy\/wp-json\/wp\/v2\/posts\/17649\/revisions\/17826"}],"wp:attachment":[{"href":"https:\/\/kunmedierne.dk\/thy\/wp-json\/wp\/v2\/media?parent=17649"}],"wp:term":[{"taxonomy":"category","embeddable":true,"href":"https:\/\/kunmedierne.dk\/thy\/wp-json\/wp\/v2\/categories?post=17649"},{"taxonomy":"post_tag","embeddable":true,"href":"https:\/\/kunmedierne.dk\/thy\/wp-json\/wp\/v2\/tags?post=17649"}],"curies":[{"name":"wp","href":"https:\/\/api.w.org\/{rel}","templated":true}]}}