{"id":17647,"date":"2026-02-22T07:22:10","date_gmt":"2026-02-22T06:22:10","guid":{"rendered":"https:\/\/kunmedierne.dk\/thy\/?p=17647"},"modified":"2026-02-22T09:13:30","modified_gmt":"2026-02-22T08:13:30","slug":"kommunen-kan-give-lov-til-ny-svinestald-i-tangrimme-uden-at-skele-til-fremtidigt-vaadomraade","status":"publish","type":"post","link":"https:\/\/kunmedierne.dk\/thy\/kommunen-kan-give-lov-til-ny-svinestald-i-tangrimme-uden-at-skele-til-fremtidigt-vaadomraade\/","title":{"rendered":"Kommunen kan give lov til ny svinestald i Tangrimme uden at skele til fremtidigt v\u00e5domr\u00e5de"},"content":{"rendered":"<p><strong>THY-HANN\u00c6S<\/strong>: 13. november 2024 modtog Thisted Kommune en ans\u00f8gning fra landmand Thomas Kristoffersen, Skinnerup.<\/p>\n<p>Der s\u00f8ges om milj\u00f8godkendelse til etablering af et staldanl\u00e6g til slagtegrise p\u00e5 Tangrimme 13B, 7700 Thisted. Staldanl\u00e6gget skal indeholde 25.000 stipladser til slagtegrise fordelt p\u00e5 26 sektioner med et areal p\u00e5 hver ca. 743 kvadratmeter. Der kan produceres ca. 100.000 slagtegrise om \u00e5ret.<\/p>\n<p><a href=\"https:\/\/kunmedierne.dk\/thy\/landmand-tangrimme-er-et-ideelt-sted-til-nye-svinestalde\/\">L\u00e6s om svineproducentens plan her.<\/a><\/p>\n<p>Sektionsleder i Landbrug og Natur, Tanja Binderup, siger, at ans\u00f8gningen ikke kunne sagsbehandles, f\u00f8r den nye kommuneplan blev vedtaget, hvorfor den fra begyndelsen blev nogle m\u00e5neder forsinket.<\/p>\n<a class=\"dvrt-link\" onClick=\"cdmtrack_click(1130,jQuery(this));return false\" href=\"https:\/\/www.thistedforsikring.dk\/?utm_source=partnerskaber&amp;utm_campaign=kun_thy\"><img decoding=\"async\" style=\"width:100%;\" src=\"https:\/\/kunmedierne.dk\/thy\/wp-content\/uploads\/sites\/2\/2025\/04\/260409KunThyThisted-For-1.png\"><\/a><script>cdmtrack_view(1130);<\/script>\n<p>I september sidste \u00e5r blev ans\u00f8gningen forannonceret p\u00e5 Thisted Kommunes hjemmeside. Det er normalt p\u00e5 den m\u00e5de at orientere offentligheden ved ans\u00f8gninger af den kaliber.<\/p>\n<p>Den aktuelle situation er, at sagen er sendt tilbage til ans\u00f8ger, idet der er &#8220;ting, der mangler belyst&#8221;.<\/p>\n<p>&#8211; Der ligger et stort arbejde for ans\u00f8ger i at skulle sandsynligg\u00f8re, at han kan overholde g\u00e6ldende krav og normer for at opn\u00e5 milj\u00f8godkendelsen, understreger sektionslederen.<\/p>\n<p>Eksempelvis skal ans\u00f8ger ogs\u00e5 dokumentere, hvordan han vil sikre ejendommen mod fremtidige oversv\u00f8mmelser.<\/p>\n<p>Tanja Binderup forklarer, at en milj\u00f8godkendelse tager udgangspunkt i de specifikke krav, der f\u00f8lger af husdyrbrugloven og godkendelsesbekendtg\u00f8relsen. Sidstn\u00e6vnte handler om p\u00e5virkning af det omgivende milj\u00f8.<\/p>\n<a class=\"dvrt-link\" onClick=\"cdmtrack_click(685,jQuery(this));return false\" href=\"https:\/\/wensien.dk\/begravelse\/?gad_source=1&gclid=Cj0KCQjwtJ6_BhDWARIsAGanmKcWw6hbeoepGti1oApJGHln52gMbg8EBRZ86__3P1AJZ5dcsw4ZvNEaAk7JEALw_wcB\"><img decoding=\"async\" style=\"width:100%;\" src=\"https:\/\/kunmedierne.dk\/thy\/wp-content\/uploads\/sites\/2\/2025\/03\/wensien-stenhugger.jpg\"><\/a><script>cdmtrack_view(685);<\/script>\n<p>Det vurderes eksempelvis, om udledning af ammoniak til omgivelserne holder sig inden for reglerne, at der ikke er for meget st\u00f8j eller belastninger af omgivelserne.<\/p>\n<p>&#8211; Hvis ans\u00f8gningen overholder reglerne, har vi ingen mulighed for andet end at sige ja, siger Tanja Binderup.<\/p>\n<p>Projektet er dog s\u00e5 stort, at Thisted Kommune har eksterne konsulenter til at gennemg\u00e5 dele af ans\u00f8gningsmaterialet.<\/p>\n<p>Staldanl\u00e6gget kommer til at blive placeret midt i et omr\u00e5de, som Thisted Kommune, Naturstyrelsen og Fjordland samarbejder om i et forunders\u00f8gelsesprojekt under Gr\u00f8n Trepart.<\/p>\n<p><a href=\"https:\/\/kunmedierne.dk\/thy\/422-lodsejere-involveres-i-vaadomraadeprojekt-ved-storaaen\/\">L\u00e6s om Stor\u00e5-projektet her.<\/a><\/p>\n<a class=\"dvrt-link\" onClick=\"cdmtrack_click(685,jQuery(this));return false\" href=\"https:\/\/wensien.dk\/begravelse\/?gad_source=1&gclid=Cj0KCQjwtJ6_BhDWARIsAGanmKcWw6hbeoepGti1oApJGHln52gMbg8EBRZ86__3P1AJZ5dcsw4ZvNEaAk7JEALw_wcB\"><img decoding=\"async\" style=\"width:100%;\" src=\"https:\/\/kunmedierne.dk\/thy\/wp-content\/uploads\/sites\/2\/2025\/03\/wensien-stenhugger.jpg\"><\/a><script>cdmtrack_view(685);<\/script>\n<p>Men dette kan der ikke skeles til.<\/p>\n<p>&#8211; Kommunen har ingen hjemmel til at afsl\u00e5 ans\u00f8gningen om staldanl\u00e6gget, hvis det overholder g\u00e6ldende regler, siger Tanja Binderup.<\/p>\n<p>Omr\u00e5det ligger ikke i beskyttet natur, der er dyrkede marker &#8211; og langt til naboer.<\/p>\n<p>Hvis Thomas Kristoffersen f\u00e5r sin milj\u00f8godkendelse til opf\u00f8relsen af staldanl\u00e6gget, vil et udkast blive sendt i offentlig h\u00f8ring.<\/p>\n<p>Som udgangspunkt skal politikerne i Thisted Kommunalbestyrelse ikke behandle milj\u00f8vurderingen, da der ikke laves lokalplaner for landbrug.<\/p>\n<p>&nbsp;<\/p>\n","protected":false},"excerpt":{"rendered":"<p>THY-HANN\u00c6S: 13. november 2024 modtog Thisted Kommune en ans\u00f8gning fra landmand Thomas Kristoffersen, Skinnerup. Der s\u00f8ges om milj\u00f8godkendelse til etablering af et staldanl\u00e6g til slagtegrise p\u00e5 Tangrimme 13B, 7700 Thisted. Staldanl\u00e6gget skal indeholde 25.000 stipladser til slagtegrise fordelt p\u00e5 26 sektioner med et areal p\u00e5 hver ca. 743 kvadratmeter. Der kan produceres ca. 100.000 slagtegrise [&hellip;]<\/p>\n","protected":false},"author":1925,"featured_media":0,"comment_status":"closed","ping_status":"closed","sticky":false,"template":"","format":"standard","meta":{"_acf_changed":false,"footnotes":""},"categories":[24],"tags":[42,70,48],"class_list":["post-17647","post","type-post","status-publish","format-standard","hentry","category-lokalt","tag-byggeri","tag-landbrug","tag-miljoe"],"acf":[],"yoast_head":"<!-- This site is optimized with the Yoast SEO plugin v26.8 - https:\/\/yoast.com\/product\/yoast-seo-wordpress\/ -->\n<title>Kommunen kan give lov til ny svinestald i Tangrimme uden at skele til fremtidigt v\u00e5domr\u00e5de - Thy<\/title>\n<meta name=\"robots\" content=\"index, follow, max-snippet:-1, max-image-preview:large, max-video-preview:-1\" \/>\n<link rel=\"canonical\" href=\"https:\/\/kunmedierne.dk\/thy\/kommunen-kan-give-lov-til-ny-svinestald-i-tangrimme-uden-at-skele-til-fremtidigt-vaadomraade\/\" \/>\n<meta property=\"og:locale\" content=\"da_DK\" \/>\n<meta property=\"og:type\" content=\"article\" \/>\n<meta property=\"og:title\" content=\"Kommunen kan give lov til ny svinestald i Tangrimme uden at skele til fremtidigt v\u00e5domr\u00e5de - Thy\" \/>\n<meta property=\"og:description\" content=\"THY-HANN\u00c6S: 13. november 2024 modtog Thisted Kommune en ans\u00f8gning fra landmand Thomas Kristoffersen, Skinnerup. Der s\u00f8ges om milj\u00f8godkendelse til etablering af et staldanl\u00e6g til slagtegrise p\u00e5 Tangrimme 13B, 7700 Thisted. Staldanl\u00e6gget skal indeholde 25.000 stipladser til slagtegrise fordelt p\u00e5 26 sektioner med et areal p\u00e5 hver ca. 743 kvadratmeter. Der kan produceres ca. 100.000 slagtegrise [&hellip;]\" \/>\n<meta property=\"og:url\" content=\"https:\/\/kunmedierne.dk\/thy\/kommunen-kan-give-lov-til-ny-svinestald-i-tangrimme-uden-at-skele-til-fremtidigt-vaadomraade\/\" \/>\n<meta property=\"og:site_name\" content=\"Thy\" \/>\n<meta property=\"article:published_time\" content=\"2026-02-22T06:22:10+00:00\" \/>\n<meta property=\"article:modified_time\" content=\"2026-02-22T08:13:30+00:00\" \/>\n<meta name=\"author\" content=\"Lone L\u00e6rke Krog\" \/>\n<meta name=\"twitter:card\" content=\"summary_large_image\" \/>\n<meta name=\"twitter:label1\" content=\"Skrevet af\" \/>\n\t<meta name=\"twitter:data1\" content=\"Lone L\u00e6rke Krog\" \/>\n\t<meta name=\"twitter:label2\" content=\"Estimeret l\u00e6setid\" \/>\n\t<meta name=\"twitter:data2\" content=\"2 minutter\" \/>\n<script type=\"application\/ld+json\" class=\"yoast-schema-graph\">{\"@context\":\"https:\/\/schema.org\",\"@graph\":[{\"@type\":\"Article\",\"@id\":\"https:\/\/kunmedierne.dk\/thy\/kommunen-kan-give-lov-til-ny-svinestald-i-tangrimme-uden-at-skele-til-fremtidigt-vaadomraade\/#article\",\"isPartOf\":{\"@id\":\"https:\/\/kunmedierne.dk\/thy\/kommunen-kan-give-lov-til-ny-svinestald-i-tangrimme-uden-at-skele-til-fremtidigt-vaadomraade\/\"},\"author\":{\"name\":\"Lone L\u00e6rke Krog\",\"@id\":\"https:\/\/kunmedierne.dk\/thy\/#\/schema\/person\/d266634ba6550d075ecf540d63b245d2\"},\"headline\":\"Kommunen kan give lov til ny svinestald i Tangrimme uden at skele til fremtidigt v\u00e5domr\u00e5de\",\"datePublished\":\"2026-02-22T06:22:10+00:00\",\"dateModified\":\"2026-02-22T08:13:30+00:00\",\"mainEntityOfPage\":{\"@id\":\"https:\/\/kunmedierne.dk\/thy\/kommunen-kan-give-lov-til-ny-svinestald-i-tangrimme-uden-at-skele-til-fremtidigt-vaadomraade\/\"},\"wordCount\":422,\"publisher\":{\"@id\":\"https:\/\/kunmedierne.dk\/thy\/#organization\"},\"keywords\":[\"Byggeri\",\"Landbrug\",\"Milj\u00f8\"],\"articleSection\":[\"Lokalt\"],\"inLanguage\":\"da-DK\"},{\"@type\":\"WebPage\",\"@id\":\"https:\/\/kunmedierne.dk\/thy\/kommunen-kan-give-lov-til-ny-svinestald-i-tangrimme-uden-at-skele-til-fremtidigt-vaadomraade\/\",\"url\":\"https:\/\/kunmedierne.dk\/thy\/kommunen-kan-give-lov-til-ny-svinestald-i-tangrimme-uden-at-skele-til-fremtidigt-vaadomraade\/\",\"name\":\"Kommunen kan give lov til ny svinestald i Tangrimme uden at skele til fremtidigt v\u00e5domr\u00e5de - Thy\",\"isPartOf\":{\"@id\":\"https:\/\/kunmedierne.dk\/thy\/#website\"},\"datePublished\":\"2026-02-22T06:22:10+00:00\",\"dateModified\":\"2026-02-22T08:13:30+00:00\",\"breadcrumb\":{\"@id\":\"https:\/\/kunmedierne.dk\/thy\/kommunen-kan-give-lov-til-ny-svinestald-i-tangrimme-uden-at-skele-til-fremtidigt-vaadomraade\/#breadcrumb\"},\"inLanguage\":\"da-DK\",\"potentialAction\":[{\"@type\":\"ReadAction\",\"target\":[\"https:\/\/kunmedierne.dk\/thy\/kommunen-kan-give-lov-til-ny-svinestald-i-tangrimme-uden-at-skele-til-fremtidigt-vaadomraade\/\"]}]},{\"@type\":\"BreadcrumbList\",\"@id\":\"https:\/\/kunmedierne.dk\/thy\/kommunen-kan-give-lov-til-ny-svinestald-i-tangrimme-uden-at-skele-til-fremtidigt-vaadomraade\/#breadcrumb\",\"itemListElement\":[{\"@type\":\"ListItem\",\"position\":1,\"name\":\"Home\",\"item\":\"https:\/\/kunmedierne.dk\/thy\/\"},{\"@type\":\"ListItem\",\"position\":2,\"name\":\"Kommunen kan give lov til ny svinestald i Tangrimme uden at skele til fremtidigt v\u00e5domr\u00e5de\"}]},{\"@type\":\"WebSite\",\"@id\":\"https:\/\/kunmedierne.dk\/thy\/#website\",\"url\":\"https:\/\/kunmedierne.dk\/thy\/\",\"name\":\"Thy\",\"description\":\"et netmedie med journalistik om livet i Thy\",\"publisher\":{\"@id\":\"https:\/\/kunmedierne.dk\/thy\/#organization\"},\"potentialAction\":[{\"@type\":\"SearchAction\",\"target\":{\"@type\":\"EntryPoint\",\"urlTemplate\":\"https:\/\/kunmedierne.dk\/thy\/?s={search_term_string}\"},\"query-input\":{\"@type\":\"PropertyValueSpecification\",\"valueRequired\":true,\"valueName\":\"search_term_string\"}}],\"inLanguage\":\"da-DK\"},{\"@type\":\"Organization\",\"@id\":\"https:\/\/kunmedierne.dk\/thy\/#organization\",\"name\":\"Thy\",\"url\":\"https:\/\/kunmedierne.dk\/thy\/\",\"logo\":{\"@type\":\"ImageObject\",\"inLanguage\":\"da-DK\",\"@id\":\"https:\/\/kunmedierne.dk\/thy\/#\/schema\/logo\/image\/\",\"url\":\"https:\/\/kunmedierne.dk\/thy\/wp-content\/uploads\/sites\/2\/2025\/04\/kunthy-logo.svg\",\"contentUrl\":\"https:\/\/kunmedierne.dk\/thy\/wp-content\/uploads\/sites\/2\/2025\/04\/kunthy-logo.svg\",\"caption\":\"Thy\"},\"image\":{\"@id\":\"https:\/\/kunmedierne.dk\/thy\/#\/schema\/logo\/image\/\"}},{\"@type\":\"Person\",\"@id\":\"https:\/\/kunmedierne.dk\/thy\/#\/schema\/person\/d266634ba6550d075ecf540d63b245d2\",\"name\":\"Lone L\u00e6rke Krog\",\"image\":{\"@type\":\"ImageObject\",\"inLanguage\":\"da-DK\",\"@id\":\"https:\/\/kunmedierne.dk\/thy\/#\/schema\/person\/image\/\",\"url\":\"https:\/\/secure.gravatar.com\/avatar\/496ddc7080e56b4ac64cfd4e56bd6d1ee396fa3db1923aa22f11346f60bb135b?s=96&d=mm&r=g\",\"contentUrl\":\"https:\/\/secure.gravatar.com\/avatar\/496ddc7080e56b4ac64cfd4e56bd6d1ee396fa3db1923aa22f11346f60bb135b?s=96&d=mm&r=g\",\"caption\":\"Lone L\u00e6rke Krog\"},\"url\":\"https:\/\/kunmedierne.dk\/thy\/author\/llk\/\"}]}<\/script>\n<!-- \/ Yoast SEO plugin. -->","yoast_head_json":{"title":"Kommunen kan give lov til ny svinestald i Tangrimme uden at skele til fremtidigt v\u00e5domr\u00e5de - Thy","robots":{"index":"index","follow":"follow","max-snippet":"max-snippet:-1","max-image-preview":"max-image-preview:large","max-video-preview":"max-video-preview:-1"},"canonical":"https:\/\/kunmedierne.dk\/thy\/kommunen-kan-give-lov-til-ny-svinestald-i-tangrimme-uden-at-skele-til-fremtidigt-vaadomraade\/","og_locale":"da_DK","og_type":"article","og_title":"Kommunen kan give lov til ny svinestald i Tangrimme uden at skele til fremtidigt v\u00e5domr\u00e5de - Thy","og_description":"THY-HANN\u00c6S: 13. november 2024 modtog Thisted Kommune en ans\u00f8gning fra landmand Thomas Kristoffersen, Skinnerup. Der s\u00f8ges om milj\u00f8godkendelse til etablering af et staldanl\u00e6g til slagtegrise p\u00e5 Tangrimme 13B, 7700 Thisted. Staldanl\u00e6gget skal indeholde 25.000 stipladser til slagtegrise fordelt p\u00e5 26 sektioner med et areal p\u00e5 hver ca. 743 kvadratmeter. Der kan produceres ca. 100.000 slagtegrise [&hellip;]","og_url":"https:\/\/kunmedierne.dk\/thy\/kommunen-kan-give-lov-til-ny-svinestald-i-tangrimme-uden-at-skele-til-fremtidigt-vaadomraade\/","og_site_name":"Thy","article_published_time":"2026-02-22T06:22:10+00:00","article_modified_time":"2026-02-22T08:13:30+00:00","author":"Lone L\u00e6rke Krog","twitter_card":"summary_large_image","twitter_misc":{"Skrevet af":"Lone L\u00e6rke Krog","Estimeret l\u00e6setid":"2 minutter"},"schema":{"@context":"https:\/\/schema.org","@graph":[{"@type":"Article","@id":"https:\/\/kunmedierne.dk\/thy\/kommunen-kan-give-lov-til-ny-svinestald-i-tangrimme-uden-at-skele-til-fremtidigt-vaadomraade\/#article","isPartOf":{"@id":"https:\/\/kunmedierne.dk\/thy\/kommunen-kan-give-lov-til-ny-svinestald-i-tangrimme-uden-at-skele-til-fremtidigt-vaadomraade\/"},"author":{"name":"Lone L\u00e6rke Krog","@id":"https:\/\/kunmedierne.dk\/thy\/#\/schema\/person\/d266634ba6550d075ecf540d63b245d2"},"headline":"Kommunen kan give lov til ny svinestald i Tangrimme uden at skele til fremtidigt v\u00e5domr\u00e5de","datePublished":"2026-02-22T06:22:10+00:00","dateModified":"2026-02-22T08:13:30+00:00","mainEntityOfPage":{"@id":"https:\/\/kunmedierne.dk\/thy\/kommunen-kan-give-lov-til-ny-svinestald-i-tangrimme-uden-at-skele-til-fremtidigt-vaadomraade\/"},"wordCount":422,"publisher":{"@id":"https:\/\/kunmedierne.dk\/thy\/#organization"},"keywords":["Byggeri","Landbrug","Milj\u00f8"],"articleSection":["Lokalt"],"inLanguage":"da-DK"},{"@type":"WebPage","@id":"https:\/\/kunmedierne.dk\/thy\/kommunen-kan-give-lov-til-ny-svinestald-i-tangrimme-uden-at-skele-til-fremtidigt-vaadomraade\/","url":"https:\/\/kunmedierne.dk\/thy\/kommunen-kan-give-lov-til-ny-svinestald-i-tangrimme-uden-at-skele-til-fremtidigt-vaadomraade\/","name":"Kommunen kan give lov til ny svinestald i Tangrimme uden at skele til fremtidigt v\u00e5domr\u00e5de - Thy","isPartOf":{"@id":"https:\/\/kunmedierne.dk\/thy\/#website"},"datePublished":"2026-02-22T06:22:10+00:00","dateModified":"2026-02-22T08:13:30+00:00","breadcrumb":{"@id":"https:\/\/kunmedierne.dk\/thy\/kommunen-kan-give-lov-til-ny-svinestald-i-tangrimme-uden-at-skele-til-fremtidigt-vaadomraade\/#breadcrumb"},"inLanguage":"da-DK","potentialAction":[{"@type":"ReadAction","target":["https:\/\/kunmedierne.dk\/thy\/kommunen-kan-give-lov-til-ny-svinestald-i-tangrimme-uden-at-skele-til-fremtidigt-vaadomraade\/"]}]},{"@type":"BreadcrumbList","@id":"https:\/\/kunmedierne.dk\/thy\/kommunen-kan-give-lov-til-ny-svinestald-i-tangrimme-uden-at-skele-til-fremtidigt-vaadomraade\/#breadcrumb","itemListElement":[{"@type":"ListItem","position":1,"name":"Home","item":"https:\/\/kunmedierne.dk\/thy\/"},{"@type":"ListItem","position":2,"name":"Kommunen kan give lov til ny svinestald i Tangrimme uden at skele til fremtidigt v\u00e5domr\u00e5de"}]},{"@type":"WebSite","@id":"https:\/\/kunmedierne.dk\/thy\/#website","url":"https:\/\/kunmedierne.dk\/thy\/","name":"Thy","description":"et netmedie med journalistik om livet i Thy","publisher":{"@id":"https:\/\/kunmedierne.dk\/thy\/#organization"},"potentialAction":[{"@type":"SearchAction","target":{"@type":"EntryPoint","urlTemplate":"https:\/\/kunmedierne.dk\/thy\/?s={search_term_string}"},"query-input":{"@type":"PropertyValueSpecification","valueRequired":true,"valueName":"search_term_string"}}],"inLanguage":"da-DK"},{"@type":"Organization","@id":"https:\/\/kunmedierne.dk\/thy\/#organization","name":"Thy","url":"https:\/\/kunmedierne.dk\/thy\/","logo":{"@type":"ImageObject","inLanguage":"da-DK","@id":"https:\/\/kunmedierne.dk\/thy\/#\/schema\/logo\/image\/","url":"https:\/\/kunmedierne.dk\/thy\/wp-content\/uploads\/sites\/2\/2025\/04\/kunthy-logo.svg","contentUrl":"https:\/\/kunmedierne.dk\/thy\/wp-content\/uploads\/sites\/2\/2025\/04\/kunthy-logo.svg","caption":"Thy"},"image":{"@id":"https:\/\/kunmedierne.dk\/thy\/#\/schema\/logo\/image\/"}},{"@type":"Person","@id":"https:\/\/kunmedierne.dk\/thy\/#\/schema\/person\/d266634ba6550d075ecf540d63b245d2","name":"Lone L\u00e6rke Krog","image":{"@type":"ImageObject","inLanguage":"da-DK","@id":"https:\/\/kunmedierne.dk\/thy\/#\/schema\/person\/image\/","url":"https:\/\/secure.gravatar.com\/avatar\/496ddc7080e56b4ac64cfd4e56bd6d1ee396fa3db1923aa22f11346f60bb135b?s=96&d=mm&r=g","contentUrl":"https:\/\/secure.gravatar.com\/avatar\/496ddc7080e56b4ac64cfd4e56bd6d1ee396fa3db1923aa22f11346f60bb135b?s=96&d=mm&r=g","caption":"Lone L\u00e6rke Krog"},"url":"https:\/\/kunmedierne.dk\/thy\/author\/llk\/"}]}},"_links":{"self":[{"href":"https:\/\/kunmedierne.dk\/thy\/wp-json\/wp\/v2\/posts\/17647","targetHints":{"allow":["GET"]}}],"collection":[{"href":"https:\/\/kunmedierne.dk\/thy\/wp-json\/wp\/v2\/posts"}],"about":[{"href":"https:\/\/kunmedierne.dk\/thy\/wp-json\/wp\/v2\/types\/post"}],"author":[{"embeddable":true,"href":"https:\/\/kunmedierne.dk\/thy\/wp-json\/wp\/v2\/users\/1925"}],"replies":[{"embeddable":true,"href":"https:\/\/kunmedierne.dk\/thy\/wp-json\/wp\/v2\/comments?post=17647"}],"version-history":[{"count":9,"href":"https:\/\/kunmedierne.dk\/thy\/wp-json\/wp\/v2\/posts\/17647\/revisions"}],"predecessor-version":[{"id":17807,"href":"https:\/\/kunmedierne.dk\/thy\/wp-json\/wp\/v2\/posts\/17647\/revisions\/17807"}],"wp:attachment":[{"href":"https:\/\/kunmedierne.dk\/thy\/wp-json\/wp\/v2\/media?parent=17647"}],"wp:term":[{"taxonomy":"category","embeddable":true,"href":"https:\/\/kunmedierne.dk\/thy\/wp-json\/wp\/v2\/categories?post=17647"},{"taxonomy":"post_tag","embeddable":true,"href":"https:\/\/kunmedierne.dk\/thy\/wp-json\/wp\/v2\/tags?post=17647"}],"curies":[{"name":"wp","href":"https:\/\/api.w.org\/{rel}","templated":true}]}}