{"id":16538,"date":"2026-01-26T18:41:40","date_gmt":"2026-01-26T17:41:40","guid":{"rendered":"https:\/\/kunmedierne.dk\/thy\/?p=16538"},"modified":"2026-01-27T14:32:21","modified_gmt":"2026-01-27T13:32:21","slug":"byens-skal-holdes-i-orden-oesterild-faar-en-groen-gruppe","status":"publish","type":"post","link":"https:\/\/kunmedierne.dk\/thy\/byens-skal-holdes-i-orden-oesterild-faar-en-groen-gruppe\/","title":{"rendered":"<span>Byen skal holdes i orden:<\/span> \u00d8sterild f\u00e5r en &#8220;gr\u00f8n gruppe&#8221;"},"content":{"rendered":"<p><strong>\u00d8STERILD:<\/strong> Tingene skal holdes i orden, ogs\u00e5 de gr\u00f8nne omr\u00e5der i \u00d8sterild.<\/p>\n<p>Nu har en gruppe borgere i \u00d8sterild meldt sig for p\u00e5 frivillig basis at holde b\u00e5de sm\u00e5 og store gr\u00f8nne omr\u00e5der i byen, blandt andet nogle af de tomme grunde, der er i byen.<\/p>\n<a class=\"dvrt-link\" onClick=\"cdmtrack_click(1130,jQuery(this));return false\" href=\"https:\/\/www.thistedforsikring.dk\/?utm_source=partnerskaber&amp;utm_campaign=kun_thy\"><img decoding=\"async\" style=\"width:100%;\" src=\"https:\/\/kunmedierne.dk\/thy\/wp-content\/uploads\/sites\/2\/2025\/04\/260409KunThyThisted-For-1.png\"><\/a><script>cdmtrack_view(1130);<\/script>\n<p>&#8211; Det er et rigtig godt skridt, n\u00e5r nogen vil p\u00e5tage sig s\u00e5dan en opgave, siger Steen Kanstrup Bojsen, formand for \u00d8sterild og Omegns Borgerforening med tanke for, at \u00d8sterild som del af sit byfornyelsesprojekt har til hensigt at g\u00f8re byen gr\u00f8nnere.<\/p>\n<p>Byens &#8220;gr\u00f8nne gruppe&#8221; blev omtalt p\u00e5 borgerforeningens generalforsamling, hvor det blev fremh\u00e6vet, at holdet f\u00f8rst s\u00e6tte helt og fuldt, n\u00e5r dels arbejdsopgaver, dels sp\u00f8rgsm\u00e5let om maskiner og hvor, de skal opbevares, er helt afgjort.<\/p>\n<p>&#8211; Lige nu gl\u00e6der vi os over, at det ikke har v\u00e6ret sv\u00e6rt at finde folk til det gr\u00f8nne hold og s\u00e5 bliver tingene mere konkrete i \u00e5rets l\u00f8b, siger Steen Kanstrup Bojesen.<\/p>\n<a class=\"dvrt-link\" onClick=\"cdmtrack_click(687,jQuery(this));return false\" href=\"https:\/\/konpap.dk\/?gad_source=1&gclid=Cj0KCQjwtJ6_BhDWARIsAGanmKfOBLC3RBm6obWL5sEb-mp4bsp5QjqWW4j4nx22y0YT2iMiXJcv3MoaApR_EALw_wcB\"><img decoding=\"async\" style=\"width:100%;\" src=\"https:\/\/kunmedierne.dk\/thy\/wp-content\/uploads\/sites\/2\/2025\/03\/redoffice.jpg\"><\/a><script>cdmtrack_view(687);<\/script>\n<p>Han fort\u00e6ller, at en af arbejdsopgaverne bliver at passe kommunalt ejede arealer i \u00d8sterild, s\u00e5 de ikke ligger tomme grunde, men som sm\u00e5 gr\u00f8nne arealer med mulighed for ophold. Et andet omr\u00e5de, der kan blive genstand for den gr\u00f8nne gruppes arbejde, er et kommunalt ejet areal ved \u00d8sterilds k\u00f8bmandsforretning.<\/p>\n<p>&#8211; Her er en n\u00e6rliggende mulighed at unders\u00f8ge, hvordan det areal kan indg\u00e5 i en sammenh\u00e6ng med naturen og stiforbindelsen ud til testcentret.<\/p>\n","protected":false},"excerpt":{"rendered":"<p>\u00d8STERILD: Tingene skal holdes i orden, ogs\u00e5 de gr\u00f8nne omr\u00e5der i \u00d8sterild. Nu har en gruppe borgere i \u00d8sterild meldt sig for p\u00e5 frivillig basis at holde b\u00e5de sm\u00e5 og store gr\u00f8nne omr\u00e5der i byen, blandt andet nogle af de tomme grunde, der er i byen. &#8211; Det er et rigtig godt skridt, n\u00e5r nogen [&hellip;]<\/p>\n","protected":false},"author":4535,"featured_media":0,"comment_status":"closed","ping_status":"closed","sticky":false,"template":"","format":"standard","meta":{"_acf_changed":false,"footnotes":""},"categories":[24],"tags":[38],"class_list":["post-16538","post","type-post","status-publish","format-standard","hentry","category-lokalt","tag-mennesker"],"acf":[],"yoast_head":"<!-- This site is optimized with the Yoast SEO plugin v26.8 - https:\/\/yoast.com\/product\/yoast-seo-wordpress\/ -->\n<title>Byen skal holdes i orden: \u00d8sterild f\u00e5r en &quot;gr\u00f8n gruppe&quot; - Thy<\/title>\n<meta name=\"robots\" content=\"index, follow, max-snippet:-1, max-image-preview:large, max-video-preview:-1\" \/>\n<link rel=\"canonical\" href=\"https:\/\/kunmedierne.dk\/thy\/byens-skal-holdes-i-orden-oesterild-faar-en-groen-gruppe\/\" \/>\n<meta property=\"og:locale\" content=\"da_DK\" \/>\n<meta property=\"og:type\" content=\"article\" \/>\n<meta property=\"og:title\" content=\"Byen skal holdes i orden: \u00d8sterild f\u00e5r en &quot;gr\u00f8n gruppe&quot; - Thy\" \/>\n<meta property=\"og:description\" content=\"\u00d8STERILD: Tingene skal holdes i orden, ogs\u00e5 de gr\u00f8nne omr\u00e5der i \u00d8sterild. Nu har en gruppe borgere i \u00d8sterild meldt sig for p\u00e5 frivillig basis at holde b\u00e5de sm\u00e5 og store gr\u00f8nne omr\u00e5der i byen, blandt andet nogle af de tomme grunde, der er i byen. &#8211; Det er et rigtig godt skridt, n\u00e5r nogen [&hellip;]\" \/>\n<meta property=\"og:url\" content=\"https:\/\/kunmedierne.dk\/thy\/byens-skal-holdes-i-orden-oesterild-faar-en-groen-gruppe\/\" \/>\n<meta property=\"og:site_name\" content=\"Thy\" \/>\n<meta property=\"article:published_time\" content=\"2026-01-26T17:41:40+00:00\" \/>\n<meta property=\"article:modified_time\" content=\"2026-01-27T13:32:21+00:00\" \/>\n<meta name=\"author\" content=\"Jens Fogh Andersen\" \/>\n<meta name=\"twitter:card\" content=\"summary_large_image\" \/>\n<meta name=\"twitter:label1\" content=\"Skrevet af\" \/>\n\t<meta name=\"twitter:data1\" content=\"Jens Fogh Andersen\" \/>\n\t<meta name=\"twitter:label2\" content=\"Estimeret l\u00e6setid\" \/>\n\t<meta name=\"twitter:data2\" content=\"2 minutter\" \/>\n<script type=\"application\/ld+json\" class=\"yoast-schema-graph\">{\"@context\":\"https:\/\/schema.org\",\"@graph\":[{\"@type\":\"Article\",\"@id\":\"https:\/\/kunmedierne.dk\/thy\/byens-skal-holdes-i-orden-oesterild-faar-en-groen-gruppe\/#article\",\"isPartOf\":{\"@id\":\"https:\/\/kunmedierne.dk\/thy\/byens-skal-holdes-i-orden-oesterild-faar-en-groen-gruppe\/\"},\"author\":{\"name\":\"Jens Fogh Andersen\",\"@id\":\"https:\/\/kunmedierne.dk\/thy\/#\/schema\/person\/88f5be46809ca2a5533760eb574fef93\"},\"headline\":\"Byen skal holdes i orden: \u00d8sterild f\u00e5r en &#8220;gr\u00f8n gruppe&#8221;\",\"datePublished\":\"2026-01-26T17:41:40+00:00\",\"dateModified\":\"2026-01-27T13:32:21+00:00\",\"mainEntityOfPage\":{\"@id\":\"https:\/\/kunmedierne.dk\/thy\/byens-skal-holdes-i-orden-oesterild-faar-en-groen-gruppe\/\"},\"wordCount\":273,\"publisher\":{\"@id\":\"https:\/\/kunmedierne.dk\/thy\/#organization\"},\"keywords\":[\"Mennesker\"],\"articleSection\":[\"Lokalt\"],\"inLanguage\":\"da-DK\"},{\"@type\":\"WebPage\",\"@id\":\"https:\/\/kunmedierne.dk\/thy\/byens-skal-holdes-i-orden-oesterild-faar-en-groen-gruppe\/\",\"url\":\"https:\/\/kunmedierne.dk\/thy\/byens-skal-holdes-i-orden-oesterild-faar-en-groen-gruppe\/\",\"name\":\"Byen skal holdes i orden: \u00d8sterild f\u00e5r en \\\"gr\u00f8n gruppe\\\" - Thy\",\"isPartOf\":{\"@id\":\"https:\/\/kunmedierne.dk\/thy\/#website\"},\"datePublished\":\"2026-01-26T17:41:40+00:00\",\"dateModified\":\"2026-01-27T13:32:21+00:00\",\"breadcrumb\":{\"@id\":\"https:\/\/kunmedierne.dk\/thy\/byens-skal-holdes-i-orden-oesterild-faar-en-groen-gruppe\/#breadcrumb\"},\"inLanguage\":\"da-DK\",\"potentialAction\":[{\"@type\":\"ReadAction\",\"target\":[\"https:\/\/kunmedierne.dk\/thy\/byens-skal-holdes-i-orden-oesterild-faar-en-groen-gruppe\/\"]}]},{\"@type\":\"BreadcrumbList\",\"@id\":\"https:\/\/kunmedierne.dk\/thy\/byens-skal-holdes-i-orden-oesterild-faar-en-groen-gruppe\/#breadcrumb\",\"itemListElement\":[{\"@type\":\"ListItem\",\"position\":1,\"name\":\"Home\",\"item\":\"https:\/\/kunmedierne.dk\/thy\/\"},{\"@type\":\"ListItem\",\"position\":2,\"name\":\"Byen skal holdes i orden: \u00d8sterild f\u00e5r en &#8220;gr\u00f8n gruppe&#8221;\"}]},{\"@type\":\"WebSite\",\"@id\":\"https:\/\/kunmedierne.dk\/thy\/#website\",\"url\":\"https:\/\/kunmedierne.dk\/thy\/\",\"name\":\"Thy\",\"description\":\"et netmedie med journalistik om livet i Thy\",\"publisher\":{\"@id\":\"https:\/\/kunmedierne.dk\/thy\/#organization\"},\"potentialAction\":[{\"@type\":\"SearchAction\",\"target\":{\"@type\":\"EntryPoint\",\"urlTemplate\":\"https:\/\/kunmedierne.dk\/thy\/?s={search_term_string}\"},\"query-input\":{\"@type\":\"PropertyValueSpecification\",\"valueRequired\":true,\"valueName\":\"search_term_string\"}}],\"inLanguage\":\"da-DK\"},{\"@type\":\"Organization\",\"@id\":\"https:\/\/kunmedierne.dk\/thy\/#organization\",\"name\":\"Thy\",\"url\":\"https:\/\/kunmedierne.dk\/thy\/\",\"logo\":{\"@type\":\"ImageObject\",\"inLanguage\":\"da-DK\",\"@id\":\"https:\/\/kunmedierne.dk\/thy\/#\/schema\/logo\/image\/\",\"url\":\"https:\/\/kunmedierne.dk\/thy\/wp-content\/uploads\/sites\/2\/2025\/04\/kunthy-logo.svg\",\"contentUrl\":\"https:\/\/kunmedierne.dk\/thy\/wp-content\/uploads\/sites\/2\/2025\/04\/kunthy-logo.svg\",\"caption\":\"Thy\"},\"image\":{\"@id\":\"https:\/\/kunmedierne.dk\/thy\/#\/schema\/logo\/image\/\"}},{\"@type\":\"Person\",\"@id\":\"https:\/\/kunmedierne.dk\/thy\/#\/schema\/person\/88f5be46809ca2a5533760eb574fef93\",\"name\":\"Jens Fogh Andersen\",\"image\":{\"@type\":\"ImageObject\",\"inLanguage\":\"da-DK\",\"@id\":\"https:\/\/kunmedierne.dk\/thy\/#\/schema\/person\/image\/\",\"url\":\"https:\/\/secure.gravatar.com\/avatar\/2b367a4ef139b1c41dccc9ee7af926b81f8b4cca3359772e86c7fd5ced26c0a3?s=96&d=mm&r=g\",\"contentUrl\":\"https:\/\/secure.gravatar.com\/avatar\/2b367a4ef139b1c41dccc9ee7af926b81f8b4cca3359772e86c7fd5ced26c0a3?s=96&d=mm&r=g\",\"caption\":\"Jens Fogh Andersen\"},\"url\":\"https:\/\/kunmedierne.dk\/thy\/author\/jfa\/\"}]}<\/script>\n<!-- \/ Yoast SEO plugin. -->","yoast_head_json":{"title":"Byen skal holdes i orden: \u00d8sterild f\u00e5r en \"gr\u00f8n gruppe\" - Thy","robots":{"index":"index","follow":"follow","max-snippet":"max-snippet:-1","max-image-preview":"max-image-preview:large","max-video-preview":"max-video-preview:-1"},"canonical":"https:\/\/kunmedierne.dk\/thy\/byens-skal-holdes-i-orden-oesterild-faar-en-groen-gruppe\/","og_locale":"da_DK","og_type":"article","og_title":"Byen skal holdes i orden: \u00d8sterild f\u00e5r en \"gr\u00f8n gruppe\" - Thy","og_description":"\u00d8STERILD: Tingene skal holdes i orden, ogs\u00e5 de gr\u00f8nne omr\u00e5der i \u00d8sterild. Nu har en gruppe borgere i \u00d8sterild meldt sig for p\u00e5 frivillig basis at holde b\u00e5de sm\u00e5 og store gr\u00f8nne omr\u00e5der i byen, blandt andet nogle af de tomme grunde, der er i byen. &#8211; Det er et rigtig godt skridt, n\u00e5r nogen [&hellip;]","og_url":"https:\/\/kunmedierne.dk\/thy\/byens-skal-holdes-i-orden-oesterild-faar-en-groen-gruppe\/","og_site_name":"Thy","article_published_time":"2026-01-26T17:41:40+00:00","article_modified_time":"2026-01-27T13:32:21+00:00","author":"Jens Fogh Andersen","twitter_card":"summary_large_image","twitter_misc":{"Skrevet af":"Jens Fogh Andersen","Estimeret l\u00e6setid":"2 minutter"},"schema":{"@context":"https:\/\/schema.org","@graph":[{"@type":"Article","@id":"https:\/\/kunmedierne.dk\/thy\/byens-skal-holdes-i-orden-oesterild-faar-en-groen-gruppe\/#article","isPartOf":{"@id":"https:\/\/kunmedierne.dk\/thy\/byens-skal-holdes-i-orden-oesterild-faar-en-groen-gruppe\/"},"author":{"name":"Jens Fogh Andersen","@id":"https:\/\/kunmedierne.dk\/thy\/#\/schema\/person\/88f5be46809ca2a5533760eb574fef93"},"headline":"Byen skal holdes i orden: \u00d8sterild f\u00e5r en &#8220;gr\u00f8n gruppe&#8221;","datePublished":"2026-01-26T17:41:40+00:00","dateModified":"2026-01-27T13:32:21+00:00","mainEntityOfPage":{"@id":"https:\/\/kunmedierne.dk\/thy\/byens-skal-holdes-i-orden-oesterild-faar-en-groen-gruppe\/"},"wordCount":273,"publisher":{"@id":"https:\/\/kunmedierne.dk\/thy\/#organization"},"keywords":["Mennesker"],"articleSection":["Lokalt"],"inLanguage":"da-DK"},{"@type":"WebPage","@id":"https:\/\/kunmedierne.dk\/thy\/byens-skal-holdes-i-orden-oesterild-faar-en-groen-gruppe\/","url":"https:\/\/kunmedierne.dk\/thy\/byens-skal-holdes-i-orden-oesterild-faar-en-groen-gruppe\/","name":"Byen skal holdes i orden: \u00d8sterild f\u00e5r en \"gr\u00f8n gruppe\" - Thy","isPartOf":{"@id":"https:\/\/kunmedierne.dk\/thy\/#website"},"datePublished":"2026-01-26T17:41:40+00:00","dateModified":"2026-01-27T13:32:21+00:00","breadcrumb":{"@id":"https:\/\/kunmedierne.dk\/thy\/byens-skal-holdes-i-orden-oesterild-faar-en-groen-gruppe\/#breadcrumb"},"inLanguage":"da-DK","potentialAction":[{"@type":"ReadAction","target":["https:\/\/kunmedierne.dk\/thy\/byens-skal-holdes-i-orden-oesterild-faar-en-groen-gruppe\/"]}]},{"@type":"BreadcrumbList","@id":"https:\/\/kunmedierne.dk\/thy\/byens-skal-holdes-i-orden-oesterild-faar-en-groen-gruppe\/#breadcrumb","itemListElement":[{"@type":"ListItem","position":1,"name":"Home","item":"https:\/\/kunmedierne.dk\/thy\/"},{"@type":"ListItem","position":2,"name":"Byen skal holdes i orden: \u00d8sterild f\u00e5r en &#8220;gr\u00f8n gruppe&#8221;"}]},{"@type":"WebSite","@id":"https:\/\/kunmedierne.dk\/thy\/#website","url":"https:\/\/kunmedierne.dk\/thy\/","name":"Thy","description":"et netmedie med journalistik om livet i Thy","publisher":{"@id":"https:\/\/kunmedierne.dk\/thy\/#organization"},"potentialAction":[{"@type":"SearchAction","target":{"@type":"EntryPoint","urlTemplate":"https:\/\/kunmedierne.dk\/thy\/?s={search_term_string}"},"query-input":{"@type":"PropertyValueSpecification","valueRequired":true,"valueName":"search_term_string"}}],"inLanguage":"da-DK"},{"@type":"Organization","@id":"https:\/\/kunmedierne.dk\/thy\/#organization","name":"Thy","url":"https:\/\/kunmedierne.dk\/thy\/","logo":{"@type":"ImageObject","inLanguage":"da-DK","@id":"https:\/\/kunmedierne.dk\/thy\/#\/schema\/logo\/image\/","url":"https:\/\/kunmedierne.dk\/thy\/wp-content\/uploads\/sites\/2\/2025\/04\/kunthy-logo.svg","contentUrl":"https:\/\/kunmedierne.dk\/thy\/wp-content\/uploads\/sites\/2\/2025\/04\/kunthy-logo.svg","caption":"Thy"},"image":{"@id":"https:\/\/kunmedierne.dk\/thy\/#\/schema\/logo\/image\/"}},{"@type":"Person","@id":"https:\/\/kunmedierne.dk\/thy\/#\/schema\/person\/88f5be46809ca2a5533760eb574fef93","name":"Jens Fogh Andersen","image":{"@type":"ImageObject","inLanguage":"da-DK","@id":"https:\/\/kunmedierne.dk\/thy\/#\/schema\/person\/image\/","url":"https:\/\/secure.gravatar.com\/avatar\/2b367a4ef139b1c41dccc9ee7af926b81f8b4cca3359772e86c7fd5ced26c0a3?s=96&d=mm&r=g","contentUrl":"https:\/\/secure.gravatar.com\/avatar\/2b367a4ef139b1c41dccc9ee7af926b81f8b4cca3359772e86c7fd5ced26c0a3?s=96&d=mm&r=g","caption":"Jens Fogh Andersen"},"url":"https:\/\/kunmedierne.dk\/thy\/author\/jfa\/"}]}},"_links":{"self":[{"href":"https:\/\/kunmedierne.dk\/thy\/wp-json\/wp\/v2\/posts\/16538","targetHints":{"allow":["GET"]}}],"collection":[{"href":"https:\/\/kunmedierne.dk\/thy\/wp-json\/wp\/v2\/posts"}],"about":[{"href":"https:\/\/kunmedierne.dk\/thy\/wp-json\/wp\/v2\/types\/post"}],"author":[{"embeddable":true,"href":"https:\/\/kunmedierne.dk\/thy\/wp-json\/wp\/v2\/users\/4535"}],"replies":[{"embeddable":true,"href":"https:\/\/kunmedierne.dk\/thy\/wp-json\/wp\/v2\/comments?post=16538"}],"version-history":[{"count":5,"href":"https:\/\/kunmedierne.dk\/thy\/wp-json\/wp\/v2\/posts\/16538\/revisions"}],"predecessor-version":[{"id":16640,"href":"https:\/\/kunmedierne.dk\/thy\/wp-json\/wp\/v2\/posts\/16538\/revisions\/16640"}],"wp:attachment":[{"href":"https:\/\/kunmedierne.dk\/thy\/wp-json\/wp\/v2\/media?parent=16538"}],"wp:term":[{"taxonomy":"category","embeddable":true,"href":"https:\/\/kunmedierne.dk\/thy\/wp-json\/wp\/v2\/categories?post=16538"},{"taxonomy":"post_tag","embeddable":true,"href":"https:\/\/kunmedierne.dk\/thy\/wp-json\/wp\/v2\/tags?post=16538"}],"curies":[{"name":"wp","href":"https:\/\/api.w.org\/{rel}","templated":true}]}}