{"id":16435,"date":"2026-01-24T06:22:22","date_gmt":"2026-01-24T05:22:22","guid":{"rendered":"https:\/\/kunmedierne.dk\/thy\/?p=16435"},"modified":"2026-01-26T10:10:34","modified_gmt":"2026-01-26T09:10:34","slug":"thisted-vil-ud-af-nordisk-samarbejde-aftale-med-venskabsbyer-skal-ikke-fornys","status":"publish","type":"post","link":"https:\/\/kunmedierne.dk\/thy\/thisted-vil-ud-af-nordisk-samarbejde-aftale-med-venskabsbyer-skal-ikke-fornys\/","title":{"rendered":"<span>Thisted vil ud af nordisk samarbejde:<\/span> Aftale med venskabsbyer skal ikke fornys"},"content":{"rendered":"<p><strong>THISTED:<\/strong> Skal Thisted Kommune fortsat v\u00e6re med i et nordisk venskabsbysamarbejde, eller skal kommunen tr\u00e6de ud af den aftale, der blev indg\u00e5et i 1939 og i dag omfatter Skien i Norge, Uddevalla i Sverige, Loimaa i Finland og islandske Mosfellsb\u00e6r.<\/p>\n<a class=\"dvrt-link\" onClick=\"cdmtrack_click(687,jQuery(this));return false\" href=\"https:\/\/konpap.dk\/?gad_source=1&gclid=Cj0KCQjwtJ6_BhDWARIsAGanmKfOBLC3RBm6obWL5sEb-mp4bsp5QjqWW4j4nx22y0YT2iMiXJcv3MoaApR_EALw_wcB\"><img decoding=\"async\" style=\"width:100%;\" src=\"https:\/\/kunmedierne.dk\/thy\/wp-content\/uploads\/sites\/2\/2025\/03\/redoffice.jpg\"><\/a><script>cdmtrack_view(687);<\/script>\n<p>St\u00e5r det til flertallet i Thisted Kommunes \u00f8konomiudvalg, skal den nuv\u00e6rende venskabsbyaftale ikke forl\u00e6nges.<\/p>\n<p>P\u00e5 udvalgets seneste m\u00f8de indstillede udvalgets flertal, borgmester Niels J\u00f8rgen Pedersen, V, de konservative Jens Kr. Yde og Torben Overgaard samt Peter Larsen, LA, at aftalen ikke forl\u00e6nges for perioden 2026 til 2030. Socialdemokraterne Jan Fink Mejlgaard og Peter Skriver Nielsen stemte imod. I n\u00e6ste uge tager kommunalbestyrelsen endelig stilling til sagen.<\/p>\n<p>&#8211; Vi har ikke h\u00f8rt det mindste til det her, s\u00e5 det er meget overraskende for mig. Ikke mindst set i lyset af, at Thisted i \u00e5r er v\u00e6rt for den venskabsby konference, hvor den nye venskabsbyaftale skal underskrives, siger Villy Dall, formand for Foreningen Norden Thisted.<\/p>\n<a class=\"dvrt-link\" onClick=\"cdmtrack_click(689,jQuery(this));return false\" href=\"https:\/\/www.thistedbolig.dk\"><img decoding=\"async\" style=\"width:100%;\" src=\"https:\/\/kunmedierne.dk\/thy\/wp-content\/uploads\/sites\/2\/2025\/03\/260414ThistedBoligApril-opslag-002-1.jpg\"><\/a><script>cdmtrack_view(689);<\/script>\n<p>Konferencen skal afvikles fra 17. til 20. august med forventet 40-70 deltagere fra de fire \u00f8vrige byer i samarbejdet plus 15-25 deltagere i den ungdomslejr, som er planlagt i samme periode.<\/p>\n<p>Villy Dall ser p\u00e5 indstillingen fra \u00f8konomiudvalgets flertal med en stor grad af undren, ikke mindst i lyset af den internationale politiske situation.<\/p>\n<p>&#8211; For mig at se er tiden ikke til at bryde gamle relationer mellem nordiske lande og byer og slet ikke nu, hvor alle de nordiske lande er medlemmer af NATO. Det virker underligt, hvis Thisted vil forlade et gammelt nordisk venskabsbysamarbejde p\u00e5 et tidspunkt, hvor kr\u00e6fterne i stedet b\u00f8r bruges p\u00e5 at styrke relationerne, siger Villy Dall.<\/p>\n<a class=\"dvrt-link\" onClick=\"cdmtrack_click(18790,jQuery(this));return false\" href=\"https:\/\/thymors.dk\/sponsorater\/15-til-faellesskabet?utm_source=kunthy&amp;utm_medium=annonce&amp;utm_campaign=sponsorater\"><img decoding=\"async\" style=\"width:100%;\" src=\"https:\/\/kunmedierne.dk\/thy\/wp-content\/uploads\/sites\/2\/2026\/03\/260407ThyMors-energi_faellesskab_generel-1.jpg\"><\/a><script>cdmtrack_view(18790);<\/script>\n<p>I f\u00f8lge sagsfremstillingen er form\u00e5let med venskabsbyaftalen at videreudvikle et godt og t\u00e6t samarbejde mellem de nordiske venskabsbyer.<\/p>\n<p>Det sker blandt andet gennem udveksling af information og erfaringer, ved at skabe personlige kontakter mellem unge p\u00e5 tv\u00e6rs af landegr\u00e6nser, opfordre kommunens virksomheder og institutioner til bes\u00f8g i venskabsbyerne, fremme kulturel udveksling og ved at samarbejde med Foreningen Norden.<\/p>\n<p>&#8211; Medlemstallene viser, at interessen for det nordiske samarbejde er stigende. Foreningen Norden fik i 2025 mere end 2000 nye medlemmer. Det er s\u00e5 mange, at tilgangen af medlemmer nu er st\u00f8rre end afgangen, siger Villy Dall.<\/p>\n<p>Thisted Kommune har i dette \u00e5rs budget afsat 167.000 kr. til venskabsbysamarbejdet. Hertil kommer andre 400.000 kroner som forventes overf\u00f8rt fra 2025. Bel\u00f8bet er ikke forbrugte midler, der tidligere er afsat til venskabsbysamarbejdet.<\/p>\n","protected":false},"excerpt":{"rendered":"<p>THISTED: Skal Thisted Kommune fortsat v\u00e6re med i et nordisk venskabsbysamarbejde, eller skal kommunen tr\u00e6de ud af den aftale, der blev indg\u00e5et i 1939 og i dag omfatter Skien i Norge, Uddevalla i Sverige, Loimaa i Finland og islandske Mosfellsb\u00e6r. St\u00e5r det til flertallet i Thisted Kommunes \u00f8konomiudvalg, skal den nuv\u00e6rende venskabsbyaftale ikke forl\u00e6nges. P\u00e5 [&hellip;]<\/p>\n","protected":false},"author":4535,"featured_media":0,"comment_status":"closed","ping_status":"closed","sticky":false,"template":"","format":"standard","meta":{"_acf_changed":false,"footnotes":""},"categories":[24],"tags":[37,85],"class_list":["post-16435","post","type-post","status-publish","format-standard","hentry","category-lokalt","tag-kommunalpolitik","tag-kultur"],"acf":[],"yoast_head":"<!-- This site is optimized with the Yoast SEO plugin v26.8 - https:\/\/yoast.com\/product\/yoast-seo-wordpress\/ -->\n<title>Thisted vil ud af nordisk samarbejde: Aftale med venskabsbyer skal ikke fornys - Thy<\/title>\n<meta name=\"robots\" content=\"index, follow, max-snippet:-1, max-image-preview:large, max-video-preview:-1\" \/>\n<link rel=\"canonical\" href=\"https:\/\/kunmedierne.dk\/thy\/thisted-vil-ud-af-nordisk-samarbejde-aftale-med-venskabsbyer-skal-ikke-fornys\/\" \/>\n<meta property=\"og:locale\" content=\"da_DK\" \/>\n<meta property=\"og:type\" content=\"article\" \/>\n<meta property=\"og:title\" content=\"Thisted vil ud af nordisk samarbejde: Aftale med venskabsbyer skal ikke fornys - Thy\" \/>\n<meta property=\"og:description\" content=\"THISTED: Skal Thisted Kommune fortsat v\u00e6re med i et nordisk venskabsbysamarbejde, eller skal kommunen tr\u00e6de ud af den aftale, der blev indg\u00e5et i 1939 og i dag omfatter Skien i Norge, Uddevalla i Sverige, Loimaa i Finland og islandske Mosfellsb\u00e6r. St\u00e5r det til flertallet i Thisted Kommunes \u00f8konomiudvalg, skal den nuv\u00e6rende venskabsbyaftale ikke forl\u00e6nges. P\u00e5 [&hellip;]\" \/>\n<meta property=\"og:url\" content=\"https:\/\/kunmedierne.dk\/thy\/thisted-vil-ud-af-nordisk-samarbejde-aftale-med-venskabsbyer-skal-ikke-fornys\/\" \/>\n<meta property=\"og:site_name\" content=\"Thy\" \/>\n<meta property=\"article:published_time\" content=\"2026-01-24T05:22:22+00:00\" \/>\n<meta property=\"article:modified_time\" content=\"2026-01-26T09:10:34+00:00\" \/>\n<meta name=\"author\" content=\"Jens Fogh Andersen\" \/>\n<meta name=\"twitter:card\" content=\"summary_large_image\" \/>\n<meta name=\"twitter:label1\" content=\"Skrevet af\" \/>\n\t<meta name=\"twitter:data1\" content=\"Jens Fogh Andersen\" \/>\n\t<meta name=\"twitter:label2\" content=\"Estimeret l\u00e6setid\" \/>\n\t<meta name=\"twitter:data2\" content=\"3 minutter\" \/>\n<script type=\"application\/ld+json\" class=\"yoast-schema-graph\">{\"@context\":\"https:\/\/schema.org\",\"@graph\":[{\"@type\":\"Article\",\"@id\":\"https:\/\/kunmedierne.dk\/thy\/thisted-vil-ud-af-nordisk-samarbejde-aftale-med-venskabsbyer-skal-ikke-fornys\/#article\",\"isPartOf\":{\"@id\":\"https:\/\/kunmedierne.dk\/thy\/thisted-vil-ud-af-nordisk-samarbejde-aftale-med-venskabsbyer-skal-ikke-fornys\/\"},\"author\":{\"name\":\"Jens Fogh Andersen\",\"@id\":\"https:\/\/kunmedierne.dk\/thy\/#\/schema\/person\/88f5be46809ca2a5533760eb574fef93\"},\"headline\":\"Thisted vil ud af nordisk samarbejde: Aftale med venskabsbyer skal ikke fornys\",\"datePublished\":\"2026-01-24T05:22:22+00:00\",\"dateModified\":\"2026-01-26T09:10:34+00:00\",\"mainEntityOfPage\":{\"@id\":\"https:\/\/kunmedierne.dk\/thy\/thisted-vil-ud-af-nordisk-samarbejde-aftale-med-venskabsbyer-skal-ikke-fornys\/\"},\"wordCount\":425,\"publisher\":{\"@id\":\"https:\/\/kunmedierne.dk\/thy\/#organization\"},\"keywords\":[\"Kommunalpolitik\",\"kultur\"],\"articleSection\":[\"Lokalt\"],\"inLanguage\":\"da-DK\"},{\"@type\":\"WebPage\",\"@id\":\"https:\/\/kunmedierne.dk\/thy\/thisted-vil-ud-af-nordisk-samarbejde-aftale-med-venskabsbyer-skal-ikke-fornys\/\",\"url\":\"https:\/\/kunmedierne.dk\/thy\/thisted-vil-ud-af-nordisk-samarbejde-aftale-med-venskabsbyer-skal-ikke-fornys\/\",\"name\":\"Thisted vil ud af nordisk samarbejde: Aftale med venskabsbyer skal ikke fornys - Thy\",\"isPartOf\":{\"@id\":\"https:\/\/kunmedierne.dk\/thy\/#website\"},\"datePublished\":\"2026-01-24T05:22:22+00:00\",\"dateModified\":\"2026-01-26T09:10:34+00:00\",\"breadcrumb\":{\"@id\":\"https:\/\/kunmedierne.dk\/thy\/thisted-vil-ud-af-nordisk-samarbejde-aftale-med-venskabsbyer-skal-ikke-fornys\/#breadcrumb\"},\"inLanguage\":\"da-DK\",\"potentialAction\":[{\"@type\":\"ReadAction\",\"target\":[\"https:\/\/kunmedierne.dk\/thy\/thisted-vil-ud-af-nordisk-samarbejde-aftale-med-venskabsbyer-skal-ikke-fornys\/\"]}]},{\"@type\":\"BreadcrumbList\",\"@id\":\"https:\/\/kunmedierne.dk\/thy\/thisted-vil-ud-af-nordisk-samarbejde-aftale-med-venskabsbyer-skal-ikke-fornys\/#breadcrumb\",\"itemListElement\":[{\"@type\":\"ListItem\",\"position\":1,\"name\":\"Home\",\"item\":\"https:\/\/kunmedierne.dk\/thy\/\"},{\"@type\":\"ListItem\",\"position\":2,\"name\":\"Thisted vil ud af nordisk samarbejde: Aftale med venskabsbyer skal ikke fornys\"}]},{\"@type\":\"WebSite\",\"@id\":\"https:\/\/kunmedierne.dk\/thy\/#website\",\"url\":\"https:\/\/kunmedierne.dk\/thy\/\",\"name\":\"Thy\",\"description\":\"et netmedie med journalistik om livet i Thy\",\"publisher\":{\"@id\":\"https:\/\/kunmedierne.dk\/thy\/#organization\"},\"potentialAction\":[{\"@type\":\"SearchAction\",\"target\":{\"@type\":\"EntryPoint\",\"urlTemplate\":\"https:\/\/kunmedierne.dk\/thy\/?s={search_term_string}\"},\"query-input\":{\"@type\":\"PropertyValueSpecification\",\"valueRequired\":true,\"valueName\":\"search_term_string\"}}],\"inLanguage\":\"da-DK\"},{\"@type\":\"Organization\",\"@id\":\"https:\/\/kunmedierne.dk\/thy\/#organization\",\"name\":\"Thy\",\"url\":\"https:\/\/kunmedierne.dk\/thy\/\",\"logo\":{\"@type\":\"ImageObject\",\"inLanguage\":\"da-DK\",\"@id\":\"https:\/\/kunmedierne.dk\/thy\/#\/schema\/logo\/image\/\",\"url\":\"https:\/\/kunmedierne.dk\/thy\/wp-content\/uploads\/sites\/2\/2025\/04\/kunthy-logo.svg\",\"contentUrl\":\"https:\/\/kunmedierne.dk\/thy\/wp-content\/uploads\/sites\/2\/2025\/04\/kunthy-logo.svg\",\"caption\":\"Thy\"},\"image\":{\"@id\":\"https:\/\/kunmedierne.dk\/thy\/#\/schema\/logo\/image\/\"}},{\"@type\":\"Person\",\"@id\":\"https:\/\/kunmedierne.dk\/thy\/#\/schema\/person\/88f5be46809ca2a5533760eb574fef93\",\"name\":\"Jens Fogh Andersen\",\"image\":{\"@type\":\"ImageObject\",\"inLanguage\":\"da-DK\",\"@id\":\"https:\/\/kunmedierne.dk\/thy\/#\/schema\/person\/image\/\",\"url\":\"https:\/\/secure.gravatar.com\/avatar\/2b367a4ef139b1c41dccc9ee7af926b81f8b4cca3359772e86c7fd5ced26c0a3?s=96&d=mm&r=g\",\"contentUrl\":\"https:\/\/secure.gravatar.com\/avatar\/2b367a4ef139b1c41dccc9ee7af926b81f8b4cca3359772e86c7fd5ced26c0a3?s=96&d=mm&r=g\",\"caption\":\"Jens Fogh Andersen\"},\"url\":\"https:\/\/kunmedierne.dk\/thy\/author\/jfa\/\"}]}<\/script>\n<!-- \/ Yoast SEO plugin. -->","yoast_head_json":{"title":"Thisted vil ud af nordisk samarbejde: Aftale med venskabsbyer skal ikke fornys - Thy","robots":{"index":"index","follow":"follow","max-snippet":"max-snippet:-1","max-image-preview":"max-image-preview:large","max-video-preview":"max-video-preview:-1"},"canonical":"https:\/\/kunmedierne.dk\/thy\/thisted-vil-ud-af-nordisk-samarbejde-aftale-med-venskabsbyer-skal-ikke-fornys\/","og_locale":"da_DK","og_type":"article","og_title":"Thisted vil ud af nordisk samarbejde: Aftale med venskabsbyer skal ikke fornys - Thy","og_description":"THISTED: Skal Thisted Kommune fortsat v\u00e6re med i et nordisk venskabsbysamarbejde, eller skal kommunen tr\u00e6de ud af den aftale, der blev indg\u00e5et i 1939 og i dag omfatter Skien i Norge, Uddevalla i Sverige, Loimaa i Finland og islandske Mosfellsb\u00e6r. St\u00e5r det til flertallet i Thisted Kommunes \u00f8konomiudvalg, skal den nuv\u00e6rende venskabsbyaftale ikke forl\u00e6nges. P\u00e5 [&hellip;]","og_url":"https:\/\/kunmedierne.dk\/thy\/thisted-vil-ud-af-nordisk-samarbejde-aftale-med-venskabsbyer-skal-ikke-fornys\/","og_site_name":"Thy","article_published_time":"2026-01-24T05:22:22+00:00","article_modified_time":"2026-01-26T09:10:34+00:00","author":"Jens Fogh Andersen","twitter_card":"summary_large_image","twitter_misc":{"Skrevet af":"Jens Fogh Andersen","Estimeret l\u00e6setid":"3 minutter"},"schema":{"@context":"https:\/\/schema.org","@graph":[{"@type":"Article","@id":"https:\/\/kunmedierne.dk\/thy\/thisted-vil-ud-af-nordisk-samarbejde-aftale-med-venskabsbyer-skal-ikke-fornys\/#article","isPartOf":{"@id":"https:\/\/kunmedierne.dk\/thy\/thisted-vil-ud-af-nordisk-samarbejde-aftale-med-venskabsbyer-skal-ikke-fornys\/"},"author":{"name":"Jens Fogh Andersen","@id":"https:\/\/kunmedierne.dk\/thy\/#\/schema\/person\/88f5be46809ca2a5533760eb574fef93"},"headline":"Thisted vil ud af nordisk samarbejde: Aftale med venskabsbyer skal ikke fornys","datePublished":"2026-01-24T05:22:22+00:00","dateModified":"2026-01-26T09:10:34+00:00","mainEntityOfPage":{"@id":"https:\/\/kunmedierne.dk\/thy\/thisted-vil-ud-af-nordisk-samarbejde-aftale-med-venskabsbyer-skal-ikke-fornys\/"},"wordCount":425,"publisher":{"@id":"https:\/\/kunmedierne.dk\/thy\/#organization"},"keywords":["Kommunalpolitik","kultur"],"articleSection":["Lokalt"],"inLanguage":"da-DK"},{"@type":"WebPage","@id":"https:\/\/kunmedierne.dk\/thy\/thisted-vil-ud-af-nordisk-samarbejde-aftale-med-venskabsbyer-skal-ikke-fornys\/","url":"https:\/\/kunmedierne.dk\/thy\/thisted-vil-ud-af-nordisk-samarbejde-aftale-med-venskabsbyer-skal-ikke-fornys\/","name":"Thisted vil ud af nordisk samarbejde: Aftale med venskabsbyer skal ikke fornys - Thy","isPartOf":{"@id":"https:\/\/kunmedierne.dk\/thy\/#website"},"datePublished":"2026-01-24T05:22:22+00:00","dateModified":"2026-01-26T09:10:34+00:00","breadcrumb":{"@id":"https:\/\/kunmedierne.dk\/thy\/thisted-vil-ud-af-nordisk-samarbejde-aftale-med-venskabsbyer-skal-ikke-fornys\/#breadcrumb"},"inLanguage":"da-DK","potentialAction":[{"@type":"ReadAction","target":["https:\/\/kunmedierne.dk\/thy\/thisted-vil-ud-af-nordisk-samarbejde-aftale-med-venskabsbyer-skal-ikke-fornys\/"]}]},{"@type":"BreadcrumbList","@id":"https:\/\/kunmedierne.dk\/thy\/thisted-vil-ud-af-nordisk-samarbejde-aftale-med-venskabsbyer-skal-ikke-fornys\/#breadcrumb","itemListElement":[{"@type":"ListItem","position":1,"name":"Home","item":"https:\/\/kunmedierne.dk\/thy\/"},{"@type":"ListItem","position":2,"name":"Thisted vil ud af nordisk samarbejde: Aftale med venskabsbyer skal ikke fornys"}]},{"@type":"WebSite","@id":"https:\/\/kunmedierne.dk\/thy\/#website","url":"https:\/\/kunmedierne.dk\/thy\/","name":"Thy","description":"et netmedie med journalistik om livet i Thy","publisher":{"@id":"https:\/\/kunmedierne.dk\/thy\/#organization"},"potentialAction":[{"@type":"SearchAction","target":{"@type":"EntryPoint","urlTemplate":"https:\/\/kunmedierne.dk\/thy\/?s={search_term_string}"},"query-input":{"@type":"PropertyValueSpecification","valueRequired":true,"valueName":"search_term_string"}}],"inLanguage":"da-DK"},{"@type":"Organization","@id":"https:\/\/kunmedierne.dk\/thy\/#organization","name":"Thy","url":"https:\/\/kunmedierne.dk\/thy\/","logo":{"@type":"ImageObject","inLanguage":"da-DK","@id":"https:\/\/kunmedierne.dk\/thy\/#\/schema\/logo\/image\/","url":"https:\/\/kunmedierne.dk\/thy\/wp-content\/uploads\/sites\/2\/2025\/04\/kunthy-logo.svg","contentUrl":"https:\/\/kunmedierne.dk\/thy\/wp-content\/uploads\/sites\/2\/2025\/04\/kunthy-logo.svg","caption":"Thy"},"image":{"@id":"https:\/\/kunmedierne.dk\/thy\/#\/schema\/logo\/image\/"}},{"@type":"Person","@id":"https:\/\/kunmedierne.dk\/thy\/#\/schema\/person\/88f5be46809ca2a5533760eb574fef93","name":"Jens Fogh Andersen","image":{"@type":"ImageObject","inLanguage":"da-DK","@id":"https:\/\/kunmedierne.dk\/thy\/#\/schema\/person\/image\/","url":"https:\/\/secure.gravatar.com\/avatar\/2b367a4ef139b1c41dccc9ee7af926b81f8b4cca3359772e86c7fd5ced26c0a3?s=96&d=mm&r=g","contentUrl":"https:\/\/secure.gravatar.com\/avatar\/2b367a4ef139b1c41dccc9ee7af926b81f8b4cca3359772e86c7fd5ced26c0a3?s=96&d=mm&r=g","caption":"Jens Fogh Andersen"},"url":"https:\/\/kunmedierne.dk\/thy\/author\/jfa\/"}]}},"_links":{"self":[{"href":"https:\/\/kunmedierne.dk\/thy\/wp-json\/wp\/v2\/posts\/16435","targetHints":{"allow":["GET"]}}],"collection":[{"href":"https:\/\/kunmedierne.dk\/thy\/wp-json\/wp\/v2\/posts"}],"about":[{"href":"https:\/\/kunmedierne.dk\/thy\/wp-json\/wp\/v2\/types\/post"}],"author":[{"embeddable":true,"href":"https:\/\/kunmedierne.dk\/thy\/wp-json\/wp\/v2\/users\/4535"}],"replies":[{"embeddable":true,"href":"https:\/\/kunmedierne.dk\/thy\/wp-json\/wp\/v2\/comments?post=16435"}],"version-history":[{"count":9,"href":"https:\/\/kunmedierne.dk\/thy\/wp-json\/wp\/v2\/posts\/16435\/revisions"}],"predecessor-version":[{"id":16537,"href":"https:\/\/kunmedierne.dk\/thy\/wp-json\/wp\/v2\/posts\/16435\/revisions\/16537"}],"wp:attachment":[{"href":"https:\/\/kunmedierne.dk\/thy\/wp-json\/wp\/v2\/media?parent=16435"}],"wp:term":[{"taxonomy":"category","embeddable":true,"href":"https:\/\/kunmedierne.dk\/thy\/wp-json\/wp\/v2\/categories?post=16435"},{"taxonomy":"post_tag","embeddable":true,"href":"https:\/\/kunmedierne.dk\/thy\/wp-json\/wp\/v2\/tags?post=16435"}],"curies":[{"name":"wp","href":"https:\/\/api.w.org\/{rel}","templated":true}]}}