{"id":16364,"date":"2026-01-22T11:45:57","date_gmt":"2026-01-22T10:45:57","guid":{"rendered":"https:\/\/kunmedierne.dk\/thy\/?p=16364"},"modified":"2026-01-22T11:45:57","modified_gmt":"2026-01-22T10:45:57","slug":"feggesund-faergens-fremtid-afgoeres-i-kommunalbestyrelsen","status":"publish","type":"post","link":"https:\/\/kunmedierne.dk\/thy\/feggesund-faergens-fremtid-afgoeres-i-kommunalbestyrelsen\/","title":{"rendered":"Feggesund-f\u00e6rgens fremtid afg\u00f8res i kommunalbestyrelsen"},"content":{"rendered":"<p><strong>THISTED:<\/strong> 13. januar sagde et flertal p\u00e5 tre mod to i Thisted Kommunes udvalg for klima, milj\u00f8 og teknik &#8220;nej&#8221; til at Thisted Kommune tr\u00e6der ud af samarbejdet om Feggesund-f\u00e6rgen. Den holdning deles ikke af flertallet i kommunes \u00f8konomiudvalg.<\/p>\n<a class=\"dvrt-link\" onClick=\"cdmtrack_click(689,jQuery(this));return false\" href=\"https:\/\/www.thistedbolig.dk\"><img decoding=\"async\" style=\"width:100%;\" src=\"https:\/\/kunmedierne.dk\/thy\/wp-content\/uploads\/sites\/2\/2025\/03\/260414ThistedBoligApril-opslag-002-1.jpg\"><\/a><script>cdmtrack_view(689);<\/script>\n<p>P\u00e5 onsdagens m\u00f8de var der flertal for at indstille, at kommunen tr\u00e6der ud af det f\u00e6lleskommunale selskab I\/S Mors-Thy f\u00e6rgefart. Her har kommunen en ejerandel p\u00e5 36 procent, men den anden part i samarbejdet, Mors\u00f8 Kommune, har en ejerandel p\u00e5 64 procent.<\/p>\n<p>Seks af \u00f8konomiudvalgets syv medlemmer deltog i onsdagens m\u00f8de. Af dem st\u00f8ttede de to socialdemokrater Jan Fink Mejlgaard og Peter Skriver Nielsen indstillingen fra flertallet i udvalget for klima, milj\u00f8 og teknik, mens \u00f8konomiudvalgets flertal, borgmester Niels J\u00f8rgen Pedersen, V, Torben Overgaard og Jens Kr. Yde, begge K, samt Peter Larsen, LA, indstiller, at Thisted Kommune tr\u00e6der ud af f\u00e6rgesamarbejdet. Det kan i givet fald ske med udgangen af 2026.<\/p>\n<p>Det syvende medlem af \u00f8konomiudvalget, venstres Mette Kj\u00e6rulff, deltog ikke i \u00f8konomiudvalgets m\u00f8de, men hun udgjorde sammen med Jens Kr. Yde, K, det mindretal i udvalget for klima, milj\u00f8 og teknik, som 13. januar indstillede, at kommunen tr\u00e6der ud af f\u00e6rgesamarbejdet.<\/p>\n<a class=\"dvrt-link\" onClick=\"cdmtrack_click(683,jQuery(this));return false\" href=\"https:\/\/vester-begr.dk\/?utm_source=google&amp;utm_medium=advative&amp;gad_source=1&amp;gclid=Cj0KCQjwtJ6_BhDWARIsAGanmKfl-hGVVjCYiOgSKoGoxrow4kvXybZsnruKJYTslvqZDywT6a9PCQwaAmBjEALw_wcB\"><img decoding=\"async\" style=\"width:100%;\" src=\"https:\/\/kunmedierne.dk\/thy\/wp-content\/uploads\/sites\/2\/2025\/03\/260203VesterHoukaer-02022026.jpg\"><\/a><script>cdmtrack_view(683);<\/script>\n<p>Det bliver nu op til kommunalbestyrelsen at tr\u00e6ffe den endelige beslutning om Thisted Kommunes eventuelle udtr\u00e6den af f\u00e6rgesamarbejdet.<\/p>\n<p>Sagen har indtil videre vist, at den konservative gruppe i kommunalbestyrelsen ikke er enig i sagen. Indtil videre har tre af kommunalbestyrelsens fem konservative medlemmer taget stilling. I udvalget for klima, milj\u00f8 og teknik var den konservative udvalgsformand Jens Tilma en del af det udvalgsflertal p\u00e5 tre, der indstillede at kommunen ikke tr\u00e6der ud af f\u00e6rgesamarbejdet. Det gjorde Morten Bo Bertelsen, SF, og Merete Hansen, S, ogs\u00e5.<\/p>\n<p>Udvalgets mindretal var Jens Kr. Yde, K, og Mette Kj\u00e6rulff, V. I \u00f8konomiudvalget var Jens Kr. Yde sammen med Torben Overgaard, K, begge del af det flertal, som indstiller, at kommunen tr\u00e6der ud af f\u00e6rgesamarbejdet.<\/p>\n","protected":false},"excerpt":{"rendered":"<p>THISTED: 13. januar sagde et flertal p\u00e5 tre mod to i Thisted Kommunes udvalg for klima, milj\u00f8 og teknik &#8220;nej&#8221; til at Thisted Kommune tr\u00e6der ud af samarbejdet om Feggesund-f\u00e6rgen. Den holdning deles ikke af flertallet i kommunes \u00f8konomiudvalg. P\u00e5 onsdagens m\u00f8de var der flertal for at indstille, at kommunen tr\u00e6der ud af det f\u00e6lleskommunale [&hellip;]<\/p>\n","protected":false},"author":4535,"featured_media":0,"comment_status":"closed","ping_status":"closed","sticky":false,"template":"","format":"standard","meta":{"_acf_changed":false,"footnotes":""},"categories":[24],"tags":[37,62],"class_list":["post-16364","post","type-post","status-publish","format-standard","hentry","category-lokalt","tag-kommunalpolitik","tag-trafik"],"acf":[],"yoast_head":"<!-- This site is optimized with the Yoast SEO plugin v26.8 - https:\/\/yoast.com\/product\/yoast-seo-wordpress\/ -->\n<title>Feggesund-f\u00e6rgens fremtid afg\u00f8res i kommunalbestyrelsen - Thy<\/title>\n<meta name=\"robots\" content=\"index, follow, max-snippet:-1, max-image-preview:large, max-video-preview:-1\" \/>\n<link rel=\"canonical\" href=\"https:\/\/kunmedierne.dk\/thy\/feggesund-faergens-fremtid-afgoeres-i-kommunalbestyrelsen\/\" \/>\n<meta property=\"og:locale\" content=\"da_DK\" \/>\n<meta property=\"og:type\" content=\"article\" \/>\n<meta property=\"og:title\" content=\"Feggesund-f\u00e6rgens fremtid afg\u00f8res i kommunalbestyrelsen - Thy\" \/>\n<meta property=\"og:description\" content=\"THISTED: 13. januar sagde et flertal p\u00e5 tre mod to i Thisted Kommunes udvalg for klima, milj\u00f8 og teknik &#8220;nej&#8221; til at Thisted Kommune tr\u00e6der ud af samarbejdet om Feggesund-f\u00e6rgen. Den holdning deles ikke af flertallet i kommunes \u00f8konomiudvalg. P\u00e5 onsdagens m\u00f8de var der flertal for at indstille, at kommunen tr\u00e6der ud af det f\u00e6lleskommunale [&hellip;]\" \/>\n<meta property=\"og:url\" content=\"https:\/\/kunmedierne.dk\/thy\/feggesund-faergens-fremtid-afgoeres-i-kommunalbestyrelsen\/\" \/>\n<meta property=\"og:site_name\" content=\"Thy\" \/>\n<meta property=\"article:published_time\" content=\"2026-01-22T10:45:57+00:00\" \/>\n<meta name=\"author\" content=\"Jens Fogh Andersen\" \/>\n<meta name=\"twitter:card\" content=\"summary_large_image\" \/>\n<meta name=\"twitter:label1\" content=\"Skrevet af\" \/>\n\t<meta name=\"twitter:data1\" content=\"Jens Fogh Andersen\" \/>\n\t<meta name=\"twitter:label2\" content=\"Estimeret l\u00e6setid\" \/>\n\t<meta name=\"twitter:data2\" content=\"2 minutter\" \/>\n<script type=\"application\/ld+json\" class=\"yoast-schema-graph\">{\"@context\":\"https:\/\/schema.org\",\"@graph\":[{\"@type\":\"Article\",\"@id\":\"https:\/\/kunmedierne.dk\/thy\/feggesund-faergens-fremtid-afgoeres-i-kommunalbestyrelsen\/#article\",\"isPartOf\":{\"@id\":\"https:\/\/kunmedierne.dk\/thy\/feggesund-faergens-fremtid-afgoeres-i-kommunalbestyrelsen\/\"},\"author\":{\"name\":\"Jens Fogh Andersen\",\"@id\":\"https:\/\/kunmedierne.dk\/thy\/#\/schema\/person\/88f5be46809ca2a5533760eb574fef93\"},\"headline\":\"Feggesund-f\u00e6rgens fremtid afg\u00f8res i kommunalbestyrelsen\",\"datePublished\":\"2026-01-22T10:45:57+00:00\",\"mainEntityOfPage\":{\"@id\":\"https:\/\/kunmedierne.dk\/thy\/feggesund-faergens-fremtid-afgoeres-i-kommunalbestyrelsen\/\"},\"wordCount\":342,\"publisher\":{\"@id\":\"https:\/\/kunmedierne.dk\/thy\/#organization\"},\"keywords\":[\"Kommunalpolitik\",\"Trafik\"],\"articleSection\":[\"Lokalt\"],\"inLanguage\":\"da-DK\"},{\"@type\":\"WebPage\",\"@id\":\"https:\/\/kunmedierne.dk\/thy\/feggesund-faergens-fremtid-afgoeres-i-kommunalbestyrelsen\/\",\"url\":\"https:\/\/kunmedierne.dk\/thy\/feggesund-faergens-fremtid-afgoeres-i-kommunalbestyrelsen\/\",\"name\":\"Feggesund-f\u00e6rgens fremtid afg\u00f8res i kommunalbestyrelsen - Thy\",\"isPartOf\":{\"@id\":\"https:\/\/kunmedierne.dk\/thy\/#website\"},\"datePublished\":\"2026-01-22T10:45:57+00:00\",\"breadcrumb\":{\"@id\":\"https:\/\/kunmedierne.dk\/thy\/feggesund-faergens-fremtid-afgoeres-i-kommunalbestyrelsen\/#breadcrumb\"},\"inLanguage\":\"da-DK\",\"potentialAction\":[{\"@type\":\"ReadAction\",\"target\":[\"https:\/\/kunmedierne.dk\/thy\/feggesund-faergens-fremtid-afgoeres-i-kommunalbestyrelsen\/\"]}]},{\"@type\":\"BreadcrumbList\",\"@id\":\"https:\/\/kunmedierne.dk\/thy\/feggesund-faergens-fremtid-afgoeres-i-kommunalbestyrelsen\/#breadcrumb\",\"itemListElement\":[{\"@type\":\"ListItem\",\"position\":1,\"name\":\"Home\",\"item\":\"https:\/\/kunmedierne.dk\/thy\/\"},{\"@type\":\"ListItem\",\"position\":2,\"name\":\"Feggesund-f\u00e6rgens fremtid afg\u00f8res i kommunalbestyrelsen\"}]},{\"@type\":\"WebSite\",\"@id\":\"https:\/\/kunmedierne.dk\/thy\/#website\",\"url\":\"https:\/\/kunmedierne.dk\/thy\/\",\"name\":\"Thy\",\"description\":\"et netmedie med journalistik om livet i Thy\",\"publisher\":{\"@id\":\"https:\/\/kunmedierne.dk\/thy\/#organization\"},\"potentialAction\":[{\"@type\":\"SearchAction\",\"target\":{\"@type\":\"EntryPoint\",\"urlTemplate\":\"https:\/\/kunmedierne.dk\/thy\/?s={search_term_string}\"},\"query-input\":{\"@type\":\"PropertyValueSpecification\",\"valueRequired\":true,\"valueName\":\"search_term_string\"}}],\"inLanguage\":\"da-DK\"},{\"@type\":\"Organization\",\"@id\":\"https:\/\/kunmedierne.dk\/thy\/#organization\",\"name\":\"Thy\",\"url\":\"https:\/\/kunmedierne.dk\/thy\/\",\"logo\":{\"@type\":\"ImageObject\",\"inLanguage\":\"da-DK\",\"@id\":\"https:\/\/kunmedierne.dk\/thy\/#\/schema\/logo\/image\/\",\"url\":\"https:\/\/kunmedierne.dk\/thy\/wp-content\/uploads\/sites\/2\/2025\/04\/kunthy-logo.svg\",\"contentUrl\":\"https:\/\/kunmedierne.dk\/thy\/wp-content\/uploads\/sites\/2\/2025\/04\/kunthy-logo.svg\",\"caption\":\"Thy\"},\"image\":{\"@id\":\"https:\/\/kunmedierne.dk\/thy\/#\/schema\/logo\/image\/\"}},{\"@type\":\"Person\",\"@id\":\"https:\/\/kunmedierne.dk\/thy\/#\/schema\/person\/88f5be46809ca2a5533760eb574fef93\",\"name\":\"Jens Fogh Andersen\",\"image\":{\"@type\":\"ImageObject\",\"inLanguage\":\"da-DK\",\"@id\":\"https:\/\/kunmedierne.dk\/thy\/#\/schema\/person\/image\/\",\"url\":\"https:\/\/secure.gravatar.com\/avatar\/2b367a4ef139b1c41dccc9ee7af926b81f8b4cca3359772e86c7fd5ced26c0a3?s=96&d=mm&r=g\",\"contentUrl\":\"https:\/\/secure.gravatar.com\/avatar\/2b367a4ef139b1c41dccc9ee7af926b81f8b4cca3359772e86c7fd5ced26c0a3?s=96&d=mm&r=g\",\"caption\":\"Jens Fogh Andersen\"},\"url\":\"https:\/\/kunmedierne.dk\/thy\/author\/jfa\/\"}]}<\/script>\n<!-- \/ Yoast SEO plugin. -->","yoast_head_json":{"title":"Feggesund-f\u00e6rgens fremtid afg\u00f8res i kommunalbestyrelsen - Thy","robots":{"index":"index","follow":"follow","max-snippet":"max-snippet:-1","max-image-preview":"max-image-preview:large","max-video-preview":"max-video-preview:-1"},"canonical":"https:\/\/kunmedierne.dk\/thy\/feggesund-faergens-fremtid-afgoeres-i-kommunalbestyrelsen\/","og_locale":"da_DK","og_type":"article","og_title":"Feggesund-f\u00e6rgens fremtid afg\u00f8res i kommunalbestyrelsen - Thy","og_description":"THISTED: 13. januar sagde et flertal p\u00e5 tre mod to i Thisted Kommunes udvalg for klima, milj\u00f8 og teknik &#8220;nej&#8221; til at Thisted Kommune tr\u00e6der ud af samarbejdet om Feggesund-f\u00e6rgen. Den holdning deles ikke af flertallet i kommunes \u00f8konomiudvalg. P\u00e5 onsdagens m\u00f8de var der flertal for at indstille, at kommunen tr\u00e6der ud af det f\u00e6lleskommunale [&hellip;]","og_url":"https:\/\/kunmedierne.dk\/thy\/feggesund-faergens-fremtid-afgoeres-i-kommunalbestyrelsen\/","og_site_name":"Thy","article_published_time":"2026-01-22T10:45:57+00:00","author":"Jens Fogh Andersen","twitter_card":"summary_large_image","twitter_misc":{"Skrevet af":"Jens Fogh Andersen","Estimeret l\u00e6setid":"2 minutter"},"schema":{"@context":"https:\/\/schema.org","@graph":[{"@type":"Article","@id":"https:\/\/kunmedierne.dk\/thy\/feggesund-faergens-fremtid-afgoeres-i-kommunalbestyrelsen\/#article","isPartOf":{"@id":"https:\/\/kunmedierne.dk\/thy\/feggesund-faergens-fremtid-afgoeres-i-kommunalbestyrelsen\/"},"author":{"name":"Jens Fogh Andersen","@id":"https:\/\/kunmedierne.dk\/thy\/#\/schema\/person\/88f5be46809ca2a5533760eb574fef93"},"headline":"Feggesund-f\u00e6rgens fremtid afg\u00f8res i kommunalbestyrelsen","datePublished":"2026-01-22T10:45:57+00:00","mainEntityOfPage":{"@id":"https:\/\/kunmedierne.dk\/thy\/feggesund-faergens-fremtid-afgoeres-i-kommunalbestyrelsen\/"},"wordCount":342,"publisher":{"@id":"https:\/\/kunmedierne.dk\/thy\/#organization"},"keywords":["Kommunalpolitik","Trafik"],"articleSection":["Lokalt"],"inLanguage":"da-DK"},{"@type":"WebPage","@id":"https:\/\/kunmedierne.dk\/thy\/feggesund-faergens-fremtid-afgoeres-i-kommunalbestyrelsen\/","url":"https:\/\/kunmedierne.dk\/thy\/feggesund-faergens-fremtid-afgoeres-i-kommunalbestyrelsen\/","name":"Feggesund-f\u00e6rgens fremtid afg\u00f8res i kommunalbestyrelsen - Thy","isPartOf":{"@id":"https:\/\/kunmedierne.dk\/thy\/#website"},"datePublished":"2026-01-22T10:45:57+00:00","breadcrumb":{"@id":"https:\/\/kunmedierne.dk\/thy\/feggesund-faergens-fremtid-afgoeres-i-kommunalbestyrelsen\/#breadcrumb"},"inLanguage":"da-DK","potentialAction":[{"@type":"ReadAction","target":["https:\/\/kunmedierne.dk\/thy\/feggesund-faergens-fremtid-afgoeres-i-kommunalbestyrelsen\/"]}]},{"@type":"BreadcrumbList","@id":"https:\/\/kunmedierne.dk\/thy\/feggesund-faergens-fremtid-afgoeres-i-kommunalbestyrelsen\/#breadcrumb","itemListElement":[{"@type":"ListItem","position":1,"name":"Home","item":"https:\/\/kunmedierne.dk\/thy\/"},{"@type":"ListItem","position":2,"name":"Feggesund-f\u00e6rgens fremtid afg\u00f8res i kommunalbestyrelsen"}]},{"@type":"WebSite","@id":"https:\/\/kunmedierne.dk\/thy\/#website","url":"https:\/\/kunmedierne.dk\/thy\/","name":"Thy","description":"et netmedie med journalistik om livet i Thy","publisher":{"@id":"https:\/\/kunmedierne.dk\/thy\/#organization"},"potentialAction":[{"@type":"SearchAction","target":{"@type":"EntryPoint","urlTemplate":"https:\/\/kunmedierne.dk\/thy\/?s={search_term_string}"},"query-input":{"@type":"PropertyValueSpecification","valueRequired":true,"valueName":"search_term_string"}}],"inLanguage":"da-DK"},{"@type":"Organization","@id":"https:\/\/kunmedierne.dk\/thy\/#organization","name":"Thy","url":"https:\/\/kunmedierne.dk\/thy\/","logo":{"@type":"ImageObject","inLanguage":"da-DK","@id":"https:\/\/kunmedierne.dk\/thy\/#\/schema\/logo\/image\/","url":"https:\/\/kunmedierne.dk\/thy\/wp-content\/uploads\/sites\/2\/2025\/04\/kunthy-logo.svg","contentUrl":"https:\/\/kunmedierne.dk\/thy\/wp-content\/uploads\/sites\/2\/2025\/04\/kunthy-logo.svg","caption":"Thy"},"image":{"@id":"https:\/\/kunmedierne.dk\/thy\/#\/schema\/logo\/image\/"}},{"@type":"Person","@id":"https:\/\/kunmedierne.dk\/thy\/#\/schema\/person\/88f5be46809ca2a5533760eb574fef93","name":"Jens Fogh Andersen","image":{"@type":"ImageObject","inLanguage":"da-DK","@id":"https:\/\/kunmedierne.dk\/thy\/#\/schema\/person\/image\/","url":"https:\/\/secure.gravatar.com\/avatar\/2b367a4ef139b1c41dccc9ee7af926b81f8b4cca3359772e86c7fd5ced26c0a3?s=96&d=mm&r=g","contentUrl":"https:\/\/secure.gravatar.com\/avatar\/2b367a4ef139b1c41dccc9ee7af926b81f8b4cca3359772e86c7fd5ced26c0a3?s=96&d=mm&r=g","caption":"Jens Fogh Andersen"},"url":"https:\/\/kunmedierne.dk\/thy\/author\/jfa\/"}]}},"_links":{"self":[{"href":"https:\/\/kunmedierne.dk\/thy\/wp-json\/wp\/v2\/posts\/16364","targetHints":{"allow":["GET"]}}],"collection":[{"href":"https:\/\/kunmedierne.dk\/thy\/wp-json\/wp\/v2\/posts"}],"about":[{"href":"https:\/\/kunmedierne.dk\/thy\/wp-json\/wp\/v2\/types\/post"}],"author":[{"embeddable":true,"href":"https:\/\/kunmedierne.dk\/thy\/wp-json\/wp\/v2\/users\/4535"}],"replies":[{"embeddable":true,"href":"https:\/\/kunmedierne.dk\/thy\/wp-json\/wp\/v2\/comments?post=16364"}],"version-history":[{"count":4,"href":"https:\/\/kunmedierne.dk\/thy\/wp-json\/wp\/v2\/posts\/16364\/revisions"}],"predecessor-version":[{"id":16369,"href":"https:\/\/kunmedierne.dk\/thy\/wp-json\/wp\/v2\/posts\/16364\/revisions\/16369"}],"wp:attachment":[{"href":"https:\/\/kunmedierne.dk\/thy\/wp-json\/wp\/v2\/media?parent=16364"}],"wp:term":[{"taxonomy":"category","embeddable":true,"href":"https:\/\/kunmedierne.dk\/thy\/wp-json\/wp\/v2\/categories?post=16364"},{"taxonomy":"post_tag","embeddable":true,"href":"https:\/\/kunmedierne.dk\/thy\/wp-json\/wp\/v2\/tags?post=16364"}],"curies":[{"name":"wp","href":"https:\/\/api.w.org\/{rel}","templated":true}]}}