{"id":16240,"date":"2026-01-20T10:21:23","date_gmt":"2026-01-20T09:21:23","guid":{"rendered":"https:\/\/kunmedierne.dk\/thy\/?p=16240"},"modified":"2026-01-20T10:21:23","modified_gmt":"2026-01-20T09:21:23","slug":"stor-interesse-for-aabent-hus-i-regionsklinikken-i-froestrup","status":"publish","type":"post","link":"https:\/\/kunmedierne.dk\/thy\/stor-interesse-for-aabent-hus-i-regionsklinikken-i-froestrup\/","title":{"rendered":"Stor interesse for \u00e5bent hus i regionsklinikken i Fr\u00f8strup"},"content":{"rendered":"<p><strong>FR\u00d8STRUP:<\/strong> L\u00e6gehuset i Fr\u00f8strup har v\u00e6ret igennem nogle turbulente \u00e5r, hvor Region Nordjylland med forskellige aftaler har fors\u00f8gt at sikre borgerne l\u00e6ged\u00e6kning. Alles L\u00e6gehus og Falck Healthcare har v\u00e6ret inde i billedet, inden en praktiserende l\u00e6ge sidste \u00e5r m\u00e5tte kaste h\u00e5ndkl\u00e6det i ringen.<\/p>\n<p>Fra 1. december har Region Nordjylland s\u00e5 oprettet en regionsklinik i S\u00f8ndergade, og regionen inviterede mandag 19. januar borgerne til &#8220;\u00c5bent hus&#8221;.<\/p>\n<p>&#8211; Den tidligere l\u00e6ge har v\u00e6ret lidt frav\u00e6rende, og det har givet noget utryghed. Vi vil gerne vise, at vi er her, og vi skal nok hj\u00e6lpe. siger Christina Pedersen, der leder regionsklinikkerne i Fr\u00f8strup og Brovst &#8211; om baggrunden for initiativet.<\/p>\n<a class=\"dvrt-link\" onClick=\"cdmtrack_click(683,jQuery(this));return false\" href=\"https:\/\/vester-begr.dk\/?utm_source=google&amp;utm_medium=advative&amp;gad_source=1&amp;gclid=Cj0KCQjwtJ6_BhDWARIsAGanmKfl-hGVVjCYiOgSKoGoxrow4kvXybZsnruKJYTslvqZDywT6a9PCQwaAmBjEALw_wcB\"><img decoding=\"async\" style=\"width:100%;\" src=\"https:\/\/kunmedierne.dk\/thy\/wp-content\/uploads\/sites\/2\/2025\/03\/260203VesterHoukaer-02022026.jpg\"><\/a><script>cdmtrack_view(683);<\/script>\n<p>Hun tilf\u00f8jer, at der det n\u00e6ste halve \u00e5r er truffet aftale med bestemte l\u00e6ger. Steen Larsen og Thomas Andersen vil v\u00e6re dem, som patienterne m\u00f8der oftest, mens Olga B\u00f8gely deler sin tid med klinikken i Brovst.<\/p>\n<p>&#8211; Vi har en h\u00f8j grad af tilg\u00e6ngelighed. Klinikken er \u00e5ben alle hverdage fra kl. 8-16, fort\u00e6ller Christina Pedersen.<\/p>\n<p>Arrangementet tr\u00e6kker mange mennesker til.<\/p>\n<p>Vicekontorchef Anders Cenicola fra Region Nordjylland har en kort velkomsttale, hvor han ogs\u00e5 n\u00e6vner det faste l\u00e6gekorps:<\/p>\n<p>&#8211; Vi g\u00f8r alt hvad vi kan for at give et godt tilbud til jer alle, siger han.<\/p>\n<p>Jens Erik Pedersen, der er k\u00f8restolsbruger, sp\u00f8rger:<\/p>\n<p>&#8211; Jeg har l\u00e6ge i Thisted. Det er jo lidt langt. Kan jeg flytte l\u00e6ge hertil nu?<\/p>\n<p>Det bekr\u00e6fter Anders Cenicola.<\/p>\n<a class=\"dvrt-link\" onClick=\"cdmtrack_click(683,jQuery(this));return false\" href=\"https:\/\/vester-begr.dk\/?utm_source=google&amp;utm_medium=advative&amp;gad_source=1&amp;gclid=Cj0KCQjwtJ6_BhDWARIsAGanmKfl-hGVVjCYiOgSKoGoxrow4kvXybZsnruKJYTslvqZDywT6a9PCQwaAmBjEALw_wcB\"><img decoding=\"async\" style=\"width:100%;\" src=\"https:\/\/kunmedierne.dk\/thy\/wp-content\/uploads\/sites\/2\/2025\/03\/260203VesterHoukaer-02022026.jpg\"><\/a><script>cdmtrack_view(683);<\/script>\n<p>Connie Wissing Larsen har ogs\u00e5 et sp\u00f8rgsm\u00e5l:<\/p>\n<p>&#8211; I hvor h\u00f8j grad er vi sikre p\u00e5, at Olga vil v\u00e6re en l\u00e6ge, der kommer til at v\u00e6re her i mange \u00e5r fremover?<\/p>\n<p>Hendes sp\u00f8rgsm\u00e5l er en henvisning til, at to vordende speciall\u00e6ger i almen praksis, Jens Tilma og S\u00f8ren Bloch Larsen, har ytret \u00f8nske om at byde ind p\u00e5 ydernummeret i Fr\u00f8strup &#8211; som en delepraksis:<\/p>\n<p>&#8211; Vi vil gerne, at regionen tager de to unge l\u00e6ger herind, lyder det fra Connie Wissing Larsen.<\/p>\n<p>Anders Cenicola:<\/p>\n<p>&#8211; Vi er her for at sikre, at der er et l\u00e6getilbud, indtil der kommer en l\u00e6ge, der vil overtage praksis.<\/p>\n<p>Der kommer stadig mange mennesker, og der m\u00e5 b\u00e6res ekstra kaffe og kage ind, mens folk begynder at snakke med hinanden p\u00e5 kryds og tv\u00e6rs.<\/p>\n<p>KunThy f\u00e5r et par kommentarer, reaktioner og beretninger.<\/p>\n<div id=\"attachment_16257\" style=\"width: 1242px\" class=\"wp-caption alignnone\"><img loading=\"lazy\" decoding=\"async\" aria-describedby=\"caption-attachment-16257\" class=\"wp-image-16257 size-full\" src=\"https:\/\/kunmedierne.dk\/thy\/wp-content\/uploads\/sites\/2\/2026\/01\/Unavngivet-1232-x-802-px-2026-01-20T100328.568.jpg\" alt=\"\" width=\"1232\" height=\"802\" srcset=\"https:\/\/kunmedierne.dk\/thy\/wp-content\/uploads\/sites\/2\/2026\/01\/Unavngivet-1232-x-802-px-2026-01-20T100328.568.jpg 1232w, https:\/\/kunmedierne.dk\/thy\/wp-content\/uploads\/sites\/2\/2026\/01\/Unavngivet-1232-x-802-px-2026-01-20T100328.568-300x195.jpg 300w, https:\/\/kunmedierne.dk\/thy\/wp-content\/uploads\/sites\/2\/2026\/01\/Unavngivet-1232-x-802-px-2026-01-20T100328.568-1024x667.jpg 1024w, https:\/\/kunmedierne.dk\/thy\/wp-content\/uploads\/sites\/2\/2026\/01\/Unavngivet-1232-x-802-px-2026-01-20T100328.568-510x332.jpg 510w\" sizes=\"auto, (max-width: 1232px) 100vw, 1232px\" \/><p id=\"caption-attachment-16257\" class=\"wp-caption-text\">Jens Erik Pedersen synes, det er besv\u00e6rligt at komme til l\u00e6ge i Thisted, s\u00e5 nu overvejer han at flytte til en l\u00e6ge i regionsklinikken. Her ses han sammen med sin hustru, Linda Pedersen.<\/p><\/div>\n<p>Jens Erik Pedersen fort\u00e6ller, at han blev benamputeret for et \u00e5r siden, og nu er det meget besv\u00e6rligt for ham at komme til l\u00e6ge i Thisted, da han ikke l\u00e6ngere kan k\u00f8re bil.<\/p>\n<p>&#8211; Jeg overvejer meget kraftigt at skifte l\u00e6ge og flytte herud igen. Hvis jeg skal til l\u00e6ge, skal jeg k\u00f8re i flextaxi, og det skal bestilles to timer f\u00f8r, og det koster 72 kroner.<\/p>\n<p>&#8211; Desuden er det blevet helt umuligt at f\u00e5 en l\u00e6ge ud p\u00e5 hjemmebes\u00f8g, n\u00e5r man er syg. &#8230;. men vi skal jo v\u00e6nne os til de nye tider, erkender han.<\/p>\n<a class=\"dvrt-link\" onClick=\"cdmtrack_click(689,jQuery(this));return false\" href=\"https:\/\/www.thistedbolig.dk\"><img decoding=\"async\" style=\"width:100%;\" src=\"https:\/\/kunmedierne.dk\/thy\/wp-content\/uploads\/sites\/2\/2025\/03\/260414ThistedBoligApril-opslag-002-1.jpg\"><\/a><script>cdmtrack_view(689);<\/script>\n<p>Henning Buerup bem\u00e6rker, at l\u00e6ged\u00e6kningen i Fr\u00f8strup de senere \u00e5r ikke har v\u00e6ret god.<\/p>\n<p>&#8211; Det er sv\u00e6rt at lappe et \u00e5bent s\u00e5r. Sp\u00f8rgsm\u00e5let er, hvad regionen reelt har at tilbyde. N\u00e5r de pr\u00e6senterer tre l\u00e6ger, er det s\u00e5 nye boller p\u00e5 suppen eller for at lukke munden p\u00e5 folk? sp\u00f8rger han retorisk.<\/p>\n<p>En kvinde, der vil v\u00e6re anonym, bem\u00e6rker, at regionsklinikkens l\u00e6ger er gode til at betjene beboerne p\u00e5 plejehjemmet Trye. Her er hun selv frivillig.<\/p>\n<p>Hun siger ogs\u00e5, at det er guld v\u00e6rd, at der gennem \u00e5rene har v\u00e6ret fast personale i form af sygeplejerske Pernille Klemensen og social- og sundhedsassistent Nanna Leed Gade.<\/p>\n<p>Dorte Overgaard er helt enig.<\/p>\n<p>&#8211; Pernille og Nanna har et stort kendskab til borgerne. De har b\u00e5ret det hele i den seneste tid, pointerer hun.<\/p>\n<a class=\"dvrt-link\" onClick=\"cdmtrack_click(4416,jQuery(this));return false\" href=\"https:\/\/sdrhaa.dk\/\"><img decoding=\"async\" style=\"width:100%;\" src=\"https:\/\/kunmedierne.dk\/thy\/wp-content\/uploads\/sites\/2\/2025\/05\/260302Din-gebyrvenlige-sparekasse_SHS_Thy-1.gif\"><\/a><script>cdmtrack_view(4416);<\/script>\n<p>Netop det lokale kendskab er ogs\u00e5 vigtigt, n\u00e5r det kommer til l\u00e6gerne, mener Connie Wissing Larsen.<\/p>\n<p>&#8211; Det er vigtigt med en l\u00e6ge, der kender lokalsamfundet og ved, hvor der foreg\u00e5r noget, som patienterne med fordel kan g\u00e5 til &#8211; om det er gymnastik eller noget socialt. Sundhed skal ses i et meget st\u00f8rre perspektiv, mener hun.<\/p>\n<p>Dorte Overgaard er tidligere f\u00e6llestillidsmand for SOSU-personalet i hele Thisted Kommune. Nu er hun g\u00e5et p\u00e5 pension og er blevet frivillig p\u00e5 Trye.<\/p>\n<p>Dorte Overgaard har ogs\u00e5 en klar holdning til l\u00e6ged\u00e6kningen i Fr\u00f8strup:<\/p>\n<p>&#8211; Jeg er stor fan af, at vi f\u00e5r vores egen l\u00e6ge. Men det er dejligt, at regionen finder l\u00f8sninger som den her regionsklinik, s\u00e5 vi ikke st\u00e5r helt uden l\u00e6ge. Jeg er glad for, at der er bygget s\u00e5 fin en klinik herude.<\/p>\n<div id=\"attachment_16254\" style=\"width: 1242px\" class=\"wp-caption alignnone\"><img loading=\"lazy\" decoding=\"async\" aria-describedby=\"caption-attachment-16254\" class=\"wp-image-16254 size-full\" src=\"https:\/\/kunmedierne.dk\/thy\/wp-content\/uploads\/sites\/2\/2026\/01\/Unavngivet-1232-x-802-px-2026-01-20T100534.375.jpg\" alt=\"\" width=\"1232\" height=\"802\" srcset=\"https:\/\/kunmedierne.dk\/thy\/wp-content\/uploads\/sites\/2\/2026\/01\/Unavngivet-1232-x-802-px-2026-01-20T100534.375.jpg 1232w, https:\/\/kunmedierne.dk\/thy\/wp-content\/uploads\/sites\/2\/2026\/01\/Unavngivet-1232-x-802-px-2026-01-20T100534.375-300x195.jpg 300w, https:\/\/kunmedierne.dk\/thy\/wp-content\/uploads\/sites\/2\/2026\/01\/Unavngivet-1232-x-802-px-2026-01-20T100534.375-1024x667.jpg 1024w, https:\/\/kunmedierne.dk\/thy\/wp-content\/uploads\/sites\/2\/2026\/01\/Unavngivet-1232-x-802-px-2026-01-20T100534.375-510x332.jpg 510w\" sizes=\"auto, (max-width: 1232px) 100vw, 1232px\" \/><p id=\"caption-attachment-16254\" class=\"wp-caption-text\">Regionsklinikken har \u00e5bent fra kl. 8-16 hver dag.<\/p><\/div>\n<p>&nbsp;<\/p>\n<div id=\"attachment_16255\" style=\"width: 1242px\" class=\"wp-caption alignnone\"><img loading=\"lazy\" decoding=\"async\" aria-describedby=\"caption-attachment-16255\" class=\"wp-image-16255 size-full\" src=\"https:\/\/kunmedierne.dk\/thy\/wp-content\/uploads\/sites\/2\/2026\/01\/Unavngivet-1232-x-802-px-2026-01-20T100505.835.jpg\" alt=\"\" width=\"1232\" height=\"802\" srcset=\"https:\/\/kunmedierne.dk\/thy\/wp-content\/uploads\/sites\/2\/2026\/01\/Unavngivet-1232-x-802-px-2026-01-20T100505.835.jpg 1232w, https:\/\/kunmedierne.dk\/thy\/wp-content\/uploads\/sites\/2\/2026\/01\/Unavngivet-1232-x-802-px-2026-01-20T100505.835-300x195.jpg 300w, https:\/\/kunmedierne.dk\/thy\/wp-content\/uploads\/sites\/2\/2026\/01\/Unavngivet-1232-x-802-px-2026-01-20T100505.835-1024x667.jpg 1024w, https:\/\/kunmedierne.dk\/thy\/wp-content\/uploads\/sites\/2\/2026\/01\/Unavngivet-1232-x-802-px-2026-01-20T100505.835-510x332.jpg 510w\" sizes=\"auto, (max-width: 1232px) 100vw, 1232px\" \/><p id=\"caption-attachment-16255\" class=\"wp-caption-text\">Mange lokale borgere er kommet for at h\u00f8re n\u00e6rmere om klinikken.<\/p><\/div>\n<p>&nbsp;<\/p>\n<div id=\"attachment_16256\" style=\"width: 1242px\" class=\"wp-caption alignnone\"><img loading=\"lazy\" decoding=\"async\" aria-describedby=\"caption-attachment-16256\" class=\"wp-image-16256 size-full\" src=\"https:\/\/kunmedierne.dk\/thy\/wp-content\/uploads\/sites\/2\/2026\/01\/Unavngivet-1232-x-802-px-2026-01-20T100413.830.jpg\" alt=\"\" width=\"1232\" height=\"802\" srcset=\"https:\/\/kunmedierne.dk\/thy\/wp-content\/uploads\/sites\/2\/2026\/01\/Unavngivet-1232-x-802-px-2026-01-20T100413.830.jpg 1232w, https:\/\/kunmedierne.dk\/thy\/wp-content\/uploads\/sites\/2\/2026\/01\/Unavngivet-1232-x-802-px-2026-01-20T100413.830-300x195.jpg 300w, https:\/\/kunmedierne.dk\/thy\/wp-content\/uploads\/sites\/2\/2026\/01\/Unavngivet-1232-x-802-px-2026-01-20T100413.830-1024x667.jpg 1024w, https:\/\/kunmedierne.dk\/thy\/wp-content\/uploads\/sites\/2\/2026\/01\/Unavngivet-1232-x-802-px-2026-01-20T100413.830-510x332.jpg 510w\" sizes=\"auto, (max-width: 1232px) 100vw, 1232px\" \/><p id=\"caption-attachment-16256\" class=\"wp-caption-text\">Region Nordjylland er repr\u00e6senteret ved vicekontorchef Anders Cenicola og Christina Pedersen, leder af regionsklinikkerne i Fr\u00f8strup og Brovst.<\/p><\/div>\n<p>&nbsp;<\/p>\n<p><img loading=\"lazy\" decoding=\"async\" class=\"wp-image-16258 size-full\" style=\"font-size: 16px\" src=\"https:\/\/kunmedierne.dk\/thy\/wp-content\/uploads\/sites\/2\/2026\/01\/Unavngivet-1232-x-802-px-2026-01-20T100248.092.jpg\" alt=\"\" width=\"1232\" height=\"802\" srcset=\"https:\/\/kunmedierne.dk\/thy\/wp-content\/uploads\/sites\/2\/2026\/01\/Unavngivet-1232-x-802-px-2026-01-20T100248.092.jpg 1232w, https:\/\/kunmedierne.dk\/thy\/wp-content\/uploads\/sites\/2\/2026\/01\/Unavngivet-1232-x-802-px-2026-01-20T100248.092-300x195.jpg 300w, https:\/\/kunmedierne.dk\/thy\/wp-content\/uploads\/sites\/2\/2026\/01\/Unavngivet-1232-x-802-px-2026-01-20T100248.092-1024x667.jpg 1024w, https:\/\/kunmedierne.dk\/thy\/wp-content\/uploads\/sites\/2\/2026\/01\/Unavngivet-1232-x-802-px-2026-01-20T100248.092-510x332.jpg 510w\" sizes=\"auto, (max-width: 1232px) 100vw, 1232px\" \/><\/p>\n<p>-Det er lidt skuffende, at de ikke har mere at sige, lyder det fra Karen Moestrup (t.v.) &#8211; om regionens ansatte. Her ses hun med Connie Wissing Larsen.<\/p>\n<div id=\"attachment_16259\" style=\"width: 1242px\" class=\"wp-caption alignnone\"><img loading=\"lazy\" decoding=\"async\" aria-describedby=\"caption-attachment-16259\" class=\"wp-image-16259 size-full\" src=\"https:\/\/kunmedierne.dk\/thy\/wp-content\/uploads\/sites\/2\/2026\/01\/Unavngivet-1232-x-802-px-2026-01-20T100211.406.jpg\" alt=\"\" width=\"1232\" height=\"802\" srcset=\"https:\/\/kunmedierne.dk\/thy\/wp-content\/uploads\/sites\/2\/2026\/01\/Unavngivet-1232-x-802-px-2026-01-20T100211.406.jpg 1232w, https:\/\/kunmedierne.dk\/thy\/wp-content\/uploads\/sites\/2\/2026\/01\/Unavngivet-1232-x-802-px-2026-01-20T100211.406-300x195.jpg 300w, https:\/\/kunmedierne.dk\/thy\/wp-content\/uploads\/sites\/2\/2026\/01\/Unavngivet-1232-x-802-px-2026-01-20T100211.406-1024x667.jpg 1024w, https:\/\/kunmedierne.dk\/thy\/wp-content\/uploads\/sites\/2\/2026\/01\/Unavngivet-1232-x-802-px-2026-01-20T100211.406-510x332.jpg 510w\" sizes=\"auto, (max-width: 1232px) 100vw, 1232px\" \/><p id=\"caption-attachment-16259\" class=\"wp-caption-text\">Henning Buerup.<\/p><\/div>\n<p>&nbsp;<\/p>\n<p>&nbsp;<\/p>\n","protected":false},"excerpt":{"rendered":"<p>FR\u00d8STRUP: L\u00e6gehuset i Fr\u00f8strup har v\u00e6ret igennem nogle turbulente \u00e5r, hvor Region Nordjylland med forskellige aftaler har fors\u00f8gt at sikre borgerne l\u00e6ged\u00e6kning. Alles L\u00e6gehus og Falck Healthcare har v\u00e6ret inde i billedet, inden en praktiserende l\u00e6ge sidste \u00e5r m\u00e5tte kaste h\u00e5ndkl\u00e6det i ringen. Fra 1. december har Region Nordjylland s\u00e5 oprettet en regionsklinik i S\u00f8ndergade, [&hellip;]<\/p>\n","protected":false},"author":1925,"featured_media":0,"comment_status":"closed","ping_status":"closed","sticky":false,"template":"","format":"standard","meta":{"_acf_changed":false,"footnotes":""},"categories":[24],"tags":[38,47],"class_list":["post-16240","post","type-post","status-publish","format-standard","hentry","category-lokalt","tag-mennesker","tag-sundhed"],"acf":[],"yoast_head":"<!-- This site is optimized with the Yoast SEO plugin v26.8 - https:\/\/yoast.com\/product\/yoast-seo-wordpress\/ -->\n<title>Stor interesse for \u00e5bent hus i regionsklinikken i Fr\u00f8strup - Thy<\/title>\n<meta name=\"robots\" content=\"index, follow, max-snippet:-1, max-image-preview:large, max-video-preview:-1\" \/>\n<link rel=\"canonical\" href=\"https:\/\/kunmedierne.dk\/thy\/stor-interesse-for-aabent-hus-i-regionsklinikken-i-froestrup\/\" \/>\n<meta property=\"og:locale\" content=\"da_DK\" \/>\n<meta property=\"og:type\" content=\"article\" \/>\n<meta property=\"og:title\" content=\"Stor interesse for \u00e5bent hus i regionsklinikken i Fr\u00f8strup - Thy\" \/>\n<meta property=\"og:description\" content=\"FR\u00d8STRUP: L\u00e6gehuset i Fr\u00f8strup har v\u00e6ret igennem nogle turbulente \u00e5r, hvor Region Nordjylland med forskellige aftaler har fors\u00f8gt at sikre borgerne l\u00e6ged\u00e6kning. Alles L\u00e6gehus og Falck Healthcare har v\u00e6ret inde i billedet, inden en praktiserende l\u00e6ge sidste \u00e5r m\u00e5tte kaste h\u00e5ndkl\u00e6det i ringen. Fra 1. december har Region Nordjylland s\u00e5 oprettet en regionsklinik i S\u00f8ndergade, [&hellip;]\" \/>\n<meta property=\"og:url\" content=\"https:\/\/kunmedierne.dk\/thy\/stor-interesse-for-aabent-hus-i-regionsklinikken-i-froestrup\/\" \/>\n<meta property=\"og:site_name\" content=\"Thy\" \/>\n<meta property=\"article:published_time\" content=\"2026-01-20T09:21:23+00:00\" \/>\n<meta property=\"og:image\" content=\"https:\/\/kunmedierne.dk\/thy\/wp-content\/uploads\/sites\/2\/2026\/01\/Unavngivet-1232-x-802-px-2026-01-20T100328.568.jpg\" \/>\n<meta name=\"author\" content=\"Lone L\u00e6rke Krog\" \/>\n<meta name=\"twitter:card\" content=\"summary_large_image\" \/>\n<meta name=\"twitter:label1\" content=\"Skrevet af\" \/>\n\t<meta name=\"twitter:data1\" content=\"Lone L\u00e6rke Krog\" \/>\n\t<meta name=\"twitter:label2\" content=\"Estimeret l\u00e6setid\" \/>\n\t<meta name=\"twitter:data2\" content=\"6 minutter\" \/>\n<script type=\"application\/ld+json\" class=\"yoast-schema-graph\">{\"@context\":\"https:\/\/schema.org\",\"@graph\":[{\"@type\":\"Article\",\"@id\":\"https:\/\/kunmedierne.dk\/thy\/stor-interesse-for-aabent-hus-i-regionsklinikken-i-froestrup\/#article\",\"isPartOf\":{\"@id\":\"https:\/\/kunmedierne.dk\/thy\/stor-interesse-for-aabent-hus-i-regionsklinikken-i-froestrup\/\"},\"author\":{\"name\":\"Lone L\u00e6rke Krog\",\"@id\":\"https:\/\/kunmedierne.dk\/thy\/#\/schema\/person\/d266634ba6550d075ecf540d63b245d2\"},\"headline\":\"Stor interesse for \u00e5bent hus i regionsklinikken i Fr\u00f8strup\",\"datePublished\":\"2026-01-20T09:21:23+00:00\",\"mainEntityOfPage\":{\"@id\":\"https:\/\/kunmedierne.dk\/thy\/stor-interesse-for-aabent-hus-i-regionsklinikken-i-froestrup\/\"},\"wordCount\":998,\"publisher\":{\"@id\":\"https:\/\/kunmedierne.dk\/thy\/#organization\"},\"image\":{\"@id\":\"https:\/\/kunmedierne.dk\/thy\/stor-interesse-for-aabent-hus-i-regionsklinikken-i-froestrup\/#primaryimage\"},\"thumbnailUrl\":\"https:\/\/kunmedierne.dk\/thy\/wp-content\/uploads\/sites\/2\/2026\/01\/Unavngivet-1232-x-802-px-2026-01-20T100328.568.jpg\",\"keywords\":[\"Mennesker\",\"Sundhed\"],\"articleSection\":[\"Lokalt\"],\"inLanguage\":\"da-DK\"},{\"@type\":\"WebPage\",\"@id\":\"https:\/\/kunmedierne.dk\/thy\/stor-interesse-for-aabent-hus-i-regionsklinikken-i-froestrup\/\",\"url\":\"https:\/\/kunmedierne.dk\/thy\/stor-interesse-for-aabent-hus-i-regionsklinikken-i-froestrup\/\",\"name\":\"Stor interesse for \u00e5bent hus i regionsklinikken i Fr\u00f8strup - Thy\",\"isPartOf\":{\"@id\":\"https:\/\/kunmedierne.dk\/thy\/#website\"},\"primaryImageOfPage\":{\"@id\":\"https:\/\/kunmedierne.dk\/thy\/stor-interesse-for-aabent-hus-i-regionsklinikken-i-froestrup\/#primaryimage\"},\"image\":{\"@id\":\"https:\/\/kunmedierne.dk\/thy\/stor-interesse-for-aabent-hus-i-regionsklinikken-i-froestrup\/#primaryimage\"},\"thumbnailUrl\":\"https:\/\/kunmedierne.dk\/thy\/wp-content\/uploads\/sites\/2\/2026\/01\/Unavngivet-1232-x-802-px-2026-01-20T100328.568.jpg\",\"datePublished\":\"2026-01-20T09:21:23+00:00\",\"breadcrumb\":{\"@id\":\"https:\/\/kunmedierne.dk\/thy\/stor-interesse-for-aabent-hus-i-regionsklinikken-i-froestrup\/#breadcrumb\"},\"inLanguage\":\"da-DK\",\"potentialAction\":[{\"@type\":\"ReadAction\",\"target\":[\"https:\/\/kunmedierne.dk\/thy\/stor-interesse-for-aabent-hus-i-regionsklinikken-i-froestrup\/\"]}]},{\"@type\":\"ImageObject\",\"inLanguage\":\"da-DK\",\"@id\":\"https:\/\/kunmedierne.dk\/thy\/stor-interesse-for-aabent-hus-i-regionsklinikken-i-froestrup\/#primaryimage\",\"url\":\"https:\/\/kunmedierne.dk\/thy\/wp-content\/uploads\/sites\/2\/2026\/01\/Unavngivet-1232-x-802-px-2026-01-20T100328.568.jpg\",\"contentUrl\":\"https:\/\/kunmedierne.dk\/thy\/wp-content\/uploads\/sites\/2\/2026\/01\/Unavngivet-1232-x-802-px-2026-01-20T100328.568.jpg\",\"width\":1232,\"height\":802},{\"@type\":\"BreadcrumbList\",\"@id\":\"https:\/\/kunmedierne.dk\/thy\/stor-interesse-for-aabent-hus-i-regionsklinikken-i-froestrup\/#breadcrumb\",\"itemListElement\":[{\"@type\":\"ListItem\",\"position\":1,\"name\":\"Home\",\"item\":\"https:\/\/kunmedierne.dk\/thy\/\"},{\"@type\":\"ListItem\",\"position\":2,\"name\":\"Stor interesse for \u00e5bent hus i regionsklinikken i Fr\u00f8strup\"}]},{\"@type\":\"WebSite\",\"@id\":\"https:\/\/kunmedierne.dk\/thy\/#website\",\"url\":\"https:\/\/kunmedierne.dk\/thy\/\",\"name\":\"Thy\",\"description\":\"et netmedie med journalistik om livet i Thy\",\"publisher\":{\"@id\":\"https:\/\/kunmedierne.dk\/thy\/#organization\"},\"potentialAction\":[{\"@type\":\"SearchAction\",\"target\":{\"@type\":\"EntryPoint\",\"urlTemplate\":\"https:\/\/kunmedierne.dk\/thy\/?s={search_term_string}\"},\"query-input\":{\"@type\":\"PropertyValueSpecification\",\"valueRequired\":true,\"valueName\":\"search_term_string\"}}],\"inLanguage\":\"da-DK\"},{\"@type\":\"Organization\",\"@id\":\"https:\/\/kunmedierne.dk\/thy\/#organization\",\"name\":\"Thy\",\"url\":\"https:\/\/kunmedierne.dk\/thy\/\",\"logo\":{\"@type\":\"ImageObject\",\"inLanguage\":\"da-DK\",\"@id\":\"https:\/\/kunmedierne.dk\/thy\/#\/schema\/logo\/image\/\",\"url\":\"https:\/\/kunmedierne.dk\/thy\/wp-content\/uploads\/sites\/2\/2025\/04\/kunthy-logo.svg\",\"contentUrl\":\"https:\/\/kunmedierne.dk\/thy\/wp-content\/uploads\/sites\/2\/2025\/04\/kunthy-logo.svg\",\"caption\":\"Thy\"},\"image\":{\"@id\":\"https:\/\/kunmedierne.dk\/thy\/#\/schema\/logo\/image\/\"}},{\"@type\":\"Person\",\"@id\":\"https:\/\/kunmedierne.dk\/thy\/#\/schema\/person\/d266634ba6550d075ecf540d63b245d2\",\"name\":\"Lone L\u00e6rke Krog\",\"image\":{\"@type\":\"ImageObject\",\"inLanguage\":\"da-DK\",\"@id\":\"https:\/\/kunmedierne.dk\/thy\/#\/schema\/person\/image\/\",\"url\":\"https:\/\/secure.gravatar.com\/avatar\/496ddc7080e56b4ac64cfd4e56bd6d1ee396fa3db1923aa22f11346f60bb135b?s=96&d=mm&r=g\",\"contentUrl\":\"https:\/\/secure.gravatar.com\/avatar\/496ddc7080e56b4ac64cfd4e56bd6d1ee396fa3db1923aa22f11346f60bb135b?s=96&d=mm&r=g\",\"caption\":\"Lone L\u00e6rke Krog\"},\"url\":\"https:\/\/kunmedierne.dk\/thy\/author\/llk\/\"}]}<\/script>\n<!-- \/ Yoast SEO plugin. -->","yoast_head_json":{"title":"Stor interesse for \u00e5bent hus i regionsklinikken i Fr\u00f8strup - Thy","robots":{"index":"index","follow":"follow","max-snippet":"max-snippet:-1","max-image-preview":"max-image-preview:large","max-video-preview":"max-video-preview:-1"},"canonical":"https:\/\/kunmedierne.dk\/thy\/stor-interesse-for-aabent-hus-i-regionsklinikken-i-froestrup\/","og_locale":"da_DK","og_type":"article","og_title":"Stor interesse for \u00e5bent hus i regionsklinikken i Fr\u00f8strup - Thy","og_description":"FR\u00d8STRUP: L\u00e6gehuset i Fr\u00f8strup har v\u00e6ret igennem nogle turbulente \u00e5r, hvor Region Nordjylland med forskellige aftaler har fors\u00f8gt at sikre borgerne l\u00e6ged\u00e6kning. Alles L\u00e6gehus og Falck Healthcare har v\u00e6ret inde i billedet, inden en praktiserende l\u00e6ge sidste \u00e5r m\u00e5tte kaste h\u00e5ndkl\u00e6det i ringen. Fra 1. december har Region Nordjylland s\u00e5 oprettet en regionsklinik i S\u00f8ndergade, [&hellip;]","og_url":"https:\/\/kunmedierne.dk\/thy\/stor-interesse-for-aabent-hus-i-regionsklinikken-i-froestrup\/","og_site_name":"Thy","article_published_time":"2026-01-20T09:21:23+00:00","og_image":[{"url":"https:\/\/kunmedierne.dk\/thy\/wp-content\/uploads\/sites\/2\/2026\/01\/Unavngivet-1232-x-802-px-2026-01-20T100328.568.jpg","type":"","width":"","height":""}],"author":"Lone L\u00e6rke Krog","twitter_card":"summary_large_image","twitter_misc":{"Skrevet af":"Lone L\u00e6rke Krog","Estimeret l\u00e6setid":"6 minutter"},"schema":{"@context":"https:\/\/schema.org","@graph":[{"@type":"Article","@id":"https:\/\/kunmedierne.dk\/thy\/stor-interesse-for-aabent-hus-i-regionsklinikken-i-froestrup\/#article","isPartOf":{"@id":"https:\/\/kunmedierne.dk\/thy\/stor-interesse-for-aabent-hus-i-regionsklinikken-i-froestrup\/"},"author":{"name":"Lone L\u00e6rke Krog","@id":"https:\/\/kunmedierne.dk\/thy\/#\/schema\/person\/d266634ba6550d075ecf540d63b245d2"},"headline":"Stor interesse for \u00e5bent hus i regionsklinikken i Fr\u00f8strup","datePublished":"2026-01-20T09:21:23+00:00","mainEntityOfPage":{"@id":"https:\/\/kunmedierne.dk\/thy\/stor-interesse-for-aabent-hus-i-regionsklinikken-i-froestrup\/"},"wordCount":998,"publisher":{"@id":"https:\/\/kunmedierne.dk\/thy\/#organization"},"image":{"@id":"https:\/\/kunmedierne.dk\/thy\/stor-interesse-for-aabent-hus-i-regionsklinikken-i-froestrup\/#primaryimage"},"thumbnailUrl":"https:\/\/kunmedierne.dk\/thy\/wp-content\/uploads\/sites\/2\/2026\/01\/Unavngivet-1232-x-802-px-2026-01-20T100328.568.jpg","keywords":["Mennesker","Sundhed"],"articleSection":["Lokalt"],"inLanguage":"da-DK"},{"@type":"WebPage","@id":"https:\/\/kunmedierne.dk\/thy\/stor-interesse-for-aabent-hus-i-regionsklinikken-i-froestrup\/","url":"https:\/\/kunmedierne.dk\/thy\/stor-interesse-for-aabent-hus-i-regionsklinikken-i-froestrup\/","name":"Stor interesse for \u00e5bent hus i regionsklinikken i Fr\u00f8strup - Thy","isPartOf":{"@id":"https:\/\/kunmedierne.dk\/thy\/#website"},"primaryImageOfPage":{"@id":"https:\/\/kunmedierne.dk\/thy\/stor-interesse-for-aabent-hus-i-regionsklinikken-i-froestrup\/#primaryimage"},"image":{"@id":"https:\/\/kunmedierne.dk\/thy\/stor-interesse-for-aabent-hus-i-regionsklinikken-i-froestrup\/#primaryimage"},"thumbnailUrl":"https:\/\/kunmedierne.dk\/thy\/wp-content\/uploads\/sites\/2\/2026\/01\/Unavngivet-1232-x-802-px-2026-01-20T100328.568.jpg","datePublished":"2026-01-20T09:21:23+00:00","breadcrumb":{"@id":"https:\/\/kunmedierne.dk\/thy\/stor-interesse-for-aabent-hus-i-regionsklinikken-i-froestrup\/#breadcrumb"},"inLanguage":"da-DK","potentialAction":[{"@type":"ReadAction","target":["https:\/\/kunmedierne.dk\/thy\/stor-interesse-for-aabent-hus-i-regionsklinikken-i-froestrup\/"]}]},{"@type":"ImageObject","inLanguage":"da-DK","@id":"https:\/\/kunmedierne.dk\/thy\/stor-interesse-for-aabent-hus-i-regionsklinikken-i-froestrup\/#primaryimage","url":"https:\/\/kunmedierne.dk\/thy\/wp-content\/uploads\/sites\/2\/2026\/01\/Unavngivet-1232-x-802-px-2026-01-20T100328.568.jpg","contentUrl":"https:\/\/kunmedierne.dk\/thy\/wp-content\/uploads\/sites\/2\/2026\/01\/Unavngivet-1232-x-802-px-2026-01-20T100328.568.jpg","width":1232,"height":802},{"@type":"BreadcrumbList","@id":"https:\/\/kunmedierne.dk\/thy\/stor-interesse-for-aabent-hus-i-regionsklinikken-i-froestrup\/#breadcrumb","itemListElement":[{"@type":"ListItem","position":1,"name":"Home","item":"https:\/\/kunmedierne.dk\/thy\/"},{"@type":"ListItem","position":2,"name":"Stor interesse for \u00e5bent hus i regionsklinikken i Fr\u00f8strup"}]},{"@type":"WebSite","@id":"https:\/\/kunmedierne.dk\/thy\/#website","url":"https:\/\/kunmedierne.dk\/thy\/","name":"Thy","description":"et netmedie med journalistik om livet i Thy","publisher":{"@id":"https:\/\/kunmedierne.dk\/thy\/#organization"},"potentialAction":[{"@type":"SearchAction","target":{"@type":"EntryPoint","urlTemplate":"https:\/\/kunmedierne.dk\/thy\/?s={search_term_string}"},"query-input":{"@type":"PropertyValueSpecification","valueRequired":true,"valueName":"search_term_string"}}],"inLanguage":"da-DK"},{"@type":"Organization","@id":"https:\/\/kunmedierne.dk\/thy\/#organization","name":"Thy","url":"https:\/\/kunmedierne.dk\/thy\/","logo":{"@type":"ImageObject","inLanguage":"da-DK","@id":"https:\/\/kunmedierne.dk\/thy\/#\/schema\/logo\/image\/","url":"https:\/\/kunmedierne.dk\/thy\/wp-content\/uploads\/sites\/2\/2025\/04\/kunthy-logo.svg","contentUrl":"https:\/\/kunmedierne.dk\/thy\/wp-content\/uploads\/sites\/2\/2025\/04\/kunthy-logo.svg","caption":"Thy"},"image":{"@id":"https:\/\/kunmedierne.dk\/thy\/#\/schema\/logo\/image\/"}},{"@type":"Person","@id":"https:\/\/kunmedierne.dk\/thy\/#\/schema\/person\/d266634ba6550d075ecf540d63b245d2","name":"Lone L\u00e6rke Krog","image":{"@type":"ImageObject","inLanguage":"da-DK","@id":"https:\/\/kunmedierne.dk\/thy\/#\/schema\/person\/image\/","url":"https:\/\/secure.gravatar.com\/avatar\/496ddc7080e56b4ac64cfd4e56bd6d1ee396fa3db1923aa22f11346f60bb135b?s=96&d=mm&r=g","contentUrl":"https:\/\/secure.gravatar.com\/avatar\/496ddc7080e56b4ac64cfd4e56bd6d1ee396fa3db1923aa22f11346f60bb135b?s=96&d=mm&r=g","caption":"Lone L\u00e6rke Krog"},"url":"https:\/\/kunmedierne.dk\/thy\/author\/llk\/"}]}},"_links":{"self":[{"href":"https:\/\/kunmedierne.dk\/thy\/wp-json\/wp\/v2\/posts\/16240","targetHints":{"allow":["GET"]}}],"collection":[{"href":"https:\/\/kunmedierne.dk\/thy\/wp-json\/wp\/v2\/posts"}],"about":[{"href":"https:\/\/kunmedierne.dk\/thy\/wp-json\/wp\/v2\/types\/post"}],"author":[{"embeddable":true,"href":"https:\/\/kunmedierne.dk\/thy\/wp-json\/wp\/v2\/users\/1925"}],"replies":[{"embeddable":true,"href":"https:\/\/kunmedierne.dk\/thy\/wp-json\/wp\/v2\/comments?post=16240"}],"version-history":[{"count":7,"href":"https:\/\/kunmedierne.dk\/thy\/wp-json\/wp\/v2\/posts\/16240\/revisions"}],"predecessor-version":[{"id":16263,"href":"https:\/\/kunmedierne.dk\/thy\/wp-json\/wp\/v2\/posts\/16240\/revisions\/16263"}],"wp:attachment":[{"href":"https:\/\/kunmedierne.dk\/thy\/wp-json\/wp\/v2\/media?parent=16240"}],"wp:term":[{"taxonomy":"category","embeddable":true,"href":"https:\/\/kunmedierne.dk\/thy\/wp-json\/wp\/v2\/categories?post=16240"},{"taxonomy":"post_tag","embeddable":true,"href":"https:\/\/kunmedierne.dk\/thy\/wp-json\/wp\/v2\/tags?post=16240"}],"curies":[{"name":"wp","href":"https:\/\/api.w.org\/{rel}","templated":true}]}}