{"id":16028,"date":"2026-01-15T16:30:21","date_gmt":"2026-01-15T15:30:21","guid":{"rendered":"https:\/\/kunmedierne.dk\/thy\/?p=16028"},"modified":"2026-01-15T16:12:27","modified_gmt":"2026-01-15T15:12:27","slug":"thisted-sygehus-tager-nye-operationsstuer-i-brug-tre-nye-i-stedet-for-fire-gamle","status":"publish","type":"post","link":"https:\/\/kunmedierne.dk\/thy\/thisted-sygehus-tager-nye-operationsstuer-i-brug-tre-nye-i-stedet-for-fire-gamle\/","title":{"rendered":"<span>Thisted Sygehus tager nye operationsstuer i brug:<\/span> Tre nye i stedet for fire gamle"},"content":{"rendered":"<p><strong>THISTED:<\/strong> 1991 ligger efterh\u00e5nden nogle \u00e5r tilbage i tiden. Det \u00e5r var regionsr\u00e5dsformand Mads\u00a0 Duedal netop begyndt i b\u00f8rnehaveklassen, lod han forst\u00e5, da han torsdag over middag klippede den r\u00f8de snor over indgangen til tre nye operationsstuer p\u00e5 Aalborg Universitetshospital, Thisted.<\/p>\n<a class=\"dvrt-link\" onClick=\"cdmtrack_click(689,jQuery(this));return false\" href=\"https:\/\/www.thistedbolig.dk\"><img decoding=\"async\" style=\"width:100%;\" src=\"https:\/\/kunmedierne.dk\/thy\/wp-content\/uploads\/sites\/2\/2025\/03\/260414ThistedBoligApril-opslag-002-1.jpg\"><\/a><script>cdmtrack_view(689);<\/script>\n<p>&#8211; S\u00e5 det er p\u00e5 rette tid, sagde Mads Duedal med tanke for, at de tre nye operationsstuer afl\u00f8ser fire gamle, som har v\u00e6ret i funktion siden 1991. Operationsstuerne ligger i \u00f8vrigt i en bygning, der er endnu \u00e6ldre. Den er opf\u00f8rt i 1962.<\/p>\n<div id=\"attachment_16032\" style=\"width: 4938px\" class=\"wp-caption alignnone\"><img loading=\"lazy\" decoding=\"async\" aria-describedby=\"caption-attachment-16032\" class=\"wp-image-16032 size-full\" src=\"https:\/\/kunmedierne.dk\/thy\/wp-content\/uploads\/sites\/2\/2026\/01\/Operationsstue01.jpg\" alt=\"\" width=\"4928\" height=\"3280\" srcset=\"https:\/\/kunmedierne.dk\/thy\/wp-content\/uploads\/sites\/2\/2026\/01\/Operationsstue01.jpg 4928w, https:\/\/kunmedierne.dk\/thy\/wp-content\/uploads\/sites\/2\/2026\/01\/Operationsstue01-300x200.jpg 300w, https:\/\/kunmedierne.dk\/thy\/wp-content\/uploads\/sites\/2\/2026\/01\/Operationsstue01-1024x682.jpg 1024w, https:\/\/kunmedierne.dk\/thy\/wp-content\/uploads\/sites\/2\/2026\/01\/Operationsstue01-510x339.jpg 510w\" sizes=\"auto, (max-width: 4928px) 100vw, 4928px\" \/><p id=\"caption-attachment-16032\" class=\"wp-caption-text\">Den nye operationsstue er i lighed med to to andre top-moderne med masser af lys og god plads. Foto: Jens Fogh-Andersen<\/p><\/div>\n<p>&nbsp;<\/p>\n<p>Det var imidlertid ikke til at se, da de nye operationsstuer blev vist frem. De er st\u00f8rre end de gamle, top moderne, og i forbindelse med den ombygning, der gik i gang 3. marts 2025 efter en beslutning truffet i regionsr\u00e5det i 2024, er der ogs\u00e5 blevet plads til et udpakningsrum, som underst\u00f8tter flowet i operationerne. Det kommer hospitalets ortop\u00e6dkirurgisk, mave-tarm kirurgiske, gyn\u00e6kologisk-obstetriske, \u00f8re-n\u00e6se-halskirurgiske og urologiske specialer til gavn.<\/p>\n<a class=\"dvrt-link\" onClick=\"cdmtrack_click(685,jQuery(this));return false\" href=\"https:\/\/wensien.dk\/begravelse\/?gad_source=1&gclid=Cj0KCQjwtJ6_BhDWARIsAGanmKcWw6hbeoepGti1oApJGHln52gMbg8EBRZ86__3P1AJZ5dcsw4ZvNEaAk7JEALw_wcB\"><img decoding=\"async\" style=\"width:100%;\" src=\"https:\/\/kunmedierne.dk\/thy\/wp-content\/uploads\/sites\/2\/2025\/03\/wensien-stenhugger.jpg\"><\/a><script>cdmtrack_view(685);<\/script>\n<p>&#8211; Nu er det slut med ledninger p\u00e5 gulvet, vi har f\u00e5et tre flotte operationsstuer, sagde Grethe Kirk, matrikelchef p\u00e5 Aalborg Universitetshospital, Thisted og tilf\u00f8jede, at indvielsen fandt sted 10 m\u00e5neder og 12 dage efter ombygningen gik i gang.<\/p>\n<div id=\"attachment_16034\" style=\"width: 3715px\" class=\"wp-caption alignnone\"><img loading=\"lazy\" decoding=\"async\" aria-describedby=\"caption-attachment-16034\" class=\"wp-image-16034 size-full\" src=\"https:\/\/kunmedierne.dk\/thy\/wp-content\/uploads\/sites\/2\/2026\/01\/Operationsstue03.jpg\" alt=\"\" width=\"3705\" height=\"2466\" srcset=\"https:\/\/kunmedierne.dk\/thy\/wp-content\/uploads\/sites\/2\/2026\/01\/Operationsstue03.jpg 3705w, https:\/\/kunmedierne.dk\/thy\/wp-content\/uploads\/sites\/2\/2026\/01\/Operationsstue03-300x200.jpg 300w, https:\/\/kunmedierne.dk\/thy\/wp-content\/uploads\/sites\/2\/2026\/01\/Operationsstue03-1024x682.jpg 1024w, https:\/\/kunmedierne.dk\/thy\/wp-content\/uploads\/sites\/2\/2026\/01\/Operationsstue03-510x339.jpg 510w\" sizes=\"auto, (max-width: 3705px) 100vw, 3705px\" \/><p id=\"caption-attachment-16034\" class=\"wp-caption-text\">P\u00e5 et sygehus er en saks ikke bare en saks. Matrikelchef Grethe Kirk lod forst\u00e5, at Mads Duedal skulle klippe den r\u00f8de snor til de nye operationsstuer med en saks fra en steril indpakning. Foto: Jens Fogh-Andersen.<\/p><\/div>\n<p>&nbsp;<\/p>\n<p>Helle Isaksen, ledende oversygeplejerske, understregede ved indvielsen, at de nye operationsstuer ikke alene rummer udstyr og sikre bedre forhold at arbejde under, de er ogs\u00e5 bygget op omkring den erfaring og de v\u00e6rdier, personalet tager med sig fra de gamle operationsstuer.<\/p>\n<p>&#8211; Kapaciteten er fremtidssikret, sagde Helle Isaksen, inden hun overakte Mads Duedal en m\u00f8nt, en rund 10&#8217;er, med en bem\u00e6rkning om, at der m\u00e5ske bliver brug for lidt mere.<\/p>\n<a class=\"dvrt-link\" onClick=\"cdmtrack_click(4416,jQuery(this));return false\" href=\"https:\/\/sdrhaa.dk\/\"><img decoding=\"async\" style=\"width:100%;\" src=\"https:\/\/kunmedierne.dk\/thy\/wp-content\/uploads\/sites\/2\/2025\/05\/260302Din-gebyrvenlige-sparekasse_SHS_Thy-1.gif\"><\/a><script>cdmtrack_view(4416);<\/script>\n<p>Ud over at sikre bedre rammer til behandling af hospitalets parienter, understregede Mads Duedal, at operationsstuerne er et konkret skridt p\u00e5 vejen mod den sundhedsreform, der arbejdes for. Der skal v\u00e6re robuste rammer og kvalitet t\u00e6t p\u00e5 borgerne. Patienterne for behandling t\u00e6ttere p\u00e5 hjemmet, og sammenh\u00e6ngen i regionen styrkes.<\/p>\n<div id=\"attachment_16033\" style=\"width: 4272px\" class=\"wp-caption alignnone\"><img loading=\"lazy\" decoding=\"async\" aria-describedby=\"caption-attachment-16033\" class=\"wp-image-16033 size-full\" src=\"https:\/\/kunmedierne.dk\/thy\/wp-content\/uploads\/sites\/2\/2026\/01\/Operationsstue02.jpg\" alt=\"\" width=\"4262\" height=\"2837\" srcset=\"https:\/\/kunmedierne.dk\/thy\/wp-content\/uploads\/sites\/2\/2026\/01\/Operationsstue02.jpg 4262w, https:\/\/kunmedierne.dk\/thy\/wp-content\/uploads\/sites\/2\/2026\/01\/Operationsstue02-300x200.jpg 300w, https:\/\/kunmedierne.dk\/thy\/wp-content\/uploads\/sites\/2\/2026\/01\/Operationsstue02-1024x682.jpg 1024w, https:\/\/kunmedierne.dk\/thy\/wp-content\/uploads\/sites\/2\/2026\/01\/Operationsstue02-510x339.jpg 510w\" sizes=\"auto, (max-width: 4262px) 100vw, 4262px\" \/><p id=\"caption-attachment-16033\" class=\"wp-caption-text\">I forbindelse med ombygningen er der t\u00e6nkt p\u00e5 det hele &#8211; ogs\u00e5 p\u00e5 de bedst mulige faciliteter til h\u00e5ndvask. Foto: Jens Fogh-Andersen.<\/p><\/div>\n<p>&nbsp;<\/p>\n<p>Operationsstuerne var ikke det eneste, der blev indviet p\u00e5 dagen, men ogs\u00e5 to nye medicinske specialer p\u00e5 sygehuset, et for mave-tarmsygdomme, et andet for led-, ryg- og bindev\u00e6vssygdomme. For patienter fra lokalomr\u00e5det har det den helt klare fordel, at de fremover kan spare en k\u00f8retur til Aalborg, n\u00e5r de kan f\u00e5 deres kontrol t\u00e6ttere p\u00e5 hjemmet.<\/p>\n<p>De f\u00f8rste operationer p\u00e5 de nye operationsstuer finder sted p\u00e5 mandag.<\/p>\n","protected":false},"excerpt":{"rendered":"<p>THISTED: 1991 ligger efterh\u00e5nden nogle \u00e5r tilbage i tiden. Det \u00e5r var regionsr\u00e5dsformand Mads\u00a0 Duedal netop begyndt i b\u00f8rnehaveklassen, lod han forst\u00e5, da han torsdag over middag klippede den r\u00f8de snor over indgangen til tre nye operationsstuer p\u00e5 Aalborg Universitetshospital, Thisted. &#8211; S\u00e5 det er p\u00e5 rette tid, sagde Mads Duedal med tanke for, at [&hellip;]<\/p>\n","protected":false},"author":4535,"featured_media":0,"comment_status":"closed","ping_status":"closed","sticky":false,"template":"","format":"standard","meta":{"_acf_changed":false,"footnotes":""},"categories":[24],"tags":[47],"class_list":["post-16028","post","type-post","status-publish","format-standard","hentry","category-lokalt","tag-sundhed"],"acf":[],"yoast_head":"<!-- This site is optimized with the Yoast SEO plugin v26.8 - https:\/\/yoast.com\/product\/yoast-seo-wordpress\/ -->\n<title>Thisted Sygehus tager nye operationsstuer i brug: Tre nye i stedet for fire gamle - Thy<\/title>\n<meta name=\"robots\" content=\"index, follow, max-snippet:-1, max-image-preview:large, max-video-preview:-1\" \/>\n<link rel=\"canonical\" href=\"https:\/\/kunmedierne.dk\/thy\/thisted-sygehus-tager-nye-operationsstuer-i-brug-tre-nye-i-stedet-for-fire-gamle\/\" \/>\n<meta property=\"og:locale\" content=\"da_DK\" \/>\n<meta property=\"og:type\" content=\"article\" \/>\n<meta property=\"og:title\" content=\"Thisted Sygehus tager nye operationsstuer i brug: Tre nye i stedet for fire gamle - Thy\" \/>\n<meta property=\"og:description\" content=\"THISTED: 1991 ligger efterh\u00e5nden nogle \u00e5r tilbage i tiden. Det \u00e5r var regionsr\u00e5dsformand Mads\u00a0 Duedal netop begyndt i b\u00f8rnehaveklassen, lod han forst\u00e5, da han torsdag over middag klippede den r\u00f8de snor over indgangen til tre nye operationsstuer p\u00e5 Aalborg Universitetshospital, Thisted. &#8211; S\u00e5 det er p\u00e5 rette tid, sagde Mads Duedal med tanke for, at [&hellip;]\" \/>\n<meta property=\"og:url\" content=\"https:\/\/kunmedierne.dk\/thy\/thisted-sygehus-tager-nye-operationsstuer-i-brug-tre-nye-i-stedet-for-fire-gamle\/\" \/>\n<meta property=\"og:site_name\" content=\"Thy\" \/>\n<meta property=\"article:published_time\" content=\"2026-01-15T15:30:21+00:00\" \/>\n<meta property=\"og:image\" content=\"https:\/\/kunmedierne.dk\/thy\/wp-content\/uploads\/sites\/2\/2026\/01\/Operationsstue01.jpg\" \/>\n<meta name=\"author\" content=\"Jens Fogh Andersen\" \/>\n<meta name=\"twitter:card\" content=\"summary_large_image\" \/>\n<meta name=\"twitter:label1\" content=\"Skrevet af\" \/>\n\t<meta name=\"twitter:data1\" content=\"Jens Fogh Andersen\" \/>\n\t<meta name=\"twitter:label2\" content=\"Estimeret l\u00e6setid\" \/>\n\t<meta name=\"twitter:data2\" content=\"4 minutter\" \/>\n<script type=\"application\/ld+json\" class=\"yoast-schema-graph\">{\"@context\":\"https:\/\/schema.org\",\"@graph\":[{\"@type\":\"Article\",\"@id\":\"https:\/\/kunmedierne.dk\/thy\/thisted-sygehus-tager-nye-operationsstuer-i-brug-tre-nye-i-stedet-for-fire-gamle\/#article\",\"isPartOf\":{\"@id\":\"https:\/\/kunmedierne.dk\/thy\/thisted-sygehus-tager-nye-operationsstuer-i-brug-tre-nye-i-stedet-for-fire-gamle\/\"},\"author\":{\"name\":\"Jens Fogh Andersen\",\"@id\":\"https:\/\/kunmedierne.dk\/thy\/#\/schema\/person\/88f5be46809ca2a5533760eb574fef93\"},\"headline\":\"Thisted Sygehus tager nye operationsstuer i brug: Tre nye i stedet for fire gamle\",\"datePublished\":\"2026-01-15T15:30:21+00:00\",\"mainEntityOfPage\":{\"@id\":\"https:\/\/kunmedierne.dk\/thy\/thisted-sygehus-tager-nye-operationsstuer-i-brug-tre-nye-i-stedet-for-fire-gamle\/\"},\"wordCount\":528,\"publisher\":{\"@id\":\"https:\/\/kunmedierne.dk\/thy\/#organization\"},\"image\":{\"@id\":\"https:\/\/kunmedierne.dk\/thy\/thisted-sygehus-tager-nye-operationsstuer-i-brug-tre-nye-i-stedet-for-fire-gamle\/#primaryimage\"},\"thumbnailUrl\":\"https:\/\/kunmedierne.dk\/thy\/wp-content\/uploads\/sites\/2\/2026\/01\/Operationsstue01.jpg\",\"keywords\":[\"Sundhed\"],\"articleSection\":[\"Lokalt\"],\"inLanguage\":\"da-DK\"},{\"@type\":\"WebPage\",\"@id\":\"https:\/\/kunmedierne.dk\/thy\/thisted-sygehus-tager-nye-operationsstuer-i-brug-tre-nye-i-stedet-for-fire-gamle\/\",\"url\":\"https:\/\/kunmedierne.dk\/thy\/thisted-sygehus-tager-nye-operationsstuer-i-brug-tre-nye-i-stedet-for-fire-gamle\/\",\"name\":\"Thisted Sygehus tager nye operationsstuer i brug: Tre nye i stedet for fire gamle - Thy\",\"isPartOf\":{\"@id\":\"https:\/\/kunmedierne.dk\/thy\/#website\"},\"primaryImageOfPage\":{\"@id\":\"https:\/\/kunmedierne.dk\/thy\/thisted-sygehus-tager-nye-operationsstuer-i-brug-tre-nye-i-stedet-for-fire-gamle\/#primaryimage\"},\"image\":{\"@id\":\"https:\/\/kunmedierne.dk\/thy\/thisted-sygehus-tager-nye-operationsstuer-i-brug-tre-nye-i-stedet-for-fire-gamle\/#primaryimage\"},\"thumbnailUrl\":\"https:\/\/kunmedierne.dk\/thy\/wp-content\/uploads\/sites\/2\/2026\/01\/Operationsstue01.jpg\",\"datePublished\":\"2026-01-15T15:30:21+00:00\",\"breadcrumb\":{\"@id\":\"https:\/\/kunmedierne.dk\/thy\/thisted-sygehus-tager-nye-operationsstuer-i-brug-tre-nye-i-stedet-for-fire-gamle\/#breadcrumb\"},\"inLanguage\":\"da-DK\",\"potentialAction\":[{\"@type\":\"ReadAction\",\"target\":[\"https:\/\/kunmedierne.dk\/thy\/thisted-sygehus-tager-nye-operationsstuer-i-brug-tre-nye-i-stedet-for-fire-gamle\/\"]}]},{\"@type\":\"ImageObject\",\"inLanguage\":\"da-DK\",\"@id\":\"https:\/\/kunmedierne.dk\/thy\/thisted-sygehus-tager-nye-operationsstuer-i-brug-tre-nye-i-stedet-for-fire-gamle\/#primaryimage\",\"url\":\"https:\/\/kunmedierne.dk\/thy\/wp-content\/uploads\/sites\/2\/2026\/01\/Operationsstue01.jpg\",\"contentUrl\":\"https:\/\/kunmedierne.dk\/thy\/wp-content\/uploads\/sites\/2\/2026\/01\/Operationsstue01.jpg\",\"width\":4928,\"height\":3280,\"caption\":\"Thisted Sygehus, nye operationsstuer Foto: Jens Fogh-Andersen 150126\"},{\"@type\":\"BreadcrumbList\",\"@id\":\"https:\/\/kunmedierne.dk\/thy\/thisted-sygehus-tager-nye-operationsstuer-i-brug-tre-nye-i-stedet-for-fire-gamle\/#breadcrumb\",\"itemListElement\":[{\"@type\":\"ListItem\",\"position\":1,\"name\":\"Home\",\"item\":\"https:\/\/kunmedierne.dk\/thy\/\"},{\"@type\":\"ListItem\",\"position\":2,\"name\":\"Thisted Sygehus tager nye operationsstuer i brug: Tre nye i stedet for fire gamle\"}]},{\"@type\":\"WebSite\",\"@id\":\"https:\/\/kunmedierne.dk\/thy\/#website\",\"url\":\"https:\/\/kunmedierne.dk\/thy\/\",\"name\":\"Thy\",\"description\":\"et netmedie med journalistik om livet i Thy\",\"publisher\":{\"@id\":\"https:\/\/kunmedierne.dk\/thy\/#organization\"},\"potentialAction\":[{\"@type\":\"SearchAction\",\"target\":{\"@type\":\"EntryPoint\",\"urlTemplate\":\"https:\/\/kunmedierne.dk\/thy\/?s={search_term_string}\"},\"query-input\":{\"@type\":\"PropertyValueSpecification\",\"valueRequired\":true,\"valueName\":\"search_term_string\"}}],\"inLanguage\":\"da-DK\"},{\"@type\":\"Organization\",\"@id\":\"https:\/\/kunmedierne.dk\/thy\/#organization\",\"name\":\"Thy\",\"url\":\"https:\/\/kunmedierne.dk\/thy\/\",\"logo\":{\"@type\":\"ImageObject\",\"inLanguage\":\"da-DK\",\"@id\":\"https:\/\/kunmedierne.dk\/thy\/#\/schema\/logo\/image\/\",\"url\":\"https:\/\/kunmedierne.dk\/thy\/wp-content\/uploads\/sites\/2\/2025\/04\/kunthy-logo.svg\",\"contentUrl\":\"https:\/\/kunmedierne.dk\/thy\/wp-content\/uploads\/sites\/2\/2025\/04\/kunthy-logo.svg\",\"caption\":\"Thy\"},\"image\":{\"@id\":\"https:\/\/kunmedierne.dk\/thy\/#\/schema\/logo\/image\/\"}},{\"@type\":\"Person\",\"@id\":\"https:\/\/kunmedierne.dk\/thy\/#\/schema\/person\/88f5be46809ca2a5533760eb574fef93\",\"name\":\"Jens Fogh Andersen\",\"image\":{\"@type\":\"ImageObject\",\"inLanguage\":\"da-DK\",\"@id\":\"https:\/\/kunmedierne.dk\/thy\/#\/schema\/person\/image\/\",\"url\":\"https:\/\/secure.gravatar.com\/avatar\/2b367a4ef139b1c41dccc9ee7af926b81f8b4cca3359772e86c7fd5ced26c0a3?s=96&d=mm&r=g\",\"contentUrl\":\"https:\/\/secure.gravatar.com\/avatar\/2b367a4ef139b1c41dccc9ee7af926b81f8b4cca3359772e86c7fd5ced26c0a3?s=96&d=mm&r=g\",\"caption\":\"Jens Fogh Andersen\"},\"url\":\"https:\/\/kunmedierne.dk\/thy\/author\/jfa\/\"}]}<\/script>\n<!-- \/ Yoast SEO plugin. -->","yoast_head_json":{"title":"Thisted Sygehus tager nye operationsstuer i brug: Tre nye i stedet for fire gamle - Thy","robots":{"index":"index","follow":"follow","max-snippet":"max-snippet:-1","max-image-preview":"max-image-preview:large","max-video-preview":"max-video-preview:-1"},"canonical":"https:\/\/kunmedierne.dk\/thy\/thisted-sygehus-tager-nye-operationsstuer-i-brug-tre-nye-i-stedet-for-fire-gamle\/","og_locale":"da_DK","og_type":"article","og_title":"Thisted Sygehus tager nye operationsstuer i brug: Tre nye i stedet for fire gamle - Thy","og_description":"THISTED: 1991 ligger efterh\u00e5nden nogle \u00e5r tilbage i tiden. Det \u00e5r var regionsr\u00e5dsformand Mads\u00a0 Duedal netop begyndt i b\u00f8rnehaveklassen, lod han forst\u00e5, da han torsdag over middag klippede den r\u00f8de snor over indgangen til tre nye operationsstuer p\u00e5 Aalborg Universitetshospital, Thisted. &#8211; S\u00e5 det er p\u00e5 rette tid, sagde Mads Duedal med tanke for, at [&hellip;]","og_url":"https:\/\/kunmedierne.dk\/thy\/thisted-sygehus-tager-nye-operationsstuer-i-brug-tre-nye-i-stedet-for-fire-gamle\/","og_site_name":"Thy","article_published_time":"2026-01-15T15:30:21+00:00","og_image":[{"url":"https:\/\/kunmedierne.dk\/thy\/wp-content\/uploads\/sites\/2\/2026\/01\/Operationsstue01.jpg","type":"","width":"","height":""}],"author":"Jens Fogh Andersen","twitter_card":"summary_large_image","twitter_misc":{"Skrevet af":"Jens Fogh Andersen","Estimeret l\u00e6setid":"4 minutter"},"schema":{"@context":"https:\/\/schema.org","@graph":[{"@type":"Article","@id":"https:\/\/kunmedierne.dk\/thy\/thisted-sygehus-tager-nye-operationsstuer-i-brug-tre-nye-i-stedet-for-fire-gamle\/#article","isPartOf":{"@id":"https:\/\/kunmedierne.dk\/thy\/thisted-sygehus-tager-nye-operationsstuer-i-brug-tre-nye-i-stedet-for-fire-gamle\/"},"author":{"name":"Jens Fogh Andersen","@id":"https:\/\/kunmedierne.dk\/thy\/#\/schema\/person\/88f5be46809ca2a5533760eb574fef93"},"headline":"Thisted Sygehus tager nye operationsstuer i brug: Tre nye i stedet for fire gamle","datePublished":"2026-01-15T15:30:21+00:00","mainEntityOfPage":{"@id":"https:\/\/kunmedierne.dk\/thy\/thisted-sygehus-tager-nye-operationsstuer-i-brug-tre-nye-i-stedet-for-fire-gamle\/"},"wordCount":528,"publisher":{"@id":"https:\/\/kunmedierne.dk\/thy\/#organization"},"image":{"@id":"https:\/\/kunmedierne.dk\/thy\/thisted-sygehus-tager-nye-operationsstuer-i-brug-tre-nye-i-stedet-for-fire-gamle\/#primaryimage"},"thumbnailUrl":"https:\/\/kunmedierne.dk\/thy\/wp-content\/uploads\/sites\/2\/2026\/01\/Operationsstue01.jpg","keywords":["Sundhed"],"articleSection":["Lokalt"],"inLanguage":"da-DK"},{"@type":"WebPage","@id":"https:\/\/kunmedierne.dk\/thy\/thisted-sygehus-tager-nye-operationsstuer-i-brug-tre-nye-i-stedet-for-fire-gamle\/","url":"https:\/\/kunmedierne.dk\/thy\/thisted-sygehus-tager-nye-operationsstuer-i-brug-tre-nye-i-stedet-for-fire-gamle\/","name":"Thisted Sygehus tager nye operationsstuer i brug: Tre nye i stedet for fire gamle - Thy","isPartOf":{"@id":"https:\/\/kunmedierne.dk\/thy\/#website"},"primaryImageOfPage":{"@id":"https:\/\/kunmedierne.dk\/thy\/thisted-sygehus-tager-nye-operationsstuer-i-brug-tre-nye-i-stedet-for-fire-gamle\/#primaryimage"},"image":{"@id":"https:\/\/kunmedierne.dk\/thy\/thisted-sygehus-tager-nye-operationsstuer-i-brug-tre-nye-i-stedet-for-fire-gamle\/#primaryimage"},"thumbnailUrl":"https:\/\/kunmedierne.dk\/thy\/wp-content\/uploads\/sites\/2\/2026\/01\/Operationsstue01.jpg","datePublished":"2026-01-15T15:30:21+00:00","breadcrumb":{"@id":"https:\/\/kunmedierne.dk\/thy\/thisted-sygehus-tager-nye-operationsstuer-i-brug-tre-nye-i-stedet-for-fire-gamle\/#breadcrumb"},"inLanguage":"da-DK","potentialAction":[{"@type":"ReadAction","target":["https:\/\/kunmedierne.dk\/thy\/thisted-sygehus-tager-nye-operationsstuer-i-brug-tre-nye-i-stedet-for-fire-gamle\/"]}]},{"@type":"ImageObject","inLanguage":"da-DK","@id":"https:\/\/kunmedierne.dk\/thy\/thisted-sygehus-tager-nye-operationsstuer-i-brug-tre-nye-i-stedet-for-fire-gamle\/#primaryimage","url":"https:\/\/kunmedierne.dk\/thy\/wp-content\/uploads\/sites\/2\/2026\/01\/Operationsstue01.jpg","contentUrl":"https:\/\/kunmedierne.dk\/thy\/wp-content\/uploads\/sites\/2\/2026\/01\/Operationsstue01.jpg","width":4928,"height":3280,"caption":"Thisted Sygehus, nye operationsstuer Foto: Jens Fogh-Andersen 150126"},{"@type":"BreadcrumbList","@id":"https:\/\/kunmedierne.dk\/thy\/thisted-sygehus-tager-nye-operationsstuer-i-brug-tre-nye-i-stedet-for-fire-gamle\/#breadcrumb","itemListElement":[{"@type":"ListItem","position":1,"name":"Home","item":"https:\/\/kunmedierne.dk\/thy\/"},{"@type":"ListItem","position":2,"name":"Thisted Sygehus tager nye operationsstuer i brug: Tre nye i stedet for fire gamle"}]},{"@type":"WebSite","@id":"https:\/\/kunmedierne.dk\/thy\/#website","url":"https:\/\/kunmedierne.dk\/thy\/","name":"Thy","description":"et netmedie med journalistik om livet i Thy","publisher":{"@id":"https:\/\/kunmedierne.dk\/thy\/#organization"},"potentialAction":[{"@type":"SearchAction","target":{"@type":"EntryPoint","urlTemplate":"https:\/\/kunmedierne.dk\/thy\/?s={search_term_string}"},"query-input":{"@type":"PropertyValueSpecification","valueRequired":true,"valueName":"search_term_string"}}],"inLanguage":"da-DK"},{"@type":"Organization","@id":"https:\/\/kunmedierne.dk\/thy\/#organization","name":"Thy","url":"https:\/\/kunmedierne.dk\/thy\/","logo":{"@type":"ImageObject","inLanguage":"da-DK","@id":"https:\/\/kunmedierne.dk\/thy\/#\/schema\/logo\/image\/","url":"https:\/\/kunmedierne.dk\/thy\/wp-content\/uploads\/sites\/2\/2025\/04\/kunthy-logo.svg","contentUrl":"https:\/\/kunmedierne.dk\/thy\/wp-content\/uploads\/sites\/2\/2025\/04\/kunthy-logo.svg","caption":"Thy"},"image":{"@id":"https:\/\/kunmedierne.dk\/thy\/#\/schema\/logo\/image\/"}},{"@type":"Person","@id":"https:\/\/kunmedierne.dk\/thy\/#\/schema\/person\/88f5be46809ca2a5533760eb574fef93","name":"Jens Fogh Andersen","image":{"@type":"ImageObject","inLanguage":"da-DK","@id":"https:\/\/kunmedierne.dk\/thy\/#\/schema\/person\/image\/","url":"https:\/\/secure.gravatar.com\/avatar\/2b367a4ef139b1c41dccc9ee7af926b81f8b4cca3359772e86c7fd5ced26c0a3?s=96&d=mm&r=g","contentUrl":"https:\/\/secure.gravatar.com\/avatar\/2b367a4ef139b1c41dccc9ee7af926b81f8b4cca3359772e86c7fd5ced26c0a3?s=96&d=mm&r=g","caption":"Jens Fogh Andersen"},"url":"https:\/\/kunmedierne.dk\/thy\/author\/jfa\/"}]}},"_links":{"self":[{"href":"https:\/\/kunmedierne.dk\/thy\/wp-json\/wp\/v2\/posts\/16028","targetHints":{"allow":["GET"]}}],"collection":[{"href":"https:\/\/kunmedierne.dk\/thy\/wp-json\/wp\/v2\/posts"}],"about":[{"href":"https:\/\/kunmedierne.dk\/thy\/wp-json\/wp\/v2\/types\/post"}],"author":[{"embeddable":true,"href":"https:\/\/kunmedierne.dk\/thy\/wp-json\/wp\/v2\/users\/4535"}],"replies":[{"embeddable":true,"href":"https:\/\/kunmedierne.dk\/thy\/wp-json\/wp\/v2\/comments?post=16028"}],"version-history":[{"count":4,"href":"https:\/\/kunmedierne.dk\/thy\/wp-json\/wp\/v2\/posts\/16028\/revisions"}],"predecessor-version":[{"id":16037,"href":"https:\/\/kunmedierne.dk\/thy\/wp-json\/wp\/v2\/posts\/16028\/revisions\/16037"}],"wp:attachment":[{"href":"https:\/\/kunmedierne.dk\/thy\/wp-json\/wp\/v2\/media?parent=16028"}],"wp:term":[{"taxonomy":"category","embeddable":true,"href":"https:\/\/kunmedierne.dk\/thy\/wp-json\/wp\/v2\/categories?post=16028"},{"taxonomy":"post_tag","embeddable":true,"href":"https:\/\/kunmedierne.dk\/thy\/wp-json\/wp\/v2\/tags?post=16028"}],"curies":[{"name":"wp","href":"https:\/\/api.w.org\/{rel}","templated":true}]}}