{"id":15997,"date":"2026-01-15T09:11:28","date_gmt":"2026-01-15T08:11:28","guid":{"rendered":"https:\/\/kunmedierne.dk\/thy\/?p=15997"},"modified":"2026-01-15T09:11:28","modified_gmt":"2026-01-15T08:11:28","slug":"slidt-vejbro-ved-roddenbjerg-soe-repareres-for-tre-mio-kr","status":"publish","type":"post","link":"https:\/\/kunmedierne.dk\/thy\/slidt-vejbro-ved-roddenbjerg-soe-repareres-for-tre-mio-kr\/","title":{"rendered":"Slidt vejbro ved Roddenbjerg S\u00f8 repareres for tre mio. kr."},"content":{"rendered":"<p><strong>SYDTHY:<\/strong> Tre millioner kroner.<\/p>\n<p>S\u00e5 mange penge skal der bruges til at udskifte den b\u00e6rende overbygning p\u00e5 den lille vejbro p\u00e5 Lodbjergvej ved Roddenbjerg S\u00f8.<\/p>\n<a class=\"dvrt-link\" onClick=\"cdmtrack_click(689,jQuery(this));return false\" href=\"https:\/\/www.thistedbolig.dk\"><img decoding=\"async\" style=\"width:100%;\" src=\"https:\/\/kunmedierne.dk\/thy\/wp-content\/uploads\/sites\/2\/2025\/03\/260414ThistedBoligApril-opslag-002-1.jpg\"><\/a><script>cdmtrack_view(689);<\/script>\n<p>Broen har siden sommeren 2025 v\u00e6ret lukket for k\u00f8rsel med k\u00f8ret\u00f8jer med en v\u00e6gt p\u00e5 mere end 3,5 tons efter det tilsyn i maj sidste viste alvorlige skader p\u00e5 broens b\u00e6rende konstruktioner.<\/p>\n<p>Det har givet problemer for den lokale trafik, fordi de tunge k\u00f8ret\u00f8jer, som normalt kan passere broen, i stedet har v\u00e6ret henvist til at k\u00f8re en omvej via Kystvejen og Vestervigvej for at komme mellem Lodbjerg og Agger, Krik og Vestervig<\/p>\n<a class=\"dvrt-link\" onClick=\"cdmtrack_click(4416,jQuery(this));return false\" href=\"https:\/\/sdrhaa.dk\/\"><img decoding=\"async\" style=\"width:100%;\" src=\"https:\/\/kunmedierne.dk\/thy\/wp-content\/uploads\/sites\/2\/2025\/05\/260302Din-gebyrvenlige-sparekasse_SHS_Thy-1.gif\"><\/a><script>cdmtrack_view(4416);<\/script>\n<p>I november sidste \u00e5r godkendte Thisted Kommunalbestyrelse, at der i perioden fra 2026 til 2029 bruges i alt 12 millioner kroner til vedligehold og renovering af broer og bygningsv\u00e6rker. Pengene fordeles med tre millioner kroner \u00e5rligt.<\/p>\n<p>Nu har kommunens udvalg for klima, milj\u00f8 og teknik godkendt, at de f\u00f8rste tre af de i alt 12 millioner kroner bruges til at s\u00e6tte vejbroen p\u00e5 Lodbjergvej i stand. Arbejdet skal udf\u00f8res i \u00e5r.<\/p>\n","protected":false},"excerpt":{"rendered":"<p>SYDTHY: Tre millioner kroner. S\u00e5 mange penge skal der bruges til at udskifte den b\u00e6rende overbygning p\u00e5 den lille vejbro p\u00e5 Lodbjergvej ved Roddenbjerg S\u00f8. Broen har siden sommeren 2025 v\u00e6ret lukket for k\u00f8rsel med k\u00f8ret\u00f8jer med en v\u00e6gt p\u00e5 mere end 3,5 tons efter det tilsyn i maj sidste viste alvorlige skader p\u00e5 broens [&hellip;]<\/p>\n","protected":false},"author":4535,"featured_media":0,"comment_status":"closed","ping_status":"closed","sticky":false,"template":"","format":"standard","meta":{"_acf_changed":false,"footnotes":""},"categories":[24],"tags":[42,62],"class_list":["post-15997","post","type-post","status-publish","format-standard","hentry","category-lokalt","tag-byggeri","tag-trafik"],"acf":[],"yoast_head":"<!-- This site is optimized with the Yoast SEO plugin v26.8 - https:\/\/yoast.com\/product\/yoast-seo-wordpress\/ -->\n<title>Slidt vejbro ved Roddenbjerg S\u00f8 repareres for tre mio. kr. - Thy<\/title>\n<meta name=\"robots\" content=\"index, follow, max-snippet:-1, max-image-preview:large, max-video-preview:-1\" \/>\n<link rel=\"canonical\" href=\"https:\/\/kunmedierne.dk\/thy\/slidt-vejbro-ved-roddenbjerg-soe-repareres-for-tre-mio-kr\/\" \/>\n<meta property=\"og:locale\" content=\"da_DK\" \/>\n<meta property=\"og:type\" content=\"article\" \/>\n<meta property=\"og:title\" content=\"Slidt vejbro ved Roddenbjerg S\u00f8 repareres for tre mio. kr. - Thy\" \/>\n<meta property=\"og:description\" content=\"SYDTHY: Tre millioner kroner. S\u00e5 mange penge skal der bruges til at udskifte den b\u00e6rende overbygning p\u00e5 den lille vejbro p\u00e5 Lodbjergvej ved Roddenbjerg S\u00f8. Broen har siden sommeren 2025 v\u00e6ret lukket for k\u00f8rsel med k\u00f8ret\u00f8jer med en v\u00e6gt p\u00e5 mere end 3,5 tons efter det tilsyn i maj sidste viste alvorlige skader p\u00e5 broens [&hellip;]\" \/>\n<meta property=\"og:url\" content=\"https:\/\/kunmedierne.dk\/thy\/slidt-vejbro-ved-roddenbjerg-soe-repareres-for-tre-mio-kr\/\" \/>\n<meta property=\"og:site_name\" content=\"Thy\" \/>\n<meta property=\"article:published_time\" content=\"2026-01-15T08:11:28+00:00\" \/>\n<meta name=\"author\" content=\"Jens Fogh Andersen\" \/>\n<meta name=\"twitter:card\" content=\"summary_large_image\" \/>\n<meta name=\"twitter:label1\" content=\"Skrevet af\" \/>\n\t<meta name=\"twitter:data1\" content=\"Jens Fogh Andersen\" \/>\n\t<meta name=\"twitter:label2\" content=\"Estimeret l\u00e6setid\" \/>\n\t<meta name=\"twitter:data2\" content=\"1 minut\" \/>\n<script type=\"application\/ld+json\" class=\"yoast-schema-graph\">{\"@context\":\"https:\/\/schema.org\",\"@graph\":[{\"@type\":\"Article\",\"@id\":\"https:\/\/kunmedierne.dk\/thy\/slidt-vejbro-ved-roddenbjerg-soe-repareres-for-tre-mio-kr\/#article\",\"isPartOf\":{\"@id\":\"https:\/\/kunmedierne.dk\/thy\/slidt-vejbro-ved-roddenbjerg-soe-repareres-for-tre-mio-kr\/\"},\"author\":{\"name\":\"Jens Fogh Andersen\",\"@id\":\"https:\/\/kunmedierne.dk\/thy\/#\/schema\/person\/88f5be46809ca2a5533760eb574fef93\"},\"headline\":\"Slidt vejbro ved Roddenbjerg S\u00f8 repareres for tre mio. kr.\",\"datePublished\":\"2026-01-15T08:11:28+00:00\",\"mainEntityOfPage\":{\"@id\":\"https:\/\/kunmedierne.dk\/thy\/slidt-vejbro-ved-roddenbjerg-soe-repareres-for-tre-mio-kr\/\"},\"wordCount\":192,\"publisher\":{\"@id\":\"https:\/\/kunmedierne.dk\/thy\/#organization\"},\"keywords\":[\"Byggeri\",\"Trafik\"],\"articleSection\":[\"Lokalt\"],\"inLanguage\":\"da-DK\"},{\"@type\":\"WebPage\",\"@id\":\"https:\/\/kunmedierne.dk\/thy\/slidt-vejbro-ved-roddenbjerg-soe-repareres-for-tre-mio-kr\/\",\"url\":\"https:\/\/kunmedierne.dk\/thy\/slidt-vejbro-ved-roddenbjerg-soe-repareres-for-tre-mio-kr\/\",\"name\":\"Slidt vejbro ved Roddenbjerg S\u00f8 repareres for tre mio. kr. - Thy\",\"isPartOf\":{\"@id\":\"https:\/\/kunmedierne.dk\/thy\/#website\"},\"datePublished\":\"2026-01-15T08:11:28+00:00\",\"breadcrumb\":{\"@id\":\"https:\/\/kunmedierne.dk\/thy\/slidt-vejbro-ved-roddenbjerg-soe-repareres-for-tre-mio-kr\/#breadcrumb\"},\"inLanguage\":\"da-DK\",\"potentialAction\":[{\"@type\":\"ReadAction\",\"target\":[\"https:\/\/kunmedierne.dk\/thy\/slidt-vejbro-ved-roddenbjerg-soe-repareres-for-tre-mio-kr\/\"]}]},{\"@type\":\"BreadcrumbList\",\"@id\":\"https:\/\/kunmedierne.dk\/thy\/slidt-vejbro-ved-roddenbjerg-soe-repareres-for-tre-mio-kr\/#breadcrumb\",\"itemListElement\":[{\"@type\":\"ListItem\",\"position\":1,\"name\":\"Home\",\"item\":\"https:\/\/kunmedierne.dk\/thy\/\"},{\"@type\":\"ListItem\",\"position\":2,\"name\":\"Slidt vejbro ved Roddenbjerg S\u00f8 repareres for tre mio. kr.\"}]},{\"@type\":\"WebSite\",\"@id\":\"https:\/\/kunmedierne.dk\/thy\/#website\",\"url\":\"https:\/\/kunmedierne.dk\/thy\/\",\"name\":\"Thy\",\"description\":\"et netmedie med journalistik om livet i Thy\",\"publisher\":{\"@id\":\"https:\/\/kunmedierne.dk\/thy\/#organization\"},\"potentialAction\":[{\"@type\":\"SearchAction\",\"target\":{\"@type\":\"EntryPoint\",\"urlTemplate\":\"https:\/\/kunmedierne.dk\/thy\/?s={search_term_string}\"},\"query-input\":{\"@type\":\"PropertyValueSpecification\",\"valueRequired\":true,\"valueName\":\"search_term_string\"}}],\"inLanguage\":\"da-DK\"},{\"@type\":\"Organization\",\"@id\":\"https:\/\/kunmedierne.dk\/thy\/#organization\",\"name\":\"Thy\",\"url\":\"https:\/\/kunmedierne.dk\/thy\/\",\"logo\":{\"@type\":\"ImageObject\",\"inLanguage\":\"da-DK\",\"@id\":\"https:\/\/kunmedierne.dk\/thy\/#\/schema\/logo\/image\/\",\"url\":\"https:\/\/kunmedierne.dk\/thy\/wp-content\/uploads\/sites\/2\/2025\/04\/kunthy-logo.svg\",\"contentUrl\":\"https:\/\/kunmedierne.dk\/thy\/wp-content\/uploads\/sites\/2\/2025\/04\/kunthy-logo.svg\",\"caption\":\"Thy\"},\"image\":{\"@id\":\"https:\/\/kunmedierne.dk\/thy\/#\/schema\/logo\/image\/\"}},{\"@type\":\"Person\",\"@id\":\"https:\/\/kunmedierne.dk\/thy\/#\/schema\/person\/88f5be46809ca2a5533760eb574fef93\",\"name\":\"Jens Fogh Andersen\",\"image\":{\"@type\":\"ImageObject\",\"inLanguage\":\"da-DK\",\"@id\":\"https:\/\/kunmedierne.dk\/thy\/#\/schema\/person\/image\/\",\"url\":\"https:\/\/secure.gravatar.com\/avatar\/2b367a4ef139b1c41dccc9ee7af926b81f8b4cca3359772e86c7fd5ced26c0a3?s=96&d=mm&r=g\",\"contentUrl\":\"https:\/\/secure.gravatar.com\/avatar\/2b367a4ef139b1c41dccc9ee7af926b81f8b4cca3359772e86c7fd5ced26c0a3?s=96&d=mm&r=g\",\"caption\":\"Jens Fogh Andersen\"},\"url\":\"https:\/\/kunmedierne.dk\/thy\/author\/jfa\/\"}]}<\/script>\n<!-- \/ Yoast SEO plugin. -->","yoast_head_json":{"title":"Slidt vejbro ved Roddenbjerg S\u00f8 repareres for tre mio. kr. - Thy","robots":{"index":"index","follow":"follow","max-snippet":"max-snippet:-1","max-image-preview":"max-image-preview:large","max-video-preview":"max-video-preview:-1"},"canonical":"https:\/\/kunmedierne.dk\/thy\/slidt-vejbro-ved-roddenbjerg-soe-repareres-for-tre-mio-kr\/","og_locale":"da_DK","og_type":"article","og_title":"Slidt vejbro ved Roddenbjerg S\u00f8 repareres for tre mio. kr. - Thy","og_description":"SYDTHY: Tre millioner kroner. S\u00e5 mange penge skal der bruges til at udskifte den b\u00e6rende overbygning p\u00e5 den lille vejbro p\u00e5 Lodbjergvej ved Roddenbjerg S\u00f8. Broen har siden sommeren 2025 v\u00e6ret lukket for k\u00f8rsel med k\u00f8ret\u00f8jer med en v\u00e6gt p\u00e5 mere end 3,5 tons efter det tilsyn i maj sidste viste alvorlige skader p\u00e5 broens [&hellip;]","og_url":"https:\/\/kunmedierne.dk\/thy\/slidt-vejbro-ved-roddenbjerg-soe-repareres-for-tre-mio-kr\/","og_site_name":"Thy","article_published_time":"2026-01-15T08:11:28+00:00","author":"Jens Fogh Andersen","twitter_card":"summary_large_image","twitter_misc":{"Skrevet af":"Jens Fogh Andersen","Estimeret l\u00e6setid":"1 minut"},"schema":{"@context":"https:\/\/schema.org","@graph":[{"@type":"Article","@id":"https:\/\/kunmedierne.dk\/thy\/slidt-vejbro-ved-roddenbjerg-soe-repareres-for-tre-mio-kr\/#article","isPartOf":{"@id":"https:\/\/kunmedierne.dk\/thy\/slidt-vejbro-ved-roddenbjerg-soe-repareres-for-tre-mio-kr\/"},"author":{"name":"Jens Fogh Andersen","@id":"https:\/\/kunmedierne.dk\/thy\/#\/schema\/person\/88f5be46809ca2a5533760eb574fef93"},"headline":"Slidt vejbro ved Roddenbjerg S\u00f8 repareres for tre mio. kr.","datePublished":"2026-01-15T08:11:28+00:00","mainEntityOfPage":{"@id":"https:\/\/kunmedierne.dk\/thy\/slidt-vejbro-ved-roddenbjerg-soe-repareres-for-tre-mio-kr\/"},"wordCount":192,"publisher":{"@id":"https:\/\/kunmedierne.dk\/thy\/#organization"},"keywords":["Byggeri","Trafik"],"articleSection":["Lokalt"],"inLanguage":"da-DK"},{"@type":"WebPage","@id":"https:\/\/kunmedierne.dk\/thy\/slidt-vejbro-ved-roddenbjerg-soe-repareres-for-tre-mio-kr\/","url":"https:\/\/kunmedierne.dk\/thy\/slidt-vejbro-ved-roddenbjerg-soe-repareres-for-tre-mio-kr\/","name":"Slidt vejbro ved Roddenbjerg S\u00f8 repareres for tre mio. kr. - Thy","isPartOf":{"@id":"https:\/\/kunmedierne.dk\/thy\/#website"},"datePublished":"2026-01-15T08:11:28+00:00","breadcrumb":{"@id":"https:\/\/kunmedierne.dk\/thy\/slidt-vejbro-ved-roddenbjerg-soe-repareres-for-tre-mio-kr\/#breadcrumb"},"inLanguage":"da-DK","potentialAction":[{"@type":"ReadAction","target":["https:\/\/kunmedierne.dk\/thy\/slidt-vejbro-ved-roddenbjerg-soe-repareres-for-tre-mio-kr\/"]}]},{"@type":"BreadcrumbList","@id":"https:\/\/kunmedierne.dk\/thy\/slidt-vejbro-ved-roddenbjerg-soe-repareres-for-tre-mio-kr\/#breadcrumb","itemListElement":[{"@type":"ListItem","position":1,"name":"Home","item":"https:\/\/kunmedierne.dk\/thy\/"},{"@type":"ListItem","position":2,"name":"Slidt vejbro ved Roddenbjerg S\u00f8 repareres for tre mio. kr."}]},{"@type":"WebSite","@id":"https:\/\/kunmedierne.dk\/thy\/#website","url":"https:\/\/kunmedierne.dk\/thy\/","name":"Thy","description":"et netmedie med journalistik om livet i Thy","publisher":{"@id":"https:\/\/kunmedierne.dk\/thy\/#organization"},"potentialAction":[{"@type":"SearchAction","target":{"@type":"EntryPoint","urlTemplate":"https:\/\/kunmedierne.dk\/thy\/?s={search_term_string}"},"query-input":{"@type":"PropertyValueSpecification","valueRequired":true,"valueName":"search_term_string"}}],"inLanguage":"da-DK"},{"@type":"Organization","@id":"https:\/\/kunmedierne.dk\/thy\/#organization","name":"Thy","url":"https:\/\/kunmedierne.dk\/thy\/","logo":{"@type":"ImageObject","inLanguage":"da-DK","@id":"https:\/\/kunmedierne.dk\/thy\/#\/schema\/logo\/image\/","url":"https:\/\/kunmedierne.dk\/thy\/wp-content\/uploads\/sites\/2\/2025\/04\/kunthy-logo.svg","contentUrl":"https:\/\/kunmedierne.dk\/thy\/wp-content\/uploads\/sites\/2\/2025\/04\/kunthy-logo.svg","caption":"Thy"},"image":{"@id":"https:\/\/kunmedierne.dk\/thy\/#\/schema\/logo\/image\/"}},{"@type":"Person","@id":"https:\/\/kunmedierne.dk\/thy\/#\/schema\/person\/88f5be46809ca2a5533760eb574fef93","name":"Jens Fogh Andersen","image":{"@type":"ImageObject","inLanguage":"da-DK","@id":"https:\/\/kunmedierne.dk\/thy\/#\/schema\/person\/image\/","url":"https:\/\/secure.gravatar.com\/avatar\/2b367a4ef139b1c41dccc9ee7af926b81f8b4cca3359772e86c7fd5ced26c0a3?s=96&d=mm&r=g","contentUrl":"https:\/\/secure.gravatar.com\/avatar\/2b367a4ef139b1c41dccc9ee7af926b81f8b4cca3359772e86c7fd5ced26c0a3?s=96&d=mm&r=g","caption":"Jens Fogh Andersen"},"url":"https:\/\/kunmedierne.dk\/thy\/author\/jfa\/"}]}},"_links":{"self":[{"href":"https:\/\/kunmedierne.dk\/thy\/wp-json\/wp\/v2\/posts\/15997","targetHints":{"allow":["GET"]}}],"collection":[{"href":"https:\/\/kunmedierne.dk\/thy\/wp-json\/wp\/v2\/posts"}],"about":[{"href":"https:\/\/kunmedierne.dk\/thy\/wp-json\/wp\/v2\/types\/post"}],"author":[{"embeddable":true,"href":"https:\/\/kunmedierne.dk\/thy\/wp-json\/wp\/v2\/users\/4535"}],"replies":[{"embeddable":true,"href":"https:\/\/kunmedierne.dk\/thy\/wp-json\/wp\/v2\/comments?post=15997"}],"version-history":[{"count":5,"href":"https:\/\/kunmedierne.dk\/thy\/wp-json\/wp\/v2\/posts\/15997\/revisions"}],"predecessor-version":[{"id":16015,"href":"https:\/\/kunmedierne.dk\/thy\/wp-json\/wp\/v2\/posts\/15997\/revisions\/16015"}],"wp:attachment":[{"href":"https:\/\/kunmedierne.dk\/thy\/wp-json\/wp\/v2\/media?parent=15997"}],"wp:term":[{"taxonomy":"category","embeddable":true,"href":"https:\/\/kunmedierne.dk\/thy\/wp-json\/wp\/v2\/categories?post=15997"},{"taxonomy":"post_tag","embeddable":true,"href":"https:\/\/kunmedierne.dk\/thy\/wp-json\/wp\/v2\/tags?post=15997"}],"curies":[{"name":"wp","href":"https:\/\/api.w.org\/{rel}","templated":true}]}}