{"id":15983,"date":"2026-01-14T17:23:06","date_gmt":"2026-01-14T16:23:06","guid":{"rendered":"https:\/\/kunmedierne.dk\/thy\/?p=15983"},"modified":"2026-01-14T16:23:25","modified_gmt":"2026-01-14T15:23:25","slug":"feggesund-faergens-fremtidafgoerelsen-ligger-hos-kommunalbestyrelsen","status":"publish","type":"post","link":"https:\/\/kunmedierne.dk\/thy\/feggesund-faergens-fremtidafgoerelsen-ligger-hos-kommunalbestyrelsen\/","title":{"rendered":"<span>Feggesund-f\u00e6rgens fremtid:<\/span>Afg\u00f8relsen ligger hos kommunalbestyrelsen"},"content":{"rendered":"<p><strong>THY\/MORS:<\/strong> &#8211; Skal vi kun opretholde de ting der giver overskud, eller skal der ogs\u00e5 fremover v\u00e6re nogle tilbud i kommunens yderomr\u00e5der, selv om de koster mere.<\/p>\n<p>Jens Tilma, K, formand for Thisted Kommunes udvalg for klima, milj\u00f8 og teknik, er et af tre udvalgsmedlemmer som mener, at Thisted Kommune fortsat skal indg\u00e5 i samarbejdet med Mors\u00f8 Kommune om at drifte Feggesund-overfarten. Det samme g\u00f8r Morten Bo Bertelsen, SF, og Merete Hansen, S, mens Jens Kr. Yde, K, og Mette Kj\u00e6rulff, V udg\u00f8r det mindretal i udvalget som indstiller, at Thisted Kommune tr\u00e6der ud af f\u00e6rgesamarbejdet.<\/p>\n<a class=\"dvrt-link\" onClick=\"cdmtrack_click(1130,jQuery(this));return false\" href=\"https:\/\/www.thistedforsikring.dk\/?utm_source=partnerskaber&amp;utm_campaign=kun_thy\"><img decoding=\"async\" style=\"width:100%;\" src=\"https:\/\/kunmedierne.dk\/thy\/wp-content\/uploads\/sites\/2\/2025\/04\/260409KunThyThisted-For-1.png\"><\/a><script>cdmtrack_view(1130);<\/script>\n<p>Dermed st\u00e5r sagen med Jens Tilma&#8217;s ord &#8220;piv\u00e5ben&#8221;, indtil den samlede kommunalbestyrelse har taget stilling til det fremtidige samarbejde om f\u00e6rgen. Det sker 27. januar.<\/p>\n<p>&#8211; Som tingene st\u00e5r lige nu, tror jeg ikke at vi er l\u00e6ngere fra hinanden, end at vi kan sige: Det vil v\u00e6re tr\u00e6ls ikke at have en f\u00e6rge p\u00e5 Feggesund. P\u00e5 den baggrund kan vi begynde at overveje at tale om, hvad Thisted fremover skal betale til overfarten i forhold til det, Mors\u00f8 kommune betaler, siger udvalgsformanden.<\/p>\n<div id=\"attachment_15555\" style=\"width: 2010px\" class=\"wp-caption alignnone\"><img loading=\"lazy\" decoding=\"async\" aria-describedby=\"caption-attachment-15555\" class=\"wp-image-15555 size-full\" src=\"https:\/\/kunmedierne.dk\/thy\/wp-content\/uploads\/sites\/2\/2026\/01\/Skabelon-fotos174.jpg\" alt=\"\" width=\"2000\" height=\"1414\" srcset=\"https:\/\/kunmedierne.dk\/thy\/wp-content\/uploads\/sites\/2\/2026\/01\/Skabelon-fotos174.jpg 2000w, https:\/\/kunmedierne.dk\/thy\/wp-content\/uploads\/sites\/2\/2026\/01\/Skabelon-fotos174-300x212.jpg 300w, https:\/\/kunmedierne.dk\/thy\/wp-content\/uploads\/sites\/2\/2026\/01\/Skabelon-fotos174-1024x724.jpg 1024w, https:\/\/kunmedierne.dk\/thy\/wp-content\/uploads\/sites\/2\/2026\/01\/Skabelon-fotos174-510x361.jpg 510w\" sizes=\"auto, (max-width: 2000px) 100vw, 2000px\" \/><p id=\"caption-attachment-15555\" class=\"wp-caption-text\">Feggesund-f\u00e6rgen repr\u00e6senterer en nyttev\u00e6rdi, som ikke fremg\u00e5r af tallene i et regnskab, siger Jens Tilma, K<\/p><\/div>\n<p>&nbsp;<\/p>\n<p>Dermed rammer han ind, hvad sagen i virkeligheden drejer sig om, \u00f8konomi. Feggesund-f\u00e6rgen drives af det f\u00e6lleskommunale selskab I\/S Mors-Thy F\u00e6rgefart. Her har Thisted Kommune en ejerandel p\u00e5 36 procent, Mors\u00f8 Kommunes ejerandel er p\u00e5 64 procent.<\/p>\n<p>Gennem en \u00e5rr\u00e6kke har b\u00e5de antallet af passagerer og biler p\u00e5 overfarten v\u00e6ret vigende og det samme har indt\u00e6gterne. Det har \u00f8get behovet for tilskud fra de to ejerkommuner, og tilskuddet fordeles i forhold til ejerandel. I f\u00f8lge sagsfremstillingen vil Mors\u00f8 Kommunens forventede tilskud i 2026 v\u00e6re 4,15 mio. kr. mod 3,14 mio. kr. i 2024, og Thisteds andel vil i 2026 v\u00e6re 2,33 mio. kr. mod 1,76 mio. kr. i 2024.<\/p>\n<a class=\"dvrt-link\" onClick=\"cdmtrack_click(1130,jQuery(this));return false\" href=\"https:\/\/www.thistedforsikring.dk\/?utm_source=partnerskaber&amp;utm_campaign=kun_thy\"><img decoding=\"async\" style=\"width:100%;\" src=\"https:\/\/kunmedierne.dk\/thy\/wp-content\/uploads\/sites\/2\/2025\/04\/260409KunThyThisted-For-1.png\"><\/a><script>cdmtrack_view(1130);<\/script>\n<p>&#8211; Et argument for at opretholde Feggesund-f\u00e6rgen er, at den har v\u00e6rdi for to yderomr\u00e5der som en del af infrastrukturen. Ser vi p\u00e5 trafiktallene er de nedadg\u00e5ende, og der er ikke flest thyboer blandt dem, der bruger forbindelsen, men det v\u00e6sentligt at holde en forbindelse \u00e5ben for andre, blandt andet turister, som en mulighed for at komme en anden vej rundt. Uden f\u00e6rgen er der risiko for at koble nogle omr\u00e5der af, siger Jens Tilma.<\/p>\n<p>Her og nu har udvalgsformanden sv\u00e6rt ved at forudse sagens udfald.<\/p>\n<p>&#8211; Jeg h\u00f8rer, at nogen har fokus p\u00e5 prisen ved at opretholde forbindelse, men de overser m\u00e5ske den v\u00e6rdi, f\u00e6rgen har som ikke kan afl\u00e6ses i et regnskab. Ser vi udelukkende p\u00e5 regnskabstal, er det en udgift, men f\u00e6rgen har ogs\u00e5 nogle andre v\u00e6rdier, som det er sv\u00e6rere at s\u00e6tte tal p\u00e5. Eksempelvis nyttev\u00e6rdi, siger Jens Tilma.<\/p>\n<p>&nbsp;<\/p>\n<p><strong>Sp\u00e6nding p\u00e5 Mors<\/strong><\/p>\n<p>P\u00e5 Mors f\u00f8lger Keld Kortegaard, K, formand for Mors\u00f8 Kommunes udvalg for teknik og milj\u00f8, diskussionen om Thisteds Kommunes fremtidige engagement i Feggesund-f\u00e6rgen i tilskuerens rolle, men han g\u00e5r det i h\u00e5bet om, at det lykkes at finde en l\u00f8sning, hvor de to kommuner begge forbliver i samarbejdet, men m\u00e5ske med nogle justeringer.<\/p>\n<div id=\"attachment_15986\" style=\"width: 1253px\" class=\"wp-caption alignnone\"><img loading=\"lazy\" decoding=\"async\" aria-describedby=\"caption-attachment-15986\" class=\"wp-image-15986 size-full\" src=\"https:\/\/kunmedierne.dk\/thy\/wp-content\/uploads\/sites\/2\/2026\/01\/Keld-Kortegaard.jpg\" alt=\"\" width=\"1243\" height=\"828\" srcset=\"https:\/\/kunmedierne.dk\/thy\/wp-content\/uploads\/sites\/2\/2026\/01\/Keld-Kortegaard.jpg 1243w, https:\/\/kunmedierne.dk\/thy\/wp-content\/uploads\/sites\/2\/2026\/01\/Keld-Kortegaard-300x200.jpg 300w, https:\/\/kunmedierne.dk\/thy\/wp-content\/uploads\/sites\/2\/2026\/01\/Keld-Kortegaard-1024x682.jpg 1024w, https:\/\/kunmedierne.dk\/thy\/wp-content\/uploads\/sites\/2\/2026\/01\/Keld-Kortegaard-510x340.jpg 510w\" sizes=\"auto, (max-width: 1243px) 100vw, 1243px\" \/><p id=\"caption-attachment-15986\" class=\"wp-caption-text\">&#8211; Infrastruktur koster penge, og det m\u00e5 man acceptere, siger Keld Kortegaard, K, som h\u00e5ber, at Thisted og Mors\u00f8 kommune fortsat kan samarbejde om Feggesund-f\u00e6rgen.<\/p><\/div>\n<p>&nbsp;<\/p>\n<p>&#8211; Det er i alles interesse at opretholde forbindelsen, ogs\u00e5 selv om Mors har mere ud af den, men det afspejler sig ogs\u00e5 i fordelingen af ejerandele. Infrastruktur koster penge, det m\u00e5 man acceptere, siger Keld Kortegaard.<\/p>\n<a class=\"dvrt-link\" onClick=\"cdmtrack_click(1130,jQuery(this));return false\" href=\"https:\/\/www.thistedforsikring.dk\/?utm_source=partnerskaber&amp;utm_campaign=kun_thy\"><img decoding=\"async\" style=\"width:100%;\" src=\"https:\/\/kunmedierne.dk\/thy\/wp-content\/uploads\/sites\/2\/2025\/04\/260409KunThyThisted-For-1.png\"><\/a><script>cdmtrack_view(1130);<\/script>\n<p>Han erkender, at antallet af passagerer falder, men understreger, at f\u00e6rgen stadig flytter b\u00e5de mennesker og trafik.<\/p>\n<p>&#8211; Og vi m\u00e5 ikke v\u00e6re blinde for, at Feggesund-f\u00e6rgen vil v\u00e6re den korteste vej fra Mors til den nordjyske motorvej, n\u00e5r den tredje Limfjords-forbindelse er klar, siger Keld Kortegaard, som h\u00e5ber, at Thisted og Mors\u00f8 kommuner kan forts\u00e6tte samarbejdet om f\u00e6rgen &#8211; eventuelt med nogle \u00e6ndringer i aftalen.<\/p>\n<p>&#8211; Hopper Thisted helt ud af samarbejdet, bliver det dyrt for Mors og s\u00e5 st\u00e5r vi en en anden diskussion, der handler om, hvor vi s\u00e5 skal finde de penge. S\u00e5 hvis vi skal tale \u00e6ndringer i det nuv\u00e6rende samarbejde, for at det kan forts\u00e6tte, er det noget, der b\u00f8r g\u00f8res, s\u00e5 vi kan finde en aftale, siger han.<\/p>\n","protected":false},"excerpt":{"rendered":"<p>THY\/MORS: &#8211; Skal vi kun opretholde de ting der giver overskud, eller skal der ogs\u00e5 fremover v\u00e6re nogle tilbud i kommunens yderomr\u00e5der, selv om de koster mere. Jens Tilma, K, formand for Thisted Kommunes udvalg for klima, milj\u00f8 og teknik, er et af tre udvalgsmedlemmer som mener, at Thisted Kommune fortsat skal indg\u00e5 i samarbejdet [&hellip;]<\/p>\n","protected":false},"author":4535,"featured_media":0,"comment_status":"closed","ping_status":"closed","sticky":false,"template":"","format":"standard","meta":{"_acf_changed":false,"footnotes":""},"categories":[24],"tags":[71,62],"class_list":["post-15983","post","type-post","status-publish","format-standard","hentry","category-lokalt","tag-oekonomi","tag-trafik"],"acf":[],"yoast_head":"<!-- This site is optimized with the Yoast SEO plugin v26.8 - https:\/\/yoast.com\/product\/yoast-seo-wordpress\/ -->\n<title>Feggesund-f\u00e6rgens fremtid:Afg\u00f8relsen ligger hos kommunalbestyrelsen - Thy<\/title>\n<meta name=\"robots\" content=\"index, follow, max-snippet:-1, max-image-preview:large, max-video-preview:-1\" \/>\n<link rel=\"canonical\" href=\"https:\/\/kunmedierne.dk\/thy\/feggesund-faergens-fremtidafgoerelsen-ligger-hos-kommunalbestyrelsen\/\" \/>\n<meta property=\"og:locale\" content=\"da_DK\" \/>\n<meta property=\"og:type\" content=\"article\" \/>\n<meta property=\"og:title\" content=\"Feggesund-f\u00e6rgens fremtid:Afg\u00f8relsen ligger hos kommunalbestyrelsen - Thy\" \/>\n<meta property=\"og:description\" content=\"THY\/MORS: &#8211; Skal vi kun opretholde de ting der giver overskud, eller skal der ogs\u00e5 fremover v\u00e6re nogle tilbud i kommunens yderomr\u00e5der, selv om de koster mere. Jens Tilma, K, formand for Thisted Kommunes udvalg for klima, milj\u00f8 og teknik, er et af tre udvalgsmedlemmer som mener, at Thisted Kommune fortsat skal indg\u00e5 i samarbejdet [&hellip;]\" \/>\n<meta property=\"og:url\" content=\"https:\/\/kunmedierne.dk\/thy\/feggesund-faergens-fremtidafgoerelsen-ligger-hos-kommunalbestyrelsen\/\" \/>\n<meta property=\"og:site_name\" content=\"Thy\" \/>\n<meta property=\"article:published_time\" content=\"2026-01-14T16:23:06+00:00\" \/>\n<meta property=\"og:image\" content=\"https:\/\/kunmedierne.dk\/thy\/wp-content\/uploads\/sites\/2\/2026\/01\/Skabelon-fotos174.jpg\" \/>\n<meta name=\"author\" content=\"Jens Fogh Andersen\" \/>\n<meta name=\"twitter:card\" content=\"summary_large_image\" \/>\n<meta name=\"twitter:label1\" content=\"Skrevet af\" \/>\n\t<meta name=\"twitter:data1\" content=\"Jens Fogh Andersen\" \/>\n\t<meta name=\"twitter:label2\" content=\"Estimeret l\u00e6setid\" \/>\n\t<meta name=\"twitter:data2\" content=\"5 minutter\" \/>\n<script type=\"application\/ld+json\" class=\"yoast-schema-graph\">{\"@context\":\"https:\/\/schema.org\",\"@graph\":[{\"@type\":\"Article\",\"@id\":\"https:\/\/kunmedierne.dk\/thy\/feggesund-faergens-fremtidafgoerelsen-ligger-hos-kommunalbestyrelsen\/#article\",\"isPartOf\":{\"@id\":\"https:\/\/kunmedierne.dk\/thy\/feggesund-faergens-fremtidafgoerelsen-ligger-hos-kommunalbestyrelsen\/\"},\"author\":{\"name\":\"Jens Fogh Andersen\",\"@id\":\"https:\/\/kunmedierne.dk\/thy\/#\/schema\/person\/88f5be46809ca2a5533760eb574fef93\"},\"headline\":\"Feggesund-f\u00e6rgens fremtid:Afg\u00f8relsen ligger hos kommunalbestyrelsen\",\"datePublished\":\"2026-01-14T16:23:06+00:00\",\"mainEntityOfPage\":{\"@id\":\"https:\/\/kunmedierne.dk\/thy\/feggesund-faergens-fremtidafgoerelsen-ligger-hos-kommunalbestyrelsen\/\"},\"wordCount\":783,\"publisher\":{\"@id\":\"https:\/\/kunmedierne.dk\/thy\/#organization\"},\"image\":{\"@id\":\"https:\/\/kunmedierne.dk\/thy\/feggesund-faergens-fremtidafgoerelsen-ligger-hos-kommunalbestyrelsen\/#primaryimage\"},\"thumbnailUrl\":\"https:\/\/kunmedierne.dk\/thy\/wp-content\/uploads\/sites\/2\/2026\/01\/Skabelon-fotos174.jpg\",\"keywords\":[\"\u00d8konomi\",\"Trafik\"],\"articleSection\":[\"Lokalt\"],\"inLanguage\":\"da-DK\"},{\"@type\":\"WebPage\",\"@id\":\"https:\/\/kunmedierne.dk\/thy\/feggesund-faergens-fremtidafgoerelsen-ligger-hos-kommunalbestyrelsen\/\",\"url\":\"https:\/\/kunmedierne.dk\/thy\/feggesund-faergens-fremtidafgoerelsen-ligger-hos-kommunalbestyrelsen\/\",\"name\":\"Feggesund-f\u00e6rgens fremtid:Afg\u00f8relsen ligger hos kommunalbestyrelsen - Thy\",\"isPartOf\":{\"@id\":\"https:\/\/kunmedierne.dk\/thy\/#website\"},\"primaryImageOfPage\":{\"@id\":\"https:\/\/kunmedierne.dk\/thy\/feggesund-faergens-fremtidafgoerelsen-ligger-hos-kommunalbestyrelsen\/#primaryimage\"},\"image\":{\"@id\":\"https:\/\/kunmedierne.dk\/thy\/feggesund-faergens-fremtidafgoerelsen-ligger-hos-kommunalbestyrelsen\/#primaryimage\"},\"thumbnailUrl\":\"https:\/\/kunmedierne.dk\/thy\/wp-content\/uploads\/sites\/2\/2026\/01\/Skabelon-fotos174.jpg\",\"datePublished\":\"2026-01-14T16:23:06+00:00\",\"breadcrumb\":{\"@id\":\"https:\/\/kunmedierne.dk\/thy\/feggesund-faergens-fremtidafgoerelsen-ligger-hos-kommunalbestyrelsen\/#breadcrumb\"},\"inLanguage\":\"da-DK\",\"potentialAction\":[{\"@type\":\"ReadAction\",\"target\":[\"https:\/\/kunmedierne.dk\/thy\/feggesund-faergens-fremtidafgoerelsen-ligger-hos-kommunalbestyrelsen\/\"]}]},{\"@type\":\"ImageObject\",\"inLanguage\":\"da-DK\",\"@id\":\"https:\/\/kunmedierne.dk\/thy\/feggesund-faergens-fremtidafgoerelsen-ligger-hos-kommunalbestyrelsen\/#primaryimage\",\"url\":\"https:\/\/kunmedierne.dk\/thy\/wp-content\/uploads\/sites\/2\/2026\/01\/Skabelon-fotos174.jpg\",\"contentUrl\":\"https:\/\/kunmedierne.dk\/thy\/wp-content\/uploads\/sites\/2\/2026\/01\/Skabelon-fotos174.jpg\",\"width\":2000,\"height\":1414,\"caption\":\"Arkivfoto: Mors\u00f8 Kommune.\"},{\"@type\":\"BreadcrumbList\",\"@id\":\"https:\/\/kunmedierne.dk\/thy\/feggesund-faergens-fremtidafgoerelsen-ligger-hos-kommunalbestyrelsen\/#breadcrumb\",\"itemListElement\":[{\"@type\":\"ListItem\",\"position\":1,\"name\":\"Home\",\"item\":\"https:\/\/kunmedierne.dk\/thy\/\"},{\"@type\":\"ListItem\",\"position\":2,\"name\":\"Feggesund-f\u00e6rgens fremtid:Afg\u00f8relsen ligger hos kommunalbestyrelsen\"}]},{\"@type\":\"WebSite\",\"@id\":\"https:\/\/kunmedierne.dk\/thy\/#website\",\"url\":\"https:\/\/kunmedierne.dk\/thy\/\",\"name\":\"Thy\",\"description\":\"et netmedie med journalistik om livet i Thy\",\"publisher\":{\"@id\":\"https:\/\/kunmedierne.dk\/thy\/#organization\"},\"potentialAction\":[{\"@type\":\"SearchAction\",\"target\":{\"@type\":\"EntryPoint\",\"urlTemplate\":\"https:\/\/kunmedierne.dk\/thy\/?s={search_term_string}\"},\"query-input\":{\"@type\":\"PropertyValueSpecification\",\"valueRequired\":true,\"valueName\":\"search_term_string\"}}],\"inLanguage\":\"da-DK\"},{\"@type\":\"Organization\",\"@id\":\"https:\/\/kunmedierne.dk\/thy\/#organization\",\"name\":\"Thy\",\"url\":\"https:\/\/kunmedierne.dk\/thy\/\",\"logo\":{\"@type\":\"ImageObject\",\"inLanguage\":\"da-DK\",\"@id\":\"https:\/\/kunmedierne.dk\/thy\/#\/schema\/logo\/image\/\",\"url\":\"https:\/\/kunmedierne.dk\/thy\/wp-content\/uploads\/sites\/2\/2025\/04\/kunthy-logo.svg\",\"contentUrl\":\"https:\/\/kunmedierne.dk\/thy\/wp-content\/uploads\/sites\/2\/2025\/04\/kunthy-logo.svg\",\"caption\":\"Thy\"},\"image\":{\"@id\":\"https:\/\/kunmedierne.dk\/thy\/#\/schema\/logo\/image\/\"}},{\"@type\":\"Person\",\"@id\":\"https:\/\/kunmedierne.dk\/thy\/#\/schema\/person\/88f5be46809ca2a5533760eb574fef93\",\"name\":\"Jens Fogh Andersen\",\"image\":{\"@type\":\"ImageObject\",\"inLanguage\":\"da-DK\",\"@id\":\"https:\/\/kunmedierne.dk\/thy\/#\/schema\/person\/image\/\",\"url\":\"https:\/\/secure.gravatar.com\/avatar\/2b367a4ef139b1c41dccc9ee7af926b81f8b4cca3359772e86c7fd5ced26c0a3?s=96&d=mm&r=g\",\"contentUrl\":\"https:\/\/secure.gravatar.com\/avatar\/2b367a4ef139b1c41dccc9ee7af926b81f8b4cca3359772e86c7fd5ced26c0a3?s=96&d=mm&r=g\",\"caption\":\"Jens Fogh Andersen\"},\"url\":\"https:\/\/kunmedierne.dk\/thy\/author\/jfa\/\"}]}<\/script>\n<!-- \/ Yoast SEO plugin. -->","yoast_head_json":{"title":"Feggesund-f\u00e6rgens fremtid:Afg\u00f8relsen ligger hos kommunalbestyrelsen - Thy","robots":{"index":"index","follow":"follow","max-snippet":"max-snippet:-1","max-image-preview":"max-image-preview:large","max-video-preview":"max-video-preview:-1"},"canonical":"https:\/\/kunmedierne.dk\/thy\/feggesund-faergens-fremtidafgoerelsen-ligger-hos-kommunalbestyrelsen\/","og_locale":"da_DK","og_type":"article","og_title":"Feggesund-f\u00e6rgens fremtid:Afg\u00f8relsen ligger hos kommunalbestyrelsen - Thy","og_description":"THY\/MORS: &#8211; Skal vi kun opretholde de ting der giver overskud, eller skal der ogs\u00e5 fremover v\u00e6re nogle tilbud i kommunens yderomr\u00e5der, selv om de koster mere. Jens Tilma, K, formand for Thisted Kommunes udvalg for klima, milj\u00f8 og teknik, er et af tre udvalgsmedlemmer som mener, at Thisted Kommune fortsat skal indg\u00e5 i samarbejdet [&hellip;]","og_url":"https:\/\/kunmedierne.dk\/thy\/feggesund-faergens-fremtidafgoerelsen-ligger-hos-kommunalbestyrelsen\/","og_site_name":"Thy","article_published_time":"2026-01-14T16:23:06+00:00","og_image":[{"url":"https:\/\/kunmedierne.dk\/thy\/wp-content\/uploads\/sites\/2\/2026\/01\/Skabelon-fotos174.jpg","type":"","width":"","height":""}],"author":"Jens Fogh Andersen","twitter_card":"summary_large_image","twitter_misc":{"Skrevet af":"Jens Fogh Andersen","Estimeret l\u00e6setid":"5 minutter"},"schema":{"@context":"https:\/\/schema.org","@graph":[{"@type":"Article","@id":"https:\/\/kunmedierne.dk\/thy\/feggesund-faergens-fremtidafgoerelsen-ligger-hos-kommunalbestyrelsen\/#article","isPartOf":{"@id":"https:\/\/kunmedierne.dk\/thy\/feggesund-faergens-fremtidafgoerelsen-ligger-hos-kommunalbestyrelsen\/"},"author":{"name":"Jens Fogh Andersen","@id":"https:\/\/kunmedierne.dk\/thy\/#\/schema\/person\/88f5be46809ca2a5533760eb574fef93"},"headline":"Feggesund-f\u00e6rgens fremtid:Afg\u00f8relsen ligger hos kommunalbestyrelsen","datePublished":"2026-01-14T16:23:06+00:00","mainEntityOfPage":{"@id":"https:\/\/kunmedierne.dk\/thy\/feggesund-faergens-fremtidafgoerelsen-ligger-hos-kommunalbestyrelsen\/"},"wordCount":783,"publisher":{"@id":"https:\/\/kunmedierne.dk\/thy\/#organization"},"image":{"@id":"https:\/\/kunmedierne.dk\/thy\/feggesund-faergens-fremtidafgoerelsen-ligger-hos-kommunalbestyrelsen\/#primaryimage"},"thumbnailUrl":"https:\/\/kunmedierne.dk\/thy\/wp-content\/uploads\/sites\/2\/2026\/01\/Skabelon-fotos174.jpg","keywords":["\u00d8konomi","Trafik"],"articleSection":["Lokalt"],"inLanguage":"da-DK"},{"@type":"WebPage","@id":"https:\/\/kunmedierne.dk\/thy\/feggesund-faergens-fremtidafgoerelsen-ligger-hos-kommunalbestyrelsen\/","url":"https:\/\/kunmedierne.dk\/thy\/feggesund-faergens-fremtidafgoerelsen-ligger-hos-kommunalbestyrelsen\/","name":"Feggesund-f\u00e6rgens fremtid:Afg\u00f8relsen ligger hos kommunalbestyrelsen - Thy","isPartOf":{"@id":"https:\/\/kunmedierne.dk\/thy\/#website"},"primaryImageOfPage":{"@id":"https:\/\/kunmedierne.dk\/thy\/feggesund-faergens-fremtidafgoerelsen-ligger-hos-kommunalbestyrelsen\/#primaryimage"},"image":{"@id":"https:\/\/kunmedierne.dk\/thy\/feggesund-faergens-fremtidafgoerelsen-ligger-hos-kommunalbestyrelsen\/#primaryimage"},"thumbnailUrl":"https:\/\/kunmedierne.dk\/thy\/wp-content\/uploads\/sites\/2\/2026\/01\/Skabelon-fotos174.jpg","datePublished":"2026-01-14T16:23:06+00:00","breadcrumb":{"@id":"https:\/\/kunmedierne.dk\/thy\/feggesund-faergens-fremtidafgoerelsen-ligger-hos-kommunalbestyrelsen\/#breadcrumb"},"inLanguage":"da-DK","potentialAction":[{"@type":"ReadAction","target":["https:\/\/kunmedierne.dk\/thy\/feggesund-faergens-fremtidafgoerelsen-ligger-hos-kommunalbestyrelsen\/"]}]},{"@type":"ImageObject","inLanguage":"da-DK","@id":"https:\/\/kunmedierne.dk\/thy\/feggesund-faergens-fremtidafgoerelsen-ligger-hos-kommunalbestyrelsen\/#primaryimage","url":"https:\/\/kunmedierne.dk\/thy\/wp-content\/uploads\/sites\/2\/2026\/01\/Skabelon-fotos174.jpg","contentUrl":"https:\/\/kunmedierne.dk\/thy\/wp-content\/uploads\/sites\/2\/2026\/01\/Skabelon-fotos174.jpg","width":2000,"height":1414,"caption":"Arkivfoto: Mors\u00f8 Kommune."},{"@type":"BreadcrumbList","@id":"https:\/\/kunmedierne.dk\/thy\/feggesund-faergens-fremtidafgoerelsen-ligger-hos-kommunalbestyrelsen\/#breadcrumb","itemListElement":[{"@type":"ListItem","position":1,"name":"Home","item":"https:\/\/kunmedierne.dk\/thy\/"},{"@type":"ListItem","position":2,"name":"Feggesund-f\u00e6rgens fremtid:Afg\u00f8relsen ligger hos kommunalbestyrelsen"}]},{"@type":"WebSite","@id":"https:\/\/kunmedierne.dk\/thy\/#website","url":"https:\/\/kunmedierne.dk\/thy\/","name":"Thy","description":"et netmedie med journalistik om livet i Thy","publisher":{"@id":"https:\/\/kunmedierne.dk\/thy\/#organization"},"potentialAction":[{"@type":"SearchAction","target":{"@type":"EntryPoint","urlTemplate":"https:\/\/kunmedierne.dk\/thy\/?s={search_term_string}"},"query-input":{"@type":"PropertyValueSpecification","valueRequired":true,"valueName":"search_term_string"}}],"inLanguage":"da-DK"},{"@type":"Organization","@id":"https:\/\/kunmedierne.dk\/thy\/#organization","name":"Thy","url":"https:\/\/kunmedierne.dk\/thy\/","logo":{"@type":"ImageObject","inLanguage":"da-DK","@id":"https:\/\/kunmedierne.dk\/thy\/#\/schema\/logo\/image\/","url":"https:\/\/kunmedierne.dk\/thy\/wp-content\/uploads\/sites\/2\/2025\/04\/kunthy-logo.svg","contentUrl":"https:\/\/kunmedierne.dk\/thy\/wp-content\/uploads\/sites\/2\/2025\/04\/kunthy-logo.svg","caption":"Thy"},"image":{"@id":"https:\/\/kunmedierne.dk\/thy\/#\/schema\/logo\/image\/"}},{"@type":"Person","@id":"https:\/\/kunmedierne.dk\/thy\/#\/schema\/person\/88f5be46809ca2a5533760eb574fef93","name":"Jens Fogh Andersen","image":{"@type":"ImageObject","inLanguage":"da-DK","@id":"https:\/\/kunmedierne.dk\/thy\/#\/schema\/person\/image\/","url":"https:\/\/secure.gravatar.com\/avatar\/2b367a4ef139b1c41dccc9ee7af926b81f8b4cca3359772e86c7fd5ced26c0a3?s=96&d=mm&r=g","contentUrl":"https:\/\/secure.gravatar.com\/avatar\/2b367a4ef139b1c41dccc9ee7af926b81f8b4cca3359772e86c7fd5ced26c0a3?s=96&d=mm&r=g","caption":"Jens Fogh Andersen"},"url":"https:\/\/kunmedierne.dk\/thy\/author\/jfa\/"}]}},"_links":{"self":[{"href":"https:\/\/kunmedierne.dk\/thy\/wp-json\/wp\/v2\/posts\/15983","targetHints":{"allow":["GET"]}}],"collection":[{"href":"https:\/\/kunmedierne.dk\/thy\/wp-json\/wp\/v2\/posts"}],"about":[{"href":"https:\/\/kunmedierne.dk\/thy\/wp-json\/wp\/v2\/types\/post"}],"author":[{"embeddable":true,"href":"https:\/\/kunmedierne.dk\/thy\/wp-json\/wp\/v2\/users\/4535"}],"replies":[{"embeddable":true,"href":"https:\/\/kunmedierne.dk\/thy\/wp-json\/wp\/v2\/comments?post=15983"}],"version-history":[{"count":8,"href":"https:\/\/kunmedierne.dk\/thy\/wp-json\/wp\/v2\/posts\/15983\/revisions"}],"predecessor-version":[{"id":15994,"href":"https:\/\/kunmedierne.dk\/thy\/wp-json\/wp\/v2\/posts\/15983\/revisions\/15994"}],"wp:attachment":[{"href":"https:\/\/kunmedierne.dk\/thy\/wp-json\/wp\/v2\/media?parent=15983"}],"wp:term":[{"taxonomy":"category","embeddable":true,"href":"https:\/\/kunmedierne.dk\/thy\/wp-json\/wp\/v2\/categories?post=15983"},{"taxonomy":"post_tag","embeddable":true,"href":"https:\/\/kunmedierne.dk\/thy\/wp-json\/wp\/v2\/tags?post=15983"}],"curies":[{"name":"wp","href":"https:\/\/api.w.org\/{rel}","templated":true}]}}