{"id":15860,"date":"2026-01-12T11:56:49","date_gmt":"2026-01-12T10:56:49","guid":{"rendered":"https:\/\/kunmedierne.dk\/thy\/?p=15860"},"modified":"2026-01-12T11:56:49","modified_gmt":"2026-01-12T10:56:49","slug":"racer-malthe-fra-sennels-tilbage-paa-de-europaeiske-baner","status":"publish","type":"post","link":"https:\/\/kunmedierne.dk\/thy\/racer-malthe-fra-sennels-tilbage-paa-de-europaeiske-baner\/","title":{"rendered":"Racer-Malthe fra Sennels tilbage p\u00e5 de europ\u00e6iske baner"},"content":{"rendered":"<p><strong>THY:<\/strong> Efter et \u00e5rs fokus p\u00e5 andre l\u00f8bsserier er den danske Hypercar-k\u00f8rer Malthe Jakobsen tilbage, hvor karrieren for alvor tog fart. Denne gang for Algarve Pro Racing, som thyboen kender indg\u00e5ende fra l\u00f8b i b\u00e5de IMSA og Asian Le Mans Series.<\/p>\n<a class=\"dvrt-link\" onClick=\"cdmtrack_click(1130,jQuery(this));return false\" href=\"https:\/\/www.thistedforsikring.dk\/?utm_source=partnerskaber&amp;utm_campaign=kun_thy\"><img decoding=\"async\" style=\"width:100%;\" src=\"https:\/\/kunmedierne.dk\/thy\/wp-content\/uploads\/sites\/2\/2025\/04\/260409KunThyThisted-For-1.png\"><\/a><script>cdmtrack_view(1130);<\/script>\n<p>&#8211; Det er fedt at v\u00e6re tilbage i European Le Mans Series (ELMS) ikke mindst fordi det er sammen med et team, der ved pr\u00e6cis hvad der skal til for at vinde racerl\u00f8b og mesterskaber, siger Malthe Jakobsen i en pressemeddelelse fra sit team.<\/p>\n<p>Han tilf\u00f8jer, at der sammen med Algarve Pro Racing er skabt flotte resultater sammen i Asian Le Mans Series og under Crowdstrike Racing-flaget i USA.<\/p>\n<p>&#8211; S\u00e5 det gav god mening at forts\u00e6tte samarbejdet i Europa, siger Malthe Jakobsen, som bliver del af et k\u00f8rer-lineup med velkendt, dansk isl\u00e6t. Danske Michael Jensen, som thyboen vandt Asian Le Mans Series-mesterskabet med for netop APR, bliver den ene af de to medk\u00f8rere, mens Enzo Trulli tager den sidste ledige plads i bilen.<\/p>\n<a class=\"dvrt-link\" onClick=\"cdmtrack_click(689,jQuery(this));return false\" href=\"https:\/\/www.thistedbolig.dk\"><img decoding=\"async\" style=\"width:100%;\" src=\"https:\/\/kunmedierne.dk\/thy\/wp-content\/uploads\/sites\/2\/2025\/03\/260414ThistedBoligApril-opslag-002-1.jpg\"><\/a><script>cdmtrack_view(689);<\/script>\n<p>&#8211; Jeg gl\u00e6der mig til at dele bil med Michael igen. Vi har efterh\u00e5nden kendt hinanden l\u00e6nge og lavet et par gode resultater sammen, og det er altid hyggeligt n\u00e5r der kan snakkes lidt dansk ude p\u00e5 banerne, siger Malthe Jakobsen som tror p\u00e5, at trioen i bilen kan f\u00e5 nogle gode resultater med hjem.<\/p>\n<p>S\u00e6sonen i European Le Mans Series starter den 12. april p\u00e5 Circuit de Catalunya ved Barcelona i Spanien, og alle l\u00f8b vises live p\u00e5 Youtube.<\/p>\n","protected":false},"excerpt":{"rendered":"<p>THY: Efter et \u00e5rs fokus p\u00e5 andre l\u00f8bsserier er den danske Hypercar-k\u00f8rer Malthe Jakobsen tilbage, hvor karrieren for alvor tog fart. Denne gang for Algarve Pro Racing, som thyboen kender indg\u00e5ende fra l\u00f8b i b\u00e5de IMSA og Asian Le Mans Series. &#8211; Det er fedt at v\u00e6re tilbage i European Le Mans Series (ELMS) ikke [&hellip;]<\/p>\n","protected":false},"author":4535,"featured_media":0,"comment_status":"closed","ping_status":"closed","sticky":false,"template":"","format":"standard","meta":{"_acf_changed":false,"footnotes":""},"categories":[24,22],"tags":[38],"class_list":["post-15860","post","type-post","status-publish","format-standard","hentry","category-lokalt","category-sport","tag-mennesker"],"acf":[],"yoast_head":"<!-- This site is optimized with the Yoast SEO plugin v26.8 - https:\/\/yoast.com\/product\/yoast-seo-wordpress\/ -->\n<title>Racer-Malthe fra Sennels tilbage p\u00e5 de europ\u00e6iske baner - Thy<\/title>\n<meta name=\"robots\" content=\"index, follow, max-snippet:-1, max-image-preview:large, max-video-preview:-1\" \/>\n<link rel=\"canonical\" href=\"https:\/\/kunmedierne.dk\/thy\/racer-malthe-fra-sennels-tilbage-paa-de-europaeiske-baner\/\" \/>\n<meta property=\"og:locale\" content=\"da_DK\" \/>\n<meta property=\"og:type\" content=\"article\" \/>\n<meta property=\"og:title\" content=\"Racer-Malthe fra Sennels tilbage p\u00e5 de europ\u00e6iske baner - Thy\" \/>\n<meta property=\"og:description\" content=\"THY: Efter et \u00e5rs fokus p\u00e5 andre l\u00f8bsserier er den danske Hypercar-k\u00f8rer Malthe Jakobsen tilbage, hvor karrieren for alvor tog fart. Denne gang for Algarve Pro Racing, som thyboen kender indg\u00e5ende fra l\u00f8b i b\u00e5de IMSA og Asian Le Mans Series. &#8211; Det er fedt at v\u00e6re tilbage i European Le Mans Series (ELMS) ikke [&hellip;]\" \/>\n<meta property=\"og:url\" content=\"https:\/\/kunmedierne.dk\/thy\/racer-malthe-fra-sennels-tilbage-paa-de-europaeiske-baner\/\" \/>\n<meta property=\"og:site_name\" content=\"Thy\" \/>\n<meta property=\"article:published_time\" content=\"2026-01-12T10:56:49+00:00\" \/>\n<meta name=\"author\" content=\"Jens Fogh Andersen\" \/>\n<meta name=\"twitter:card\" content=\"summary_large_image\" \/>\n<meta name=\"twitter:label1\" content=\"Skrevet af\" \/>\n\t<meta name=\"twitter:data1\" content=\"Jens Fogh Andersen\" \/>\n\t<meta name=\"twitter:label2\" content=\"Estimeret l\u00e6setid\" \/>\n\t<meta name=\"twitter:data2\" content=\"2 minutter\" \/>\n<script type=\"application\/ld+json\" class=\"yoast-schema-graph\">{\"@context\":\"https:\/\/schema.org\",\"@graph\":[{\"@type\":\"Article\",\"@id\":\"https:\/\/kunmedierne.dk\/thy\/racer-malthe-fra-sennels-tilbage-paa-de-europaeiske-baner\/#article\",\"isPartOf\":{\"@id\":\"https:\/\/kunmedierne.dk\/thy\/racer-malthe-fra-sennels-tilbage-paa-de-europaeiske-baner\/\"},\"author\":{\"name\":\"Jens Fogh Andersen\",\"@id\":\"https:\/\/kunmedierne.dk\/thy\/#\/schema\/person\/88f5be46809ca2a5533760eb574fef93\"},\"headline\":\"Racer-Malthe fra Sennels tilbage p\u00e5 de europ\u00e6iske baner\",\"datePublished\":\"2026-01-12T10:56:49+00:00\",\"mainEntityOfPage\":{\"@id\":\"https:\/\/kunmedierne.dk\/thy\/racer-malthe-fra-sennels-tilbage-paa-de-europaeiske-baner\/\"},\"wordCount\":276,\"publisher\":{\"@id\":\"https:\/\/kunmedierne.dk\/thy\/#organization\"},\"keywords\":[\"Mennesker\"],\"articleSection\":[\"Lokalt\",\"Sport\"],\"inLanguage\":\"da-DK\"},{\"@type\":\"WebPage\",\"@id\":\"https:\/\/kunmedierne.dk\/thy\/racer-malthe-fra-sennels-tilbage-paa-de-europaeiske-baner\/\",\"url\":\"https:\/\/kunmedierne.dk\/thy\/racer-malthe-fra-sennels-tilbage-paa-de-europaeiske-baner\/\",\"name\":\"Racer-Malthe fra Sennels tilbage p\u00e5 de europ\u00e6iske baner - Thy\",\"isPartOf\":{\"@id\":\"https:\/\/kunmedierne.dk\/thy\/#website\"},\"datePublished\":\"2026-01-12T10:56:49+00:00\",\"breadcrumb\":{\"@id\":\"https:\/\/kunmedierne.dk\/thy\/racer-malthe-fra-sennels-tilbage-paa-de-europaeiske-baner\/#breadcrumb\"},\"inLanguage\":\"da-DK\",\"potentialAction\":[{\"@type\":\"ReadAction\",\"target\":[\"https:\/\/kunmedierne.dk\/thy\/racer-malthe-fra-sennels-tilbage-paa-de-europaeiske-baner\/\"]}]},{\"@type\":\"BreadcrumbList\",\"@id\":\"https:\/\/kunmedierne.dk\/thy\/racer-malthe-fra-sennels-tilbage-paa-de-europaeiske-baner\/#breadcrumb\",\"itemListElement\":[{\"@type\":\"ListItem\",\"position\":1,\"name\":\"Home\",\"item\":\"https:\/\/kunmedierne.dk\/thy\/\"},{\"@type\":\"ListItem\",\"position\":2,\"name\":\"Racer-Malthe fra Sennels tilbage p\u00e5 de europ\u00e6iske baner\"}]},{\"@type\":\"WebSite\",\"@id\":\"https:\/\/kunmedierne.dk\/thy\/#website\",\"url\":\"https:\/\/kunmedierne.dk\/thy\/\",\"name\":\"Thy\",\"description\":\"et netmedie med journalistik om livet i Thy\",\"publisher\":{\"@id\":\"https:\/\/kunmedierne.dk\/thy\/#organization\"},\"potentialAction\":[{\"@type\":\"SearchAction\",\"target\":{\"@type\":\"EntryPoint\",\"urlTemplate\":\"https:\/\/kunmedierne.dk\/thy\/?s={search_term_string}\"},\"query-input\":{\"@type\":\"PropertyValueSpecification\",\"valueRequired\":true,\"valueName\":\"search_term_string\"}}],\"inLanguage\":\"da-DK\"},{\"@type\":\"Organization\",\"@id\":\"https:\/\/kunmedierne.dk\/thy\/#organization\",\"name\":\"Thy\",\"url\":\"https:\/\/kunmedierne.dk\/thy\/\",\"logo\":{\"@type\":\"ImageObject\",\"inLanguage\":\"da-DK\",\"@id\":\"https:\/\/kunmedierne.dk\/thy\/#\/schema\/logo\/image\/\",\"url\":\"https:\/\/kunmedierne.dk\/thy\/wp-content\/uploads\/sites\/2\/2025\/04\/kunthy-logo.svg\",\"contentUrl\":\"https:\/\/kunmedierne.dk\/thy\/wp-content\/uploads\/sites\/2\/2025\/04\/kunthy-logo.svg\",\"caption\":\"Thy\"},\"image\":{\"@id\":\"https:\/\/kunmedierne.dk\/thy\/#\/schema\/logo\/image\/\"}},{\"@type\":\"Person\",\"@id\":\"https:\/\/kunmedierne.dk\/thy\/#\/schema\/person\/88f5be46809ca2a5533760eb574fef93\",\"name\":\"Jens Fogh Andersen\",\"image\":{\"@type\":\"ImageObject\",\"inLanguage\":\"da-DK\",\"@id\":\"https:\/\/kunmedierne.dk\/thy\/#\/schema\/person\/image\/\",\"url\":\"https:\/\/secure.gravatar.com\/avatar\/2b367a4ef139b1c41dccc9ee7af926b81f8b4cca3359772e86c7fd5ced26c0a3?s=96&d=mm&r=g\",\"contentUrl\":\"https:\/\/secure.gravatar.com\/avatar\/2b367a4ef139b1c41dccc9ee7af926b81f8b4cca3359772e86c7fd5ced26c0a3?s=96&d=mm&r=g\",\"caption\":\"Jens Fogh Andersen\"},\"url\":\"https:\/\/kunmedierne.dk\/thy\/author\/jfa\/\"}]}<\/script>\n<!-- \/ Yoast SEO plugin. -->","yoast_head_json":{"title":"Racer-Malthe fra Sennels tilbage p\u00e5 de europ\u00e6iske baner - Thy","robots":{"index":"index","follow":"follow","max-snippet":"max-snippet:-1","max-image-preview":"max-image-preview:large","max-video-preview":"max-video-preview:-1"},"canonical":"https:\/\/kunmedierne.dk\/thy\/racer-malthe-fra-sennels-tilbage-paa-de-europaeiske-baner\/","og_locale":"da_DK","og_type":"article","og_title":"Racer-Malthe fra Sennels tilbage p\u00e5 de europ\u00e6iske baner - Thy","og_description":"THY: Efter et \u00e5rs fokus p\u00e5 andre l\u00f8bsserier er den danske Hypercar-k\u00f8rer Malthe Jakobsen tilbage, hvor karrieren for alvor tog fart. Denne gang for Algarve Pro Racing, som thyboen kender indg\u00e5ende fra l\u00f8b i b\u00e5de IMSA og Asian Le Mans Series. &#8211; Det er fedt at v\u00e6re tilbage i European Le Mans Series (ELMS) ikke [&hellip;]","og_url":"https:\/\/kunmedierne.dk\/thy\/racer-malthe-fra-sennels-tilbage-paa-de-europaeiske-baner\/","og_site_name":"Thy","article_published_time":"2026-01-12T10:56:49+00:00","author":"Jens Fogh Andersen","twitter_card":"summary_large_image","twitter_misc":{"Skrevet af":"Jens Fogh Andersen","Estimeret l\u00e6setid":"2 minutter"},"schema":{"@context":"https:\/\/schema.org","@graph":[{"@type":"Article","@id":"https:\/\/kunmedierne.dk\/thy\/racer-malthe-fra-sennels-tilbage-paa-de-europaeiske-baner\/#article","isPartOf":{"@id":"https:\/\/kunmedierne.dk\/thy\/racer-malthe-fra-sennels-tilbage-paa-de-europaeiske-baner\/"},"author":{"name":"Jens Fogh Andersen","@id":"https:\/\/kunmedierne.dk\/thy\/#\/schema\/person\/88f5be46809ca2a5533760eb574fef93"},"headline":"Racer-Malthe fra Sennels tilbage p\u00e5 de europ\u00e6iske baner","datePublished":"2026-01-12T10:56:49+00:00","mainEntityOfPage":{"@id":"https:\/\/kunmedierne.dk\/thy\/racer-malthe-fra-sennels-tilbage-paa-de-europaeiske-baner\/"},"wordCount":276,"publisher":{"@id":"https:\/\/kunmedierne.dk\/thy\/#organization"},"keywords":["Mennesker"],"articleSection":["Lokalt","Sport"],"inLanguage":"da-DK"},{"@type":"WebPage","@id":"https:\/\/kunmedierne.dk\/thy\/racer-malthe-fra-sennels-tilbage-paa-de-europaeiske-baner\/","url":"https:\/\/kunmedierne.dk\/thy\/racer-malthe-fra-sennels-tilbage-paa-de-europaeiske-baner\/","name":"Racer-Malthe fra Sennels tilbage p\u00e5 de europ\u00e6iske baner - Thy","isPartOf":{"@id":"https:\/\/kunmedierne.dk\/thy\/#website"},"datePublished":"2026-01-12T10:56:49+00:00","breadcrumb":{"@id":"https:\/\/kunmedierne.dk\/thy\/racer-malthe-fra-sennels-tilbage-paa-de-europaeiske-baner\/#breadcrumb"},"inLanguage":"da-DK","potentialAction":[{"@type":"ReadAction","target":["https:\/\/kunmedierne.dk\/thy\/racer-malthe-fra-sennels-tilbage-paa-de-europaeiske-baner\/"]}]},{"@type":"BreadcrumbList","@id":"https:\/\/kunmedierne.dk\/thy\/racer-malthe-fra-sennels-tilbage-paa-de-europaeiske-baner\/#breadcrumb","itemListElement":[{"@type":"ListItem","position":1,"name":"Home","item":"https:\/\/kunmedierne.dk\/thy\/"},{"@type":"ListItem","position":2,"name":"Racer-Malthe fra Sennels tilbage p\u00e5 de europ\u00e6iske baner"}]},{"@type":"WebSite","@id":"https:\/\/kunmedierne.dk\/thy\/#website","url":"https:\/\/kunmedierne.dk\/thy\/","name":"Thy","description":"et netmedie med journalistik om livet i Thy","publisher":{"@id":"https:\/\/kunmedierne.dk\/thy\/#organization"},"potentialAction":[{"@type":"SearchAction","target":{"@type":"EntryPoint","urlTemplate":"https:\/\/kunmedierne.dk\/thy\/?s={search_term_string}"},"query-input":{"@type":"PropertyValueSpecification","valueRequired":true,"valueName":"search_term_string"}}],"inLanguage":"da-DK"},{"@type":"Organization","@id":"https:\/\/kunmedierne.dk\/thy\/#organization","name":"Thy","url":"https:\/\/kunmedierne.dk\/thy\/","logo":{"@type":"ImageObject","inLanguage":"da-DK","@id":"https:\/\/kunmedierne.dk\/thy\/#\/schema\/logo\/image\/","url":"https:\/\/kunmedierne.dk\/thy\/wp-content\/uploads\/sites\/2\/2025\/04\/kunthy-logo.svg","contentUrl":"https:\/\/kunmedierne.dk\/thy\/wp-content\/uploads\/sites\/2\/2025\/04\/kunthy-logo.svg","caption":"Thy"},"image":{"@id":"https:\/\/kunmedierne.dk\/thy\/#\/schema\/logo\/image\/"}},{"@type":"Person","@id":"https:\/\/kunmedierne.dk\/thy\/#\/schema\/person\/88f5be46809ca2a5533760eb574fef93","name":"Jens Fogh Andersen","image":{"@type":"ImageObject","inLanguage":"da-DK","@id":"https:\/\/kunmedierne.dk\/thy\/#\/schema\/person\/image\/","url":"https:\/\/secure.gravatar.com\/avatar\/2b367a4ef139b1c41dccc9ee7af926b81f8b4cca3359772e86c7fd5ced26c0a3?s=96&d=mm&r=g","contentUrl":"https:\/\/secure.gravatar.com\/avatar\/2b367a4ef139b1c41dccc9ee7af926b81f8b4cca3359772e86c7fd5ced26c0a3?s=96&d=mm&r=g","caption":"Jens Fogh Andersen"},"url":"https:\/\/kunmedierne.dk\/thy\/author\/jfa\/"}]}},"_links":{"self":[{"href":"https:\/\/kunmedierne.dk\/thy\/wp-json\/wp\/v2\/posts\/15860","targetHints":{"allow":["GET"]}}],"collection":[{"href":"https:\/\/kunmedierne.dk\/thy\/wp-json\/wp\/v2\/posts"}],"about":[{"href":"https:\/\/kunmedierne.dk\/thy\/wp-json\/wp\/v2\/types\/post"}],"author":[{"embeddable":true,"href":"https:\/\/kunmedierne.dk\/thy\/wp-json\/wp\/v2\/users\/4535"}],"replies":[{"embeddable":true,"href":"https:\/\/kunmedierne.dk\/thy\/wp-json\/wp\/v2\/comments?post=15860"}],"version-history":[{"count":4,"href":"https:\/\/kunmedierne.dk\/thy\/wp-json\/wp\/v2\/posts\/15860\/revisions"}],"predecessor-version":[{"id":15867,"href":"https:\/\/kunmedierne.dk\/thy\/wp-json\/wp\/v2\/posts\/15860\/revisions\/15867"}],"wp:attachment":[{"href":"https:\/\/kunmedierne.dk\/thy\/wp-json\/wp\/v2\/media?parent=15860"}],"wp:term":[{"taxonomy":"category","embeddable":true,"href":"https:\/\/kunmedierne.dk\/thy\/wp-json\/wp\/v2\/categories?post=15860"},{"taxonomy":"post_tag","embeddable":true,"href":"https:\/\/kunmedierne.dk\/thy\/wp-json\/wp\/v2\/tags?post=15860"}],"curies":[{"name":"wp","href":"https:\/\/api.w.org\/{rel}","templated":true}]}}