{"id":15753,"date":"2026-01-09T18:29:56","date_gmt":"2026-01-09T17:29:56","guid":{"rendered":"https:\/\/kunmedierne.dk\/thy\/?p=15753"},"modified":"2026-01-12T15:14:42","modified_gmt":"2026-01-12T14:14:42","slug":"rengoeringskonen-ruth-har-ogsaa-taget-thy-med-storm","status":"publish","type":"post","link":"https:\/\/kunmedierne.dk\/thy\/rengoeringskonen-ruth-har-ogsaa-taget-thy-med-storm\/","title":{"rendered":"Reng\u00f8ringskonen Ruth har ogs\u00e5 taget Thy med storm"},"content":{"rendered":"<p><span data-contrast=\"auto\"><strong>THY\/MORS:<\/strong> Forestil dig en konfirmation. Konfirmandens far har netop klinget p\u00e5 glasset, da Ruth kommer brasende ind i forsamlingshuset. Hun har en tynd, gul skjorte, knaldr\u00f8de str\u00f8mpebukser og bryster, der strutter mere, end de burde. P\u00e5 armene har hun tatoveringer, \u00f8jnene er d\u00e6kket af bl\u00e5 \u00f8jenskygge, og munden k\u00f8rer hurtigere end st\u00f8vsugeren, hun sl\u00e6ber med sig.<\/span><\/p>\n<a class=\"dvrt-link\" onClick=\"cdmtrack_click(4416,jQuery(this));return false\" href=\"https:\/\/sdrhaa.dk\/\"><img decoding=\"async\" style=\"width:100%;\" src=\"https:\/\/kunmedierne.dk\/thy\/wp-content\/uploads\/sites\/2\/2025\/05\/260302Din-gebyrvenlige-sparekasse_SHS_Thy-1.gif\"><\/a><script>cdmtrack_view(4416);<\/script>\n<p><span data-contrast=\"auto\">&#8220;Her kommer mutter med kost og spand,\u201d synger hun, mens musikken spiller, og g\u00e6sterne griner nerv\u00f8st.<\/span><br \/>\n<span data-contrast=\"auto\">Ruth g\u00e5r ikke i \u00e9t med tapetet.\u00a0 \u00a0<\/span><\/p>\n<div id=\"attachment_15765\" style=\"width: 2010px\" class=\"wp-caption alignnone\"><img loading=\"lazy\" decoding=\"async\" aria-describedby=\"caption-attachment-15765\" class=\"wp-image-15765 size-full\" src=\"https:\/\/kunmedierne.dk\/thy\/wp-content\/uploads\/sites\/2\/2026\/01\/Skabelon-fotos192.jpg\" alt=\"\" width=\"2000\" height=\"1414\" srcset=\"https:\/\/kunmedierne.dk\/thy\/wp-content\/uploads\/sites\/2\/2026\/01\/Skabelon-fotos192.jpg 2000w, https:\/\/kunmedierne.dk\/thy\/wp-content\/uploads\/sites\/2\/2026\/01\/Skabelon-fotos192-300x212.jpg 300w, https:\/\/kunmedierne.dk\/thy\/wp-content\/uploads\/sites\/2\/2026\/01\/Skabelon-fotos192-1024x724.jpg 1024w, https:\/\/kunmedierne.dk\/thy\/wp-content\/uploads\/sites\/2\/2026\/01\/Skabelon-fotos192-510x361.jpg 510w\" sizes=\"auto, (max-width: 2000px) 100vw, 2000px\" \/><p id=\"caption-attachment-15765\" class=\"wp-caption-text\">Her ses Ruth i fuldt kostume p\u00e5 g\u00e5gaden i Nyk\u00f8bing<\/p><\/div>\n<p><span data-contrast=\"auto\">Ruth hedder i virkeligheden Stevan Jakobsen. Han er 72 \u00e5r, bor i Hem, men kommer ofte til b\u00e5de Mors og til Thy for at optr\u00e6de. Han er uddannet bager og konditor, pensionist, vinterbader \u2013 og s\u00e5 er han blandt andet reng\u00f8ringskone p\u00e5 deltid.<\/span><span data-ccp-props=\"{}\">\u00a0<\/span><\/p>\n<p>&nbsp;<\/p>\n<p><strong>Ruth er fra Mors<\/strong><\/p>\n<p><span data-contrast=\"auto\">&#8211; Jeg er ogs\u00e5 julemanden fra Hem, siger han. <\/span><\/p>\n<p><span data-contrast=\"auto\">&#8211; Men Ruth, hun er sgu fra Mors. Det var her, det begyndte.<\/span><span data-ccp-props=\"{}\">\u00a0<\/span><\/p>\n<p><span data-contrast=\"auto\">Det var til en konfirmation p\u00e5 Mors, at Ruth f\u00f8rste gang s\u00e5 dagens lys. En dav\u00e6rende k\u00e6reste foreslog, at Stevan skulle lave et indslag.<\/span><\/p>\n<p><span data-contrast=\"auto\">&#8220;Kan du ikke v\u00e6re reng\u00f8ringskone?\u201d sagde hun.<\/span><\/p>\n<p><span data-contrast=\"auto\">\u201cJo,\u201d t\u00e6nkte han. \u201cDet kan jeg da godt.\u201d<\/span><span data-ccp-props=\"{}\">\u00a0<\/span><\/p>\n<p><span data-contrast=\"auto\">Siden har Ruth v\u00e6ret til bryllupper, f\u00f8dselsdage, guldbryllupper \u2013 og is\u00e6r konfirmationer i Thy og p\u00e5 Mors. Et Facebook-opslag gav sidste \u00e5r 365 henvendelser p\u00e5 14 dage.<\/span><span data-ccp-props=\"{}\">\u00a0<\/span><\/p>\n<p><span data-contrast=\"auto\">&#8211; Jeg havde 17 jobs bare i maj sidste \u00e5r, siger han. <\/span><\/p>\n<p><span data-contrast=\"auto\">&#8211; Det var lige i overkanten. Tre om s\u00f8ndagen og to om l\u00f8rdagen. Jeg er jo ikke 40 l\u00e6ngere.<\/span><span data-ccp-props=\"{}\">\u00a0<\/span><\/p>\n<p><span data-contrast=\"auto\">Ruth er hyret ind af for\u00e6ldrene. Officielt for at g\u00f8re rent under festen.<\/span><\/p>\n<p><span data-contrast=\"auto\">&#8211; Jeg tager altid en stor affaldss\u00e6k med, fort\u00e6ller Stevan. <\/span><\/p>\n<p><span data-contrast=\"auto\">&#8211; Pizzabakker, burgerpapir, tallerkener, t\u00f8j. Alt ryger ud p\u00e5 gulvet foran konfirmanden.<\/span><span data-ccp-props=\"{}\">\u00a0<\/span><\/p>\n<p><span data-contrast=\"auto\">S\u00e5 bliver festens midtpunkt ellers sat i arbejde. Der sorteres affald, l\u00e6gges t\u00f8j sammen og st\u00f8vsuges fnullerm\u00e6nd, som Ruth meget bevidst selv har drysset ud.<\/span><span data-ccp-props=\"{}\">\u00a0<\/span><\/p>\n<p><span data-contrast=\"auto\">&#8211; De kan jo ikke finde ud af det, siger han og griner. &#8211; Men det l\u00e6rer jeg dem.<\/span><span data-ccp-props=\"{}\">\u00a0<\/span><\/p>\n<a class=\"dvrt-link\" onClick=\"cdmtrack_click(683,jQuery(this));return false\" href=\"https:\/\/vester-begr.dk\/?utm_source=google&amp;utm_medium=advative&amp;gad_source=1&amp;gclid=Cj0KCQjwtJ6_BhDWARIsAGanmKfl-hGVVjCYiOgSKoGoxrow4kvXybZsnruKJYTslvqZDywT6a9PCQwaAmBjEALw_wcB\"><img decoding=\"async\" style=\"width:100%;\" src=\"https:\/\/kunmedierne.dk\/thy\/wp-content\/uploads\/sites\/2\/2025\/03\/260203VesterHoukaer-02022026.jpg\"><\/a><script>cdmtrack_view(683);<\/script>\n<p><span data-contrast=\"auto\">N\u00e5r arbejdet er gjort, s\u00e6tter Ruth sig ned og taler med konfirmanden om voksenlivet.<\/span><span data-ccp-props=\"{&quot;134233117&quot;:false,&quot;134233118&quot;:false,&quot;335551550&quot;:0,&quot;335551620&quot;:0,&quot;335559738&quot;:0,&quot;335559739&quot;:240}\">\u00a0<\/span><\/p>\n<p><span data-contrast=\"auto\">Og er der tale om underholdning til en voksenfest, s\u00e5 drikker hun &#8211; aldrig til konfirmationer &#8211; men til voksenfester finder Ruth sin kop, h\u00e6lder kaffe op \u2013 og giver den lidt ekstra.<\/span><span data-ccp-props=\"{&quot;134233117&quot;:false,&quot;134233118&quot;:false,&quot;335551550&quot;:0,&quot;335551620&quot;:0,&quot;335559738&quot;:240,&quot;335559739&quot;:240}\">\u00a0<\/span><\/p>\n<p><span data-contrast=\"auto\">&#8211; Det er en del af hendes rutine, siger Stevan. <\/span><\/p>\n<p><span data-contrast=\"auto\">&#8211; Hun skal have sin kaffe. Og s\u00e5 skal der lige lidt br\u00e6ndevin i. Og s\u00e5 skyller hun efter med r\u00f8dvin.<\/span><\/p>\n<p><span data-contrast=\"auto\">Br\u00e6ndevinen er vand. R\u00f8dvinen er r\u00f8d saftevand. Men publikum tror p\u00e5 det.<\/span><\/p>\n<p><span data-contrast=\"auto\">&#8211; Jeg g\u00e5r rundt og bander og brokker mig og spiller beruset. Jeg har endda pr\u00f8vet at blive stoppet af g\u00e6ster, der mente, jeg ikke m\u00e5tte k\u00f8re hjem. S\u00e5 m\u00e5tte jeg forklare, at det alts\u00e5 bare var saftevand.<\/span><span data-ccp-props=\"{}\">\u00a0<\/span><\/p>\n<p>&nbsp;<\/p>\n<p><strong>Stevans liv bag parykken\u00a0<\/strong><\/p>\n<p><span data-contrast=\"auto\">Stevans liv har ikke altid v\u00e6ret nemt. Da han arbejdede som bager i Thy, var alkohol en fast del af hverdagen.<\/span><\/p>\n<p><span data-contrast=\"auto\">&#8211; Det f\u00f8rste, jeg gjorde, n\u00e5r jeg m\u00f8dte p\u00e5 arbejde, var at tage et par \u00f8l, fort\u00e6ller han. <\/span><\/p>\n<p><span data-contrast=\"auto\">&#8211; S\u00e5 t\u00e6ndte jeg maskinerne med en \u00f8l i h\u00e5nden. Senere kom mesteren med en mere.<\/span><span data-ccp-props=\"{}\">\u00a0<\/span><\/p>\n<p><span data-contrast=\"auto\">Det fortsatte hele dagen.<\/span><\/p>\n<p><span data-contrast=\"auto\">&#8211; Jeg kunne ikke arbejde uden, siger han. <\/span><\/p>\n<p><span data-contrast=\"auto\">&#8211; Det var s\u00e5dan, det var.<\/span><span data-ccp-props=\"{}\">\u00a0<\/span><\/p>\n<p><span data-contrast=\"auto\">Lillejuleaften 1993 stoppede han.<\/span><\/p>\n<p><span data-contrast=\"auto\">&#8211; Bum, siger han. &#8211; S\u00e5 gjorde jeg det ikke mere.<\/span><span data-ccp-props=\"{}\">\u00a0<\/span><\/p>\n<p><span data-contrast=\"auto\">Han blev senere skilt i 2004. Fra han var 13 \u00e5r til han blev 40 drak han, og det fik konsekvenser. <\/span><span data-ccp-props=\"{}\">\u00a0<\/span><\/p>\n<a class=\"dvrt-link\" onClick=\"cdmtrack_click(689,jQuery(this));return false\" href=\"https:\/\/www.thistedbolig.dk\"><img decoding=\"async\" style=\"width:100%;\" src=\"https:\/\/kunmedierne.dk\/thy\/wp-content\/uploads\/sites\/2\/2025\/03\/260414ThistedBoligApril-opslag-002-1.jpg\"><\/a><script>cdmtrack_view(689);<\/script>\n<p><span data-contrast=\"auto\">I dag har han fundet k\u00e6rligheden igen.<\/span><\/p>\n<p><span data-contrast=\"auto\">&#8211; Hun er det bedste, der er sket for mig, siger han om sin k\u00e6reste. <\/span><\/p>\n<p><span data-contrast=\"auto\">&#8211; Jeg er kommet ind i en ny familie. Kram, \u2018hej mor\u2019 og alt det der. Det betyder mere, end folk tror.<\/span><span data-ccp-props=\"{}\">\u00a0<\/span><\/p>\n<p><span data-contrast=\"auto\">At v\u00e6re Ruth giver ham noget, han ikke f\u00e5r andre steder.<\/span><\/p>\n<p><span data-contrast=\"auto\">&#8211; Jeg bliver fri, siger han. &#8211; Jeg kan sige ting, som Stevan m\u00e5ske ikke burde. Men Ruth m\u00e5 godt. Og folk griner.<\/span><span data-ccp-props=\"{}\">\u00a0<\/span><\/p>\n<p>&nbsp;<\/p>\n<p><strong>Guldbrylluppet\u00a0<\/strong><\/p>\n<p><span data-contrast=\"auto\">Til et guldbryllup gik det helt galt \u2013 eller helt rigtigt.<\/span><\/p>\n<p><span data-contrast=\"auto\">&#8211; Der var en g\u00e6st, der troede, jeg var en rigtig kvinde, fort\u00e6ller Stevan.<\/span><span data-ccp-props=\"{}\">\u00a0<\/span><\/p>\n<p><span data-contrast=\"auto\">Manden blev mere og mere interesseret. Lagde armen om Ruth. Ville kysse.<\/span><\/p>\n<p><span data-contrast=\"auto\">&#8211; Til sidst m\u00e5tte jeg sige: \u2018Hallo, s\u00e6t dig ned.\u2019 S\u00e5 fik jeg hans kone til at passe p\u00e5 ham.<\/span><\/p>\n<p><span data-contrast=\"auto\">Da sandheden gik op for ham, br\u00f8d hele selskabet sammen af grin.<\/span><\/p>\n<p><span data-contrast=\"auto\">&#8211; Han havde st\u00e5et i 10 minutter og flirtet med mig, siger Stevan. &#8211; Det var alts\u00e5 lidt sjovt.<\/span><span data-ccp-props=\"{}\">\u00a0<\/span><\/p>\n<a class=\"dvrt-link\" onClick=\"cdmtrack_click(683,jQuery(this));return false\" href=\"https:\/\/vester-begr.dk\/?utm_source=google&amp;utm_medium=advative&amp;gad_source=1&amp;gclid=Cj0KCQjwtJ6_BhDWARIsAGanmKfl-hGVVjCYiOgSKoGoxrow4kvXybZsnruKJYTslvqZDywT6a9PCQwaAmBjEALw_wcB\"><img decoding=\"async\" style=\"width:100%;\" src=\"https:\/\/kunmedierne.dk\/thy\/wp-content\/uploads\/sites\/2\/2025\/03\/260203VesterHoukaer-02022026.jpg\"><\/a><script>cdmtrack_view(683);<\/script>\n<p><span data-contrast=\"auto\">N\u00e5r Ruth tager makeup af og parykken ryger, er Stevan stadig den samme. En mand med ar p\u00e5 sj\u00e6len, latter i stemmen og et stort behov for at give noget videre.<\/span><\/p>\n<p><span data-contrast=\"auto\">&#8211; Jeg nyder det, siger han. &#8211; At se gl\u00e6den. Overraskelsen i folks \u00f8jne. <\/span><span data-ccp-props=\"{}\">\u00a0<\/span><\/p>\n<p><span data-contrast=\"auto\">Og s\u00e5 smiler han og siger det, der m\u00e5ske forklarer det hele:<\/span><\/p>\n<p><span data-contrast=\"auto\">&#8211; Hvis folk g\u00e5r hjem og har grinet, s\u00e5 har Ruth gjort det godt. <\/span><span data-ccp-props=\"{}\">\u00a0<\/span><\/p>\n<div id=\"attachment_15754\" style=\"width: 2010px\" class=\"wp-caption alignnone\"><img loading=\"lazy\" decoding=\"async\" aria-describedby=\"caption-attachment-15754\" class=\"wp-image-15754 size-full\" src=\"https:\/\/kunmedierne.dk\/thy\/wp-content\/uploads\/sites\/2\/2026\/01\/Skabelon-fotos190.jpg\" alt=\"\" width=\"2000\" height=\"1414\" srcset=\"https:\/\/kunmedierne.dk\/thy\/wp-content\/uploads\/sites\/2\/2026\/01\/Skabelon-fotos190.jpg 2000w, https:\/\/kunmedierne.dk\/thy\/wp-content\/uploads\/sites\/2\/2026\/01\/Skabelon-fotos190-300x212.jpg 300w, https:\/\/kunmedierne.dk\/thy\/wp-content\/uploads\/sites\/2\/2026\/01\/Skabelon-fotos190-1024x724.jpg 1024w, https:\/\/kunmedierne.dk\/thy\/wp-content\/uploads\/sites\/2\/2026\/01\/Skabelon-fotos190-510x361.jpg 510w\" sizes=\"auto, (max-width: 2000px) 100vw, 2000px\" \/><p id=\"caption-attachment-15754\" class=\"wp-caption-text\">Ruths kostume er fuld af sm\u00e5 detaljer<\/p><\/div>\n","protected":false},"excerpt":{"rendered":"<p>THY\/MORS: Forestil dig en konfirmation. Konfirmandens far har netop klinget p\u00e5 glasset, da Ruth kommer brasende ind i forsamlingshuset. Hun har en tynd, gul skjorte, knaldr\u00f8de str\u00f8mpebukser og bryster, der strutter mere, end de burde. P\u00e5 armene har hun tatoveringer, \u00f8jnene er d\u00e6kket af bl\u00e5 \u00f8jenskygge, og munden k\u00f8rer hurtigere end st\u00f8vsugeren, hun sl\u00e6ber med [&hellip;]<\/p>\n","protected":false},"author":2507,"featured_media":0,"comment_status":"closed","ping_status":"closed","sticky":false,"template":"","format":"standard","meta":{"_acf_changed":false,"footnotes":""},"categories":[24],"tags":[],"class_list":["post-15753","post","type-post","status-publish","format-standard","hentry","category-lokalt"],"acf":[],"yoast_head":"<!-- This site is optimized with the Yoast SEO plugin v26.8 - https:\/\/yoast.com\/product\/yoast-seo-wordpress\/ -->\n<title>Reng\u00f8ringskonen Ruth har ogs\u00e5 taget Thy med storm - Thy<\/title>\n<meta name=\"robots\" content=\"index, follow, max-snippet:-1, max-image-preview:large, max-video-preview:-1\" \/>\n<link rel=\"canonical\" href=\"https:\/\/kunmedierne.dk\/thy\/rengoeringskonen-ruth-har-ogsaa-taget-thy-med-storm\/\" \/>\n<meta property=\"og:locale\" content=\"da_DK\" \/>\n<meta property=\"og:type\" content=\"article\" \/>\n<meta property=\"og:title\" content=\"Reng\u00f8ringskonen Ruth har ogs\u00e5 taget Thy med storm - Thy\" \/>\n<meta property=\"og:description\" content=\"THY\/MORS: Forestil dig en konfirmation. Konfirmandens far har netop klinget p\u00e5 glasset, da Ruth kommer brasende ind i forsamlingshuset. Hun har en tynd, gul skjorte, knaldr\u00f8de str\u00f8mpebukser og bryster, der strutter mere, end de burde. P\u00e5 armene har hun tatoveringer, \u00f8jnene er d\u00e6kket af bl\u00e5 \u00f8jenskygge, og munden k\u00f8rer hurtigere end st\u00f8vsugeren, hun sl\u00e6ber med [&hellip;]\" \/>\n<meta property=\"og:url\" content=\"https:\/\/kunmedierne.dk\/thy\/rengoeringskonen-ruth-har-ogsaa-taget-thy-med-storm\/\" \/>\n<meta property=\"og:site_name\" content=\"Thy\" \/>\n<meta property=\"article:published_time\" content=\"2026-01-09T17:29:56+00:00\" \/>\n<meta property=\"article:modified_time\" content=\"2026-01-12T14:14:42+00:00\" \/>\n<meta property=\"og:image\" content=\"https:\/\/kunmedierne.dk\/thy\/wp-content\/uploads\/sites\/2\/2026\/01\/Skabelon-fotos192.jpg\" \/>\n<meta name=\"author\" content=\"Katrine Hedegaard\" \/>\n<meta name=\"twitter:card\" content=\"summary_large_image\" \/>\n<meta name=\"twitter:label1\" content=\"Skrevet af\" \/>\n\t<meta name=\"twitter:data1\" content=\"Katrine Hedegaard\" \/>\n\t<meta name=\"twitter:label2\" content=\"Estimeret l\u00e6setid\" \/>\n\t<meta name=\"twitter:data2\" content=\"5 minutter\" \/>\n<script type=\"application\/ld+json\" class=\"yoast-schema-graph\">{\"@context\":\"https:\/\/schema.org\",\"@graph\":[{\"@type\":\"Article\",\"@id\":\"https:\/\/kunmedierne.dk\/thy\/rengoeringskonen-ruth-har-ogsaa-taget-thy-med-storm\/#article\",\"isPartOf\":{\"@id\":\"https:\/\/kunmedierne.dk\/thy\/rengoeringskonen-ruth-har-ogsaa-taget-thy-med-storm\/\"},\"author\":{\"name\":\"Katrine Hedegaard\",\"@id\":\"https:\/\/kunmedierne.dk\/thy\/#\/schema\/person\/b2e62a38069b12365e53e087a8709c64\"},\"headline\":\"Reng\u00f8ringskonen Ruth har ogs\u00e5 taget Thy med storm\",\"datePublished\":\"2026-01-09T17:29:56+00:00\",\"dateModified\":\"2026-01-12T14:14:42+00:00\",\"mainEntityOfPage\":{\"@id\":\"https:\/\/kunmedierne.dk\/thy\/rengoeringskonen-ruth-har-ogsaa-taget-thy-med-storm\/\"},\"wordCount\":915,\"publisher\":{\"@id\":\"https:\/\/kunmedierne.dk\/thy\/#organization\"},\"image\":{\"@id\":\"https:\/\/kunmedierne.dk\/thy\/rengoeringskonen-ruth-har-ogsaa-taget-thy-med-storm\/#primaryimage\"},\"thumbnailUrl\":\"https:\/\/kunmedierne.dk\/thy\/wp-content\/uploads\/sites\/2\/2026\/01\/Skabelon-fotos192.jpg\",\"articleSection\":[\"Lokalt\"],\"inLanguage\":\"da-DK\"},{\"@type\":\"WebPage\",\"@id\":\"https:\/\/kunmedierne.dk\/thy\/rengoeringskonen-ruth-har-ogsaa-taget-thy-med-storm\/\",\"url\":\"https:\/\/kunmedierne.dk\/thy\/rengoeringskonen-ruth-har-ogsaa-taget-thy-med-storm\/\",\"name\":\"Reng\u00f8ringskonen Ruth har ogs\u00e5 taget Thy med storm - Thy\",\"isPartOf\":{\"@id\":\"https:\/\/kunmedierne.dk\/thy\/#website\"},\"primaryImageOfPage\":{\"@id\":\"https:\/\/kunmedierne.dk\/thy\/rengoeringskonen-ruth-har-ogsaa-taget-thy-med-storm\/#primaryimage\"},\"image\":{\"@id\":\"https:\/\/kunmedierne.dk\/thy\/rengoeringskonen-ruth-har-ogsaa-taget-thy-med-storm\/#primaryimage\"},\"thumbnailUrl\":\"https:\/\/kunmedierne.dk\/thy\/wp-content\/uploads\/sites\/2\/2026\/01\/Skabelon-fotos192.jpg\",\"datePublished\":\"2026-01-09T17:29:56+00:00\",\"dateModified\":\"2026-01-12T14:14:42+00:00\",\"breadcrumb\":{\"@id\":\"https:\/\/kunmedierne.dk\/thy\/rengoeringskonen-ruth-har-ogsaa-taget-thy-med-storm\/#breadcrumb\"},\"inLanguage\":\"da-DK\",\"potentialAction\":[{\"@type\":\"ReadAction\",\"target\":[\"https:\/\/kunmedierne.dk\/thy\/rengoeringskonen-ruth-har-ogsaa-taget-thy-med-storm\/\"]}]},{\"@type\":\"ImageObject\",\"inLanguage\":\"da-DK\",\"@id\":\"https:\/\/kunmedierne.dk\/thy\/rengoeringskonen-ruth-har-ogsaa-taget-thy-med-storm\/#primaryimage\",\"url\":\"https:\/\/kunmedierne.dk\/thy\/wp-content\/uploads\/sites\/2\/2026\/01\/Skabelon-fotos192.jpg\",\"contentUrl\":\"https:\/\/kunmedierne.dk\/thy\/wp-content\/uploads\/sites\/2\/2026\/01\/Skabelon-fotos192.jpg\",\"width\":2000,\"height\":1414},{\"@type\":\"BreadcrumbList\",\"@id\":\"https:\/\/kunmedierne.dk\/thy\/rengoeringskonen-ruth-har-ogsaa-taget-thy-med-storm\/#breadcrumb\",\"itemListElement\":[{\"@type\":\"ListItem\",\"position\":1,\"name\":\"Home\",\"item\":\"https:\/\/kunmedierne.dk\/thy\/\"},{\"@type\":\"ListItem\",\"position\":2,\"name\":\"Reng\u00f8ringskonen Ruth har ogs\u00e5 taget Thy med storm\"}]},{\"@type\":\"WebSite\",\"@id\":\"https:\/\/kunmedierne.dk\/thy\/#website\",\"url\":\"https:\/\/kunmedierne.dk\/thy\/\",\"name\":\"Thy\",\"description\":\"et netmedie med journalistik om livet i Thy\",\"publisher\":{\"@id\":\"https:\/\/kunmedierne.dk\/thy\/#organization\"},\"potentialAction\":[{\"@type\":\"SearchAction\",\"target\":{\"@type\":\"EntryPoint\",\"urlTemplate\":\"https:\/\/kunmedierne.dk\/thy\/?s={search_term_string}\"},\"query-input\":{\"@type\":\"PropertyValueSpecification\",\"valueRequired\":true,\"valueName\":\"search_term_string\"}}],\"inLanguage\":\"da-DK\"},{\"@type\":\"Organization\",\"@id\":\"https:\/\/kunmedierne.dk\/thy\/#organization\",\"name\":\"Thy\",\"url\":\"https:\/\/kunmedierne.dk\/thy\/\",\"logo\":{\"@type\":\"ImageObject\",\"inLanguage\":\"da-DK\",\"@id\":\"https:\/\/kunmedierne.dk\/thy\/#\/schema\/logo\/image\/\",\"url\":\"https:\/\/kunmedierne.dk\/thy\/wp-content\/uploads\/sites\/2\/2025\/04\/kunthy-logo.svg\",\"contentUrl\":\"https:\/\/kunmedierne.dk\/thy\/wp-content\/uploads\/sites\/2\/2025\/04\/kunthy-logo.svg\",\"caption\":\"Thy\"},\"image\":{\"@id\":\"https:\/\/kunmedierne.dk\/thy\/#\/schema\/logo\/image\/\"}},{\"@type\":\"Person\",\"@id\":\"https:\/\/kunmedierne.dk\/thy\/#\/schema\/person\/b2e62a38069b12365e53e087a8709c64\",\"name\":\"Katrine Hedegaard\",\"image\":{\"@type\":\"ImageObject\",\"inLanguage\":\"da-DK\",\"@id\":\"https:\/\/kunmedierne.dk\/thy\/#\/schema\/person\/image\/\",\"url\":\"https:\/\/secure.gravatar.com\/avatar\/18a5c72fa9148052fd3ed5a58b40fc83cfdc9811090e6e6eec9539af058edcc0?s=96&d=mm&r=g\",\"contentUrl\":\"https:\/\/secure.gravatar.com\/avatar\/18a5c72fa9148052fd3ed5a58b40fc83cfdc9811090e6e6eec9539af058edcc0?s=96&d=mm&r=g\",\"caption\":\"Katrine Hedegaard\"},\"url\":\"https:\/\/kunmedierne.dk\/thy\/author\/katrine\/\"}]}<\/script>\n<!-- \/ Yoast SEO plugin. -->","yoast_head_json":{"title":"Reng\u00f8ringskonen Ruth har ogs\u00e5 taget Thy med storm - Thy","robots":{"index":"index","follow":"follow","max-snippet":"max-snippet:-1","max-image-preview":"max-image-preview:large","max-video-preview":"max-video-preview:-1"},"canonical":"https:\/\/kunmedierne.dk\/thy\/rengoeringskonen-ruth-har-ogsaa-taget-thy-med-storm\/","og_locale":"da_DK","og_type":"article","og_title":"Reng\u00f8ringskonen Ruth har ogs\u00e5 taget Thy med storm - Thy","og_description":"THY\/MORS: Forestil dig en konfirmation. Konfirmandens far har netop klinget p\u00e5 glasset, da Ruth kommer brasende ind i forsamlingshuset. Hun har en tynd, gul skjorte, knaldr\u00f8de str\u00f8mpebukser og bryster, der strutter mere, end de burde. P\u00e5 armene har hun tatoveringer, \u00f8jnene er d\u00e6kket af bl\u00e5 \u00f8jenskygge, og munden k\u00f8rer hurtigere end st\u00f8vsugeren, hun sl\u00e6ber med [&hellip;]","og_url":"https:\/\/kunmedierne.dk\/thy\/rengoeringskonen-ruth-har-ogsaa-taget-thy-med-storm\/","og_site_name":"Thy","article_published_time":"2026-01-09T17:29:56+00:00","article_modified_time":"2026-01-12T14:14:42+00:00","og_image":[{"url":"https:\/\/kunmedierne.dk\/thy\/wp-content\/uploads\/sites\/2\/2026\/01\/Skabelon-fotos192.jpg","type":"","width":"","height":""}],"author":"Katrine Hedegaard","twitter_card":"summary_large_image","twitter_misc":{"Skrevet af":"Katrine Hedegaard","Estimeret l\u00e6setid":"5 minutter"},"schema":{"@context":"https:\/\/schema.org","@graph":[{"@type":"Article","@id":"https:\/\/kunmedierne.dk\/thy\/rengoeringskonen-ruth-har-ogsaa-taget-thy-med-storm\/#article","isPartOf":{"@id":"https:\/\/kunmedierne.dk\/thy\/rengoeringskonen-ruth-har-ogsaa-taget-thy-med-storm\/"},"author":{"name":"Katrine Hedegaard","@id":"https:\/\/kunmedierne.dk\/thy\/#\/schema\/person\/b2e62a38069b12365e53e087a8709c64"},"headline":"Reng\u00f8ringskonen Ruth har ogs\u00e5 taget Thy med storm","datePublished":"2026-01-09T17:29:56+00:00","dateModified":"2026-01-12T14:14:42+00:00","mainEntityOfPage":{"@id":"https:\/\/kunmedierne.dk\/thy\/rengoeringskonen-ruth-har-ogsaa-taget-thy-med-storm\/"},"wordCount":915,"publisher":{"@id":"https:\/\/kunmedierne.dk\/thy\/#organization"},"image":{"@id":"https:\/\/kunmedierne.dk\/thy\/rengoeringskonen-ruth-har-ogsaa-taget-thy-med-storm\/#primaryimage"},"thumbnailUrl":"https:\/\/kunmedierne.dk\/thy\/wp-content\/uploads\/sites\/2\/2026\/01\/Skabelon-fotos192.jpg","articleSection":["Lokalt"],"inLanguage":"da-DK"},{"@type":"WebPage","@id":"https:\/\/kunmedierne.dk\/thy\/rengoeringskonen-ruth-har-ogsaa-taget-thy-med-storm\/","url":"https:\/\/kunmedierne.dk\/thy\/rengoeringskonen-ruth-har-ogsaa-taget-thy-med-storm\/","name":"Reng\u00f8ringskonen Ruth har ogs\u00e5 taget Thy med storm - Thy","isPartOf":{"@id":"https:\/\/kunmedierne.dk\/thy\/#website"},"primaryImageOfPage":{"@id":"https:\/\/kunmedierne.dk\/thy\/rengoeringskonen-ruth-har-ogsaa-taget-thy-med-storm\/#primaryimage"},"image":{"@id":"https:\/\/kunmedierne.dk\/thy\/rengoeringskonen-ruth-har-ogsaa-taget-thy-med-storm\/#primaryimage"},"thumbnailUrl":"https:\/\/kunmedierne.dk\/thy\/wp-content\/uploads\/sites\/2\/2026\/01\/Skabelon-fotos192.jpg","datePublished":"2026-01-09T17:29:56+00:00","dateModified":"2026-01-12T14:14:42+00:00","breadcrumb":{"@id":"https:\/\/kunmedierne.dk\/thy\/rengoeringskonen-ruth-har-ogsaa-taget-thy-med-storm\/#breadcrumb"},"inLanguage":"da-DK","potentialAction":[{"@type":"ReadAction","target":["https:\/\/kunmedierne.dk\/thy\/rengoeringskonen-ruth-har-ogsaa-taget-thy-med-storm\/"]}]},{"@type":"ImageObject","inLanguage":"da-DK","@id":"https:\/\/kunmedierne.dk\/thy\/rengoeringskonen-ruth-har-ogsaa-taget-thy-med-storm\/#primaryimage","url":"https:\/\/kunmedierne.dk\/thy\/wp-content\/uploads\/sites\/2\/2026\/01\/Skabelon-fotos192.jpg","contentUrl":"https:\/\/kunmedierne.dk\/thy\/wp-content\/uploads\/sites\/2\/2026\/01\/Skabelon-fotos192.jpg","width":2000,"height":1414},{"@type":"BreadcrumbList","@id":"https:\/\/kunmedierne.dk\/thy\/rengoeringskonen-ruth-har-ogsaa-taget-thy-med-storm\/#breadcrumb","itemListElement":[{"@type":"ListItem","position":1,"name":"Home","item":"https:\/\/kunmedierne.dk\/thy\/"},{"@type":"ListItem","position":2,"name":"Reng\u00f8ringskonen Ruth har ogs\u00e5 taget Thy med storm"}]},{"@type":"WebSite","@id":"https:\/\/kunmedierne.dk\/thy\/#website","url":"https:\/\/kunmedierne.dk\/thy\/","name":"Thy","description":"et netmedie med journalistik om livet i Thy","publisher":{"@id":"https:\/\/kunmedierne.dk\/thy\/#organization"},"potentialAction":[{"@type":"SearchAction","target":{"@type":"EntryPoint","urlTemplate":"https:\/\/kunmedierne.dk\/thy\/?s={search_term_string}"},"query-input":{"@type":"PropertyValueSpecification","valueRequired":true,"valueName":"search_term_string"}}],"inLanguage":"da-DK"},{"@type":"Organization","@id":"https:\/\/kunmedierne.dk\/thy\/#organization","name":"Thy","url":"https:\/\/kunmedierne.dk\/thy\/","logo":{"@type":"ImageObject","inLanguage":"da-DK","@id":"https:\/\/kunmedierne.dk\/thy\/#\/schema\/logo\/image\/","url":"https:\/\/kunmedierne.dk\/thy\/wp-content\/uploads\/sites\/2\/2025\/04\/kunthy-logo.svg","contentUrl":"https:\/\/kunmedierne.dk\/thy\/wp-content\/uploads\/sites\/2\/2025\/04\/kunthy-logo.svg","caption":"Thy"},"image":{"@id":"https:\/\/kunmedierne.dk\/thy\/#\/schema\/logo\/image\/"}},{"@type":"Person","@id":"https:\/\/kunmedierne.dk\/thy\/#\/schema\/person\/b2e62a38069b12365e53e087a8709c64","name":"Katrine Hedegaard","image":{"@type":"ImageObject","inLanguage":"da-DK","@id":"https:\/\/kunmedierne.dk\/thy\/#\/schema\/person\/image\/","url":"https:\/\/secure.gravatar.com\/avatar\/18a5c72fa9148052fd3ed5a58b40fc83cfdc9811090e6e6eec9539af058edcc0?s=96&d=mm&r=g","contentUrl":"https:\/\/secure.gravatar.com\/avatar\/18a5c72fa9148052fd3ed5a58b40fc83cfdc9811090e6e6eec9539af058edcc0?s=96&d=mm&r=g","caption":"Katrine Hedegaard"},"url":"https:\/\/kunmedierne.dk\/thy\/author\/katrine\/"}]}},"_links":{"self":[{"href":"https:\/\/kunmedierne.dk\/thy\/wp-json\/wp\/v2\/posts\/15753","targetHints":{"allow":["GET"]}}],"collection":[{"href":"https:\/\/kunmedierne.dk\/thy\/wp-json\/wp\/v2\/posts"}],"about":[{"href":"https:\/\/kunmedierne.dk\/thy\/wp-json\/wp\/v2\/types\/post"}],"author":[{"embeddable":true,"href":"https:\/\/kunmedierne.dk\/thy\/wp-json\/wp\/v2\/users\/2507"}],"replies":[{"embeddable":true,"href":"https:\/\/kunmedierne.dk\/thy\/wp-json\/wp\/v2\/comments?post=15753"}],"version-history":[{"count":9,"href":"https:\/\/kunmedierne.dk\/thy\/wp-json\/wp\/v2\/posts\/15753\/revisions"}],"predecessor-version":[{"id":15884,"href":"https:\/\/kunmedierne.dk\/thy\/wp-json\/wp\/v2\/posts\/15753\/revisions\/15884"}],"wp:attachment":[{"href":"https:\/\/kunmedierne.dk\/thy\/wp-json\/wp\/v2\/media?parent=15753"}],"wp:term":[{"taxonomy":"category","embeddable":true,"href":"https:\/\/kunmedierne.dk\/thy\/wp-json\/wp\/v2\/categories?post=15753"},{"taxonomy":"post_tag","embeddable":true,"href":"https:\/\/kunmedierne.dk\/thy\/wp-json\/wp\/v2\/tags?post=15753"}],"curies":[{"name":"wp","href":"https:\/\/api.w.org\/{rel}","templated":true}]}}