{"id":15741,"date":"2026-01-10T12:02:38","date_gmt":"2026-01-10T11:02:38","guid":{"rendered":"https:\/\/kunmedierne.dk\/thy\/?p=15741"},"modified":"2026-01-11T22:43:54","modified_gmt":"2026-01-11T21:43:54","slug":"politikere-droefter-feggesund-faergens-fremtid-skal-thisted-kommune-traede-ud-af-faergeselskabet","status":"publish","type":"post","link":"https:\/\/kunmedierne.dk\/thy\/politikere-droefter-feggesund-faergens-fremtid-skal-thisted-kommune-traede-ud-af-faergeselskabet\/","title":{"rendered":"<span>Politikere dr\u00f8fter Feggesund-f\u00e6rgens fremtid: <\/span>Skal Thisted Kommune tr\u00e6de ud af f\u00e6rgeselskabet?"},"content":{"rendered":"<p><strong>THISTED: <\/strong>Skal Thisted Kommune med virkning fra 1. januar 2027 tr\u00e6de ud af det f\u00e6lleskommunale selskab I\/S Mors-Thy F\u00e6rgefart, der drives af Thisted og Mors\u00f8 kommuner?<\/p>\n<p>Svaret p\u00e5 det sp\u00f8rgsm\u00e5l skal medlemmerne af Thisted Kommunes nye udvalg for klima, milj\u00f8 og teknik tage stilling til som et af de f\u00f8rste punkter p\u00e5 dagsordenen til udvalgets f\u00f8rste m\u00f8de tirsdag. Den endelige beslutning tr\u00e6ffes i kommunalbestyrelsen senere i januar.<\/p>\n<a class=\"dvrt-link\" onClick=\"cdmtrack_click(683,jQuery(this));return false\" href=\"https:\/\/vester-begr.dk\/?utm_source=google&amp;utm_medium=advative&amp;gad_source=1&amp;gclid=Cj0KCQjwtJ6_BhDWARIsAGanmKfl-hGVVjCYiOgSKoGoxrow4kvXybZsnruKJYTslvqZDywT6a9PCQwaAmBjEALw_wcB\"><img decoding=\"async\" style=\"width:100%;\" src=\"https:\/\/kunmedierne.dk\/thy\/wp-content\/uploads\/sites\/2\/2025\/03\/260203VesterHoukaer-02022026.jpg\"><\/a><script>cdmtrack_view(683);<\/script>\n<p>N\u00e5r sagen om Thisted Kommunes fremtidige engagement i f\u00e6rgedriften p\u00e5 Feggesund kommer op nu, skyldes det en formulering i interessentkontrakten. Her fremg\u00e5r, at kommunalbestyrelsen ved indgangen til en ny valgperiode er berettiget til at udtr\u00e6de af interessentskabet med et varsel p\u00e5 minimum 11 m\u00e5neder.<\/p>\n<p>Det er den mulighed som udvalget tirsdag skal tage stilling til, men den endelige afg\u00f8relse ligger i kommunalbestyrelsen, som p\u00e5 sit m\u00f8de\u00a027. januar 2026 beslutter, om Thisted Kommune skal tr\u00e6de ud af I\/S Mors-Thy F\u00e6rgefart med virkning fra 1. januar 2027.<\/p>\n<p>Den politiske beslutning skal tr\u00e6ffes i lyset af, at antallet af biler og passagerer p\u00e5 overfarten i f\u00f8lge sagsfremstillingen\u00a0har vist en st\u00f8t tilbagegang over de seneste 10 \u00e5r undtaget nogle \u00e5r, hvor det rent faktisk lykkes at tiltr\u00e6kke flere biler og passagerer til overfarten som i perioden fra 2015 til 2025 samlede havde godt1.355 mio. passagerer og 703.000 biler med p\u00e5 den fem minutter lange sejltur over Feggesund.<\/p>\n<a class=\"dvrt-link\" onClick=\"cdmtrack_click(683,jQuery(this));return false\" href=\"https:\/\/vester-begr.dk\/?utm_source=google&amp;utm_medium=advative&amp;gad_source=1&amp;gclid=Cj0KCQjwtJ6_BhDWARIsAGanmKfl-hGVVjCYiOgSKoGoxrow4kvXybZsnruKJYTslvqZDywT6a9PCQwaAmBjEALw_wcB\"><img decoding=\"async\" style=\"width:100%;\" src=\"https:\/\/kunmedierne.dk\/thy\/wp-content\/uploads\/sites\/2\/2025\/03\/260203VesterHoukaer-02022026.jpg\"><\/a><script>cdmtrack_view(683);<\/script>\n<p>F\u00e6rgen p\u00e5 ruten blev taget i brug i 2012. Den har kapacitet til 22 personbiler. Men trods den nye f\u00e6rge fremg\u00e5r det af sagsfremstillingen, at passagertallet er faldet fra 139.503 i 2015 til 104.445 i 2024, en reduktion p\u00e5 cirka 25 procent. Tilsvarende er der k\u00f8rt f\u00e6rre personbiler ombord. I 2015 fragtede f\u00e6rgen 74.243 personbiler, i 2025 var tallet p\u00e5 45.591, en reduktion p\u00e5 cirka 38 procent.<\/p>\n<p>&#8220;F\u00e6rgeriets daglige ledelse og administration har sammen med bestyrelsen i flere omgange fors\u00f8gt at tiltr\u00e6kke flere passagerer, personbiler og lastbiler. Dette er sket ved kampagner med argumentation for, at det er den korteste rute mellem Nordthy\/Hann\u00e6s og Mors\/Skive. Der er fors\u00f8gt at etablere en attraktiv prisstruktur for pendlere, men som statistikken viser, har det ikke haft den \u00f8nskede virkning&#8221;, fremg\u00e5r det af sagsfremstillingen.<\/p>\n<p>Her g\u00f8res der ogs\u00e5 rede for et af de store problemer for overfarten, nemlig af de sm\u00e5 mikrobiler og el-biler i dag er s\u00e5 billige i drift, at der ikke umiddelbart er en \u00f8konomisk gevinst ved at tage f\u00e6rgen over Feggesund frem for at k\u00f8re over Vilsundbroen. &#8220;Distancen fra Aalborgvej\/Amtoftvej via omfartsvejen om Thisted til Nordmorsvej\/Vilsundvej er 43,5 km. Ved at tage f\u00e6rgen er distancen 31,1 km, en forskel p\u00e5 12,4 km&#8221;, fremg\u00e5r det af sagsfremstillingen.<\/p>\n<a class=\"dvrt-link\" onClick=\"cdmtrack_click(4416,jQuery(this));return false\" href=\"https:\/\/sdrhaa.dk\/\"><img decoding=\"async\" style=\"width:100%;\" src=\"https:\/\/kunmedierne.dk\/thy\/wp-content\/uploads\/sites\/2\/2025\/05\/260302Din-gebyrvenlige-sparekasse_SHS_Thy-1.gif\"><\/a><script>cdmtrack_view(4416);<\/script>\n<p>F\u00e6rre biler og passagerer p\u00e5 overfarten betyder f\u00e6rre indt\u00e6gter til at betale udgifterne til at opretholde f\u00e6rgedriften. Og de penge, der mangler for at f\u00e5 \u00f8konomien til at h\u00e6nge sammen, skal d\u00e6kkes af Thisted og Mors\u00f8 kommuner i form af tilskud, som fordeles i forhold til kommunernes ejerandele i selskabet. Thisted ejer 36 procent, Mors\u00f8 64 procent.<\/p>\n<p>I f\u00f8lge sagsfremstillingen betyder det, at Mors\u00f8 Kommune i 2026 skal betale et forventet tilskud til f\u00e6rgefarten p\u00e5 4,15 mio. kroner, mens Thisted Kommune skal betale 2,33 mio. kroner. I 2024 var de to kommuners tilskud p\u00e5 3,14 mio. kroner for Mors\u00f8s vedkommende, mens Thisted betalte 1,76 mio. kroner.<\/p>\n<p>&#8220;S\u00e5fremt at man fra Thisted Kommunes side konkluderer, at forventningen til flere passagerer ikke er til stede, og at der er stigende driftsomkostninger i sigte, kan overvejelsen v\u00e6re, om Thisted Kommune alene skal udtr\u00e6de af selskabet, eller om kommunerne i f\u00e6llesskab skal indg\u00e5 dr\u00f8ftelser om en likvidation af selskabet&#8221;, fremg\u00e5r det af sagsfremstillingen til udvalget.<\/p>\n","protected":false},"excerpt":{"rendered":"<p>THISTED: Skal Thisted Kommune med virkning fra 1. januar 2027 tr\u00e6de ud af det f\u00e6lleskommunale selskab I\/S Mors-Thy F\u00e6rgefart, der drives af Thisted og Mors\u00f8 kommuner? Svaret p\u00e5 det sp\u00f8rgsm\u00e5l skal medlemmerne af Thisted Kommunes nye udvalg for klima, milj\u00f8 og teknik tage stilling til som et af de f\u00f8rste punkter p\u00e5 dagsordenen til udvalgets [&hellip;]<\/p>\n","protected":false},"author":4535,"featured_media":0,"comment_status":"closed","ping_status":"closed","sticky":false,"template":"","format":"standard","meta":{"_acf_changed":false,"footnotes":""},"categories":[24],"tags":[37,62],"class_list":["post-15741","post","type-post","status-publish","format-standard","hentry","category-lokalt","tag-kommunalpolitik","tag-trafik"],"acf":[],"yoast_head":"<!-- This site is optimized with the Yoast SEO plugin v26.8 - https:\/\/yoast.com\/product\/yoast-seo-wordpress\/ -->\n<title>Politikere dr\u00f8fter Feggesund-f\u00e6rgens fremtid: Skal Thisted Kommune tr\u00e6de ud af f\u00e6rgeselskabet? - Thy<\/title>\n<meta name=\"robots\" content=\"index, follow, max-snippet:-1, max-image-preview:large, max-video-preview:-1\" \/>\n<link rel=\"canonical\" href=\"https:\/\/kunmedierne.dk\/thy\/politikere-droefter-feggesund-faergens-fremtid-skal-thisted-kommune-traede-ud-af-faergeselskabet\/\" \/>\n<meta property=\"og:locale\" content=\"da_DK\" \/>\n<meta property=\"og:type\" content=\"article\" \/>\n<meta property=\"og:title\" content=\"Politikere dr\u00f8fter Feggesund-f\u00e6rgens fremtid: Skal Thisted Kommune tr\u00e6de ud af f\u00e6rgeselskabet? - Thy\" \/>\n<meta property=\"og:description\" content=\"THISTED: Skal Thisted Kommune med virkning fra 1. januar 2027 tr\u00e6de ud af det f\u00e6lleskommunale selskab I\/S Mors-Thy F\u00e6rgefart, der drives af Thisted og Mors\u00f8 kommuner? Svaret p\u00e5 det sp\u00f8rgsm\u00e5l skal medlemmerne af Thisted Kommunes nye udvalg for klima, milj\u00f8 og teknik tage stilling til som et af de f\u00f8rste punkter p\u00e5 dagsordenen til udvalgets [&hellip;]\" \/>\n<meta property=\"og:url\" content=\"https:\/\/kunmedierne.dk\/thy\/politikere-droefter-feggesund-faergens-fremtid-skal-thisted-kommune-traede-ud-af-faergeselskabet\/\" \/>\n<meta property=\"og:site_name\" content=\"Thy\" \/>\n<meta property=\"article:published_time\" content=\"2026-01-10T11:02:38+00:00\" \/>\n<meta property=\"article:modified_time\" content=\"2026-01-11T21:43:54+00:00\" \/>\n<meta name=\"author\" content=\"Jens Fogh Andersen\" \/>\n<meta name=\"twitter:card\" content=\"summary_large_image\" \/>\n<meta name=\"twitter:label1\" content=\"Skrevet af\" \/>\n\t<meta name=\"twitter:data1\" content=\"Jens Fogh Andersen\" \/>\n\t<meta name=\"twitter:label2\" content=\"Estimeret l\u00e6setid\" \/>\n\t<meta name=\"twitter:data2\" content=\"4 minutter\" \/>\n<script type=\"application\/ld+json\" class=\"yoast-schema-graph\">{\"@context\":\"https:\/\/schema.org\",\"@graph\":[{\"@type\":\"Article\",\"@id\":\"https:\/\/kunmedierne.dk\/thy\/politikere-droefter-feggesund-faergens-fremtid-skal-thisted-kommune-traede-ud-af-faergeselskabet\/#article\",\"isPartOf\":{\"@id\":\"https:\/\/kunmedierne.dk\/thy\/politikere-droefter-feggesund-faergens-fremtid-skal-thisted-kommune-traede-ud-af-faergeselskabet\/\"},\"author\":{\"name\":\"Jens Fogh Andersen\",\"@id\":\"https:\/\/kunmedierne.dk\/thy\/#\/schema\/person\/88f5be46809ca2a5533760eb574fef93\"},\"headline\":\"Politikere dr\u00f8fter Feggesund-f\u00e6rgens fremtid: Skal Thisted Kommune tr\u00e6de ud af f\u00e6rgeselskabet?\",\"datePublished\":\"2026-01-10T11:02:38+00:00\",\"dateModified\":\"2026-01-11T21:43:54+00:00\",\"mainEntityOfPage\":{\"@id\":\"https:\/\/kunmedierne.dk\/thy\/politikere-droefter-feggesund-faergens-fremtid-skal-thisted-kommune-traede-ud-af-faergeselskabet\/\"},\"wordCount\":636,\"publisher\":{\"@id\":\"https:\/\/kunmedierne.dk\/thy\/#organization\"},\"keywords\":[\"Kommunalpolitik\",\"Trafik\"],\"articleSection\":[\"Lokalt\"],\"inLanguage\":\"da-DK\"},{\"@type\":\"WebPage\",\"@id\":\"https:\/\/kunmedierne.dk\/thy\/politikere-droefter-feggesund-faergens-fremtid-skal-thisted-kommune-traede-ud-af-faergeselskabet\/\",\"url\":\"https:\/\/kunmedierne.dk\/thy\/politikere-droefter-feggesund-faergens-fremtid-skal-thisted-kommune-traede-ud-af-faergeselskabet\/\",\"name\":\"Politikere dr\u00f8fter Feggesund-f\u00e6rgens fremtid: Skal Thisted Kommune tr\u00e6de ud af f\u00e6rgeselskabet? - Thy\",\"isPartOf\":{\"@id\":\"https:\/\/kunmedierne.dk\/thy\/#website\"},\"datePublished\":\"2026-01-10T11:02:38+00:00\",\"dateModified\":\"2026-01-11T21:43:54+00:00\",\"breadcrumb\":{\"@id\":\"https:\/\/kunmedierne.dk\/thy\/politikere-droefter-feggesund-faergens-fremtid-skal-thisted-kommune-traede-ud-af-faergeselskabet\/#breadcrumb\"},\"inLanguage\":\"da-DK\",\"potentialAction\":[{\"@type\":\"ReadAction\",\"target\":[\"https:\/\/kunmedierne.dk\/thy\/politikere-droefter-feggesund-faergens-fremtid-skal-thisted-kommune-traede-ud-af-faergeselskabet\/\"]}]},{\"@type\":\"BreadcrumbList\",\"@id\":\"https:\/\/kunmedierne.dk\/thy\/politikere-droefter-feggesund-faergens-fremtid-skal-thisted-kommune-traede-ud-af-faergeselskabet\/#breadcrumb\",\"itemListElement\":[{\"@type\":\"ListItem\",\"position\":1,\"name\":\"Home\",\"item\":\"https:\/\/kunmedierne.dk\/thy\/\"},{\"@type\":\"ListItem\",\"position\":2,\"name\":\"Politikere dr\u00f8fter Feggesund-f\u00e6rgens fremtid: Skal Thisted Kommune tr\u00e6de ud af f\u00e6rgeselskabet?\"}]},{\"@type\":\"WebSite\",\"@id\":\"https:\/\/kunmedierne.dk\/thy\/#website\",\"url\":\"https:\/\/kunmedierne.dk\/thy\/\",\"name\":\"Thy\",\"description\":\"et netmedie med journalistik om livet i Thy\",\"publisher\":{\"@id\":\"https:\/\/kunmedierne.dk\/thy\/#organization\"},\"potentialAction\":[{\"@type\":\"SearchAction\",\"target\":{\"@type\":\"EntryPoint\",\"urlTemplate\":\"https:\/\/kunmedierne.dk\/thy\/?s={search_term_string}\"},\"query-input\":{\"@type\":\"PropertyValueSpecification\",\"valueRequired\":true,\"valueName\":\"search_term_string\"}}],\"inLanguage\":\"da-DK\"},{\"@type\":\"Organization\",\"@id\":\"https:\/\/kunmedierne.dk\/thy\/#organization\",\"name\":\"Thy\",\"url\":\"https:\/\/kunmedierne.dk\/thy\/\",\"logo\":{\"@type\":\"ImageObject\",\"inLanguage\":\"da-DK\",\"@id\":\"https:\/\/kunmedierne.dk\/thy\/#\/schema\/logo\/image\/\",\"url\":\"https:\/\/kunmedierne.dk\/thy\/wp-content\/uploads\/sites\/2\/2025\/04\/kunthy-logo.svg\",\"contentUrl\":\"https:\/\/kunmedierne.dk\/thy\/wp-content\/uploads\/sites\/2\/2025\/04\/kunthy-logo.svg\",\"caption\":\"Thy\"},\"image\":{\"@id\":\"https:\/\/kunmedierne.dk\/thy\/#\/schema\/logo\/image\/\"}},{\"@type\":\"Person\",\"@id\":\"https:\/\/kunmedierne.dk\/thy\/#\/schema\/person\/88f5be46809ca2a5533760eb574fef93\",\"name\":\"Jens Fogh Andersen\",\"image\":{\"@type\":\"ImageObject\",\"inLanguage\":\"da-DK\",\"@id\":\"https:\/\/kunmedierne.dk\/thy\/#\/schema\/person\/image\/\",\"url\":\"https:\/\/secure.gravatar.com\/avatar\/2b367a4ef139b1c41dccc9ee7af926b81f8b4cca3359772e86c7fd5ced26c0a3?s=96&d=mm&r=g\",\"contentUrl\":\"https:\/\/secure.gravatar.com\/avatar\/2b367a4ef139b1c41dccc9ee7af926b81f8b4cca3359772e86c7fd5ced26c0a3?s=96&d=mm&r=g\",\"caption\":\"Jens Fogh Andersen\"},\"url\":\"https:\/\/kunmedierne.dk\/thy\/author\/jfa\/\"}]}<\/script>\n<!-- \/ Yoast SEO plugin. -->","yoast_head_json":{"title":"Politikere dr\u00f8fter Feggesund-f\u00e6rgens fremtid: Skal Thisted Kommune tr\u00e6de ud af f\u00e6rgeselskabet? - Thy","robots":{"index":"index","follow":"follow","max-snippet":"max-snippet:-1","max-image-preview":"max-image-preview:large","max-video-preview":"max-video-preview:-1"},"canonical":"https:\/\/kunmedierne.dk\/thy\/politikere-droefter-feggesund-faergens-fremtid-skal-thisted-kommune-traede-ud-af-faergeselskabet\/","og_locale":"da_DK","og_type":"article","og_title":"Politikere dr\u00f8fter Feggesund-f\u00e6rgens fremtid: Skal Thisted Kommune tr\u00e6de ud af f\u00e6rgeselskabet? - Thy","og_description":"THISTED: Skal Thisted Kommune med virkning fra 1. januar 2027 tr\u00e6de ud af det f\u00e6lleskommunale selskab I\/S Mors-Thy F\u00e6rgefart, der drives af Thisted og Mors\u00f8 kommuner? Svaret p\u00e5 det sp\u00f8rgsm\u00e5l skal medlemmerne af Thisted Kommunes nye udvalg for klima, milj\u00f8 og teknik tage stilling til som et af de f\u00f8rste punkter p\u00e5 dagsordenen til udvalgets [&hellip;]","og_url":"https:\/\/kunmedierne.dk\/thy\/politikere-droefter-feggesund-faergens-fremtid-skal-thisted-kommune-traede-ud-af-faergeselskabet\/","og_site_name":"Thy","article_published_time":"2026-01-10T11:02:38+00:00","article_modified_time":"2026-01-11T21:43:54+00:00","author":"Jens Fogh Andersen","twitter_card":"summary_large_image","twitter_misc":{"Skrevet af":"Jens Fogh Andersen","Estimeret l\u00e6setid":"4 minutter"},"schema":{"@context":"https:\/\/schema.org","@graph":[{"@type":"Article","@id":"https:\/\/kunmedierne.dk\/thy\/politikere-droefter-feggesund-faergens-fremtid-skal-thisted-kommune-traede-ud-af-faergeselskabet\/#article","isPartOf":{"@id":"https:\/\/kunmedierne.dk\/thy\/politikere-droefter-feggesund-faergens-fremtid-skal-thisted-kommune-traede-ud-af-faergeselskabet\/"},"author":{"name":"Jens Fogh Andersen","@id":"https:\/\/kunmedierne.dk\/thy\/#\/schema\/person\/88f5be46809ca2a5533760eb574fef93"},"headline":"Politikere dr\u00f8fter Feggesund-f\u00e6rgens fremtid: Skal Thisted Kommune tr\u00e6de ud af f\u00e6rgeselskabet?","datePublished":"2026-01-10T11:02:38+00:00","dateModified":"2026-01-11T21:43:54+00:00","mainEntityOfPage":{"@id":"https:\/\/kunmedierne.dk\/thy\/politikere-droefter-feggesund-faergens-fremtid-skal-thisted-kommune-traede-ud-af-faergeselskabet\/"},"wordCount":636,"publisher":{"@id":"https:\/\/kunmedierne.dk\/thy\/#organization"},"keywords":["Kommunalpolitik","Trafik"],"articleSection":["Lokalt"],"inLanguage":"da-DK"},{"@type":"WebPage","@id":"https:\/\/kunmedierne.dk\/thy\/politikere-droefter-feggesund-faergens-fremtid-skal-thisted-kommune-traede-ud-af-faergeselskabet\/","url":"https:\/\/kunmedierne.dk\/thy\/politikere-droefter-feggesund-faergens-fremtid-skal-thisted-kommune-traede-ud-af-faergeselskabet\/","name":"Politikere dr\u00f8fter Feggesund-f\u00e6rgens fremtid: Skal Thisted Kommune tr\u00e6de ud af f\u00e6rgeselskabet? - Thy","isPartOf":{"@id":"https:\/\/kunmedierne.dk\/thy\/#website"},"datePublished":"2026-01-10T11:02:38+00:00","dateModified":"2026-01-11T21:43:54+00:00","breadcrumb":{"@id":"https:\/\/kunmedierne.dk\/thy\/politikere-droefter-feggesund-faergens-fremtid-skal-thisted-kommune-traede-ud-af-faergeselskabet\/#breadcrumb"},"inLanguage":"da-DK","potentialAction":[{"@type":"ReadAction","target":["https:\/\/kunmedierne.dk\/thy\/politikere-droefter-feggesund-faergens-fremtid-skal-thisted-kommune-traede-ud-af-faergeselskabet\/"]}]},{"@type":"BreadcrumbList","@id":"https:\/\/kunmedierne.dk\/thy\/politikere-droefter-feggesund-faergens-fremtid-skal-thisted-kommune-traede-ud-af-faergeselskabet\/#breadcrumb","itemListElement":[{"@type":"ListItem","position":1,"name":"Home","item":"https:\/\/kunmedierne.dk\/thy\/"},{"@type":"ListItem","position":2,"name":"Politikere dr\u00f8fter Feggesund-f\u00e6rgens fremtid: Skal Thisted Kommune tr\u00e6de ud af f\u00e6rgeselskabet?"}]},{"@type":"WebSite","@id":"https:\/\/kunmedierne.dk\/thy\/#website","url":"https:\/\/kunmedierne.dk\/thy\/","name":"Thy","description":"et netmedie med journalistik om livet i Thy","publisher":{"@id":"https:\/\/kunmedierne.dk\/thy\/#organization"},"potentialAction":[{"@type":"SearchAction","target":{"@type":"EntryPoint","urlTemplate":"https:\/\/kunmedierne.dk\/thy\/?s={search_term_string}"},"query-input":{"@type":"PropertyValueSpecification","valueRequired":true,"valueName":"search_term_string"}}],"inLanguage":"da-DK"},{"@type":"Organization","@id":"https:\/\/kunmedierne.dk\/thy\/#organization","name":"Thy","url":"https:\/\/kunmedierne.dk\/thy\/","logo":{"@type":"ImageObject","inLanguage":"da-DK","@id":"https:\/\/kunmedierne.dk\/thy\/#\/schema\/logo\/image\/","url":"https:\/\/kunmedierne.dk\/thy\/wp-content\/uploads\/sites\/2\/2025\/04\/kunthy-logo.svg","contentUrl":"https:\/\/kunmedierne.dk\/thy\/wp-content\/uploads\/sites\/2\/2025\/04\/kunthy-logo.svg","caption":"Thy"},"image":{"@id":"https:\/\/kunmedierne.dk\/thy\/#\/schema\/logo\/image\/"}},{"@type":"Person","@id":"https:\/\/kunmedierne.dk\/thy\/#\/schema\/person\/88f5be46809ca2a5533760eb574fef93","name":"Jens Fogh Andersen","image":{"@type":"ImageObject","inLanguage":"da-DK","@id":"https:\/\/kunmedierne.dk\/thy\/#\/schema\/person\/image\/","url":"https:\/\/secure.gravatar.com\/avatar\/2b367a4ef139b1c41dccc9ee7af926b81f8b4cca3359772e86c7fd5ced26c0a3?s=96&d=mm&r=g","contentUrl":"https:\/\/secure.gravatar.com\/avatar\/2b367a4ef139b1c41dccc9ee7af926b81f8b4cca3359772e86c7fd5ced26c0a3?s=96&d=mm&r=g","caption":"Jens Fogh Andersen"},"url":"https:\/\/kunmedierne.dk\/thy\/author\/jfa\/"}]}},"_links":{"self":[{"href":"https:\/\/kunmedierne.dk\/thy\/wp-json\/wp\/v2\/posts\/15741","targetHints":{"allow":["GET"]}}],"collection":[{"href":"https:\/\/kunmedierne.dk\/thy\/wp-json\/wp\/v2\/posts"}],"about":[{"href":"https:\/\/kunmedierne.dk\/thy\/wp-json\/wp\/v2\/types\/post"}],"author":[{"embeddable":true,"href":"https:\/\/kunmedierne.dk\/thy\/wp-json\/wp\/v2\/users\/4535"}],"replies":[{"embeddable":true,"href":"https:\/\/kunmedierne.dk\/thy\/wp-json\/wp\/v2\/comments?post=15741"}],"version-history":[{"count":8,"href":"https:\/\/kunmedierne.dk\/thy\/wp-json\/wp\/v2\/posts\/15741\/revisions"}],"predecessor-version":[{"id":15848,"href":"https:\/\/kunmedierne.dk\/thy\/wp-json\/wp\/v2\/posts\/15741\/revisions\/15848"}],"wp:attachment":[{"href":"https:\/\/kunmedierne.dk\/thy\/wp-json\/wp\/v2\/media?parent=15741"}],"wp:term":[{"taxonomy":"category","embeddable":true,"href":"https:\/\/kunmedierne.dk\/thy\/wp-json\/wp\/v2\/categories?post=15741"},{"taxonomy":"post_tag","embeddable":true,"href":"https:\/\/kunmedierne.dk\/thy\/wp-json\/wp\/v2\/tags?post=15741"}],"curies":[{"name":"wp","href":"https:\/\/api.w.org\/{rel}","templated":true}]}}