{"id":15739,"date":"2026-01-12T14:58:49","date_gmt":"2026-01-12T13:58:49","guid":{"rendered":"https:\/\/kunmedierne.dk\/thy\/?p=15739"},"modified":"2026-01-14T14:58:41","modified_gmt":"2026-01-14T13:58:41","slug":"brug-af-helaarshus-til-vorupoer-til-feriebolig-med-plads-til-18-beboere-har-foert-til-klager","status":"publish","type":"post","link":"https:\/\/kunmedierne.dk\/thy\/brug-af-helaarshus-til-vorupoer-til-feriebolig-med-plads-til-18-beboere-har-foert-til-klager\/","title":{"rendered":"Brug af hel\u00e5rshus i Vorup\u00f8r til feriebolig med plads til 18 beboere har f\u00f8rt til klager"},"content":{"rendered":"<p><strong>VORUP\u00d8R:\u00a0<\/strong>Skal der gives dispensation, s\u00e5 en hel\u00e5rsbolig p\u00e5 Vesterhavsgade i Vorup\u00f8r fremadrettet fortsat kan bruges som feriebolig for op til 18 personer.<\/p>\n<p>Det sp\u00f8rgsm\u00e5l skal Thisted Kommunes udvalg for klima, milj\u00f8 og teknik tage stilling til p\u00e5 sit m\u00f8de tirsdag.<\/p>\n<a class=\"dvrt-link\" onClick=\"cdmtrack_click(689,jQuery(this));return false\" href=\"https:\/\/www.thistedbolig.dk\"><img decoding=\"async\" style=\"width:100%;\" src=\"https:\/\/kunmedierne.dk\/thy\/wp-content\/uploads\/sites\/2\/2025\/03\/260414ThistedBoligApril-opslag-002-1.jpg\"><\/a><script>cdmtrack_view(689);<\/script>\n<p>N\u00e5r sagen kommer nu, er det p\u00e5 baggrund af, at kommunen i f\u00f8lge sagsfremstillingen har modtaget flere henvendelser om &#8220;ulovlig ferieudlejning af en hel\u00e5rsbolig p\u00e5 Vestergade 27&#8221;.<\/p>\n<p>Anmeldelserne g\u00e5r blandt andet p\u00e5, at huset, hvor der i 2025 blev givet byggetilladelse til at \u00e6ndre anvendelsen fra erhvervsejendom med bolig og erhverv til enfamiliehus, nu bruges til ferieudlejning med 18 sengepladser. Huset udlejes gennem et udlejningsbureau. Dette giver i f\u00f8lge naboerne anledning til gener i form af blandt andet st\u00f8j og er i strid med lokalplanen for omr\u00e5det.<\/p>\n<div id=\"attachment_15830\" style=\"width: 3368px\" class=\"wp-caption alignnone\"><img loading=\"lazy\" decoding=\"async\" aria-describedby=\"caption-attachment-15830\" class=\"wp-image-15830 size-full\" src=\"https:\/\/kunmedierne.dk\/thy\/wp-content\/uploads\/sites\/2\/2026\/01\/Vesterhavsgade-27-02.jpg\" alt=\"\" width=\"3358\" height=\"2230\" srcset=\"https:\/\/kunmedierne.dk\/thy\/wp-content\/uploads\/sites\/2\/2026\/01\/Vesterhavsgade-27-02.jpg 3358w, https:\/\/kunmedierne.dk\/thy\/wp-content\/uploads\/sites\/2\/2026\/01\/Vesterhavsgade-27-02-300x199.jpg 300w, https:\/\/kunmedierne.dk\/thy\/wp-content\/uploads\/sites\/2\/2026\/01\/Vesterhavsgade-27-02-1024x680.jpg 1024w, https:\/\/kunmedierne.dk\/thy\/wp-content\/uploads\/sites\/2\/2026\/01\/Vesterhavsgade-27-02-510x339.jpg 510w\" sizes=\"auto, (max-width: 3358px) 100vw, 3358px\" \/><p id=\"caption-attachment-15830\" class=\"wp-caption-text\">Udvalget for klima, milj\u00f8 og teknik skal tage stilling til om der kan gives dispensation til, at dette hus i Vesterhavsgade i Vorup\u00f8r kan bruges til ferieform\u00e5l. Foto: Jens Fogh-Andersen.<\/p><\/div>\n<p>&nbsp;<\/p>\n<p>I f\u00f8lge lokalplanen ligger huset p\u00e5 Vesterhavsgade i et omr\u00e5de, der er udlagt til centeromr\u00e5de. Det skete inden den nuv\u00e6rende lokalplan for omr\u00e5det blev vedtaget i 1995. I f\u00f8lge den lokalplan kan eksisterende bebyggelse i omr\u00e5det opf\u00f8rt f\u00f8r lokalplanen blev vedtaget i 1995 med &#8220;kommunalbestyrelsens s\u00e6rlige tilladelse&#8221; opn\u00e5 dispensation til at blive anvendt til ferieform\u00e5l og ikke til hel\u00e5rsbolig.<\/p>\n<a class=\"dvrt-link\" onClick=\"cdmtrack_click(687,jQuery(this));return false\" href=\"https:\/\/konpap.dk\/?gad_source=1&gclid=Cj0KCQjwtJ6_BhDWARIsAGanmKfOBLC3RBm6obWL5sEb-mp4bsp5QjqWW4j4nx22y0YT2iMiXJcv3MoaApR_EALw_wcB\"><img decoding=\"async\" style=\"width:100%;\" src=\"https:\/\/kunmedierne.dk\/thy\/wp-content\/uploads\/sites\/2\/2025\/03\/redoffice.jpg\"><\/a><script>cdmtrack_view(687);<\/script>\n<p>Ejerne af bygningen har nu ans\u00f8gt om at f\u00e5 en dispensation til at benytte huset til ferieform\u00e5l. Forvaltningen indstiller, at udvalget afviser at give dispensation.<\/p>\n<p>Udvalgets afg\u00f8relse i sagen har betydning, for den kan danne pr\u00e6cedens for andre ubeboede ejendomme indenfor de omr\u00e5der i Vorup\u00f8r, som er udlagt enten som centeromr\u00e5der eller som boligomr\u00e5der.<\/p>\n<p>Inden for de omr\u00e5der er der i f\u00f8lge sagsfremstillingen lige nu cirka 100 hel\u00e5rsboliger, der er opf\u00f8rt f\u00f8r 1995. Det betyder, at der &#8221; potentielt kan v\u00e6re et st\u00f8rre antal boliger, der benyttes eller udlejes som ferieboliger&#8221;, fremg\u00e5r det.<\/p>\n","protected":false},"excerpt":{"rendered":"<p>VORUP\u00d8R:\u00a0Skal der gives dispensation, s\u00e5 en hel\u00e5rsbolig p\u00e5 Vesterhavsgade i Vorup\u00f8r fremadrettet fortsat kan bruges som feriebolig for op til 18 personer. Det sp\u00f8rgsm\u00e5l skal Thisted Kommunes udvalg for klima, milj\u00f8 og teknik tage stilling til p\u00e5 sit m\u00f8de tirsdag. N\u00e5r sagen kommer nu, er det p\u00e5 baggrund af, at kommunen i f\u00f8lge sagsfremstillingen har [&hellip;]<\/p>\n","protected":false},"author":4535,"featured_media":0,"comment_status":"closed","ping_status":"closed","sticky":false,"template":"","format":"standard","meta":{"_acf_changed":false,"footnotes":""},"categories":[24],"tags":[41,66],"class_list":["post-15739","post","type-post","status-publish","format-standard","hentry","category-lokalt","tag-boliger","tag-turisme"],"acf":[],"yoast_head":"<!-- This site is optimized with the Yoast SEO plugin v26.8 - https:\/\/yoast.com\/product\/yoast-seo-wordpress\/ -->\n<title>Brug af hel\u00e5rshus i Vorup\u00f8r til feriebolig med plads til 18 beboere har f\u00f8rt til klager - Thy<\/title>\n<meta name=\"robots\" content=\"index, follow, max-snippet:-1, max-image-preview:large, max-video-preview:-1\" \/>\n<link rel=\"canonical\" href=\"https:\/\/kunmedierne.dk\/thy\/brug-af-helaarshus-til-vorupoer-til-feriebolig-med-plads-til-18-beboere-har-foert-til-klager\/\" \/>\n<meta property=\"og:locale\" content=\"da_DK\" \/>\n<meta property=\"og:type\" content=\"article\" \/>\n<meta property=\"og:title\" content=\"Brug af hel\u00e5rshus i Vorup\u00f8r til feriebolig med plads til 18 beboere har f\u00f8rt til klager - Thy\" \/>\n<meta property=\"og:description\" content=\"VORUP\u00d8R:\u00a0Skal der gives dispensation, s\u00e5 en hel\u00e5rsbolig p\u00e5 Vesterhavsgade i Vorup\u00f8r fremadrettet fortsat kan bruges som feriebolig for op til 18 personer. Det sp\u00f8rgsm\u00e5l skal Thisted Kommunes udvalg for klima, milj\u00f8 og teknik tage stilling til p\u00e5 sit m\u00f8de tirsdag. N\u00e5r sagen kommer nu, er det p\u00e5 baggrund af, at kommunen i f\u00f8lge sagsfremstillingen har [&hellip;]\" \/>\n<meta property=\"og:url\" content=\"https:\/\/kunmedierne.dk\/thy\/brug-af-helaarshus-til-vorupoer-til-feriebolig-med-plads-til-18-beboere-har-foert-til-klager\/\" \/>\n<meta property=\"og:site_name\" content=\"Thy\" \/>\n<meta property=\"article:published_time\" content=\"2026-01-12T13:58:49+00:00\" \/>\n<meta property=\"article:modified_time\" content=\"2026-01-14T13:58:41+00:00\" \/>\n<meta property=\"og:image\" content=\"https:\/\/kunmedierne.dk\/thy\/wp-content\/uploads\/sites\/2\/2026\/01\/Vesterhavsgade-27-02.jpg\" \/>\n<meta name=\"author\" content=\"Jens Fogh Andersen\" \/>\n<meta name=\"twitter:card\" content=\"summary_large_image\" \/>\n<meta name=\"twitter:label1\" content=\"Skrevet af\" \/>\n\t<meta name=\"twitter:data1\" content=\"Jens Fogh Andersen\" \/>\n\t<meta name=\"twitter:label2\" content=\"Estimeret l\u00e6setid\" \/>\n\t<meta name=\"twitter:data2\" content=\"2 minutter\" \/>\n<script type=\"application\/ld+json\" class=\"yoast-schema-graph\">{\"@context\":\"https:\/\/schema.org\",\"@graph\":[{\"@type\":\"Article\",\"@id\":\"https:\/\/kunmedierne.dk\/thy\/brug-af-helaarshus-til-vorupoer-til-feriebolig-med-plads-til-18-beboere-har-foert-til-klager\/#article\",\"isPartOf\":{\"@id\":\"https:\/\/kunmedierne.dk\/thy\/brug-af-helaarshus-til-vorupoer-til-feriebolig-med-plads-til-18-beboere-har-foert-til-klager\/\"},\"author\":{\"name\":\"Jens Fogh Andersen\",\"@id\":\"https:\/\/kunmedierne.dk\/thy\/#\/schema\/person\/88f5be46809ca2a5533760eb574fef93\"},\"headline\":\"Brug af hel\u00e5rshus i Vorup\u00f8r til feriebolig med plads til 18 beboere har f\u00f8rt til klager\",\"datePublished\":\"2026-01-12T13:58:49+00:00\",\"dateModified\":\"2026-01-14T13:58:41+00:00\",\"mainEntityOfPage\":{\"@id\":\"https:\/\/kunmedierne.dk\/thy\/brug-af-helaarshus-til-vorupoer-til-feriebolig-med-plads-til-18-beboere-har-foert-til-klager\/\"},\"wordCount\":374,\"publisher\":{\"@id\":\"https:\/\/kunmedierne.dk\/thy\/#organization\"},\"image\":{\"@id\":\"https:\/\/kunmedierne.dk\/thy\/brug-af-helaarshus-til-vorupoer-til-feriebolig-med-plads-til-18-beboere-har-foert-til-klager\/#primaryimage\"},\"thumbnailUrl\":\"https:\/\/kunmedierne.dk\/thy\/wp-content\/uploads\/sites\/2\/2026\/01\/Vesterhavsgade-27-02.jpg\",\"keywords\":[\"Boliger\",\"Turisme\"],\"articleSection\":[\"Lokalt\"],\"inLanguage\":\"da-DK\"},{\"@type\":\"WebPage\",\"@id\":\"https:\/\/kunmedierne.dk\/thy\/brug-af-helaarshus-til-vorupoer-til-feriebolig-med-plads-til-18-beboere-har-foert-til-klager\/\",\"url\":\"https:\/\/kunmedierne.dk\/thy\/brug-af-helaarshus-til-vorupoer-til-feriebolig-med-plads-til-18-beboere-har-foert-til-klager\/\",\"name\":\"Brug af hel\u00e5rshus i Vorup\u00f8r til feriebolig med plads til 18 beboere har f\u00f8rt til klager - Thy\",\"isPartOf\":{\"@id\":\"https:\/\/kunmedierne.dk\/thy\/#website\"},\"primaryImageOfPage\":{\"@id\":\"https:\/\/kunmedierne.dk\/thy\/brug-af-helaarshus-til-vorupoer-til-feriebolig-med-plads-til-18-beboere-har-foert-til-klager\/#primaryimage\"},\"image\":{\"@id\":\"https:\/\/kunmedierne.dk\/thy\/brug-af-helaarshus-til-vorupoer-til-feriebolig-med-plads-til-18-beboere-har-foert-til-klager\/#primaryimage\"},\"thumbnailUrl\":\"https:\/\/kunmedierne.dk\/thy\/wp-content\/uploads\/sites\/2\/2026\/01\/Vesterhavsgade-27-02.jpg\",\"datePublished\":\"2026-01-12T13:58:49+00:00\",\"dateModified\":\"2026-01-14T13:58:41+00:00\",\"breadcrumb\":{\"@id\":\"https:\/\/kunmedierne.dk\/thy\/brug-af-helaarshus-til-vorupoer-til-feriebolig-med-plads-til-18-beboere-har-foert-til-klager\/#breadcrumb\"},\"inLanguage\":\"da-DK\",\"potentialAction\":[{\"@type\":\"ReadAction\",\"target\":[\"https:\/\/kunmedierne.dk\/thy\/brug-af-helaarshus-til-vorupoer-til-feriebolig-med-plads-til-18-beboere-har-foert-til-klager\/\"]}]},{\"@type\":\"ImageObject\",\"inLanguage\":\"da-DK\",\"@id\":\"https:\/\/kunmedierne.dk\/thy\/brug-af-helaarshus-til-vorupoer-til-feriebolig-med-plads-til-18-beboere-har-foert-til-klager\/#primaryimage\",\"url\":\"https:\/\/kunmedierne.dk\/thy\/wp-content\/uploads\/sites\/2\/2026\/01\/Vesterhavsgade-27-02.jpg\",\"contentUrl\":\"https:\/\/kunmedierne.dk\/thy\/wp-content\/uploads\/sites\/2\/2026\/01\/Vesterhavsgade-27-02.jpg\",\"width\":3358,\"height\":2230,\"caption\":\"Vesterhavsgade 27, Vorup\u00f8r Foto: Jens Fogh-Andersen 100126\"},{\"@type\":\"BreadcrumbList\",\"@id\":\"https:\/\/kunmedierne.dk\/thy\/brug-af-helaarshus-til-vorupoer-til-feriebolig-med-plads-til-18-beboere-har-foert-til-klager\/#breadcrumb\",\"itemListElement\":[{\"@type\":\"ListItem\",\"position\":1,\"name\":\"Home\",\"item\":\"https:\/\/kunmedierne.dk\/thy\/\"},{\"@type\":\"ListItem\",\"position\":2,\"name\":\"Brug af hel\u00e5rshus i Vorup\u00f8r til feriebolig med plads til 18 beboere har f\u00f8rt til klager\"}]},{\"@type\":\"WebSite\",\"@id\":\"https:\/\/kunmedierne.dk\/thy\/#website\",\"url\":\"https:\/\/kunmedierne.dk\/thy\/\",\"name\":\"Thy\",\"description\":\"et netmedie med journalistik om livet i Thy\",\"publisher\":{\"@id\":\"https:\/\/kunmedierne.dk\/thy\/#organization\"},\"potentialAction\":[{\"@type\":\"SearchAction\",\"target\":{\"@type\":\"EntryPoint\",\"urlTemplate\":\"https:\/\/kunmedierne.dk\/thy\/?s={search_term_string}\"},\"query-input\":{\"@type\":\"PropertyValueSpecification\",\"valueRequired\":true,\"valueName\":\"search_term_string\"}}],\"inLanguage\":\"da-DK\"},{\"@type\":\"Organization\",\"@id\":\"https:\/\/kunmedierne.dk\/thy\/#organization\",\"name\":\"Thy\",\"url\":\"https:\/\/kunmedierne.dk\/thy\/\",\"logo\":{\"@type\":\"ImageObject\",\"inLanguage\":\"da-DK\",\"@id\":\"https:\/\/kunmedierne.dk\/thy\/#\/schema\/logo\/image\/\",\"url\":\"https:\/\/kunmedierne.dk\/thy\/wp-content\/uploads\/sites\/2\/2025\/04\/kunthy-logo.svg\",\"contentUrl\":\"https:\/\/kunmedierne.dk\/thy\/wp-content\/uploads\/sites\/2\/2025\/04\/kunthy-logo.svg\",\"caption\":\"Thy\"},\"image\":{\"@id\":\"https:\/\/kunmedierne.dk\/thy\/#\/schema\/logo\/image\/\"}},{\"@type\":\"Person\",\"@id\":\"https:\/\/kunmedierne.dk\/thy\/#\/schema\/person\/88f5be46809ca2a5533760eb574fef93\",\"name\":\"Jens Fogh Andersen\",\"image\":{\"@type\":\"ImageObject\",\"inLanguage\":\"da-DK\",\"@id\":\"https:\/\/kunmedierne.dk\/thy\/#\/schema\/person\/image\/\",\"url\":\"https:\/\/secure.gravatar.com\/avatar\/2b367a4ef139b1c41dccc9ee7af926b81f8b4cca3359772e86c7fd5ced26c0a3?s=96&d=mm&r=g\",\"contentUrl\":\"https:\/\/secure.gravatar.com\/avatar\/2b367a4ef139b1c41dccc9ee7af926b81f8b4cca3359772e86c7fd5ced26c0a3?s=96&d=mm&r=g\",\"caption\":\"Jens Fogh Andersen\"},\"url\":\"https:\/\/kunmedierne.dk\/thy\/author\/jfa\/\"}]}<\/script>\n<!-- \/ Yoast SEO plugin. -->","yoast_head_json":{"title":"Brug af hel\u00e5rshus i Vorup\u00f8r til feriebolig med plads til 18 beboere har f\u00f8rt til klager - Thy","robots":{"index":"index","follow":"follow","max-snippet":"max-snippet:-1","max-image-preview":"max-image-preview:large","max-video-preview":"max-video-preview:-1"},"canonical":"https:\/\/kunmedierne.dk\/thy\/brug-af-helaarshus-til-vorupoer-til-feriebolig-med-plads-til-18-beboere-har-foert-til-klager\/","og_locale":"da_DK","og_type":"article","og_title":"Brug af hel\u00e5rshus i Vorup\u00f8r til feriebolig med plads til 18 beboere har f\u00f8rt til klager - Thy","og_description":"VORUP\u00d8R:\u00a0Skal der gives dispensation, s\u00e5 en hel\u00e5rsbolig p\u00e5 Vesterhavsgade i Vorup\u00f8r fremadrettet fortsat kan bruges som feriebolig for op til 18 personer. Det sp\u00f8rgsm\u00e5l skal Thisted Kommunes udvalg for klima, milj\u00f8 og teknik tage stilling til p\u00e5 sit m\u00f8de tirsdag. N\u00e5r sagen kommer nu, er det p\u00e5 baggrund af, at kommunen i f\u00f8lge sagsfremstillingen har [&hellip;]","og_url":"https:\/\/kunmedierne.dk\/thy\/brug-af-helaarshus-til-vorupoer-til-feriebolig-med-plads-til-18-beboere-har-foert-til-klager\/","og_site_name":"Thy","article_published_time":"2026-01-12T13:58:49+00:00","article_modified_time":"2026-01-14T13:58:41+00:00","og_image":[{"url":"https:\/\/kunmedierne.dk\/thy\/wp-content\/uploads\/sites\/2\/2026\/01\/Vesterhavsgade-27-02.jpg","type":"","width":"","height":""}],"author":"Jens Fogh Andersen","twitter_card":"summary_large_image","twitter_misc":{"Skrevet af":"Jens Fogh Andersen","Estimeret l\u00e6setid":"2 minutter"},"schema":{"@context":"https:\/\/schema.org","@graph":[{"@type":"Article","@id":"https:\/\/kunmedierne.dk\/thy\/brug-af-helaarshus-til-vorupoer-til-feriebolig-med-plads-til-18-beboere-har-foert-til-klager\/#article","isPartOf":{"@id":"https:\/\/kunmedierne.dk\/thy\/brug-af-helaarshus-til-vorupoer-til-feriebolig-med-plads-til-18-beboere-har-foert-til-klager\/"},"author":{"name":"Jens Fogh Andersen","@id":"https:\/\/kunmedierne.dk\/thy\/#\/schema\/person\/88f5be46809ca2a5533760eb574fef93"},"headline":"Brug af hel\u00e5rshus i Vorup\u00f8r til feriebolig med plads til 18 beboere har f\u00f8rt til klager","datePublished":"2026-01-12T13:58:49+00:00","dateModified":"2026-01-14T13:58:41+00:00","mainEntityOfPage":{"@id":"https:\/\/kunmedierne.dk\/thy\/brug-af-helaarshus-til-vorupoer-til-feriebolig-med-plads-til-18-beboere-har-foert-til-klager\/"},"wordCount":374,"publisher":{"@id":"https:\/\/kunmedierne.dk\/thy\/#organization"},"image":{"@id":"https:\/\/kunmedierne.dk\/thy\/brug-af-helaarshus-til-vorupoer-til-feriebolig-med-plads-til-18-beboere-har-foert-til-klager\/#primaryimage"},"thumbnailUrl":"https:\/\/kunmedierne.dk\/thy\/wp-content\/uploads\/sites\/2\/2026\/01\/Vesterhavsgade-27-02.jpg","keywords":["Boliger","Turisme"],"articleSection":["Lokalt"],"inLanguage":"da-DK"},{"@type":"WebPage","@id":"https:\/\/kunmedierne.dk\/thy\/brug-af-helaarshus-til-vorupoer-til-feriebolig-med-plads-til-18-beboere-har-foert-til-klager\/","url":"https:\/\/kunmedierne.dk\/thy\/brug-af-helaarshus-til-vorupoer-til-feriebolig-med-plads-til-18-beboere-har-foert-til-klager\/","name":"Brug af hel\u00e5rshus i Vorup\u00f8r til feriebolig med plads til 18 beboere har f\u00f8rt til klager - Thy","isPartOf":{"@id":"https:\/\/kunmedierne.dk\/thy\/#website"},"primaryImageOfPage":{"@id":"https:\/\/kunmedierne.dk\/thy\/brug-af-helaarshus-til-vorupoer-til-feriebolig-med-plads-til-18-beboere-har-foert-til-klager\/#primaryimage"},"image":{"@id":"https:\/\/kunmedierne.dk\/thy\/brug-af-helaarshus-til-vorupoer-til-feriebolig-med-plads-til-18-beboere-har-foert-til-klager\/#primaryimage"},"thumbnailUrl":"https:\/\/kunmedierne.dk\/thy\/wp-content\/uploads\/sites\/2\/2026\/01\/Vesterhavsgade-27-02.jpg","datePublished":"2026-01-12T13:58:49+00:00","dateModified":"2026-01-14T13:58:41+00:00","breadcrumb":{"@id":"https:\/\/kunmedierne.dk\/thy\/brug-af-helaarshus-til-vorupoer-til-feriebolig-med-plads-til-18-beboere-har-foert-til-klager\/#breadcrumb"},"inLanguage":"da-DK","potentialAction":[{"@type":"ReadAction","target":["https:\/\/kunmedierne.dk\/thy\/brug-af-helaarshus-til-vorupoer-til-feriebolig-med-plads-til-18-beboere-har-foert-til-klager\/"]}]},{"@type":"ImageObject","inLanguage":"da-DK","@id":"https:\/\/kunmedierne.dk\/thy\/brug-af-helaarshus-til-vorupoer-til-feriebolig-med-plads-til-18-beboere-har-foert-til-klager\/#primaryimage","url":"https:\/\/kunmedierne.dk\/thy\/wp-content\/uploads\/sites\/2\/2026\/01\/Vesterhavsgade-27-02.jpg","contentUrl":"https:\/\/kunmedierne.dk\/thy\/wp-content\/uploads\/sites\/2\/2026\/01\/Vesterhavsgade-27-02.jpg","width":3358,"height":2230,"caption":"Vesterhavsgade 27, Vorup\u00f8r Foto: Jens Fogh-Andersen 100126"},{"@type":"BreadcrumbList","@id":"https:\/\/kunmedierne.dk\/thy\/brug-af-helaarshus-til-vorupoer-til-feriebolig-med-plads-til-18-beboere-har-foert-til-klager\/#breadcrumb","itemListElement":[{"@type":"ListItem","position":1,"name":"Home","item":"https:\/\/kunmedierne.dk\/thy\/"},{"@type":"ListItem","position":2,"name":"Brug af hel\u00e5rshus i Vorup\u00f8r til feriebolig med plads til 18 beboere har f\u00f8rt til klager"}]},{"@type":"WebSite","@id":"https:\/\/kunmedierne.dk\/thy\/#website","url":"https:\/\/kunmedierne.dk\/thy\/","name":"Thy","description":"et netmedie med journalistik om livet i Thy","publisher":{"@id":"https:\/\/kunmedierne.dk\/thy\/#organization"},"potentialAction":[{"@type":"SearchAction","target":{"@type":"EntryPoint","urlTemplate":"https:\/\/kunmedierne.dk\/thy\/?s={search_term_string}"},"query-input":{"@type":"PropertyValueSpecification","valueRequired":true,"valueName":"search_term_string"}}],"inLanguage":"da-DK"},{"@type":"Organization","@id":"https:\/\/kunmedierne.dk\/thy\/#organization","name":"Thy","url":"https:\/\/kunmedierne.dk\/thy\/","logo":{"@type":"ImageObject","inLanguage":"da-DK","@id":"https:\/\/kunmedierne.dk\/thy\/#\/schema\/logo\/image\/","url":"https:\/\/kunmedierne.dk\/thy\/wp-content\/uploads\/sites\/2\/2025\/04\/kunthy-logo.svg","contentUrl":"https:\/\/kunmedierne.dk\/thy\/wp-content\/uploads\/sites\/2\/2025\/04\/kunthy-logo.svg","caption":"Thy"},"image":{"@id":"https:\/\/kunmedierne.dk\/thy\/#\/schema\/logo\/image\/"}},{"@type":"Person","@id":"https:\/\/kunmedierne.dk\/thy\/#\/schema\/person\/88f5be46809ca2a5533760eb574fef93","name":"Jens Fogh Andersen","image":{"@type":"ImageObject","inLanguage":"da-DK","@id":"https:\/\/kunmedierne.dk\/thy\/#\/schema\/person\/image\/","url":"https:\/\/secure.gravatar.com\/avatar\/2b367a4ef139b1c41dccc9ee7af926b81f8b4cca3359772e86c7fd5ced26c0a3?s=96&d=mm&r=g","contentUrl":"https:\/\/secure.gravatar.com\/avatar\/2b367a4ef139b1c41dccc9ee7af926b81f8b4cca3359772e86c7fd5ced26c0a3?s=96&d=mm&r=g","caption":"Jens Fogh Andersen"},"url":"https:\/\/kunmedierne.dk\/thy\/author\/jfa\/"}]}},"_links":{"self":[{"href":"https:\/\/kunmedierne.dk\/thy\/wp-json\/wp\/v2\/posts\/15739","targetHints":{"allow":["GET"]}}],"collection":[{"href":"https:\/\/kunmedierne.dk\/thy\/wp-json\/wp\/v2\/posts"}],"about":[{"href":"https:\/\/kunmedierne.dk\/thy\/wp-json\/wp\/v2\/types\/post"}],"author":[{"embeddable":true,"href":"https:\/\/kunmedierne.dk\/thy\/wp-json\/wp\/v2\/users\/4535"}],"replies":[{"embeddable":true,"href":"https:\/\/kunmedierne.dk\/thy\/wp-json\/wp\/v2\/comments?post=15739"}],"version-history":[{"count":10,"href":"https:\/\/kunmedierne.dk\/thy\/wp-json\/wp\/v2\/posts\/15739\/revisions"}],"predecessor-version":[{"id":15981,"href":"https:\/\/kunmedierne.dk\/thy\/wp-json\/wp\/v2\/posts\/15739\/revisions\/15981"}],"wp:attachment":[{"href":"https:\/\/kunmedierne.dk\/thy\/wp-json\/wp\/v2\/media?parent=15739"}],"wp:term":[{"taxonomy":"category","embeddable":true,"href":"https:\/\/kunmedierne.dk\/thy\/wp-json\/wp\/v2\/categories?post=15739"},{"taxonomy":"post_tag","embeddable":true,"href":"https:\/\/kunmedierne.dk\/thy\/wp-json\/wp\/v2\/tags?post=15739"}],"curies":[{"name":"wp","href":"https:\/\/api.w.org\/{rel}","templated":true}]}}