{"id":15722,"date":"2026-01-09T13:41:11","date_gmt":"2026-01-09T12:41:11","guid":{"rendered":"https:\/\/kunmedierne.dk\/thy\/?p=15722"},"modified":"2026-01-09T13:41:11","modified_gmt":"2026-01-09T12:41:11","slug":"kirsten-kjaers-museum-skal-have-ny-leder","status":"publish","type":"post","link":"https:\/\/kunmedierne.dk\/thy\/kirsten-kjaers-museum-skal-have-ny-leder\/","title":{"rendered":"Kirsten Kj\u00e6rs Museum skal have ny leder"},"content":{"rendered":"<p><strong>LANGVAD:<\/strong> I Langvad t\u00e6t p\u00e5 Fr\u00f8strup ligger en enest\u00e5ende attraktion, nemlig Danmarks eneste kunstmuseum dedikeret til en kvindelig billedkunstner.<\/p>\n<p>Nu er stillingen som daglig leder sl\u00e5et op &#8211; med ans\u00f8gningsfrist 15. februar.<\/p>\n<p>&#8220;Vi s\u00f8ger et menneske med alsidige kompetencer indenfor kunst og kultur, ledelse og kulturformidling, og vi er s\u00e6rligt interesseret i dig, som b\u00e5de kan fundraise til udvikling og udstillinger, styre \u00f8konomi og drift og bidrage til museets hverdag med tilstedev\u00e6relse, menneskelighed og udsyn&#8221;, st\u00e5r der i stillingsopslaget.<\/p>\n<p>&#8211; Vi har lavet et bredt opslag, der betyder, at mange forskellige personer vil kunne s\u00f8ge. Det bliver sp\u00e6ndende at se, hvilke kompetencer der vil komme i spil, siger Jytte Nielsen, daglig leder af Museum Thy og bestyrelsesformand for den erhvervsdrivende fond, Kirsten Kj\u00e6rs Museum.<\/p>\n<a class=\"dvrt-link\" onClick=\"cdmtrack_click(1130,jQuery(this));return false\" href=\"https:\/\/www.thistedforsikring.dk\/?utm_source=partnerskaber&amp;utm_campaign=kun_thy\"><img decoding=\"async\" style=\"width:100%;\" src=\"https:\/\/kunmedierne.dk\/thy\/wp-content\/uploads\/sites\/2\/2025\/04\/260409KunThyThisted-For-1.png\"><\/a><script>cdmtrack_view(1130);<\/script>\n<p>N\u00e5r stillingen som leder af Kirsten Kj\u00e6rs Museum nu bliver ledig, skyldes det, at Pia Skogberg g\u00e5r p\u00e5 pension &#8211; med henblik p\u00e5 ogs\u00e5 at f\u00e5 tid til at v\u00e6re ud\u00f8vende kunstner.<\/p>\n<p>Pia Skogberg har v\u00e6ret leder af Kirsten Kj\u00e6rs Museum siden 2019, og i den periode har hun v\u00e6ret med til at opdatere den permanente udstilling og har skabt forskellige aktiviteter for ud\u00f8vende, nulevende kunstnere i og omkring museet.<\/p>\n<p>&#8211; Jeg er allermest stolt af, at jeg har v\u00e6ret med til at s\u00f8ge penge hjem til bogen &#8220;Kirsten Kj\u00e6r. Menneskemaler&#8221;, og jeg har haft et fremragende samarbejde med forfatteren Hanne Abildgaard, fort\u00e6ller Pia Skogberg.<\/p>\n<p>Hun tilf\u00f8jer:<\/p>\n<p>&#8211; Jeg er ogs\u00e5 stolt af at have arbejdet for, at nulevende ud\u00f8vende kunstnere bliver honoreret for deres arbejde.<\/p>\n<p>Ud over den faste udstilling af Kirsten Kj\u00e6rs malerier i den centrale hovedbygningen, arrangeres skiftende udstillinger med inviterede kunstnere i sidegallerierne.<\/p>\n<a class=\"dvrt-link\" onClick=\"cdmtrack_click(689,jQuery(this));return false\" href=\"https:\/\/www.thistedbolig.dk\"><img decoding=\"async\" style=\"width:100%;\" src=\"https:\/\/kunmedierne.dk\/thy\/wp-content\/uploads\/sites\/2\/2025\/03\/260414ThistedBoligApril-opslag-002-1.jpg\"><\/a><script>cdmtrack_view(689);<\/script>\n<p>Det er med stor fortr\u00f8stning, at Pia Skogberg overgiver museet til en ny leder.<\/p>\n<p>&#8211; \u00d8konomien er ok, og den kommende leder har mulighed for at k\u00f8re linjen videre, men der er ogs\u00e5 et godt afs\u00e6t for en ny udvikling. Det bliver meget sp\u00e6ndende at f\u00f8lge med i, siger Pia Skogberg.<\/p>\n<p>Den nye leder tilbydes en m\u00e5neds &#8220;onboarding&#8221; i april i samarbejde med Pia Skogberg &#8211; og det understreges i stillingsopslaget, at der vil v\u00e6re tid til at se fremad, da s\u00e6sonens to udstillinger er planlagt for 2026.<\/p>\n<p>Kirsten Kj\u00e6rs Museum har en god gruppe af frivillige, der har en stor rolle at spille i de publikumsrelaterede aktiviteter.<\/p>\n<a class=\"dvrt-link\" onClick=\"cdmtrack_click(18790,jQuery(this));return false\" href=\"https:\/\/thymors.dk\/sponsorater\/15-til-faellesskabet?utm_source=kunthy&amp;utm_medium=annonce&amp;utm_campaign=sponsorater\"><img decoding=\"async\" style=\"width:100%;\" src=\"https:\/\/kunmedierne.dk\/thy\/wp-content\/uploads\/sites\/2\/2026\/03\/260407ThyMors-energi_faellesskab_generel-1.jpg\"><\/a><script>cdmtrack_view(18790);<\/script>\n<p>Derfor l\u00e6gges der i stillingsopslaget ogs\u00e5 v\u00e6gt p\u00e5, at den nye leder har &#8220;flair for menneskelige relationer og respekt for andres indsats og dedikation&#8221;.<\/p>\n<p>Udover at v\u00e6re et museum dedikeret til en kvindelig billedkunstner er Kirsten Kj\u00e6rs Museum ogs\u00e5 et levende m\u00f8dested for mange former for kultur, idet der er musiksal, v\u00e6rksteder og dejlige, natursk\u00f8nne omgivelser.<\/p>\n<p>&#8211; Museet st\u00e5r et godt sted. Vi har gode udstillingsaktiviteter og en h\u00f8j kvalitet i formidlingen, understreger Jytte Nielsen.<\/p>\n<p><a href=\"https:\/\/www.kkmuseum.dk\/stillingsopslag-ny-leder\/\">L\u00e6s om stillingen.<\/a><\/p>\n<p>Kirsten Kj\u00e6rs Museum blev stiftet i 1983.<\/p>\n","protected":false},"excerpt":{"rendered":"<p>LANGVAD: I Langvad t\u00e6t p\u00e5 Fr\u00f8strup ligger en enest\u00e5ende attraktion, nemlig Danmarks eneste kunstmuseum dedikeret til en kvindelig billedkunstner. Nu er stillingen som daglig leder sl\u00e5et op &#8211; med ans\u00f8gningsfrist 15. februar. &#8220;Vi s\u00f8ger et menneske med alsidige kompetencer indenfor kunst og kultur, ledelse og kulturformidling, og vi er s\u00e6rligt interesseret i dig, som b\u00e5de [&hellip;]<\/p>\n","protected":false},"author":1925,"featured_media":0,"comment_status":"closed","ping_status":"closed","sticky":false,"template":"","format":"standard","meta":{"_acf_changed":false,"footnotes":""},"categories":[21],"tags":[85,45],"class_list":["post-15722","post","type-post","status-publish","format-standard","hentry","category-kultur","tag-kultur","tag-museer"],"acf":[],"yoast_head":"<!-- This site is optimized with the Yoast SEO plugin v26.8 - https:\/\/yoast.com\/product\/yoast-seo-wordpress\/ -->\n<title>Kirsten Kj\u00e6rs Museum skal have ny leder - Thy<\/title>\n<meta name=\"robots\" content=\"index, follow, max-snippet:-1, max-image-preview:large, max-video-preview:-1\" \/>\n<link rel=\"canonical\" href=\"https:\/\/kunmedierne.dk\/thy\/kirsten-kjaers-museum-skal-have-ny-leder\/\" \/>\n<meta property=\"og:locale\" content=\"da_DK\" \/>\n<meta property=\"og:type\" content=\"article\" \/>\n<meta property=\"og:title\" content=\"Kirsten Kj\u00e6rs Museum skal have ny leder - Thy\" \/>\n<meta property=\"og:description\" content=\"LANGVAD: I Langvad t\u00e6t p\u00e5 Fr\u00f8strup ligger en enest\u00e5ende attraktion, nemlig Danmarks eneste kunstmuseum dedikeret til en kvindelig billedkunstner. Nu er stillingen som daglig leder sl\u00e5et op &#8211; med ans\u00f8gningsfrist 15. februar. &#8220;Vi s\u00f8ger et menneske med alsidige kompetencer indenfor kunst og kultur, ledelse og kulturformidling, og vi er s\u00e6rligt interesseret i dig, som b\u00e5de [&hellip;]\" \/>\n<meta property=\"og:url\" content=\"https:\/\/kunmedierne.dk\/thy\/kirsten-kjaers-museum-skal-have-ny-leder\/\" \/>\n<meta property=\"og:site_name\" content=\"Thy\" \/>\n<meta property=\"article:published_time\" content=\"2026-01-09T12:41:11+00:00\" \/>\n<meta name=\"author\" content=\"Lone L\u00e6rke Krog\" \/>\n<meta name=\"twitter:card\" content=\"summary_large_image\" \/>\n<meta name=\"twitter:label1\" content=\"Skrevet af\" \/>\n\t<meta name=\"twitter:data1\" content=\"Lone L\u00e6rke Krog\" \/>\n\t<meta name=\"twitter:label2\" content=\"Estimeret l\u00e6setid\" \/>\n\t<meta name=\"twitter:data2\" content=\"3 minutter\" \/>\n<script type=\"application\/ld+json\" class=\"yoast-schema-graph\">{\"@context\":\"https:\/\/schema.org\",\"@graph\":[{\"@type\":\"Article\",\"@id\":\"https:\/\/kunmedierne.dk\/thy\/kirsten-kjaers-museum-skal-have-ny-leder\/#article\",\"isPartOf\":{\"@id\":\"https:\/\/kunmedierne.dk\/thy\/kirsten-kjaers-museum-skal-have-ny-leder\/\"},\"author\":{\"name\":\"Lone L\u00e6rke Krog\",\"@id\":\"https:\/\/kunmedierne.dk\/thy\/#\/schema\/person\/d266634ba6550d075ecf540d63b245d2\"},\"headline\":\"Kirsten Kj\u00e6rs Museum skal have ny leder\",\"datePublished\":\"2026-01-09T12:41:11+00:00\",\"mainEntityOfPage\":{\"@id\":\"https:\/\/kunmedierne.dk\/thy\/kirsten-kjaers-museum-skal-have-ny-leder\/\"},\"wordCount\":523,\"publisher\":{\"@id\":\"https:\/\/kunmedierne.dk\/thy\/#organization\"},\"keywords\":[\"kultur\",\"Museer\"],\"articleSection\":[\"Kultur\"],\"inLanguage\":\"da-DK\"},{\"@type\":\"WebPage\",\"@id\":\"https:\/\/kunmedierne.dk\/thy\/kirsten-kjaers-museum-skal-have-ny-leder\/\",\"url\":\"https:\/\/kunmedierne.dk\/thy\/kirsten-kjaers-museum-skal-have-ny-leder\/\",\"name\":\"Kirsten Kj\u00e6rs Museum skal have ny leder - Thy\",\"isPartOf\":{\"@id\":\"https:\/\/kunmedierne.dk\/thy\/#website\"},\"datePublished\":\"2026-01-09T12:41:11+00:00\",\"breadcrumb\":{\"@id\":\"https:\/\/kunmedierne.dk\/thy\/kirsten-kjaers-museum-skal-have-ny-leder\/#breadcrumb\"},\"inLanguage\":\"da-DK\",\"potentialAction\":[{\"@type\":\"ReadAction\",\"target\":[\"https:\/\/kunmedierne.dk\/thy\/kirsten-kjaers-museum-skal-have-ny-leder\/\"]}]},{\"@type\":\"BreadcrumbList\",\"@id\":\"https:\/\/kunmedierne.dk\/thy\/kirsten-kjaers-museum-skal-have-ny-leder\/#breadcrumb\",\"itemListElement\":[{\"@type\":\"ListItem\",\"position\":1,\"name\":\"Home\",\"item\":\"https:\/\/kunmedierne.dk\/thy\/\"},{\"@type\":\"ListItem\",\"position\":2,\"name\":\"Kirsten Kj\u00e6rs Museum skal have ny leder\"}]},{\"@type\":\"WebSite\",\"@id\":\"https:\/\/kunmedierne.dk\/thy\/#website\",\"url\":\"https:\/\/kunmedierne.dk\/thy\/\",\"name\":\"Thy\",\"description\":\"et netmedie med journalistik om livet i Thy\",\"publisher\":{\"@id\":\"https:\/\/kunmedierne.dk\/thy\/#organization\"},\"potentialAction\":[{\"@type\":\"SearchAction\",\"target\":{\"@type\":\"EntryPoint\",\"urlTemplate\":\"https:\/\/kunmedierne.dk\/thy\/?s={search_term_string}\"},\"query-input\":{\"@type\":\"PropertyValueSpecification\",\"valueRequired\":true,\"valueName\":\"search_term_string\"}}],\"inLanguage\":\"da-DK\"},{\"@type\":\"Organization\",\"@id\":\"https:\/\/kunmedierne.dk\/thy\/#organization\",\"name\":\"Thy\",\"url\":\"https:\/\/kunmedierne.dk\/thy\/\",\"logo\":{\"@type\":\"ImageObject\",\"inLanguage\":\"da-DK\",\"@id\":\"https:\/\/kunmedierne.dk\/thy\/#\/schema\/logo\/image\/\",\"url\":\"https:\/\/kunmedierne.dk\/thy\/wp-content\/uploads\/sites\/2\/2025\/04\/kunthy-logo.svg\",\"contentUrl\":\"https:\/\/kunmedierne.dk\/thy\/wp-content\/uploads\/sites\/2\/2025\/04\/kunthy-logo.svg\",\"caption\":\"Thy\"},\"image\":{\"@id\":\"https:\/\/kunmedierne.dk\/thy\/#\/schema\/logo\/image\/\"}},{\"@type\":\"Person\",\"@id\":\"https:\/\/kunmedierne.dk\/thy\/#\/schema\/person\/d266634ba6550d075ecf540d63b245d2\",\"name\":\"Lone L\u00e6rke Krog\",\"image\":{\"@type\":\"ImageObject\",\"inLanguage\":\"da-DK\",\"@id\":\"https:\/\/kunmedierne.dk\/thy\/#\/schema\/person\/image\/\",\"url\":\"https:\/\/secure.gravatar.com\/avatar\/496ddc7080e56b4ac64cfd4e56bd6d1ee396fa3db1923aa22f11346f60bb135b?s=96&d=mm&r=g\",\"contentUrl\":\"https:\/\/secure.gravatar.com\/avatar\/496ddc7080e56b4ac64cfd4e56bd6d1ee396fa3db1923aa22f11346f60bb135b?s=96&d=mm&r=g\",\"caption\":\"Lone L\u00e6rke Krog\"},\"url\":\"https:\/\/kunmedierne.dk\/thy\/author\/llk\/\"}]}<\/script>\n<!-- \/ Yoast SEO plugin. -->","yoast_head_json":{"title":"Kirsten Kj\u00e6rs Museum skal have ny leder - Thy","robots":{"index":"index","follow":"follow","max-snippet":"max-snippet:-1","max-image-preview":"max-image-preview:large","max-video-preview":"max-video-preview:-1"},"canonical":"https:\/\/kunmedierne.dk\/thy\/kirsten-kjaers-museum-skal-have-ny-leder\/","og_locale":"da_DK","og_type":"article","og_title":"Kirsten Kj\u00e6rs Museum skal have ny leder - Thy","og_description":"LANGVAD: I Langvad t\u00e6t p\u00e5 Fr\u00f8strup ligger en enest\u00e5ende attraktion, nemlig Danmarks eneste kunstmuseum dedikeret til en kvindelig billedkunstner. Nu er stillingen som daglig leder sl\u00e5et op &#8211; med ans\u00f8gningsfrist 15. februar. &#8220;Vi s\u00f8ger et menneske med alsidige kompetencer indenfor kunst og kultur, ledelse og kulturformidling, og vi er s\u00e6rligt interesseret i dig, som b\u00e5de [&hellip;]","og_url":"https:\/\/kunmedierne.dk\/thy\/kirsten-kjaers-museum-skal-have-ny-leder\/","og_site_name":"Thy","article_published_time":"2026-01-09T12:41:11+00:00","author":"Lone L\u00e6rke Krog","twitter_card":"summary_large_image","twitter_misc":{"Skrevet af":"Lone L\u00e6rke Krog","Estimeret l\u00e6setid":"3 minutter"},"schema":{"@context":"https:\/\/schema.org","@graph":[{"@type":"Article","@id":"https:\/\/kunmedierne.dk\/thy\/kirsten-kjaers-museum-skal-have-ny-leder\/#article","isPartOf":{"@id":"https:\/\/kunmedierne.dk\/thy\/kirsten-kjaers-museum-skal-have-ny-leder\/"},"author":{"name":"Lone L\u00e6rke Krog","@id":"https:\/\/kunmedierne.dk\/thy\/#\/schema\/person\/d266634ba6550d075ecf540d63b245d2"},"headline":"Kirsten Kj\u00e6rs Museum skal have ny leder","datePublished":"2026-01-09T12:41:11+00:00","mainEntityOfPage":{"@id":"https:\/\/kunmedierne.dk\/thy\/kirsten-kjaers-museum-skal-have-ny-leder\/"},"wordCount":523,"publisher":{"@id":"https:\/\/kunmedierne.dk\/thy\/#organization"},"keywords":["kultur","Museer"],"articleSection":["Kultur"],"inLanguage":"da-DK"},{"@type":"WebPage","@id":"https:\/\/kunmedierne.dk\/thy\/kirsten-kjaers-museum-skal-have-ny-leder\/","url":"https:\/\/kunmedierne.dk\/thy\/kirsten-kjaers-museum-skal-have-ny-leder\/","name":"Kirsten Kj\u00e6rs Museum skal have ny leder - Thy","isPartOf":{"@id":"https:\/\/kunmedierne.dk\/thy\/#website"},"datePublished":"2026-01-09T12:41:11+00:00","breadcrumb":{"@id":"https:\/\/kunmedierne.dk\/thy\/kirsten-kjaers-museum-skal-have-ny-leder\/#breadcrumb"},"inLanguage":"da-DK","potentialAction":[{"@type":"ReadAction","target":["https:\/\/kunmedierne.dk\/thy\/kirsten-kjaers-museum-skal-have-ny-leder\/"]}]},{"@type":"BreadcrumbList","@id":"https:\/\/kunmedierne.dk\/thy\/kirsten-kjaers-museum-skal-have-ny-leder\/#breadcrumb","itemListElement":[{"@type":"ListItem","position":1,"name":"Home","item":"https:\/\/kunmedierne.dk\/thy\/"},{"@type":"ListItem","position":2,"name":"Kirsten Kj\u00e6rs Museum skal have ny leder"}]},{"@type":"WebSite","@id":"https:\/\/kunmedierne.dk\/thy\/#website","url":"https:\/\/kunmedierne.dk\/thy\/","name":"Thy","description":"et netmedie med journalistik om livet i Thy","publisher":{"@id":"https:\/\/kunmedierne.dk\/thy\/#organization"},"potentialAction":[{"@type":"SearchAction","target":{"@type":"EntryPoint","urlTemplate":"https:\/\/kunmedierne.dk\/thy\/?s={search_term_string}"},"query-input":{"@type":"PropertyValueSpecification","valueRequired":true,"valueName":"search_term_string"}}],"inLanguage":"da-DK"},{"@type":"Organization","@id":"https:\/\/kunmedierne.dk\/thy\/#organization","name":"Thy","url":"https:\/\/kunmedierne.dk\/thy\/","logo":{"@type":"ImageObject","inLanguage":"da-DK","@id":"https:\/\/kunmedierne.dk\/thy\/#\/schema\/logo\/image\/","url":"https:\/\/kunmedierne.dk\/thy\/wp-content\/uploads\/sites\/2\/2025\/04\/kunthy-logo.svg","contentUrl":"https:\/\/kunmedierne.dk\/thy\/wp-content\/uploads\/sites\/2\/2025\/04\/kunthy-logo.svg","caption":"Thy"},"image":{"@id":"https:\/\/kunmedierne.dk\/thy\/#\/schema\/logo\/image\/"}},{"@type":"Person","@id":"https:\/\/kunmedierne.dk\/thy\/#\/schema\/person\/d266634ba6550d075ecf540d63b245d2","name":"Lone L\u00e6rke Krog","image":{"@type":"ImageObject","inLanguage":"da-DK","@id":"https:\/\/kunmedierne.dk\/thy\/#\/schema\/person\/image\/","url":"https:\/\/secure.gravatar.com\/avatar\/496ddc7080e56b4ac64cfd4e56bd6d1ee396fa3db1923aa22f11346f60bb135b?s=96&d=mm&r=g","contentUrl":"https:\/\/secure.gravatar.com\/avatar\/496ddc7080e56b4ac64cfd4e56bd6d1ee396fa3db1923aa22f11346f60bb135b?s=96&d=mm&r=g","caption":"Lone L\u00e6rke Krog"},"url":"https:\/\/kunmedierne.dk\/thy\/author\/llk\/"}]}},"_links":{"self":[{"href":"https:\/\/kunmedierne.dk\/thy\/wp-json\/wp\/v2\/posts\/15722","targetHints":{"allow":["GET"]}}],"collection":[{"href":"https:\/\/kunmedierne.dk\/thy\/wp-json\/wp\/v2\/posts"}],"about":[{"href":"https:\/\/kunmedierne.dk\/thy\/wp-json\/wp\/v2\/types\/post"}],"author":[{"embeddable":true,"href":"https:\/\/kunmedierne.dk\/thy\/wp-json\/wp\/v2\/users\/1925"}],"replies":[{"embeddable":true,"href":"https:\/\/kunmedierne.dk\/thy\/wp-json\/wp\/v2\/comments?post=15722"}],"version-history":[{"count":2,"href":"https:\/\/kunmedierne.dk\/thy\/wp-json\/wp\/v2\/posts\/15722\/revisions"}],"predecessor-version":[{"id":15745,"href":"https:\/\/kunmedierne.dk\/thy\/wp-json\/wp\/v2\/posts\/15722\/revisions\/15745"}],"wp:attachment":[{"href":"https:\/\/kunmedierne.dk\/thy\/wp-json\/wp\/v2\/media?parent=15722"}],"wp:term":[{"taxonomy":"category","embeddable":true,"href":"https:\/\/kunmedierne.dk\/thy\/wp-json\/wp\/v2\/categories?post=15722"},{"taxonomy":"post_tag","embeddable":true,"href":"https:\/\/kunmedierne.dk\/thy\/wp-json\/wp\/v2\/tags?post=15722"}],"curies":[{"name":"wp","href":"https:\/\/api.w.org\/{rel}","templated":true}]}}