{"id":15695,"date":"2026-01-08T15:44:41","date_gmt":"2026-01-08T14:44:41","guid":{"rendered":"https:\/\/kunmedierne.dk\/thy\/?p=15695"},"modified":"2026-01-08T15:44:41","modified_gmt":"2026-01-08T14:44:41","slug":"i-sne-og-slud-skal-hjemmeplejen-ud","status":"publish","type":"post","link":"https:\/\/kunmedierne.dk\/thy\/i-sne-og-slud-skal-hjemmeplejen-ud\/","title":{"rendered":"I sne og slud skal hjemmeplejen ud"},"content":{"rendered":"<p><strong>MIDTTHY:<\/strong> &#8211; Hvis du kan bruge mig p\u00e5 en g\u00e5rute i Snedsted, s\u00e5 er jeg med p\u00e5 den.<\/p>\n<p>S\u00e5dan l\u00f8d det fra Gunhild Thinggaard, da hun h\u00f8rte, at vagtplanl\u00e6ggeren var i knibe p\u00e5 grund af sygdom i personalet.<\/p>\n<p>P\u00e5 det tidspunkt onsdag var Gunhild halvt igennem sin arbejdsdag som social- og sundhedsassistent, men hun sagde ja til en aftenvagt samme dag.<\/p>\n<a class=\"dvrt-link\" onClick=\"cdmtrack_click(689,jQuery(this));return false\" href=\"https:\/\/www.thistedbolig.dk\"><img decoding=\"async\" style=\"width:100%;\" src=\"https:\/\/kunmedierne.dk\/thy\/wp-content\/uploads\/sites\/2\/2025\/03\/260414ThistedBoligApril-opslag-002-1.jpg\"><\/a><script>cdmtrack_view(689);<\/script>\n<p>Snevejret var allerede ret voldsomt, og der var varslet snestorm i l\u00f8bet af de kommende timer. Sammen med kollegaen Gritt Gertsen &#8211; der ogs\u00e5 tog en ekstravagt p\u00e5 to ben, skulle Gunhild bes\u00f8ge de \u00e6ldre og syge, der er visiteret til hjemmehj\u00e6lp i Snedsted by &#8211; og lidt uden for.<\/p>\n<p>&#8211; Jeg gik hjemmefra kl. 15.30, og der var temmelig meget sne. Vi gik i sne til kn\u00e6ene, men det gik alligevel hurtigere, end hvis vi havde k\u00f8rt i bil, fort\u00e6ller Gunhild.<\/p>\n<p>&#8211; Det v\u00e6rste var, at det var s\u00e5 spejlglat, der hvor de havde ryddet for sne. Jeg havde ondt i\u00a0 kn\u00e6ene, da jeg kom hjem, fordi du hele tiden g\u00e5r og sp\u00e6nder, fort\u00e6ller hun.<\/p>\n<p>P\u00e5 et tidspunkt i l\u00f8bet af aftenen kom Gunhild ud til et \u00e6ldre \u00e6gtepar 1,5 km uden for Snedsted. &#8220;Det er den g\u00e5ende hjemmepleje&#8221;, annoncerede hun.<\/p>\n<a class=\"dvrt-link\" onClick=\"cdmtrack_click(18790,jQuery(this));return false\" href=\"https:\/\/thymors.dk\/sponsorater\/15-til-faellesskabet?utm_source=kunthy&amp;utm_medium=annonce&amp;utm_campaign=sponsorater\"><img decoding=\"async\" style=\"width:100%;\" src=\"https:\/\/kunmedierne.dk\/thy\/wp-content\/uploads\/sites\/2\/2026\/03\/260407ThyMors-energi_faellesskab_generel-1.jpg\"><\/a><script>cdmtrack_view(18790);<\/script>\n<p>Parret blev meget forbl\u00f8ffede over, at hun var g\u00e5et ud p\u00e5 landet i snevejret, og manden tilb\u00f8d at k\u00f8re hende, men det afslog hun og fortsatte til den n\u00e6ste borger p\u00e5 vejen &#8211; et par hundrede meter l\u00e6ngere v\u00e6k.<\/p>\n<p>S\u00e5 kom der en bilist ad den lille vej. Det viste sig at v\u00e6re manden fra f\u00f8r. Nu fik den g\u00e5ende hjemmehj\u00e6lper en lodret ordre:<\/p>\n<p>&#8211; Kan du s\u00e5 komme ind i bilen, s\u00e5 skal jeg k\u00f8re dig til Snedsted, husker Gunhild &#8211; og tilf\u00f8jer:<\/p>\n<p>&#8211; Det var da helt vildt s\u00f8dt af ham.<\/p>\n<p>Gunhild har siden 2011 v\u00e6ret tilknyttet Hjemmeplejen Midtthy, der har et borgergrundlag p\u00e5 omkring 350.<\/p>\n<a class=\"dvrt-link\" onClick=\"cdmtrack_click(683,jQuery(this));return false\" href=\"https:\/\/vester-begr.dk\/?utm_source=google&amp;utm_medium=advative&amp;gad_source=1&amp;gclid=Cj0KCQjwtJ6_BhDWARIsAGanmKfl-hGVVjCYiOgSKoGoxrow4kvXybZsnruKJYTslvqZDywT6a9PCQwaAmBjEALw_wcB\"><img decoding=\"async\" style=\"width:100%;\" src=\"https:\/\/kunmedierne.dk\/thy\/wp-content\/uploads\/sites\/2\/2025\/03\/260203VesterHoukaer-02022026.jpg\"><\/a><script>cdmtrack_view(683);<\/script>\n<p>Her er Hanne Kloster teamleder, og hun fort\u00e6ller, at flere af medarbejderne tilb\u00f8d at m\u00f8de ekstra ind, da der blev varslet snestorm. Ogs\u00e5 i Vorup\u00f8r blev der lagt en g\u00e5rute.<\/p>\n<p>&#8211; Jeg blev bl\u00e6st helt bagover af deres vilje til at hj\u00e6lpe med at f\u00e5 det til at fungere. Allerede tirsdag var der nogen, der tilb\u00f8d at tage deres arbejdsuniform med hjem, s\u00e5 de kunne k\u00f8re ud hjemmefra, fort\u00e6ller Hanne Kloster.<\/p>\n<div id=\"attachment_15712\" style=\"width: 1242px\" class=\"wp-caption alignnone\"><img loading=\"lazy\" decoding=\"async\" aria-describedby=\"caption-attachment-15712\" class=\"wp-image-15712 size-full\" src=\"https:\/\/kunmedierne.dk\/thy\/wp-content\/uploads\/sites\/2\/2026\/01\/Unavngivet-1232-x-802-px-2026-01-08T153234.514.jpg\" alt=\"\" width=\"1232\" height=\"802\" srcset=\"https:\/\/kunmedierne.dk\/thy\/wp-content\/uploads\/sites\/2\/2026\/01\/Unavngivet-1232-x-802-px-2026-01-08T153234.514.jpg 1232w, https:\/\/kunmedierne.dk\/thy\/wp-content\/uploads\/sites\/2\/2026\/01\/Unavngivet-1232-x-802-px-2026-01-08T153234.514-300x195.jpg 300w, https:\/\/kunmedierne.dk\/thy\/wp-content\/uploads\/sites\/2\/2026\/01\/Unavngivet-1232-x-802-px-2026-01-08T153234.514-1024x667.jpg 1024w, https:\/\/kunmedierne.dk\/thy\/wp-content\/uploads\/sites\/2\/2026\/01\/Unavngivet-1232-x-802-px-2026-01-08T153234.514-510x332.jpg 510w\" sizes=\"auto, (max-width: 1232px) 100vw, 1232px\" \/><p id=\"caption-attachment-15712\" class=\"wp-caption-text\">&#8211; Jeg har nogle fantastiske medarbejdere, siger teamleder Hanne Kloster, Hjemmeplejen Midtthy.<\/p><\/div>\n<p>Hun fort\u00e6ller, at alle teamledere og lederen af hjemmeplejen i Thisted Kommune, Nina Odde, tirsdag holdt et m\u00f8de, hvor de gennemgik forskellige procedurer for, hvordan arbejdet kunne udf\u00f8res under den varslede snestorm. Der var borgere, der godt kunne undv\u00e6re et aftenbes\u00f8g &#8211; m\u00e5ske kunne der stilles sm\u00f8rrebr\u00f8d i k\u00f8leskabet til dem &#8211; eller de kunne beholde st\u00f8ttestr\u00f8mperne p\u00e5 om natten. Nogle har p\u00e5r\u00f8rende, som kunne kontaktes, og andre gav selv besked om, at de fik assistance p\u00e5 anden vis.<\/p>\n<p>&#8211; Rigtig mange er gode til at ringe selv og sige, at de klarer sig, hvis vi ikke kan komme ud, fort\u00e6ller Hanne Kloster.<\/p>\n<p>Hjemmeplejen i Thisted Kommune har en r\u00e6kke faste procedurer i l\u00f8bet af \u00e5ret, hvor det afklares, om udstyret til vinteren er bestilt og tilg\u00e6ngeligt &#8211; alt fra sneskrabere til snesko og isspray til bilerne &#8211; og det afklares, hvem der kontakter beredskabet, hvis der bliver brug for det.<\/p>\n<a class=\"dvrt-link\" onClick=\"cdmtrack_click(685,jQuery(this));return false\" href=\"https:\/\/wensien.dk\/begravelse\/?gad_source=1&gclid=Cj0KCQjwtJ6_BhDWARIsAGanmKcWw6hbeoepGti1oApJGHln52gMbg8EBRZ86__3P1AJZ5dcsw4ZvNEaAk7JEALw_wcB\"><img decoding=\"async\" style=\"width:100%;\" src=\"https:\/\/kunmedierne.dk\/thy\/wp-content\/uploads\/sites\/2\/2025\/03\/wensien-stenhugger.jpg\"><\/a><script>cdmtrack_view(685);<\/script>\n<p>Denne gang synes det farlige vejr at v\u00e6re drevet over. Men Hanne Kloster varmer sig ved tanken om de beredvillige medarbejdere.<\/p>\n<p>&#8211; Vi oplever heldigvis, at der altid er nogen, der byder ind. Det er virkelig dejligt som leder at have s\u00e5 gode folk omkring sig, siger hun.<\/p>\n<p>Gunhild:<\/p>\n<p>&#8211; Vi, der er gamle i g\u00e5rde, ved godt, at vi skal give en ekstra h\u00e5nd, n\u00e5r det er n\u00f8dvendigt.<\/p>\n<p>Torsdag morgen m\u00f8dte hun ind kl. 7, selv om dobbeltvagten onsdag sluttede kl. 21.45.<\/p>\n<div id=\"attachment_15713\" style=\"width: 1242px\" class=\"wp-caption alignnone\"><img loading=\"lazy\" decoding=\"async\" aria-describedby=\"caption-attachment-15713\" class=\"wp-image-15713 size-full\" src=\"https:\/\/kunmedierne.dk\/thy\/wp-content\/uploads\/sites\/2\/2026\/01\/Unavngivet-1232-x-802-px-2026-01-08T153202.150.jpg\" alt=\"\" width=\"1232\" height=\"802\" srcset=\"https:\/\/kunmedierne.dk\/thy\/wp-content\/uploads\/sites\/2\/2026\/01\/Unavngivet-1232-x-802-px-2026-01-08T153202.150.jpg 1232w, https:\/\/kunmedierne.dk\/thy\/wp-content\/uploads\/sites\/2\/2026\/01\/Unavngivet-1232-x-802-px-2026-01-08T153202.150-300x195.jpg 300w, https:\/\/kunmedierne.dk\/thy\/wp-content\/uploads\/sites\/2\/2026\/01\/Unavngivet-1232-x-802-px-2026-01-08T153202.150-1024x667.jpg 1024w, https:\/\/kunmedierne.dk\/thy\/wp-content\/uploads\/sites\/2\/2026\/01\/Unavngivet-1232-x-802-px-2026-01-08T153202.150-510x332.jpg 510w\" sizes=\"auto, (max-width: 1232px) 100vw, 1232px\" \/><p id=\"caption-attachment-15713\" class=\"wp-caption-text\">Gunhild Thinggaard har v\u00e6ret tilknyttet hjemmeplejen i Midtthy siden 2011.<\/p><\/div>\n<p>&nbsp;<\/p>\n<p>&nbsp;<\/p>\n","protected":false},"excerpt":{"rendered":"<p>MIDTTHY: &#8211; Hvis du kan bruge mig p\u00e5 en g\u00e5rute i Snedsted, s\u00e5 er jeg med p\u00e5 den. S\u00e5dan l\u00f8d det fra Gunhild Thinggaard, da hun h\u00f8rte, at vagtplanl\u00e6ggeren var i knibe p\u00e5 grund af sygdom i personalet. P\u00e5 det tidspunkt onsdag var Gunhild halvt igennem sin arbejdsdag som social- og sundhedsassistent, men hun sagde [&hellip;]<\/p>\n","protected":false},"author":1925,"featured_media":0,"comment_status":"closed","ping_status":"closed","sticky":false,"template":"","format":"standard","meta":{"_acf_changed":false,"footnotes":""},"categories":[24],"tags":[38,47],"class_list":["post-15695","post","type-post","status-publish","format-standard","hentry","category-lokalt","tag-mennesker","tag-sundhed"],"acf":[],"yoast_head":"<!-- This site is optimized with the Yoast SEO plugin v26.8 - https:\/\/yoast.com\/product\/yoast-seo-wordpress\/ -->\n<title>I sne og slud skal hjemmeplejen ud - Thy<\/title>\n<meta name=\"robots\" content=\"index, follow, max-snippet:-1, max-image-preview:large, max-video-preview:-1\" \/>\n<link rel=\"canonical\" href=\"https:\/\/kunmedierne.dk\/thy\/i-sne-og-slud-skal-hjemmeplejen-ud\/\" \/>\n<meta property=\"og:locale\" content=\"da_DK\" \/>\n<meta property=\"og:type\" content=\"article\" \/>\n<meta property=\"og:title\" content=\"I sne og slud skal hjemmeplejen ud - Thy\" \/>\n<meta property=\"og:description\" content=\"MIDTTHY: &#8211; Hvis du kan bruge mig p\u00e5 en g\u00e5rute i Snedsted, s\u00e5 er jeg med p\u00e5 den. S\u00e5dan l\u00f8d det fra Gunhild Thinggaard, da hun h\u00f8rte, at vagtplanl\u00e6ggeren var i knibe p\u00e5 grund af sygdom i personalet. P\u00e5 det tidspunkt onsdag var Gunhild halvt igennem sin arbejdsdag som social- og sundhedsassistent, men hun sagde [&hellip;]\" \/>\n<meta property=\"og:url\" content=\"https:\/\/kunmedierne.dk\/thy\/i-sne-og-slud-skal-hjemmeplejen-ud\/\" \/>\n<meta property=\"og:site_name\" content=\"Thy\" \/>\n<meta property=\"article:published_time\" content=\"2026-01-08T14:44:41+00:00\" \/>\n<meta property=\"og:image\" content=\"https:\/\/kunmedierne.dk\/thy\/wp-content\/uploads\/sites\/2\/2026\/01\/Unavngivet-1232-x-802-px-2026-01-08T153234.514.jpg\" \/>\n<meta name=\"author\" content=\"Lone L\u00e6rke Krog\" \/>\n<meta name=\"twitter:card\" content=\"summary_large_image\" \/>\n<meta name=\"twitter:label1\" content=\"Skrevet af\" \/>\n\t<meta name=\"twitter:data1\" content=\"Lone L\u00e6rke Krog\" \/>\n\t<meta name=\"twitter:label2\" content=\"Estimeret l\u00e6setid\" \/>\n\t<meta name=\"twitter:data2\" content=\"4 minutter\" \/>\n<script type=\"application\/ld+json\" class=\"yoast-schema-graph\">{\"@context\":\"https:\/\/schema.org\",\"@graph\":[{\"@type\":\"Article\",\"@id\":\"https:\/\/kunmedierne.dk\/thy\/i-sne-og-slud-skal-hjemmeplejen-ud\/#article\",\"isPartOf\":{\"@id\":\"https:\/\/kunmedierne.dk\/thy\/i-sne-og-slud-skal-hjemmeplejen-ud\/\"},\"author\":{\"name\":\"Lone L\u00e6rke Krog\",\"@id\":\"https:\/\/kunmedierne.dk\/thy\/#\/schema\/person\/d266634ba6550d075ecf540d63b245d2\"},\"headline\":\"I sne og slud skal hjemmeplejen ud\",\"datePublished\":\"2026-01-08T14:44:41+00:00\",\"mainEntityOfPage\":{\"@id\":\"https:\/\/kunmedierne.dk\/thy\/i-sne-og-slud-skal-hjemmeplejen-ud\/\"},\"wordCount\":729,\"publisher\":{\"@id\":\"https:\/\/kunmedierne.dk\/thy\/#organization\"},\"image\":{\"@id\":\"https:\/\/kunmedierne.dk\/thy\/i-sne-og-slud-skal-hjemmeplejen-ud\/#primaryimage\"},\"thumbnailUrl\":\"https:\/\/kunmedierne.dk\/thy\/wp-content\/uploads\/sites\/2\/2026\/01\/Unavngivet-1232-x-802-px-2026-01-08T153234.514.jpg\",\"keywords\":[\"Mennesker\",\"Sundhed\"],\"articleSection\":[\"Lokalt\"],\"inLanguage\":\"da-DK\"},{\"@type\":\"WebPage\",\"@id\":\"https:\/\/kunmedierne.dk\/thy\/i-sne-og-slud-skal-hjemmeplejen-ud\/\",\"url\":\"https:\/\/kunmedierne.dk\/thy\/i-sne-og-slud-skal-hjemmeplejen-ud\/\",\"name\":\"I sne og slud skal hjemmeplejen ud - Thy\",\"isPartOf\":{\"@id\":\"https:\/\/kunmedierne.dk\/thy\/#website\"},\"primaryImageOfPage\":{\"@id\":\"https:\/\/kunmedierne.dk\/thy\/i-sne-og-slud-skal-hjemmeplejen-ud\/#primaryimage\"},\"image\":{\"@id\":\"https:\/\/kunmedierne.dk\/thy\/i-sne-og-slud-skal-hjemmeplejen-ud\/#primaryimage\"},\"thumbnailUrl\":\"https:\/\/kunmedierne.dk\/thy\/wp-content\/uploads\/sites\/2\/2026\/01\/Unavngivet-1232-x-802-px-2026-01-08T153234.514.jpg\",\"datePublished\":\"2026-01-08T14:44:41+00:00\",\"breadcrumb\":{\"@id\":\"https:\/\/kunmedierne.dk\/thy\/i-sne-og-slud-skal-hjemmeplejen-ud\/#breadcrumb\"},\"inLanguage\":\"da-DK\",\"potentialAction\":[{\"@type\":\"ReadAction\",\"target\":[\"https:\/\/kunmedierne.dk\/thy\/i-sne-og-slud-skal-hjemmeplejen-ud\/\"]}]},{\"@type\":\"ImageObject\",\"inLanguage\":\"da-DK\",\"@id\":\"https:\/\/kunmedierne.dk\/thy\/i-sne-og-slud-skal-hjemmeplejen-ud\/#primaryimage\",\"url\":\"https:\/\/kunmedierne.dk\/thy\/wp-content\/uploads\/sites\/2\/2026\/01\/Unavngivet-1232-x-802-px-2026-01-08T153234.514.jpg\",\"contentUrl\":\"https:\/\/kunmedierne.dk\/thy\/wp-content\/uploads\/sites\/2\/2026\/01\/Unavngivet-1232-x-802-px-2026-01-08T153234.514.jpg\",\"width\":1232,\"height\":802},{\"@type\":\"BreadcrumbList\",\"@id\":\"https:\/\/kunmedierne.dk\/thy\/i-sne-og-slud-skal-hjemmeplejen-ud\/#breadcrumb\",\"itemListElement\":[{\"@type\":\"ListItem\",\"position\":1,\"name\":\"Home\",\"item\":\"https:\/\/kunmedierne.dk\/thy\/\"},{\"@type\":\"ListItem\",\"position\":2,\"name\":\"I sne og slud skal hjemmeplejen ud\"}]},{\"@type\":\"WebSite\",\"@id\":\"https:\/\/kunmedierne.dk\/thy\/#website\",\"url\":\"https:\/\/kunmedierne.dk\/thy\/\",\"name\":\"Thy\",\"description\":\"et netmedie med journalistik om livet i Thy\",\"publisher\":{\"@id\":\"https:\/\/kunmedierne.dk\/thy\/#organization\"},\"potentialAction\":[{\"@type\":\"SearchAction\",\"target\":{\"@type\":\"EntryPoint\",\"urlTemplate\":\"https:\/\/kunmedierne.dk\/thy\/?s={search_term_string}\"},\"query-input\":{\"@type\":\"PropertyValueSpecification\",\"valueRequired\":true,\"valueName\":\"search_term_string\"}}],\"inLanguage\":\"da-DK\"},{\"@type\":\"Organization\",\"@id\":\"https:\/\/kunmedierne.dk\/thy\/#organization\",\"name\":\"Thy\",\"url\":\"https:\/\/kunmedierne.dk\/thy\/\",\"logo\":{\"@type\":\"ImageObject\",\"inLanguage\":\"da-DK\",\"@id\":\"https:\/\/kunmedierne.dk\/thy\/#\/schema\/logo\/image\/\",\"url\":\"https:\/\/kunmedierne.dk\/thy\/wp-content\/uploads\/sites\/2\/2025\/04\/kunthy-logo.svg\",\"contentUrl\":\"https:\/\/kunmedierne.dk\/thy\/wp-content\/uploads\/sites\/2\/2025\/04\/kunthy-logo.svg\",\"caption\":\"Thy\"},\"image\":{\"@id\":\"https:\/\/kunmedierne.dk\/thy\/#\/schema\/logo\/image\/\"}},{\"@type\":\"Person\",\"@id\":\"https:\/\/kunmedierne.dk\/thy\/#\/schema\/person\/d266634ba6550d075ecf540d63b245d2\",\"name\":\"Lone L\u00e6rke Krog\",\"image\":{\"@type\":\"ImageObject\",\"inLanguage\":\"da-DK\",\"@id\":\"https:\/\/kunmedierne.dk\/thy\/#\/schema\/person\/image\/\",\"url\":\"https:\/\/secure.gravatar.com\/avatar\/496ddc7080e56b4ac64cfd4e56bd6d1ee396fa3db1923aa22f11346f60bb135b?s=96&d=mm&r=g\",\"contentUrl\":\"https:\/\/secure.gravatar.com\/avatar\/496ddc7080e56b4ac64cfd4e56bd6d1ee396fa3db1923aa22f11346f60bb135b?s=96&d=mm&r=g\",\"caption\":\"Lone L\u00e6rke Krog\"},\"url\":\"https:\/\/kunmedierne.dk\/thy\/author\/llk\/\"}]}<\/script>\n<!-- \/ Yoast SEO plugin. -->","yoast_head_json":{"title":"I sne og slud skal hjemmeplejen ud - Thy","robots":{"index":"index","follow":"follow","max-snippet":"max-snippet:-1","max-image-preview":"max-image-preview:large","max-video-preview":"max-video-preview:-1"},"canonical":"https:\/\/kunmedierne.dk\/thy\/i-sne-og-slud-skal-hjemmeplejen-ud\/","og_locale":"da_DK","og_type":"article","og_title":"I sne og slud skal hjemmeplejen ud - Thy","og_description":"MIDTTHY: &#8211; Hvis du kan bruge mig p\u00e5 en g\u00e5rute i Snedsted, s\u00e5 er jeg med p\u00e5 den. S\u00e5dan l\u00f8d det fra Gunhild Thinggaard, da hun h\u00f8rte, at vagtplanl\u00e6ggeren var i knibe p\u00e5 grund af sygdom i personalet. P\u00e5 det tidspunkt onsdag var Gunhild halvt igennem sin arbejdsdag som social- og sundhedsassistent, men hun sagde [&hellip;]","og_url":"https:\/\/kunmedierne.dk\/thy\/i-sne-og-slud-skal-hjemmeplejen-ud\/","og_site_name":"Thy","article_published_time":"2026-01-08T14:44:41+00:00","og_image":[{"url":"https:\/\/kunmedierne.dk\/thy\/wp-content\/uploads\/sites\/2\/2026\/01\/Unavngivet-1232-x-802-px-2026-01-08T153234.514.jpg","type":"","width":"","height":""}],"author":"Lone L\u00e6rke Krog","twitter_card":"summary_large_image","twitter_misc":{"Skrevet af":"Lone L\u00e6rke Krog","Estimeret l\u00e6setid":"4 minutter"},"schema":{"@context":"https:\/\/schema.org","@graph":[{"@type":"Article","@id":"https:\/\/kunmedierne.dk\/thy\/i-sne-og-slud-skal-hjemmeplejen-ud\/#article","isPartOf":{"@id":"https:\/\/kunmedierne.dk\/thy\/i-sne-og-slud-skal-hjemmeplejen-ud\/"},"author":{"name":"Lone L\u00e6rke Krog","@id":"https:\/\/kunmedierne.dk\/thy\/#\/schema\/person\/d266634ba6550d075ecf540d63b245d2"},"headline":"I sne og slud skal hjemmeplejen ud","datePublished":"2026-01-08T14:44:41+00:00","mainEntityOfPage":{"@id":"https:\/\/kunmedierne.dk\/thy\/i-sne-og-slud-skal-hjemmeplejen-ud\/"},"wordCount":729,"publisher":{"@id":"https:\/\/kunmedierne.dk\/thy\/#organization"},"image":{"@id":"https:\/\/kunmedierne.dk\/thy\/i-sne-og-slud-skal-hjemmeplejen-ud\/#primaryimage"},"thumbnailUrl":"https:\/\/kunmedierne.dk\/thy\/wp-content\/uploads\/sites\/2\/2026\/01\/Unavngivet-1232-x-802-px-2026-01-08T153234.514.jpg","keywords":["Mennesker","Sundhed"],"articleSection":["Lokalt"],"inLanguage":"da-DK"},{"@type":"WebPage","@id":"https:\/\/kunmedierne.dk\/thy\/i-sne-og-slud-skal-hjemmeplejen-ud\/","url":"https:\/\/kunmedierne.dk\/thy\/i-sne-og-slud-skal-hjemmeplejen-ud\/","name":"I sne og slud skal hjemmeplejen ud - Thy","isPartOf":{"@id":"https:\/\/kunmedierne.dk\/thy\/#website"},"primaryImageOfPage":{"@id":"https:\/\/kunmedierne.dk\/thy\/i-sne-og-slud-skal-hjemmeplejen-ud\/#primaryimage"},"image":{"@id":"https:\/\/kunmedierne.dk\/thy\/i-sne-og-slud-skal-hjemmeplejen-ud\/#primaryimage"},"thumbnailUrl":"https:\/\/kunmedierne.dk\/thy\/wp-content\/uploads\/sites\/2\/2026\/01\/Unavngivet-1232-x-802-px-2026-01-08T153234.514.jpg","datePublished":"2026-01-08T14:44:41+00:00","breadcrumb":{"@id":"https:\/\/kunmedierne.dk\/thy\/i-sne-og-slud-skal-hjemmeplejen-ud\/#breadcrumb"},"inLanguage":"da-DK","potentialAction":[{"@type":"ReadAction","target":["https:\/\/kunmedierne.dk\/thy\/i-sne-og-slud-skal-hjemmeplejen-ud\/"]}]},{"@type":"ImageObject","inLanguage":"da-DK","@id":"https:\/\/kunmedierne.dk\/thy\/i-sne-og-slud-skal-hjemmeplejen-ud\/#primaryimage","url":"https:\/\/kunmedierne.dk\/thy\/wp-content\/uploads\/sites\/2\/2026\/01\/Unavngivet-1232-x-802-px-2026-01-08T153234.514.jpg","contentUrl":"https:\/\/kunmedierne.dk\/thy\/wp-content\/uploads\/sites\/2\/2026\/01\/Unavngivet-1232-x-802-px-2026-01-08T153234.514.jpg","width":1232,"height":802},{"@type":"BreadcrumbList","@id":"https:\/\/kunmedierne.dk\/thy\/i-sne-og-slud-skal-hjemmeplejen-ud\/#breadcrumb","itemListElement":[{"@type":"ListItem","position":1,"name":"Home","item":"https:\/\/kunmedierne.dk\/thy\/"},{"@type":"ListItem","position":2,"name":"I sne og slud skal hjemmeplejen ud"}]},{"@type":"WebSite","@id":"https:\/\/kunmedierne.dk\/thy\/#website","url":"https:\/\/kunmedierne.dk\/thy\/","name":"Thy","description":"et netmedie med journalistik om livet i Thy","publisher":{"@id":"https:\/\/kunmedierne.dk\/thy\/#organization"},"potentialAction":[{"@type":"SearchAction","target":{"@type":"EntryPoint","urlTemplate":"https:\/\/kunmedierne.dk\/thy\/?s={search_term_string}"},"query-input":{"@type":"PropertyValueSpecification","valueRequired":true,"valueName":"search_term_string"}}],"inLanguage":"da-DK"},{"@type":"Organization","@id":"https:\/\/kunmedierne.dk\/thy\/#organization","name":"Thy","url":"https:\/\/kunmedierne.dk\/thy\/","logo":{"@type":"ImageObject","inLanguage":"da-DK","@id":"https:\/\/kunmedierne.dk\/thy\/#\/schema\/logo\/image\/","url":"https:\/\/kunmedierne.dk\/thy\/wp-content\/uploads\/sites\/2\/2025\/04\/kunthy-logo.svg","contentUrl":"https:\/\/kunmedierne.dk\/thy\/wp-content\/uploads\/sites\/2\/2025\/04\/kunthy-logo.svg","caption":"Thy"},"image":{"@id":"https:\/\/kunmedierne.dk\/thy\/#\/schema\/logo\/image\/"}},{"@type":"Person","@id":"https:\/\/kunmedierne.dk\/thy\/#\/schema\/person\/d266634ba6550d075ecf540d63b245d2","name":"Lone L\u00e6rke Krog","image":{"@type":"ImageObject","inLanguage":"da-DK","@id":"https:\/\/kunmedierne.dk\/thy\/#\/schema\/person\/image\/","url":"https:\/\/secure.gravatar.com\/avatar\/496ddc7080e56b4ac64cfd4e56bd6d1ee396fa3db1923aa22f11346f60bb135b?s=96&d=mm&r=g","contentUrl":"https:\/\/secure.gravatar.com\/avatar\/496ddc7080e56b4ac64cfd4e56bd6d1ee396fa3db1923aa22f11346f60bb135b?s=96&d=mm&r=g","caption":"Lone L\u00e6rke Krog"},"url":"https:\/\/kunmedierne.dk\/thy\/author\/llk\/"}]}},"_links":{"self":[{"href":"https:\/\/kunmedierne.dk\/thy\/wp-json\/wp\/v2\/posts\/15695","targetHints":{"allow":["GET"]}}],"collection":[{"href":"https:\/\/kunmedierne.dk\/thy\/wp-json\/wp\/v2\/posts"}],"about":[{"href":"https:\/\/kunmedierne.dk\/thy\/wp-json\/wp\/v2\/types\/post"}],"author":[{"embeddable":true,"href":"https:\/\/kunmedierne.dk\/thy\/wp-json\/wp\/v2\/users\/1925"}],"replies":[{"embeddable":true,"href":"https:\/\/kunmedierne.dk\/thy\/wp-json\/wp\/v2\/comments?post=15695"}],"version-history":[{"count":6,"href":"https:\/\/kunmedierne.dk\/thy\/wp-json\/wp\/v2\/posts\/15695\/revisions"}],"predecessor-version":[{"id":15717,"href":"https:\/\/kunmedierne.dk\/thy\/wp-json\/wp\/v2\/posts\/15695\/revisions\/15717"}],"wp:attachment":[{"href":"https:\/\/kunmedierne.dk\/thy\/wp-json\/wp\/v2\/media?parent=15695"}],"wp:term":[{"taxonomy":"category","embeddable":true,"href":"https:\/\/kunmedierne.dk\/thy\/wp-json\/wp\/v2\/categories?post=15695"},{"taxonomy":"post_tag","embeddable":true,"href":"https:\/\/kunmedierne.dk\/thy\/wp-json\/wp\/v2\/tags?post=15695"}],"curies":[{"name":"wp","href":"https:\/\/api.w.org\/{rel}","templated":true}]}}