{"id":15656,"date":"2026-01-08T10:29:01","date_gmt":"2026-01-08T09:29:01","guid":{"rendered":"https:\/\/kunmedierne.dk\/thy\/?p=15656"},"modified":"2026-01-08T10:29:01","modified_gmt":"2026-01-08T09:29:01","slug":"84-aarig-med-roedder-i-thy-udgiver-digtsamling-om-sit-livs-rejse","status":"publish","type":"post","link":"https:\/\/kunmedierne.dk\/thy\/84-aarig-med-roedder-i-thy-udgiver-digtsamling-om-sit-livs-rejse\/","title":{"rendered":"84-\u00e5rig med r\u00f8dder i Thy udgiver digtsamling om sit livs rejse"},"content":{"rendered":"<p><strong>THY:\u00a0<\/strong>Gennem de seneste 10 \u00e5r har hun boet i N\u00e6stved, men 84-\u00e5rige Nancy Stauersb\u00f8l Kristensen har altid haft Thy i sit hjerte og venter tit tilbage til barndommens land i Thy.<\/p>\n<a class=\"dvrt-link\" onClick=\"cdmtrack_click(687,jQuery(this));return false\" href=\"https:\/\/konpap.dk\/?gad_source=1&gclid=Cj0KCQjwtJ6_BhDWARIsAGanmKfOBLC3RBm6obWL5sEb-mp4bsp5QjqWW4j4nx22y0YT2iMiXJcv3MoaApR_EALw_wcB\"><img decoding=\"async\" style=\"width:100%;\" src=\"https:\/\/kunmedierne.dk\/thy\/wp-content\/uploads\/sites\/2\/2025\/03\/redoffice.jpg\"><\/a><script>cdmtrack_view(687);<\/script>\n<p>Derfor er flere af digtene i hendes digtsamling &#8220;D\u00f8 med minder &#8211; ikke med med dr\u00f8mme&#8221; skrevet med inspiration fra barndommen og ungdommens \u00e5r i Thy. Nancy Stauersb\u00f8l Kristense er f\u00f8dt i en fattig arbejderfamilie under 2. verdenskrig og digtene beskriver en rejse gennem hendes livs minder.<\/p>\n<div id=\"attachment_15670\" style=\"width: 197px\" class=\"wp-caption aligncenter\"><img loading=\"lazy\" decoding=\"async\" aria-describedby=\"caption-attachment-15670\" class=\"wp-image-15670 size-medium\" src=\"https:\/\/kunmedierne.dk\/thy\/wp-content\/uploads\/sites\/2\/2026\/01\/Digter2-187x300.jpg\" alt=\"\" width=\"187\" height=\"300\" srcset=\"https:\/\/kunmedierne.dk\/thy\/wp-content\/uploads\/sites\/2\/2026\/01\/Digter2-187x300.jpg 187w, https:\/\/kunmedierne.dk\/thy\/wp-content\/uploads\/sites\/2\/2026\/01\/Digter2-640x1024.jpg 640w, https:\/\/kunmedierne.dk\/thy\/wp-content\/uploads\/sites\/2\/2026\/01\/Digter2-510x816.jpg 510w, https:\/\/kunmedierne.dk\/thy\/wp-content\/uploads\/sites\/2\/2026\/01\/Digter2.jpg 1476w\" sizes=\"auto, (max-width: 187px) 100vw, 187px\" \/><p id=\"caption-attachment-15670\" class=\"wp-caption-text\">&#8220;D\u00f8 med minder &#8211; ikke med med dr\u00f8mme&#8221; er blandt andet skrevet med inspiration fra forfatterens barndom og ungdom i Thy.<\/p><\/div>\n<p>&nbsp;<\/p>\n<p>Her bliver\u00a0barndommens krigs\u00e5r og knaphed fulgt af ungdommens frihed, voksenlivets arbejde og alderdommens eftertanke. Nancy Stauersb\u00f8l Kristensen beskriver hverdagen i Danmark fra landsbyens fattigdom og fabrikkens slid til r\u00f8dstr\u00f8mpernes opr\u00f8r, k\u00e6rlighedens mange former og de stille stunder i haven, hvor fuglene synger igen.<\/p>\n<a class=\"dvrt-link\" onClick=\"cdmtrack_click(683,jQuery(this));return false\" href=\"https:\/\/vester-begr.dk\/?utm_source=google&amp;utm_medium=advative&amp;gad_source=1&amp;gclid=Cj0KCQjwtJ6_BhDWARIsAGanmKfl-hGVVjCYiOgSKoGoxrow4kvXybZsnruKJYTslvqZDywT6a9PCQwaAmBjEALw_wcB\"><img decoding=\"async\" style=\"width:100%;\" src=\"https:\/\/kunmedierne.dk\/thy\/wp-content\/uploads\/sites\/2\/2025\/03\/260203VesterHoukaer-02022026.jpg\"><\/a><script>cdmtrack_view(683);<\/script>\n<p>Nancy Stauersb\u00f8l Kristensen arbejdede efter skolegangen p\u00e5 fabrik b\u00e5de i Thy og p\u00e5 Bang og Olufsen i Struer, inden hun blev gift. Efter nogle \u00e5r i provinsen flyttede hun til K\u00f8benhavn. I 1970&#8217;erne tog hun en HF, der blev adgangen til hendes 3-\u00e5rige socialr\u00e5dgiveruddannelse.<\/p>\n<p>&#8211; Jeg h\u00e5ber min digte b\u00e5de v\u00e6kker lyse minder og skaber eftertanke om m\u00f8rke tider. Og som nu en gammel dame synes jeg, titlen rummer et s\u00e5 vigtigt budskab. Alting synes at skulle g\u00e5 s\u00e5 hurtigt i dag. Vi skal s\u00f8rge for, at smukke minder fra svundne tider lever videre. For i dem bor der ogs\u00e5 meget l\u00e6ring og livsklogskab\u201d, siger hun.<\/p>\n","protected":false},"excerpt":{"rendered":"<p>THY:\u00a0Gennem de seneste 10 \u00e5r har hun boet i N\u00e6stved, men 84-\u00e5rige Nancy Stauersb\u00f8l Kristensen har altid haft Thy i sit hjerte og venter tit tilbage til barndommens land i Thy. Derfor er flere af digtene i hendes digtsamling &#8220;D\u00f8 med minder &#8211; ikke med med dr\u00f8mme&#8221; skrevet med inspiration fra barndommen og ungdommens \u00e5r [&hellip;]<\/p>\n","protected":false},"author":4535,"featured_media":0,"comment_status":"closed","ping_status":"closed","sticky":false,"template":"","format":"standard","meta":{"_acf_changed":false,"footnotes":""},"categories":[24],"tags":[85],"class_list":["post-15656","post","type-post","status-publish","format-standard","hentry","category-lokalt","tag-kultur"],"acf":[],"yoast_head":"<!-- This site is optimized with the Yoast SEO plugin v26.8 - https:\/\/yoast.com\/product\/yoast-seo-wordpress\/ -->\n<title>84-\u00e5rig med r\u00f8dder i Thy udgiver digtsamling om sit livs rejse - Thy<\/title>\n<meta name=\"robots\" content=\"index, follow, max-snippet:-1, max-image-preview:large, max-video-preview:-1\" \/>\n<link rel=\"canonical\" href=\"https:\/\/kunmedierne.dk\/thy\/84-aarig-med-roedder-i-thy-udgiver-digtsamling-om-sit-livs-rejse\/\" \/>\n<meta property=\"og:locale\" content=\"da_DK\" \/>\n<meta property=\"og:type\" content=\"article\" \/>\n<meta property=\"og:title\" content=\"84-\u00e5rig med r\u00f8dder i Thy udgiver digtsamling om sit livs rejse - Thy\" \/>\n<meta property=\"og:description\" content=\"THY:\u00a0Gennem de seneste 10 \u00e5r har hun boet i N\u00e6stved, men 84-\u00e5rige Nancy Stauersb\u00f8l Kristensen har altid haft Thy i sit hjerte og venter tit tilbage til barndommens land i Thy. Derfor er flere af digtene i hendes digtsamling &#8220;D\u00f8 med minder &#8211; ikke med med dr\u00f8mme&#8221; skrevet med inspiration fra barndommen og ungdommens \u00e5r [&hellip;]\" \/>\n<meta property=\"og:url\" content=\"https:\/\/kunmedierne.dk\/thy\/84-aarig-med-roedder-i-thy-udgiver-digtsamling-om-sit-livs-rejse\/\" \/>\n<meta property=\"og:site_name\" content=\"Thy\" \/>\n<meta property=\"article:published_time\" content=\"2026-01-08T09:29:01+00:00\" \/>\n<meta property=\"og:image\" content=\"https:\/\/kunmedierne.dk\/thy\/wp-content\/uploads\/sites\/2\/2026\/01\/Digter2-187x300.jpg\" \/>\n<meta name=\"author\" content=\"Jens Fogh Andersen\" \/>\n<meta name=\"twitter:card\" content=\"summary_large_image\" \/>\n<meta name=\"twitter:label1\" content=\"Skrevet af\" \/>\n\t<meta name=\"twitter:data1\" content=\"Jens Fogh Andersen\" \/>\n\t<meta name=\"twitter:label2\" content=\"Estimeret l\u00e6setid\" \/>\n\t<meta name=\"twitter:data2\" content=\"2 minutter\" \/>\n<script type=\"application\/ld+json\" class=\"yoast-schema-graph\">{\"@context\":\"https:\/\/schema.org\",\"@graph\":[{\"@type\":\"Article\",\"@id\":\"https:\/\/kunmedierne.dk\/thy\/84-aarig-med-roedder-i-thy-udgiver-digtsamling-om-sit-livs-rejse\/#article\",\"isPartOf\":{\"@id\":\"https:\/\/kunmedierne.dk\/thy\/84-aarig-med-roedder-i-thy-udgiver-digtsamling-om-sit-livs-rejse\/\"},\"author\":{\"name\":\"Jens Fogh Andersen\",\"@id\":\"https:\/\/kunmedierne.dk\/thy\/#\/schema\/person\/88f5be46809ca2a5533760eb574fef93\"},\"headline\":\"84-\u00e5rig med r\u00f8dder i Thy udgiver digtsamling om sit livs rejse\",\"datePublished\":\"2026-01-08T09:29:01+00:00\",\"mainEntityOfPage\":{\"@id\":\"https:\/\/kunmedierne.dk\/thy\/84-aarig-med-roedder-i-thy-udgiver-digtsamling-om-sit-livs-rejse\/\"},\"wordCount\":297,\"publisher\":{\"@id\":\"https:\/\/kunmedierne.dk\/thy\/#organization\"},\"image\":{\"@id\":\"https:\/\/kunmedierne.dk\/thy\/84-aarig-med-roedder-i-thy-udgiver-digtsamling-om-sit-livs-rejse\/#primaryimage\"},\"thumbnailUrl\":\"https:\/\/kunmedierne.dk\/thy\/wp-content\/uploads\/sites\/2\/2026\/01\/Digter2-187x300.jpg\",\"keywords\":[\"kultur\"],\"articleSection\":[\"Lokalt\"],\"inLanguage\":\"da-DK\"},{\"@type\":\"WebPage\",\"@id\":\"https:\/\/kunmedierne.dk\/thy\/84-aarig-med-roedder-i-thy-udgiver-digtsamling-om-sit-livs-rejse\/\",\"url\":\"https:\/\/kunmedierne.dk\/thy\/84-aarig-med-roedder-i-thy-udgiver-digtsamling-om-sit-livs-rejse\/\",\"name\":\"84-\u00e5rig med r\u00f8dder i Thy udgiver digtsamling om sit livs rejse - Thy\",\"isPartOf\":{\"@id\":\"https:\/\/kunmedierne.dk\/thy\/#website\"},\"primaryImageOfPage\":{\"@id\":\"https:\/\/kunmedierne.dk\/thy\/84-aarig-med-roedder-i-thy-udgiver-digtsamling-om-sit-livs-rejse\/#primaryimage\"},\"image\":{\"@id\":\"https:\/\/kunmedierne.dk\/thy\/84-aarig-med-roedder-i-thy-udgiver-digtsamling-om-sit-livs-rejse\/#primaryimage\"},\"thumbnailUrl\":\"https:\/\/kunmedierne.dk\/thy\/wp-content\/uploads\/sites\/2\/2026\/01\/Digter2-187x300.jpg\",\"datePublished\":\"2026-01-08T09:29:01+00:00\",\"breadcrumb\":{\"@id\":\"https:\/\/kunmedierne.dk\/thy\/84-aarig-med-roedder-i-thy-udgiver-digtsamling-om-sit-livs-rejse\/#breadcrumb\"},\"inLanguage\":\"da-DK\",\"potentialAction\":[{\"@type\":\"ReadAction\",\"target\":[\"https:\/\/kunmedierne.dk\/thy\/84-aarig-med-roedder-i-thy-udgiver-digtsamling-om-sit-livs-rejse\/\"]}]},{\"@type\":\"ImageObject\",\"inLanguage\":\"da-DK\",\"@id\":\"https:\/\/kunmedierne.dk\/thy\/84-aarig-med-roedder-i-thy-udgiver-digtsamling-om-sit-livs-rejse\/#primaryimage\",\"url\":\"https:\/\/kunmedierne.dk\/thy\/wp-content\/uploads\/sites\/2\/2026\/01\/Digter2.jpg\",\"contentUrl\":\"https:\/\/kunmedierne.dk\/thy\/wp-content\/uploads\/sites\/2\/2026\/01\/Digter2.jpg\",\"width\":1476,\"height\":2362},{\"@type\":\"BreadcrumbList\",\"@id\":\"https:\/\/kunmedierne.dk\/thy\/84-aarig-med-roedder-i-thy-udgiver-digtsamling-om-sit-livs-rejse\/#breadcrumb\",\"itemListElement\":[{\"@type\":\"ListItem\",\"position\":1,\"name\":\"Home\",\"item\":\"https:\/\/kunmedierne.dk\/thy\/\"},{\"@type\":\"ListItem\",\"position\":2,\"name\":\"84-\u00e5rig med r\u00f8dder i Thy udgiver digtsamling om sit livs rejse\"}]},{\"@type\":\"WebSite\",\"@id\":\"https:\/\/kunmedierne.dk\/thy\/#website\",\"url\":\"https:\/\/kunmedierne.dk\/thy\/\",\"name\":\"Thy\",\"description\":\"et netmedie med journalistik om livet i Thy\",\"publisher\":{\"@id\":\"https:\/\/kunmedierne.dk\/thy\/#organization\"},\"potentialAction\":[{\"@type\":\"SearchAction\",\"target\":{\"@type\":\"EntryPoint\",\"urlTemplate\":\"https:\/\/kunmedierne.dk\/thy\/?s={search_term_string}\"},\"query-input\":{\"@type\":\"PropertyValueSpecification\",\"valueRequired\":true,\"valueName\":\"search_term_string\"}}],\"inLanguage\":\"da-DK\"},{\"@type\":\"Organization\",\"@id\":\"https:\/\/kunmedierne.dk\/thy\/#organization\",\"name\":\"Thy\",\"url\":\"https:\/\/kunmedierne.dk\/thy\/\",\"logo\":{\"@type\":\"ImageObject\",\"inLanguage\":\"da-DK\",\"@id\":\"https:\/\/kunmedierne.dk\/thy\/#\/schema\/logo\/image\/\",\"url\":\"https:\/\/kunmedierne.dk\/thy\/wp-content\/uploads\/sites\/2\/2025\/04\/kunthy-logo.svg\",\"contentUrl\":\"https:\/\/kunmedierne.dk\/thy\/wp-content\/uploads\/sites\/2\/2025\/04\/kunthy-logo.svg\",\"caption\":\"Thy\"},\"image\":{\"@id\":\"https:\/\/kunmedierne.dk\/thy\/#\/schema\/logo\/image\/\"}},{\"@type\":\"Person\",\"@id\":\"https:\/\/kunmedierne.dk\/thy\/#\/schema\/person\/88f5be46809ca2a5533760eb574fef93\",\"name\":\"Jens Fogh Andersen\",\"image\":{\"@type\":\"ImageObject\",\"inLanguage\":\"da-DK\",\"@id\":\"https:\/\/kunmedierne.dk\/thy\/#\/schema\/person\/image\/\",\"url\":\"https:\/\/secure.gravatar.com\/avatar\/2b367a4ef139b1c41dccc9ee7af926b81f8b4cca3359772e86c7fd5ced26c0a3?s=96&d=mm&r=g\",\"contentUrl\":\"https:\/\/secure.gravatar.com\/avatar\/2b367a4ef139b1c41dccc9ee7af926b81f8b4cca3359772e86c7fd5ced26c0a3?s=96&d=mm&r=g\",\"caption\":\"Jens Fogh Andersen\"},\"url\":\"https:\/\/kunmedierne.dk\/thy\/author\/jfa\/\"}]}<\/script>\n<!-- \/ Yoast SEO plugin. -->","yoast_head_json":{"title":"84-\u00e5rig med r\u00f8dder i Thy udgiver digtsamling om sit livs rejse - Thy","robots":{"index":"index","follow":"follow","max-snippet":"max-snippet:-1","max-image-preview":"max-image-preview:large","max-video-preview":"max-video-preview:-1"},"canonical":"https:\/\/kunmedierne.dk\/thy\/84-aarig-med-roedder-i-thy-udgiver-digtsamling-om-sit-livs-rejse\/","og_locale":"da_DK","og_type":"article","og_title":"84-\u00e5rig med r\u00f8dder i Thy udgiver digtsamling om sit livs rejse - Thy","og_description":"THY:\u00a0Gennem de seneste 10 \u00e5r har hun boet i N\u00e6stved, men 84-\u00e5rige Nancy Stauersb\u00f8l Kristensen har altid haft Thy i sit hjerte og venter tit tilbage til barndommens land i Thy. Derfor er flere af digtene i hendes digtsamling &#8220;D\u00f8 med minder &#8211; ikke med med dr\u00f8mme&#8221; skrevet med inspiration fra barndommen og ungdommens \u00e5r [&hellip;]","og_url":"https:\/\/kunmedierne.dk\/thy\/84-aarig-med-roedder-i-thy-udgiver-digtsamling-om-sit-livs-rejse\/","og_site_name":"Thy","article_published_time":"2026-01-08T09:29:01+00:00","og_image":[{"url":"https:\/\/kunmedierne.dk\/thy\/wp-content\/uploads\/sites\/2\/2026\/01\/Digter2-187x300.jpg","type":"","width":"","height":""}],"author":"Jens Fogh Andersen","twitter_card":"summary_large_image","twitter_misc":{"Skrevet af":"Jens Fogh Andersen","Estimeret l\u00e6setid":"2 minutter"},"schema":{"@context":"https:\/\/schema.org","@graph":[{"@type":"Article","@id":"https:\/\/kunmedierne.dk\/thy\/84-aarig-med-roedder-i-thy-udgiver-digtsamling-om-sit-livs-rejse\/#article","isPartOf":{"@id":"https:\/\/kunmedierne.dk\/thy\/84-aarig-med-roedder-i-thy-udgiver-digtsamling-om-sit-livs-rejse\/"},"author":{"name":"Jens Fogh Andersen","@id":"https:\/\/kunmedierne.dk\/thy\/#\/schema\/person\/88f5be46809ca2a5533760eb574fef93"},"headline":"84-\u00e5rig med r\u00f8dder i Thy udgiver digtsamling om sit livs rejse","datePublished":"2026-01-08T09:29:01+00:00","mainEntityOfPage":{"@id":"https:\/\/kunmedierne.dk\/thy\/84-aarig-med-roedder-i-thy-udgiver-digtsamling-om-sit-livs-rejse\/"},"wordCount":297,"publisher":{"@id":"https:\/\/kunmedierne.dk\/thy\/#organization"},"image":{"@id":"https:\/\/kunmedierne.dk\/thy\/84-aarig-med-roedder-i-thy-udgiver-digtsamling-om-sit-livs-rejse\/#primaryimage"},"thumbnailUrl":"https:\/\/kunmedierne.dk\/thy\/wp-content\/uploads\/sites\/2\/2026\/01\/Digter2-187x300.jpg","keywords":["kultur"],"articleSection":["Lokalt"],"inLanguage":"da-DK"},{"@type":"WebPage","@id":"https:\/\/kunmedierne.dk\/thy\/84-aarig-med-roedder-i-thy-udgiver-digtsamling-om-sit-livs-rejse\/","url":"https:\/\/kunmedierne.dk\/thy\/84-aarig-med-roedder-i-thy-udgiver-digtsamling-om-sit-livs-rejse\/","name":"84-\u00e5rig med r\u00f8dder i Thy udgiver digtsamling om sit livs rejse - Thy","isPartOf":{"@id":"https:\/\/kunmedierne.dk\/thy\/#website"},"primaryImageOfPage":{"@id":"https:\/\/kunmedierne.dk\/thy\/84-aarig-med-roedder-i-thy-udgiver-digtsamling-om-sit-livs-rejse\/#primaryimage"},"image":{"@id":"https:\/\/kunmedierne.dk\/thy\/84-aarig-med-roedder-i-thy-udgiver-digtsamling-om-sit-livs-rejse\/#primaryimage"},"thumbnailUrl":"https:\/\/kunmedierne.dk\/thy\/wp-content\/uploads\/sites\/2\/2026\/01\/Digter2-187x300.jpg","datePublished":"2026-01-08T09:29:01+00:00","breadcrumb":{"@id":"https:\/\/kunmedierne.dk\/thy\/84-aarig-med-roedder-i-thy-udgiver-digtsamling-om-sit-livs-rejse\/#breadcrumb"},"inLanguage":"da-DK","potentialAction":[{"@type":"ReadAction","target":["https:\/\/kunmedierne.dk\/thy\/84-aarig-med-roedder-i-thy-udgiver-digtsamling-om-sit-livs-rejse\/"]}]},{"@type":"ImageObject","inLanguage":"da-DK","@id":"https:\/\/kunmedierne.dk\/thy\/84-aarig-med-roedder-i-thy-udgiver-digtsamling-om-sit-livs-rejse\/#primaryimage","url":"https:\/\/kunmedierne.dk\/thy\/wp-content\/uploads\/sites\/2\/2026\/01\/Digter2.jpg","contentUrl":"https:\/\/kunmedierne.dk\/thy\/wp-content\/uploads\/sites\/2\/2026\/01\/Digter2.jpg","width":1476,"height":2362},{"@type":"BreadcrumbList","@id":"https:\/\/kunmedierne.dk\/thy\/84-aarig-med-roedder-i-thy-udgiver-digtsamling-om-sit-livs-rejse\/#breadcrumb","itemListElement":[{"@type":"ListItem","position":1,"name":"Home","item":"https:\/\/kunmedierne.dk\/thy\/"},{"@type":"ListItem","position":2,"name":"84-\u00e5rig med r\u00f8dder i Thy udgiver digtsamling om sit livs rejse"}]},{"@type":"WebSite","@id":"https:\/\/kunmedierne.dk\/thy\/#website","url":"https:\/\/kunmedierne.dk\/thy\/","name":"Thy","description":"et netmedie med journalistik om livet i Thy","publisher":{"@id":"https:\/\/kunmedierne.dk\/thy\/#organization"},"potentialAction":[{"@type":"SearchAction","target":{"@type":"EntryPoint","urlTemplate":"https:\/\/kunmedierne.dk\/thy\/?s={search_term_string}"},"query-input":{"@type":"PropertyValueSpecification","valueRequired":true,"valueName":"search_term_string"}}],"inLanguage":"da-DK"},{"@type":"Organization","@id":"https:\/\/kunmedierne.dk\/thy\/#organization","name":"Thy","url":"https:\/\/kunmedierne.dk\/thy\/","logo":{"@type":"ImageObject","inLanguage":"da-DK","@id":"https:\/\/kunmedierne.dk\/thy\/#\/schema\/logo\/image\/","url":"https:\/\/kunmedierne.dk\/thy\/wp-content\/uploads\/sites\/2\/2025\/04\/kunthy-logo.svg","contentUrl":"https:\/\/kunmedierne.dk\/thy\/wp-content\/uploads\/sites\/2\/2025\/04\/kunthy-logo.svg","caption":"Thy"},"image":{"@id":"https:\/\/kunmedierne.dk\/thy\/#\/schema\/logo\/image\/"}},{"@type":"Person","@id":"https:\/\/kunmedierne.dk\/thy\/#\/schema\/person\/88f5be46809ca2a5533760eb574fef93","name":"Jens Fogh Andersen","image":{"@type":"ImageObject","inLanguage":"da-DK","@id":"https:\/\/kunmedierne.dk\/thy\/#\/schema\/person\/image\/","url":"https:\/\/secure.gravatar.com\/avatar\/2b367a4ef139b1c41dccc9ee7af926b81f8b4cca3359772e86c7fd5ced26c0a3?s=96&d=mm&r=g","contentUrl":"https:\/\/secure.gravatar.com\/avatar\/2b367a4ef139b1c41dccc9ee7af926b81f8b4cca3359772e86c7fd5ced26c0a3?s=96&d=mm&r=g","caption":"Jens Fogh Andersen"},"url":"https:\/\/kunmedierne.dk\/thy\/author\/jfa\/"}]}},"_links":{"self":[{"href":"https:\/\/kunmedierne.dk\/thy\/wp-json\/wp\/v2\/posts\/15656","targetHints":{"allow":["GET"]}}],"collection":[{"href":"https:\/\/kunmedierne.dk\/thy\/wp-json\/wp\/v2\/posts"}],"about":[{"href":"https:\/\/kunmedierne.dk\/thy\/wp-json\/wp\/v2\/types\/post"}],"author":[{"embeddable":true,"href":"https:\/\/kunmedierne.dk\/thy\/wp-json\/wp\/v2\/users\/4535"}],"replies":[{"embeddable":true,"href":"https:\/\/kunmedierne.dk\/thy\/wp-json\/wp\/v2\/comments?post=15656"}],"version-history":[{"count":7,"href":"https:\/\/kunmedierne.dk\/thy\/wp-json\/wp\/v2\/posts\/15656\/revisions"}],"predecessor-version":[{"id":15673,"href":"https:\/\/kunmedierne.dk\/thy\/wp-json\/wp\/v2\/posts\/15656\/revisions\/15673"}],"wp:attachment":[{"href":"https:\/\/kunmedierne.dk\/thy\/wp-json\/wp\/v2\/media?parent=15656"}],"wp:term":[{"taxonomy":"category","embeddable":true,"href":"https:\/\/kunmedierne.dk\/thy\/wp-json\/wp\/v2\/categories?post=15656"},{"taxonomy":"post_tag","embeddable":true,"href":"https:\/\/kunmedierne.dk\/thy\/wp-json\/wp\/v2\/tags?post=15656"}],"curies":[{"name":"wp","href":"https:\/\/api.w.org\/{rel}","templated":true}]}}