{"id":15261,"date":"2026-01-10T06:22:26","date_gmt":"2026-01-10T05:22:26","guid":{"rendered":"https:\/\/kunmedierne.dk\/thy\/?p=15261"},"modified":"2026-01-14T08:45:23","modified_gmt":"2026-01-14T07:45:23","slug":"jakob-fra-thisted-blev-noget-ved-musikken-men-aendrede-retning-paa-vejen","status":"publish","type":"post","link":"https:\/\/kunmedierne.dk\/thy\/jakob-fra-thisted-blev-noget-ved-musikken-men-aendrede-retning-paa-vejen\/","title":{"rendered":"Jakob fra Thisted blev noget ved musikken, men \u00e6ndrede retning p\u00e5 vejen"},"content":{"rendered":"<p><strong>THISTED:<\/strong> &#8211; Jeg er sangskriver og producer. S\u00e5dan ser jeg mig selv i dag.<\/p>\n<p>34-\u00e5rige Jakob Hammersh\u00f8j, alias Mont Jake, er forhenv\u00e6rende thybo. Han har i de seneste 10 \u00e5r boet i London, hvor han i lighed med mange andre f\u00f8r ham landede med en ambition om at &#8220;blive til noget ved musikken&#8221;.<\/p>\n<a class=\"dvrt-link\" onClick=\"cdmtrack_click(1130,jQuery(this));return false\" href=\"https:\/\/www.thistedforsikring.dk\/?utm_source=partnerskaber&amp;utm_campaign=kun_thy\"><img decoding=\"async\" style=\"width:100%;\" src=\"https:\/\/kunmedierne.dk\/thy\/wp-content\/uploads\/sites\/2\/2025\/04\/260409KunThyThisted-For-1.png\"><\/a><script>cdmtrack_view(1130);<\/script>\n<p>Oprindelig med tanke for en karriere som ud\u00f8vende musiker. Det forekom meget n\u00e6rliggende, efter han som en del af Thisted-bandet Mont Oliver, der blev dannet i 2010, fire \u00e5r senere ramte et forel\u00f8bigt all time high p\u00e5 den hjemlige musikscene og stod et sted, hvor muligheden for at tr\u00e6de ind p\u00e5 den internationale scene var indenfor r\u00e6kkevidde.<\/p>\n<p>Scenen er der stadig, men Jakob Hammersh\u00f8j st\u00e5r ikke helt fremme i rampelyset. Med base i London arbejder han mere tilbagetrukket som sangskriver og producer for andre kunstnere, en af dem danske Andreas Odbjerg, som lagde vejen forbi hans studie i London. Over fire dage i oktober producerede de fire sange, blandt dem &#8220;Jeg tror jeg elsker dig for evigt&#8221;, Andreas Odbjerg udgav 9. januar.<\/p>\n<p>&#8211; Det var sjovt at v\u00e6re sammen med Andreas igen efter 10 \u00e5r, siger Jakob Hammersh\u00f8j med tanke for, at deres f\u00e6lles relation g\u00e5r tilbage til 2014, hvor de m\u00f8dte hinanden p\u00e5 Rytmisk Musikkonservatorium i K\u00f8benhavn. Her var Jakob begyndt p\u00e5 sangskriverlinjen.<\/p>\n<div id=\"attachment_15266\" style=\"width: 1242px\" class=\"wp-caption alignnone\"><img loading=\"lazy\" decoding=\"async\" aria-describedby=\"caption-attachment-15266\" class=\"wp-image-15266 size-full\" src=\"https:\/\/kunmedierne.dk\/thy\/wp-content\/uploads\/sites\/2\/2025\/12\/Design-uden-navn-2025-12-29T174425.667.jpg\" alt=\"\" width=\"1232\" height=\"821\" srcset=\"https:\/\/kunmedierne.dk\/thy\/wp-content\/uploads\/sites\/2\/2025\/12\/Design-uden-navn-2025-12-29T174425.667.jpg 1232w, https:\/\/kunmedierne.dk\/thy\/wp-content\/uploads\/sites\/2\/2025\/12\/Design-uden-navn-2025-12-29T174425.667-300x200.jpg 300w, https:\/\/kunmedierne.dk\/thy\/wp-content\/uploads\/sites\/2\/2025\/12\/Design-uden-navn-2025-12-29T174425.667-1024x682.jpg 1024w, https:\/\/kunmedierne.dk\/thy\/wp-content\/uploads\/sites\/2\/2025\/12\/Design-uden-navn-2025-12-29T174425.667-510x340.jpg 510w\" sizes=\"auto, (max-width: 1232px) 100vw, 1232px\" \/><p id=\"caption-attachment-15266\" class=\"wp-caption-text\">Med base i London arbejder Jakob Hammersh\u00f8j i dag som sangskriver og producer, men relationerne til Thisted, hvor det hele startede, er der stadig. Foto: Jens Fogh-Andersen<\/p><\/div>\n<p>&nbsp;<\/p>\n<p>I januar og februar i \u00e5r er han tilbage i K\u00f8benhavn for at arbejde &#8211; og m\u00e5ske er det arbejdet, der f\u00e5r ham til at vende hjem. M\u00e5ske.<\/p>\n<p>&#8211; Efter at have boet fast i London siden 2016, s\u00e5 flytter du ikke bare tilbage, siger Jakob Hammersh\u00f8j som uanset bop\u00e6l mener, at det han laver nu, er det han skal lave fremadrettet. Skrive sange og producere musik for andre.<\/p>\n<p>&nbsp;<\/p>\n<p><strong>En lang rejse<\/strong><\/p>\n<p>&#8211; Jeg har v\u00e6ret p\u00e5 en lang dannelsesrejse for at finde mig selv i det, jeg laver nu, siger han.<\/p>\n<p>Rejsen begyndte helt bogstavelig i k\u00e6lderen under barndomshjemmet p\u00e5 Poppelvej i Thisted, hvor en dengang 15-16 \u00e5rig kn\u00e6gt spillede coverversioner p\u00e5 guitaren, mixede musik p\u00e5 en computer og gradvis begyndte at skrive sange og musik.<\/p>\n<p>P\u00e5 gymnasiet m\u00f8dte han andre musikinteresserede. Det resulterede i, at Jakob sammen med tre kammerater begyndte at spille musik.<\/p>\n<p>&#8211; Jeg kom meget i URT. Her var et fantastisk milj\u00f8 og andre lokale bands. Et af dem var Artificial Brothers og jeg t\u00e6nkte: Det der, det gad jeg godt.<\/p>\n<a class=\"dvrt-link\" onClick=\"cdmtrack_click(685,jQuery(this));return false\" href=\"https:\/\/wensien.dk\/begravelse\/?gad_source=1&gclid=Cj0KCQjwtJ6_BhDWARIsAGanmKcWw6hbeoepGti1oApJGHln52gMbg8EBRZ86__3P1AJZ5dcsw4ZvNEaAk7JEALw_wcB\"><img decoding=\"async\" style=\"width:100%;\" src=\"https:\/\/kunmedierne.dk\/thy\/wp-content\/uploads\/sites\/2\/2025\/03\/wensien-stenhugger.jpg\"><\/a><script>cdmtrack_view(685);<\/script>\n<p>Gymnasiedrengene \u00f8vede, spillede i weekenderne og havde god opbakning. Og s\u00e5 blev bandet Mont Oliver til virkelighed.<\/p>\n<p>&#8211; Da jeg for alvor fandt ind i musikken, vidste jeg, hvad jeg ville. Set i bakspejlet var alt bare godt. Jeg boede jo hjemme i troen p\u00e5, at alt var muligt, fort\u00e6ller Jakob.<\/p>\n<p>Muligheden blev til virkelighed da han fandt sammen med en trommeslager, der kendte en bassist og s\u00e5 blev trioen udvidet med en keyboardspiller som blev spottet p\u00e5 gymnasiet, fordi han gik i en Radio Head t-shirt, som klart signalerede hans musiksmag.<\/p>\n<p>&#8211; Pludselig var vi fire. I hvert fald i et stykke tid, fort\u00e6ller Jakob, for da bandet i 2012 flyttede til K\u00f8benhavn, blev det igen til en trio, da et af medlemmerne slog sig ned i Aalborg for at g\u00e5 p\u00e5 musikkonservatoriet her.<\/p>\n<p>&#8211; S\u00e5 stod vi der i K\u00f8benhavn med et \u00f8velokale p\u00e5 Amager og skulle finde os selv og vores egen lyd som ikke skulle ligne noget, siger Jakob Hammersh\u00f8j, der sammen med Mads Bernt og Niels Christian Sommer udviklede Mont Olivers lyd fra oprindelig indierock til et helt eget univers og fik b\u00e5de musikalsk og kommerciel succes med det.<\/p>\n<p>&nbsp;<\/p>\n<p><strong>Succes &#8211; og isolation<\/strong><\/p>\n<p>I 2013 kom debutsinglen &#8220;White Sheets&#8221;, der samme \u00e5r blev fulgt op af EP&#8217;en &#8220;19&#8221;. Det gav masser af spilletid i radioen, masser af jobs og DR udr\u00e5bte Mont Oliver som et af dansk musiks st\u00f8rste h\u00e5b.<\/p>\n<p>&#8211; Jo mere succes, vi fik, jo mere begyndte jeg at isolere mig. S\u00e5 der fulgte et halvt \u00e5r, hvor vi slet ikke spillede. Da vi m\u00f8dtes igen, stod forskellige steder, fort\u00e6ller Jakob om den udvikling, der endte med at Mont Oliver stoppede.<\/p>\n<p>&#8211; Vi havde et sammenhold, hvor jeg var lederen, men jeg havde m\u00e5ske lidt for meget skyklapper p\u00e5 til at fornemme, om det jeg ville, var det samme de andre ville &#8211; og jo, jeg har da t\u00e6nkt over, hvordan det kunne v\u00e6re g\u00e5et videre frem, hvis vi havde gjort nogen ting anderledes, fort\u00e6ller Jakob om bruddet. Det kom p\u00e5 et kritisk tidspunkt, fordi skinnerne var lagt ud til at im\u00f8dekomme en stigende udenlandsk interesse.<\/p>\n<p>&#8211; Det gav ballade, da vi stoppede, og det var ikke en sjov tid for nogen af os, fort\u00e6ller Jakob, som i 2014 begyndte p\u00e5 det f\u00f8rste af to \u00e5r Rytmisk Musikkonservatorium i K\u00f8benhavn. P\u00e5 sangskriverlinjen.<\/p>\n<a class=\"dvrt-link\" onClick=\"cdmtrack_click(689,jQuery(this));return false\" href=\"https:\/\/www.thistedbolig.dk\"><img decoding=\"async\" style=\"width:100%;\" src=\"https:\/\/kunmedierne.dk\/thy\/wp-content\/uploads\/sites\/2\/2025\/03\/260414ThistedBoligApril-opslag-002-1.jpg\"><\/a><script>cdmtrack_view(689);<\/script>\n<p>Selv om han havde droppet musikken som ud\u00f8vende, havde branchen ikke glemt ham, og s\u00e5 blev Jakob Hammersh\u00f8j brandet som Mont Jake og udset som et nyt navn. I 2016 var det farvel til konservatoriet og &#8220;hello London&#8221;, en kontrakt med Island Records, fast hyre og egen A&amp;R &#8211; den person, pladeselskabet tilknytter musikere for at hj\u00e6lpe dem videre i karrieren. Jakobs A&amp;R var s\u00f8n af Andrew Lloyd Webber.<\/p>\n<div id=\"attachment_15265\" style=\"width: 1242px\" class=\"wp-caption alignnone\"><img loading=\"lazy\" decoding=\"async\" aria-describedby=\"caption-attachment-15265\" class=\"wp-image-15265 size-full\" src=\"https:\/\/kunmedierne.dk\/thy\/wp-content\/uploads\/sites\/2\/2025\/12\/Design-uden-navn-2025-12-29T174458.558.jpg\" alt=\"\" width=\"1232\" height=\"821\" srcset=\"https:\/\/kunmedierne.dk\/thy\/wp-content\/uploads\/sites\/2\/2025\/12\/Design-uden-navn-2025-12-29T174458.558.jpg 1232w, https:\/\/kunmedierne.dk\/thy\/wp-content\/uploads\/sites\/2\/2025\/12\/Design-uden-navn-2025-12-29T174458.558-300x200.jpg 300w, https:\/\/kunmedierne.dk\/thy\/wp-content\/uploads\/sites\/2\/2025\/12\/Design-uden-navn-2025-12-29T174458.558-1024x682.jpg 1024w, https:\/\/kunmedierne.dk\/thy\/wp-content\/uploads\/sites\/2\/2025\/12\/Design-uden-navn-2025-12-29T174458.558-510x340.jpg 510w\" sizes=\"auto, (max-width: 1232px) 100vw, 1232px\" \/><p id=\"caption-attachment-15265\" class=\"wp-caption-text\">Jakob Hammersh\u00f8js musikalske rejse startede p\u00e5 hjemmebane i Thisted og herfra tog tingene fart. Foto: Jens Fogh-Andersen<\/p><\/div>\n<p>&#8211; For mig var det rigtig stort. Jeg var landet i et sp\u00e6ndende milj\u00f8 med udsigt til at f\u00e5 den helt store gevinst, et gennembrud i England. Det var virkelig dr\u00f8mmen om noget stort, fort\u00e6ller Jakob, som med egne ord glemte at stoppe op i nu&#8217;et inden han begyndte at t\u00e6nke i de n\u00e6ste skridt i karrieren.<\/p>\n<p>&#8211; Jeg skulle bare sl\u00e5 igennem. Jeg stod i London med st\u00f8tte fra sangskrivere og producere, men var alene med skyklapper p\u00e5 og ville egentlig helst g\u00f8re det hele selv.<\/p>\n<p>&nbsp;<\/p>\n<p><strong>Sin egen v\u00e6rste modstander<\/strong><\/p>\n<p>I stedet for at f\u00f8lge andres r\u00e5d og vejledning slog Jakob ind p\u00e5 en vej med modvind. Han kom i tvivl om det, han lavede, og ser i dag tilbage p\u00e5 et forl\u00f8b, hvor han var sin egen v\u00e6rste modstander. Men han valgte sin egen vej.<\/p>\n<p>&#8211; Jeg sad med f\u00f8lelsen af, at det skulle v\u00e6re rigtig godt, hvis jeg skulle lave noget for et stort pladeselskab, men vidste aldrig, hvorn\u00e5r det var godt nok. Tvivlen blev min fjende nummer et, n\u00e5r jeg arbejdede, fort\u00e6ller Jakob.<\/p>\n<a class=\"dvrt-link\" onClick=\"cdmtrack_click(1130,jQuery(this));return false\" href=\"https:\/\/www.thistedforsikring.dk\/?utm_source=partnerskaber&amp;utm_campaign=kun_thy\"><img decoding=\"async\" style=\"width:100%;\" src=\"https:\/\/kunmedierne.dk\/thy\/wp-content\/uploads\/sites\/2\/2025\/04\/260409KunThyThisted-For-1.png\"><\/a><script>cdmtrack_view(1130);<\/script>\n<p>Han fik lavet en EP i en &#8220;ikke s\u00e6rlig sjov proces&#8221;. Et planlagt album blev aldrig til noget.<\/p>\n<p>&#8211; Der gik et \u00e5r, hvor der intet skete, ud over at mine forskellige kilder lukkede ned. S\u00e5 kom coronaen p\u00e5 et tidspunkt, hvor jeg var k\u00f8rt helt fast. Jeg pakkede mit studieudstyr ned, tog det hjem i lejligheden og m\u00e5tte tage l\u00f8se jobs for at tjene til huslejen, for der kom ikke flere penge fra pladeselskabet.<\/p>\n<p>&nbsp;<\/p>\n<p><strong>Nu er det sjovt at lave musik<\/strong><\/p>\n<p>Da verden \u00e5bnede sig efter coronaen, s\u00e5 Jakob p\u00e5 den ud fra en ny erkendelse.<\/p>\n<p>&#8211; Jeg inds\u00e5, at jeg var k\u00f8rt fat i det gamle spor og havde behov for at g\u00e5 en anden vej, fort\u00e6ller han.<\/p>\n<div id=\"attachment_15264\" style=\"width: 1242px\" class=\"wp-caption alignnone\"><img loading=\"lazy\" decoding=\"async\" aria-describedby=\"caption-attachment-15264\" class=\"wp-image-15264 size-full\" src=\"https:\/\/kunmedierne.dk\/thy\/wp-content\/uploads\/sites\/2\/2025\/12\/Design-uden-navn-2025-12-29T174527.466.jpg\" alt=\"\" width=\"1232\" height=\"821\" srcset=\"https:\/\/kunmedierne.dk\/thy\/wp-content\/uploads\/sites\/2\/2025\/12\/Design-uden-navn-2025-12-29T174527.466.jpg 1232w, https:\/\/kunmedierne.dk\/thy\/wp-content\/uploads\/sites\/2\/2025\/12\/Design-uden-navn-2025-12-29T174527.466-300x200.jpg 300w, https:\/\/kunmedierne.dk\/thy\/wp-content\/uploads\/sites\/2\/2025\/12\/Design-uden-navn-2025-12-29T174527.466-1024x682.jpg 1024w, https:\/\/kunmedierne.dk\/thy\/wp-content\/uploads\/sites\/2\/2025\/12\/Design-uden-navn-2025-12-29T174527.466-510x340.jpg 510w\" sizes=\"auto, (max-width: 1232px) 100vw, 1232px\" \/><p id=\"caption-attachment-15264\" class=\"wp-caption-text\">Det er blevet sjovt at lave musik igen, fort\u00e6ller Jakob Hammersh\u00f8j, som er tilbage i nogle f\u00e6llesskaber meget lig dem, han var en del af, da det hele startede i sin tid. Foto: Jens Fogh-Andersen<\/p><\/div>\n<p>&nbsp;<\/p>\n<p>L\u00f8sningen blev at tr\u00e6de et skridt tilbage. I stedet for at forf\u00f8lge ambitionen om at v\u00e6re den ud\u00f8vende kunstner satsede han p\u00e5 at hj\u00e6lpe nye solister og orkestre p\u00e5 vej som sangskriver og producer.<\/p>\n<p>&#8211; Fra at arbejde isoleret med mig selv er jeg nu i en rolle, hvor jeg er tilbage i nogle f\u00e6llesskaber ligesom dengang, det hele startede. Det er blevet sjovt at lave musik, det er socialt og der er en gl\u00e6de, som er f\u00e6lles. Jeg laver et stykke arbejde sammen med en solist eller et orkester, hvor det ikke handler om mig og mine muligheder for at sl\u00e5 igennem, men om at lave et godt stykke arbejde for andre. Jeg har mit eget studie, hvor vi arbejder typisk fra klokken 11 til 19. Og n\u00e5r arbejdsdagen er slut, har vi fri.<\/p>\n<a class=\"dvrt-link\" onClick=\"cdmtrack_click(685,jQuery(this));return false\" href=\"https:\/\/wensien.dk\/begravelse\/?gad_source=1&gclid=Cj0KCQjwtJ6_BhDWARIsAGanmKcWw6hbeoepGti1oApJGHln52gMbg8EBRZ86__3P1AJZ5dcsw4ZvNEaAk7JEALw_wcB\"><img decoding=\"async\" style=\"width:100%;\" src=\"https:\/\/kunmedierne.dk\/thy\/wp-content\/uploads\/sites\/2\/2025\/03\/wensien-stenhugger.jpg\"><\/a><script>cdmtrack_view(685);<\/script>\n<p>Men Jakob &#8220;Mont Jake&#8221; Hammersh\u00f8j har nogle erfaringer som g\u00f8r, at han genkender sine egne indre kampe hos nogle af de kunstnere, han samarbejder med.<\/p>\n<p>&#8211; Jeg forst\u00e5r dem, men jeg opfordrer dem ogs\u00e5 til at lege med deres ideer, pr\u00f8ve dem af og komme videre. Hellere det en at sidde fast i en osteklokke. Det har pr\u00f8vet, og der vil jeg ikke hen igen.<\/p>\n","protected":false},"excerpt":{"rendered":"<p>THISTED: &#8211; Jeg er sangskriver og producer. S\u00e5dan ser jeg mig selv i dag. 34-\u00e5rige Jakob Hammersh\u00f8j, alias Mont Jake, er forhenv\u00e6rende thybo. Han har i de seneste 10 \u00e5r boet i London, hvor han i lighed med mange andre f\u00f8r ham landede med en ambition om at &#8220;blive til noget ved musikken&#8221;. Oprindelig med [&hellip;]<\/p>\n","protected":false},"author":4535,"featured_media":0,"comment_status":"closed","ping_status":"closed","sticky":false,"template":"","format":"standard","meta":{"_acf_changed":false,"footnotes":""},"categories":[24,23],"tags":[85,38],"class_list":["post-15261","post","type-post","status-publish","format-standard","hentry","category-lokalt","category-thyboerne","tag-kultur","tag-mennesker"],"acf":[],"yoast_head":"<!-- This site is optimized with the Yoast SEO plugin v26.8 - https:\/\/yoast.com\/product\/yoast-seo-wordpress\/ -->\n<title>Jakob fra Thisted blev noget ved musikken, men \u00e6ndrede retning p\u00e5 vejen - Thy<\/title>\n<meta name=\"robots\" content=\"index, follow, max-snippet:-1, max-image-preview:large, max-video-preview:-1\" \/>\n<link rel=\"canonical\" href=\"https:\/\/kunmedierne.dk\/thy\/jakob-fra-thisted-blev-noget-ved-musikken-men-aendrede-retning-paa-vejen\/\" \/>\n<meta property=\"og:locale\" content=\"da_DK\" \/>\n<meta property=\"og:type\" content=\"article\" \/>\n<meta property=\"og:title\" content=\"Jakob fra Thisted blev noget ved musikken, men \u00e6ndrede retning p\u00e5 vejen - Thy\" \/>\n<meta property=\"og:description\" content=\"THISTED: &#8211; Jeg er sangskriver og producer. S\u00e5dan ser jeg mig selv i dag. 34-\u00e5rige Jakob Hammersh\u00f8j, alias Mont Jake, er forhenv\u00e6rende thybo. Han har i de seneste 10 \u00e5r boet i London, hvor han i lighed med mange andre f\u00f8r ham landede med en ambition om at &#8220;blive til noget ved musikken&#8221;. Oprindelig med [&hellip;]\" \/>\n<meta property=\"og:url\" content=\"https:\/\/kunmedierne.dk\/thy\/jakob-fra-thisted-blev-noget-ved-musikken-men-aendrede-retning-paa-vejen\/\" \/>\n<meta property=\"og:site_name\" content=\"Thy\" \/>\n<meta property=\"article:published_time\" content=\"2026-01-10T05:22:26+00:00\" \/>\n<meta property=\"article:modified_time\" content=\"2026-01-14T07:45:23+00:00\" \/>\n<meta property=\"og:image\" content=\"https:\/\/kunmedierne.dk\/thy\/wp-content\/uploads\/sites\/2\/2025\/12\/Design-uden-navn-2025-12-29T174425.667.jpg\" \/>\n<meta name=\"author\" content=\"Jens Fogh Andersen\" \/>\n<meta name=\"twitter:card\" content=\"summary_large_image\" \/>\n<meta name=\"twitter:label1\" content=\"Skrevet af\" \/>\n\t<meta name=\"twitter:data1\" content=\"Jens Fogh Andersen\" \/>\n\t<meta name=\"twitter:label2\" content=\"Estimeret l\u00e6setid\" \/>\n\t<meta name=\"twitter:data2\" content=\"9 minutter\" \/>\n<script type=\"application\/ld+json\" class=\"yoast-schema-graph\">{\"@context\":\"https:\/\/schema.org\",\"@graph\":[{\"@type\":\"Article\",\"@id\":\"https:\/\/kunmedierne.dk\/thy\/jakob-fra-thisted-blev-noget-ved-musikken-men-aendrede-retning-paa-vejen\/#article\",\"isPartOf\":{\"@id\":\"https:\/\/kunmedierne.dk\/thy\/jakob-fra-thisted-blev-noget-ved-musikken-men-aendrede-retning-paa-vejen\/\"},\"author\":{\"name\":\"Jens Fogh Andersen\",\"@id\":\"https:\/\/kunmedierne.dk\/thy\/#\/schema\/person\/88f5be46809ca2a5533760eb574fef93\"},\"headline\":\"Jakob fra Thisted blev noget ved musikken, men \u00e6ndrede retning p\u00e5 vejen\",\"datePublished\":\"2026-01-10T05:22:26+00:00\",\"dateModified\":\"2026-01-14T07:45:23+00:00\",\"mainEntityOfPage\":{\"@id\":\"https:\/\/kunmedierne.dk\/thy\/jakob-fra-thisted-blev-noget-ved-musikken-men-aendrede-retning-paa-vejen\/\"},\"wordCount\":1565,\"publisher\":{\"@id\":\"https:\/\/kunmedierne.dk\/thy\/#organization\"},\"image\":{\"@id\":\"https:\/\/kunmedierne.dk\/thy\/jakob-fra-thisted-blev-noget-ved-musikken-men-aendrede-retning-paa-vejen\/#primaryimage\"},\"thumbnailUrl\":\"https:\/\/kunmedierne.dk\/thy\/wp-content\/uploads\/sites\/2\/2025\/12\/Design-uden-navn-2025-12-29T174425.667.jpg\",\"keywords\":[\"kultur\",\"Mennesker\"],\"articleSection\":[\"Lokalt\",\"Thyboerne\"],\"inLanguage\":\"da-DK\"},{\"@type\":\"WebPage\",\"@id\":\"https:\/\/kunmedierne.dk\/thy\/jakob-fra-thisted-blev-noget-ved-musikken-men-aendrede-retning-paa-vejen\/\",\"url\":\"https:\/\/kunmedierne.dk\/thy\/jakob-fra-thisted-blev-noget-ved-musikken-men-aendrede-retning-paa-vejen\/\",\"name\":\"Jakob fra Thisted blev noget ved musikken, men \u00e6ndrede retning p\u00e5 vejen - Thy\",\"isPartOf\":{\"@id\":\"https:\/\/kunmedierne.dk\/thy\/#website\"},\"primaryImageOfPage\":{\"@id\":\"https:\/\/kunmedierne.dk\/thy\/jakob-fra-thisted-blev-noget-ved-musikken-men-aendrede-retning-paa-vejen\/#primaryimage\"},\"image\":{\"@id\":\"https:\/\/kunmedierne.dk\/thy\/jakob-fra-thisted-blev-noget-ved-musikken-men-aendrede-retning-paa-vejen\/#primaryimage\"},\"thumbnailUrl\":\"https:\/\/kunmedierne.dk\/thy\/wp-content\/uploads\/sites\/2\/2025\/12\/Design-uden-navn-2025-12-29T174425.667.jpg\",\"datePublished\":\"2026-01-10T05:22:26+00:00\",\"dateModified\":\"2026-01-14T07:45:23+00:00\",\"breadcrumb\":{\"@id\":\"https:\/\/kunmedierne.dk\/thy\/jakob-fra-thisted-blev-noget-ved-musikken-men-aendrede-retning-paa-vejen\/#breadcrumb\"},\"inLanguage\":\"da-DK\",\"potentialAction\":[{\"@type\":\"ReadAction\",\"target\":[\"https:\/\/kunmedierne.dk\/thy\/jakob-fra-thisted-blev-noget-ved-musikken-men-aendrede-retning-paa-vejen\/\"]}]},{\"@type\":\"ImageObject\",\"inLanguage\":\"da-DK\",\"@id\":\"https:\/\/kunmedierne.dk\/thy\/jakob-fra-thisted-blev-noget-ved-musikken-men-aendrede-retning-paa-vejen\/#primaryimage\",\"url\":\"https:\/\/kunmedierne.dk\/thy\/wp-content\/uploads\/sites\/2\/2025\/12\/Design-uden-navn-2025-12-29T174425.667.jpg\",\"contentUrl\":\"https:\/\/kunmedierne.dk\/thy\/wp-content\/uploads\/sites\/2\/2025\/12\/Design-uden-navn-2025-12-29T174425.667.jpg\",\"width\":1232,\"height\":821},{\"@type\":\"BreadcrumbList\",\"@id\":\"https:\/\/kunmedierne.dk\/thy\/jakob-fra-thisted-blev-noget-ved-musikken-men-aendrede-retning-paa-vejen\/#breadcrumb\",\"itemListElement\":[{\"@type\":\"ListItem\",\"position\":1,\"name\":\"Home\",\"item\":\"https:\/\/kunmedierne.dk\/thy\/\"},{\"@type\":\"ListItem\",\"position\":2,\"name\":\"Jakob fra Thisted blev noget ved musikken, men \u00e6ndrede retning p\u00e5 vejen\"}]},{\"@type\":\"WebSite\",\"@id\":\"https:\/\/kunmedierne.dk\/thy\/#website\",\"url\":\"https:\/\/kunmedierne.dk\/thy\/\",\"name\":\"Thy\",\"description\":\"et netmedie med journalistik om livet i Thy\",\"publisher\":{\"@id\":\"https:\/\/kunmedierne.dk\/thy\/#organization\"},\"potentialAction\":[{\"@type\":\"SearchAction\",\"target\":{\"@type\":\"EntryPoint\",\"urlTemplate\":\"https:\/\/kunmedierne.dk\/thy\/?s={search_term_string}\"},\"query-input\":{\"@type\":\"PropertyValueSpecification\",\"valueRequired\":true,\"valueName\":\"search_term_string\"}}],\"inLanguage\":\"da-DK\"},{\"@type\":\"Organization\",\"@id\":\"https:\/\/kunmedierne.dk\/thy\/#organization\",\"name\":\"Thy\",\"url\":\"https:\/\/kunmedierne.dk\/thy\/\",\"logo\":{\"@type\":\"ImageObject\",\"inLanguage\":\"da-DK\",\"@id\":\"https:\/\/kunmedierne.dk\/thy\/#\/schema\/logo\/image\/\",\"url\":\"https:\/\/kunmedierne.dk\/thy\/wp-content\/uploads\/sites\/2\/2025\/04\/kunthy-logo.svg\",\"contentUrl\":\"https:\/\/kunmedierne.dk\/thy\/wp-content\/uploads\/sites\/2\/2025\/04\/kunthy-logo.svg\",\"caption\":\"Thy\"},\"image\":{\"@id\":\"https:\/\/kunmedierne.dk\/thy\/#\/schema\/logo\/image\/\"}},{\"@type\":\"Person\",\"@id\":\"https:\/\/kunmedierne.dk\/thy\/#\/schema\/person\/88f5be46809ca2a5533760eb574fef93\",\"name\":\"Jens Fogh Andersen\",\"image\":{\"@type\":\"ImageObject\",\"inLanguage\":\"da-DK\",\"@id\":\"https:\/\/kunmedierne.dk\/thy\/#\/schema\/person\/image\/\",\"url\":\"https:\/\/secure.gravatar.com\/avatar\/2b367a4ef139b1c41dccc9ee7af926b81f8b4cca3359772e86c7fd5ced26c0a3?s=96&d=mm&r=g\",\"contentUrl\":\"https:\/\/secure.gravatar.com\/avatar\/2b367a4ef139b1c41dccc9ee7af926b81f8b4cca3359772e86c7fd5ced26c0a3?s=96&d=mm&r=g\",\"caption\":\"Jens Fogh Andersen\"},\"url\":\"https:\/\/kunmedierne.dk\/thy\/author\/jfa\/\"}]}<\/script>\n<!-- \/ Yoast SEO plugin. -->","yoast_head_json":{"title":"Jakob fra Thisted blev noget ved musikken, men \u00e6ndrede retning p\u00e5 vejen - Thy","robots":{"index":"index","follow":"follow","max-snippet":"max-snippet:-1","max-image-preview":"max-image-preview:large","max-video-preview":"max-video-preview:-1"},"canonical":"https:\/\/kunmedierne.dk\/thy\/jakob-fra-thisted-blev-noget-ved-musikken-men-aendrede-retning-paa-vejen\/","og_locale":"da_DK","og_type":"article","og_title":"Jakob fra Thisted blev noget ved musikken, men \u00e6ndrede retning p\u00e5 vejen - Thy","og_description":"THISTED: &#8211; Jeg er sangskriver og producer. S\u00e5dan ser jeg mig selv i dag. 34-\u00e5rige Jakob Hammersh\u00f8j, alias Mont Jake, er forhenv\u00e6rende thybo. Han har i de seneste 10 \u00e5r boet i London, hvor han i lighed med mange andre f\u00f8r ham landede med en ambition om at &#8220;blive til noget ved musikken&#8221;. Oprindelig med [&hellip;]","og_url":"https:\/\/kunmedierne.dk\/thy\/jakob-fra-thisted-blev-noget-ved-musikken-men-aendrede-retning-paa-vejen\/","og_site_name":"Thy","article_published_time":"2026-01-10T05:22:26+00:00","article_modified_time":"2026-01-14T07:45:23+00:00","og_image":[{"url":"https:\/\/kunmedierne.dk\/thy\/wp-content\/uploads\/sites\/2\/2025\/12\/Design-uden-navn-2025-12-29T174425.667.jpg","type":"","width":"","height":""}],"author":"Jens Fogh Andersen","twitter_card":"summary_large_image","twitter_misc":{"Skrevet af":"Jens Fogh Andersen","Estimeret l\u00e6setid":"9 minutter"},"schema":{"@context":"https:\/\/schema.org","@graph":[{"@type":"Article","@id":"https:\/\/kunmedierne.dk\/thy\/jakob-fra-thisted-blev-noget-ved-musikken-men-aendrede-retning-paa-vejen\/#article","isPartOf":{"@id":"https:\/\/kunmedierne.dk\/thy\/jakob-fra-thisted-blev-noget-ved-musikken-men-aendrede-retning-paa-vejen\/"},"author":{"name":"Jens Fogh Andersen","@id":"https:\/\/kunmedierne.dk\/thy\/#\/schema\/person\/88f5be46809ca2a5533760eb574fef93"},"headline":"Jakob fra Thisted blev noget ved musikken, men \u00e6ndrede retning p\u00e5 vejen","datePublished":"2026-01-10T05:22:26+00:00","dateModified":"2026-01-14T07:45:23+00:00","mainEntityOfPage":{"@id":"https:\/\/kunmedierne.dk\/thy\/jakob-fra-thisted-blev-noget-ved-musikken-men-aendrede-retning-paa-vejen\/"},"wordCount":1565,"publisher":{"@id":"https:\/\/kunmedierne.dk\/thy\/#organization"},"image":{"@id":"https:\/\/kunmedierne.dk\/thy\/jakob-fra-thisted-blev-noget-ved-musikken-men-aendrede-retning-paa-vejen\/#primaryimage"},"thumbnailUrl":"https:\/\/kunmedierne.dk\/thy\/wp-content\/uploads\/sites\/2\/2025\/12\/Design-uden-navn-2025-12-29T174425.667.jpg","keywords":["kultur","Mennesker"],"articleSection":["Lokalt","Thyboerne"],"inLanguage":"da-DK"},{"@type":"WebPage","@id":"https:\/\/kunmedierne.dk\/thy\/jakob-fra-thisted-blev-noget-ved-musikken-men-aendrede-retning-paa-vejen\/","url":"https:\/\/kunmedierne.dk\/thy\/jakob-fra-thisted-blev-noget-ved-musikken-men-aendrede-retning-paa-vejen\/","name":"Jakob fra Thisted blev noget ved musikken, men \u00e6ndrede retning p\u00e5 vejen - Thy","isPartOf":{"@id":"https:\/\/kunmedierne.dk\/thy\/#website"},"primaryImageOfPage":{"@id":"https:\/\/kunmedierne.dk\/thy\/jakob-fra-thisted-blev-noget-ved-musikken-men-aendrede-retning-paa-vejen\/#primaryimage"},"image":{"@id":"https:\/\/kunmedierne.dk\/thy\/jakob-fra-thisted-blev-noget-ved-musikken-men-aendrede-retning-paa-vejen\/#primaryimage"},"thumbnailUrl":"https:\/\/kunmedierne.dk\/thy\/wp-content\/uploads\/sites\/2\/2025\/12\/Design-uden-navn-2025-12-29T174425.667.jpg","datePublished":"2026-01-10T05:22:26+00:00","dateModified":"2026-01-14T07:45:23+00:00","breadcrumb":{"@id":"https:\/\/kunmedierne.dk\/thy\/jakob-fra-thisted-blev-noget-ved-musikken-men-aendrede-retning-paa-vejen\/#breadcrumb"},"inLanguage":"da-DK","potentialAction":[{"@type":"ReadAction","target":["https:\/\/kunmedierne.dk\/thy\/jakob-fra-thisted-blev-noget-ved-musikken-men-aendrede-retning-paa-vejen\/"]}]},{"@type":"ImageObject","inLanguage":"da-DK","@id":"https:\/\/kunmedierne.dk\/thy\/jakob-fra-thisted-blev-noget-ved-musikken-men-aendrede-retning-paa-vejen\/#primaryimage","url":"https:\/\/kunmedierne.dk\/thy\/wp-content\/uploads\/sites\/2\/2025\/12\/Design-uden-navn-2025-12-29T174425.667.jpg","contentUrl":"https:\/\/kunmedierne.dk\/thy\/wp-content\/uploads\/sites\/2\/2025\/12\/Design-uden-navn-2025-12-29T174425.667.jpg","width":1232,"height":821},{"@type":"BreadcrumbList","@id":"https:\/\/kunmedierne.dk\/thy\/jakob-fra-thisted-blev-noget-ved-musikken-men-aendrede-retning-paa-vejen\/#breadcrumb","itemListElement":[{"@type":"ListItem","position":1,"name":"Home","item":"https:\/\/kunmedierne.dk\/thy\/"},{"@type":"ListItem","position":2,"name":"Jakob fra Thisted blev noget ved musikken, men \u00e6ndrede retning p\u00e5 vejen"}]},{"@type":"WebSite","@id":"https:\/\/kunmedierne.dk\/thy\/#website","url":"https:\/\/kunmedierne.dk\/thy\/","name":"Thy","description":"et netmedie med journalistik om livet i Thy","publisher":{"@id":"https:\/\/kunmedierne.dk\/thy\/#organization"},"potentialAction":[{"@type":"SearchAction","target":{"@type":"EntryPoint","urlTemplate":"https:\/\/kunmedierne.dk\/thy\/?s={search_term_string}"},"query-input":{"@type":"PropertyValueSpecification","valueRequired":true,"valueName":"search_term_string"}}],"inLanguage":"da-DK"},{"@type":"Organization","@id":"https:\/\/kunmedierne.dk\/thy\/#organization","name":"Thy","url":"https:\/\/kunmedierne.dk\/thy\/","logo":{"@type":"ImageObject","inLanguage":"da-DK","@id":"https:\/\/kunmedierne.dk\/thy\/#\/schema\/logo\/image\/","url":"https:\/\/kunmedierne.dk\/thy\/wp-content\/uploads\/sites\/2\/2025\/04\/kunthy-logo.svg","contentUrl":"https:\/\/kunmedierne.dk\/thy\/wp-content\/uploads\/sites\/2\/2025\/04\/kunthy-logo.svg","caption":"Thy"},"image":{"@id":"https:\/\/kunmedierne.dk\/thy\/#\/schema\/logo\/image\/"}},{"@type":"Person","@id":"https:\/\/kunmedierne.dk\/thy\/#\/schema\/person\/88f5be46809ca2a5533760eb574fef93","name":"Jens Fogh Andersen","image":{"@type":"ImageObject","inLanguage":"da-DK","@id":"https:\/\/kunmedierne.dk\/thy\/#\/schema\/person\/image\/","url":"https:\/\/secure.gravatar.com\/avatar\/2b367a4ef139b1c41dccc9ee7af926b81f8b4cca3359772e86c7fd5ced26c0a3?s=96&d=mm&r=g","contentUrl":"https:\/\/secure.gravatar.com\/avatar\/2b367a4ef139b1c41dccc9ee7af926b81f8b4cca3359772e86c7fd5ced26c0a3?s=96&d=mm&r=g","caption":"Jens Fogh Andersen"},"url":"https:\/\/kunmedierne.dk\/thy\/author\/jfa\/"}]}},"_links":{"self":[{"href":"https:\/\/kunmedierne.dk\/thy\/wp-json\/wp\/v2\/posts\/15261","targetHints":{"allow":["GET"]}}],"collection":[{"href":"https:\/\/kunmedierne.dk\/thy\/wp-json\/wp\/v2\/posts"}],"about":[{"href":"https:\/\/kunmedierne.dk\/thy\/wp-json\/wp\/v2\/types\/post"}],"author":[{"embeddable":true,"href":"https:\/\/kunmedierne.dk\/thy\/wp-json\/wp\/v2\/users\/4535"}],"replies":[{"embeddable":true,"href":"https:\/\/kunmedierne.dk\/thy\/wp-json\/wp\/v2\/comments?post=15261"}],"version-history":[{"count":16,"href":"https:\/\/kunmedierne.dk\/thy\/wp-json\/wp\/v2\/posts\/15261\/revisions"}],"predecessor-version":[{"id":15961,"href":"https:\/\/kunmedierne.dk\/thy\/wp-json\/wp\/v2\/posts\/15261\/revisions\/15961"}],"wp:attachment":[{"href":"https:\/\/kunmedierne.dk\/thy\/wp-json\/wp\/v2\/media?parent=15261"}],"wp:term":[{"taxonomy":"category","embeddable":true,"href":"https:\/\/kunmedierne.dk\/thy\/wp-json\/wp\/v2\/categories?post=15261"},{"taxonomy":"post_tag","embeddable":true,"href":"https:\/\/kunmedierne.dk\/thy\/wp-json\/wp\/v2\/tags?post=15261"}],"curies":[{"name":"wp","href":"https:\/\/api.w.org\/{rel}","templated":true}]}}