{"id":14533,"date":"2025-12-10T10:43:12","date_gmt":"2025-12-10T09:43:12","guid":{"rendered":"https:\/\/kunmedierne.dk\/thy\/?p=14533"},"modified":"2025-12-10T10:43:12","modified_gmt":"2025-12-10T09:43:12","slug":"ny-klinik-for-zoneterapi-i-sjoerring","status":"publish","type":"post","link":"https:\/\/kunmedierne.dk\/thy\/ny-klinik-for-zoneterapi-i-sjoerring\/","title":{"rendered":"Ny klinik for zoneterapi i Sj\u00f8rring"},"content":{"rendered":"<p><strong>SJ\u00d8RRING:<\/strong> Efter mange \u00e5r som sygeplejerske kan Annette Landbo, Sj\u00f8rring, nu skrive &#8220;selvst\u00e6ndig&#8221; p\u00e5 sit visitkort. Lysten til at l\u00e6re nyt har f\u00f8rt til et karriereskifte, og i november blev hun f\u00e6rdig som zoneterapeut.<\/p>\n<a class=\"dvrt-link\" onClick=\"cdmtrack_click(4416,jQuery(this));return false\" href=\"https:\/\/sdrhaa.dk\/\"><img decoding=\"async\" style=\"width:100%;\" src=\"https:\/\/kunmedierne.dk\/thy\/wp-content\/uploads\/sites\/2\/2025\/05\/260302Din-gebyrvenlige-sparekasse_SHS_Thy-1.gif\"><\/a><script>cdmtrack_view(4416);<\/script>\n<p>Annette Landbo har v\u00e6ret sygeplejerske i 32 \u00e5r, de sidste 17 \u00e5r ansat som forebyggende sygeplejerske i Thisted Kommune.<\/p>\n<p>&#8211; Jeg br\u00e6nder for at hj\u00e6lpe mennesker til bedre trivsel og sundhed, og det har v\u00e6ret min faglighed gennem rigtigt mange \u00e5r som kommunalt ansat sygeplejerske. Samtidig havde jeg et \u00f8nske om at have et andet arbejdsliv, end det jeg kendte s\u00e5 godt, men det var bestemt ikke en beslutning, jeg traf uden at t\u00e6nke grundigt over den, fort\u00e6ller hun om overvejelserne bag karriereskiftet.<\/p>\n<a class=\"dvrt-link\" onClick=\"cdmtrack_click(687,jQuery(this));return false\" href=\"https:\/\/konpap.dk\/?gad_source=1&gclid=Cj0KCQjwtJ6_BhDWARIsAGanmKfOBLC3RBm6obWL5sEb-mp4bsp5QjqWW4j4nx22y0YT2iMiXJcv3MoaApR_EALw_wcB\"><img decoding=\"async\" style=\"width:100%;\" src=\"https:\/\/kunmedierne.dk\/thy\/wp-content\/uploads\/sites\/2\/2025\/03\/redoffice.jpg\"><\/a><script>cdmtrack_view(687);<\/script>\n<p>At \u00e5bne klinik er nemlig ikke kun et skift i karriere. Det er ogs\u00e5 et valg om at f\u00f8lge sin passion og turde springe ud i noget nyt. Annette Landbo ser uddannelsen til zoneterapeut som en naturlig forl\u00e6ngelse af sit arbejde med mennesker og sundhed, og hun gl\u00e6der sig meget til, at den nyerhvervede viden nu skal komme thyboerne til gode.<\/p>\n","protected":false},"excerpt":{"rendered":"<p>SJ\u00d8RRING: Efter mange \u00e5r som sygeplejerske kan Annette Landbo, Sj\u00f8rring, nu skrive &#8220;selvst\u00e6ndig&#8221; p\u00e5 sit visitkort. Lysten til at l\u00e6re nyt har f\u00f8rt til et karriereskifte, og i november blev hun f\u00e6rdig som zoneterapeut. Annette Landbo har v\u00e6ret sygeplejerske i 32 \u00e5r, de sidste 17 \u00e5r ansat som forebyggende sygeplejerske i Thisted Kommune. &#8211; Jeg [&hellip;]<\/p>\n","protected":false},"author":4535,"featured_media":0,"comment_status":"closed","ping_status":"closed","sticky":false,"template":"","format":"standard","meta":{"_acf_changed":false,"footnotes":""},"categories":[24],"tags":[47],"class_list":["post-14533","post","type-post","status-publish","format-standard","hentry","category-lokalt","tag-sundhed"],"acf":[],"yoast_head":"<!-- This site is optimized with the Yoast SEO plugin v26.8 - https:\/\/yoast.com\/product\/yoast-seo-wordpress\/ -->\n<title>Ny klinik for zoneterapi i Sj\u00f8rring - Thy<\/title>\n<meta name=\"robots\" content=\"index, follow, max-snippet:-1, max-image-preview:large, max-video-preview:-1\" \/>\n<link rel=\"canonical\" href=\"https:\/\/kunmedierne.dk\/thy\/ny-klinik-for-zoneterapi-i-sjoerring\/\" \/>\n<meta property=\"og:locale\" content=\"da_DK\" \/>\n<meta property=\"og:type\" content=\"article\" \/>\n<meta property=\"og:title\" content=\"Ny klinik for zoneterapi i Sj\u00f8rring - Thy\" \/>\n<meta property=\"og:description\" content=\"SJ\u00d8RRING: Efter mange \u00e5r som sygeplejerske kan Annette Landbo, Sj\u00f8rring, nu skrive &#8220;selvst\u00e6ndig&#8221; p\u00e5 sit visitkort. Lysten til at l\u00e6re nyt har f\u00f8rt til et karriereskifte, og i november blev hun f\u00e6rdig som zoneterapeut. Annette Landbo har v\u00e6ret sygeplejerske i 32 \u00e5r, de sidste 17 \u00e5r ansat som forebyggende sygeplejerske i Thisted Kommune. &#8211; Jeg [&hellip;]\" \/>\n<meta property=\"og:url\" content=\"https:\/\/kunmedierne.dk\/thy\/ny-klinik-for-zoneterapi-i-sjoerring\/\" \/>\n<meta property=\"og:site_name\" content=\"Thy\" \/>\n<meta property=\"article:published_time\" content=\"2025-12-10T09:43:12+00:00\" \/>\n<meta name=\"author\" content=\"Jens Fogh Andersen\" \/>\n<meta name=\"twitter:card\" content=\"summary_large_image\" \/>\n<meta name=\"twitter:label1\" content=\"Skrevet af\" \/>\n\t<meta name=\"twitter:data1\" content=\"Jens Fogh Andersen\" \/>\n\t<meta name=\"twitter:label2\" content=\"Estimeret l\u00e6setid\" \/>\n\t<meta name=\"twitter:data2\" content=\"1 minut\" \/>\n<script type=\"application\/ld+json\" class=\"yoast-schema-graph\">{\"@context\":\"https:\/\/schema.org\",\"@graph\":[{\"@type\":\"Article\",\"@id\":\"https:\/\/kunmedierne.dk\/thy\/ny-klinik-for-zoneterapi-i-sjoerring\/#article\",\"isPartOf\":{\"@id\":\"https:\/\/kunmedierne.dk\/thy\/ny-klinik-for-zoneterapi-i-sjoerring\/\"},\"author\":{\"name\":\"Jens Fogh Andersen\",\"@id\":\"https:\/\/kunmedierne.dk\/thy\/#\/schema\/person\/88f5be46809ca2a5533760eb574fef93\"},\"headline\":\"Ny klinik for zoneterapi i Sj\u00f8rring\",\"datePublished\":\"2025-12-10T09:43:12+00:00\",\"mainEntityOfPage\":{\"@id\":\"https:\/\/kunmedierne.dk\/thy\/ny-klinik-for-zoneterapi-i-sjoerring\/\"},\"wordCount\":202,\"publisher\":{\"@id\":\"https:\/\/kunmedierne.dk\/thy\/#organization\"},\"keywords\":[\"Sundhed\"],\"articleSection\":[\"Lokalt\"],\"inLanguage\":\"da-DK\"},{\"@type\":\"WebPage\",\"@id\":\"https:\/\/kunmedierne.dk\/thy\/ny-klinik-for-zoneterapi-i-sjoerring\/\",\"url\":\"https:\/\/kunmedierne.dk\/thy\/ny-klinik-for-zoneterapi-i-sjoerring\/\",\"name\":\"Ny klinik for zoneterapi i Sj\u00f8rring - Thy\",\"isPartOf\":{\"@id\":\"https:\/\/kunmedierne.dk\/thy\/#website\"},\"datePublished\":\"2025-12-10T09:43:12+00:00\",\"breadcrumb\":{\"@id\":\"https:\/\/kunmedierne.dk\/thy\/ny-klinik-for-zoneterapi-i-sjoerring\/#breadcrumb\"},\"inLanguage\":\"da-DK\",\"potentialAction\":[{\"@type\":\"ReadAction\",\"target\":[\"https:\/\/kunmedierne.dk\/thy\/ny-klinik-for-zoneterapi-i-sjoerring\/\"]}]},{\"@type\":\"BreadcrumbList\",\"@id\":\"https:\/\/kunmedierne.dk\/thy\/ny-klinik-for-zoneterapi-i-sjoerring\/#breadcrumb\",\"itemListElement\":[{\"@type\":\"ListItem\",\"position\":1,\"name\":\"Home\",\"item\":\"https:\/\/kunmedierne.dk\/thy\/\"},{\"@type\":\"ListItem\",\"position\":2,\"name\":\"Ny klinik for zoneterapi i Sj\u00f8rring\"}]},{\"@type\":\"WebSite\",\"@id\":\"https:\/\/kunmedierne.dk\/thy\/#website\",\"url\":\"https:\/\/kunmedierne.dk\/thy\/\",\"name\":\"Thy\",\"description\":\"et netmedie med journalistik om livet i Thy\",\"publisher\":{\"@id\":\"https:\/\/kunmedierne.dk\/thy\/#organization\"},\"potentialAction\":[{\"@type\":\"SearchAction\",\"target\":{\"@type\":\"EntryPoint\",\"urlTemplate\":\"https:\/\/kunmedierne.dk\/thy\/?s={search_term_string}\"},\"query-input\":{\"@type\":\"PropertyValueSpecification\",\"valueRequired\":true,\"valueName\":\"search_term_string\"}}],\"inLanguage\":\"da-DK\"},{\"@type\":\"Organization\",\"@id\":\"https:\/\/kunmedierne.dk\/thy\/#organization\",\"name\":\"Thy\",\"url\":\"https:\/\/kunmedierne.dk\/thy\/\",\"logo\":{\"@type\":\"ImageObject\",\"inLanguage\":\"da-DK\",\"@id\":\"https:\/\/kunmedierne.dk\/thy\/#\/schema\/logo\/image\/\",\"url\":\"https:\/\/kunmedierne.dk\/thy\/wp-content\/uploads\/sites\/2\/2025\/04\/kunthy-logo.svg\",\"contentUrl\":\"https:\/\/kunmedierne.dk\/thy\/wp-content\/uploads\/sites\/2\/2025\/04\/kunthy-logo.svg\",\"caption\":\"Thy\"},\"image\":{\"@id\":\"https:\/\/kunmedierne.dk\/thy\/#\/schema\/logo\/image\/\"}},{\"@type\":\"Person\",\"@id\":\"https:\/\/kunmedierne.dk\/thy\/#\/schema\/person\/88f5be46809ca2a5533760eb574fef93\",\"name\":\"Jens Fogh Andersen\",\"image\":{\"@type\":\"ImageObject\",\"inLanguage\":\"da-DK\",\"@id\":\"https:\/\/kunmedierne.dk\/thy\/#\/schema\/person\/image\/\",\"url\":\"https:\/\/secure.gravatar.com\/avatar\/2b367a4ef139b1c41dccc9ee7af926b81f8b4cca3359772e86c7fd5ced26c0a3?s=96&d=mm&r=g\",\"contentUrl\":\"https:\/\/secure.gravatar.com\/avatar\/2b367a4ef139b1c41dccc9ee7af926b81f8b4cca3359772e86c7fd5ced26c0a3?s=96&d=mm&r=g\",\"caption\":\"Jens Fogh Andersen\"},\"url\":\"https:\/\/kunmedierne.dk\/thy\/author\/jfa\/\"}]}<\/script>\n<!-- \/ Yoast SEO plugin. -->","yoast_head_json":{"title":"Ny klinik for zoneterapi i Sj\u00f8rring - Thy","robots":{"index":"index","follow":"follow","max-snippet":"max-snippet:-1","max-image-preview":"max-image-preview:large","max-video-preview":"max-video-preview:-1"},"canonical":"https:\/\/kunmedierne.dk\/thy\/ny-klinik-for-zoneterapi-i-sjoerring\/","og_locale":"da_DK","og_type":"article","og_title":"Ny klinik for zoneterapi i Sj\u00f8rring - Thy","og_description":"SJ\u00d8RRING: Efter mange \u00e5r som sygeplejerske kan Annette Landbo, Sj\u00f8rring, nu skrive &#8220;selvst\u00e6ndig&#8221; p\u00e5 sit visitkort. Lysten til at l\u00e6re nyt har f\u00f8rt til et karriereskifte, og i november blev hun f\u00e6rdig som zoneterapeut. Annette Landbo har v\u00e6ret sygeplejerske i 32 \u00e5r, de sidste 17 \u00e5r ansat som forebyggende sygeplejerske i Thisted Kommune. &#8211; Jeg [&hellip;]","og_url":"https:\/\/kunmedierne.dk\/thy\/ny-klinik-for-zoneterapi-i-sjoerring\/","og_site_name":"Thy","article_published_time":"2025-12-10T09:43:12+00:00","author":"Jens Fogh Andersen","twitter_card":"summary_large_image","twitter_misc":{"Skrevet af":"Jens Fogh Andersen","Estimeret l\u00e6setid":"1 minut"},"schema":{"@context":"https:\/\/schema.org","@graph":[{"@type":"Article","@id":"https:\/\/kunmedierne.dk\/thy\/ny-klinik-for-zoneterapi-i-sjoerring\/#article","isPartOf":{"@id":"https:\/\/kunmedierne.dk\/thy\/ny-klinik-for-zoneterapi-i-sjoerring\/"},"author":{"name":"Jens Fogh Andersen","@id":"https:\/\/kunmedierne.dk\/thy\/#\/schema\/person\/88f5be46809ca2a5533760eb574fef93"},"headline":"Ny klinik for zoneterapi i Sj\u00f8rring","datePublished":"2025-12-10T09:43:12+00:00","mainEntityOfPage":{"@id":"https:\/\/kunmedierne.dk\/thy\/ny-klinik-for-zoneterapi-i-sjoerring\/"},"wordCount":202,"publisher":{"@id":"https:\/\/kunmedierne.dk\/thy\/#organization"},"keywords":["Sundhed"],"articleSection":["Lokalt"],"inLanguage":"da-DK"},{"@type":"WebPage","@id":"https:\/\/kunmedierne.dk\/thy\/ny-klinik-for-zoneterapi-i-sjoerring\/","url":"https:\/\/kunmedierne.dk\/thy\/ny-klinik-for-zoneterapi-i-sjoerring\/","name":"Ny klinik for zoneterapi i Sj\u00f8rring - Thy","isPartOf":{"@id":"https:\/\/kunmedierne.dk\/thy\/#website"},"datePublished":"2025-12-10T09:43:12+00:00","breadcrumb":{"@id":"https:\/\/kunmedierne.dk\/thy\/ny-klinik-for-zoneterapi-i-sjoerring\/#breadcrumb"},"inLanguage":"da-DK","potentialAction":[{"@type":"ReadAction","target":["https:\/\/kunmedierne.dk\/thy\/ny-klinik-for-zoneterapi-i-sjoerring\/"]}]},{"@type":"BreadcrumbList","@id":"https:\/\/kunmedierne.dk\/thy\/ny-klinik-for-zoneterapi-i-sjoerring\/#breadcrumb","itemListElement":[{"@type":"ListItem","position":1,"name":"Home","item":"https:\/\/kunmedierne.dk\/thy\/"},{"@type":"ListItem","position":2,"name":"Ny klinik for zoneterapi i Sj\u00f8rring"}]},{"@type":"WebSite","@id":"https:\/\/kunmedierne.dk\/thy\/#website","url":"https:\/\/kunmedierne.dk\/thy\/","name":"Thy","description":"et netmedie med journalistik om livet i Thy","publisher":{"@id":"https:\/\/kunmedierne.dk\/thy\/#organization"},"potentialAction":[{"@type":"SearchAction","target":{"@type":"EntryPoint","urlTemplate":"https:\/\/kunmedierne.dk\/thy\/?s={search_term_string}"},"query-input":{"@type":"PropertyValueSpecification","valueRequired":true,"valueName":"search_term_string"}}],"inLanguage":"da-DK"},{"@type":"Organization","@id":"https:\/\/kunmedierne.dk\/thy\/#organization","name":"Thy","url":"https:\/\/kunmedierne.dk\/thy\/","logo":{"@type":"ImageObject","inLanguage":"da-DK","@id":"https:\/\/kunmedierne.dk\/thy\/#\/schema\/logo\/image\/","url":"https:\/\/kunmedierne.dk\/thy\/wp-content\/uploads\/sites\/2\/2025\/04\/kunthy-logo.svg","contentUrl":"https:\/\/kunmedierne.dk\/thy\/wp-content\/uploads\/sites\/2\/2025\/04\/kunthy-logo.svg","caption":"Thy"},"image":{"@id":"https:\/\/kunmedierne.dk\/thy\/#\/schema\/logo\/image\/"}},{"@type":"Person","@id":"https:\/\/kunmedierne.dk\/thy\/#\/schema\/person\/88f5be46809ca2a5533760eb574fef93","name":"Jens Fogh Andersen","image":{"@type":"ImageObject","inLanguage":"da-DK","@id":"https:\/\/kunmedierne.dk\/thy\/#\/schema\/person\/image\/","url":"https:\/\/secure.gravatar.com\/avatar\/2b367a4ef139b1c41dccc9ee7af926b81f8b4cca3359772e86c7fd5ced26c0a3?s=96&d=mm&r=g","contentUrl":"https:\/\/secure.gravatar.com\/avatar\/2b367a4ef139b1c41dccc9ee7af926b81f8b4cca3359772e86c7fd5ced26c0a3?s=96&d=mm&r=g","caption":"Jens Fogh Andersen"},"url":"https:\/\/kunmedierne.dk\/thy\/author\/jfa\/"}]}},"_links":{"self":[{"href":"https:\/\/kunmedierne.dk\/thy\/wp-json\/wp\/v2\/posts\/14533","targetHints":{"allow":["GET"]}}],"collection":[{"href":"https:\/\/kunmedierne.dk\/thy\/wp-json\/wp\/v2\/posts"}],"about":[{"href":"https:\/\/kunmedierne.dk\/thy\/wp-json\/wp\/v2\/types\/post"}],"author":[{"embeddable":true,"href":"https:\/\/kunmedierne.dk\/thy\/wp-json\/wp\/v2\/users\/4535"}],"replies":[{"embeddable":true,"href":"https:\/\/kunmedierne.dk\/thy\/wp-json\/wp\/v2\/comments?post=14533"}],"version-history":[{"count":6,"href":"https:\/\/kunmedierne.dk\/thy\/wp-json\/wp\/v2\/posts\/14533\/revisions"}],"predecessor-version":[{"id":14550,"href":"https:\/\/kunmedierne.dk\/thy\/wp-json\/wp\/v2\/posts\/14533\/revisions\/14550"}],"wp:attachment":[{"href":"https:\/\/kunmedierne.dk\/thy\/wp-json\/wp\/v2\/media?parent=14533"}],"wp:term":[{"taxonomy":"category","embeddable":true,"href":"https:\/\/kunmedierne.dk\/thy\/wp-json\/wp\/v2\/categories?post=14533"},{"taxonomy":"post_tag","embeddable":true,"href":"https:\/\/kunmedierne.dk\/thy\/wp-json\/wp\/v2\/tags?post=14533"}],"curies":[{"name":"wp","href":"https:\/\/api.w.org\/{rel}","templated":true}]}}