{"id":14357,"date":"2025-12-05T21:12:25","date_gmt":"2025-12-05T20:12:25","guid":{"rendered":"https:\/\/kunmedierne.dk\/thy\/?p=14357"},"modified":"2025-12-05T13:15:59","modified_gmt":"2025-12-05T12:15:59","slug":"uroen-vokser-i-klasselokalerne-ifoelge-rikke-gaardsdal-begynder-loesningen-i-kroppen","status":"publish","type":"post","link":"https:\/\/kunmedierne.dk\/thy\/uroen-vokser-i-klasselokalerne-ifoelge-rikke-gaardsdal-begynder-loesningen-i-kroppen\/","title":{"rendered":"Uroen vokser i klasselokalerne. If\u00f8lge Rikke Gaardsdal begynder l\u00f8sningen i kroppen"},"content":{"rendered":"<p><span data-contrast=\"auto\"><strong>SKOLETID:<\/strong> Uro, manglende koncentration og respekt fylder mere end f\u00f8r i landets klasselokaler. L\u00e6rere p\u00e5 Mors og Thy beskriver b\u00f8rn, der mister fokus hurtigere, har sv\u00e6rt ved overgange og generelt er mere pressede i hverdagen. Lektor og cand.p\u00e6d. Rikke Gaardsdal genkender billedet. Hun bor i Nyk\u00f8bing med sin mand og tre b\u00f8rn og arbejder til daglig p\u00e5 professionsh\u00f8jskolen i Thisted.<\/span><span data-ccp-props=\"{}\">\u00a0<\/span><\/p>\n<a class=\"dvrt-link\" onClick=\"cdmtrack_click(683,jQuery(this));return false\" href=\"https:\/\/vester-begr.dk\/?utm_source=google&amp;utm_medium=advative&amp;gad_source=1&amp;gclid=Cj0KCQjwtJ6_BhDWARIsAGanmKfl-hGVVjCYiOgSKoGoxrow4kvXybZsnruKJYTslvqZDywT6a9PCQwaAmBjEALw_wcB\"><img decoding=\"async\" style=\"width:100%;\" src=\"https:\/\/kunmedierne.dk\/thy\/wp-content\/uploads\/sites\/2\/2025\/03\/260203VesterHoukaer-02022026.jpg\"><\/a><script>cdmtrack_view(683);<\/script>\n<p><span data-contrast=\"auto\">&#8211; B\u00f8rnene har ikke \u00e6ndret sig som mennesker. Men betingelserne omkring dem har, siger hun.<\/span><span data-ccp-props=\"{}\">\u00a0<\/span><\/p>\n<p>&nbsp;<\/p>\n<p><strong>Et voksende pres indefra\u00a0<\/strong><\/p>\n<p><span data-contrast=\"auto\">Rikke Gaardsdal arbejder med neuropsykologi, som handler om samspillet mellem hjernen, kroppen og omgivelserne. Hun beskriver tre omr\u00e5der, der styrer vores reaktioner: de sanselige p\u00e5virkninger, f\u00f8lelserne og den t\u00e6nkende del af hjernen.<\/span><span data-ccp-props=\"{}\">\u00a0<\/span><\/p>\n<p><span data-contrast=\"auto\">&#8211; Hvis et barn bliver uroligt, kommer det sj\u00e6ldent ud af det bl\u00e5. Det er ofte kroppen, der fort\u00e6ller, at noget er for meget. For mange indtryk. For mange krav. For lidt ro, siger hun.<\/span><span data-ccp-props=\"{}\">\u00a0<\/span><\/p>\n<p><span data-contrast=\"auto\">Hun forklarer, at l\u00e6rere og p\u00e6dagoger kan st\u00e5 med et barn, der enten larmer, lukker af, bliver udadreagerende eller tr\u00e6kker sig. Det ser forskelligt ud, men udspringer tit af det samme: et nervesystem p\u00e5 overarbejde.<\/span><span data-ccp-props=\"{}\">\u00a0<\/span><\/p>\n<p>&nbsp;<\/p>\n<p><strong>Sk\u00e6rmenes betydning: en ny hverdag for hjernen<\/strong><span data-ccp-props=\"{}\">\u00a0<\/span><\/p>\n<p><span data-contrast=\"auto\">Sk\u00e6rme fylder i b\u00f8rn og voksnes liv fra morgen til aften. Det giver b\u00e5de muligheder og udfordringer, og Rikke oplever, at de digitale stimuli p\u00e5virker b\u00f8rn dybt.<\/span><span data-ccp-props=\"{}\">\u00a0<\/span><\/p>\n<p><span data-contrast=\"auto\">&#8211; Teknologien giver mange gode ting, men tempoet er voldsomt. B\u00f8rn bliver udsat for konstante skift og mange visuelle indtryk. Hjernen n\u00e5r ikke at restituere, siger hun.<\/span><span data-ccp-props=\"{}\">\u00a0<\/span><\/p>\n<p><span data-contrast=\"auto\">Hun peger p\u00e5, at relationerne ogs\u00e5 tager skade.<\/span><\/p>\n<p><span data-contrast=\"auto\">&#8211; N\u00e5r hjernen er belastet, bliver det sv\u00e6rt at afl\u00e6se hinanden og v\u00e6re til stede. Det er en vigtig \u00e5rsag til, at mange b\u00f8rn har det sv\u00e6rt i f\u00e6llesskabet.<\/span><span data-ccp-props=\"{}\">\u00a0<\/span><\/p>\n<p>&nbsp;<\/p>\n<p><strong>Leg som p\u00e6dagogisk v\u00e6rkt\u00f8j\u00a0<\/strong><\/p>\n<p><span data-contrast=\"auto\">Rikke Gaardsdal anbefaler guidet leg tre gange om dagen. Det lyder enkelt, men bygger p\u00e5 forskning og mange \u00e5rs erfaring.<\/span><span data-ccp-props=\"{}\">\u00a0<\/span><\/p>\n<p><span data-contrast=\"auto\">&#8211; Vi taler meget til b\u00f8rnene. De kan ikke oms\u00e6tte alle ordene. Kroppen reagerer derimod med det samme, forklarer hun.<\/span><span data-ccp-props=\"{}\">\u00a0<\/span><\/p>\n<p><span data-contrast=\"auto\">Legene er korte og faste. De bygger p\u00e5 \u00f8jenkontakt, imitation, rytme og fysisk n\u00e6rhed. B\u00f8rnene skal synkronisere deres bev\u00e6gelser og afl\u00e6se hinanden, uden at der bruges s\u00e6rlig meget sprog.<\/span><span data-ccp-props=\"{}\">\u00a0<\/span><\/p>\n<p><span data-contrast=\"auto\">&#8211; Det giver en f\u00e6lles puls i klassen. Man f\u00e5r barnet til stede i kroppen, f\u00f8r man beder det om at v\u00e6re til stede i hovedet.<\/span><span data-ccp-props=\"{}\">\u00a0<\/span><\/p>\n<a class=\"dvrt-link\" onClick=\"cdmtrack_click(1130,jQuery(this));return false\" href=\"https:\/\/www.thistedforsikring.dk\/?utm_source=partnerskaber&amp;utm_campaign=kun_thy\"><img decoding=\"async\" style=\"width:100%;\" src=\"https:\/\/kunmedierne.dk\/thy\/wp-content\/uploads\/sites\/2\/2025\/04\/260409KunThyThisted-For-1.png\"><\/a><script>cdmtrack_view(1130);<\/script>\n<p><span data-contrast=\"auto\">Hun fort\u00e6ller, at hun har sammensat lege til tre tidspunkter p\u00e5 dagen:<\/span><\/p>\n<p><span data-contrast=\"auto\">\u2022 Morgen \u2013 hvor alle skal lande efter en travl start<\/span><br \/>\n<span data-contrast=\"auto\"> \u2022 Efter f\u00f8rste frikvarter \u2013 hvor mange kommer ind med h\u00f8j puls<\/span><br \/>\n<span data-contrast=\"auto\"> \u2022 Sidst p\u00e5 dagen \u2013 hvor koncentrationen er brugt op<\/span><span data-ccp-props=\"{}\">\u00a0<\/span><\/p>\n<p><span data-contrast=\"auto\">&#8211; Legene er ikke pauser. De er et fagligt redskab. De f\u00e5 minutter kan \u00e6ndre resten af timen.<\/span><span data-ccp-props=\"{}\">\u00a0<\/span><\/p>\n<p>&nbsp;<\/p>\n<p><strong>Lyd, der p\u00e5virker nervesystemet\u00a0<\/strong><\/p>\n<p><span data-contrast=\"auto\">Ud over leg har Rikke Gaardsdal arbejdet med lyd. Ikke musikvideoer eller animationer, men rene lyde fra naturen.<\/span><span data-ccp-props=\"{}\">\u00a0<\/span><\/p>\n<p><span data-contrast=\"auto\">&#8211; Det kan v\u00e6re fodspor i sne. Det er en stille, rytmisk, knasende lyd. Den s\u00e6nker sp\u00e6ndingsniveauet i kroppen uden at kr\u00e6ve noget af barnet, forklarer hun.<\/span><span data-ccp-props=\"{}\">\u00a0<\/span><\/p>\n<p><span data-contrast=\"auto\">Hun fort\u00e6ller, at lytning, uden billeder, er vigtig.<\/span><\/p>\n<p><span data-contrast=\"auto\">&#8211; Sk\u00e6rme skaber aktivitet i hjernen. Lyd alene skaber ro.<\/span><span data-ccp-props=\"{}\">\u00a0<\/span><\/p>\n<p>&nbsp;<\/p>\n<p><strong>Overgange: det sted, hvor mange b\u00f8rn kn\u00e6kker\u00a0<\/strong><\/p>\n<p><span data-contrast=\"auto\">Rikke Gaardsdal ser overgange som det mest kritiske sted i skoledagen.<\/span><\/p>\n<p><span data-contrast=\"auto\">&#8211; Det er ofte d\u00e9r, man mister barnet. Fra frikvarter til matematik. Fra dans til dansk. Fra h\u00f8j puls til stilletid. Mange b\u00f8rn kan ikke lave det skift uden hj\u00e6lp.<\/span><span data-ccp-props=\"{}\">\u00a0<\/span><\/p>\n<p><span data-contrast=\"auto\">Her kan de korte lege skabe et f\u00e6lles nulpunkt, der samler klassen.<\/span><\/p>\n<p><span data-contrast=\"auto\">&#8211; Det bliver lettere at begynde p\u00e5 noget fagligt, n\u00e5r kroppen f\u00f8rst har fundet sin ro.<\/span><span data-ccp-props=\"{}\">\u00a0<\/span><\/p>\n<p>&nbsp;<\/p>\n<p><strong>Erfaringer fra praksis\u00a0<\/strong><\/p>\n<p><span data-contrast=\"auto\">Rikke Gaardsdal har brugt metoderne i b\u00e5de folkeskolen og i arbejdet med udviklingsh\u00e6mmede voksne. Hun oplever den samme virkning begge steder: mere ro, f\u00e6rre konflikter og st\u00e6rkere relationer.<\/span><span data-ccp-props=\"{}\">\u00a0<\/span><\/p>\n<p><span data-contrast=\"auto\">&#8211; Det g\u00f8r en forskel, n\u00e5r man giver kroppen plads. Mennesker i alle aldre reagerer p\u00e5 det.<\/span><span data-ccp-props=\"{}\">\u00a0<\/span><\/p>\n<p><span data-contrast=\"auto\">Rikke Gaardsdal l\u00e6gger v\u00e6gt p\u00e5, at hendes tilgang ikke fjerner krav, faglighed eller struktur.<\/span><\/p>\n<p><span data-contrast=\"auto\">&#8211; Det handler om at give b\u00f8rnene en bedre foruds\u00e6tning for at kunne v\u00e6re i skolen. N\u00e5r nervesystemet er presset, virker ordene og sk\u00e6ld-ud ikke. Vi skal starte et andet sted.<\/span><span data-ccp-props=\"{}\">\u00a0<\/span><\/p>\n<a class=\"dvrt-link\" onClick=\"cdmtrack_click(4416,jQuery(this));return false\" href=\"https:\/\/sdrhaa.dk\/\"><img decoding=\"async\" style=\"width:100%;\" src=\"https:\/\/kunmedierne.dk\/thy\/wp-content\/uploads\/sites\/2\/2025\/05\/260302Din-gebyrvenlige-sparekasse_SHS_Thy-1.gif\"><\/a><script>cdmtrack_view(4416);<\/script>\n<p><span data-contrast=\"auto\">Hun mener, at fagpersoner bliver stadig mere opm\u00e6rksomme p\u00e5 behovet.<\/span><\/p>\n<p><span data-contrast=\"auto\">&#8211; L\u00e6rere og p\u00e6dagoger st\u00e5r midt i en hverdag, hvor b\u00f8rn reagerer kraftigere end f\u00f8r. De eftersp\u00f8rger v\u00e6rkt\u00f8jer, der faktisk kan bruges.<\/span><span data-ccp-props=\"{}\">\u00a0<\/span><\/p>\n<p>&nbsp;<\/p>\n<p><strong>Et f\u00e6lles ansvar for roen\u00a0<\/strong><\/p>\n<p><span data-contrast=\"auto\">For Rikke Gaardsdal er m\u00e5let tydeligt: en skole, hvor b\u00f8rnene kan trives, og de voksne har handlemuligheder.<\/span><span data-ccp-props=\"{}\">\u00a0<\/span><\/p>\n<p><span data-contrast=\"auto\">&#8211; Vi skal ikke tilbage i tiden. Men vi skal skabe balance. Sk\u00e6rme har deres plads. Leg har sin. Og b\u00f8rn har brug for os til at hj\u00e6lpe dem med at finde roen igen.<\/span><span data-ccp-props=\"{}\">\u00a0<\/span><\/p>\n<blockquote>\n<h5>Rikke Gaardsdal har fornyligt udgivet bogen: &#8220;Neuroplay &#8211; Neurop\u00e6dagogisk v\u00e6rkt\u00f8jskasse til f\u00e6llesskab, trivsel og l\u00e6ring i klassen&#8221; bogen er m\u00e5lrettet blandt andre l\u00e6rere.<\/h5>\n<\/blockquote>\n","protected":false},"excerpt":{"rendered":"<p>SKOLETID: Uro, manglende koncentration og respekt fylder mere end f\u00f8r i landets klasselokaler. L\u00e6rere p\u00e5 Mors og Thy beskriver b\u00f8rn, der mister fokus hurtigere, har sv\u00e6rt ved overgange og generelt er mere pressede i hverdagen. Lektor og cand.p\u00e6d. Rikke Gaardsdal genkender billedet. Hun bor i Nyk\u00f8bing med sin mand og tre b\u00f8rn og arbejder til [&hellip;]<\/p>\n","protected":false},"author":2507,"featured_media":0,"comment_status":"closed","ping_status":"closed","sticky":false,"template":"","format":"standard","meta":{"_acf_changed":false,"footnotes":""},"categories":[24],"tags":[43,47,44],"class_list":["post-14357","post","type-post","status-publish","format-standard","hentry","category-lokalt","tag-skoler","tag-sundhed","tag-undervisning"],"acf":[],"yoast_head":"<!-- This site is optimized with the Yoast SEO plugin v26.8 - https:\/\/yoast.com\/product\/yoast-seo-wordpress\/ -->\n<title>Uroen vokser i klasselokalerne. If\u00f8lge Rikke Gaardsdal begynder l\u00f8sningen i kroppen - Thy<\/title>\n<meta name=\"robots\" content=\"index, follow, max-snippet:-1, max-image-preview:large, max-video-preview:-1\" \/>\n<link rel=\"canonical\" href=\"https:\/\/kunmedierne.dk\/thy\/uroen-vokser-i-klasselokalerne-ifoelge-rikke-gaardsdal-begynder-loesningen-i-kroppen\/\" \/>\n<meta property=\"og:locale\" content=\"da_DK\" \/>\n<meta property=\"og:type\" content=\"article\" \/>\n<meta property=\"og:title\" content=\"Uroen vokser i klasselokalerne. If\u00f8lge Rikke Gaardsdal begynder l\u00f8sningen i kroppen - Thy\" \/>\n<meta property=\"og:description\" content=\"SKOLETID: Uro, manglende koncentration og respekt fylder mere end f\u00f8r i landets klasselokaler. L\u00e6rere p\u00e5 Mors og Thy beskriver b\u00f8rn, der mister fokus hurtigere, har sv\u00e6rt ved overgange og generelt er mere pressede i hverdagen. Lektor og cand.p\u00e6d. Rikke Gaardsdal genkender billedet. Hun bor i Nyk\u00f8bing med sin mand og tre b\u00f8rn og arbejder til [&hellip;]\" \/>\n<meta property=\"og:url\" content=\"https:\/\/kunmedierne.dk\/thy\/uroen-vokser-i-klasselokalerne-ifoelge-rikke-gaardsdal-begynder-loesningen-i-kroppen\/\" \/>\n<meta property=\"og:site_name\" content=\"Thy\" \/>\n<meta property=\"article:published_time\" content=\"2025-12-05T20:12:25+00:00\" \/>\n<meta name=\"author\" content=\"Katrine Hedegaard\" \/>\n<meta name=\"twitter:card\" content=\"summary_large_image\" \/>\n<meta name=\"twitter:label1\" content=\"Skrevet af\" \/>\n\t<meta name=\"twitter:data1\" content=\"Katrine Hedegaard\" \/>\n\t<meta name=\"twitter:label2\" content=\"Estimeret l\u00e6setid\" \/>\n\t<meta name=\"twitter:data2\" content=\"5 minutter\" \/>\n<script type=\"application\/ld+json\" class=\"yoast-schema-graph\">{\"@context\":\"https:\/\/schema.org\",\"@graph\":[{\"@type\":\"Article\",\"@id\":\"https:\/\/kunmedierne.dk\/thy\/uroen-vokser-i-klasselokalerne-ifoelge-rikke-gaardsdal-begynder-loesningen-i-kroppen\/#article\",\"isPartOf\":{\"@id\":\"https:\/\/kunmedierne.dk\/thy\/uroen-vokser-i-klasselokalerne-ifoelge-rikke-gaardsdal-begynder-loesningen-i-kroppen\/\"},\"author\":{\"name\":\"Katrine Hedegaard\",\"@id\":\"https:\/\/kunmedierne.dk\/thy\/#\/schema\/person\/b2e62a38069b12365e53e087a8709c64\"},\"headline\":\"Uroen vokser i klasselokalerne. If\u00f8lge Rikke Gaardsdal begynder l\u00f8sningen i kroppen\",\"datePublished\":\"2025-12-05T20:12:25+00:00\",\"mainEntityOfPage\":{\"@id\":\"https:\/\/kunmedierne.dk\/thy\/uroen-vokser-i-klasselokalerne-ifoelge-rikke-gaardsdal-begynder-loesningen-i-kroppen\/\"},\"wordCount\":910,\"publisher\":{\"@id\":\"https:\/\/kunmedierne.dk\/thy\/#organization\"},\"keywords\":[\"Skoler\",\"Sundhed\",\"Undervisning\"],\"articleSection\":[\"Lokalt\"],\"inLanguage\":\"da-DK\"},{\"@type\":\"WebPage\",\"@id\":\"https:\/\/kunmedierne.dk\/thy\/uroen-vokser-i-klasselokalerne-ifoelge-rikke-gaardsdal-begynder-loesningen-i-kroppen\/\",\"url\":\"https:\/\/kunmedierne.dk\/thy\/uroen-vokser-i-klasselokalerne-ifoelge-rikke-gaardsdal-begynder-loesningen-i-kroppen\/\",\"name\":\"Uroen vokser i klasselokalerne. If\u00f8lge Rikke Gaardsdal begynder l\u00f8sningen i kroppen - Thy\",\"isPartOf\":{\"@id\":\"https:\/\/kunmedierne.dk\/thy\/#website\"},\"datePublished\":\"2025-12-05T20:12:25+00:00\",\"breadcrumb\":{\"@id\":\"https:\/\/kunmedierne.dk\/thy\/uroen-vokser-i-klasselokalerne-ifoelge-rikke-gaardsdal-begynder-loesningen-i-kroppen\/#breadcrumb\"},\"inLanguage\":\"da-DK\",\"potentialAction\":[{\"@type\":\"ReadAction\",\"target\":[\"https:\/\/kunmedierne.dk\/thy\/uroen-vokser-i-klasselokalerne-ifoelge-rikke-gaardsdal-begynder-loesningen-i-kroppen\/\"]}]},{\"@type\":\"BreadcrumbList\",\"@id\":\"https:\/\/kunmedierne.dk\/thy\/uroen-vokser-i-klasselokalerne-ifoelge-rikke-gaardsdal-begynder-loesningen-i-kroppen\/#breadcrumb\",\"itemListElement\":[{\"@type\":\"ListItem\",\"position\":1,\"name\":\"Home\",\"item\":\"https:\/\/kunmedierne.dk\/thy\/\"},{\"@type\":\"ListItem\",\"position\":2,\"name\":\"Uroen vokser i klasselokalerne. If\u00f8lge Rikke Gaardsdal begynder l\u00f8sningen i kroppen\"}]},{\"@type\":\"WebSite\",\"@id\":\"https:\/\/kunmedierne.dk\/thy\/#website\",\"url\":\"https:\/\/kunmedierne.dk\/thy\/\",\"name\":\"Thy\",\"description\":\"et netmedie med journalistik om livet i Thy\",\"publisher\":{\"@id\":\"https:\/\/kunmedierne.dk\/thy\/#organization\"},\"potentialAction\":[{\"@type\":\"SearchAction\",\"target\":{\"@type\":\"EntryPoint\",\"urlTemplate\":\"https:\/\/kunmedierne.dk\/thy\/?s={search_term_string}\"},\"query-input\":{\"@type\":\"PropertyValueSpecification\",\"valueRequired\":true,\"valueName\":\"search_term_string\"}}],\"inLanguage\":\"da-DK\"},{\"@type\":\"Organization\",\"@id\":\"https:\/\/kunmedierne.dk\/thy\/#organization\",\"name\":\"Thy\",\"url\":\"https:\/\/kunmedierne.dk\/thy\/\",\"logo\":{\"@type\":\"ImageObject\",\"inLanguage\":\"da-DK\",\"@id\":\"https:\/\/kunmedierne.dk\/thy\/#\/schema\/logo\/image\/\",\"url\":\"https:\/\/kunmedierne.dk\/thy\/wp-content\/uploads\/sites\/2\/2025\/04\/kunthy-logo.svg\",\"contentUrl\":\"https:\/\/kunmedierne.dk\/thy\/wp-content\/uploads\/sites\/2\/2025\/04\/kunthy-logo.svg\",\"caption\":\"Thy\"},\"image\":{\"@id\":\"https:\/\/kunmedierne.dk\/thy\/#\/schema\/logo\/image\/\"}},{\"@type\":\"Person\",\"@id\":\"https:\/\/kunmedierne.dk\/thy\/#\/schema\/person\/b2e62a38069b12365e53e087a8709c64\",\"name\":\"Katrine Hedegaard\",\"image\":{\"@type\":\"ImageObject\",\"inLanguage\":\"da-DK\",\"@id\":\"https:\/\/kunmedierne.dk\/thy\/#\/schema\/person\/image\/\",\"url\":\"https:\/\/secure.gravatar.com\/avatar\/18a5c72fa9148052fd3ed5a58b40fc83cfdc9811090e6e6eec9539af058edcc0?s=96&d=mm&r=g\",\"contentUrl\":\"https:\/\/secure.gravatar.com\/avatar\/18a5c72fa9148052fd3ed5a58b40fc83cfdc9811090e6e6eec9539af058edcc0?s=96&d=mm&r=g\",\"caption\":\"Katrine Hedegaard\"},\"url\":\"https:\/\/kunmedierne.dk\/thy\/author\/katrine\/\"}]}<\/script>\n<!-- \/ Yoast SEO plugin. -->","yoast_head_json":{"title":"Uroen vokser i klasselokalerne. If\u00f8lge Rikke Gaardsdal begynder l\u00f8sningen i kroppen - Thy","robots":{"index":"index","follow":"follow","max-snippet":"max-snippet:-1","max-image-preview":"max-image-preview:large","max-video-preview":"max-video-preview:-1"},"canonical":"https:\/\/kunmedierne.dk\/thy\/uroen-vokser-i-klasselokalerne-ifoelge-rikke-gaardsdal-begynder-loesningen-i-kroppen\/","og_locale":"da_DK","og_type":"article","og_title":"Uroen vokser i klasselokalerne. If\u00f8lge Rikke Gaardsdal begynder l\u00f8sningen i kroppen - Thy","og_description":"SKOLETID: Uro, manglende koncentration og respekt fylder mere end f\u00f8r i landets klasselokaler. L\u00e6rere p\u00e5 Mors og Thy beskriver b\u00f8rn, der mister fokus hurtigere, har sv\u00e6rt ved overgange og generelt er mere pressede i hverdagen. Lektor og cand.p\u00e6d. Rikke Gaardsdal genkender billedet. Hun bor i Nyk\u00f8bing med sin mand og tre b\u00f8rn og arbejder til [&hellip;]","og_url":"https:\/\/kunmedierne.dk\/thy\/uroen-vokser-i-klasselokalerne-ifoelge-rikke-gaardsdal-begynder-loesningen-i-kroppen\/","og_site_name":"Thy","article_published_time":"2025-12-05T20:12:25+00:00","author":"Katrine Hedegaard","twitter_card":"summary_large_image","twitter_misc":{"Skrevet af":"Katrine Hedegaard","Estimeret l\u00e6setid":"5 minutter"},"schema":{"@context":"https:\/\/schema.org","@graph":[{"@type":"Article","@id":"https:\/\/kunmedierne.dk\/thy\/uroen-vokser-i-klasselokalerne-ifoelge-rikke-gaardsdal-begynder-loesningen-i-kroppen\/#article","isPartOf":{"@id":"https:\/\/kunmedierne.dk\/thy\/uroen-vokser-i-klasselokalerne-ifoelge-rikke-gaardsdal-begynder-loesningen-i-kroppen\/"},"author":{"name":"Katrine Hedegaard","@id":"https:\/\/kunmedierne.dk\/thy\/#\/schema\/person\/b2e62a38069b12365e53e087a8709c64"},"headline":"Uroen vokser i klasselokalerne. If\u00f8lge Rikke Gaardsdal begynder l\u00f8sningen i kroppen","datePublished":"2025-12-05T20:12:25+00:00","mainEntityOfPage":{"@id":"https:\/\/kunmedierne.dk\/thy\/uroen-vokser-i-klasselokalerne-ifoelge-rikke-gaardsdal-begynder-loesningen-i-kroppen\/"},"wordCount":910,"publisher":{"@id":"https:\/\/kunmedierne.dk\/thy\/#organization"},"keywords":["Skoler","Sundhed","Undervisning"],"articleSection":["Lokalt"],"inLanguage":"da-DK"},{"@type":"WebPage","@id":"https:\/\/kunmedierne.dk\/thy\/uroen-vokser-i-klasselokalerne-ifoelge-rikke-gaardsdal-begynder-loesningen-i-kroppen\/","url":"https:\/\/kunmedierne.dk\/thy\/uroen-vokser-i-klasselokalerne-ifoelge-rikke-gaardsdal-begynder-loesningen-i-kroppen\/","name":"Uroen vokser i klasselokalerne. If\u00f8lge Rikke Gaardsdal begynder l\u00f8sningen i kroppen - Thy","isPartOf":{"@id":"https:\/\/kunmedierne.dk\/thy\/#website"},"datePublished":"2025-12-05T20:12:25+00:00","breadcrumb":{"@id":"https:\/\/kunmedierne.dk\/thy\/uroen-vokser-i-klasselokalerne-ifoelge-rikke-gaardsdal-begynder-loesningen-i-kroppen\/#breadcrumb"},"inLanguage":"da-DK","potentialAction":[{"@type":"ReadAction","target":["https:\/\/kunmedierne.dk\/thy\/uroen-vokser-i-klasselokalerne-ifoelge-rikke-gaardsdal-begynder-loesningen-i-kroppen\/"]}]},{"@type":"BreadcrumbList","@id":"https:\/\/kunmedierne.dk\/thy\/uroen-vokser-i-klasselokalerne-ifoelge-rikke-gaardsdal-begynder-loesningen-i-kroppen\/#breadcrumb","itemListElement":[{"@type":"ListItem","position":1,"name":"Home","item":"https:\/\/kunmedierne.dk\/thy\/"},{"@type":"ListItem","position":2,"name":"Uroen vokser i klasselokalerne. If\u00f8lge Rikke Gaardsdal begynder l\u00f8sningen i kroppen"}]},{"@type":"WebSite","@id":"https:\/\/kunmedierne.dk\/thy\/#website","url":"https:\/\/kunmedierne.dk\/thy\/","name":"Thy","description":"et netmedie med journalistik om livet i Thy","publisher":{"@id":"https:\/\/kunmedierne.dk\/thy\/#organization"},"potentialAction":[{"@type":"SearchAction","target":{"@type":"EntryPoint","urlTemplate":"https:\/\/kunmedierne.dk\/thy\/?s={search_term_string}"},"query-input":{"@type":"PropertyValueSpecification","valueRequired":true,"valueName":"search_term_string"}}],"inLanguage":"da-DK"},{"@type":"Organization","@id":"https:\/\/kunmedierne.dk\/thy\/#organization","name":"Thy","url":"https:\/\/kunmedierne.dk\/thy\/","logo":{"@type":"ImageObject","inLanguage":"da-DK","@id":"https:\/\/kunmedierne.dk\/thy\/#\/schema\/logo\/image\/","url":"https:\/\/kunmedierne.dk\/thy\/wp-content\/uploads\/sites\/2\/2025\/04\/kunthy-logo.svg","contentUrl":"https:\/\/kunmedierne.dk\/thy\/wp-content\/uploads\/sites\/2\/2025\/04\/kunthy-logo.svg","caption":"Thy"},"image":{"@id":"https:\/\/kunmedierne.dk\/thy\/#\/schema\/logo\/image\/"}},{"@type":"Person","@id":"https:\/\/kunmedierne.dk\/thy\/#\/schema\/person\/b2e62a38069b12365e53e087a8709c64","name":"Katrine Hedegaard","image":{"@type":"ImageObject","inLanguage":"da-DK","@id":"https:\/\/kunmedierne.dk\/thy\/#\/schema\/person\/image\/","url":"https:\/\/secure.gravatar.com\/avatar\/18a5c72fa9148052fd3ed5a58b40fc83cfdc9811090e6e6eec9539af058edcc0?s=96&d=mm&r=g","contentUrl":"https:\/\/secure.gravatar.com\/avatar\/18a5c72fa9148052fd3ed5a58b40fc83cfdc9811090e6e6eec9539af058edcc0?s=96&d=mm&r=g","caption":"Katrine Hedegaard"},"url":"https:\/\/kunmedierne.dk\/thy\/author\/katrine\/"}]}},"_links":{"self":[{"href":"https:\/\/kunmedierne.dk\/thy\/wp-json\/wp\/v2\/posts\/14357","targetHints":{"allow":["GET"]}}],"collection":[{"href":"https:\/\/kunmedierne.dk\/thy\/wp-json\/wp\/v2\/posts"}],"about":[{"href":"https:\/\/kunmedierne.dk\/thy\/wp-json\/wp\/v2\/types\/post"}],"author":[{"embeddable":true,"href":"https:\/\/kunmedierne.dk\/thy\/wp-json\/wp\/v2\/users\/2507"}],"replies":[{"embeddable":true,"href":"https:\/\/kunmedierne.dk\/thy\/wp-json\/wp\/v2\/comments?post=14357"}],"version-history":[{"count":4,"href":"https:\/\/kunmedierne.dk\/thy\/wp-json\/wp\/v2\/posts\/14357\/revisions"}],"predecessor-version":[{"id":14365,"href":"https:\/\/kunmedierne.dk\/thy\/wp-json\/wp\/v2\/posts\/14357\/revisions\/14365"}],"wp:attachment":[{"href":"https:\/\/kunmedierne.dk\/thy\/wp-json\/wp\/v2\/media?parent=14357"}],"wp:term":[{"taxonomy":"category","embeddable":true,"href":"https:\/\/kunmedierne.dk\/thy\/wp-json\/wp\/v2\/categories?post=14357"},{"taxonomy":"post_tag","embeddable":true,"href":"https:\/\/kunmedierne.dk\/thy\/wp-json\/wp\/v2\/tags?post=14357"}],"curies":[{"name":"wp","href":"https:\/\/api.w.org\/{rel}","templated":true}]}}