{"id":14329,"date":"2025-12-05T14:02:11","date_gmt":"2025-12-05T13:02:11","guid":{"rendered":"https:\/\/kunmedierne.dk\/thy\/?p=14329"},"modified":"2025-12-05T14:02:11","modified_gmt":"2025-12-05T13:02:11","slug":"efter-nytaar-begynder-arbejdet-ny-kommunalbestyrelse-i-arbejdstoejet","status":"publish","type":"post","link":"https:\/\/kunmedierne.dk\/thy\/efter-nytaar-begynder-arbejdet-ny-kommunalbestyrelse-i-arbejdstoejet\/","title":{"rendered":"Efter nyt\u00e5r begynder arbejdet: Ny kommunalbestyrelse i arbejdst\u00f8jet"},"content":{"rendered":"<p><strong>THISTED:<\/strong> &#8211; S\u00e5 er vi gennem dagsordenen&#8230;<\/p>\n<p>S\u00e5dan l\u00f8d det fra borgmester Niels J\u00f8rgen Pedersen torsdag aften, en god halv time efter det konstituerende m\u00f8de i den nye kommunalbestyrelse var begyndt. Og han tilf\u00f8jede:<\/p>\n<p>&#8211; Vi m\u00e5 h\u00e5be, det ikke bliver s\u00e5dan med kommunalbestyrelsens m\u00f8der fremover. S\u00e5 bliver det lidt kedeligt at st\u00e5 her.<\/p>\n<a class=\"dvrt-link\" onClick=\"cdmtrack_click(687,jQuery(this));return false\" href=\"https:\/\/konpap.dk\/?gad_source=1&gclid=Cj0KCQjwtJ6_BhDWARIsAGanmKfOBLC3RBm6obWL5sEb-mp4bsp5QjqWW4j4nx22y0YT2iMiXJcv3MoaApR_EALw_wcB\"><img decoding=\"async\" style=\"width:100%;\" src=\"https:\/\/kunmedierne.dk\/thy\/wp-content\/uploads\/sites\/2\/2025\/03\/redoffice.jpg\"><\/a><script>cdmtrack_view(687);<\/script>\n<p>Dette kunne v\u00e6re sagt med tanke for flere af m\u00f8derne i den nu afg\u00e5ende kommunalbestyrelse, hvor en til tider stor talelyst ikke sj\u00e6ldent har f\u00e5et bare et dagsordenspunkt til at tage lige s\u00e5 lang til at behandle, som det tog den nye kommunalbestyrelse at komme gennem dagsordenen til det konstituerende m\u00f8de.<\/p>\n<div id=\"attachment_14370\" style=\"width: 1242px\" class=\"wp-caption alignnone\"><img loading=\"lazy\" decoding=\"async\" aria-describedby=\"caption-attachment-14370\" class=\"wp-image-14370 size-full\" src=\"https:\/\/kunmedierne.dk\/thy\/wp-content\/uploads\/sites\/2\/2025\/12\/Design-uden-navn-2025-12-05T122620.442.jpg\" alt=\"\" width=\"1232\" height=\"821\" srcset=\"https:\/\/kunmedierne.dk\/thy\/wp-content\/uploads\/sites\/2\/2025\/12\/Design-uden-navn-2025-12-05T122620.442.jpg 1232w, https:\/\/kunmedierne.dk\/thy\/wp-content\/uploads\/sites\/2\/2025\/12\/Design-uden-navn-2025-12-05T122620.442-300x200.jpg 300w, https:\/\/kunmedierne.dk\/thy\/wp-content\/uploads\/sites\/2\/2025\/12\/Design-uden-navn-2025-12-05T122620.442-1024x682.jpg 1024w, https:\/\/kunmedierne.dk\/thy\/wp-content\/uploads\/sites\/2\/2025\/12\/Design-uden-navn-2025-12-05T122620.442-510x340.jpg 510w\" sizes=\"auto, (max-width: 1232px) 100vw, 1232px\" \/><p id=\"caption-attachment-14370\" class=\"wp-caption-text\">Jens Kr. Yde, K, har h\u00f8jest anciennitet blandt kommunalbestyrelsens medlemmer. Han ledede m\u00f8det indtil Niels J\u00f8rgen Pedersen formelt var indsat som borgmester. Foto: Jens Fogh-Andersen.<\/p><\/div>\n<p>&nbsp;<\/p>\n<p>Og den var p\u00e5 ikke mindre end 76 punkter, hvoraf langt de fleste drejede sig om at godkende de kommunalbestyrelsesmedlemmer, der var indstillet til pladserne i de mange r\u00e5d, n\u00e6vn og bestyrelser udenfor kommunalbestyrelserne, hvor der er politisk repr\u00e6sentation.<\/p>\n<div id=\"attachment_14378\" style=\"width: 1242px\" class=\"wp-caption alignnone\"><img loading=\"lazy\" decoding=\"async\" aria-describedby=\"caption-attachment-14378\" class=\"wp-image-14378 size-full\" src=\"https:\/\/kunmedierne.dk\/thy\/wp-content\/uploads\/sites\/2\/2025\/12\/Design-uden-navn-2025-12-05T134812.977.jpg\" alt=\"\" width=\"1232\" height=\"821\" srcset=\"https:\/\/kunmedierne.dk\/thy\/wp-content\/uploads\/sites\/2\/2025\/12\/Design-uden-navn-2025-12-05T134812.977.jpg 1232w, https:\/\/kunmedierne.dk\/thy\/wp-content\/uploads\/sites\/2\/2025\/12\/Design-uden-navn-2025-12-05T134812.977-300x200.jpg 300w, https:\/\/kunmedierne.dk\/thy\/wp-content\/uploads\/sites\/2\/2025\/12\/Design-uden-navn-2025-12-05T134812.977-1024x682.jpg 1024w, https:\/\/kunmedierne.dk\/thy\/wp-content\/uploads\/sites\/2\/2025\/12\/Design-uden-navn-2025-12-05T134812.977-510x340.jpg 510w\" sizes=\"auto, (max-width: 1232px) 100vw, 1232px\" \/><p id=\"caption-attachment-14378\" class=\"wp-caption-text\">60 procent af medlemmerne i den konservative gruppe er nyvalgte &#8211; to af dem er John Jensen, tv., og Per Skovmose. Jens Tilma er den tredje nyvalgte af fem konservative i den nye kommunalbestyrelse. Foto: Jens Fogh-Andersen<\/p><\/div>\n<p>&nbsp;<\/p>\n<p>Blandt de 27 medlemmer i den nye kommunalbestyrelser er de 13 nyvalgte, men det konstituerende m\u00f8de blev \u00e5bne med kommunalbestyrelsens nestor, 71-\u00e5rige Jens Kr. Yde, K, som m\u00f8deleder. Han er det af de 27 medlemmer med den h\u00f8jeste anciennitet. Jens Kr. Yde varetog ledelsen af m\u00f8det indtil dagsordenens punkt tre, udpegning af borgmester, var behandlet.<\/p>\n<a class=\"dvrt-link\" onClick=\"cdmtrack_click(683,jQuery(this));return false\" href=\"https:\/\/vester-begr.dk\/?utm_source=google&amp;utm_medium=advative&amp;gad_source=1&amp;gclid=Cj0KCQjwtJ6_BhDWARIsAGanmKfl-hGVVjCYiOgSKoGoxrow4kvXybZsnruKJYTslvqZDywT6a9PCQwaAmBjEALw_wcB\"><img decoding=\"async\" style=\"width:100%;\" src=\"https:\/\/kunmedierne.dk\/thy\/wp-content\/uploads\/sites\/2\/2025\/03\/260203VesterHoukaer-02022026.jpg\"><\/a><script>cdmtrack_view(683);<\/script>\n<p>Det blev Venstres Niels J\u00f8rgen Pedersen, pr\u00e6cis som det har v\u00e6ret aftalt siden natten mellem 18. og 19. november, da Venstre Det Konservative Folkeparti, Liberal Alliance og Danmarksdemokraterne indgik en konstitueringsaftale.<\/p>\n<p>&#8211; Tak for valget, l\u00f8d det fra Niels J\u00f8rgen Pedersen, som gl\u00e6dede sig til de kommende fire \u00e5rs arbejde, som vil byde p\u00e5 masser af opgaver og reformer, lod han forst\u00e5.<\/p>\n<div id=\"attachment_14375\" style=\"width: 1242px\" class=\"wp-caption alignnone\"><img loading=\"lazy\" decoding=\"async\" aria-describedby=\"caption-attachment-14375\" class=\"wp-image-14375 size-full\" src=\"https:\/\/kunmedierne.dk\/thy\/wp-content\/uploads\/sites\/2\/2025\/12\/Design-uden-navn-2025-12-05T134259.488.jpg\" alt=\"\" width=\"1232\" height=\"821\" srcset=\"https:\/\/kunmedierne.dk\/thy\/wp-content\/uploads\/sites\/2\/2025\/12\/Design-uden-navn-2025-12-05T134259.488.jpg 1232w, https:\/\/kunmedierne.dk\/thy\/wp-content\/uploads\/sites\/2\/2025\/12\/Design-uden-navn-2025-12-05T134259.488-300x200.jpg 300w, https:\/\/kunmedierne.dk\/thy\/wp-content\/uploads\/sites\/2\/2025\/12\/Design-uden-navn-2025-12-05T134259.488-1024x682.jpg 1024w, https:\/\/kunmedierne.dk\/thy\/wp-content\/uploads\/sites\/2\/2025\/12\/Design-uden-navn-2025-12-05T134259.488-510x340.jpg 510w\" sizes=\"auto, (max-width: 1232px) 100vw, 1232px\" \/><p id=\"caption-attachment-14375\" class=\"wp-caption-text\">26-\u00e5rige Martin Dommerby, V, er yngste medlem i den nye kommunalbestyrelse. Foto: Jens Fogh-Andersen.<\/p><\/div>\n<p>&nbsp;<\/p>\n<p><span style=\"font-size: 16px\">Arbejdet skal udf\u00f8res af en kommunalbestyrelse, hvor valget betyd stor udskiftning. 13 af de 27 medlemmer er nye. Og s\u00e5 er der 45 \u00e5rs aldersforskel mellem kommunalbestyrelsens \u00e6ldste medlem, 71-\u00e5rige Jens Kr. Yde, og det yngste medlem, 26-\u00e5rige Martin Dommerby, V.<\/span><\/p>\n<a class=\"dvrt-link\" onClick=\"cdmtrack_click(689,jQuery(this));return false\" href=\"https:\/\/www.thistedbolig.dk\"><img decoding=\"async\" style=\"width:100%;\" src=\"https:\/\/kunmedierne.dk\/thy\/wp-content\/uploads\/sites\/2\/2025\/03\/260414ThistedBoligApril-opslag-002-1.jpg\"><\/a><script>cdmtrack_view(689);<\/script>\n<p>&#8211; I kommer med nye kompetencer, g\u00e5-p\u00e5 mod og ny energi. Det kan kun blive godt, sagde Niels J\u00f8rgen Pedersen, som skal formidle at samarbejdet mellem kommunalbestyreleens medlemmer og dens partier kommer til at foreg\u00e5 p\u00e5 bedste vis.<\/p>\n<div id=\"attachment_14379\" style=\"width: 1242px\" class=\"wp-caption alignnone\"><img loading=\"lazy\" decoding=\"async\" aria-describedby=\"caption-attachment-14379\" class=\"wp-image-14379 size-full\" src=\"https:\/\/kunmedierne.dk\/thy\/wp-content\/uploads\/sites\/2\/2025\/12\/Design-uden-navn-2025-12-05T135249.910.jpg\" alt=\"\" width=\"1232\" height=\"821\" srcset=\"https:\/\/kunmedierne.dk\/thy\/wp-content\/uploads\/sites\/2\/2025\/12\/Design-uden-navn-2025-12-05T135249.910.jpg 1232w, https:\/\/kunmedierne.dk\/thy\/wp-content\/uploads\/sites\/2\/2025\/12\/Design-uden-navn-2025-12-05T135249.910-300x200.jpg 300w, https:\/\/kunmedierne.dk\/thy\/wp-content\/uploads\/sites\/2\/2025\/12\/Design-uden-navn-2025-12-05T135249.910-1024x682.jpg 1024w, https:\/\/kunmedierne.dk\/thy\/wp-content\/uploads\/sites\/2\/2025\/12\/Design-uden-navn-2025-12-05T135249.910-510x340.jpg 510w\" sizes=\"auto, (max-width: 1232px) 100vw, 1232px\" \/><p id=\"caption-attachment-14379\" class=\"wp-caption-text\">Michael Riber J\u00f8rgensen er det ene af Enhedslistens to medlemmer i den nye kommunalbestyrelse. Foto: Jens Fogh-Andersen.<\/p><\/div>\n<p>&nbsp;<\/p>\n<p>Herfra fortsatte m\u00f8det uden ret mange kommentarer inden medlemmerne i den nye kommunalbestyrelse efter en halv times gik ned i r\u00e5dhusets kantine p\u00e5 etagen under kommunalbestyrelsens m\u00f8desal, hvor der var lagt op til hyggeligt samv\u00e6r mellem b\u00e5de de nyvalgte og de 14, der har v\u00e6ret med i l\u00e6ngere tid.<\/p>\n","protected":false},"excerpt":{"rendered":"<p>THISTED: &#8211; S\u00e5 er vi gennem dagsordenen&#8230; S\u00e5dan l\u00f8d det fra borgmester Niels J\u00f8rgen Pedersen torsdag aften, en god halv time efter det konstituerende m\u00f8de i den nye kommunalbestyrelse var begyndt. Og han tilf\u00f8jede: &#8211; Vi m\u00e5 h\u00e5be, det ikke bliver s\u00e5dan med kommunalbestyrelsens m\u00f8der fremover. S\u00e5 bliver det lidt kedeligt at st\u00e5 her. Dette [&hellip;]<\/p>\n","protected":false},"author":4535,"featured_media":0,"comment_status":"closed","ping_status":"closed","sticky":false,"template":"","format":"standard","meta":{"_acf_changed":false,"footnotes":""},"categories":[24],"tags":[89],"class_list":["post-14329","post","type-post","status-publish","format-standard","hentry","category-lokalt","tag-kommunalvalg"],"acf":[],"yoast_head":"<!-- This site is optimized with the Yoast SEO plugin v26.8 - https:\/\/yoast.com\/product\/yoast-seo-wordpress\/ -->\n<title>Efter nyt\u00e5r begynder arbejdet: Ny kommunalbestyrelse i arbejdst\u00f8jet - Thy<\/title>\n<meta name=\"robots\" content=\"index, follow, max-snippet:-1, max-image-preview:large, max-video-preview:-1\" \/>\n<link rel=\"canonical\" href=\"https:\/\/kunmedierne.dk\/thy\/efter-nytaar-begynder-arbejdet-ny-kommunalbestyrelse-i-arbejdstoejet\/\" \/>\n<meta property=\"og:locale\" content=\"da_DK\" \/>\n<meta property=\"og:type\" content=\"article\" \/>\n<meta property=\"og:title\" content=\"Efter nyt\u00e5r begynder arbejdet: Ny kommunalbestyrelse i arbejdst\u00f8jet - Thy\" \/>\n<meta property=\"og:description\" content=\"THISTED: &#8211; S\u00e5 er vi gennem dagsordenen&#8230; S\u00e5dan l\u00f8d det fra borgmester Niels J\u00f8rgen Pedersen torsdag aften, en god halv time efter det konstituerende m\u00f8de i den nye kommunalbestyrelse var begyndt. Og han tilf\u00f8jede: &#8211; Vi m\u00e5 h\u00e5be, det ikke bliver s\u00e5dan med kommunalbestyrelsens m\u00f8der fremover. S\u00e5 bliver det lidt kedeligt at st\u00e5 her. Dette [&hellip;]\" \/>\n<meta property=\"og:url\" content=\"https:\/\/kunmedierne.dk\/thy\/efter-nytaar-begynder-arbejdet-ny-kommunalbestyrelse-i-arbejdstoejet\/\" \/>\n<meta property=\"og:site_name\" content=\"Thy\" \/>\n<meta property=\"article:published_time\" content=\"2025-12-05T13:02:11+00:00\" \/>\n<meta property=\"og:image\" content=\"https:\/\/kunmedierne.dk\/thy\/wp-content\/uploads\/sites\/2\/2025\/12\/Design-uden-navn-2025-12-05T122620.442.jpg\" \/>\n<meta name=\"author\" content=\"Jens Fogh Andersen\" \/>\n<meta name=\"twitter:card\" content=\"summary_large_image\" \/>\n<meta name=\"twitter:label1\" content=\"Skrevet af\" \/>\n\t<meta name=\"twitter:data1\" content=\"Jens Fogh Andersen\" \/>\n\t<meta name=\"twitter:label2\" content=\"Estimeret l\u00e6setid\" \/>\n\t<meta name=\"twitter:data2\" content=\"4 minutter\" \/>\n<script type=\"application\/ld+json\" class=\"yoast-schema-graph\">{\"@context\":\"https:\/\/schema.org\",\"@graph\":[{\"@type\":\"Article\",\"@id\":\"https:\/\/kunmedierne.dk\/thy\/efter-nytaar-begynder-arbejdet-ny-kommunalbestyrelse-i-arbejdstoejet\/#article\",\"isPartOf\":{\"@id\":\"https:\/\/kunmedierne.dk\/thy\/efter-nytaar-begynder-arbejdet-ny-kommunalbestyrelse-i-arbejdstoejet\/\"},\"author\":{\"name\":\"Jens Fogh Andersen\",\"@id\":\"https:\/\/kunmedierne.dk\/thy\/#\/schema\/person\/88f5be46809ca2a5533760eb574fef93\"},\"headline\":\"Efter nyt\u00e5r begynder arbejdet: Ny kommunalbestyrelse i arbejdst\u00f8jet\",\"datePublished\":\"2025-12-05T13:02:11+00:00\",\"mainEntityOfPage\":{\"@id\":\"https:\/\/kunmedierne.dk\/thy\/efter-nytaar-begynder-arbejdet-ny-kommunalbestyrelse-i-arbejdstoejet\/\"},\"wordCount\":564,\"publisher\":{\"@id\":\"https:\/\/kunmedierne.dk\/thy\/#organization\"},\"image\":{\"@id\":\"https:\/\/kunmedierne.dk\/thy\/efter-nytaar-begynder-arbejdet-ny-kommunalbestyrelse-i-arbejdstoejet\/#primaryimage\"},\"thumbnailUrl\":\"https:\/\/kunmedierne.dk\/thy\/wp-content\/uploads\/sites\/2\/2025\/12\/Design-uden-navn-2025-12-05T122620.442.jpg\",\"keywords\":[\"Kommunalvalg\"],\"articleSection\":[\"Lokalt\"],\"inLanguage\":\"da-DK\"},{\"@type\":\"WebPage\",\"@id\":\"https:\/\/kunmedierne.dk\/thy\/efter-nytaar-begynder-arbejdet-ny-kommunalbestyrelse-i-arbejdstoejet\/\",\"url\":\"https:\/\/kunmedierne.dk\/thy\/efter-nytaar-begynder-arbejdet-ny-kommunalbestyrelse-i-arbejdstoejet\/\",\"name\":\"Efter nyt\u00e5r begynder arbejdet: Ny kommunalbestyrelse i arbejdst\u00f8jet - Thy\",\"isPartOf\":{\"@id\":\"https:\/\/kunmedierne.dk\/thy\/#website\"},\"primaryImageOfPage\":{\"@id\":\"https:\/\/kunmedierne.dk\/thy\/efter-nytaar-begynder-arbejdet-ny-kommunalbestyrelse-i-arbejdstoejet\/#primaryimage\"},\"image\":{\"@id\":\"https:\/\/kunmedierne.dk\/thy\/efter-nytaar-begynder-arbejdet-ny-kommunalbestyrelse-i-arbejdstoejet\/#primaryimage\"},\"thumbnailUrl\":\"https:\/\/kunmedierne.dk\/thy\/wp-content\/uploads\/sites\/2\/2025\/12\/Design-uden-navn-2025-12-05T122620.442.jpg\",\"datePublished\":\"2025-12-05T13:02:11+00:00\",\"breadcrumb\":{\"@id\":\"https:\/\/kunmedierne.dk\/thy\/efter-nytaar-begynder-arbejdet-ny-kommunalbestyrelse-i-arbejdstoejet\/#breadcrumb\"},\"inLanguage\":\"da-DK\",\"potentialAction\":[{\"@type\":\"ReadAction\",\"target\":[\"https:\/\/kunmedierne.dk\/thy\/efter-nytaar-begynder-arbejdet-ny-kommunalbestyrelse-i-arbejdstoejet\/\"]}]},{\"@type\":\"ImageObject\",\"inLanguage\":\"da-DK\",\"@id\":\"https:\/\/kunmedierne.dk\/thy\/efter-nytaar-begynder-arbejdet-ny-kommunalbestyrelse-i-arbejdstoejet\/#primaryimage\",\"url\":\"https:\/\/kunmedierne.dk\/thy\/wp-content\/uploads\/sites\/2\/2025\/12\/Design-uden-navn-2025-12-05T122620.442.jpg\",\"contentUrl\":\"https:\/\/kunmedierne.dk\/thy\/wp-content\/uploads\/sites\/2\/2025\/12\/Design-uden-navn-2025-12-05T122620.442.jpg\",\"width\":1232,\"height\":821},{\"@type\":\"BreadcrumbList\",\"@id\":\"https:\/\/kunmedierne.dk\/thy\/efter-nytaar-begynder-arbejdet-ny-kommunalbestyrelse-i-arbejdstoejet\/#breadcrumb\",\"itemListElement\":[{\"@type\":\"ListItem\",\"position\":1,\"name\":\"Home\",\"item\":\"https:\/\/kunmedierne.dk\/thy\/\"},{\"@type\":\"ListItem\",\"position\":2,\"name\":\"Efter nyt\u00e5r begynder arbejdet: Ny kommunalbestyrelse i arbejdst\u00f8jet\"}]},{\"@type\":\"WebSite\",\"@id\":\"https:\/\/kunmedierne.dk\/thy\/#website\",\"url\":\"https:\/\/kunmedierne.dk\/thy\/\",\"name\":\"Thy\",\"description\":\"et netmedie med journalistik om livet i Thy\",\"publisher\":{\"@id\":\"https:\/\/kunmedierne.dk\/thy\/#organization\"},\"potentialAction\":[{\"@type\":\"SearchAction\",\"target\":{\"@type\":\"EntryPoint\",\"urlTemplate\":\"https:\/\/kunmedierne.dk\/thy\/?s={search_term_string}\"},\"query-input\":{\"@type\":\"PropertyValueSpecification\",\"valueRequired\":true,\"valueName\":\"search_term_string\"}}],\"inLanguage\":\"da-DK\"},{\"@type\":\"Organization\",\"@id\":\"https:\/\/kunmedierne.dk\/thy\/#organization\",\"name\":\"Thy\",\"url\":\"https:\/\/kunmedierne.dk\/thy\/\",\"logo\":{\"@type\":\"ImageObject\",\"inLanguage\":\"da-DK\",\"@id\":\"https:\/\/kunmedierne.dk\/thy\/#\/schema\/logo\/image\/\",\"url\":\"https:\/\/kunmedierne.dk\/thy\/wp-content\/uploads\/sites\/2\/2025\/04\/kunthy-logo.svg\",\"contentUrl\":\"https:\/\/kunmedierne.dk\/thy\/wp-content\/uploads\/sites\/2\/2025\/04\/kunthy-logo.svg\",\"caption\":\"Thy\"},\"image\":{\"@id\":\"https:\/\/kunmedierne.dk\/thy\/#\/schema\/logo\/image\/\"}},{\"@type\":\"Person\",\"@id\":\"https:\/\/kunmedierne.dk\/thy\/#\/schema\/person\/88f5be46809ca2a5533760eb574fef93\",\"name\":\"Jens Fogh Andersen\",\"image\":{\"@type\":\"ImageObject\",\"inLanguage\":\"da-DK\",\"@id\":\"https:\/\/kunmedierne.dk\/thy\/#\/schema\/person\/image\/\",\"url\":\"https:\/\/secure.gravatar.com\/avatar\/2b367a4ef139b1c41dccc9ee7af926b81f8b4cca3359772e86c7fd5ced26c0a3?s=96&d=mm&r=g\",\"contentUrl\":\"https:\/\/secure.gravatar.com\/avatar\/2b367a4ef139b1c41dccc9ee7af926b81f8b4cca3359772e86c7fd5ced26c0a3?s=96&d=mm&r=g\",\"caption\":\"Jens Fogh Andersen\"},\"url\":\"https:\/\/kunmedierne.dk\/thy\/author\/jfa\/\"}]}<\/script>\n<!-- \/ Yoast SEO plugin. -->","yoast_head_json":{"title":"Efter nyt\u00e5r begynder arbejdet: Ny kommunalbestyrelse i arbejdst\u00f8jet - Thy","robots":{"index":"index","follow":"follow","max-snippet":"max-snippet:-1","max-image-preview":"max-image-preview:large","max-video-preview":"max-video-preview:-1"},"canonical":"https:\/\/kunmedierne.dk\/thy\/efter-nytaar-begynder-arbejdet-ny-kommunalbestyrelse-i-arbejdstoejet\/","og_locale":"da_DK","og_type":"article","og_title":"Efter nyt\u00e5r begynder arbejdet: Ny kommunalbestyrelse i arbejdst\u00f8jet - Thy","og_description":"THISTED: &#8211; S\u00e5 er vi gennem dagsordenen&#8230; S\u00e5dan l\u00f8d det fra borgmester Niels J\u00f8rgen Pedersen torsdag aften, en god halv time efter det konstituerende m\u00f8de i den nye kommunalbestyrelse var begyndt. Og han tilf\u00f8jede: &#8211; Vi m\u00e5 h\u00e5be, det ikke bliver s\u00e5dan med kommunalbestyrelsens m\u00f8der fremover. S\u00e5 bliver det lidt kedeligt at st\u00e5 her. Dette [&hellip;]","og_url":"https:\/\/kunmedierne.dk\/thy\/efter-nytaar-begynder-arbejdet-ny-kommunalbestyrelse-i-arbejdstoejet\/","og_site_name":"Thy","article_published_time":"2025-12-05T13:02:11+00:00","og_image":[{"url":"https:\/\/kunmedierne.dk\/thy\/wp-content\/uploads\/sites\/2\/2025\/12\/Design-uden-navn-2025-12-05T122620.442.jpg","type":"","width":"","height":""}],"author":"Jens Fogh Andersen","twitter_card":"summary_large_image","twitter_misc":{"Skrevet af":"Jens Fogh Andersen","Estimeret l\u00e6setid":"4 minutter"},"schema":{"@context":"https:\/\/schema.org","@graph":[{"@type":"Article","@id":"https:\/\/kunmedierne.dk\/thy\/efter-nytaar-begynder-arbejdet-ny-kommunalbestyrelse-i-arbejdstoejet\/#article","isPartOf":{"@id":"https:\/\/kunmedierne.dk\/thy\/efter-nytaar-begynder-arbejdet-ny-kommunalbestyrelse-i-arbejdstoejet\/"},"author":{"name":"Jens Fogh Andersen","@id":"https:\/\/kunmedierne.dk\/thy\/#\/schema\/person\/88f5be46809ca2a5533760eb574fef93"},"headline":"Efter nyt\u00e5r begynder arbejdet: Ny kommunalbestyrelse i arbejdst\u00f8jet","datePublished":"2025-12-05T13:02:11+00:00","mainEntityOfPage":{"@id":"https:\/\/kunmedierne.dk\/thy\/efter-nytaar-begynder-arbejdet-ny-kommunalbestyrelse-i-arbejdstoejet\/"},"wordCount":564,"publisher":{"@id":"https:\/\/kunmedierne.dk\/thy\/#organization"},"image":{"@id":"https:\/\/kunmedierne.dk\/thy\/efter-nytaar-begynder-arbejdet-ny-kommunalbestyrelse-i-arbejdstoejet\/#primaryimage"},"thumbnailUrl":"https:\/\/kunmedierne.dk\/thy\/wp-content\/uploads\/sites\/2\/2025\/12\/Design-uden-navn-2025-12-05T122620.442.jpg","keywords":["Kommunalvalg"],"articleSection":["Lokalt"],"inLanguage":"da-DK"},{"@type":"WebPage","@id":"https:\/\/kunmedierne.dk\/thy\/efter-nytaar-begynder-arbejdet-ny-kommunalbestyrelse-i-arbejdstoejet\/","url":"https:\/\/kunmedierne.dk\/thy\/efter-nytaar-begynder-arbejdet-ny-kommunalbestyrelse-i-arbejdstoejet\/","name":"Efter nyt\u00e5r begynder arbejdet: Ny kommunalbestyrelse i arbejdst\u00f8jet - Thy","isPartOf":{"@id":"https:\/\/kunmedierne.dk\/thy\/#website"},"primaryImageOfPage":{"@id":"https:\/\/kunmedierne.dk\/thy\/efter-nytaar-begynder-arbejdet-ny-kommunalbestyrelse-i-arbejdstoejet\/#primaryimage"},"image":{"@id":"https:\/\/kunmedierne.dk\/thy\/efter-nytaar-begynder-arbejdet-ny-kommunalbestyrelse-i-arbejdstoejet\/#primaryimage"},"thumbnailUrl":"https:\/\/kunmedierne.dk\/thy\/wp-content\/uploads\/sites\/2\/2025\/12\/Design-uden-navn-2025-12-05T122620.442.jpg","datePublished":"2025-12-05T13:02:11+00:00","breadcrumb":{"@id":"https:\/\/kunmedierne.dk\/thy\/efter-nytaar-begynder-arbejdet-ny-kommunalbestyrelse-i-arbejdstoejet\/#breadcrumb"},"inLanguage":"da-DK","potentialAction":[{"@type":"ReadAction","target":["https:\/\/kunmedierne.dk\/thy\/efter-nytaar-begynder-arbejdet-ny-kommunalbestyrelse-i-arbejdstoejet\/"]}]},{"@type":"ImageObject","inLanguage":"da-DK","@id":"https:\/\/kunmedierne.dk\/thy\/efter-nytaar-begynder-arbejdet-ny-kommunalbestyrelse-i-arbejdstoejet\/#primaryimage","url":"https:\/\/kunmedierne.dk\/thy\/wp-content\/uploads\/sites\/2\/2025\/12\/Design-uden-navn-2025-12-05T122620.442.jpg","contentUrl":"https:\/\/kunmedierne.dk\/thy\/wp-content\/uploads\/sites\/2\/2025\/12\/Design-uden-navn-2025-12-05T122620.442.jpg","width":1232,"height":821},{"@type":"BreadcrumbList","@id":"https:\/\/kunmedierne.dk\/thy\/efter-nytaar-begynder-arbejdet-ny-kommunalbestyrelse-i-arbejdstoejet\/#breadcrumb","itemListElement":[{"@type":"ListItem","position":1,"name":"Home","item":"https:\/\/kunmedierne.dk\/thy\/"},{"@type":"ListItem","position":2,"name":"Efter nyt\u00e5r begynder arbejdet: Ny kommunalbestyrelse i arbejdst\u00f8jet"}]},{"@type":"WebSite","@id":"https:\/\/kunmedierne.dk\/thy\/#website","url":"https:\/\/kunmedierne.dk\/thy\/","name":"Thy","description":"et netmedie med journalistik om livet i Thy","publisher":{"@id":"https:\/\/kunmedierne.dk\/thy\/#organization"},"potentialAction":[{"@type":"SearchAction","target":{"@type":"EntryPoint","urlTemplate":"https:\/\/kunmedierne.dk\/thy\/?s={search_term_string}"},"query-input":{"@type":"PropertyValueSpecification","valueRequired":true,"valueName":"search_term_string"}}],"inLanguage":"da-DK"},{"@type":"Organization","@id":"https:\/\/kunmedierne.dk\/thy\/#organization","name":"Thy","url":"https:\/\/kunmedierne.dk\/thy\/","logo":{"@type":"ImageObject","inLanguage":"da-DK","@id":"https:\/\/kunmedierne.dk\/thy\/#\/schema\/logo\/image\/","url":"https:\/\/kunmedierne.dk\/thy\/wp-content\/uploads\/sites\/2\/2025\/04\/kunthy-logo.svg","contentUrl":"https:\/\/kunmedierne.dk\/thy\/wp-content\/uploads\/sites\/2\/2025\/04\/kunthy-logo.svg","caption":"Thy"},"image":{"@id":"https:\/\/kunmedierne.dk\/thy\/#\/schema\/logo\/image\/"}},{"@type":"Person","@id":"https:\/\/kunmedierne.dk\/thy\/#\/schema\/person\/88f5be46809ca2a5533760eb574fef93","name":"Jens Fogh Andersen","image":{"@type":"ImageObject","inLanguage":"da-DK","@id":"https:\/\/kunmedierne.dk\/thy\/#\/schema\/person\/image\/","url":"https:\/\/secure.gravatar.com\/avatar\/2b367a4ef139b1c41dccc9ee7af926b81f8b4cca3359772e86c7fd5ced26c0a3?s=96&d=mm&r=g","contentUrl":"https:\/\/secure.gravatar.com\/avatar\/2b367a4ef139b1c41dccc9ee7af926b81f8b4cca3359772e86c7fd5ced26c0a3?s=96&d=mm&r=g","caption":"Jens Fogh Andersen"},"url":"https:\/\/kunmedierne.dk\/thy\/author\/jfa\/"}]}},"_links":{"self":[{"href":"https:\/\/kunmedierne.dk\/thy\/wp-json\/wp\/v2\/posts\/14329","targetHints":{"allow":["GET"]}}],"collection":[{"href":"https:\/\/kunmedierne.dk\/thy\/wp-json\/wp\/v2\/posts"}],"about":[{"href":"https:\/\/kunmedierne.dk\/thy\/wp-json\/wp\/v2\/types\/post"}],"author":[{"embeddable":true,"href":"https:\/\/kunmedierne.dk\/thy\/wp-json\/wp\/v2\/users\/4535"}],"replies":[{"embeddable":true,"href":"https:\/\/kunmedierne.dk\/thy\/wp-json\/wp\/v2\/comments?post=14329"}],"version-history":[{"count":7,"href":"https:\/\/kunmedierne.dk\/thy\/wp-json\/wp\/v2\/posts\/14329\/revisions"}],"predecessor-version":[{"id":14383,"href":"https:\/\/kunmedierne.dk\/thy\/wp-json\/wp\/v2\/posts\/14329\/revisions\/14383"}],"wp:attachment":[{"href":"https:\/\/kunmedierne.dk\/thy\/wp-json\/wp\/v2\/media?parent=14329"}],"wp:term":[{"taxonomy":"category","embeddable":true,"href":"https:\/\/kunmedierne.dk\/thy\/wp-json\/wp\/v2\/categories?post=14329"},{"taxonomy":"post_tag","embeddable":true,"href":"https:\/\/kunmedierne.dk\/thy\/wp-json\/wp\/v2\/tags?post=14329"}],"curies":[{"name":"wp","href":"https:\/\/api.w.org\/{rel}","templated":true}]}}