{"id":14070,"date":"2025-11-30T06:24:41","date_gmt":"2025-11-30T05:24:41","guid":{"rendered":"https:\/\/kunmedierne.dk\/thy\/?p=14070"},"modified":"2025-11-28T17:25:09","modified_gmt":"2025-11-28T16:25:09","slug":"store-planer-for-store-torv-to-projekter-skal-goere-torvet-mere-attraktivt","status":"publish","type":"post","link":"https:\/\/kunmedierne.dk\/thy\/store-planer-for-store-torv-to-projekter-skal-goere-torvet-mere-attraktivt\/","title":{"rendered":"Store planer for Store Torv: To projekter skal g\u00f8re torvet mere attraktivt"},"content":{"rendered":"<p><strong>THISTED:<\/strong> Blandt gaverne til Thisteds 500 \u00e5rs k\u00f8bstadsjubil\u00e6um i 2024 var 10 millioner kroner til en renovering af Store Torv.<\/p>\n<p>Gaven fra Sparekassen Thy skal bruges til at g\u00f8re den sydlige del af Store Torv, som ligger op mod museumsbygningen og den gamle kirkeg\u00e5rd, til et nyt opholds- og samlingssted i midtbyen, men den \u00f8vrige del af torvet, pladsen foran det gamle r\u00e5dhus, som blev renoveret med ny bel\u00e6gning i 2008 efter arbejdet med at anl\u00e6gge p-k\u00e6lderen under torvet, skal ogs\u00e5 s\u00e6ttes i stand. Det sker for kommunens regning.<\/p>\n<a class=\"dvrt-link\" onClick=\"cdmtrack_click(18790,jQuery(this));return false\" href=\"https:\/\/thymors.dk\/sponsorater\/15-til-faellesskabet?utm_source=kunthy&amp;utm_medium=annonce&amp;utm_campaign=sponsorater\"><img decoding=\"async\" style=\"width:100%;\" src=\"https:\/\/kunmedierne.dk\/thy\/wp-content\/uploads\/sites\/2\/2026\/03\/260407ThyMors-energi_faellesskab_generel-1.jpg\"><\/a><script>cdmtrack_view(18790);<\/script>\n<p>Begge projekter, b\u00e5de det, der laves med pengene fra jubil\u00e6umsgaven samt arbejdet med at forbedre bel\u00e6gningen p\u00e5 den resterende del af torvet, skal udf\u00f8res sidel\u00f8bende og v\u00e6re f\u00e6rdige til september 2026, fremg\u00e5r det af dagsordenen til n\u00e6ste uges m\u00f8de i kommunens udvalg for erhverv, klima, milj\u00f8 og teknik.<\/p>\n<p>Her skal udvalget behandle en indstilling fra forvaltningen om, at den resterende del af Store Torv renoveres og at der bruges 8,6 millioner kroner til form\u00e5let.<\/p>\n<div id=\"attachment_13757\" style=\"width: 1242px\" class=\"wp-caption alignnone\"><img loading=\"lazy\" decoding=\"async\" aria-describedby=\"caption-attachment-13757\" class=\"wp-image-13757 size-full\" src=\"https:\/\/kunmedierne.dk\/thy\/wp-content\/uploads\/sites\/2\/2025\/11\/Design-uden-navn-2025-11-24T102358.813.jpg\" alt=\"\" width=\"1232\" height=\"821\" srcset=\"https:\/\/kunmedierne.dk\/thy\/wp-content\/uploads\/sites\/2\/2025\/11\/Design-uden-navn-2025-11-24T102358.813.jpg 1232w, https:\/\/kunmedierne.dk\/thy\/wp-content\/uploads\/sites\/2\/2025\/11\/Design-uden-navn-2025-11-24T102358.813-300x200.jpg 300w, https:\/\/kunmedierne.dk\/thy\/wp-content\/uploads\/sites\/2\/2025\/11\/Design-uden-navn-2025-11-24T102358.813-1024x682.jpg 1024w, https:\/\/kunmedierne.dk\/thy\/wp-content\/uploads\/sites\/2\/2025\/11\/Design-uden-navn-2025-11-24T102358.813-510x340.jpg 510w\" sizes=\"auto, (max-width: 1232px) 100vw, 1232px\" \/><p id=\"caption-attachment-13757\" class=\"wp-caption-text\">Pengene fra Sparekassen Thy&#8217;s jubil\u00e6umsgave til Thisteds 500 \u00e5rs k\u00f8bstadsjubil\u00e6um i 2024 skal bruges til at g\u00f8re denne det af Store Torv til et sted, der kan skabe mere liv og aktivitet i bymidten. Arkivfoto: Jens Fogh-Andersen<\/p><\/div>\n<p>&nbsp;<\/p>\n<p>Bel\u00e6gningen p\u00e5 torvet er i s\u00e5 d\u00e5rlig stand, at kommunen hver uge har folk p\u00e5 torvet for at udf\u00f8re sm\u00e5reparationer, og efter at have unders\u00f8gt \u00e5rsagen til problemerne er det besluttet, at bel\u00e6gningen af granitfliser p\u00e5 torvet skal laves om, for sm\u00e5reparationer alene g\u00f8r det ikke.<\/p>\n<a class=\"dvrt-link\" onClick=\"cdmtrack_click(689,jQuery(this));return false\" href=\"https:\/\/www.thistedbolig.dk\"><img decoding=\"async\" style=\"width:100%;\" src=\"https:\/\/kunmedierne.dk\/thy\/wp-content\/uploads\/sites\/2\/2025\/03\/260414ThistedBoligApril-opslag-002-1.jpg\"><\/a><script>cdmtrack_view(689);<\/script>\n<p>Unders\u00f8gelser har vist, at bunden under bel\u00e6gningen er lavet for d\u00e5rligt.<\/p>\n<p>Der er brugt forkerte materialer og afvandingen er ikke tilstr\u00e6kkelig. Det medf\u00f8rer, at der samler sig vand i laget over d\u00e6kket over parkeringsk\u00e6lderen, der er anlagt under torvet.<\/p>\n<p>\u00c6ndres det ikke, vil der p\u00e5 sigt v\u00e6re risiko for, at der opst\u00e5r skader i d\u00e6kket over p-k\u00e6lderen.<\/p>\n<p>Af den grund er der i f\u00f8lge sagsfremstillingen til udvalget &#8220;behov at etablere en helt ny bundopbygning og nyt afvandingssystem inden oml\u00e6gning af den eksisterende bel\u00e6gning p\u00e5 torvet&#8221;.<\/p>\n<p>Manglende renovering af Store Torv vil medf\u00f8re en &#8220;betydelig m\u00e6ngde l\u00f8bende vedligeholdelse af bel\u00e6gningen. Desuden kan den<br \/>\nstore m\u00e6ngde vand i bel\u00e6gningen over tid for\u00e5rsage skader og skabe ut\u00e6theder p\u00e5 p-k\u00e6lderd\u00e6kket.<\/p>\n<p>Dette \u00f8ger risikoen for faldskader, og torvet vil p\u00e5 sigt miste sin egnethed som samlingspunkt for arrangementer og lignende&#8221;, fremg\u00e5r det af et teknisk notat om renoveringen af torvet.<\/p>\n<a class=\"dvrt-link\" onClick=\"cdmtrack_click(683,jQuery(this));return false\" href=\"https:\/\/vester-begr.dk\/?utm_source=google&amp;utm_medium=advative&amp;gad_source=1&amp;gclid=Cj0KCQjwtJ6_BhDWARIsAGanmKfl-hGVVjCYiOgSKoGoxrow4kvXybZsnruKJYTslvqZDywT6a9PCQwaAmBjEALw_wcB\"><img decoding=\"async\" style=\"width:100%;\" src=\"https:\/\/kunmedierne.dk\/thy\/wp-content\/uploads\/sites\/2\/2025\/03\/260203VesterHoukaer-02022026.jpg\"><\/a><script>cdmtrack_view(683);<\/script>\n<p>Notatet konkluderer at en &#8220;renovering af Store Torv med genbrug af granitmaterialerne, lagt p\u00e5 en fast bund og med et t\u00e6t fugemateriale, samt en fuld udskiftning af de indbyggede grusmaterialer og etablering af en velfungerende afvanding, vil reducere de gener, som i dag opleves af b\u00e5de borgere og driftspersonale&#8221;.<\/p>\n<p>I forbindelse med bel\u00e6gningsarbejderen p\u00e5 torvet skal der laves kombinerede siddeplinte og v\u00e6gtklodser, de eksisterende beslysningsmaster skal udskiftes med armaturer der harmonerer med belysningen i de omkringliggende gader og K\u00f8bstadsgaven i den sydlige del af torvet.<\/p>\n<p>Ydermere skal der laves foranstaltninger, herunder automatisk nummerpladeregistrering, som reducerer k\u00f8rsel og v\u00e6gtbegr\u00e6nsning p\u00e5 torvet, der skal ops\u00e6ttes overv\u00e5gningskameraer som en pr\u00e6ventiv indsats mod h\u00e6rv\u00e6rk og som et tryghedsskabende tiltag, lavers forbedrede udtag til str\u00f8m i forbindelse med aktiviteter p\u00e5 torvet og der skal laves en samlet belysningsplan for torvet, som omfatter facebelysning p\u00e5 det gamle r\u00e5dhus og p\u00e5 museumsbygningens gavl ud mod torvet.<\/p>\n","protected":false},"excerpt":{"rendered":"<p>THISTED: Blandt gaverne til Thisteds 500 \u00e5rs k\u00f8bstadsjubil\u00e6um i 2024 var 10 millioner kroner til en renovering af Store Torv. Gaven fra Sparekassen Thy skal bruges til at g\u00f8re den sydlige del af Store Torv, som ligger op mod museumsbygningen og den gamle kirkeg\u00e5rd, til et nyt opholds- og samlingssted i midtbyen, men den \u00f8vrige [&hellip;]<\/p>\n","protected":false},"author":4535,"featured_media":0,"comment_status":"closed","ping_status":"closed","sticky":false,"template":"","format":"standard","meta":{"_acf_changed":false,"footnotes":""},"categories":[24],"tags":[48,62],"class_list":["post-14070","post","type-post","status-publish","format-standard","hentry","category-lokalt","tag-miljoe","tag-trafik"],"acf":[],"yoast_head":"<!-- This site is optimized with the Yoast SEO plugin v26.8 - https:\/\/yoast.com\/product\/yoast-seo-wordpress\/ -->\n<title>Store planer for Store Torv: To projekter skal g\u00f8re torvet mere attraktivt - Thy<\/title>\n<meta name=\"robots\" content=\"index, follow, max-snippet:-1, max-image-preview:large, max-video-preview:-1\" \/>\n<link rel=\"canonical\" href=\"https:\/\/kunmedierne.dk\/thy\/store-planer-for-store-torv-to-projekter-skal-goere-torvet-mere-attraktivt\/\" \/>\n<meta property=\"og:locale\" content=\"da_DK\" \/>\n<meta property=\"og:type\" content=\"article\" \/>\n<meta property=\"og:title\" content=\"Store planer for Store Torv: To projekter skal g\u00f8re torvet mere attraktivt - Thy\" \/>\n<meta property=\"og:description\" content=\"THISTED: Blandt gaverne til Thisteds 500 \u00e5rs k\u00f8bstadsjubil\u00e6um i 2024 var 10 millioner kroner til en renovering af Store Torv. Gaven fra Sparekassen Thy skal bruges til at g\u00f8re den sydlige del af Store Torv, som ligger op mod museumsbygningen og den gamle kirkeg\u00e5rd, til et nyt opholds- og samlingssted i midtbyen, men den \u00f8vrige [&hellip;]\" \/>\n<meta property=\"og:url\" content=\"https:\/\/kunmedierne.dk\/thy\/store-planer-for-store-torv-to-projekter-skal-goere-torvet-mere-attraktivt\/\" \/>\n<meta property=\"og:site_name\" content=\"Thy\" \/>\n<meta property=\"article:published_time\" content=\"2025-11-30T05:24:41+00:00\" \/>\n<meta property=\"og:image\" content=\"https:\/\/kunmedierne.dk\/thy\/wp-content\/uploads\/sites\/2\/2025\/11\/Design-uden-navn-2025-11-24T102358.813.jpg\" \/>\n<meta name=\"author\" content=\"Jens Fogh Andersen\" \/>\n<meta name=\"twitter:card\" content=\"summary_large_image\" \/>\n<meta name=\"twitter:label1\" content=\"Skrevet af\" \/>\n\t<meta name=\"twitter:data1\" content=\"Jens Fogh Andersen\" \/>\n\t<meta name=\"twitter:label2\" content=\"Estimeret l\u00e6setid\" \/>\n\t<meta name=\"twitter:data2\" content=\"4 minutter\" \/>\n<script type=\"application\/ld+json\" class=\"yoast-schema-graph\">{\"@context\":\"https:\/\/schema.org\",\"@graph\":[{\"@type\":\"Article\",\"@id\":\"https:\/\/kunmedierne.dk\/thy\/store-planer-for-store-torv-to-projekter-skal-goere-torvet-mere-attraktivt\/#article\",\"isPartOf\":{\"@id\":\"https:\/\/kunmedierne.dk\/thy\/store-planer-for-store-torv-to-projekter-skal-goere-torvet-mere-attraktivt\/\"},\"author\":{\"name\":\"Jens Fogh Andersen\",\"@id\":\"https:\/\/kunmedierne.dk\/thy\/#\/schema\/person\/88f5be46809ca2a5533760eb574fef93\"},\"headline\":\"Store planer for Store Torv: To projekter skal g\u00f8re torvet mere attraktivt\",\"datePublished\":\"2025-11-30T05:24:41+00:00\",\"mainEntityOfPage\":{\"@id\":\"https:\/\/kunmedierne.dk\/thy\/store-planer-for-store-torv-to-projekter-skal-goere-torvet-mere-attraktivt\/\"},\"wordCount\":632,\"publisher\":{\"@id\":\"https:\/\/kunmedierne.dk\/thy\/#organization\"},\"image\":{\"@id\":\"https:\/\/kunmedierne.dk\/thy\/store-planer-for-store-torv-to-projekter-skal-goere-torvet-mere-attraktivt\/#primaryimage\"},\"thumbnailUrl\":\"https:\/\/kunmedierne.dk\/thy\/wp-content\/uploads\/sites\/2\/2025\/11\/Design-uden-navn-2025-11-24T102358.813.jpg\",\"keywords\":[\"Milj\u00f8\",\"Trafik\"],\"articleSection\":[\"Lokalt\"],\"inLanguage\":\"da-DK\"},{\"@type\":\"WebPage\",\"@id\":\"https:\/\/kunmedierne.dk\/thy\/store-planer-for-store-torv-to-projekter-skal-goere-torvet-mere-attraktivt\/\",\"url\":\"https:\/\/kunmedierne.dk\/thy\/store-planer-for-store-torv-to-projekter-skal-goere-torvet-mere-attraktivt\/\",\"name\":\"Store planer for Store Torv: To projekter skal g\u00f8re torvet mere attraktivt - Thy\",\"isPartOf\":{\"@id\":\"https:\/\/kunmedierne.dk\/thy\/#website\"},\"primaryImageOfPage\":{\"@id\":\"https:\/\/kunmedierne.dk\/thy\/store-planer-for-store-torv-to-projekter-skal-goere-torvet-mere-attraktivt\/#primaryimage\"},\"image\":{\"@id\":\"https:\/\/kunmedierne.dk\/thy\/store-planer-for-store-torv-to-projekter-skal-goere-torvet-mere-attraktivt\/#primaryimage\"},\"thumbnailUrl\":\"https:\/\/kunmedierne.dk\/thy\/wp-content\/uploads\/sites\/2\/2025\/11\/Design-uden-navn-2025-11-24T102358.813.jpg\",\"datePublished\":\"2025-11-30T05:24:41+00:00\",\"breadcrumb\":{\"@id\":\"https:\/\/kunmedierne.dk\/thy\/store-planer-for-store-torv-to-projekter-skal-goere-torvet-mere-attraktivt\/#breadcrumb\"},\"inLanguage\":\"da-DK\",\"potentialAction\":[{\"@type\":\"ReadAction\",\"target\":[\"https:\/\/kunmedierne.dk\/thy\/store-planer-for-store-torv-to-projekter-skal-goere-torvet-mere-attraktivt\/\"]}]},{\"@type\":\"ImageObject\",\"inLanguage\":\"da-DK\",\"@id\":\"https:\/\/kunmedierne.dk\/thy\/store-planer-for-store-torv-to-projekter-skal-goere-torvet-mere-attraktivt\/#primaryimage\",\"url\":\"https:\/\/kunmedierne.dk\/thy\/wp-content\/uploads\/sites\/2\/2025\/11\/Design-uden-navn-2025-11-24T102358.813.jpg\",\"contentUrl\":\"https:\/\/kunmedierne.dk\/thy\/wp-content\/uploads\/sites\/2\/2025\/11\/Design-uden-navn-2025-11-24T102358.813.jpg\",\"width\":1232,\"height\":821},{\"@type\":\"BreadcrumbList\",\"@id\":\"https:\/\/kunmedierne.dk\/thy\/store-planer-for-store-torv-to-projekter-skal-goere-torvet-mere-attraktivt\/#breadcrumb\",\"itemListElement\":[{\"@type\":\"ListItem\",\"position\":1,\"name\":\"Home\",\"item\":\"https:\/\/kunmedierne.dk\/thy\/\"},{\"@type\":\"ListItem\",\"position\":2,\"name\":\"Store planer for Store Torv: To projekter skal g\u00f8re torvet mere attraktivt\"}]},{\"@type\":\"WebSite\",\"@id\":\"https:\/\/kunmedierne.dk\/thy\/#website\",\"url\":\"https:\/\/kunmedierne.dk\/thy\/\",\"name\":\"Thy\",\"description\":\"et netmedie med journalistik om livet i Thy\",\"publisher\":{\"@id\":\"https:\/\/kunmedierne.dk\/thy\/#organization\"},\"potentialAction\":[{\"@type\":\"SearchAction\",\"target\":{\"@type\":\"EntryPoint\",\"urlTemplate\":\"https:\/\/kunmedierne.dk\/thy\/?s={search_term_string}\"},\"query-input\":{\"@type\":\"PropertyValueSpecification\",\"valueRequired\":true,\"valueName\":\"search_term_string\"}}],\"inLanguage\":\"da-DK\"},{\"@type\":\"Organization\",\"@id\":\"https:\/\/kunmedierne.dk\/thy\/#organization\",\"name\":\"Thy\",\"url\":\"https:\/\/kunmedierne.dk\/thy\/\",\"logo\":{\"@type\":\"ImageObject\",\"inLanguage\":\"da-DK\",\"@id\":\"https:\/\/kunmedierne.dk\/thy\/#\/schema\/logo\/image\/\",\"url\":\"https:\/\/kunmedierne.dk\/thy\/wp-content\/uploads\/sites\/2\/2025\/04\/kunthy-logo.svg\",\"contentUrl\":\"https:\/\/kunmedierne.dk\/thy\/wp-content\/uploads\/sites\/2\/2025\/04\/kunthy-logo.svg\",\"caption\":\"Thy\"},\"image\":{\"@id\":\"https:\/\/kunmedierne.dk\/thy\/#\/schema\/logo\/image\/\"}},{\"@type\":\"Person\",\"@id\":\"https:\/\/kunmedierne.dk\/thy\/#\/schema\/person\/88f5be46809ca2a5533760eb574fef93\",\"name\":\"Jens Fogh Andersen\",\"image\":{\"@type\":\"ImageObject\",\"inLanguage\":\"da-DK\",\"@id\":\"https:\/\/kunmedierne.dk\/thy\/#\/schema\/person\/image\/\",\"url\":\"https:\/\/secure.gravatar.com\/avatar\/2b367a4ef139b1c41dccc9ee7af926b81f8b4cca3359772e86c7fd5ced26c0a3?s=96&d=mm&r=g\",\"contentUrl\":\"https:\/\/secure.gravatar.com\/avatar\/2b367a4ef139b1c41dccc9ee7af926b81f8b4cca3359772e86c7fd5ced26c0a3?s=96&d=mm&r=g\",\"caption\":\"Jens Fogh Andersen\"},\"url\":\"https:\/\/kunmedierne.dk\/thy\/author\/jfa\/\"}]}<\/script>\n<!-- \/ Yoast SEO plugin. -->","yoast_head_json":{"title":"Store planer for Store Torv: To projekter skal g\u00f8re torvet mere attraktivt - Thy","robots":{"index":"index","follow":"follow","max-snippet":"max-snippet:-1","max-image-preview":"max-image-preview:large","max-video-preview":"max-video-preview:-1"},"canonical":"https:\/\/kunmedierne.dk\/thy\/store-planer-for-store-torv-to-projekter-skal-goere-torvet-mere-attraktivt\/","og_locale":"da_DK","og_type":"article","og_title":"Store planer for Store Torv: To projekter skal g\u00f8re torvet mere attraktivt - Thy","og_description":"THISTED: Blandt gaverne til Thisteds 500 \u00e5rs k\u00f8bstadsjubil\u00e6um i 2024 var 10 millioner kroner til en renovering af Store Torv. Gaven fra Sparekassen Thy skal bruges til at g\u00f8re den sydlige del af Store Torv, som ligger op mod museumsbygningen og den gamle kirkeg\u00e5rd, til et nyt opholds- og samlingssted i midtbyen, men den \u00f8vrige [&hellip;]","og_url":"https:\/\/kunmedierne.dk\/thy\/store-planer-for-store-torv-to-projekter-skal-goere-torvet-mere-attraktivt\/","og_site_name":"Thy","article_published_time":"2025-11-30T05:24:41+00:00","og_image":[{"url":"https:\/\/kunmedierne.dk\/thy\/wp-content\/uploads\/sites\/2\/2025\/11\/Design-uden-navn-2025-11-24T102358.813.jpg","type":"","width":"","height":""}],"author":"Jens Fogh Andersen","twitter_card":"summary_large_image","twitter_misc":{"Skrevet af":"Jens Fogh Andersen","Estimeret l\u00e6setid":"4 minutter"},"schema":{"@context":"https:\/\/schema.org","@graph":[{"@type":"Article","@id":"https:\/\/kunmedierne.dk\/thy\/store-planer-for-store-torv-to-projekter-skal-goere-torvet-mere-attraktivt\/#article","isPartOf":{"@id":"https:\/\/kunmedierne.dk\/thy\/store-planer-for-store-torv-to-projekter-skal-goere-torvet-mere-attraktivt\/"},"author":{"name":"Jens Fogh Andersen","@id":"https:\/\/kunmedierne.dk\/thy\/#\/schema\/person\/88f5be46809ca2a5533760eb574fef93"},"headline":"Store planer for Store Torv: To projekter skal g\u00f8re torvet mere attraktivt","datePublished":"2025-11-30T05:24:41+00:00","mainEntityOfPage":{"@id":"https:\/\/kunmedierne.dk\/thy\/store-planer-for-store-torv-to-projekter-skal-goere-torvet-mere-attraktivt\/"},"wordCount":632,"publisher":{"@id":"https:\/\/kunmedierne.dk\/thy\/#organization"},"image":{"@id":"https:\/\/kunmedierne.dk\/thy\/store-planer-for-store-torv-to-projekter-skal-goere-torvet-mere-attraktivt\/#primaryimage"},"thumbnailUrl":"https:\/\/kunmedierne.dk\/thy\/wp-content\/uploads\/sites\/2\/2025\/11\/Design-uden-navn-2025-11-24T102358.813.jpg","keywords":["Milj\u00f8","Trafik"],"articleSection":["Lokalt"],"inLanguage":"da-DK"},{"@type":"WebPage","@id":"https:\/\/kunmedierne.dk\/thy\/store-planer-for-store-torv-to-projekter-skal-goere-torvet-mere-attraktivt\/","url":"https:\/\/kunmedierne.dk\/thy\/store-planer-for-store-torv-to-projekter-skal-goere-torvet-mere-attraktivt\/","name":"Store planer for Store Torv: To projekter skal g\u00f8re torvet mere attraktivt - Thy","isPartOf":{"@id":"https:\/\/kunmedierne.dk\/thy\/#website"},"primaryImageOfPage":{"@id":"https:\/\/kunmedierne.dk\/thy\/store-planer-for-store-torv-to-projekter-skal-goere-torvet-mere-attraktivt\/#primaryimage"},"image":{"@id":"https:\/\/kunmedierne.dk\/thy\/store-planer-for-store-torv-to-projekter-skal-goere-torvet-mere-attraktivt\/#primaryimage"},"thumbnailUrl":"https:\/\/kunmedierne.dk\/thy\/wp-content\/uploads\/sites\/2\/2025\/11\/Design-uden-navn-2025-11-24T102358.813.jpg","datePublished":"2025-11-30T05:24:41+00:00","breadcrumb":{"@id":"https:\/\/kunmedierne.dk\/thy\/store-planer-for-store-torv-to-projekter-skal-goere-torvet-mere-attraktivt\/#breadcrumb"},"inLanguage":"da-DK","potentialAction":[{"@type":"ReadAction","target":["https:\/\/kunmedierne.dk\/thy\/store-planer-for-store-torv-to-projekter-skal-goere-torvet-mere-attraktivt\/"]}]},{"@type":"ImageObject","inLanguage":"da-DK","@id":"https:\/\/kunmedierne.dk\/thy\/store-planer-for-store-torv-to-projekter-skal-goere-torvet-mere-attraktivt\/#primaryimage","url":"https:\/\/kunmedierne.dk\/thy\/wp-content\/uploads\/sites\/2\/2025\/11\/Design-uden-navn-2025-11-24T102358.813.jpg","contentUrl":"https:\/\/kunmedierne.dk\/thy\/wp-content\/uploads\/sites\/2\/2025\/11\/Design-uden-navn-2025-11-24T102358.813.jpg","width":1232,"height":821},{"@type":"BreadcrumbList","@id":"https:\/\/kunmedierne.dk\/thy\/store-planer-for-store-torv-to-projekter-skal-goere-torvet-mere-attraktivt\/#breadcrumb","itemListElement":[{"@type":"ListItem","position":1,"name":"Home","item":"https:\/\/kunmedierne.dk\/thy\/"},{"@type":"ListItem","position":2,"name":"Store planer for Store Torv: To projekter skal g\u00f8re torvet mere attraktivt"}]},{"@type":"WebSite","@id":"https:\/\/kunmedierne.dk\/thy\/#website","url":"https:\/\/kunmedierne.dk\/thy\/","name":"Thy","description":"et netmedie med journalistik om livet i Thy","publisher":{"@id":"https:\/\/kunmedierne.dk\/thy\/#organization"},"potentialAction":[{"@type":"SearchAction","target":{"@type":"EntryPoint","urlTemplate":"https:\/\/kunmedierne.dk\/thy\/?s={search_term_string}"},"query-input":{"@type":"PropertyValueSpecification","valueRequired":true,"valueName":"search_term_string"}}],"inLanguage":"da-DK"},{"@type":"Organization","@id":"https:\/\/kunmedierne.dk\/thy\/#organization","name":"Thy","url":"https:\/\/kunmedierne.dk\/thy\/","logo":{"@type":"ImageObject","inLanguage":"da-DK","@id":"https:\/\/kunmedierne.dk\/thy\/#\/schema\/logo\/image\/","url":"https:\/\/kunmedierne.dk\/thy\/wp-content\/uploads\/sites\/2\/2025\/04\/kunthy-logo.svg","contentUrl":"https:\/\/kunmedierne.dk\/thy\/wp-content\/uploads\/sites\/2\/2025\/04\/kunthy-logo.svg","caption":"Thy"},"image":{"@id":"https:\/\/kunmedierne.dk\/thy\/#\/schema\/logo\/image\/"}},{"@type":"Person","@id":"https:\/\/kunmedierne.dk\/thy\/#\/schema\/person\/88f5be46809ca2a5533760eb574fef93","name":"Jens Fogh Andersen","image":{"@type":"ImageObject","inLanguage":"da-DK","@id":"https:\/\/kunmedierne.dk\/thy\/#\/schema\/person\/image\/","url":"https:\/\/secure.gravatar.com\/avatar\/2b367a4ef139b1c41dccc9ee7af926b81f8b4cca3359772e86c7fd5ced26c0a3?s=96&d=mm&r=g","contentUrl":"https:\/\/secure.gravatar.com\/avatar\/2b367a4ef139b1c41dccc9ee7af926b81f8b4cca3359772e86c7fd5ced26c0a3?s=96&d=mm&r=g","caption":"Jens Fogh Andersen"},"url":"https:\/\/kunmedierne.dk\/thy\/author\/jfa\/"}]}},"_links":{"self":[{"href":"https:\/\/kunmedierne.dk\/thy\/wp-json\/wp\/v2\/posts\/14070","targetHints":{"allow":["GET"]}}],"collection":[{"href":"https:\/\/kunmedierne.dk\/thy\/wp-json\/wp\/v2\/posts"}],"about":[{"href":"https:\/\/kunmedierne.dk\/thy\/wp-json\/wp\/v2\/types\/post"}],"author":[{"embeddable":true,"href":"https:\/\/kunmedierne.dk\/thy\/wp-json\/wp\/v2\/users\/4535"}],"replies":[{"embeddable":true,"href":"https:\/\/kunmedierne.dk\/thy\/wp-json\/wp\/v2\/comments?post=14070"}],"version-history":[{"count":6,"href":"https:\/\/kunmedierne.dk\/thy\/wp-json\/wp\/v2\/posts\/14070\/revisions"}],"predecessor-version":[{"id":14078,"href":"https:\/\/kunmedierne.dk\/thy\/wp-json\/wp\/v2\/posts\/14070\/revisions\/14078"}],"wp:attachment":[{"href":"https:\/\/kunmedierne.dk\/thy\/wp-json\/wp\/v2\/media?parent=14070"}],"wp:term":[{"taxonomy":"category","embeddable":true,"href":"https:\/\/kunmedierne.dk\/thy\/wp-json\/wp\/v2\/categories?post=14070"},{"taxonomy":"post_tag","embeddable":true,"href":"https:\/\/kunmedierne.dk\/thy\/wp-json\/wp\/v2\/tags?post=14070"}],"curies":[{"name":"wp","href":"https:\/\/api.w.org\/{rel}","templated":true}]}}