{"id":14045,"date":"2025-11-30T14:17:27","date_gmt":"2025-11-30T13:17:27","guid":{"rendered":"https:\/\/kunmedierne.dk\/thy\/?p=14045"},"modified":"2025-12-02T08:19:13","modified_gmt":"2025-12-02T07:19:13","slug":"stort-potentiale-i-smk-thy-og-naturlandsbyen","status":"publish","type":"post","link":"https:\/\/kunmedierne.dk\/thy\/stort-potentiale-i-smk-thy-og-naturlandsbyen\/","title":{"rendered":"Stort potentiale i SMK Thy og Naturlandsbyen"},"content":{"rendered":"<p><strong>THY:<\/strong> &#8220;De f\u00f8rste erfaringer indikerer, at destinationen har potentiale til at indfri de langsigtede m\u00e5ls\u00e6tninger om 55.500 \u00e5rlige bes\u00f8g, heraf ca. 35.000 p\u00e5 SMK Thy og 31.000 i Naturlandsbyen, n\u00e5r driften er fuldt etableret&#8221;.<\/p>\n<p>Det fremg\u00e5r af en orientering om SMK og Naturlandsbyen, der er p\u00e5 dagsordenen den 3. december i Sundheds-, Kultur-, og Fritidsudvalget i Thisted Kommune.<\/p>\n<p>S\u00e6son 2025 blev for SMK Thy en s\u00e6son fra den 30. august til og med den 2. november. I denne periode har omdrejningspunktet v\u00e6ret at teste faciliteter og indsamle erfaringer til den kommende fulde s\u00e6son.<\/p>\n<a class=\"dvrt-link\" onClick=\"cdmtrack_click(683,jQuery(this));return false\" href=\"https:\/\/vester-begr.dk\/?utm_source=google&amp;utm_medium=advative&amp;gad_source=1&amp;gclid=Cj0KCQjwtJ6_BhDWARIsAGanmKfl-hGVVjCYiOgSKoGoxrow4kvXybZsnruKJYTslvqZDywT6a9PCQwaAmBjEALw_wcB\"><img decoding=\"async\" style=\"width:100%;\" src=\"https:\/\/kunmedierne.dk\/thy\/wp-content\/uploads\/sites\/2\/2025\/03\/260203VesterHoukaer-02022026.jpg\"><\/a><script>cdmtrack_view(683);<\/script>\n<p>Der er registreret et bes\u00f8gstal p\u00e5 ca. 39.000 solgte billetter til SMK Thy, 1.400 betalende g\u00e6ster til Siloens udsigtsplatform og mange bes\u00f8gende til efter\u00e5rsferiens aktiviteter i Naturlandsbyen med mere end 600 deltagende b\u00f8rn.<\/p>\n<p>Efter \u00e5bningen blev der igangsat en r\u00e6kke aktiviteter i Naturlandsbyen for at teste faciliteterne og formater, og for at skabe liv p\u00e5 destinationen.<\/p>\n<p>Her kan n\u00e6vnes m\u00f8rkevandring, tr\u00e6klatring, ribb\u00e5dssejlads, fuglehusbygning, krible-krable-workshops og gr\u00e6skarsk\u00e6ring.<\/p>\n<p>Naturlandsbyen har \u00e5bent hele \u00e5ret og SMK Thy \u00e5bner i p\u00e5skeferien 2026.<\/p>\n<a class=\"dvrt-link\" onClick=\"cdmtrack_click(4416,jQuery(this));return false\" href=\"https:\/\/sdrhaa.dk\/\"><img decoding=\"async\" style=\"width:100%;\" src=\"https:\/\/kunmedierne.dk\/thy\/wp-content\/uploads\/sites\/2\/2025\/05\/260302Din-gebyrvenlige-sparekasse_SHS_Thy-1.gif\"><\/a><script>cdmtrack_view(4416);<\/script>\n<p>Frem mod \u00e5bningen af\u00a0den kommende s\u00e6son er der fokus p\u00e5 f\u00f8lgende:<\/p>\n<ul>\n<li>Genforhandling af forpagteraftalen med spisestedet Centralen, der har haft en\u00a0opstartskontrakt\u00a0grundet den usikkerhed, der var forbundet med driftsgrundlaget.<\/li>\n<li>Genforhandling af Allonge til samarbejds- og brugsretsaftalen mellem Thisted Kommune og SMK Thy. Allongen har fokus p\u00e5 drift og koordinering af\u00a0aktiviteter\u00a0for at sikre f\u00e6lles retning og et godt partnerskab om destinationen.<\/li>\n<li>Etablering af en ny styregruppe med repr\u00e6sentanter fra Thisted Kommune og SMK med opstart ultimo 2025. Styregruppen har til form\u00e5l at styrke samarbejdet og sikre strategisk udvikling p\u00e5 tv\u00e6rs af organisationerne, s\u00e5 Naturlandsbyen og SMK Thy fortsat kan udvikle sig som en\u00a0helhedsorienteret\u00a0destination. Fra Thisted Kommune deltager direkt\u00f8ren og chefen p\u00e5 omr\u00e5det.<\/li>\n<\/ul>\n<blockquote><p>De samlede udgifter til byggeprojekterne i Doverodde var p\u00e5 140,6 mio. kr.<\/p>\n<p><span class=\"cf0\">SMK Thy er realiseret med en\u00a0<\/span><span class=\"cf0\">fondsdonation<\/span><span class=\"cf0\">\u00a0fra A.P. M\u00f8ller og Hustru Chastine Mc-Kinney M\u00f8llers Fond til almene\u00a0<\/span><span class=\"cf0\">Formaal<\/span><span class=\"cf0\"> p\u00e5 op til i alt 47,5 mio. kr.<\/span><span class=\"cf0\">\u00a0<\/span><\/p>\n<p>Nordea Fonden st\u00f8ttede Naturlandsbyen med 55,5 mio. kr.<\/p>\n<p>Thisted Kommunalbestyrelse har bevilliget 22 mio. kr. til anl\u00e6g samt 17,7 mio. kr. til fondsmoms.<\/p><\/blockquote>\n<p class=\"pf0\"><span class=\"cf0\">Det kommunale driftsbudget for Naturlandsbyen \u00e5r 2026 er p\u00e5 2,9 mio. kr. \u00e5rligt:<\/span><\/p>\n<p>Nordea-fonden har bevilget drifts- og aktivitetsst\u00f8tte p\u00e5 i alt 10, 18 mio. kr. til de f\u00f8rste fem \u00e5r af projektet.<\/p>\n<a class=\"dvrt-link\" onClick=\"cdmtrack_click(685,jQuery(this));return false\" href=\"https:\/\/wensien.dk\/begravelse\/?gad_source=1&gclid=Cj0KCQjwtJ6_BhDWARIsAGanmKcWw6hbeoepGti1oApJGHln52gMbg8EBRZ86__3P1AJZ5dcsw4ZvNEaAk7JEALw_wcB\"><img decoding=\"async\" style=\"width:100%;\" src=\"https:\/\/kunmedierne.dk\/thy\/wp-content\/uploads\/sites\/2\/2025\/03\/wensien-stenhugger.jpg\"><\/a><script>cdmtrack_view(685);<\/script>\n<p>If\u00f8lge orienteringen til det politiske udvalg arbejdes der videre med de opgaver og m\u00e5l, der er beskrevet i Nordea-fondens ans\u00f8gning, herunder udvikling af aktivitetsprogrammet og styrkelse af v\u00e6rtskabet og formidlingen. M\u00e5let er at skabe en helst\u00f8bt oplevelse, hvor kunst, natur og f\u00e6llesskab g\u00e5r h\u00e5nd i h\u00e5nd og g\u00f8r Naturlandsbyen til et attraktivt udflugtsm\u00e5l.<\/p>\n","protected":false},"excerpt":{"rendered":"<p>THY: &#8220;De f\u00f8rste erfaringer indikerer, at destinationen har potentiale til at indfri de langsigtede m\u00e5ls\u00e6tninger om 55.500 \u00e5rlige bes\u00f8g, heraf ca. 35.000 p\u00e5 SMK Thy og 31.000 i Naturlandsbyen, n\u00e5r driften er fuldt etableret&#8221;. Det fremg\u00e5r af en orientering om SMK og Naturlandsbyen, der er p\u00e5 dagsordenen den 3. december i Sundheds-, Kultur-, og Fritidsudvalget [&hellip;]<\/p>\n","protected":false},"author":1925,"featured_media":0,"comment_status":"closed","ping_status":"closed","sticky":false,"template":"","format":"standard","meta":{"_acf_changed":false,"footnotes":""},"categories":[24],"tags":[85,45,66],"class_list":["post-14045","post","type-post","status-publish","format-standard","hentry","category-lokalt","tag-kultur","tag-museer","tag-turisme"],"acf":[],"yoast_head":"<!-- This site is optimized with the Yoast SEO plugin v26.8 - https:\/\/yoast.com\/product\/yoast-seo-wordpress\/ -->\n<title>Stort potentiale i SMK Thy og Naturlandsbyen - Thy<\/title>\n<meta name=\"robots\" content=\"index, follow, max-snippet:-1, max-image-preview:large, max-video-preview:-1\" \/>\n<link rel=\"canonical\" href=\"https:\/\/kunmedierne.dk\/thy\/stort-potentiale-i-smk-thy-og-naturlandsbyen\/\" \/>\n<meta property=\"og:locale\" content=\"da_DK\" \/>\n<meta property=\"og:type\" content=\"article\" \/>\n<meta property=\"og:title\" content=\"Stort potentiale i SMK Thy og Naturlandsbyen - Thy\" \/>\n<meta property=\"og:description\" content=\"THY: &#8220;De f\u00f8rste erfaringer indikerer, at destinationen har potentiale til at indfri de langsigtede m\u00e5ls\u00e6tninger om 55.500 \u00e5rlige bes\u00f8g, heraf ca. 35.000 p\u00e5 SMK Thy og 31.000 i Naturlandsbyen, n\u00e5r driften er fuldt etableret&#8221;. Det fremg\u00e5r af en orientering om SMK og Naturlandsbyen, der er p\u00e5 dagsordenen den 3. december i Sundheds-, Kultur-, og Fritidsudvalget [&hellip;]\" \/>\n<meta property=\"og:url\" content=\"https:\/\/kunmedierne.dk\/thy\/stort-potentiale-i-smk-thy-og-naturlandsbyen\/\" \/>\n<meta property=\"og:site_name\" content=\"Thy\" \/>\n<meta property=\"article:published_time\" content=\"2025-11-30T13:17:27+00:00\" \/>\n<meta property=\"article:modified_time\" content=\"2025-12-02T07:19:13+00:00\" \/>\n<meta name=\"author\" content=\"Lone L\u00e6rke Krog\" \/>\n<meta name=\"twitter:card\" content=\"summary_large_image\" \/>\n<meta name=\"twitter:label1\" content=\"Skrevet af\" \/>\n\t<meta name=\"twitter:data1\" content=\"Lone L\u00e6rke Krog\" \/>\n\t<meta name=\"twitter:label2\" content=\"Estimeret l\u00e6setid\" \/>\n\t<meta name=\"twitter:data2\" content=\"3 minutter\" \/>\n<script type=\"application\/ld+json\" class=\"yoast-schema-graph\">{\"@context\":\"https:\/\/schema.org\",\"@graph\":[{\"@type\":\"Article\",\"@id\":\"https:\/\/kunmedierne.dk\/thy\/stort-potentiale-i-smk-thy-og-naturlandsbyen\/#article\",\"isPartOf\":{\"@id\":\"https:\/\/kunmedierne.dk\/thy\/stort-potentiale-i-smk-thy-og-naturlandsbyen\/\"},\"author\":{\"name\":\"Lone L\u00e6rke Krog\",\"@id\":\"https:\/\/kunmedierne.dk\/thy\/#\/schema\/person\/d266634ba6550d075ecf540d63b245d2\"},\"headline\":\"Stort potentiale i SMK Thy og Naturlandsbyen\",\"datePublished\":\"2025-11-30T13:17:27+00:00\",\"dateModified\":\"2025-12-02T07:19:13+00:00\",\"mainEntityOfPage\":{\"@id\":\"https:\/\/kunmedierne.dk\/thy\/stort-potentiale-i-smk-thy-og-naturlandsbyen\/\"},\"wordCount\":478,\"publisher\":{\"@id\":\"https:\/\/kunmedierne.dk\/thy\/#organization\"},\"keywords\":[\"kultur\",\"Museer\",\"Turisme\"],\"articleSection\":[\"Lokalt\"],\"inLanguage\":\"da-DK\"},{\"@type\":\"WebPage\",\"@id\":\"https:\/\/kunmedierne.dk\/thy\/stort-potentiale-i-smk-thy-og-naturlandsbyen\/\",\"url\":\"https:\/\/kunmedierne.dk\/thy\/stort-potentiale-i-smk-thy-og-naturlandsbyen\/\",\"name\":\"Stort potentiale i SMK Thy og Naturlandsbyen - Thy\",\"isPartOf\":{\"@id\":\"https:\/\/kunmedierne.dk\/thy\/#website\"},\"datePublished\":\"2025-11-30T13:17:27+00:00\",\"dateModified\":\"2025-12-02T07:19:13+00:00\",\"breadcrumb\":{\"@id\":\"https:\/\/kunmedierne.dk\/thy\/stort-potentiale-i-smk-thy-og-naturlandsbyen\/#breadcrumb\"},\"inLanguage\":\"da-DK\",\"potentialAction\":[{\"@type\":\"ReadAction\",\"target\":[\"https:\/\/kunmedierne.dk\/thy\/stort-potentiale-i-smk-thy-og-naturlandsbyen\/\"]}]},{\"@type\":\"BreadcrumbList\",\"@id\":\"https:\/\/kunmedierne.dk\/thy\/stort-potentiale-i-smk-thy-og-naturlandsbyen\/#breadcrumb\",\"itemListElement\":[{\"@type\":\"ListItem\",\"position\":1,\"name\":\"Home\",\"item\":\"https:\/\/kunmedierne.dk\/thy\/\"},{\"@type\":\"ListItem\",\"position\":2,\"name\":\"Stort potentiale i SMK Thy og Naturlandsbyen\"}]},{\"@type\":\"WebSite\",\"@id\":\"https:\/\/kunmedierne.dk\/thy\/#website\",\"url\":\"https:\/\/kunmedierne.dk\/thy\/\",\"name\":\"Thy\",\"description\":\"et netmedie med journalistik om livet i Thy\",\"publisher\":{\"@id\":\"https:\/\/kunmedierne.dk\/thy\/#organization\"},\"potentialAction\":[{\"@type\":\"SearchAction\",\"target\":{\"@type\":\"EntryPoint\",\"urlTemplate\":\"https:\/\/kunmedierne.dk\/thy\/?s={search_term_string}\"},\"query-input\":{\"@type\":\"PropertyValueSpecification\",\"valueRequired\":true,\"valueName\":\"search_term_string\"}}],\"inLanguage\":\"da-DK\"},{\"@type\":\"Organization\",\"@id\":\"https:\/\/kunmedierne.dk\/thy\/#organization\",\"name\":\"Thy\",\"url\":\"https:\/\/kunmedierne.dk\/thy\/\",\"logo\":{\"@type\":\"ImageObject\",\"inLanguage\":\"da-DK\",\"@id\":\"https:\/\/kunmedierne.dk\/thy\/#\/schema\/logo\/image\/\",\"url\":\"https:\/\/kunmedierne.dk\/thy\/wp-content\/uploads\/sites\/2\/2025\/04\/kunthy-logo.svg\",\"contentUrl\":\"https:\/\/kunmedierne.dk\/thy\/wp-content\/uploads\/sites\/2\/2025\/04\/kunthy-logo.svg\",\"caption\":\"Thy\"},\"image\":{\"@id\":\"https:\/\/kunmedierne.dk\/thy\/#\/schema\/logo\/image\/\"}},{\"@type\":\"Person\",\"@id\":\"https:\/\/kunmedierne.dk\/thy\/#\/schema\/person\/d266634ba6550d075ecf540d63b245d2\",\"name\":\"Lone L\u00e6rke Krog\",\"image\":{\"@type\":\"ImageObject\",\"inLanguage\":\"da-DK\",\"@id\":\"https:\/\/kunmedierne.dk\/thy\/#\/schema\/person\/image\/\",\"url\":\"https:\/\/secure.gravatar.com\/avatar\/496ddc7080e56b4ac64cfd4e56bd6d1ee396fa3db1923aa22f11346f60bb135b?s=96&d=mm&r=g\",\"contentUrl\":\"https:\/\/secure.gravatar.com\/avatar\/496ddc7080e56b4ac64cfd4e56bd6d1ee396fa3db1923aa22f11346f60bb135b?s=96&d=mm&r=g\",\"caption\":\"Lone L\u00e6rke Krog\"},\"url\":\"https:\/\/kunmedierne.dk\/thy\/author\/llk\/\"}]}<\/script>\n<!-- \/ Yoast SEO plugin. -->","yoast_head_json":{"title":"Stort potentiale i SMK Thy og Naturlandsbyen - Thy","robots":{"index":"index","follow":"follow","max-snippet":"max-snippet:-1","max-image-preview":"max-image-preview:large","max-video-preview":"max-video-preview:-1"},"canonical":"https:\/\/kunmedierne.dk\/thy\/stort-potentiale-i-smk-thy-og-naturlandsbyen\/","og_locale":"da_DK","og_type":"article","og_title":"Stort potentiale i SMK Thy og Naturlandsbyen - Thy","og_description":"THY: &#8220;De f\u00f8rste erfaringer indikerer, at destinationen har potentiale til at indfri de langsigtede m\u00e5ls\u00e6tninger om 55.500 \u00e5rlige bes\u00f8g, heraf ca. 35.000 p\u00e5 SMK Thy og 31.000 i Naturlandsbyen, n\u00e5r driften er fuldt etableret&#8221;. Det fremg\u00e5r af en orientering om SMK og Naturlandsbyen, der er p\u00e5 dagsordenen den 3. december i Sundheds-, Kultur-, og Fritidsudvalget [&hellip;]","og_url":"https:\/\/kunmedierne.dk\/thy\/stort-potentiale-i-smk-thy-og-naturlandsbyen\/","og_site_name":"Thy","article_published_time":"2025-11-30T13:17:27+00:00","article_modified_time":"2025-12-02T07:19:13+00:00","author":"Lone L\u00e6rke Krog","twitter_card":"summary_large_image","twitter_misc":{"Skrevet af":"Lone L\u00e6rke Krog","Estimeret l\u00e6setid":"3 minutter"},"schema":{"@context":"https:\/\/schema.org","@graph":[{"@type":"Article","@id":"https:\/\/kunmedierne.dk\/thy\/stort-potentiale-i-smk-thy-og-naturlandsbyen\/#article","isPartOf":{"@id":"https:\/\/kunmedierne.dk\/thy\/stort-potentiale-i-smk-thy-og-naturlandsbyen\/"},"author":{"name":"Lone L\u00e6rke Krog","@id":"https:\/\/kunmedierne.dk\/thy\/#\/schema\/person\/d266634ba6550d075ecf540d63b245d2"},"headline":"Stort potentiale i SMK Thy og Naturlandsbyen","datePublished":"2025-11-30T13:17:27+00:00","dateModified":"2025-12-02T07:19:13+00:00","mainEntityOfPage":{"@id":"https:\/\/kunmedierne.dk\/thy\/stort-potentiale-i-smk-thy-og-naturlandsbyen\/"},"wordCount":478,"publisher":{"@id":"https:\/\/kunmedierne.dk\/thy\/#organization"},"keywords":["kultur","Museer","Turisme"],"articleSection":["Lokalt"],"inLanguage":"da-DK"},{"@type":"WebPage","@id":"https:\/\/kunmedierne.dk\/thy\/stort-potentiale-i-smk-thy-og-naturlandsbyen\/","url":"https:\/\/kunmedierne.dk\/thy\/stort-potentiale-i-smk-thy-og-naturlandsbyen\/","name":"Stort potentiale i SMK Thy og Naturlandsbyen - Thy","isPartOf":{"@id":"https:\/\/kunmedierne.dk\/thy\/#website"},"datePublished":"2025-11-30T13:17:27+00:00","dateModified":"2025-12-02T07:19:13+00:00","breadcrumb":{"@id":"https:\/\/kunmedierne.dk\/thy\/stort-potentiale-i-smk-thy-og-naturlandsbyen\/#breadcrumb"},"inLanguage":"da-DK","potentialAction":[{"@type":"ReadAction","target":["https:\/\/kunmedierne.dk\/thy\/stort-potentiale-i-smk-thy-og-naturlandsbyen\/"]}]},{"@type":"BreadcrumbList","@id":"https:\/\/kunmedierne.dk\/thy\/stort-potentiale-i-smk-thy-og-naturlandsbyen\/#breadcrumb","itemListElement":[{"@type":"ListItem","position":1,"name":"Home","item":"https:\/\/kunmedierne.dk\/thy\/"},{"@type":"ListItem","position":2,"name":"Stort potentiale i SMK Thy og Naturlandsbyen"}]},{"@type":"WebSite","@id":"https:\/\/kunmedierne.dk\/thy\/#website","url":"https:\/\/kunmedierne.dk\/thy\/","name":"Thy","description":"et netmedie med journalistik om livet i Thy","publisher":{"@id":"https:\/\/kunmedierne.dk\/thy\/#organization"},"potentialAction":[{"@type":"SearchAction","target":{"@type":"EntryPoint","urlTemplate":"https:\/\/kunmedierne.dk\/thy\/?s={search_term_string}"},"query-input":{"@type":"PropertyValueSpecification","valueRequired":true,"valueName":"search_term_string"}}],"inLanguage":"da-DK"},{"@type":"Organization","@id":"https:\/\/kunmedierne.dk\/thy\/#organization","name":"Thy","url":"https:\/\/kunmedierne.dk\/thy\/","logo":{"@type":"ImageObject","inLanguage":"da-DK","@id":"https:\/\/kunmedierne.dk\/thy\/#\/schema\/logo\/image\/","url":"https:\/\/kunmedierne.dk\/thy\/wp-content\/uploads\/sites\/2\/2025\/04\/kunthy-logo.svg","contentUrl":"https:\/\/kunmedierne.dk\/thy\/wp-content\/uploads\/sites\/2\/2025\/04\/kunthy-logo.svg","caption":"Thy"},"image":{"@id":"https:\/\/kunmedierne.dk\/thy\/#\/schema\/logo\/image\/"}},{"@type":"Person","@id":"https:\/\/kunmedierne.dk\/thy\/#\/schema\/person\/d266634ba6550d075ecf540d63b245d2","name":"Lone L\u00e6rke Krog","image":{"@type":"ImageObject","inLanguage":"da-DK","@id":"https:\/\/kunmedierne.dk\/thy\/#\/schema\/person\/image\/","url":"https:\/\/secure.gravatar.com\/avatar\/496ddc7080e56b4ac64cfd4e56bd6d1ee396fa3db1923aa22f11346f60bb135b?s=96&d=mm&r=g","contentUrl":"https:\/\/secure.gravatar.com\/avatar\/496ddc7080e56b4ac64cfd4e56bd6d1ee396fa3db1923aa22f11346f60bb135b?s=96&d=mm&r=g","caption":"Lone L\u00e6rke Krog"},"url":"https:\/\/kunmedierne.dk\/thy\/author\/llk\/"}]}},"_links":{"self":[{"href":"https:\/\/kunmedierne.dk\/thy\/wp-json\/wp\/v2\/posts\/14045","targetHints":{"allow":["GET"]}}],"collection":[{"href":"https:\/\/kunmedierne.dk\/thy\/wp-json\/wp\/v2\/posts"}],"about":[{"href":"https:\/\/kunmedierne.dk\/thy\/wp-json\/wp\/v2\/types\/post"}],"author":[{"embeddable":true,"href":"https:\/\/kunmedierne.dk\/thy\/wp-json\/wp\/v2\/users\/1925"}],"replies":[{"embeddable":true,"href":"https:\/\/kunmedierne.dk\/thy\/wp-json\/wp\/v2\/comments?post=14045"}],"version-history":[{"count":6,"href":"https:\/\/kunmedierne.dk\/thy\/wp-json\/wp\/v2\/posts\/14045\/revisions"}],"predecessor-version":[{"id":14177,"href":"https:\/\/kunmedierne.dk\/thy\/wp-json\/wp\/v2\/posts\/14045\/revisions\/14177"}],"wp:attachment":[{"href":"https:\/\/kunmedierne.dk\/thy\/wp-json\/wp\/v2\/media?parent=14045"}],"wp:term":[{"taxonomy":"category","embeddable":true,"href":"https:\/\/kunmedierne.dk\/thy\/wp-json\/wp\/v2\/categories?post=14045"},{"taxonomy":"post_tag","embeddable":true,"href":"https:\/\/kunmedierne.dk\/thy\/wp-json\/wp\/v2\/tags?post=14045"}],"curies":[{"name":"wp","href":"https:\/\/api.w.org\/{rel}","templated":true}]}}