{"id":13641,"date":"2025-11-23T06:39:43","date_gmt":"2025-11-23T05:39:43","guid":{"rendered":"https:\/\/kunmedierne.dk\/thy\/?p=13641"},"modified":"2025-11-21T13:40:04","modified_gmt":"2025-11-21T12:40:04","slug":"kaempe-forskel-i-valgdeltagelse-sennels-i-top-hanstholm-i-bund","status":"publish","type":"post","link":"https:\/\/kunmedierne.dk\/thy\/kaempe-forskel-i-valgdeltagelse-sennels-i-top-hanstholm-i-bund\/","title":{"rendered":"K\u00e6mpe forskel i valgdeltagelse: Sennels i top &#8211; Hanstholm i bund"},"content":{"rendered":"<p><strong>THY:<\/strong> 24.272 v\u00e6lgere i Thisted Kommune var 18. november fordi et af de i alt 15 afstemningssteder i Thisted Kommune for at stemme til kommunal- og regionsr\u00e5dsvalget. Det giver en samlet stemmeprocent for kommunen p\u00e5 72,2 procent.<\/p>\n<a class=\"dvrt-link\" onClick=\"cdmtrack_click(685,jQuery(this));return false\" href=\"https:\/\/wensien.dk\/begravelse\/?gad_source=1&gclid=Cj0KCQjwtJ6_BhDWARIsAGanmKcWw6hbeoepGti1oApJGHln52gMbg8EBRZ86__3P1AJZ5dcsw4ZvNEaAk7JEALw_wcB\"><img decoding=\"async\" style=\"width:100%;\" src=\"https:\/\/kunmedierne.dk\/thy\/wp-content\/uploads\/sites\/2\/2025\/03\/wensien-stenhugger.jpg\"><\/a><script>cdmtrack_view(685);<\/script>\n<p>Men et par afstemningssteder skiller sig ud. Det ene, afstemningsstedet i Hanstholm Hallerne, ved at have den laveste stemmeprocent i kommunen, det andet, Nordthy Hallen i Sennels, ved at have den suver\u00e6nt h\u00f8jeste.<\/p>\n<p>2228 v\u00e6lgere kunne stemme p\u00e5 afstemningsstedet i Hanstholm Hallerne. Det gjorde 1396 af dem &#8211; og det giver en stemmeprocent p\u00e5 63,4, kommunens laveste.<\/p>\n<p>Anderledes i Sennels. 1004 v\u00e6lgere kunne stemme p\u00e5 afstemningsstedet i Nordthy Hallen. Det gjorde 842 af dem og sikrede dermed Sennels\u00a0 kommunens h\u00f8jeste stemmeprocent p\u00e5 84,8.<\/p>\n<p>Men hvorfor er der 21,4 procents forskel p\u00e5 valgdeltagelsen i Hanstholm og i Sennels. Det har KunThy spurgt kommunalpolitikerne Joachim Plaetner Kjeldsen fra Sennels og Per Skovmose, Hanstholm, om.<\/p>\n<div id=\"attachment_9871\" style=\"width: 1242px\" class=\"wp-caption alignnone\"><img loading=\"lazy\" decoding=\"async\" aria-describedby=\"caption-attachment-9871\" class=\"wp-image-9871 size-full\" src=\"https:\/\/kunmedierne.dk\/thy\/wp-content\/uploads\/sites\/2\/2025\/09\/250913-sennels-aarets-landsby-1.jpg\" alt=\"\" width=\"1232\" height=\"821\" srcset=\"https:\/\/kunmedierne.dk\/thy\/wp-content\/uploads\/sites\/2\/2025\/09\/250913-sennels-aarets-landsby-1.jpg 1232w, https:\/\/kunmedierne.dk\/thy\/wp-content\/uploads\/sites\/2\/2025\/09\/250913-sennels-aarets-landsby-1-300x200.jpg 300w, https:\/\/kunmedierne.dk\/thy\/wp-content\/uploads\/sites\/2\/2025\/09\/250913-sennels-aarets-landsby-1-1024x682.jpg 1024w, https:\/\/kunmedierne.dk\/thy\/wp-content\/uploads\/sites\/2\/2025\/09\/250913-sennels-aarets-landsby-1-510x340.jpg 510w\" sizes=\"auto, (max-width: 1232px) 100vw, 1232px\" \/><p id=\"caption-attachment-9871\" class=\"wp-caption-text\">Der var fuldt hus i Nordthy Hallen, da Sennels i september fejrede udn\u00e6vnelsen som &#8220;\u00c5rets landsby&#8221;&#8221; &#8211; og der var ogs\u00e5 rigtig mange forbi hallen for at stemme til kommunalvalget 18. november<\/p><\/div>\n<p>&nbsp;<\/p>\n<p>Joachim Plaetner Kjeldsen har gennem de seneste otte \u00e5r har repr\u00e6senteret Alternativet i kommunalbestyrelsen. Hen genopstillede ikke. Per Skovmose er nyvalgt til kommunalbestyrelse for De Konservative &#8211; eller genvalgt, for han har siddet der tidligere.<\/p>\n<p><strong>St\u00e6rke lokale profiler t\u00e6ller<\/strong><\/p>\n<p>Joachim Plaetner Kjeldsen har sv\u00e6rt ved at give en pr\u00e6cis forklaring p\u00e5 \u00e5rsagen til den h\u00f8je valgdeltagelse i Sennels. En generelt og overordnet forklaring er, at de steder, hvor der bor forholdsvis flere borgere med h\u00f8jere indt\u00e6gter og l\u00e6ngerevarende uddannelser, er stemmeprocenten generelt h\u00f8jere. Men Sennels er ogs\u00e5 et sted med mange b\u00f8rnefamilier og et velfungerende foreningsliv.<\/p>\n<p>&#8211; S\u00e5 det handler ogs\u00e5 om, hvordan kandidaterne passer ind i lokalomr\u00e5det, siger Joachim Plaetner Kjeldsen.<\/p>\n<a class=\"dvrt-link\" onClick=\"cdmtrack_click(18790,jQuery(this));return false\" href=\"https:\/\/thymors.dk\/sponsorater\/15-til-faellesskabet?utm_source=kunthy&amp;utm_medium=annonce&amp;utm_campaign=sponsorater\"><img decoding=\"async\" style=\"width:100%;\" src=\"https:\/\/kunmedierne.dk\/thy\/wp-content\/uploads\/sites\/2\/2026\/03\/260407ThyMors-energi_faellesskab_generel-1.jpg\"><\/a><script>cdmtrack_view(18790);<\/script>\n<p>Nicolai M\u00f8ller, LA, og Annika Kanstrup, V, som begge er fra Sennels, fik begge h\u00f8je personlige stemmetal p\u00e5 deres hjemmebane, 220 til Nicolai M\u00f8ller og 134 til Annika Kanstrup.<\/p>\n<p>Men andre ting kan spille ind, mener Joachim Plaetner Kjeldsen.<\/p>\n<p>&#8211; Sennels er et lokalomr\u00e5de, som har v\u00e6ret vant til at g\u00f8re tingene selv &#8211; og som har v\u00e6ret st\u00e6rkt nok til at g\u00f8re det selv. Frivillige kr\u00e6fter driver Nordthy Hallen, vi har et velfungerende forsamlingshus, der er opbakning til vores k\u00f8bmand &#8211; og s\u00e5 har vi til dette valg haft nogle st\u00e6rke lokale profiler, som har form\u00e5et at tr\u00e6kke stemmer, siger han.<\/p>\n<p>Til sammenligning fik det st\u00f8rste parti i Thisted Kommune, Socialdemokratiet, samlet 151 stemmer p\u00e5 afstemningsstedet i Sennels &#8211; heraf 63 personlige stemmer til Ulla Vestergaard.<\/p>\n<p><strong>Lokale sager \u00f8ger interessen<\/strong><\/p>\n<p>I Hanstholm erkender Per Skovmose n\u00f8gternt, at der her ikke er tradition for stor valgdeltagelse.<\/p>\n<p>&#8211; Men vi fik da valgt tre lokale til en nye kommunalbestyrelse, siger Per Skovmose, som med sine 164 personlige stemmer tog broderparten af de i alt 210 stemmer, De Konservative fik p\u00e5 afstemningsstedet i Hanstholm.<\/p>\n<div id=\"attachment_7605\" style=\"width: 1242px\" class=\"wp-caption alignnone\"><img loading=\"lazy\" decoding=\"async\" aria-describedby=\"caption-attachment-7605\" class=\"wp-image-7605 size-full\" src=\"https:\/\/kunmedierne.dk\/thy\/wp-content\/uploads\/sites\/2\/2025\/08\/Design-uden-navn-2025-08-02T092522.757.jpg\" alt=\"\" width=\"1232\" height=\"821\" srcset=\"https:\/\/kunmedierne.dk\/thy\/wp-content\/uploads\/sites\/2\/2025\/08\/Design-uden-navn-2025-08-02T092522.757.jpg 1232w, https:\/\/kunmedierne.dk\/thy\/wp-content\/uploads\/sites\/2\/2025\/08\/Design-uden-navn-2025-08-02T092522.757-300x200.jpg 300w, https:\/\/kunmedierne.dk\/thy\/wp-content\/uploads\/sites\/2\/2025\/08\/Design-uden-navn-2025-08-02T092522.757-1024x682.jpg 1024w, https:\/\/kunmedierne.dk\/thy\/wp-content\/uploads\/sites\/2\/2025\/08\/Design-uden-navn-2025-08-02T092522.757-510x340.jpg 510w\" sizes=\"auto, (max-width: 1232px) 100vw, 1232px\" \/><p id=\"caption-attachment-7605\" class=\"wp-caption-text\">V\u00e6lgerne i Hanstholm valgte i stort tal at blive hjemme 18. november. Valgdeltagelsen i Hanstholm var 21,4 procent lavere end i Sennels, det sted i kommunen, hvor flest afgav deres stemme.<\/p><\/div>\n<p>&nbsp;<\/p>\n<p>Socialdemokratiet fik 294 stemmer i Hanstholm, heraf 201 personlige stemmer til Ida Pedersen mens den lokale kommunalpolitiske debutant Lukas Leszczynski, LA, sikrede sig 271 personlige stemmer ud af i alt 343 stemmer til Liberal Alliance p\u00e5 afstemningsstedet i Hanstholm.<\/p>\n<a class=\"dvrt-link\" onClick=\"cdmtrack_click(4416,jQuery(this));return false\" href=\"https:\/\/sdrhaa.dk\/\"><img decoding=\"async\" style=\"width:100%;\" src=\"https:\/\/kunmedierne.dk\/thy\/wp-content\/uploads\/sites\/2\/2025\/05\/260302Din-gebyrvenlige-sparekasse_SHS_Thy-1.gif\"><\/a><script>cdmtrack_view(4416);<\/script>\n<p>&#8211; Lukas er et nyt ansigt, men blev den store lokale stemmesluger. Helt overordnet er der mange nye ansigter i den kommende kommunalbestyrelse. Det kan v\u00e6re et signal om, at der er brug for noget fornyelse &#8211; ogs\u00e5 her i Hanstholm, for b\u00e5de her og i resten af kommunen er der brug for flere nye ansigter i kommunalpolitik. Det er b\u00e5de jeg og sikkert ogs\u00e5 andre opm\u00e6rksomme p\u00e5, siger Per Skovmose.<\/p>\n<p>Men nye ansigter alene er ikke nok til at \u00f8ge den lokale interesse for at stemme. Der skal ogs\u00e5 v\u00e6re nogle sager, som direkte ber\u00f8rer lokalsamfundet, vurderer Per Skovmose.<\/p>\n<p>&#8211; Havde Hanstholm haft en sag om skolelukning eller noget andet, som f\u00e5r stort lokalt fokus, tror jeg vi havde set en h\u00f8jere valgdeltagelse, men de sager har vi ikke lokalt, siger han.<\/p>\n<p>Per Skovmose peger p\u00e5, at fremtiden for Hanstholm havn er p\u00e5 plads med en ny hovedaktion\u00e6r, som klart har meldt ud, at der kommer flere vindm\u00f8ller p\u00e5 havnen, Home of Cold Hawaii er p\u00e5 sporet og der er afsat penge til udviklingsarbejdet.<\/p>\n<p>&#8211; Det kan ogs\u00e5 v\u00e6re en forklaring p\u00e5, at s\u00e5 mange ogs\u00e5 denne gang har valgt at blive p\u00e5 sofaen frem for at m\u00f8de op og stemme &#8211; eller i det mindste afgive en blank stemme. Det er jo ogs\u00e5 en tilkendegivelse, siger han.<\/p>\n<a class=\"dvrt-link\" onClick=\"cdmtrack_click(1130,jQuery(this));return false\" href=\"https:\/\/www.thistedforsikring.dk\/?utm_source=partnerskaber&amp;utm_campaign=kun_thy\"><img decoding=\"async\" style=\"width:100%;\" src=\"https:\/\/kunmedierne.dk\/thy\/wp-content\/uploads\/sites\/2\/2025\/04\/260409KunThyThisted-For-1.png\"><\/a><script>cdmtrack_view(1130);<\/script>\n<p>Hvad der m\u00e5tte mange i aktivt lokalt engagement i kommunalvalget, findes til geng\u00e6ld i en voksende lokal vilje til at f\u00e5 ting til at ske. Ogs\u00e5 i Hanstholm.<\/p>\n<p>&#8211; Tag bare det store engagement omkring Hawskoven eller det offentlige toilet p\u00e5 Thistedvej. Kommunen lukkede det, men s\u00e5 sagde nogle lokale: Kan kommunen ikke, s\u00e5 kan vi selv &#8211; og s\u00e5 blev toilettet gen\u00e5bnet. Det er da ogs\u00e5 lokalt initiativ.<\/p>\n","protected":false},"excerpt":{"rendered":"<p>THY: 24.272 v\u00e6lgere i Thisted Kommune var 18. november fordi et af de i alt 15 afstemningssteder i Thisted Kommune for at stemme til kommunal- og regionsr\u00e5dsvalget. Det giver en samlet stemmeprocent for kommunen p\u00e5 72,2 procent. Men et par afstemningssteder skiller sig ud. Det ene, afstemningsstedet i Hanstholm Hallerne, ved at have den laveste [&hellip;]<\/p>\n","protected":false},"author":4535,"featured_media":0,"comment_status":"closed","ping_status":"closed","sticky":false,"template":"","format":"standard","meta":{"_acf_changed":false,"footnotes":""},"categories":[24],"tags":[89],"class_list":["post-13641","post","type-post","status-publish","format-standard","hentry","category-lokalt","tag-kommunalvalg"],"acf":[],"yoast_head":"<!-- This site is optimized with the Yoast SEO plugin v26.8 - https:\/\/yoast.com\/product\/yoast-seo-wordpress\/ -->\n<title>K\u00e6mpe forskel i valgdeltagelse: Sennels i top - Hanstholm i bund - Thy<\/title>\n<meta name=\"robots\" content=\"index, follow, max-snippet:-1, max-image-preview:large, max-video-preview:-1\" \/>\n<link rel=\"canonical\" href=\"https:\/\/kunmedierne.dk\/thy\/kaempe-forskel-i-valgdeltagelse-sennels-i-top-hanstholm-i-bund\/\" \/>\n<meta property=\"og:locale\" content=\"da_DK\" \/>\n<meta property=\"og:type\" content=\"article\" \/>\n<meta property=\"og:title\" content=\"K\u00e6mpe forskel i valgdeltagelse: Sennels i top - Hanstholm i bund - Thy\" \/>\n<meta property=\"og:description\" content=\"THY: 24.272 v\u00e6lgere i Thisted Kommune var 18. november fordi et af de i alt 15 afstemningssteder i Thisted Kommune for at stemme til kommunal- og regionsr\u00e5dsvalget. Det giver en samlet stemmeprocent for kommunen p\u00e5 72,2 procent. Men et par afstemningssteder skiller sig ud. Det ene, afstemningsstedet i Hanstholm Hallerne, ved at have den laveste [&hellip;]\" \/>\n<meta property=\"og:url\" content=\"https:\/\/kunmedierne.dk\/thy\/kaempe-forskel-i-valgdeltagelse-sennels-i-top-hanstholm-i-bund\/\" \/>\n<meta property=\"og:site_name\" content=\"Thy\" \/>\n<meta property=\"article:published_time\" content=\"2025-11-23T05:39:43+00:00\" \/>\n<meta property=\"og:image\" content=\"https:\/\/kunmedierne.dk\/thy\/wp-content\/uploads\/sites\/2\/2025\/09\/250913-sennels-aarets-landsby-1.jpg\" \/>\n<meta name=\"author\" content=\"Jens Fogh Andersen\" \/>\n<meta name=\"twitter:card\" content=\"summary_large_image\" \/>\n<meta name=\"twitter:label1\" content=\"Skrevet af\" \/>\n\t<meta name=\"twitter:data1\" content=\"Jens Fogh Andersen\" \/>\n\t<meta name=\"twitter:label2\" content=\"Estimeret l\u00e6setid\" \/>\n\t<meta name=\"twitter:data2\" content=\"5 minutter\" \/>\n<script type=\"application\/ld+json\" class=\"yoast-schema-graph\">{\"@context\":\"https:\/\/schema.org\",\"@graph\":[{\"@type\":\"Article\",\"@id\":\"https:\/\/kunmedierne.dk\/thy\/kaempe-forskel-i-valgdeltagelse-sennels-i-top-hanstholm-i-bund\/#article\",\"isPartOf\":{\"@id\":\"https:\/\/kunmedierne.dk\/thy\/kaempe-forskel-i-valgdeltagelse-sennels-i-top-hanstholm-i-bund\/\"},\"author\":{\"name\":\"Jens Fogh Andersen\",\"@id\":\"https:\/\/kunmedierne.dk\/thy\/#\/schema\/person\/88f5be46809ca2a5533760eb574fef93\"},\"headline\":\"K\u00e6mpe forskel i valgdeltagelse: Sennels i top &#8211; Hanstholm i bund\",\"datePublished\":\"2025-11-23T05:39:43+00:00\",\"mainEntityOfPage\":{\"@id\":\"https:\/\/kunmedierne.dk\/thy\/kaempe-forskel-i-valgdeltagelse-sennels-i-top-hanstholm-i-bund\/\"},\"wordCount\":897,\"publisher\":{\"@id\":\"https:\/\/kunmedierne.dk\/thy\/#organization\"},\"image\":{\"@id\":\"https:\/\/kunmedierne.dk\/thy\/kaempe-forskel-i-valgdeltagelse-sennels-i-top-hanstholm-i-bund\/#primaryimage\"},\"thumbnailUrl\":\"https:\/\/kunmedierne.dk\/thy\/wp-content\/uploads\/sites\/2\/2025\/09\/250913-sennels-aarets-landsby-1.jpg\",\"keywords\":[\"Kommunalvalg\"],\"articleSection\":[\"Lokalt\"],\"inLanguage\":\"da-DK\"},{\"@type\":\"WebPage\",\"@id\":\"https:\/\/kunmedierne.dk\/thy\/kaempe-forskel-i-valgdeltagelse-sennels-i-top-hanstholm-i-bund\/\",\"url\":\"https:\/\/kunmedierne.dk\/thy\/kaempe-forskel-i-valgdeltagelse-sennels-i-top-hanstholm-i-bund\/\",\"name\":\"K\u00e6mpe forskel i valgdeltagelse: Sennels i top - Hanstholm i bund - Thy\",\"isPartOf\":{\"@id\":\"https:\/\/kunmedierne.dk\/thy\/#website\"},\"primaryImageOfPage\":{\"@id\":\"https:\/\/kunmedierne.dk\/thy\/kaempe-forskel-i-valgdeltagelse-sennels-i-top-hanstholm-i-bund\/#primaryimage\"},\"image\":{\"@id\":\"https:\/\/kunmedierne.dk\/thy\/kaempe-forskel-i-valgdeltagelse-sennels-i-top-hanstholm-i-bund\/#primaryimage\"},\"thumbnailUrl\":\"https:\/\/kunmedierne.dk\/thy\/wp-content\/uploads\/sites\/2\/2025\/09\/250913-sennels-aarets-landsby-1.jpg\",\"datePublished\":\"2025-11-23T05:39:43+00:00\",\"breadcrumb\":{\"@id\":\"https:\/\/kunmedierne.dk\/thy\/kaempe-forskel-i-valgdeltagelse-sennels-i-top-hanstholm-i-bund\/#breadcrumb\"},\"inLanguage\":\"da-DK\",\"potentialAction\":[{\"@type\":\"ReadAction\",\"target\":[\"https:\/\/kunmedierne.dk\/thy\/kaempe-forskel-i-valgdeltagelse-sennels-i-top-hanstholm-i-bund\/\"]}]},{\"@type\":\"ImageObject\",\"inLanguage\":\"da-DK\",\"@id\":\"https:\/\/kunmedierne.dk\/thy\/kaempe-forskel-i-valgdeltagelse-sennels-i-top-hanstholm-i-bund\/#primaryimage\",\"url\":\"https:\/\/kunmedierne.dk\/thy\/wp-content\/uploads\/sites\/2\/2025\/09\/250913-sennels-aarets-landsby-1.jpg\",\"contentUrl\":\"https:\/\/kunmedierne.dk\/thy\/wp-content\/uploads\/sites\/2\/2025\/09\/250913-sennels-aarets-landsby-1.jpg\",\"width\":1232,\"height\":821},{\"@type\":\"BreadcrumbList\",\"@id\":\"https:\/\/kunmedierne.dk\/thy\/kaempe-forskel-i-valgdeltagelse-sennels-i-top-hanstholm-i-bund\/#breadcrumb\",\"itemListElement\":[{\"@type\":\"ListItem\",\"position\":1,\"name\":\"Home\",\"item\":\"https:\/\/kunmedierne.dk\/thy\/\"},{\"@type\":\"ListItem\",\"position\":2,\"name\":\"K\u00e6mpe forskel i valgdeltagelse: Sennels i top &#8211; Hanstholm i bund\"}]},{\"@type\":\"WebSite\",\"@id\":\"https:\/\/kunmedierne.dk\/thy\/#website\",\"url\":\"https:\/\/kunmedierne.dk\/thy\/\",\"name\":\"Thy\",\"description\":\"et netmedie med journalistik om livet i Thy\",\"publisher\":{\"@id\":\"https:\/\/kunmedierne.dk\/thy\/#organization\"},\"potentialAction\":[{\"@type\":\"SearchAction\",\"target\":{\"@type\":\"EntryPoint\",\"urlTemplate\":\"https:\/\/kunmedierne.dk\/thy\/?s={search_term_string}\"},\"query-input\":{\"@type\":\"PropertyValueSpecification\",\"valueRequired\":true,\"valueName\":\"search_term_string\"}}],\"inLanguage\":\"da-DK\"},{\"@type\":\"Organization\",\"@id\":\"https:\/\/kunmedierne.dk\/thy\/#organization\",\"name\":\"Thy\",\"url\":\"https:\/\/kunmedierne.dk\/thy\/\",\"logo\":{\"@type\":\"ImageObject\",\"inLanguage\":\"da-DK\",\"@id\":\"https:\/\/kunmedierne.dk\/thy\/#\/schema\/logo\/image\/\",\"url\":\"https:\/\/kunmedierne.dk\/thy\/wp-content\/uploads\/sites\/2\/2025\/04\/kunthy-logo.svg\",\"contentUrl\":\"https:\/\/kunmedierne.dk\/thy\/wp-content\/uploads\/sites\/2\/2025\/04\/kunthy-logo.svg\",\"caption\":\"Thy\"},\"image\":{\"@id\":\"https:\/\/kunmedierne.dk\/thy\/#\/schema\/logo\/image\/\"}},{\"@type\":\"Person\",\"@id\":\"https:\/\/kunmedierne.dk\/thy\/#\/schema\/person\/88f5be46809ca2a5533760eb574fef93\",\"name\":\"Jens Fogh Andersen\",\"image\":{\"@type\":\"ImageObject\",\"inLanguage\":\"da-DK\",\"@id\":\"https:\/\/kunmedierne.dk\/thy\/#\/schema\/person\/image\/\",\"url\":\"https:\/\/secure.gravatar.com\/avatar\/2b367a4ef139b1c41dccc9ee7af926b81f8b4cca3359772e86c7fd5ced26c0a3?s=96&d=mm&r=g\",\"contentUrl\":\"https:\/\/secure.gravatar.com\/avatar\/2b367a4ef139b1c41dccc9ee7af926b81f8b4cca3359772e86c7fd5ced26c0a3?s=96&d=mm&r=g\",\"caption\":\"Jens Fogh Andersen\"},\"url\":\"https:\/\/kunmedierne.dk\/thy\/author\/jfa\/\"}]}<\/script>\n<!-- \/ Yoast SEO plugin. -->","yoast_head_json":{"title":"K\u00e6mpe forskel i valgdeltagelse: Sennels i top - Hanstholm i bund - Thy","robots":{"index":"index","follow":"follow","max-snippet":"max-snippet:-1","max-image-preview":"max-image-preview:large","max-video-preview":"max-video-preview:-1"},"canonical":"https:\/\/kunmedierne.dk\/thy\/kaempe-forskel-i-valgdeltagelse-sennels-i-top-hanstholm-i-bund\/","og_locale":"da_DK","og_type":"article","og_title":"K\u00e6mpe forskel i valgdeltagelse: Sennels i top - Hanstholm i bund - Thy","og_description":"THY: 24.272 v\u00e6lgere i Thisted Kommune var 18. november fordi et af de i alt 15 afstemningssteder i Thisted Kommune for at stemme til kommunal- og regionsr\u00e5dsvalget. Det giver en samlet stemmeprocent for kommunen p\u00e5 72,2 procent. Men et par afstemningssteder skiller sig ud. Det ene, afstemningsstedet i Hanstholm Hallerne, ved at have den laveste [&hellip;]","og_url":"https:\/\/kunmedierne.dk\/thy\/kaempe-forskel-i-valgdeltagelse-sennels-i-top-hanstholm-i-bund\/","og_site_name":"Thy","article_published_time":"2025-11-23T05:39:43+00:00","og_image":[{"url":"https:\/\/kunmedierne.dk\/thy\/wp-content\/uploads\/sites\/2\/2025\/09\/250913-sennels-aarets-landsby-1.jpg","type":"","width":"","height":""}],"author":"Jens Fogh Andersen","twitter_card":"summary_large_image","twitter_misc":{"Skrevet af":"Jens Fogh Andersen","Estimeret l\u00e6setid":"5 minutter"},"schema":{"@context":"https:\/\/schema.org","@graph":[{"@type":"Article","@id":"https:\/\/kunmedierne.dk\/thy\/kaempe-forskel-i-valgdeltagelse-sennels-i-top-hanstholm-i-bund\/#article","isPartOf":{"@id":"https:\/\/kunmedierne.dk\/thy\/kaempe-forskel-i-valgdeltagelse-sennels-i-top-hanstholm-i-bund\/"},"author":{"name":"Jens Fogh Andersen","@id":"https:\/\/kunmedierne.dk\/thy\/#\/schema\/person\/88f5be46809ca2a5533760eb574fef93"},"headline":"K\u00e6mpe forskel i valgdeltagelse: Sennels i top &#8211; Hanstholm i bund","datePublished":"2025-11-23T05:39:43+00:00","mainEntityOfPage":{"@id":"https:\/\/kunmedierne.dk\/thy\/kaempe-forskel-i-valgdeltagelse-sennels-i-top-hanstholm-i-bund\/"},"wordCount":897,"publisher":{"@id":"https:\/\/kunmedierne.dk\/thy\/#organization"},"image":{"@id":"https:\/\/kunmedierne.dk\/thy\/kaempe-forskel-i-valgdeltagelse-sennels-i-top-hanstholm-i-bund\/#primaryimage"},"thumbnailUrl":"https:\/\/kunmedierne.dk\/thy\/wp-content\/uploads\/sites\/2\/2025\/09\/250913-sennels-aarets-landsby-1.jpg","keywords":["Kommunalvalg"],"articleSection":["Lokalt"],"inLanguage":"da-DK"},{"@type":"WebPage","@id":"https:\/\/kunmedierne.dk\/thy\/kaempe-forskel-i-valgdeltagelse-sennels-i-top-hanstholm-i-bund\/","url":"https:\/\/kunmedierne.dk\/thy\/kaempe-forskel-i-valgdeltagelse-sennels-i-top-hanstholm-i-bund\/","name":"K\u00e6mpe forskel i valgdeltagelse: Sennels i top - Hanstholm i bund - Thy","isPartOf":{"@id":"https:\/\/kunmedierne.dk\/thy\/#website"},"primaryImageOfPage":{"@id":"https:\/\/kunmedierne.dk\/thy\/kaempe-forskel-i-valgdeltagelse-sennels-i-top-hanstholm-i-bund\/#primaryimage"},"image":{"@id":"https:\/\/kunmedierne.dk\/thy\/kaempe-forskel-i-valgdeltagelse-sennels-i-top-hanstholm-i-bund\/#primaryimage"},"thumbnailUrl":"https:\/\/kunmedierne.dk\/thy\/wp-content\/uploads\/sites\/2\/2025\/09\/250913-sennels-aarets-landsby-1.jpg","datePublished":"2025-11-23T05:39:43+00:00","breadcrumb":{"@id":"https:\/\/kunmedierne.dk\/thy\/kaempe-forskel-i-valgdeltagelse-sennels-i-top-hanstholm-i-bund\/#breadcrumb"},"inLanguage":"da-DK","potentialAction":[{"@type":"ReadAction","target":["https:\/\/kunmedierne.dk\/thy\/kaempe-forskel-i-valgdeltagelse-sennels-i-top-hanstholm-i-bund\/"]}]},{"@type":"ImageObject","inLanguage":"da-DK","@id":"https:\/\/kunmedierne.dk\/thy\/kaempe-forskel-i-valgdeltagelse-sennels-i-top-hanstholm-i-bund\/#primaryimage","url":"https:\/\/kunmedierne.dk\/thy\/wp-content\/uploads\/sites\/2\/2025\/09\/250913-sennels-aarets-landsby-1.jpg","contentUrl":"https:\/\/kunmedierne.dk\/thy\/wp-content\/uploads\/sites\/2\/2025\/09\/250913-sennels-aarets-landsby-1.jpg","width":1232,"height":821},{"@type":"BreadcrumbList","@id":"https:\/\/kunmedierne.dk\/thy\/kaempe-forskel-i-valgdeltagelse-sennels-i-top-hanstholm-i-bund\/#breadcrumb","itemListElement":[{"@type":"ListItem","position":1,"name":"Home","item":"https:\/\/kunmedierne.dk\/thy\/"},{"@type":"ListItem","position":2,"name":"K\u00e6mpe forskel i valgdeltagelse: Sennels i top &#8211; Hanstholm i bund"}]},{"@type":"WebSite","@id":"https:\/\/kunmedierne.dk\/thy\/#website","url":"https:\/\/kunmedierne.dk\/thy\/","name":"Thy","description":"et netmedie med journalistik om livet i Thy","publisher":{"@id":"https:\/\/kunmedierne.dk\/thy\/#organization"},"potentialAction":[{"@type":"SearchAction","target":{"@type":"EntryPoint","urlTemplate":"https:\/\/kunmedierne.dk\/thy\/?s={search_term_string}"},"query-input":{"@type":"PropertyValueSpecification","valueRequired":true,"valueName":"search_term_string"}}],"inLanguage":"da-DK"},{"@type":"Organization","@id":"https:\/\/kunmedierne.dk\/thy\/#organization","name":"Thy","url":"https:\/\/kunmedierne.dk\/thy\/","logo":{"@type":"ImageObject","inLanguage":"da-DK","@id":"https:\/\/kunmedierne.dk\/thy\/#\/schema\/logo\/image\/","url":"https:\/\/kunmedierne.dk\/thy\/wp-content\/uploads\/sites\/2\/2025\/04\/kunthy-logo.svg","contentUrl":"https:\/\/kunmedierne.dk\/thy\/wp-content\/uploads\/sites\/2\/2025\/04\/kunthy-logo.svg","caption":"Thy"},"image":{"@id":"https:\/\/kunmedierne.dk\/thy\/#\/schema\/logo\/image\/"}},{"@type":"Person","@id":"https:\/\/kunmedierne.dk\/thy\/#\/schema\/person\/88f5be46809ca2a5533760eb574fef93","name":"Jens Fogh Andersen","image":{"@type":"ImageObject","inLanguage":"da-DK","@id":"https:\/\/kunmedierne.dk\/thy\/#\/schema\/person\/image\/","url":"https:\/\/secure.gravatar.com\/avatar\/2b367a4ef139b1c41dccc9ee7af926b81f8b4cca3359772e86c7fd5ced26c0a3?s=96&d=mm&r=g","contentUrl":"https:\/\/secure.gravatar.com\/avatar\/2b367a4ef139b1c41dccc9ee7af926b81f8b4cca3359772e86c7fd5ced26c0a3?s=96&d=mm&r=g","caption":"Jens Fogh Andersen"},"url":"https:\/\/kunmedierne.dk\/thy\/author\/jfa\/"}]}},"_links":{"self":[{"href":"https:\/\/kunmedierne.dk\/thy\/wp-json\/wp\/v2\/posts\/13641","targetHints":{"allow":["GET"]}}],"collection":[{"href":"https:\/\/kunmedierne.dk\/thy\/wp-json\/wp\/v2\/posts"}],"about":[{"href":"https:\/\/kunmedierne.dk\/thy\/wp-json\/wp\/v2\/types\/post"}],"author":[{"embeddable":true,"href":"https:\/\/kunmedierne.dk\/thy\/wp-json\/wp\/v2\/users\/4535"}],"replies":[{"embeddable":true,"href":"https:\/\/kunmedierne.dk\/thy\/wp-json\/wp\/v2\/comments?post=13641"}],"version-history":[{"count":17,"href":"https:\/\/kunmedierne.dk\/thy\/wp-json\/wp\/v2\/posts\/13641\/revisions"}],"predecessor-version":[{"id":13681,"href":"https:\/\/kunmedierne.dk\/thy\/wp-json\/wp\/v2\/posts\/13641\/revisions\/13681"}],"wp:attachment":[{"href":"https:\/\/kunmedierne.dk\/thy\/wp-json\/wp\/v2\/media?parent=13641"}],"wp:term":[{"taxonomy":"category","embeddable":true,"href":"https:\/\/kunmedierne.dk\/thy\/wp-json\/wp\/v2\/categories?post=13641"},{"taxonomy":"post_tag","embeddable":true,"href":"https:\/\/kunmedierne.dk\/thy\/wp-json\/wp\/v2\/tags?post=13641"}],"curies":[{"name":"wp","href":"https:\/\/api.w.org\/{rel}","templated":true}]}}