{"id":13620,"date":"2025-11-22T08:56:49","date_gmt":"2025-11-22T07:56:49","guid":{"rendered":"https:\/\/kunmedierne.dk\/thy\/?p=13620"},"modified":"2025-11-21T08:57:09","modified_gmt":"2025-11-21T07:57:09","slug":"syng-med-demens-musikalsk-samvaer-om-de-mest-folkekaere-sange","status":"publish","type":"post","link":"https:\/\/kunmedierne.dk\/thy\/syng-med-demens-musikalsk-samvaer-om-de-mest-folkekaere-sange\/","title":{"rendered":"Syng med demens \u2013 musikalsk samv\u00e6r om de mest folkek\u00e6re sange"},"content":{"rendered":"<p><strong>SANGGL\u00c6DE:<\/strong>\u00a0Har du demens, er du p\u00e5r\u00f8rende eller drager du omsorg for mennesker med demens?<\/p>\n<p>S\u00e5 er du mere end velkommen til at deltage i lanceringen af \u201dSyng med demens\u201d, hvilket er en samling af 12 folkek\u00e6re sange indspillet som demensvenlige syng-med-videoer.<\/p>\n<p>Det foreg\u00e5r mandag 24. november, hvor der vil v\u00e6re mulighed for at deltage enten om formiddagen i Hurup eller om eftermiddagen i Thisted.<\/p>\n<a class=\"dvrt-link\" onClick=\"cdmtrack_click(683,jQuery(this));return false\" href=\"https:\/\/vester-begr.dk\/?utm_source=google&amp;utm_medium=advative&amp;gad_source=1&amp;gclid=Cj0KCQjwtJ6_BhDWARIsAGanmKfl-hGVVjCYiOgSKoGoxrow4kvXybZsnruKJYTslvqZDywT6a9PCQwaAmBjEALw_wcB\"><img decoding=\"async\" style=\"width:100%;\" src=\"https:\/\/kunmedierne.dk\/thy\/wp-content\/uploads\/sites\/2\/2025\/03\/260203VesterHoukaer-02022026.jpg\"><\/a><script>cdmtrack_view(683);<\/script>\n<p>Om formiddagen mellem klokken 10.30 og 11.30 er det plejecenter \u00c5bakken i Hurup, der l\u00e6gger hus til arrangementet i samarbejde med Karen Bj\u00f8rnskov, leder af demenskor p\u00e5 \u00c5bakken og p\u00e5 Fjordglimt i Sennels.<\/p>\n<p>Projekt \u201dSyng med demens\u201d er skabt med et \u00f8nske om at give flere muligheder for musikalsk n\u00e6rv\u00e6r \u2013 for dig med demens eller de mennesker, der er omkring dig.<\/p>\n<p>Ved lanceringen af de demensvenlige videoer vil Sofie Rousing, projektleder ved Sangens Hus, kort fort\u00e6lle om visionen og tankerne bag projektet. Ved samme event vil der v\u00e6re mulighed for at synge med til flere af videoerne i f\u00e6llesskab.<\/p>\n<p>Om formiddagen vil sangkonsulent Karen Bj\u00f8rnskov fort\u00e6lle om, hvorfor det er s\u00e5 godt at synge sammen.<\/p>\n<a class=\"dvrt-link\" onClick=\"cdmtrack_click(685,jQuery(this));return false\" href=\"https:\/\/wensien.dk\/begravelse\/?gad_source=1&gclid=Cj0KCQjwtJ6_BhDWARIsAGanmKcWw6hbeoepGti1oApJGHln52gMbg8EBRZ86__3P1AJZ5dcsw4ZvNEaAk7JEALw_wcB\"><img decoding=\"async\" style=\"width:100%;\" src=\"https:\/\/kunmedierne.dk\/thy\/wp-content\/uploads\/sites\/2\/2025\/03\/wensien-stenhugger.jpg\"><\/a><script>cdmtrack_view(685);<\/script>\n<p>Om eftermiddagen den 24. november mellem klokken 16 og 17 vil \u201dSyng med demens\u201d blive foldet ud p\u00e5 KommunikationsCenter Thisted, Kr. Koldsgade 3.<\/p>\n<p>Her vil en af stedets undervisere, Torben Snedker, byde velkommen og holde et kort demensfagligt opl\u00e6g. P\u00e5 KommunikationsCenter Thisted er vil der ligeledes v\u00e6re rig lejlighed til at synge med p\u00e5 nogle af videoerne med de folkek\u00e6re danske sange.<\/p>\n<p>Leder af Thy Sangskole, Kristina Brogaard, er glad for at se, hvordan det vokser med antallet af sang-aktiviteter inden for sundhedsomr\u00e5det. Thy Sangskole har aktivt skubbet til denne udvikling i Thisted Kommune.<\/p>\n<p>&#8211; Vi har gennem en l\u00e6ngere periode m\u00e5lrettet arbejdet for at opstarte eller underst\u00f8tte nye slags sundhedskor. Og i samarbejde med Sangens Hus har vi udbudt kurser til korledere, musikterapeuter og andre sangfaglige personer til at varetage sundhedskor eller demensvenlig f\u00e6llessang, siger Kristina Brogaard.<\/p>\n<a class=\"dvrt-link\" onClick=\"cdmtrack_click(683,jQuery(this));return false\" href=\"https:\/\/vester-begr.dk\/?utm_source=google&amp;utm_medium=advative&amp;gad_source=1&amp;gclid=Cj0KCQjwtJ6_BhDWARIsAGanmKfl-hGVVjCYiOgSKoGoxrow4kvXybZsnruKJYTslvqZDywT6a9PCQwaAmBjEALw_wcB\"><img decoding=\"async\" style=\"width:100%;\" src=\"https:\/\/kunmedierne.dk\/thy\/wp-content\/uploads\/sites\/2\/2025\/03\/260203VesterHoukaer-02022026.jpg\"><\/a><script>cdmtrack_view(683);<\/script>\n<p>\u201dSyng med demens\u201d-videoerne, der lanceres 24. november, vil alle blive frit tilg\u00e6ngelige for b\u00e5de private og institutioner via Sangens Hus\u2019 hjemmeside.<\/p>\n<p>Samlingen af sange indeholder klassikere som Papirsklip, Lyse N\u00e6tter, Svantes Lykkelige Dag og Den bl\u00e5 Anemone.<\/p>\n<p>De to sangarrangementer i Thy er \u00e5bne for alle, og efter sangtimen vil der v\u00e6re mulighed for hyggeligt samv\u00e6r over en kop kaffe og et stykke kringle.<\/p>\n","protected":false},"excerpt":{"rendered":"<p>SANGGL\u00c6DE:\u00a0Har du demens, er du p\u00e5r\u00f8rende eller drager du omsorg for mennesker med demens? S\u00e5 er du mere end velkommen til at deltage i lanceringen af \u201dSyng med demens\u201d, hvilket er en samling af 12 folkek\u00e6re sange indspillet som demensvenlige syng-med-videoer. Det foreg\u00e5r mandag 24. november, hvor der vil v\u00e6re mulighed for at deltage enten [&hellip;]<\/p>\n","protected":false},"author":1925,"featured_media":0,"comment_status":"closed","ping_status":"closed","sticky":false,"template":"","format":"standard","meta":{"_acf_changed":false,"footnotes":""},"categories":[24],"tags":[85,38,65],"class_list":["post-13620","post","type-post","status-publish","format-standard","hentry","category-lokalt","tag-kultur","tag-mennesker","tag-musik"],"acf":[],"yoast_head":"<!-- This site is optimized with the Yoast SEO plugin v26.8 - https:\/\/yoast.com\/product\/yoast-seo-wordpress\/ -->\n<title>Syng med demens \u2013 musikalsk samv\u00e6r om de mest folkek\u00e6re sange  - Thy<\/title>\n<meta name=\"robots\" content=\"index, follow, max-snippet:-1, max-image-preview:large, max-video-preview:-1\" \/>\n<link rel=\"canonical\" href=\"https:\/\/kunmedierne.dk\/thy\/syng-med-demens-musikalsk-samvaer-om-de-mest-folkekaere-sange\/\" \/>\n<meta property=\"og:locale\" content=\"da_DK\" \/>\n<meta property=\"og:type\" content=\"article\" \/>\n<meta property=\"og:title\" content=\"Syng med demens \u2013 musikalsk samv\u00e6r om de mest folkek\u00e6re sange  - Thy\" \/>\n<meta property=\"og:description\" content=\"SANGGL\u00c6DE:\u00a0Har du demens, er du p\u00e5r\u00f8rende eller drager du omsorg for mennesker med demens? S\u00e5 er du mere end velkommen til at deltage i lanceringen af \u201dSyng med demens\u201d, hvilket er en samling af 12 folkek\u00e6re sange indspillet som demensvenlige syng-med-videoer. Det foreg\u00e5r mandag 24. november, hvor der vil v\u00e6re mulighed for at deltage enten [&hellip;]\" \/>\n<meta property=\"og:url\" content=\"https:\/\/kunmedierne.dk\/thy\/syng-med-demens-musikalsk-samvaer-om-de-mest-folkekaere-sange\/\" \/>\n<meta property=\"og:site_name\" content=\"Thy\" \/>\n<meta property=\"article:published_time\" content=\"2025-11-22T07:56:49+00:00\" \/>\n<meta name=\"author\" content=\"Lone L\u00e6rke Krog\" \/>\n<meta name=\"twitter:card\" content=\"summary_large_image\" \/>\n<meta name=\"twitter:label1\" content=\"Skrevet af\" \/>\n\t<meta name=\"twitter:data1\" content=\"Lone L\u00e6rke Krog\" \/>\n\t<meta name=\"twitter:label2\" content=\"Estimeret l\u00e6setid\" \/>\n\t<meta name=\"twitter:data2\" content=\"3 minutter\" \/>\n<script type=\"application\/ld+json\" class=\"yoast-schema-graph\">{\"@context\":\"https:\/\/schema.org\",\"@graph\":[{\"@type\":\"Article\",\"@id\":\"https:\/\/kunmedierne.dk\/thy\/syng-med-demens-musikalsk-samvaer-om-de-mest-folkekaere-sange\/#article\",\"isPartOf\":{\"@id\":\"https:\/\/kunmedierne.dk\/thy\/syng-med-demens-musikalsk-samvaer-om-de-mest-folkekaere-sange\/\"},\"author\":{\"name\":\"Lone L\u00e6rke Krog\",\"@id\":\"https:\/\/kunmedierne.dk\/thy\/#\/schema\/person\/d266634ba6550d075ecf540d63b245d2\"},\"headline\":\"Syng med demens \u2013 musikalsk samv\u00e6r om de mest folkek\u00e6re sange\",\"datePublished\":\"2025-11-22T07:56:49+00:00\",\"mainEntityOfPage\":{\"@id\":\"https:\/\/kunmedierne.dk\/thy\/syng-med-demens-musikalsk-samvaer-om-de-mest-folkekaere-sange\/\"},\"wordCount\":420,\"publisher\":{\"@id\":\"https:\/\/kunmedierne.dk\/thy\/#organization\"},\"keywords\":[\"kultur\",\"Mennesker\",\"Musik\"],\"articleSection\":[\"Lokalt\"],\"inLanguage\":\"da-DK\"},{\"@type\":\"WebPage\",\"@id\":\"https:\/\/kunmedierne.dk\/thy\/syng-med-demens-musikalsk-samvaer-om-de-mest-folkekaere-sange\/\",\"url\":\"https:\/\/kunmedierne.dk\/thy\/syng-med-demens-musikalsk-samvaer-om-de-mest-folkekaere-sange\/\",\"name\":\"Syng med demens \u2013 musikalsk samv\u00e6r om de mest folkek\u00e6re sange - Thy\",\"isPartOf\":{\"@id\":\"https:\/\/kunmedierne.dk\/thy\/#website\"},\"datePublished\":\"2025-11-22T07:56:49+00:00\",\"breadcrumb\":{\"@id\":\"https:\/\/kunmedierne.dk\/thy\/syng-med-demens-musikalsk-samvaer-om-de-mest-folkekaere-sange\/#breadcrumb\"},\"inLanguage\":\"da-DK\",\"potentialAction\":[{\"@type\":\"ReadAction\",\"target\":[\"https:\/\/kunmedierne.dk\/thy\/syng-med-demens-musikalsk-samvaer-om-de-mest-folkekaere-sange\/\"]}]},{\"@type\":\"BreadcrumbList\",\"@id\":\"https:\/\/kunmedierne.dk\/thy\/syng-med-demens-musikalsk-samvaer-om-de-mest-folkekaere-sange\/#breadcrumb\",\"itemListElement\":[{\"@type\":\"ListItem\",\"position\":1,\"name\":\"Home\",\"item\":\"https:\/\/kunmedierne.dk\/thy\/\"},{\"@type\":\"ListItem\",\"position\":2,\"name\":\"Syng med demens \u2013 musikalsk samv\u00e6r om de mest folkek\u00e6re sange\"}]},{\"@type\":\"WebSite\",\"@id\":\"https:\/\/kunmedierne.dk\/thy\/#website\",\"url\":\"https:\/\/kunmedierne.dk\/thy\/\",\"name\":\"Thy\",\"description\":\"et netmedie med journalistik om livet i Thy\",\"publisher\":{\"@id\":\"https:\/\/kunmedierne.dk\/thy\/#organization\"},\"potentialAction\":[{\"@type\":\"SearchAction\",\"target\":{\"@type\":\"EntryPoint\",\"urlTemplate\":\"https:\/\/kunmedierne.dk\/thy\/?s={search_term_string}\"},\"query-input\":{\"@type\":\"PropertyValueSpecification\",\"valueRequired\":true,\"valueName\":\"search_term_string\"}}],\"inLanguage\":\"da-DK\"},{\"@type\":\"Organization\",\"@id\":\"https:\/\/kunmedierne.dk\/thy\/#organization\",\"name\":\"Thy\",\"url\":\"https:\/\/kunmedierne.dk\/thy\/\",\"logo\":{\"@type\":\"ImageObject\",\"inLanguage\":\"da-DK\",\"@id\":\"https:\/\/kunmedierne.dk\/thy\/#\/schema\/logo\/image\/\",\"url\":\"https:\/\/kunmedierne.dk\/thy\/wp-content\/uploads\/sites\/2\/2025\/04\/kunthy-logo.svg\",\"contentUrl\":\"https:\/\/kunmedierne.dk\/thy\/wp-content\/uploads\/sites\/2\/2025\/04\/kunthy-logo.svg\",\"caption\":\"Thy\"},\"image\":{\"@id\":\"https:\/\/kunmedierne.dk\/thy\/#\/schema\/logo\/image\/\"}},{\"@type\":\"Person\",\"@id\":\"https:\/\/kunmedierne.dk\/thy\/#\/schema\/person\/d266634ba6550d075ecf540d63b245d2\",\"name\":\"Lone L\u00e6rke Krog\",\"image\":{\"@type\":\"ImageObject\",\"inLanguage\":\"da-DK\",\"@id\":\"https:\/\/kunmedierne.dk\/thy\/#\/schema\/person\/image\/\",\"url\":\"https:\/\/secure.gravatar.com\/avatar\/496ddc7080e56b4ac64cfd4e56bd6d1ee396fa3db1923aa22f11346f60bb135b?s=96&d=mm&r=g\",\"contentUrl\":\"https:\/\/secure.gravatar.com\/avatar\/496ddc7080e56b4ac64cfd4e56bd6d1ee396fa3db1923aa22f11346f60bb135b?s=96&d=mm&r=g\",\"caption\":\"Lone L\u00e6rke Krog\"},\"url\":\"https:\/\/kunmedierne.dk\/thy\/author\/llk\/\"}]}<\/script>\n<!-- \/ Yoast SEO plugin. -->","yoast_head_json":{"title":"Syng med demens \u2013 musikalsk samv\u00e6r om de mest folkek\u00e6re sange  - Thy","robots":{"index":"index","follow":"follow","max-snippet":"max-snippet:-1","max-image-preview":"max-image-preview:large","max-video-preview":"max-video-preview:-1"},"canonical":"https:\/\/kunmedierne.dk\/thy\/syng-med-demens-musikalsk-samvaer-om-de-mest-folkekaere-sange\/","og_locale":"da_DK","og_type":"article","og_title":"Syng med demens \u2013 musikalsk samv\u00e6r om de mest folkek\u00e6re sange  - Thy","og_description":"SANGGL\u00c6DE:\u00a0Har du demens, er du p\u00e5r\u00f8rende eller drager du omsorg for mennesker med demens? S\u00e5 er du mere end velkommen til at deltage i lanceringen af \u201dSyng med demens\u201d, hvilket er en samling af 12 folkek\u00e6re sange indspillet som demensvenlige syng-med-videoer. Det foreg\u00e5r mandag 24. november, hvor der vil v\u00e6re mulighed for at deltage enten [&hellip;]","og_url":"https:\/\/kunmedierne.dk\/thy\/syng-med-demens-musikalsk-samvaer-om-de-mest-folkekaere-sange\/","og_site_name":"Thy","article_published_time":"2025-11-22T07:56:49+00:00","author":"Lone L\u00e6rke Krog","twitter_card":"summary_large_image","twitter_misc":{"Skrevet af":"Lone L\u00e6rke Krog","Estimeret l\u00e6setid":"3 minutter"},"schema":{"@context":"https:\/\/schema.org","@graph":[{"@type":"Article","@id":"https:\/\/kunmedierne.dk\/thy\/syng-med-demens-musikalsk-samvaer-om-de-mest-folkekaere-sange\/#article","isPartOf":{"@id":"https:\/\/kunmedierne.dk\/thy\/syng-med-demens-musikalsk-samvaer-om-de-mest-folkekaere-sange\/"},"author":{"name":"Lone L\u00e6rke Krog","@id":"https:\/\/kunmedierne.dk\/thy\/#\/schema\/person\/d266634ba6550d075ecf540d63b245d2"},"headline":"Syng med demens \u2013 musikalsk samv\u00e6r om de mest folkek\u00e6re sange","datePublished":"2025-11-22T07:56:49+00:00","mainEntityOfPage":{"@id":"https:\/\/kunmedierne.dk\/thy\/syng-med-demens-musikalsk-samvaer-om-de-mest-folkekaere-sange\/"},"wordCount":420,"publisher":{"@id":"https:\/\/kunmedierne.dk\/thy\/#organization"},"keywords":["kultur","Mennesker","Musik"],"articleSection":["Lokalt"],"inLanguage":"da-DK"},{"@type":"WebPage","@id":"https:\/\/kunmedierne.dk\/thy\/syng-med-demens-musikalsk-samvaer-om-de-mest-folkekaere-sange\/","url":"https:\/\/kunmedierne.dk\/thy\/syng-med-demens-musikalsk-samvaer-om-de-mest-folkekaere-sange\/","name":"Syng med demens \u2013 musikalsk samv\u00e6r om de mest folkek\u00e6re sange - Thy","isPartOf":{"@id":"https:\/\/kunmedierne.dk\/thy\/#website"},"datePublished":"2025-11-22T07:56:49+00:00","breadcrumb":{"@id":"https:\/\/kunmedierne.dk\/thy\/syng-med-demens-musikalsk-samvaer-om-de-mest-folkekaere-sange\/#breadcrumb"},"inLanguage":"da-DK","potentialAction":[{"@type":"ReadAction","target":["https:\/\/kunmedierne.dk\/thy\/syng-med-demens-musikalsk-samvaer-om-de-mest-folkekaere-sange\/"]}]},{"@type":"BreadcrumbList","@id":"https:\/\/kunmedierne.dk\/thy\/syng-med-demens-musikalsk-samvaer-om-de-mest-folkekaere-sange\/#breadcrumb","itemListElement":[{"@type":"ListItem","position":1,"name":"Home","item":"https:\/\/kunmedierne.dk\/thy\/"},{"@type":"ListItem","position":2,"name":"Syng med demens \u2013 musikalsk samv\u00e6r om de mest folkek\u00e6re sange"}]},{"@type":"WebSite","@id":"https:\/\/kunmedierne.dk\/thy\/#website","url":"https:\/\/kunmedierne.dk\/thy\/","name":"Thy","description":"et netmedie med journalistik om livet i Thy","publisher":{"@id":"https:\/\/kunmedierne.dk\/thy\/#organization"},"potentialAction":[{"@type":"SearchAction","target":{"@type":"EntryPoint","urlTemplate":"https:\/\/kunmedierne.dk\/thy\/?s={search_term_string}"},"query-input":{"@type":"PropertyValueSpecification","valueRequired":true,"valueName":"search_term_string"}}],"inLanguage":"da-DK"},{"@type":"Organization","@id":"https:\/\/kunmedierne.dk\/thy\/#organization","name":"Thy","url":"https:\/\/kunmedierne.dk\/thy\/","logo":{"@type":"ImageObject","inLanguage":"da-DK","@id":"https:\/\/kunmedierne.dk\/thy\/#\/schema\/logo\/image\/","url":"https:\/\/kunmedierne.dk\/thy\/wp-content\/uploads\/sites\/2\/2025\/04\/kunthy-logo.svg","contentUrl":"https:\/\/kunmedierne.dk\/thy\/wp-content\/uploads\/sites\/2\/2025\/04\/kunthy-logo.svg","caption":"Thy"},"image":{"@id":"https:\/\/kunmedierne.dk\/thy\/#\/schema\/logo\/image\/"}},{"@type":"Person","@id":"https:\/\/kunmedierne.dk\/thy\/#\/schema\/person\/d266634ba6550d075ecf540d63b245d2","name":"Lone L\u00e6rke Krog","image":{"@type":"ImageObject","inLanguage":"da-DK","@id":"https:\/\/kunmedierne.dk\/thy\/#\/schema\/person\/image\/","url":"https:\/\/secure.gravatar.com\/avatar\/496ddc7080e56b4ac64cfd4e56bd6d1ee396fa3db1923aa22f11346f60bb135b?s=96&d=mm&r=g","contentUrl":"https:\/\/secure.gravatar.com\/avatar\/496ddc7080e56b4ac64cfd4e56bd6d1ee396fa3db1923aa22f11346f60bb135b?s=96&d=mm&r=g","caption":"Lone L\u00e6rke Krog"},"url":"https:\/\/kunmedierne.dk\/thy\/author\/llk\/"}]}},"_links":{"self":[{"href":"https:\/\/kunmedierne.dk\/thy\/wp-json\/wp\/v2\/posts\/13620","targetHints":{"allow":["GET"]}}],"collection":[{"href":"https:\/\/kunmedierne.dk\/thy\/wp-json\/wp\/v2\/posts"}],"about":[{"href":"https:\/\/kunmedierne.dk\/thy\/wp-json\/wp\/v2\/types\/post"}],"author":[{"embeddable":true,"href":"https:\/\/kunmedierne.dk\/thy\/wp-json\/wp\/v2\/users\/1925"}],"replies":[{"embeddable":true,"href":"https:\/\/kunmedierne.dk\/thy\/wp-json\/wp\/v2\/comments?post=13620"}],"version-history":[{"count":2,"href":"https:\/\/kunmedierne.dk\/thy\/wp-json\/wp\/v2\/posts\/13620\/revisions"}],"predecessor-version":[{"id":13626,"href":"https:\/\/kunmedierne.dk\/thy\/wp-json\/wp\/v2\/posts\/13620\/revisions\/13626"}],"wp:attachment":[{"href":"https:\/\/kunmedierne.dk\/thy\/wp-json\/wp\/v2\/media?parent=13620"}],"wp:term":[{"taxonomy":"category","embeddable":true,"href":"https:\/\/kunmedierne.dk\/thy\/wp-json\/wp\/v2\/categories?post=13620"},{"taxonomy":"post_tag","embeddable":true,"href":"https:\/\/kunmedierne.dk\/thy\/wp-json\/wp\/v2\/tags?post=13620"}],"curies":[{"name":"wp","href":"https:\/\/api.w.org\/{rel}","templated":true}]}}