{"id":13605,"date":"2025-11-24T11:39:57","date_gmt":"2025-11-24T10:39:57","guid":{"rendered":"https:\/\/kunmedierne.dk\/thy\/?p=13605"},"modified":"2025-11-24T11:39:57","modified_gmt":"2025-11-24T10:39:57","slug":"udsigt-til-en-oplevelse-den-kongelige-ballet-kommer-til-thisted","status":"publish","type":"post","link":"https:\/\/kunmedierne.dk\/thy\/udsigt-til-en-oplevelse-den-kongelige-ballet-kommer-til-thisted\/","title":{"rendered":"Udsigt til en oplevelse: Den kongelige ballet kommer til Thisted"},"content":{"rendered":"<p><strong>THISTED:<\/strong> Den Kongelige Ballet vil i juni n\u00e6ste \u00e5r komme til Thisted som del af ballettens sommerturne. Her vil 13 &#8211; 16 dansere opf\u00f8re v\u00e6rker fra teatrets repertoire og helt p\u00e5 en friluftsscene t\u00e6t p\u00e5 bymidten.<\/p>\n<a class=\"dvrt-link\" onClick=\"cdmtrack_click(18790,jQuery(this));return false\" href=\"https:\/\/thymors.dk\/sponsorater\/15-til-faellesskabet?utm_source=kunthy&amp;utm_medium=annonce&amp;utm_campaign=sponsorater\"><img decoding=\"async\" style=\"width:100%;\" src=\"https:\/\/kunmedierne.dk\/thy\/wp-content\/uploads\/sites\/2\/2026\/03\/260407ThyMors-energi_faellesskab_generel-1.jpg\"><\/a><script>cdmtrack_view(18790);<\/script>\n<p>&#8220;Vi ved, at Store Torv er under ombygning, og vi har kontaktet Teknisk Forvaltning for en n\u00e6rmere dr\u00f8ftelse af mulighederne,<br \/>\nhvis det lykkes os at samle den n\u00f8dvendige finansiering&#8221;.<\/p>\n<p>S\u00e5dan skriver foreningen Tysted kulturforening i Thisted i en ans\u00f8gning til Thisted Kommune, hvor foreningen beder om st\u00f8tte til at f\u00e5 Den Kongelige Ballet til at l\u00e6gge sin sommerturne 2026 forbi Thisted. Det vil efter planen ske 17. juni n\u00e6ste \u00e5r. I forestillingen medvirker <span class=\"cf0\">13 til <\/span><span class=\"cf1\">16 dansere. De opf<\/span><span class=\"cf0\">\u00f8rer et udvalg af popul\u00e6re v\u00e6rker fra teatrets repertoire.<\/span><\/p>\n<p>Kulturforeningen Tysted har s\u00f8gt kommunen om 50.000 kroner i st\u00f8tte. P\u00e5 det seneste m\u00f8de i kommunens udvalg for sundhed, kultur og fritid var der enighed om at st\u00f8tte projektet med 35.000 kroner. Pengene tages fra puljen &#8220;De frie kulturmidler&#8221;. Bel\u00f8bet svarer til det resterende bel\u00f8b i puljen i indev\u00e6rende \u00e5r.<\/p>\n<a class=\"dvrt-link\" onClick=\"cdmtrack_click(18790,jQuery(this));return false\" href=\"https:\/\/thymors.dk\/sponsorater\/15-til-faellesskabet?utm_source=kunthy&amp;utm_medium=annonce&amp;utm_campaign=sponsorater\"><img decoding=\"async\" style=\"width:100%;\" src=\"https:\/\/kunmedierne.dk\/thy\/wp-content\/uploads\/sites\/2\/2026\/03\/260407ThyMors-energi_faellesskab_generel-1.jpg\"><\/a><script>cdmtrack_view(18790);<\/script>\n<p>N\u00e5r Store Torv i Thisted bringes op i forbindelse med ballettens bes\u00f8g i Thisted, skyldes det, at kulturforeningen Tysted i sin ans\u00f8gning til kommunen understreger, at &#8220;d<span class=\"cf0\">en endelige beslutning om stedet i Thisted ligger hos Det Kgl. Teater&#8221;, men at teatret ved tidligere besigtigelse har \u00f8nsket et sted s\u00e5 n\u00e6rt centrum som muligt. Og Store Torv ligger midt i centrum, men er n\u00e6ste \u00e5r under ombygning.<\/span><\/p>\n<p>&#8220;Sidst, balletten var i Thy, var for en del \u00e5r siden, da den g\u00e6stede til Nors S\u00f8, hvor vi sk\u00f8nnede at ca. 4.000 tilskuere n\u00f8d<br \/>\nforestillingen. Denne gang er \u00f8nsket fra Det Kgl. Teater, at det skal v\u00e6re byn\u00e6rt &#8211; og helst s\u00e5 n\u00e6rt centrum som muligt, hvor folk f\u00e6rdes i<br \/>\nderes dagligdag&#8221;, skriver Thysted i ans\u00f8gningen.<\/p>\n<p>Det Kongelige Teater \u00f8nsker, at balletten opf\u00f8res et sted, hvor publikum har mulighed for at komme i god tid f\u00f8r forestillingen og nyde en picnic. Forventningen er, at forestillingen vil samle op mod 2000 tilskuere. Det bliver gratis at overv\u00e6re forestillingen.<\/p>\n<a class=\"dvrt-link\" onClick=\"cdmtrack_click(18790,jQuery(this));return false\" href=\"https:\/\/thymors.dk\/sponsorater\/15-til-faellesskabet?utm_source=kunthy&amp;utm_medium=annonce&amp;utm_campaign=sponsorater\"><img decoding=\"async\" style=\"width:100%;\" src=\"https:\/\/kunmedierne.dk\/thy\/wp-content\/uploads\/sites\/2\/2026\/03\/260407ThyMors-energi_faellesskab_generel-1.jpg\"><\/a><script>cdmtrack_view(18790);<\/script>\n<p><span class=\"cf0\">Det Kongelige Teater stiller krav om lokal medfinansiering og hj\u00e6lp til praktisk afvikling. Kulturforeningen <\/span><span class=\"cf0\">Tysted<\/span><span class=\"cf0\"> har p\u00e5taget sig at st\u00e5 for den samlede koordinering med teatrets tekniske og kunstneriske personale samt den lokale logistik. Det omfatter <\/span><span class=\"cf0\">klarg\u00f8ring af omr\u00e5det, etablering af adgangsforhold, toiletter, str\u00f8m og publikumsfaciliteter, fremg\u00e5r det af sagsfremstillingen til udvalget for sundhed, kultur og fritid. <\/span><\/p>\n<p><span class=\"cf0\">Ud over st\u00f8tten fra Thisted Kommune arbejder Tysted for at skaffe yderligere lokal finansiering ligesom foreningen selv bidrager med finansiering.<\/span><\/p>\n","protected":false},"excerpt":{"rendered":"<p>THISTED: Den Kongelige Ballet vil i juni n\u00e6ste \u00e5r komme til Thisted som del af ballettens sommerturne. Her vil 13 &#8211; 16 dansere opf\u00f8re v\u00e6rker fra teatrets repertoire og helt p\u00e5 en friluftsscene t\u00e6t p\u00e5 bymidten. &#8220;Vi ved, at Store Torv er under ombygning, og vi har kontaktet Teknisk Forvaltning for en n\u00e6rmere dr\u00f8ftelse af [&hellip;]<\/p>\n","protected":false},"author":4535,"featured_media":0,"comment_status":"closed","ping_status":"closed","sticky":false,"template":"","format":"standard","meta":{"_acf_changed":false,"footnotes":""},"categories":[24],"tags":[85],"class_list":["post-13605","post","type-post","status-publish","format-standard","hentry","category-lokalt","tag-kultur"],"acf":[],"yoast_head":"<!-- This site is optimized with the Yoast SEO plugin v26.8 - https:\/\/yoast.com\/product\/yoast-seo-wordpress\/ -->\n<title>Udsigt til en oplevelse: Den kongelige ballet kommer til Thisted - Thy<\/title>\n<meta name=\"robots\" content=\"index, follow, max-snippet:-1, max-image-preview:large, max-video-preview:-1\" \/>\n<link rel=\"canonical\" href=\"https:\/\/kunmedierne.dk\/thy\/udsigt-til-en-oplevelse-den-kongelige-ballet-kommer-til-thisted\/\" \/>\n<meta property=\"og:locale\" content=\"da_DK\" \/>\n<meta property=\"og:type\" content=\"article\" \/>\n<meta property=\"og:title\" content=\"Udsigt til en oplevelse: Den kongelige ballet kommer til Thisted - Thy\" \/>\n<meta property=\"og:description\" content=\"THISTED: Den Kongelige Ballet vil i juni n\u00e6ste \u00e5r komme til Thisted som del af ballettens sommerturne. Her vil 13 &#8211; 16 dansere opf\u00f8re v\u00e6rker fra teatrets repertoire og helt p\u00e5 en friluftsscene t\u00e6t p\u00e5 bymidten. &#8220;Vi ved, at Store Torv er under ombygning, og vi har kontaktet Teknisk Forvaltning for en n\u00e6rmere dr\u00f8ftelse af [&hellip;]\" \/>\n<meta property=\"og:url\" content=\"https:\/\/kunmedierne.dk\/thy\/udsigt-til-en-oplevelse-den-kongelige-ballet-kommer-til-thisted\/\" \/>\n<meta property=\"og:site_name\" content=\"Thy\" \/>\n<meta property=\"article:published_time\" content=\"2025-11-24T10:39:57+00:00\" \/>\n<meta name=\"author\" content=\"Jens Fogh Andersen\" \/>\n<meta name=\"twitter:card\" content=\"summary_large_image\" \/>\n<meta name=\"twitter:label1\" content=\"Skrevet af\" \/>\n\t<meta name=\"twitter:data1\" content=\"Jens Fogh Andersen\" \/>\n\t<meta name=\"twitter:label2\" content=\"Estimeret l\u00e6setid\" \/>\n\t<meta name=\"twitter:data2\" content=\"3 minutter\" \/>\n<script type=\"application\/ld+json\" class=\"yoast-schema-graph\">{\"@context\":\"https:\/\/schema.org\",\"@graph\":[{\"@type\":\"Article\",\"@id\":\"https:\/\/kunmedierne.dk\/thy\/udsigt-til-en-oplevelse-den-kongelige-ballet-kommer-til-thisted\/#article\",\"isPartOf\":{\"@id\":\"https:\/\/kunmedierne.dk\/thy\/udsigt-til-en-oplevelse-den-kongelige-ballet-kommer-til-thisted\/\"},\"author\":{\"name\":\"Jens Fogh Andersen\",\"@id\":\"https:\/\/kunmedierne.dk\/thy\/#\/schema\/person\/88f5be46809ca2a5533760eb574fef93\"},\"headline\":\"Udsigt til en oplevelse: Den kongelige ballet kommer til Thisted\",\"datePublished\":\"2025-11-24T10:39:57+00:00\",\"mainEntityOfPage\":{\"@id\":\"https:\/\/kunmedierne.dk\/thy\/udsigt-til-en-oplevelse-den-kongelige-ballet-kommer-til-thisted\/\"},\"wordCount\":465,\"publisher\":{\"@id\":\"https:\/\/kunmedierne.dk\/thy\/#organization\"},\"keywords\":[\"kultur\"],\"articleSection\":[\"Lokalt\"],\"inLanguage\":\"da-DK\"},{\"@type\":\"WebPage\",\"@id\":\"https:\/\/kunmedierne.dk\/thy\/udsigt-til-en-oplevelse-den-kongelige-ballet-kommer-til-thisted\/\",\"url\":\"https:\/\/kunmedierne.dk\/thy\/udsigt-til-en-oplevelse-den-kongelige-ballet-kommer-til-thisted\/\",\"name\":\"Udsigt til en oplevelse: Den kongelige ballet kommer til Thisted - Thy\",\"isPartOf\":{\"@id\":\"https:\/\/kunmedierne.dk\/thy\/#website\"},\"datePublished\":\"2025-11-24T10:39:57+00:00\",\"breadcrumb\":{\"@id\":\"https:\/\/kunmedierne.dk\/thy\/udsigt-til-en-oplevelse-den-kongelige-ballet-kommer-til-thisted\/#breadcrumb\"},\"inLanguage\":\"da-DK\",\"potentialAction\":[{\"@type\":\"ReadAction\",\"target\":[\"https:\/\/kunmedierne.dk\/thy\/udsigt-til-en-oplevelse-den-kongelige-ballet-kommer-til-thisted\/\"]}]},{\"@type\":\"BreadcrumbList\",\"@id\":\"https:\/\/kunmedierne.dk\/thy\/udsigt-til-en-oplevelse-den-kongelige-ballet-kommer-til-thisted\/#breadcrumb\",\"itemListElement\":[{\"@type\":\"ListItem\",\"position\":1,\"name\":\"Home\",\"item\":\"https:\/\/kunmedierne.dk\/thy\/\"},{\"@type\":\"ListItem\",\"position\":2,\"name\":\"Udsigt til en oplevelse: Den kongelige ballet kommer til Thisted\"}]},{\"@type\":\"WebSite\",\"@id\":\"https:\/\/kunmedierne.dk\/thy\/#website\",\"url\":\"https:\/\/kunmedierne.dk\/thy\/\",\"name\":\"Thy\",\"description\":\"et netmedie med journalistik om livet i Thy\",\"publisher\":{\"@id\":\"https:\/\/kunmedierne.dk\/thy\/#organization\"},\"potentialAction\":[{\"@type\":\"SearchAction\",\"target\":{\"@type\":\"EntryPoint\",\"urlTemplate\":\"https:\/\/kunmedierne.dk\/thy\/?s={search_term_string}\"},\"query-input\":{\"@type\":\"PropertyValueSpecification\",\"valueRequired\":true,\"valueName\":\"search_term_string\"}}],\"inLanguage\":\"da-DK\"},{\"@type\":\"Organization\",\"@id\":\"https:\/\/kunmedierne.dk\/thy\/#organization\",\"name\":\"Thy\",\"url\":\"https:\/\/kunmedierne.dk\/thy\/\",\"logo\":{\"@type\":\"ImageObject\",\"inLanguage\":\"da-DK\",\"@id\":\"https:\/\/kunmedierne.dk\/thy\/#\/schema\/logo\/image\/\",\"url\":\"https:\/\/kunmedierne.dk\/thy\/wp-content\/uploads\/sites\/2\/2025\/04\/kunthy-logo.svg\",\"contentUrl\":\"https:\/\/kunmedierne.dk\/thy\/wp-content\/uploads\/sites\/2\/2025\/04\/kunthy-logo.svg\",\"caption\":\"Thy\"},\"image\":{\"@id\":\"https:\/\/kunmedierne.dk\/thy\/#\/schema\/logo\/image\/\"}},{\"@type\":\"Person\",\"@id\":\"https:\/\/kunmedierne.dk\/thy\/#\/schema\/person\/88f5be46809ca2a5533760eb574fef93\",\"name\":\"Jens Fogh Andersen\",\"image\":{\"@type\":\"ImageObject\",\"inLanguage\":\"da-DK\",\"@id\":\"https:\/\/kunmedierne.dk\/thy\/#\/schema\/person\/image\/\",\"url\":\"https:\/\/secure.gravatar.com\/avatar\/2b367a4ef139b1c41dccc9ee7af926b81f8b4cca3359772e86c7fd5ced26c0a3?s=96&d=mm&r=g\",\"contentUrl\":\"https:\/\/secure.gravatar.com\/avatar\/2b367a4ef139b1c41dccc9ee7af926b81f8b4cca3359772e86c7fd5ced26c0a3?s=96&d=mm&r=g\",\"caption\":\"Jens Fogh Andersen\"},\"url\":\"https:\/\/kunmedierne.dk\/thy\/author\/jfa\/\"}]}<\/script>\n<!-- \/ Yoast SEO plugin. -->","yoast_head_json":{"title":"Udsigt til en oplevelse: Den kongelige ballet kommer til Thisted - Thy","robots":{"index":"index","follow":"follow","max-snippet":"max-snippet:-1","max-image-preview":"max-image-preview:large","max-video-preview":"max-video-preview:-1"},"canonical":"https:\/\/kunmedierne.dk\/thy\/udsigt-til-en-oplevelse-den-kongelige-ballet-kommer-til-thisted\/","og_locale":"da_DK","og_type":"article","og_title":"Udsigt til en oplevelse: Den kongelige ballet kommer til Thisted - Thy","og_description":"THISTED: Den Kongelige Ballet vil i juni n\u00e6ste \u00e5r komme til Thisted som del af ballettens sommerturne. Her vil 13 &#8211; 16 dansere opf\u00f8re v\u00e6rker fra teatrets repertoire og helt p\u00e5 en friluftsscene t\u00e6t p\u00e5 bymidten. &#8220;Vi ved, at Store Torv er under ombygning, og vi har kontaktet Teknisk Forvaltning for en n\u00e6rmere dr\u00f8ftelse af [&hellip;]","og_url":"https:\/\/kunmedierne.dk\/thy\/udsigt-til-en-oplevelse-den-kongelige-ballet-kommer-til-thisted\/","og_site_name":"Thy","article_published_time":"2025-11-24T10:39:57+00:00","author":"Jens Fogh Andersen","twitter_card":"summary_large_image","twitter_misc":{"Skrevet af":"Jens Fogh Andersen","Estimeret l\u00e6setid":"3 minutter"},"schema":{"@context":"https:\/\/schema.org","@graph":[{"@type":"Article","@id":"https:\/\/kunmedierne.dk\/thy\/udsigt-til-en-oplevelse-den-kongelige-ballet-kommer-til-thisted\/#article","isPartOf":{"@id":"https:\/\/kunmedierne.dk\/thy\/udsigt-til-en-oplevelse-den-kongelige-ballet-kommer-til-thisted\/"},"author":{"name":"Jens Fogh Andersen","@id":"https:\/\/kunmedierne.dk\/thy\/#\/schema\/person\/88f5be46809ca2a5533760eb574fef93"},"headline":"Udsigt til en oplevelse: Den kongelige ballet kommer til Thisted","datePublished":"2025-11-24T10:39:57+00:00","mainEntityOfPage":{"@id":"https:\/\/kunmedierne.dk\/thy\/udsigt-til-en-oplevelse-den-kongelige-ballet-kommer-til-thisted\/"},"wordCount":465,"publisher":{"@id":"https:\/\/kunmedierne.dk\/thy\/#organization"},"keywords":["kultur"],"articleSection":["Lokalt"],"inLanguage":"da-DK"},{"@type":"WebPage","@id":"https:\/\/kunmedierne.dk\/thy\/udsigt-til-en-oplevelse-den-kongelige-ballet-kommer-til-thisted\/","url":"https:\/\/kunmedierne.dk\/thy\/udsigt-til-en-oplevelse-den-kongelige-ballet-kommer-til-thisted\/","name":"Udsigt til en oplevelse: Den kongelige ballet kommer til Thisted - Thy","isPartOf":{"@id":"https:\/\/kunmedierne.dk\/thy\/#website"},"datePublished":"2025-11-24T10:39:57+00:00","breadcrumb":{"@id":"https:\/\/kunmedierne.dk\/thy\/udsigt-til-en-oplevelse-den-kongelige-ballet-kommer-til-thisted\/#breadcrumb"},"inLanguage":"da-DK","potentialAction":[{"@type":"ReadAction","target":["https:\/\/kunmedierne.dk\/thy\/udsigt-til-en-oplevelse-den-kongelige-ballet-kommer-til-thisted\/"]}]},{"@type":"BreadcrumbList","@id":"https:\/\/kunmedierne.dk\/thy\/udsigt-til-en-oplevelse-den-kongelige-ballet-kommer-til-thisted\/#breadcrumb","itemListElement":[{"@type":"ListItem","position":1,"name":"Home","item":"https:\/\/kunmedierne.dk\/thy\/"},{"@type":"ListItem","position":2,"name":"Udsigt til en oplevelse: Den kongelige ballet kommer til Thisted"}]},{"@type":"WebSite","@id":"https:\/\/kunmedierne.dk\/thy\/#website","url":"https:\/\/kunmedierne.dk\/thy\/","name":"Thy","description":"et netmedie med journalistik om livet i Thy","publisher":{"@id":"https:\/\/kunmedierne.dk\/thy\/#organization"},"potentialAction":[{"@type":"SearchAction","target":{"@type":"EntryPoint","urlTemplate":"https:\/\/kunmedierne.dk\/thy\/?s={search_term_string}"},"query-input":{"@type":"PropertyValueSpecification","valueRequired":true,"valueName":"search_term_string"}}],"inLanguage":"da-DK"},{"@type":"Organization","@id":"https:\/\/kunmedierne.dk\/thy\/#organization","name":"Thy","url":"https:\/\/kunmedierne.dk\/thy\/","logo":{"@type":"ImageObject","inLanguage":"da-DK","@id":"https:\/\/kunmedierne.dk\/thy\/#\/schema\/logo\/image\/","url":"https:\/\/kunmedierne.dk\/thy\/wp-content\/uploads\/sites\/2\/2025\/04\/kunthy-logo.svg","contentUrl":"https:\/\/kunmedierne.dk\/thy\/wp-content\/uploads\/sites\/2\/2025\/04\/kunthy-logo.svg","caption":"Thy"},"image":{"@id":"https:\/\/kunmedierne.dk\/thy\/#\/schema\/logo\/image\/"}},{"@type":"Person","@id":"https:\/\/kunmedierne.dk\/thy\/#\/schema\/person\/88f5be46809ca2a5533760eb574fef93","name":"Jens Fogh Andersen","image":{"@type":"ImageObject","inLanguage":"da-DK","@id":"https:\/\/kunmedierne.dk\/thy\/#\/schema\/person\/image\/","url":"https:\/\/secure.gravatar.com\/avatar\/2b367a4ef139b1c41dccc9ee7af926b81f8b4cca3359772e86c7fd5ced26c0a3?s=96&d=mm&r=g","contentUrl":"https:\/\/secure.gravatar.com\/avatar\/2b367a4ef139b1c41dccc9ee7af926b81f8b4cca3359772e86c7fd5ced26c0a3?s=96&d=mm&r=g","caption":"Jens Fogh Andersen"},"url":"https:\/\/kunmedierne.dk\/thy\/author\/jfa\/"}]}},"_links":{"self":[{"href":"https:\/\/kunmedierne.dk\/thy\/wp-json\/wp\/v2\/posts\/13605","targetHints":{"allow":["GET"]}}],"collection":[{"href":"https:\/\/kunmedierne.dk\/thy\/wp-json\/wp\/v2\/posts"}],"about":[{"href":"https:\/\/kunmedierne.dk\/thy\/wp-json\/wp\/v2\/types\/post"}],"author":[{"embeddable":true,"href":"https:\/\/kunmedierne.dk\/thy\/wp-json\/wp\/v2\/users\/4535"}],"replies":[{"embeddable":true,"href":"https:\/\/kunmedierne.dk\/thy\/wp-json\/wp\/v2\/comments?post=13605"}],"version-history":[{"count":6,"href":"https:\/\/kunmedierne.dk\/thy\/wp-json\/wp\/v2\/posts\/13605\/revisions"}],"predecessor-version":[{"id":13770,"href":"https:\/\/kunmedierne.dk\/thy\/wp-json\/wp\/v2\/posts\/13605\/revisions\/13770"}],"wp:attachment":[{"href":"https:\/\/kunmedierne.dk\/thy\/wp-json\/wp\/v2\/media?parent=13605"}],"wp:term":[{"taxonomy":"category","embeddable":true,"href":"https:\/\/kunmedierne.dk\/thy\/wp-json\/wp\/v2\/categories?post=13605"},{"taxonomy":"post_tag","embeddable":true,"href":"https:\/\/kunmedierne.dk\/thy\/wp-json\/wp\/v2\/tags?post=13605"}],"curies":[{"name":"wp","href":"https:\/\/api.w.org\/{rel}","templated":true}]}}