{"id":13563,"date":"2025-11-20T10:01:07","date_gmt":"2025-11-20T09:01:07","guid":{"rendered":"https:\/\/kunmedierne.dk\/thy\/?p=13563"},"modified":"2025-11-20T10:44:46","modified_gmt":"2025-11-20T09:44:46","slug":"to-thyboer-genvalgt-til-regionsraadet","status":"publish","type":"post","link":"https:\/\/kunmedierne.dk\/thy\/to-thyboer-genvalgt-til-regionsraadet\/","title":{"rendered":"To thyboer genvalgt til regionsr\u00e5det"},"content":{"rendered":"<p><strong>VALG:<\/strong> Thyboerne og morsingboerne har i h\u00f8j grad bakket op om deres lokale kandidater ved valget til det nye regionsr\u00e5d i Nordjylland, der tr\u00e6kker i arbejdst\u00f8jet pr. 1. januar.<\/p>\n<p>Hanne Korsgaard (S) blev den st\u00f8rste stemmesluger med 4360 personlige stemmer, Lina Hundeb\u00f8ll Jespersen (V) fik n\u00e6stflest (3888), men det rakte til en h\u00f8jere placering &#8211; som nummer 8 &#8211; p\u00e5 ranglisten, da Venstre fik et betydeligt bedre valg end Socialdemokratiet.<\/p>\n<div id=\"attachment_13576\" style=\"width: 1242px\" class=\"wp-caption alignnone\"><img loading=\"lazy\" decoding=\"async\" aria-describedby=\"caption-attachment-13576\" class=\"wp-image-13576 size-full\" src=\"https:\/\/kunmedierne.dk\/thy\/wp-content\/uploads\/sites\/2\/2025\/11\/Unavngivet-1232-x-802-px-2025-11-20T100803.782.jpg\" alt=\"\" width=\"1232\" height=\"802\" srcset=\"https:\/\/kunmedierne.dk\/thy\/wp-content\/uploads\/sites\/2\/2025\/11\/Unavngivet-1232-x-802-px-2025-11-20T100803.782.jpg 1232w, https:\/\/kunmedierne.dk\/thy\/wp-content\/uploads\/sites\/2\/2025\/11\/Unavngivet-1232-x-802-px-2025-11-20T100803.782-300x195.jpg 300w, https:\/\/kunmedierne.dk\/thy\/wp-content\/uploads\/sites\/2\/2025\/11\/Unavngivet-1232-x-802-px-2025-11-20T100803.782-1024x667.jpg 1024w, https:\/\/kunmedierne.dk\/thy\/wp-content\/uploads\/sites\/2\/2025\/11\/Unavngivet-1232-x-802-px-2025-11-20T100803.782-510x332.jpg 510w\" sizes=\"auto, (max-width: 1232px) 100vw, 1232px\" \/><p id=\"caption-attachment-13576\" class=\"wp-caption-text\">Lina Hundeb\u00f8ll Jespersen (V) har f\u00e5et tre b\u00f8rn i den indev\u00e6rende valgperiode, og hun er blevet speciall\u00e6ge i almen medicin i samme periode.<\/p><\/div>\n<p>Fra Mors er Peter Therkildsen (V) valgt ind med 3692 stemmer, og Poul Kristensen (S) med 2596 stemmer.<\/p>\n<a class=\"dvrt-link\" onClick=\"cdmtrack_click(4416,jQuery(this));return false\" href=\"https:\/\/sdrhaa.dk\/\"><img decoding=\"async\" style=\"width:100%;\" src=\"https:\/\/kunmedierne.dk\/thy\/wp-content\/uploads\/sites\/2\/2025\/05\/260302Din-gebyrvenlige-sparekasse_SHS_Thy-1.gif\"><\/a><script>cdmtrack_view(4416);<\/script>\n<p>Hanne Korsgaard siger om v\u00e6lgernes opbakning:<\/p>\n<p>&#8211; Det er helt vildt, og det er noget flere end ved de to f\u00f8rste valg, hvor jeg fik godt 3000 stemmer. S\u00e5 jeg meget stolt over, hvordan det er g\u00e5et denne gang.<\/p>\n<p><em>Hvordan vil du bruge din plads i regionsr\u00e5det?<\/em><\/p>\n<p>&#8211; Der er ingen tvivl om, at jeg er g\u00e5et til valg p\u00e5 at tilgodese borgerne i Thy. Der t\u00e6nker jeg p\u00e5 vores lokale sygehus, Hospice Thy og det psykiatriske omr\u00e5de.<\/p>\n<p>&nbsp;<\/p>\n<p><strong>Sundhedsr\u00e5det Limfjorden<\/strong><\/p>\n<p>Hanne Korsgaard har budt ind p\u00e5 en plads i det nye Sundhedsr\u00e5det Limfjorden, der f\u00e5r til opgave at implementere den nye sundhedsreform, der skal fokusere p\u00e5 &#8220;det n\u00e6re sundhedsv\u00e6sen&#8221;.<\/p>\n<p>&#8211; Med hensyn til l\u00e6ged\u00e6kning i vores omr\u00e5de er jeg fortr\u00f8stningsfuld, ikke mindst fordi vi har et stigende antal uddannelsesl\u00e6ger, der gerne vil v\u00e6re her.<\/p>\n<a class=\"dvrt-link\" onClick=\"cdmtrack_click(18790,jQuery(this));return false\" href=\"https:\/\/thymors.dk\/sponsorater\/15-til-faellesskabet?utm_source=kunthy&amp;utm_medium=annonce&amp;utm_campaign=sponsorater\"><img decoding=\"async\" style=\"width:100%;\" src=\"https:\/\/kunmedierne.dk\/thy\/wp-content\/uploads\/sites\/2\/2026\/03\/260407ThyMors-energi_faellesskab_generel-1.jpg\"><\/a><script>cdmtrack_view(18790);<\/script>\n<p><em>Der har jo v\u00e6ret en sag med to unge l\u00e6ger, der ikke kunne f\u00e5 lov at neds\u00e6tte sig i Vestervig med 1000 patienter hver. Hvordan ser du p\u00e5 s\u00e5danne fleksible l\u00f8sninger?<\/em><\/p>\n<p>&#8211; Jeg g\u00e5r ind for fleksible ordninger, hvis der er balance i forhold til at kunne h\u00e5ndtere de patienter, der er. 1000 patienter pr. l\u00e6ge er m\u00e5ske lige i underkanten. S\u00e5 vidt jeg forst\u00e5r det, kommer ydernummeret i Sydthy i udbud igen inden \u00e5rets udgang. Og jeg er sikker p\u00e5, at vi finder en l\u00f8sning, siger Hanne Korsgaard.<\/p>\n<p>&nbsp;<\/p>\n<p><strong>Lina Jespersen<\/strong><\/p>\n<p>Lina Jespersen siger som reaktion p\u00e5 valget:<\/p>\n<p>&#8211; Jeg er overv\u00e6ldet og glad for, at det lykkedes &#8211; ogs\u00e5 at holde stemmerne hjemme i Thy og p\u00e5 Mors. Det har v\u00e6ret lidt frustrerende, at der ikke har v\u00e6ret s\u00e5 meget fokus p\u00e5 regionsr\u00e5det her i valgkampen, det har v\u00e6ret sv\u00e6rt at komme ud og fort\u00e6lle, hvor vigtigt det er for vores omr\u00e5de. S\u00e5 jeg er lettet.<\/p>\n<p>Lina Jespersen g\u00e5r ind i sin tredje periode som regionsr\u00e5dsmedlem &#8211; med s\u00e5 mange stemmer, at hun opn\u00e5ede en tredjeplads p\u00e5 Venstres liste, kun overg\u00e5et af Mads Duedahl og Mogens Gade.<\/p>\n<p>Lina Jespersen h\u00e5ber ligesom Hanne Korsgaard at f\u00e5 plads i det nye Sundhedsr\u00e5det Limfjorden.<\/p>\n<p>&nbsp;<\/p>\n<p><strong>Bedre overgange<\/strong><\/p>\n<p>&#8211; Vi skal have gjort overgangen mellem sygehus, l\u00e6ge og kommune bedre. Det bliver sjovt\u00a0 &#8211; og sikkert ogs\u00e5 udfordrende &#8211; at arbejde sammen med de kommunale politikere om at finde de gode l\u00f8sninger.<\/p>\n<p>Sundhedsreformen handler blandt om at flytte flere opgaver ud til l\u00e6gehusene, oprette akutpladser p\u00e5 plejehjem og sikre flere ambulante opgaver p\u00e5 lokale sygehuse.<\/p>\n<p>Som praktiserende l\u00e6ge har Lina Jespersen en s\u00e6rlig indsigt i de brudflader, der er mellem l\u00e6ge, hjemmepleje og sygehus.<\/p>\n<p>&#8211; Jeg f\u00f8lger mine patienter rundt i systemet, og har derfor en god viden, jeg kan tage med fra alle dele af det.<\/p>\n<p>&#8211; Jeg synes, det n\u00e6re sundhedsv\u00e6sen er et sp\u00e6ndende omr\u00e5de, og det var ogs\u00e5 det, der motiverede mig til at stille op igen, siger Lina H. Jespersen.<\/p>\n<p>Det nye regionsr\u00e5d f\u00e5r 25 pladser frem for de nuv\u00e6rende 41.<\/p>\n<a class=\"dvrt-link\" onClick=\"cdmtrack_click(18790,jQuery(this));return false\" href=\"https:\/\/thymors.dk\/sponsorater\/15-til-faellesskabet?utm_source=kunthy&amp;utm_medium=annonce&amp;utm_campaign=sponsorater\"><img decoding=\"async\" style=\"width:100%;\" src=\"https:\/\/kunmedierne.dk\/thy\/wp-content\/uploads\/sites\/2\/2026\/03\/260407ThyMors-energi_faellesskab_generel-1.jpg\"><\/a><script>cdmtrack_view(18790);<\/script>\n<p>Med det netop overst\u00e5ede valg siger Thy og Mors farvel til f\u00f8lgende lokale repr\u00e6sentanter: Kim Frost (K), Tage Leegaard (K), Erik Holm (SF), Lauge Larsen (S) og Peter Larsen (LA).<\/p>\n<p>&nbsp;<\/p>\n<p>&nbsp;<\/p>\n","protected":false},"excerpt":{"rendered":"<p>VALG: Thyboerne og morsingboerne har i h\u00f8j grad bakket op om deres lokale kandidater ved valget til det nye regionsr\u00e5d i Nordjylland, der tr\u00e6kker i arbejdst\u00f8jet pr. 1. januar. Hanne Korsgaard (S) blev den st\u00f8rste stemmesluger med 4360 personlige stemmer, Lina Hundeb\u00f8ll Jespersen (V) fik n\u00e6stflest (3888), men det rakte til en h\u00f8jere placering &#8211; [&hellip;]<\/p>\n","protected":false},"author":1925,"featured_media":0,"comment_status":"closed","ping_status":"closed","sticky":false,"template":"","format":"standard","meta":{"_acf_changed":false,"footnotes":""},"categories":[24],"tags":[47],"class_list":["post-13563","post","type-post","status-publish","format-standard","hentry","category-lokalt","tag-sundhed"],"acf":[],"yoast_head":"<!-- This site is optimized with the Yoast SEO plugin v26.8 - https:\/\/yoast.com\/product\/yoast-seo-wordpress\/ -->\n<title>To thyboer genvalgt til regionsr\u00e5det  - Thy<\/title>\n<meta name=\"robots\" content=\"index, follow, max-snippet:-1, max-image-preview:large, max-video-preview:-1\" \/>\n<link rel=\"canonical\" href=\"https:\/\/kunmedierne.dk\/thy\/to-thyboer-genvalgt-til-regionsraadet\/\" \/>\n<meta property=\"og:locale\" content=\"da_DK\" \/>\n<meta property=\"og:type\" content=\"article\" \/>\n<meta property=\"og:title\" content=\"To thyboer genvalgt til regionsr\u00e5det  - Thy\" \/>\n<meta property=\"og:description\" content=\"VALG: Thyboerne og morsingboerne har i h\u00f8j grad bakket op om deres lokale kandidater ved valget til det nye regionsr\u00e5d i Nordjylland, der tr\u00e6kker i arbejdst\u00f8jet pr. 1. januar. Hanne Korsgaard (S) blev den st\u00f8rste stemmesluger med 4360 personlige stemmer, Lina Hundeb\u00f8ll Jespersen (V) fik n\u00e6stflest (3888), men det rakte til en h\u00f8jere placering &#8211; [&hellip;]\" \/>\n<meta property=\"og:url\" content=\"https:\/\/kunmedierne.dk\/thy\/to-thyboer-genvalgt-til-regionsraadet\/\" \/>\n<meta property=\"og:site_name\" content=\"Thy\" \/>\n<meta property=\"article:published_time\" content=\"2025-11-20T09:01:07+00:00\" \/>\n<meta property=\"article:modified_time\" content=\"2025-11-20T09:44:46+00:00\" \/>\n<meta property=\"og:image\" content=\"https:\/\/kunmedierne.dk\/thy\/wp-content\/uploads\/sites\/2\/2025\/11\/Unavngivet-1232-x-802-px-2025-11-20T100803.782.jpg\" \/>\n\t<meta property=\"og:image:width\" content=\"1232\" \/>\n\t<meta property=\"og:image:height\" content=\"802\" \/>\n\t<meta property=\"og:image:type\" content=\"image\/jpeg\" \/>\n<meta name=\"author\" content=\"Lone L\u00e6rke Krog\" \/>\n<meta name=\"twitter:card\" content=\"summary_large_image\" \/>\n<meta name=\"twitter:label1\" content=\"Skrevet af\" \/>\n\t<meta name=\"twitter:data1\" content=\"Lone L\u00e6rke Krog\" \/>\n\t<meta name=\"twitter:label2\" content=\"Estimeret l\u00e6setid\" \/>\n\t<meta name=\"twitter:data2\" content=\"4 minutter\" \/>\n<script type=\"application\/ld+json\" class=\"yoast-schema-graph\">{\"@context\":\"https:\/\/schema.org\",\"@graph\":[{\"@type\":\"Article\",\"@id\":\"https:\/\/kunmedierne.dk\/thy\/to-thyboer-genvalgt-til-regionsraadet\/#article\",\"isPartOf\":{\"@id\":\"https:\/\/kunmedierne.dk\/thy\/to-thyboer-genvalgt-til-regionsraadet\/\"},\"author\":{\"name\":\"Lone L\u00e6rke Krog\",\"@id\":\"https:\/\/kunmedierne.dk\/thy\/#\/schema\/person\/d266634ba6550d075ecf540d63b245d2\"},\"headline\":\"To thyboer genvalgt til regionsr\u00e5det\",\"datePublished\":\"2025-11-20T09:01:07+00:00\",\"dateModified\":\"2025-11-20T09:44:46+00:00\",\"mainEntityOfPage\":{\"@id\":\"https:\/\/kunmedierne.dk\/thy\/to-thyboer-genvalgt-til-regionsraadet\/\"},\"wordCount\":702,\"publisher\":{\"@id\":\"https:\/\/kunmedierne.dk\/thy\/#organization\"},\"image\":{\"@id\":\"https:\/\/kunmedierne.dk\/thy\/to-thyboer-genvalgt-til-regionsraadet\/#primaryimage\"},\"thumbnailUrl\":\"https:\/\/kunmedierne.dk\/thy\/wp-content\/uploads\/sites\/2\/2025\/11\/Unavngivet-1232-x-802-px-2025-11-20T100803.782.jpg\",\"keywords\":[\"Sundhed\"],\"articleSection\":[\"Lokalt\"],\"inLanguage\":\"da-DK\"},{\"@type\":\"WebPage\",\"@id\":\"https:\/\/kunmedierne.dk\/thy\/to-thyboer-genvalgt-til-regionsraadet\/\",\"url\":\"https:\/\/kunmedierne.dk\/thy\/to-thyboer-genvalgt-til-regionsraadet\/\",\"name\":\"To thyboer genvalgt til regionsr\u00e5det - Thy\",\"isPartOf\":{\"@id\":\"https:\/\/kunmedierne.dk\/thy\/#website\"},\"primaryImageOfPage\":{\"@id\":\"https:\/\/kunmedierne.dk\/thy\/to-thyboer-genvalgt-til-regionsraadet\/#primaryimage\"},\"image\":{\"@id\":\"https:\/\/kunmedierne.dk\/thy\/to-thyboer-genvalgt-til-regionsraadet\/#primaryimage\"},\"thumbnailUrl\":\"https:\/\/kunmedierne.dk\/thy\/wp-content\/uploads\/sites\/2\/2025\/11\/Unavngivet-1232-x-802-px-2025-11-20T100803.782.jpg\",\"datePublished\":\"2025-11-20T09:01:07+00:00\",\"dateModified\":\"2025-11-20T09:44:46+00:00\",\"breadcrumb\":{\"@id\":\"https:\/\/kunmedierne.dk\/thy\/to-thyboer-genvalgt-til-regionsraadet\/#breadcrumb\"},\"inLanguage\":\"da-DK\",\"potentialAction\":[{\"@type\":\"ReadAction\",\"target\":[\"https:\/\/kunmedierne.dk\/thy\/to-thyboer-genvalgt-til-regionsraadet\/\"]}]},{\"@type\":\"ImageObject\",\"inLanguage\":\"da-DK\",\"@id\":\"https:\/\/kunmedierne.dk\/thy\/to-thyboer-genvalgt-til-regionsraadet\/#primaryimage\",\"url\":\"https:\/\/kunmedierne.dk\/thy\/wp-content\/uploads\/sites\/2\/2025\/11\/Unavngivet-1232-x-802-px-2025-11-20T100803.782.jpg\",\"contentUrl\":\"https:\/\/kunmedierne.dk\/thy\/wp-content\/uploads\/sites\/2\/2025\/11\/Unavngivet-1232-x-802-px-2025-11-20T100803.782.jpg\",\"width\":1232,\"height\":802},{\"@type\":\"BreadcrumbList\",\"@id\":\"https:\/\/kunmedierne.dk\/thy\/to-thyboer-genvalgt-til-regionsraadet\/#breadcrumb\",\"itemListElement\":[{\"@type\":\"ListItem\",\"position\":1,\"name\":\"Home\",\"item\":\"https:\/\/kunmedierne.dk\/thy\/\"},{\"@type\":\"ListItem\",\"position\":2,\"name\":\"To thyboer genvalgt til regionsr\u00e5det\"}]},{\"@type\":\"WebSite\",\"@id\":\"https:\/\/kunmedierne.dk\/thy\/#website\",\"url\":\"https:\/\/kunmedierne.dk\/thy\/\",\"name\":\"Thy\",\"description\":\"et netmedie med journalistik om livet i Thy\",\"publisher\":{\"@id\":\"https:\/\/kunmedierne.dk\/thy\/#organization\"},\"potentialAction\":[{\"@type\":\"SearchAction\",\"target\":{\"@type\":\"EntryPoint\",\"urlTemplate\":\"https:\/\/kunmedierne.dk\/thy\/?s={search_term_string}\"},\"query-input\":{\"@type\":\"PropertyValueSpecification\",\"valueRequired\":true,\"valueName\":\"search_term_string\"}}],\"inLanguage\":\"da-DK\"},{\"@type\":\"Organization\",\"@id\":\"https:\/\/kunmedierne.dk\/thy\/#organization\",\"name\":\"Thy\",\"url\":\"https:\/\/kunmedierne.dk\/thy\/\",\"logo\":{\"@type\":\"ImageObject\",\"inLanguage\":\"da-DK\",\"@id\":\"https:\/\/kunmedierne.dk\/thy\/#\/schema\/logo\/image\/\",\"url\":\"https:\/\/kunmedierne.dk\/thy\/wp-content\/uploads\/sites\/2\/2025\/04\/kunthy-logo.svg\",\"contentUrl\":\"https:\/\/kunmedierne.dk\/thy\/wp-content\/uploads\/sites\/2\/2025\/04\/kunthy-logo.svg\",\"caption\":\"Thy\"},\"image\":{\"@id\":\"https:\/\/kunmedierne.dk\/thy\/#\/schema\/logo\/image\/\"}},{\"@type\":\"Person\",\"@id\":\"https:\/\/kunmedierne.dk\/thy\/#\/schema\/person\/d266634ba6550d075ecf540d63b245d2\",\"name\":\"Lone L\u00e6rke Krog\",\"image\":{\"@type\":\"ImageObject\",\"inLanguage\":\"da-DK\",\"@id\":\"https:\/\/kunmedierne.dk\/thy\/#\/schema\/person\/image\/\",\"url\":\"https:\/\/secure.gravatar.com\/avatar\/496ddc7080e56b4ac64cfd4e56bd6d1ee396fa3db1923aa22f11346f60bb135b?s=96&d=mm&r=g\",\"contentUrl\":\"https:\/\/secure.gravatar.com\/avatar\/496ddc7080e56b4ac64cfd4e56bd6d1ee396fa3db1923aa22f11346f60bb135b?s=96&d=mm&r=g\",\"caption\":\"Lone L\u00e6rke Krog\"},\"url\":\"https:\/\/kunmedierne.dk\/thy\/author\/llk\/\"}]}<\/script>\n<!-- \/ Yoast SEO plugin. -->","yoast_head_json":{"title":"To thyboer genvalgt til regionsr\u00e5det  - Thy","robots":{"index":"index","follow":"follow","max-snippet":"max-snippet:-1","max-image-preview":"max-image-preview:large","max-video-preview":"max-video-preview:-1"},"canonical":"https:\/\/kunmedierne.dk\/thy\/to-thyboer-genvalgt-til-regionsraadet\/","og_locale":"da_DK","og_type":"article","og_title":"To thyboer genvalgt til regionsr\u00e5det  - Thy","og_description":"VALG: Thyboerne og morsingboerne har i h\u00f8j grad bakket op om deres lokale kandidater ved valget til det nye regionsr\u00e5d i Nordjylland, der tr\u00e6kker i arbejdst\u00f8jet pr. 1. januar. Hanne Korsgaard (S) blev den st\u00f8rste stemmesluger med 4360 personlige stemmer, Lina Hundeb\u00f8ll Jespersen (V) fik n\u00e6stflest (3888), men det rakte til en h\u00f8jere placering &#8211; [&hellip;]","og_url":"https:\/\/kunmedierne.dk\/thy\/to-thyboer-genvalgt-til-regionsraadet\/","og_site_name":"Thy","article_published_time":"2025-11-20T09:01:07+00:00","article_modified_time":"2025-11-20T09:44:46+00:00","og_image":[{"width":1232,"height":802,"url":"https:\/\/kunmedierne.dk\/thy\/wp-content\/uploads\/sites\/2\/2025\/11\/Unavngivet-1232-x-802-px-2025-11-20T100803.782.jpg","type":"image\/jpeg"}],"author":"Lone L\u00e6rke Krog","twitter_card":"summary_large_image","twitter_misc":{"Skrevet af":"Lone L\u00e6rke Krog","Estimeret l\u00e6setid":"4 minutter"},"schema":{"@context":"https:\/\/schema.org","@graph":[{"@type":"Article","@id":"https:\/\/kunmedierne.dk\/thy\/to-thyboer-genvalgt-til-regionsraadet\/#article","isPartOf":{"@id":"https:\/\/kunmedierne.dk\/thy\/to-thyboer-genvalgt-til-regionsraadet\/"},"author":{"name":"Lone L\u00e6rke Krog","@id":"https:\/\/kunmedierne.dk\/thy\/#\/schema\/person\/d266634ba6550d075ecf540d63b245d2"},"headline":"To thyboer genvalgt til regionsr\u00e5det","datePublished":"2025-11-20T09:01:07+00:00","dateModified":"2025-11-20T09:44:46+00:00","mainEntityOfPage":{"@id":"https:\/\/kunmedierne.dk\/thy\/to-thyboer-genvalgt-til-regionsraadet\/"},"wordCount":702,"publisher":{"@id":"https:\/\/kunmedierne.dk\/thy\/#organization"},"image":{"@id":"https:\/\/kunmedierne.dk\/thy\/to-thyboer-genvalgt-til-regionsraadet\/#primaryimage"},"thumbnailUrl":"https:\/\/kunmedierne.dk\/thy\/wp-content\/uploads\/sites\/2\/2025\/11\/Unavngivet-1232-x-802-px-2025-11-20T100803.782.jpg","keywords":["Sundhed"],"articleSection":["Lokalt"],"inLanguage":"da-DK"},{"@type":"WebPage","@id":"https:\/\/kunmedierne.dk\/thy\/to-thyboer-genvalgt-til-regionsraadet\/","url":"https:\/\/kunmedierne.dk\/thy\/to-thyboer-genvalgt-til-regionsraadet\/","name":"To thyboer genvalgt til regionsr\u00e5det - Thy","isPartOf":{"@id":"https:\/\/kunmedierne.dk\/thy\/#website"},"primaryImageOfPage":{"@id":"https:\/\/kunmedierne.dk\/thy\/to-thyboer-genvalgt-til-regionsraadet\/#primaryimage"},"image":{"@id":"https:\/\/kunmedierne.dk\/thy\/to-thyboer-genvalgt-til-regionsraadet\/#primaryimage"},"thumbnailUrl":"https:\/\/kunmedierne.dk\/thy\/wp-content\/uploads\/sites\/2\/2025\/11\/Unavngivet-1232-x-802-px-2025-11-20T100803.782.jpg","datePublished":"2025-11-20T09:01:07+00:00","dateModified":"2025-11-20T09:44:46+00:00","breadcrumb":{"@id":"https:\/\/kunmedierne.dk\/thy\/to-thyboer-genvalgt-til-regionsraadet\/#breadcrumb"},"inLanguage":"da-DK","potentialAction":[{"@type":"ReadAction","target":["https:\/\/kunmedierne.dk\/thy\/to-thyboer-genvalgt-til-regionsraadet\/"]}]},{"@type":"ImageObject","inLanguage":"da-DK","@id":"https:\/\/kunmedierne.dk\/thy\/to-thyboer-genvalgt-til-regionsraadet\/#primaryimage","url":"https:\/\/kunmedierne.dk\/thy\/wp-content\/uploads\/sites\/2\/2025\/11\/Unavngivet-1232-x-802-px-2025-11-20T100803.782.jpg","contentUrl":"https:\/\/kunmedierne.dk\/thy\/wp-content\/uploads\/sites\/2\/2025\/11\/Unavngivet-1232-x-802-px-2025-11-20T100803.782.jpg","width":1232,"height":802},{"@type":"BreadcrumbList","@id":"https:\/\/kunmedierne.dk\/thy\/to-thyboer-genvalgt-til-regionsraadet\/#breadcrumb","itemListElement":[{"@type":"ListItem","position":1,"name":"Home","item":"https:\/\/kunmedierne.dk\/thy\/"},{"@type":"ListItem","position":2,"name":"To thyboer genvalgt til regionsr\u00e5det"}]},{"@type":"WebSite","@id":"https:\/\/kunmedierne.dk\/thy\/#website","url":"https:\/\/kunmedierne.dk\/thy\/","name":"Thy","description":"et netmedie med journalistik om livet i Thy","publisher":{"@id":"https:\/\/kunmedierne.dk\/thy\/#organization"},"potentialAction":[{"@type":"SearchAction","target":{"@type":"EntryPoint","urlTemplate":"https:\/\/kunmedierne.dk\/thy\/?s={search_term_string}"},"query-input":{"@type":"PropertyValueSpecification","valueRequired":true,"valueName":"search_term_string"}}],"inLanguage":"da-DK"},{"@type":"Organization","@id":"https:\/\/kunmedierne.dk\/thy\/#organization","name":"Thy","url":"https:\/\/kunmedierne.dk\/thy\/","logo":{"@type":"ImageObject","inLanguage":"da-DK","@id":"https:\/\/kunmedierne.dk\/thy\/#\/schema\/logo\/image\/","url":"https:\/\/kunmedierne.dk\/thy\/wp-content\/uploads\/sites\/2\/2025\/04\/kunthy-logo.svg","contentUrl":"https:\/\/kunmedierne.dk\/thy\/wp-content\/uploads\/sites\/2\/2025\/04\/kunthy-logo.svg","caption":"Thy"},"image":{"@id":"https:\/\/kunmedierne.dk\/thy\/#\/schema\/logo\/image\/"}},{"@type":"Person","@id":"https:\/\/kunmedierne.dk\/thy\/#\/schema\/person\/d266634ba6550d075ecf540d63b245d2","name":"Lone L\u00e6rke Krog","image":{"@type":"ImageObject","inLanguage":"da-DK","@id":"https:\/\/kunmedierne.dk\/thy\/#\/schema\/person\/image\/","url":"https:\/\/secure.gravatar.com\/avatar\/496ddc7080e56b4ac64cfd4e56bd6d1ee396fa3db1923aa22f11346f60bb135b?s=96&d=mm&r=g","contentUrl":"https:\/\/secure.gravatar.com\/avatar\/496ddc7080e56b4ac64cfd4e56bd6d1ee396fa3db1923aa22f11346f60bb135b?s=96&d=mm&r=g","caption":"Lone L\u00e6rke Krog"},"url":"https:\/\/kunmedierne.dk\/thy\/author\/llk\/"}]}},"_links":{"self":[{"href":"https:\/\/kunmedierne.dk\/thy\/wp-json\/wp\/v2\/posts\/13563","targetHints":{"allow":["GET"]}}],"collection":[{"href":"https:\/\/kunmedierne.dk\/thy\/wp-json\/wp\/v2\/posts"}],"about":[{"href":"https:\/\/kunmedierne.dk\/thy\/wp-json\/wp\/v2\/types\/post"}],"author":[{"embeddable":true,"href":"https:\/\/kunmedierne.dk\/thy\/wp-json\/wp\/v2\/users\/1925"}],"replies":[{"embeddable":true,"href":"https:\/\/kunmedierne.dk\/thy\/wp-json\/wp\/v2\/comments?post=13563"}],"version-history":[{"count":8,"href":"https:\/\/kunmedierne.dk\/thy\/wp-json\/wp\/v2\/posts\/13563\/revisions"}],"predecessor-version":[{"id":13584,"href":"https:\/\/kunmedierne.dk\/thy\/wp-json\/wp\/v2\/posts\/13563\/revisions\/13584"}],"wp:attachment":[{"href":"https:\/\/kunmedierne.dk\/thy\/wp-json\/wp\/v2\/media?parent=13563"}],"wp:term":[{"taxonomy":"category","embeddable":true,"href":"https:\/\/kunmedierne.dk\/thy\/wp-json\/wp\/v2\/categories?post=13563"},{"taxonomy":"post_tag","embeddable":true,"href":"https:\/\/kunmedierne.dk\/thy\/wp-json\/wp\/v2\/tags?post=13563"}],"curies":[{"name":"wp","href":"https:\/\/api.w.org\/{rel}","templated":true}]}}