{"id":13546,"date":"2025-11-19T16:58:32","date_gmt":"2025-11-19T15:58:32","guid":{"rendered":"https:\/\/kunmedierne.dk\/thy\/?p=13546"},"modified":"2025-11-19T16:58:32","modified_gmt":"2025-11-19T15:58:32","slug":"saa-er-der-sat-navne-paa-det-nye-aeldre-og-seniorraad","status":"publish","type":"post","link":"https:\/\/kunmedierne.dk\/thy\/saa-er-der-sat-navne-paa-det-nye-aeldre-og-seniorraad\/","title":{"rendered":"S\u00e5 er der sat navne p\u00e5 det nye \u00e6ldre- og seniorr\u00e5d"},"content":{"rendered":"<p><strong>THY:<\/strong> Forventningen var, at stemmeprocenten til valget til \u00e6ldre- og seniorr\u00e5det i Thisted Kommune denne gang blev h\u00f8jere end da der sidste var valg til r\u00e5det for fire \u00e5r siden.<\/p>\n<a class=\"dvrt-link\" onClick=\"cdmtrack_click(1130,jQuery(this));return false\" href=\"https:\/\/www.thistedforsikring.dk\/?utm_source=partnerskaber&amp;utm_campaign=kun_thy\"><img decoding=\"async\" style=\"width:100%;\" src=\"https:\/\/kunmedierne.dk\/thy\/wp-content\/uploads\/sites\/2\/2025\/04\/260409KunThyThisted-For-1.png\"><\/a><script>cdmtrack_view(1130);<\/script>\n<p>Det skyldes, at der i \u00e5r for f\u00f8rste gang var mulighed for at stemme ved s\u00e5kaldt fremm\u00f8devalg fordi der p\u00e5 kommunens 15 valgsteder b\u00e5de kunne stemmes til kommunal- og regionsr\u00e5dsvalgene og til \u00e6ldrer\u00e5det.<\/p>\n<p>Men virkeligheden viste, at stemmeprocenten til valget til \u00e6ldre- og seniorr\u00e5det blev p\u00e5 38, hvor den i 2021, da der ikke var fremm\u00f8devalg, l\u00e5 p\u00e5 32 procent.<\/p>\n<p>&#8211; Det er skuffende, siger Eskild Boeskov, formand for det afg\u00e5ende \u00e6ldre- og seniorr\u00e5d, som har k\u00e6mpet for at f\u00e5 indf\u00f8rt fremm\u00f8devalg netop for at f\u00e5 flere plus 60-\u00e5rige til at deltage i valget til r\u00e5det.<\/p>\n<div id=\"attachment_13459\" style=\"width: 1242px\" class=\"wp-caption alignnone\"><img loading=\"lazy\" decoding=\"async\" aria-describedby=\"caption-attachment-13459\" class=\"wp-image-13459 size-full\" src=\"https:\/\/kunmedierne.dk\/thy\/wp-content\/uploads\/sites\/2\/2025\/11\/Design-uden-navn-2025-11-18T163808.998.jpg\" alt=\"\" width=\"1232\" height=\"821\" srcset=\"https:\/\/kunmedierne.dk\/thy\/wp-content\/uploads\/sites\/2\/2025\/11\/Design-uden-navn-2025-11-18T163808.998.jpg 1232w, https:\/\/kunmedierne.dk\/thy\/wp-content\/uploads\/sites\/2\/2025\/11\/Design-uden-navn-2025-11-18T163808.998-300x200.jpg 300w, https:\/\/kunmedierne.dk\/thy\/wp-content\/uploads\/sites\/2\/2025\/11\/Design-uden-navn-2025-11-18T163808.998-1024x682.jpg 1024w, https:\/\/kunmedierne.dk\/thy\/wp-content\/uploads\/sites\/2\/2025\/11\/Design-uden-navn-2025-11-18T163808.998-510x340.jpg 510w\" sizes=\"auto, (max-width: 1232px) 100vw, 1232px\" \/><p id=\"caption-attachment-13459\" class=\"wp-caption-text\">I \u00e5r kunne der for f\u00f8rste gang stemmes ved fremm\u00f8devalg til \u00e6ldre- og seniorr\u00e5det, men den mulighed fik ikke den forventede effekt p\u00e5 stemmeprocenten. Foto: Jens Fogh-Andersen.<\/p><\/div>\n<p>&nbsp;<\/p>\n<p>&#8211; I andre kommuner, hvor der er fremm\u00f8devalg, har stemmeprocenten v\u00e6ret h\u00f8jere, s\u00e5 nu skal vi sammen med kommunen fors\u00f8ge at finde en forklaring p\u00e5, hvorfor det ikke har v\u00e6ret tilf\u00e6ldet her, siger Eskild Boeskov.<\/p>\n<p>Han h\u00e6lder selv til, at de, der tidligere stemte til \u00e6ldre- og seniorr\u00e5det ved at stemme via et link fra deres egen computer, denne gang har valgt at stemme, n\u00e5r de alligevel har v\u00e6ret p\u00e5 deres valgsted for at stemme til kommunal- og regionsvalget.<\/p>\n<a class=\"dvrt-link\" onClick=\"cdmtrack_click(1130,jQuery(this));return false\" href=\"https:\/\/www.thistedforsikring.dk\/?utm_source=partnerskaber&amp;utm_campaign=kun_thy\"><img decoding=\"async\" style=\"width:100%;\" src=\"https:\/\/kunmedierne.dk\/thy\/wp-content\/uploads\/sites\/2\/2025\/04\/260409KunThyThisted-For-1.png\"><\/a><script>cdmtrack_view(1130);<\/script>\n<p>Men de, der har stemt til \u00e6ldre- og seniorr\u00e5det, har nu valgt de 11, der skal sidde i r\u00e5det fra \u00e5rsskiftet og fire \u00e5r frem. Fem er medlemmer af det nuv\u00e6rende \u00e6ldrer\u00e5d, seks er nyvalgte.<\/p>\n<p>De nyvalgte er Anne Diemer Kj\u00e6r Larsen, Anne Marie Hansen, Dorte Overgaard, Jens Otto Nystrup, Steen Stoltenberg og Dorte M\u00f8ller Pedersen.<\/p>\n<p>Der er genvalg til Carl Christian Larsen, Bente Stensgaard Homann, Eskild Boeskov, Ole Christensen og Irene Pedersen.<\/p>\n<p>Anders N\u00f8rgaard Jacobsen, Jette Mejlholm, Susanne Kloster og Ingrid Solveig Langkj\u00e6r er valgt som stedfortr\u00e6dere til \u00e6ldre- og seniorr\u00e5det.<\/p>\n<p>Det nye \u00e6ldrer\u00e5d konstituerer sig i januar.<\/p>\n","protected":false},"excerpt":{"rendered":"<p>THY: Forventningen var, at stemmeprocenten til valget til \u00e6ldre- og seniorr\u00e5det i Thisted Kommune denne gang blev h\u00f8jere end da der sidste var valg til r\u00e5det for fire \u00e5r siden. Det skyldes, at der i \u00e5r for f\u00f8rste gang var mulighed for at stemme ved s\u00e5kaldt fremm\u00f8devalg fordi der p\u00e5 kommunens 15 valgsteder b\u00e5de kunne [&hellip;]<\/p>\n","protected":false},"author":4535,"featured_media":0,"comment_status":"closed","ping_status":"closed","sticky":false,"template":"","format":"standard","meta":{"_acf_changed":false,"footnotes":""},"categories":[24],"tags":[89],"class_list":["post-13546","post","type-post","status-publish","format-standard","hentry","category-lokalt","tag-kommunalvalg"],"acf":[],"yoast_head":"<!-- This site is optimized with the Yoast SEO plugin v26.8 - https:\/\/yoast.com\/product\/yoast-seo-wordpress\/ -->\n<title>S\u00e5 er der sat navne p\u00e5 det nye \u00e6ldre- og seniorr\u00e5d - Thy<\/title>\n<meta name=\"robots\" content=\"index, follow, max-snippet:-1, max-image-preview:large, max-video-preview:-1\" \/>\n<link rel=\"canonical\" href=\"https:\/\/kunmedierne.dk\/thy\/saa-er-der-sat-navne-paa-det-nye-aeldre-og-seniorraad\/\" \/>\n<meta property=\"og:locale\" content=\"da_DK\" \/>\n<meta property=\"og:type\" content=\"article\" \/>\n<meta property=\"og:title\" content=\"S\u00e5 er der sat navne p\u00e5 det nye \u00e6ldre- og seniorr\u00e5d - Thy\" \/>\n<meta property=\"og:description\" content=\"THY: Forventningen var, at stemmeprocenten til valget til \u00e6ldre- og seniorr\u00e5det i Thisted Kommune denne gang blev h\u00f8jere end da der sidste var valg til r\u00e5det for fire \u00e5r siden. Det skyldes, at der i \u00e5r for f\u00f8rste gang var mulighed for at stemme ved s\u00e5kaldt fremm\u00f8devalg fordi der p\u00e5 kommunens 15 valgsteder b\u00e5de kunne [&hellip;]\" \/>\n<meta property=\"og:url\" content=\"https:\/\/kunmedierne.dk\/thy\/saa-er-der-sat-navne-paa-det-nye-aeldre-og-seniorraad\/\" \/>\n<meta property=\"og:site_name\" content=\"Thy\" \/>\n<meta property=\"article:published_time\" content=\"2025-11-19T15:58:32+00:00\" \/>\n<meta property=\"og:image\" content=\"https:\/\/kunmedierne.dk\/thy\/wp-content\/uploads\/sites\/2\/2025\/11\/Design-uden-navn-2025-11-18T163808.998.jpg\" \/>\n<meta name=\"author\" content=\"Jens Fogh Andersen\" \/>\n<meta name=\"twitter:card\" content=\"summary_large_image\" \/>\n<meta name=\"twitter:label1\" content=\"Skrevet af\" \/>\n\t<meta name=\"twitter:data1\" content=\"Jens Fogh Andersen\" \/>\n\t<meta name=\"twitter:label2\" content=\"Estimeret l\u00e6setid\" \/>\n\t<meta name=\"twitter:data2\" content=\"3 minutter\" \/>\n<script type=\"application\/ld+json\" class=\"yoast-schema-graph\">{\"@context\":\"https:\/\/schema.org\",\"@graph\":[{\"@type\":\"Article\",\"@id\":\"https:\/\/kunmedierne.dk\/thy\/saa-er-der-sat-navne-paa-det-nye-aeldre-og-seniorraad\/#article\",\"isPartOf\":{\"@id\":\"https:\/\/kunmedierne.dk\/thy\/saa-er-der-sat-navne-paa-det-nye-aeldre-og-seniorraad\/\"},\"author\":{\"name\":\"Jens Fogh Andersen\",\"@id\":\"https:\/\/kunmedierne.dk\/thy\/#\/schema\/person\/88f5be46809ca2a5533760eb574fef93\"},\"headline\":\"S\u00e5 er der sat navne p\u00e5 det nye \u00e6ldre- og seniorr\u00e5d\",\"datePublished\":\"2025-11-19T15:58:32+00:00\",\"mainEntityOfPage\":{\"@id\":\"https:\/\/kunmedierne.dk\/thy\/saa-er-der-sat-navne-paa-det-nye-aeldre-og-seniorraad\/\"},\"wordCount\":392,\"publisher\":{\"@id\":\"https:\/\/kunmedierne.dk\/thy\/#organization\"},\"image\":{\"@id\":\"https:\/\/kunmedierne.dk\/thy\/saa-er-der-sat-navne-paa-det-nye-aeldre-og-seniorraad\/#primaryimage\"},\"thumbnailUrl\":\"https:\/\/kunmedierne.dk\/thy\/wp-content\/uploads\/sites\/2\/2025\/11\/Design-uden-navn-2025-11-18T163808.998.jpg\",\"keywords\":[\"Kommunalvalg\"],\"articleSection\":[\"Lokalt\"],\"inLanguage\":\"da-DK\"},{\"@type\":\"WebPage\",\"@id\":\"https:\/\/kunmedierne.dk\/thy\/saa-er-der-sat-navne-paa-det-nye-aeldre-og-seniorraad\/\",\"url\":\"https:\/\/kunmedierne.dk\/thy\/saa-er-der-sat-navne-paa-det-nye-aeldre-og-seniorraad\/\",\"name\":\"S\u00e5 er der sat navne p\u00e5 det nye \u00e6ldre- og seniorr\u00e5d - Thy\",\"isPartOf\":{\"@id\":\"https:\/\/kunmedierne.dk\/thy\/#website\"},\"primaryImageOfPage\":{\"@id\":\"https:\/\/kunmedierne.dk\/thy\/saa-er-der-sat-navne-paa-det-nye-aeldre-og-seniorraad\/#primaryimage\"},\"image\":{\"@id\":\"https:\/\/kunmedierne.dk\/thy\/saa-er-der-sat-navne-paa-det-nye-aeldre-og-seniorraad\/#primaryimage\"},\"thumbnailUrl\":\"https:\/\/kunmedierne.dk\/thy\/wp-content\/uploads\/sites\/2\/2025\/11\/Design-uden-navn-2025-11-18T163808.998.jpg\",\"datePublished\":\"2025-11-19T15:58:32+00:00\",\"breadcrumb\":{\"@id\":\"https:\/\/kunmedierne.dk\/thy\/saa-er-der-sat-navne-paa-det-nye-aeldre-og-seniorraad\/#breadcrumb\"},\"inLanguage\":\"da-DK\",\"potentialAction\":[{\"@type\":\"ReadAction\",\"target\":[\"https:\/\/kunmedierne.dk\/thy\/saa-er-der-sat-navne-paa-det-nye-aeldre-og-seniorraad\/\"]}]},{\"@type\":\"ImageObject\",\"inLanguage\":\"da-DK\",\"@id\":\"https:\/\/kunmedierne.dk\/thy\/saa-er-der-sat-navne-paa-det-nye-aeldre-og-seniorraad\/#primaryimage\",\"url\":\"https:\/\/kunmedierne.dk\/thy\/wp-content\/uploads\/sites\/2\/2025\/11\/Design-uden-navn-2025-11-18T163808.998.jpg\",\"contentUrl\":\"https:\/\/kunmedierne.dk\/thy\/wp-content\/uploads\/sites\/2\/2025\/11\/Design-uden-navn-2025-11-18T163808.998.jpg\",\"width\":1232,\"height\":821},{\"@type\":\"BreadcrumbList\",\"@id\":\"https:\/\/kunmedierne.dk\/thy\/saa-er-der-sat-navne-paa-det-nye-aeldre-og-seniorraad\/#breadcrumb\",\"itemListElement\":[{\"@type\":\"ListItem\",\"position\":1,\"name\":\"Home\",\"item\":\"https:\/\/kunmedierne.dk\/thy\/\"},{\"@type\":\"ListItem\",\"position\":2,\"name\":\"S\u00e5 er der sat navne p\u00e5 det nye \u00e6ldre- og seniorr\u00e5d\"}]},{\"@type\":\"WebSite\",\"@id\":\"https:\/\/kunmedierne.dk\/thy\/#website\",\"url\":\"https:\/\/kunmedierne.dk\/thy\/\",\"name\":\"Thy\",\"description\":\"et netmedie med journalistik om livet i Thy\",\"publisher\":{\"@id\":\"https:\/\/kunmedierne.dk\/thy\/#organization\"},\"potentialAction\":[{\"@type\":\"SearchAction\",\"target\":{\"@type\":\"EntryPoint\",\"urlTemplate\":\"https:\/\/kunmedierne.dk\/thy\/?s={search_term_string}\"},\"query-input\":{\"@type\":\"PropertyValueSpecification\",\"valueRequired\":true,\"valueName\":\"search_term_string\"}}],\"inLanguage\":\"da-DK\"},{\"@type\":\"Organization\",\"@id\":\"https:\/\/kunmedierne.dk\/thy\/#organization\",\"name\":\"Thy\",\"url\":\"https:\/\/kunmedierne.dk\/thy\/\",\"logo\":{\"@type\":\"ImageObject\",\"inLanguage\":\"da-DK\",\"@id\":\"https:\/\/kunmedierne.dk\/thy\/#\/schema\/logo\/image\/\",\"url\":\"https:\/\/kunmedierne.dk\/thy\/wp-content\/uploads\/sites\/2\/2025\/04\/kunthy-logo.svg\",\"contentUrl\":\"https:\/\/kunmedierne.dk\/thy\/wp-content\/uploads\/sites\/2\/2025\/04\/kunthy-logo.svg\",\"caption\":\"Thy\"},\"image\":{\"@id\":\"https:\/\/kunmedierne.dk\/thy\/#\/schema\/logo\/image\/\"}},{\"@type\":\"Person\",\"@id\":\"https:\/\/kunmedierne.dk\/thy\/#\/schema\/person\/88f5be46809ca2a5533760eb574fef93\",\"name\":\"Jens Fogh Andersen\",\"image\":{\"@type\":\"ImageObject\",\"inLanguage\":\"da-DK\",\"@id\":\"https:\/\/kunmedierne.dk\/thy\/#\/schema\/person\/image\/\",\"url\":\"https:\/\/secure.gravatar.com\/avatar\/2b367a4ef139b1c41dccc9ee7af926b81f8b4cca3359772e86c7fd5ced26c0a3?s=96&d=mm&r=g\",\"contentUrl\":\"https:\/\/secure.gravatar.com\/avatar\/2b367a4ef139b1c41dccc9ee7af926b81f8b4cca3359772e86c7fd5ced26c0a3?s=96&d=mm&r=g\",\"caption\":\"Jens Fogh Andersen\"},\"url\":\"https:\/\/kunmedierne.dk\/thy\/author\/jfa\/\"}]}<\/script>\n<!-- \/ Yoast SEO plugin. -->","yoast_head_json":{"title":"S\u00e5 er der sat navne p\u00e5 det nye \u00e6ldre- og seniorr\u00e5d - Thy","robots":{"index":"index","follow":"follow","max-snippet":"max-snippet:-1","max-image-preview":"max-image-preview:large","max-video-preview":"max-video-preview:-1"},"canonical":"https:\/\/kunmedierne.dk\/thy\/saa-er-der-sat-navne-paa-det-nye-aeldre-og-seniorraad\/","og_locale":"da_DK","og_type":"article","og_title":"S\u00e5 er der sat navne p\u00e5 det nye \u00e6ldre- og seniorr\u00e5d - Thy","og_description":"THY: Forventningen var, at stemmeprocenten til valget til \u00e6ldre- og seniorr\u00e5det i Thisted Kommune denne gang blev h\u00f8jere end da der sidste var valg til r\u00e5det for fire \u00e5r siden. Det skyldes, at der i \u00e5r for f\u00f8rste gang var mulighed for at stemme ved s\u00e5kaldt fremm\u00f8devalg fordi der p\u00e5 kommunens 15 valgsteder b\u00e5de kunne [&hellip;]","og_url":"https:\/\/kunmedierne.dk\/thy\/saa-er-der-sat-navne-paa-det-nye-aeldre-og-seniorraad\/","og_site_name":"Thy","article_published_time":"2025-11-19T15:58:32+00:00","og_image":[{"url":"https:\/\/kunmedierne.dk\/thy\/wp-content\/uploads\/sites\/2\/2025\/11\/Design-uden-navn-2025-11-18T163808.998.jpg","type":"","width":"","height":""}],"author":"Jens Fogh Andersen","twitter_card":"summary_large_image","twitter_misc":{"Skrevet af":"Jens Fogh Andersen","Estimeret l\u00e6setid":"3 minutter"},"schema":{"@context":"https:\/\/schema.org","@graph":[{"@type":"Article","@id":"https:\/\/kunmedierne.dk\/thy\/saa-er-der-sat-navne-paa-det-nye-aeldre-og-seniorraad\/#article","isPartOf":{"@id":"https:\/\/kunmedierne.dk\/thy\/saa-er-der-sat-navne-paa-det-nye-aeldre-og-seniorraad\/"},"author":{"name":"Jens Fogh Andersen","@id":"https:\/\/kunmedierne.dk\/thy\/#\/schema\/person\/88f5be46809ca2a5533760eb574fef93"},"headline":"S\u00e5 er der sat navne p\u00e5 det nye \u00e6ldre- og seniorr\u00e5d","datePublished":"2025-11-19T15:58:32+00:00","mainEntityOfPage":{"@id":"https:\/\/kunmedierne.dk\/thy\/saa-er-der-sat-navne-paa-det-nye-aeldre-og-seniorraad\/"},"wordCount":392,"publisher":{"@id":"https:\/\/kunmedierne.dk\/thy\/#organization"},"image":{"@id":"https:\/\/kunmedierne.dk\/thy\/saa-er-der-sat-navne-paa-det-nye-aeldre-og-seniorraad\/#primaryimage"},"thumbnailUrl":"https:\/\/kunmedierne.dk\/thy\/wp-content\/uploads\/sites\/2\/2025\/11\/Design-uden-navn-2025-11-18T163808.998.jpg","keywords":["Kommunalvalg"],"articleSection":["Lokalt"],"inLanguage":"da-DK"},{"@type":"WebPage","@id":"https:\/\/kunmedierne.dk\/thy\/saa-er-der-sat-navne-paa-det-nye-aeldre-og-seniorraad\/","url":"https:\/\/kunmedierne.dk\/thy\/saa-er-der-sat-navne-paa-det-nye-aeldre-og-seniorraad\/","name":"S\u00e5 er der sat navne p\u00e5 det nye \u00e6ldre- og seniorr\u00e5d - Thy","isPartOf":{"@id":"https:\/\/kunmedierne.dk\/thy\/#website"},"primaryImageOfPage":{"@id":"https:\/\/kunmedierne.dk\/thy\/saa-er-der-sat-navne-paa-det-nye-aeldre-og-seniorraad\/#primaryimage"},"image":{"@id":"https:\/\/kunmedierne.dk\/thy\/saa-er-der-sat-navne-paa-det-nye-aeldre-og-seniorraad\/#primaryimage"},"thumbnailUrl":"https:\/\/kunmedierne.dk\/thy\/wp-content\/uploads\/sites\/2\/2025\/11\/Design-uden-navn-2025-11-18T163808.998.jpg","datePublished":"2025-11-19T15:58:32+00:00","breadcrumb":{"@id":"https:\/\/kunmedierne.dk\/thy\/saa-er-der-sat-navne-paa-det-nye-aeldre-og-seniorraad\/#breadcrumb"},"inLanguage":"da-DK","potentialAction":[{"@type":"ReadAction","target":["https:\/\/kunmedierne.dk\/thy\/saa-er-der-sat-navne-paa-det-nye-aeldre-og-seniorraad\/"]}]},{"@type":"ImageObject","inLanguage":"da-DK","@id":"https:\/\/kunmedierne.dk\/thy\/saa-er-der-sat-navne-paa-det-nye-aeldre-og-seniorraad\/#primaryimage","url":"https:\/\/kunmedierne.dk\/thy\/wp-content\/uploads\/sites\/2\/2025\/11\/Design-uden-navn-2025-11-18T163808.998.jpg","contentUrl":"https:\/\/kunmedierne.dk\/thy\/wp-content\/uploads\/sites\/2\/2025\/11\/Design-uden-navn-2025-11-18T163808.998.jpg","width":1232,"height":821},{"@type":"BreadcrumbList","@id":"https:\/\/kunmedierne.dk\/thy\/saa-er-der-sat-navne-paa-det-nye-aeldre-og-seniorraad\/#breadcrumb","itemListElement":[{"@type":"ListItem","position":1,"name":"Home","item":"https:\/\/kunmedierne.dk\/thy\/"},{"@type":"ListItem","position":2,"name":"S\u00e5 er der sat navne p\u00e5 det nye \u00e6ldre- og seniorr\u00e5d"}]},{"@type":"WebSite","@id":"https:\/\/kunmedierne.dk\/thy\/#website","url":"https:\/\/kunmedierne.dk\/thy\/","name":"Thy","description":"et netmedie med journalistik om livet i Thy","publisher":{"@id":"https:\/\/kunmedierne.dk\/thy\/#organization"},"potentialAction":[{"@type":"SearchAction","target":{"@type":"EntryPoint","urlTemplate":"https:\/\/kunmedierne.dk\/thy\/?s={search_term_string}"},"query-input":{"@type":"PropertyValueSpecification","valueRequired":true,"valueName":"search_term_string"}}],"inLanguage":"da-DK"},{"@type":"Organization","@id":"https:\/\/kunmedierne.dk\/thy\/#organization","name":"Thy","url":"https:\/\/kunmedierne.dk\/thy\/","logo":{"@type":"ImageObject","inLanguage":"da-DK","@id":"https:\/\/kunmedierne.dk\/thy\/#\/schema\/logo\/image\/","url":"https:\/\/kunmedierne.dk\/thy\/wp-content\/uploads\/sites\/2\/2025\/04\/kunthy-logo.svg","contentUrl":"https:\/\/kunmedierne.dk\/thy\/wp-content\/uploads\/sites\/2\/2025\/04\/kunthy-logo.svg","caption":"Thy"},"image":{"@id":"https:\/\/kunmedierne.dk\/thy\/#\/schema\/logo\/image\/"}},{"@type":"Person","@id":"https:\/\/kunmedierne.dk\/thy\/#\/schema\/person\/88f5be46809ca2a5533760eb574fef93","name":"Jens Fogh Andersen","image":{"@type":"ImageObject","inLanguage":"da-DK","@id":"https:\/\/kunmedierne.dk\/thy\/#\/schema\/person\/image\/","url":"https:\/\/secure.gravatar.com\/avatar\/2b367a4ef139b1c41dccc9ee7af926b81f8b4cca3359772e86c7fd5ced26c0a3?s=96&d=mm&r=g","contentUrl":"https:\/\/secure.gravatar.com\/avatar\/2b367a4ef139b1c41dccc9ee7af926b81f8b4cca3359772e86c7fd5ced26c0a3?s=96&d=mm&r=g","caption":"Jens Fogh Andersen"},"url":"https:\/\/kunmedierne.dk\/thy\/author\/jfa\/"}]}},"_links":{"self":[{"href":"https:\/\/kunmedierne.dk\/thy\/wp-json\/wp\/v2\/posts\/13546","targetHints":{"allow":["GET"]}}],"collection":[{"href":"https:\/\/kunmedierne.dk\/thy\/wp-json\/wp\/v2\/posts"}],"about":[{"href":"https:\/\/kunmedierne.dk\/thy\/wp-json\/wp\/v2\/types\/post"}],"author":[{"embeddable":true,"href":"https:\/\/kunmedierne.dk\/thy\/wp-json\/wp\/v2\/users\/4535"}],"replies":[{"embeddable":true,"href":"https:\/\/kunmedierne.dk\/thy\/wp-json\/wp\/v2\/comments?post=13546"}],"version-history":[{"count":7,"href":"https:\/\/kunmedierne.dk\/thy\/wp-json\/wp\/v2\/posts\/13546\/revisions"}],"predecessor-version":[{"id":13554,"href":"https:\/\/kunmedierne.dk\/thy\/wp-json\/wp\/v2\/posts\/13546\/revisions\/13554"}],"wp:attachment":[{"href":"https:\/\/kunmedierne.dk\/thy\/wp-json\/wp\/v2\/media?parent=13546"}],"wp:term":[{"taxonomy":"category","embeddable":true,"href":"https:\/\/kunmedierne.dk\/thy\/wp-json\/wp\/v2\/categories?post=13546"},{"taxonomy":"post_tag","embeddable":true,"href":"https:\/\/kunmedierne.dk\/thy\/wp-json\/wp\/v2\/tags?post=13546"}],"curies":[{"name":"wp","href":"https:\/\/api.w.org\/{rel}","templated":true}]}}