{"id":13533,"date":"2025-11-19T14:43:51","date_gmt":"2025-11-19T13:43:51","guid":{"rendered":"https:\/\/kunmedierne.dk\/thy\/?p=13533"},"modified":"2025-11-19T14:43:51","modified_gmt":"2025-11-19T13:43:51","slug":"vinderne-tog-det-hele-og-henviser-socialdemokratiet-til-en-plads-paa-sidelinjen","status":"publish","type":"post","link":"https:\/\/kunmedierne.dk\/thy\/vinderne-tog-det-hele-og-henviser-socialdemokratiet-til-en-plads-paa-sidelinjen\/","title":{"rendered":"Vinderne tog det hele og henviser Socialdemokratiet til en plads p\u00e5 sidelinjen"},"content":{"rendered":"<p><strong>THISTED:<\/strong> Klokken var hen ad halv to natten til onsdag, da Niels J\u00f8rgen Pedersen, V, meddelte, at han er kommunens borgmester i de kommende fire \u00e5r med opbakning fra De Konservative, Danmarksdemokraterne og Liberal Alliance. Tilsammen har de fire partier 16 af kommunalbestyrelsens 27 mandater.<\/p>\n<a class=\"dvrt-link\" onClick=\"cdmtrack_click(18790,jQuery(this));return false\" href=\"https:\/\/thymors.dk\/sponsorater\/15-til-faellesskabet?utm_source=kunthy&amp;utm_medium=annonce&amp;utm_campaign=sponsorater\"><img decoding=\"async\" style=\"width:100%;\" src=\"https:\/\/kunmedierne.dk\/thy\/wp-content\/uploads\/sites\/2\/2026\/03\/260407ThyMors-energi_faellesskab_generel-1.jpg\"><\/a><script>cdmtrack_view(18790);<\/script>\n<p>&#8211; Vi har valgt at udnytte det massive flertal, som vi fik. Og n\u00e5r vi har et valgforbund mellem V, K, DD og LA skal vi alle v\u00e6re enige, og vi havde skabelonen til den aftale, som nu er en realitet, siger Niels J\u00f8rgen Pedersen om \u00e5rsagen til, at Ulla Vestergaard, S, ikke var inviteret til reelle forhandlinger. Hun havde under de timelange forhandlinger v\u00e6ret til et kortvarigt orienteringsm\u00f8de, men var ellers henvist til tilskuerens rolle.<\/p>\n<div id=\"attachment_13517\" style=\"width: 1242px\" class=\"wp-caption alignnone\"><img loading=\"lazy\" decoding=\"async\" aria-describedby=\"caption-attachment-13517\" class=\"wp-image-13517 size-full\" src=\"https:\/\/kunmedierne.dk\/thy\/wp-content\/uploads\/sites\/2\/2025\/11\/Design-uden-navn-2025-11-19T015603.577.jpg\" alt=\"\" width=\"1232\" height=\"821\" srcset=\"https:\/\/kunmedierne.dk\/thy\/wp-content\/uploads\/sites\/2\/2025\/11\/Design-uden-navn-2025-11-19T015603.577.jpg 1232w, https:\/\/kunmedierne.dk\/thy\/wp-content\/uploads\/sites\/2\/2025\/11\/Design-uden-navn-2025-11-19T015603.577-300x200.jpg 300w, https:\/\/kunmedierne.dk\/thy\/wp-content\/uploads\/sites\/2\/2025\/11\/Design-uden-navn-2025-11-19T015603.577-1024x682.jpg 1024w, https:\/\/kunmedierne.dk\/thy\/wp-content\/uploads\/sites\/2\/2025\/11\/Design-uden-navn-2025-11-19T015603.577-510x340.jpg 510w\" sizes=\"auto, (max-width: 1232px) 100vw, 1232px\" \/><p id=\"caption-attachment-13517\" class=\"wp-caption-text\">Niels J\u00f8rgen Pedersen, V, tv., forts\u00e6tter som borgmester med st\u00f8tte fra Liberal Alliance, De Konservative og Danmarksdemokraterne &#8211; de tre partiers spidskandidater er Peter Larsen, Torben Overgaard og Dorrit K\u00e6rgaard. Foto: Jens Fogh-Andersen<\/p><\/div>\n<p>&nbsp;<\/p>\n<p>&#8211; Jeg synes faktisk, det er lidt bekymrende for vores kommune, at vi slet ikke kommer ind i reel forhandling. At vi kun kommer ind til en orientering og finder ud af, at de sidste s\u00f8m bare skal sl\u00e5s i. Jeg er forundret over, at man er s\u00e5 bl\u00e5, l\u00f8d det fra Ulla Vestergaard, da hun kom ud fra orienteringen.<\/p>\n<p>&#8211; Nu skal vi s\u00e5 tage stilling til, hvordan vi skal v\u00e6re opposition fremover, tilf\u00f8jede hun.<\/p>\n<p>Socialdemokratiet mistede to mandater og har syv pladser i den nye kommunalbestyrelse, men trods tilbagegangen havde Ulla Vestergaard forventet at blive kaldt til forhandlinger.<\/p>\n<div id=\"attachment_13500\" style=\"width: 1242px\" class=\"wp-caption alignnone\"><img loading=\"lazy\" decoding=\"async\" aria-describedby=\"caption-attachment-13500\" class=\"wp-image-13500 size-full\" src=\"https:\/\/kunmedierne.dk\/thy\/wp-content\/uploads\/sites\/2\/2025\/11\/Unavngivet-1232-x-802-px-2025-11-18T235339.762.jpg\" alt=\"\" width=\"1232\" height=\"802\" srcset=\"https:\/\/kunmedierne.dk\/thy\/wp-content\/uploads\/sites\/2\/2025\/11\/Unavngivet-1232-x-802-px-2025-11-18T235339.762.jpg 1232w, https:\/\/kunmedierne.dk\/thy\/wp-content\/uploads\/sites\/2\/2025\/11\/Unavngivet-1232-x-802-px-2025-11-18T235339.762-300x195.jpg 300w, https:\/\/kunmedierne.dk\/thy\/wp-content\/uploads\/sites\/2\/2025\/11\/Unavngivet-1232-x-802-px-2025-11-18T235339.762-1024x667.jpg 1024w, https:\/\/kunmedierne.dk\/thy\/wp-content\/uploads\/sites\/2\/2025\/11\/Unavngivet-1232-x-802-px-2025-11-18T235339.762-510x332.jpg 510w\" sizes=\"auto, (max-width: 1232px) 100vw, 1232px\" \/><p id=\"caption-attachment-13500\" class=\"wp-caption-text\">Bortset fra en kort orientering blev Ulla Vestergaard og Socialdemokraterne ikke budt indenfor til forhandling. Foto: Lone Krog<\/p><\/div>\n<p>&nbsp;<\/p>\n<p>&#8211; Hvis vi ikke f\u00e5r et bud, vil det v\u00e6re decideret uartigt. Vi har syv mandater og er det st\u00f8rste parti, s\u00e5 det ville ikke v\u00e6re ok, hvis vi ikke fik mulighed for at komme ind og snakke, sagde hun kort f\u00f8r midnat p\u00e5 valgaftenen.<\/p>\n<a class=\"dvrt-link\" onClick=\"cdmtrack_click(689,jQuery(this));return false\" href=\"https:\/\/www.thistedbolig.dk\"><img decoding=\"async\" style=\"width:100%;\" src=\"https:\/\/kunmedierne.dk\/thy\/wp-content\/uploads\/sites\/2\/2025\/03\/260414ThistedBoligApril-opslag-002-1.jpg\"><\/a><script>cdmtrack_view(689);<\/script>\n<p>Mens Socialdemokratiet blev holdt udenfor, r\u00f8g andre helt ud. Thy Borgerlige mister den nuv\u00e6rende plads i kommunalbestyrelsen. Det stod klart for partiets spids Brian Nielsen ved 23-tiden tirsdag aften.<\/p>\n<div id=\"attachment_13498\" style=\"width: 1242px\" class=\"wp-caption alignnone\"><img loading=\"lazy\" decoding=\"async\" aria-describedby=\"caption-attachment-13498\" class=\"wp-image-13498 size-full\" src=\"https:\/\/kunmedierne.dk\/thy\/wp-content\/uploads\/sites\/2\/2025\/11\/Design-uden-navn-2025-11-18T225124.910.jpg\" alt=\"\" width=\"1232\" height=\"821\" srcset=\"https:\/\/kunmedierne.dk\/thy\/wp-content\/uploads\/sites\/2\/2025\/11\/Design-uden-navn-2025-11-18T225124.910.jpg 1232w, https:\/\/kunmedierne.dk\/thy\/wp-content\/uploads\/sites\/2\/2025\/11\/Design-uden-navn-2025-11-18T225124.910-300x200.jpg 300w, https:\/\/kunmedierne.dk\/thy\/wp-content\/uploads\/sites\/2\/2025\/11\/Design-uden-navn-2025-11-18T225124.910-1024x682.jpg 1024w, https:\/\/kunmedierne.dk\/thy\/wp-content\/uploads\/sites\/2\/2025\/11\/Design-uden-navn-2025-11-18T225124.910-510x340.jpg 510w\" sizes=\"auto, (max-width: 1232px) 100vw, 1232px\" \/><p id=\"caption-attachment-13498\" class=\"wp-caption-text\">Thy Borgerlige opn\u00e5ede ikke genvalg. Jeg har ikke gjort arbejdet godt nok, konstaterer en skuffet Brian Nielsen. Foto: Jens Fogh-Andersen<\/p><\/div>\n<p>&nbsp;<\/p>\n<p>&#8211; Jeg har \u00e5benbart ikke gjort mit arbejde godt nok, lyder det fra en skuffet Brian Nielsen som havde f\u00f8rt valgkamp p\u00e5 m\u00e6rkesager som modstand mod skolelukninger, vindm\u00f8ller og nye solcelleanl\u00e6g. Thy Borgerlige fik 454 stemmer.<\/p>\n<p>Andre gl\u00e6dede sig, men for nogen blev gl\u00e6den kort.<\/p>\n<p>S\u00f8ren Riisgaard, spidskandidat for De Radikale, stod ved 22-tiden tirsdag aften til at f\u00e5 en plads i kommunalbestyrelsen, men selv om partiet samlet fik 563 stemmer, heraf 246 af de i alt 787 stemmer, der blev afgivet p\u00e5 afstemningsstedet i Klitm\u00f8ller, hvor han bor, viste det sig senere p\u00e5 aftenen, at det alligevel ikke blev til en plads.<\/p>\n<a class=\"dvrt-link\" onClick=\"cdmtrack_click(1130,jQuery(this));return false\" href=\"https:\/\/www.thistedforsikring.dk\/?utm_source=partnerskaber&amp;utm_campaign=kun_thy\"><img decoding=\"async\" style=\"width:100%;\" src=\"https:\/\/kunmedierne.dk\/thy\/wp-content\/uploads\/sites\/2\/2025\/04\/260409KunThyThisted-For-1.png\"><\/a><script>cdmtrack_view(1130);<\/script>\n<p>Til geng\u00e6ld blev der i aftenens l\u00f8b ikke rokket ved, at Enhedslisten fordobler sit mandattal fra en til to. Kamilla Kjeldgaard Futtrup med 842 personlige stemmer blev topscorer, mens Michael Riber J\u00f8rgensen tager Enhedslistens andet mandat. Han fik 73 personlige stemmer med f\u00e5r tillagt 291 listestemmer. Enhedslisten opstiller med partiliste.<\/p>\n<p>Knap to timer efter valgstederne var lukket, stod det klart at Liberal Alliance fik et godt valg. Det holdt stik. Da stemmerne var talt sammen, havde LA f\u00e5et 3335 stemmer, heraf 549 til Nicolai M\u00f8ller fra Sennels, hvor partiet fik 284 stemmer, en tredjedel af stemmerne p\u00e5 afstemningsstedet her.<\/p>\n<div id=\"attachment_13491\" style=\"width: 1242px\" class=\"wp-caption alignnone\"><img loading=\"lazy\" decoding=\"async\" aria-describedby=\"caption-attachment-13491\" class=\"wp-image-13491 size-full\" src=\"https:\/\/kunmedierne.dk\/thy\/wp-content\/uploads\/sites\/2\/2025\/11\/Unavngivet-1232-x-802-px-2025-11-18T214424.567.jpg\" alt=\"\" width=\"1232\" height=\"802\" srcset=\"https:\/\/kunmedierne.dk\/thy\/wp-content\/uploads\/sites\/2\/2025\/11\/Unavngivet-1232-x-802-px-2025-11-18T214424.567.jpg 1232w, https:\/\/kunmedierne.dk\/thy\/wp-content\/uploads\/sites\/2\/2025\/11\/Unavngivet-1232-x-802-px-2025-11-18T214424.567-300x195.jpg 300w, https:\/\/kunmedierne.dk\/thy\/wp-content\/uploads\/sites\/2\/2025\/11\/Unavngivet-1232-x-802-px-2025-11-18T214424.567-1024x667.jpg 1024w, https:\/\/kunmedierne.dk\/thy\/wp-content\/uploads\/sites\/2\/2025\/11\/Unavngivet-1232-x-802-px-2025-11-18T214424.567-510x332.jpg 510w\" sizes=\"auto, (max-width: 1232px) 100vw, 1232px\" \/><p id=\"caption-attachment-13491\" class=\"wp-caption-text\">Liberal Alliance s\u00e6tter sig p\u00e5 fire pladser i den nye kommunalbestyrelse &#8211; en af dem gik til Nicolai M\u00f8ller. Foto: Lone Krog<\/p><\/div>\n<p>&#8211; Det er overv\u00e6ldende, at en tredjedel af v\u00e6lgerne i Sennels har stemt p\u00e5 mit parti. Det er jeg be\u00e6ret over. Det er vildt, sagde Nicolai M\u00f8ller kort f\u00f8r klokken 22 p\u00e5 valgaftenen.<\/p>\n<p>Hos SF m\u00e5tte Morten Bo Bertelsen konstaterer, at partiet lokalt ikke m\u00e6rkede fremgangen p\u00e5 landsplan. SF, der var i valgforbund med Enhedslisten og De Radikale, fik i alt 1295 stemmer, heraf 641 til Morten Bo Bertelsen.<\/p>\n<div id=\"attachment_13503\" style=\"width: 1242px\" class=\"wp-caption alignnone\"><img loading=\"lazy\" decoding=\"async\" aria-describedby=\"caption-attachment-13503\" class=\"wp-image-13503 size-full\" src=\"https:\/\/kunmedierne.dk\/thy\/wp-content\/uploads\/sites\/2\/2025\/11\/Design-uden-navn-2025-11-18T235745.087.jpg\" alt=\"\" width=\"1232\" height=\"821\" srcset=\"https:\/\/kunmedierne.dk\/thy\/wp-content\/uploads\/sites\/2\/2025\/11\/Design-uden-navn-2025-11-18T235745.087.jpg 1232w, https:\/\/kunmedierne.dk\/thy\/wp-content\/uploads\/sites\/2\/2025\/11\/Design-uden-navn-2025-11-18T235745.087-300x200.jpg 300w, https:\/\/kunmedierne.dk\/thy\/wp-content\/uploads\/sites\/2\/2025\/11\/Design-uden-navn-2025-11-18T235745.087-1024x682.jpg 1024w, https:\/\/kunmedierne.dk\/thy\/wp-content\/uploads\/sites\/2\/2025\/11\/Design-uden-navn-2025-11-18T235745.087-510x340.jpg 510w\" sizes=\"auto, (max-width: 1232px) 100vw, 1232px\" \/><p id=\"caption-attachment-13503\" class=\"wp-caption-text\">Morten Bo Bertelsen vil ogs\u00e5 i de n\u00e6ste fire \u00e5r v\u00e6re SF&#8217;s repr\u00e6sentant i kommunalbestyrelsen. Partiets h\u00e5b om to mandater blev ikke opfyldt. Foto: Jens Fogh-Andersen<\/p><\/div>\n<p>&nbsp;<\/p>\n<p>&#8211; Jeg havde h\u00e5bet, at vi havde f\u00e5et et mandat mere end nu, konstaterede Morten Bo Bertelsen omkring midnat p\u00e5 valgnatten, hvor han ogs\u00e5 \u00f8nskede Enhedslisten og Kamilla Futtrup tillykke med et anerkendende: De har gjort det rigtig godt.<\/p>\n<a class=\"dvrt-link\" onClick=\"cdmtrack_click(18790,jQuery(this));return false\" href=\"https:\/\/thymors.dk\/sponsorater\/15-til-faellesskabet?utm_source=kunthy&amp;utm_medium=annonce&amp;utm_campaign=sponsorater\"><img decoding=\"async\" style=\"width:100%;\" src=\"https:\/\/kunmedierne.dk\/thy\/wp-content\/uploads\/sites\/2\/2026\/03\/260407ThyMors-energi_faellesskab_generel-1.jpg\"><\/a><script>cdmtrack_view(18790);<\/script>\n<p>Selv om valget bet\u00f8d tilbagegang for Socialdemokratiet, som ikke fik genvalgt Henning Holm, Claus Nybo og Jane Rish\u00f8j, kommer der et enkelt et enkelt nyt ansigt blandt de syv, der udg\u00f8r partiets gruppe i en ny kommunalbestyrelse.<\/p>\n<p>Det er Merete Hansen, som kommer ind med 429 personlige stemmer, det tredje h\u00f8jeste personlige stemmetal blandt de syv valgte. Spidskandidat Ulla Vestergaard fik 1825 personlige stemmer, mens Ida Pedersen sikrede sig 764 personlige stemmer.<\/p>\n<div id=\"attachment_13513\" style=\"width: 1242px\" class=\"wp-caption alignnone\"><img loading=\"lazy\" decoding=\"async\" aria-describedby=\"caption-attachment-13513\" class=\"wp-image-13513 size-full\" src=\"https:\/\/kunmedierne.dk\/thy\/wp-content\/uploads\/sites\/2\/2025\/11\/Design-uden-navn-2025-11-19T010512.612.jpg\" alt=\"\" width=\"1232\" height=\"821\" srcset=\"https:\/\/kunmedierne.dk\/thy\/wp-content\/uploads\/sites\/2\/2025\/11\/Design-uden-navn-2025-11-19T010512.612.jpg 1232w, https:\/\/kunmedierne.dk\/thy\/wp-content\/uploads\/sites\/2\/2025\/11\/Design-uden-navn-2025-11-19T010512.612-300x200.jpg 300w, https:\/\/kunmedierne.dk\/thy\/wp-content\/uploads\/sites\/2\/2025\/11\/Design-uden-navn-2025-11-19T010512.612-1024x682.jpg 1024w, https:\/\/kunmedierne.dk\/thy\/wp-content\/uploads\/sites\/2\/2025\/11\/Design-uden-navn-2025-11-19T010512.612-510x340.jpg 510w\" sizes=\"auto, (max-width: 1232px) 100vw, 1232px\" \/><p id=\"caption-attachment-13513\" class=\"wp-caption-text\">Trods tilbagegang for Socialdemokratiet blev Merete Hansen nyvalgt med 429 personlige stemmer. Foto: Jens Fogh-Andersen.<\/p><\/div>\n<p>&nbsp;<\/p>\n<p>P\u00e5 valgaftenen konstaterer Merete Hansen, at hun har &#8220;k\u00e6mpet som en l\u00f8ve og talt med gud og hver mand&#8221; under sin valgkamp.<\/p>\n<p>&#8211; Det har v\u00e6ret et stort arbejde og jeg havde h\u00e5bet, det gav resultater. Det er sket og selvf\u00f8lgelig glad, sagde hun.<\/p>\n<p>Dansk Folkeparti genv\u00e6lger partiets veteran Ib Poulsen. Partiet fik i alt 1158 stemmer, heraf 616 personligt til Ib Poulsen, som nu m\u00e5 overveje, hvordan han kan s\u00e6tte dem i spil. Efter konstitueringen tyder det p\u00e5, at Ib Poulsen st\u00e5r ret alene i den nye kommunalbestyrelse.<\/p>\n<p>Anderledes hos Danmarksdemokraterne. Debutanten i kommunalpolitik fik 2107 stemmer og v\u00e6lger to, spidskandidat Dorrit K\u00e6rgaard med 695 personlige stemmer og Lars Westergaard med 347 personlige stemmer. Samtidig f\u00e5r partiet formandsposten i et nyt udvalg for erhverv, turisme og landdistrikter.<\/p>\n","protected":false},"excerpt":{"rendered":"<p>THISTED: Klokken var hen ad halv to natten til onsdag, da Niels J\u00f8rgen Pedersen, V, meddelte, at han er kommunens borgmester i de kommende fire \u00e5r med opbakning fra De Konservative, Danmarksdemokraterne og Liberal Alliance. Tilsammen har de fire partier 16 af kommunalbestyrelsens 27 mandater. &#8211; Vi har valgt at udnytte det massive flertal, som [&hellip;]<\/p>\n","protected":false},"author":4535,"featured_media":0,"comment_status":"closed","ping_status":"closed","sticky":false,"template":"","format":"standard","meta":{"_acf_changed":false,"footnotes":""},"categories":[24],"tags":[89],"class_list":["post-13533","post","type-post","status-publish","format-standard","hentry","category-lokalt","tag-kommunalvalg"],"acf":[],"yoast_head":"<!-- This site is optimized with the Yoast SEO plugin v26.8 - https:\/\/yoast.com\/product\/yoast-seo-wordpress\/ -->\n<title>Vinderne tog det hele og henviser Socialdemokratiet til en plads p\u00e5 sidelinjen - Thy<\/title>\n<meta name=\"robots\" content=\"index, follow, max-snippet:-1, max-image-preview:large, max-video-preview:-1\" \/>\n<link rel=\"canonical\" href=\"https:\/\/kunmedierne.dk\/thy\/vinderne-tog-det-hele-og-henviser-socialdemokratiet-til-en-plads-paa-sidelinjen\/\" \/>\n<meta property=\"og:locale\" content=\"da_DK\" \/>\n<meta property=\"og:type\" content=\"article\" \/>\n<meta property=\"og:title\" content=\"Vinderne tog det hele og henviser Socialdemokratiet til en plads p\u00e5 sidelinjen - Thy\" \/>\n<meta property=\"og:description\" content=\"THISTED: Klokken var hen ad halv to natten til onsdag, da Niels J\u00f8rgen Pedersen, V, meddelte, at han er kommunens borgmester i de kommende fire \u00e5r med opbakning fra De Konservative, Danmarksdemokraterne og Liberal Alliance. Tilsammen har de fire partier 16 af kommunalbestyrelsens 27 mandater. &#8211; Vi har valgt at udnytte det massive flertal, som [&hellip;]\" \/>\n<meta property=\"og:url\" content=\"https:\/\/kunmedierne.dk\/thy\/vinderne-tog-det-hele-og-henviser-socialdemokratiet-til-en-plads-paa-sidelinjen\/\" \/>\n<meta property=\"og:site_name\" content=\"Thy\" \/>\n<meta property=\"article:published_time\" content=\"2025-11-19T13:43:51+00:00\" \/>\n<meta property=\"og:image\" content=\"https:\/\/kunmedierne.dk\/thy\/wp-content\/uploads\/sites\/2\/2025\/11\/Design-uden-navn-2025-11-19T015603.577.jpg\" \/>\n<meta name=\"author\" content=\"Jens Fogh Andersen\" \/>\n<meta name=\"twitter:card\" content=\"summary_large_image\" \/>\n<meta name=\"twitter:label1\" content=\"Skrevet af\" \/>\n\t<meta name=\"twitter:data1\" content=\"Jens Fogh Andersen\" \/>\n\t<meta name=\"twitter:label2\" content=\"Estimeret l\u00e6setid\" \/>\n\t<meta name=\"twitter:data2\" content=\"7 minutter\" \/>\n<script type=\"application\/ld+json\" class=\"yoast-schema-graph\">{\"@context\":\"https:\/\/schema.org\",\"@graph\":[{\"@type\":\"Article\",\"@id\":\"https:\/\/kunmedierne.dk\/thy\/vinderne-tog-det-hele-og-henviser-socialdemokratiet-til-en-plads-paa-sidelinjen\/#article\",\"isPartOf\":{\"@id\":\"https:\/\/kunmedierne.dk\/thy\/vinderne-tog-det-hele-og-henviser-socialdemokratiet-til-en-plads-paa-sidelinjen\/\"},\"author\":{\"name\":\"Jens Fogh Andersen\",\"@id\":\"https:\/\/kunmedierne.dk\/thy\/#\/schema\/person\/88f5be46809ca2a5533760eb574fef93\"},\"headline\":\"Vinderne tog det hele og henviser Socialdemokratiet til en plads p\u00e5 sidelinjen\",\"datePublished\":\"2025-11-19T13:43:51+00:00\",\"mainEntityOfPage\":{\"@id\":\"https:\/\/kunmedierne.dk\/thy\/vinderne-tog-det-hele-og-henviser-socialdemokratiet-til-en-plads-paa-sidelinjen\/\"},\"wordCount\":1050,\"publisher\":{\"@id\":\"https:\/\/kunmedierne.dk\/thy\/#organization\"},\"image\":{\"@id\":\"https:\/\/kunmedierne.dk\/thy\/vinderne-tog-det-hele-og-henviser-socialdemokratiet-til-en-plads-paa-sidelinjen\/#primaryimage\"},\"thumbnailUrl\":\"https:\/\/kunmedierne.dk\/thy\/wp-content\/uploads\/sites\/2\/2025\/11\/Design-uden-navn-2025-11-19T015603.577.jpg\",\"keywords\":[\"Kommunalvalg\"],\"articleSection\":[\"Lokalt\"],\"inLanguage\":\"da-DK\"},{\"@type\":\"WebPage\",\"@id\":\"https:\/\/kunmedierne.dk\/thy\/vinderne-tog-det-hele-og-henviser-socialdemokratiet-til-en-plads-paa-sidelinjen\/\",\"url\":\"https:\/\/kunmedierne.dk\/thy\/vinderne-tog-det-hele-og-henviser-socialdemokratiet-til-en-plads-paa-sidelinjen\/\",\"name\":\"Vinderne tog det hele og henviser Socialdemokratiet til en plads p\u00e5 sidelinjen - Thy\",\"isPartOf\":{\"@id\":\"https:\/\/kunmedierne.dk\/thy\/#website\"},\"primaryImageOfPage\":{\"@id\":\"https:\/\/kunmedierne.dk\/thy\/vinderne-tog-det-hele-og-henviser-socialdemokratiet-til-en-plads-paa-sidelinjen\/#primaryimage\"},\"image\":{\"@id\":\"https:\/\/kunmedierne.dk\/thy\/vinderne-tog-det-hele-og-henviser-socialdemokratiet-til-en-plads-paa-sidelinjen\/#primaryimage\"},\"thumbnailUrl\":\"https:\/\/kunmedierne.dk\/thy\/wp-content\/uploads\/sites\/2\/2025\/11\/Design-uden-navn-2025-11-19T015603.577.jpg\",\"datePublished\":\"2025-11-19T13:43:51+00:00\",\"breadcrumb\":{\"@id\":\"https:\/\/kunmedierne.dk\/thy\/vinderne-tog-det-hele-og-henviser-socialdemokratiet-til-en-plads-paa-sidelinjen\/#breadcrumb\"},\"inLanguage\":\"da-DK\",\"potentialAction\":[{\"@type\":\"ReadAction\",\"target\":[\"https:\/\/kunmedierne.dk\/thy\/vinderne-tog-det-hele-og-henviser-socialdemokratiet-til-en-plads-paa-sidelinjen\/\"]}]},{\"@type\":\"ImageObject\",\"inLanguage\":\"da-DK\",\"@id\":\"https:\/\/kunmedierne.dk\/thy\/vinderne-tog-det-hele-og-henviser-socialdemokratiet-til-en-plads-paa-sidelinjen\/#primaryimage\",\"url\":\"https:\/\/kunmedierne.dk\/thy\/wp-content\/uploads\/sites\/2\/2025\/11\/Design-uden-navn-2025-11-19T015603.577.jpg\",\"contentUrl\":\"https:\/\/kunmedierne.dk\/thy\/wp-content\/uploads\/sites\/2\/2025\/11\/Design-uden-navn-2025-11-19T015603.577.jpg\",\"width\":1232,\"height\":821},{\"@type\":\"BreadcrumbList\",\"@id\":\"https:\/\/kunmedierne.dk\/thy\/vinderne-tog-det-hele-og-henviser-socialdemokratiet-til-en-plads-paa-sidelinjen\/#breadcrumb\",\"itemListElement\":[{\"@type\":\"ListItem\",\"position\":1,\"name\":\"Home\",\"item\":\"https:\/\/kunmedierne.dk\/thy\/\"},{\"@type\":\"ListItem\",\"position\":2,\"name\":\"Vinderne tog det hele og henviser Socialdemokratiet til en plads p\u00e5 sidelinjen\"}]},{\"@type\":\"WebSite\",\"@id\":\"https:\/\/kunmedierne.dk\/thy\/#website\",\"url\":\"https:\/\/kunmedierne.dk\/thy\/\",\"name\":\"Thy\",\"description\":\"et netmedie med journalistik om livet i Thy\",\"publisher\":{\"@id\":\"https:\/\/kunmedierne.dk\/thy\/#organization\"},\"potentialAction\":[{\"@type\":\"SearchAction\",\"target\":{\"@type\":\"EntryPoint\",\"urlTemplate\":\"https:\/\/kunmedierne.dk\/thy\/?s={search_term_string}\"},\"query-input\":{\"@type\":\"PropertyValueSpecification\",\"valueRequired\":true,\"valueName\":\"search_term_string\"}}],\"inLanguage\":\"da-DK\"},{\"@type\":\"Organization\",\"@id\":\"https:\/\/kunmedierne.dk\/thy\/#organization\",\"name\":\"Thy\",\"url\":\"https:\/\/kunmedierne.dk\/thy\/\",\"logo\":{\"@type\":\"ImageObject\",\"inLanguage\":\"da-DK\",\"@id\":\"https:\/\/kunmedierne.dk\/thy\/#\/schema\/logo\/image\/\",\"url\":\"https:\/\/kunmedierne.dk\/thy\/wp-content\/uploads\/sites\/2\/2025\/04\/kunthy-logo.svg\",\"contentUrl\":\"https:\/\/kunmedierne.dk\/thy\/wp-content\/uploads\/sites\/2\/2025\/04\/kunthy-logo.svg\",\"caption\":\"Thy\"},\"image\":{\"@id\":\"https:\/\/kunmedierne.dk\/thy\/#\/schema\/logo\/image\/\"}},{\"@type\":\"Person\",\"@id\":\"https:\/\/kunmedierne.dk\/thy\/#\/schema\/person\/88f5be46809ca2a5533760eb574fef93\",\"name\":\"Jens Fogh Andersen\",\"image\":{\"@type\":\"ImageObject\",\"inLanguage\":\"da-DK\",\"@id\":\"https:\/\/kunmedierne.dk\/thy\/#\/schema\/person\/image\/\",\"url\":\"https:\/\/secure.gravatar.com\/avatar\/2b367a4ef139b1c41dccc9ee7af926b81f8b4cca3359772e86c7fd5ced26c0a3?s=96&d=mm&r=g\",\"contentUrl\":\"https:\/\/secure.gravatar.com\/avatar\/2b367a4ef139b1c41dccc9ee7af926b81f8b4cca3359772e86c7fd5ced26c0a3?s=96&d=mm&r=g\",\"caption\":\"Jens Fogh Andersen\"},\"url\":\"https:\/\/kunmedierne.dk\/thy\/author\/jfa\/\"}]}<\/script>\n<!-- \/ Yoast SEO plugin. -->","yoast_head_json":{"title":"Vinderne tog det hele og henviser Socialdemokratiet til en plads p\u00e5 sidelinjen - Thy","robots":{"index":"index","follow":"follow","max-snippet":"max-snippet:-1","max-image-preview":"max-image-preview:large","max-video-preview":"max-video-preview:-1"},"canonical":"https:\/\/kunmedierne.dk\/thy\/vinderne-tog-det-hele-og-henviser-socialdemokratiet-til-en-plads-paa-sidelinjen\/","og_locale":"da_DK","og_type":"article","og_title":"Vinderne tog det hele og henviser Socialdemokratiet til en plads p\u00e5 sidelinjen - Thy","og_description":"THISTED: Klokken var hen ad halv to natten til onsdag, da Niels J\u00f8rgen Pedersen, V, meddelte, at han er kommunens borgmester i de kommende fire \u00e5r med opbakning fra De Konservative, Danmarksdemokraterne og Liberal Alliance. Tilsammen har de fire partier 16 af kommunalbestyrelsens 27 mandater. &#8211; Vi har valgt at udnytte det massive flertal, som [&hellip;]","og_url":"https:\/\/kunmedierne.dk\/thy\/vinderne-tog-det-hele-og-henviser-socialdemokratiet-til-en-plads-paa-sidelinjen\/","og_site_name":"Thy","article_published_time":"2025-11-19T13:43:51+00:00","og_image":[{"url":"https:\/\/kunmedierne.dk\/thy\/wp-content\/uploads\/sites\/2\/2025\/11\/Design-uden-navn-2025-11-19T015603.577.jpg","type":"","width":"","height":""}],"author":"Jens Fogh Andersen","twitter_card":"summary_large_image","twitter_misc":{"Skrevet af":"Jens Fogh Andersen","Estimeret l\u00e6setid":"7 minutter"},"schema":{"@context":"https:\/\/schema.org","@graph":[{"@type":"Article","@id":"https:\/\/kunmedierne.dk\/thy\/vinderne-tog-det-hele-og-henviser-socialdemokratiet-til-en-plads-paa-sidelinjen\/#article","isPartOf":{"@id":"https:\/\/kunmedierne.dk\/thy\/vinderne-tog-det-hele-og-henviser-socialdemokratiet-til-en-plads-paa-sidelinjen\/"},"author":{"name":"Jens Fogh Andersen","@id":"https:\/\/kunmedierne.dk\/thy\/#\/schema\/person\/88f5be46809ca2a5533760eb574fef93"},"headline":"Vinderne tog det hele og henviser Socialdemokratiet til en plads p\u00e5 sidelinjen","datePublished":"2025-11-19T13:43:51+00:00","mainEntityOfPage":{"@id":"https:\/\/kunmedierne.dk\/thy\/vinderne-tog-det-hele-og-henviser-socialdemokratiet-til-en-plads-paa-sidelinjen\/"},"wordCount":1050,"publisher":{"@id":"https:\/\/kunmedierne.dk\/thy\/#organization"},"image":{"@id":"https:\/\/kunmedierne.dk\/thy\/vinderne-tog-det-hele-og-henviser-socialdemokratiet-til-en-plads-paa-sidelinjen\/#primaryimage"},"thumbnailUrl":"https:\/\/kunmedierne.dk\/thy\/wp-content\/uploads\/sites\/2\/2025\/11\/Design-uden-navn-2025-11-19T015603.577.jpg","keywords":["Kommunalvalg"],"articleSection":["Lokalt"],"inLanguage":"da-DK"},{"@type":"WebPage","@id":"https:\/\/kunmedierne.dk\/thy\/vinderne-tog-det-hele-og-henviser-socialdemokratiet-til-en-plads-paa-sidelinjen\/","url":"https:\/\/kunmedierne.dk\/thy\/vinderne-tog-det-hele-og-henviser-socialdemokratiet-til-en-plads-paa-sidelinjen\/","name":"Vinderne tog det hele og henviser Socialdemokratiet til en plads p\u00e5 sidelinjen - Thy","isPartOf":{"@id":"https:\/\/kunmedierne.dk\/thy\/#website"},"primaryImageOfPage":{"@id":"https:\/\/kunmedierne.dk\/thy\/vinderne-tog-det-hele-og-henviser-socialdemokratiet-til-en-plads-paa-sidelinjen\/#primaryimage"},"image":{"@id":"https:\/\/kunmedierne.dk\/thy\/vinderne-tog-det-hele-og-henviser-socialdemokratiet-til-en-plads-paa-sidelinjen\/#primaryimage"},"thumbnailUrl":"https:\/\/kunmedierne.dk\/thy\/wp-content\/uploads\/sites\/2\/2025\/11\/Design-uden-navn-2025-11-19T015603.577.jpg","datePublished":"2025-11-19T13:43:51+00:00","breadcrumb":{"@id":"https:\/\/kunmedierne.dk\/thy\/vinderne-tog-det-hele-og-henviser-socialdemokratiet-til-en-plads-paa-sidelinjen\/#breadcrumb"},"inLanguage":"da-DK","potentialAction":[{"@type":"ReadAction","target":["https:\/\/kunmedierne.dk\/thy\/vinderne-tog-det-hele-og-henviser-socialdemokratiet-til-en-plads-paa-sidelinjen\/"]}]},{"@type":"ImageObject","inLanguage":"da-DK","@id":"https:\/\/kunmedierne.dk\/thy\/vinderne-tog-det-hele-og-henviser-socialdemokratiet-til-en-plads-paa-sidelinjen\/#primaryimage","url":"https:\/\/kunmedierne.dk\/thy\/wp-content\/uploads\/sites\/2\/2025\/11\/Design-uden-navn-2025-11-19T015603.577.jpg","contentUrl":"https:\/\/kunmedierne.dk\/thy\/wp-content\/uploads\/sites\/2\/2025\/11\/Design-uden-navn-2025-11-19T015603.577.jpg","width":1232,"height":821},{"@type":"BreadcrumbList","@id":"https:\/\/kunmedierne.dk\/thy\/vinderne-tog-det-hele-og-henviser-socialdemokratiet-til-en-plads-paa-sidelinjen\/#breadcrumb","itemListElement":[{"@type":"ListItem","position":1,"name":"Home","item":"https:\/\/kunmedierne.dk\/thy\/"},{"@type":"ListItem","position":2,"name":"Vinderne tog det hele og henviser Socialdemokratiet til en plads p\u00e5 sidelinjen"}]},{"@type":"WebSite","@id":"https:\/\/kunmedierne.dk\/thy\/#website","url":"https:\/\/kunmedierne.dk\/thy\/","name":"Thy","description":"et netmedie med journalistik om livet i Thy","publisher":{"@id":"https:\/\/kunmedierne.dk\/thy\/#organization"},"potentialAction":[{"@type":"SearchAction","target":{"@type":"EntryPoint","urlTemplate":"https:\/\/kunmedierne.dk\/thy\/?s={search_term_string}"},"query-input":{"@type":"PropertyValueSpecification","valueRequired":true,"valueName":"search_term_string"}}],"inLanguage":"da-DK"},{"@type":"Organization","@id":"https:\/\/kunmedierne.dk\/thy\/#organization","name":"Thy","url":"https:\/\/kunmedierne.dk\/thy\/","logo":{"@type":"ImageObject","inLanguage":"da-DK","@id":"https:\/\/kunmedierne.dk\/thy\/#\/schema\/logo\/image\/","url":"https:\/\/kunmedierne.dk\/thy\/wp-content\/uploads\/sites\/2\/2025\/04\/kunthy-logo.svg","contentUrl":"https:\/\/kunmedierne.dk\/thy\/wp-content\/uploads\/sites\/2\/2025\/04\/kunthy-logo.svg","caption":"Thy"},"image":{"@id":"https:\/\/kunmedierne.dk\/thy\/#\/schema\/logo\/image\/"}},{"@type":"Person","@id":"https:\/\/kunmedierne.dk\/thy\/#\/schema\/person\/88f5be46809ca2a5533760eb574fef93","name":"Jens Fogh Andersen","image":{"@type":"ImageObject","inLanguage":"da-DK","@id":"https:\/\/kunmedierne.dk\/thy\/#\/schema\/person\/image\/","url":"https:\/\/secure.gravatar.com\/avatar\/2b367a4ef139b1c41dccc9ee7af926b81f8b4cca3359772e86c7fd5ced26c0a3?s=96&d=mm&r=g","contentUrl":"https:\/\/secure.gravatar.com\/avatar\/2b367a4ef139b1c41dccc9ee7af926b81f8b4cca3359772e86c7fd5ced26c0a3?s=96&d=mm&r=g","caption":"Jens Fogh Andersen"},"url":"https:\/\/kunmedierne.dk\/thy\/author\/jfa\/"}]}},"_links":{"self":[{"href":"https:\/\/kunmedierne.dk\/thy\/wp-json\/wp\/v2\/posts\/13533","targetHints":{"allow":["GET"]}}],"collection":[{"href":"https:\/\/kunmedierne.dk\/thy\/wp-json\/wp\/v2\/posts"}],"about":[{"href":"https:\/\/kunmedierne.dk\/thy\/wp-json\/wp\/v2\/types\/post"}],"author":[{"embeddable":true,"href":"https:\/\/kunmedierne.dk\/thy\/wp-json\/wp\/v2\/users\/4535"}],"replies":[{"embeddable":true,"href":"https:\/\/kunmedierne.dk\/thy\/wp-json\/wp\/v2\/comments?post=13533"}],"version-history":[{"count":10,"href":"https:\/\/kunmedierne.dk\/thy\/wp-json\/wp\/v2\/posts\/13533\/revisions"}],"predecessor-version":[{"id":13545,"href":"https:\/\/kunmedierne.dk\/thy\/wp-json\/wp\/v2\/posts\/13533\/revisions\/13545"}],"wp:attachment":[{"href":"https:\/\/kunmedierne.dk\/thy\/wp-json\/wp\/v2\/media?parent=13533"}],"wp:term":[{"taxonomy":"category","embeddable":true,"href":"https:\/\/kunmedierne.dk\/thy\/wp-json\/wp\/v2\/categories?post=13533"},{"taxonomy":"post_tag","embeddable":true,"href":"https:\/\/kunmedierne.dk\/thy\/wp-json\/wp\/v2\/tags?post=13533"}],"curies":[{"name":"wp","href":"https:\/\/api.w.org\/{rel}","templated":true}]}}