{"id":13522,"date":"2025-11-19T02:43:39","date_gmt":"2025-11-19T01:43:39","guid":{"rendered":"https:\/\/kunmedierne.dk\/thy\/?p=13522"},"modified":"2025-11-19T12:32:40","modified_gmt":"2025-11-19T11:32:40","slug":"borgerlige-saetter-sig-paa-magten-i-thisted-kommune","status":"publish","type":"post","link":"https:\/\/kunmedierne.dk\/thy\/borgerlige-saetter-sig-paa-magten-i-thisted-kommune\/","title":{"rendered":"Borgerlige partier s\u00e6tter sig p\u00e5 magten i Thisted Kommune"},"content":{"rendered":"<h5>Af Jens Fogh Andersen og Lone L\u00e6rke Krog, 19. september. Kl. 02:43<\/h5>\n<p><strong>THISTED:<\/strong> Lidt over klokken halv to natten til i dag, onsdag, faldt brikkerne p\u00e5 plads i puslespillet om, hvem der skal styre Thisted Kommune fra \u00e5rsskiftet.<\/p>\n<a class=\"dvrt-link\" onClick=\"cdmtrack_click(1130,jQuery(this));return false\" href=\"https:\/\/www.thistedforsikring.dk\/?utm_source=partnerskaber&amp;utm_campaign=kun_thy\"><img decoding=\"async\" style=\"width:100%;\" src=\"https:\/\/kunmedierne.dk\/thy\/wp-content\/uploads\/sites\/2\/2025\/04\/260409KunThyThisted-For-1.png\"><\/a><script>cdmtrack_view(1130);<\/script>\n<p>Niels J\u00f8rgen Pedersen, Venstre, bliver borgmester, Torben Overgaard, Konservative, bliver viceborgmester, mens Liberal Alliance og Danmarksdemokraterne hver f\u00e5r to formandsposter i kommunalbestyrelsens udvalg.<\/p>\n<div id=\"attachment_13515\" style=\"width: 1242px\" class=\"wp-caption alignnone\"><img loading=\"lazy\" decoding=\"async\" aria-describedby=\"caption-attachment-13515\" class=\"wp-image-13515 size-full\" src=\"https:\/\/kunmedierne.dk\/thy\/wp-content\/uploads\/sites\/2\/2025\/11\/Design-uden-navn-2025-11-19T015504.196.jpg\" alt=\"\" width=\"1232\" height=\"821\" srcset=\"https:\/\/kunmedierne.dk\/thy\/wp-content\/uploads\/sites\/2\/2025\/11\/Design-uden-navn-2025-11-19T015504.196.jpg 1232w, https:\/\/kunmedierne.dk\/thy\/wp-content\/uploads\/sites\/2\/2025\/11\/Design-uden-navn-2025-11-19T015504.196-300x200.jpg 300w, https:\/\/kunmedierne.dk\/thy\/wp-content\/uploads\/sites\/2\/2025\/11\/Design-uden-navn-2025-11-19T015504.196-1024x682.jpg 1024w, https:\/\/kunmedierne.dk\/thy\/wp-content\/uploads\/sites\/2\/2025\/11\/Design-uden-navn-2025-11-19T015504.196-510x340.jpg 510w\" sizes=\"auto, (max-width: 1232px) 100vw, 1232px\" \/><p id=\"caption-attachment-13515\" class=\"wp-caption-text\">&#8211; Vi har valgt at udnytte det massive flertal, som vi fik, siger Niels J\u00f8rgen Pedersen. Foto: Jens Fogh-Andersen<\/p><\/div>\n<p>&nbsp;<\/p>\n<p>Niels J\u00f8rgen Pedersen f\u00e5r som borgmester formandsposten i et kommende \u00f8konomi- og arbejdsmarkedsudvalg.<\/p>\n<p>Konstitueringsaftalen indeholder ogs\u00e5 et helt nyt udvalg for erhverv, turisme og landdistrikter. Her g\u00e5r formandsposten til Danmarksdemokraterne.<\/p>\n<p>Et tredje udvalg er udvalget for klima, milj\u00f8 og teknik. Her f\u00e5r Det konservative Folkeparti formandsposten. Et fjerde udvalg, social- og seniorudvalget f\u00e5r en formand fra Liberal Alliance. Dette parti f\u00e5r ogs\u00e5 formandsposten i b\u00f8rne- og familieudvalget. Endelig f\u00e5r de konservative formandsposten i sundheds-, kultur- og fritidsudvalget.<\/p>\n<a class=\"dvrt-link\" onClick=\"cdmtrack_click(683,jQuery(this));return false\" href=\"https:\/\/vester-begr.dk\/?utm_source=google&amp;utm_medium=advative&amp;gad_source=1&amp;gclid=Cj0KCQjwtJ6_BhDWARIsAGanmKfl-hGVVjCYiOgSKoGoxrow4kvXybZsnruKJYTslvqZDywT6a9PCQwaAmBjEALw_wcB\"><img decoding=\"async\" style=\"width:100%;\" src=\"https:\/\/kunmedierne.dk\/thy\/wp-content\/uploads\/sites\/2\/2025\/03\/260203VesterHoukaer-02022026.jpg\"><\/a><script>cdmtrack_view(683);<\/script>\n<p>Tilbage p\u00e5 d\u00f8rtrinet til forhandlingslokalerne stod Socialdemokratiets Ulla Vestergaard. Bortset fra et kort bes\u00f8g hos forhandlerne &#8211; der\u00a0 havde form af en orientering &#8211; m\u00e5tte partiet, som mistede to mandater &#8211; og nu f\u00e5r syv &#8211; se sig henvist til en tilskuerrolle, da posterne i den ny kommunalbestyrelse blev fordelt.<\/p>\n<div id=\"attachment_13516\" style=\"width: 1242px\" class=\"wp-caption alignnone\"><img loading=\"lazy\" decoding=\"async\" aria-describedby=\"caption-attachment-13516\" class=\"wp-image-13516 size-full\" src=\"https:\/\/kunmedierne.dk\/thy\/wp-content\/uploads\/sites\/2\/2025\/11\/Design-uden-navn-2025-11-19T015531.481.jpg\" alt=\"\" width=\"1232\" height=\"821\" srcset=\"https:\/\/kunmedierne.dk\/thy\/wp-content\/uploads\/sites\/2\/2025\/11\/Design-uden-navn-2025-11-19T015531.481.jpg 1232w, https:\/\/kunmedierne.dk\/thy\/wp-content\/uploads\/sites\/2\/2025\/11\/Design-uden-navn-2025-11-19T015531.481-300x200.jpg 300w, https:\/\/kunmedierne.dk\/thy\/wp-content\/uploads\/sites\/2\/2025\/11\/Design-uden-navn-2025-11-19T015531.481-1024x682.jpg 1024w, https:\/\/kunmedierne.dk\/thy\/wp-content\/uploads\/sites\/2\/2025\/11\/Design-uden-navn-2025-11-19T015531.481-510x340.jpg 510w\" sizes=\"auto, (max-width: 1232px) 100vw, 1232px\" \/><p id=\"caption-attachment-13516\" class=\"wp-caption-text\">Torben Overgaard, th., fik 1027 stemmer ud af i alt 3677 konservative stemmer, mens Niels J\u00f8rgen Pedersen fik 692 personlige stemmer ud af 4236 stemmer til Venstre. Foto: Jens Fogh-Andersen.<\/p><\/div>\n<p>&nbsp;<\/p>\n<p>&#8211; Vi har valgt at udnytte det massive flertal, som vi fik. Og n\u00e5r vi har et valgforbund mellem V, K, DD og LA skal vi alle v\u00e6re enige, og vi havde skabelonen til den aftale, som nu er en realitet, siger Niels J\u00f8rgen Pedersen om \u00e5rsagen til, at Ulla Vestergaard ikke var inviteret til reelle forhandlinger.<\/p>\n<p>De fire &#8220;bl\u00e5&#8221; partier har tilsammen f\u00e5et 16 mandater i en ny kommunalbestyrelse.<\/p>\n<a class=\"dvrt-link\" onClick=\"cdmtrack_click(685,jQuery(this));return false\" href=\"https:\/\/wensien.dk\/begravelse\/?gad_source=1&gclid=Cj0KCQjwtJ6_BhDWARIsAGanmKcWw6hbeoepGti1oApJGHln52gMbg8EBRZ86__3P1AJZ5dcsw4ZvNEaAk7JEALw_wcB\"><img decoding=\"async\" style=\"width:100%;\" src=\"https:\/\/kunmedierne.dk\/thy\/wp-content\/uploads\/sites\/2\/2025\/03\/wensien-stenhugger.jpg\"><\/a><script>cdmtrack_view(685);<\/script>\n<p>Niels J\u00f8rgen Pedersen erkender, at han ikke selv fik det bedste personlige valg, men i valgforbundet var det p\u00e5 forh\u00e5nd aftalt, at det parti, der fik flest stemmer, skulle have borgmesterposten.<\/p>\n<p>Torben Overgaard fik 1027 stemmer ud af i alt 3677 konservative stemmer, mens Niels J\u00f8rgen Pedersen fik 692 personlige stemmer ud af 4236 stemmer til Venstre.<\/p>\n<p>Peter Larsen, spidskandidat hos Liberal Alliance, fik 946 personlige stemmer ud af de i alt 3335 stemmer, partiet fik. Danmarksdemokraternes spidskandidat, Dorrit K\u00e6rgaard, fik 695 personlige stemmer ud af 2107 stemmer til partiet.<\/p>\n","protected":false},"excerpt":{"rendered":"<p>Af Jens Fogh Andersen og Lone L\u00e6rke Krog, 19. september. Kl. 02:43 THISTED: Lidt over klokken halv to natten til i dag, onsdag, faldt brikkerne p\u00e5 plads i puslespillet om, hvem der skal styre Thisted Kommune fra \u00e5rsskiftet. Niels J\u00f8rgen Pedersen, Venstre, bliver borgmester, Torben Overgaard, Konservative, bliver viceborgmester, mens Liberal Alliance og Danmarksdemokraterne hver [&hellip;]<\/p>\n","protected":false},"author":4535,"featured_media":0,"comment_status":"closed","ping_status":"closed","sticky":false,"template":"","format":"standard","meta":{"_acf_changed":false,"footnotes":""},"categories":[24],"tags":[89],"class_list":["post-13522","post","type-post","status-publish","format-standard","hentry","category-lokalt","tag-kommunalvalg"],"acf":[],"yoast_head":"<!-- This site is optimized with the Yoast SEO plugin v26.8 - https:\/\/yoast.com\/product\/yoast-seo-wordpress\/ -->\n<title>Borgerlige partier s\u00e6tter sig p\u00e5 magten i Thisted Kommune - Thy<\/title>\n<meta name=\"robots\" content=\"index, follow, max-snippet:-1, max-image-preview:large, max-video-preview:-1\" \/>\n<link rel=\"canonical\" href=\"https:\/\/kunmedierne.dk\/thy\/borgerlige-saetter-sig-paa-magten-i-thisted-kommune\/\" \/>\n<meta property=\"og:locale\" content=\"da_DK\" \/>\n<meta property=\"og:type\" content=\"article\" \/>\n<meta property=\"og:title\" content=\"Borgerlige partier s\u00e6tter sig p\u00e5 magten i Thisted Kommune - Thy\" \/>\n<meta property=\"og:description\" content=\"Af Jens Fogh Andersen og Lone L\u00e6rke Krog, 19. september. Kl. 02:43 THISTED: Lidt over klokken halv to natten til i dag, onsdag, faldt brikkerne p\u00e5 plads i puslespillet om, hvem der skal styre Thisted Kommune fra \u00e5rsskiftet. Niels J\u00f8rgen Pedersen, Venstre, bliver borgmester, Torben Overgaard, Konservative, bliver viceborgmester, mens Liberal Alliance og Danmarksdemokraterne hver [&hellip;]\" \/>\n<meta property=\"og:url\" content=\"https:\/\/kunmedierne.dk\/thy\/borgerlige-saetter-sig-paa-magten-i-thisted-kommune\/\" \/>\n<meta property=\"og:site_name\" content=\"Thy\" \/>\n<meta property=\"article:published_time\" content=\"2025-11-19T01:43:39+00:00\" \/>\n<meta property=\"article:modified_time\" content=\"2025-11-19T11:32:40+00:00\" \/>\n<meta property=\"og:image\" content=\"https:\/\/kunmedierne.dk\/thy\/wp-content\/uploads\/sites\/2\/2025\/11\/Design-uden-navn-2025-11-19T015504.196.jpg\" \/>\n<meta name=\"author\" content=\"Jens Fogh Andersen\" \/>\n<meta name=\"twitter:card\" content=\"summary_large_image\" \/>\n<meta name=\"twitter:label1\" content=\"Skrevet af\" \/>\n\t<meta name=\"twitter:data1\" content=\"Jens Fogh Andersen\" \/>\n\t<meta name=\"twitter:label2\" content=\"Estimeret l\u00e6setid\" \/>\n\t<meta name=\"twitter:data2\" content=\"3 minutter\" \/>\n<script type=\"application\/ld+json\" class=\"yoast-schema-graph\">{\"@context\":\"https:\/\/schema.org\",\"@graph\":[{\"@type\":\"Article\",\"@id\":\"https:\/\/kunmedierne.dk\/thy\/borgerlige-saetter-sig-paa-magten-i-thisted-kommune\/#article\",\"isPartOf\":{\"@id\":\"https:\/\/kunmedierne.dk\/thy\/borgerlige-saetter-sig-paa-magten-i-thisted-kommune\/\"},\"author\":{\"name\":\"Jens Fogh Andersen\",\"@id\":\"https:\/\/kunmedierne.dk\/thy\/#\/schema\/person\/88f5be46809ca2a5533760eb574fef93\"},\"headline\":\"Borgerlige partier s\u00e6tter sig p\u00e5 magten i Thisted Kommune\",\"datePublished\":\"2025-11-19T01:43:39+00:00\",\"dateModified\":\"2025-11-19T11:32:40+00:00\",\"mainEntityOfPage\":{\"@id\":\"https:\/\/kunmedierne.dk\/thy\/borgerlige-saetter-sig-paa-magten-i-thisted-kommune\/\"},\"wordCount\":439,\"publisher\":{\"@id\":\"https:\/\/kunmedierne.dk\/thy\/#organization\"},\"image\":{\"@id\":\"https:\/\/kunmedierne.dk\/thy\/borgerlige-saetter-sig-paa-magten-i-thisted-kommune\/#primaryimage\"},\"thumbnailUrl\":\"https:\/\/kunmedierne.dk\/thy\/wp-content\/uploads\/sites\/2\/2025\/11\/Design-uden-navn-2025-11-19T015504.196.jpg\",\"keywords\":[\"Kommunalvalg\"],\"articleSection\":[\"Lokalt\"],\"inLanguage\":\"da-DK\"},{\"@type\":\"WebPage\",\"@id\":\"https:\/\/kunmedierne.dk\/thy\/borgerlige-saetter-sig-paa-magten-i-thisted-kommune\/\",\"url\":\"https:\/\/kunmedierne.dk\/thy\/borgerlige-saetter-sig-paa-magten-i-thisted-kommune\/\",\"name\":\"Borgerlige partier s\u00e6tter sig p\u00e5 magten i Thisted Kommune - Thy\",\"isPartOf\":{\"@id\":\"https:\/\/kunmedierne.dk\/thy\/#website\"},\"primaryImageOfPage\":{\"@id\":\"https:\/\/kunmedierne.dk\/thy\/borgerlige-saetter-sig-paa-magten-i-thisted-kommune\/#primaryimage\"},\"image\":{\"@id\":\"https:\/\/kunmedierne.dk\/thy\/borgerlige-saetter-sig-paa-magten-i-thisted-kommune\/#primaryimage\"},\"thumbnailUrl\":\"https:\/\/kunmedierne.dk\/thy\/wp-content\/uploads\/sites\/2\/2025\/11\/Design-uden-navn-2025-11-19T015504.196.jpg\",\"datePublished\":\"2025-11-19T01:43:39+00:00\",\"dateModified\":\"2025-11-19T11:32:40+00:00\",\"breadcrumb\":{\"@id\":\"https:\/\/kunmedierne.dk\/thy\/borgerlige-saetter-sig-paa-magten-i-thisted-kommune\/#breadcrumb\"},\"inLanguage\":\"da-DK\",\"potentialAction\":[{\"@type\":\"ReadAction\",\"target\":[\"https:\/\/kunmedierne.dk\/thy\/borgerlige-saetter-sig-paa-magten-i-thisted-kommune\/\"]}]},{\"@type\":\"ImageObject\",\"inLanguage\":\"da-DK\",\"@id\":\"https:\/\/kunmedierne.dk\/thy\/borgerlige-saetter-sig-paa-magten-i-thisted-kommune\/#primaryimage\",\"url\":\"https:\/\/kunmedierne.dk\/thy\/wp-content\/uploads\/sites\/2\/2025\/11\/Design-uden-navn-2025-11-19T015504.196.jpg\",\"contentUrl\":\"https:\/\/kunmedierne.dk\/thy\/wp-content\/uploads\/sites\/2\/2025\/11\/Design-uden-navn-2025-11-19T015504.196.jpg\",\"width\":1232,\"height\":821},{\"@type\":\"BreadcrumbList\",\"@id\":\"https:\/\/kunmedierne.dk\/thy\/borgerlige-saetter-sig-paa-magten-i-thisted-kommune\/#breadcrumb\",\"itemListElement\":[{\"@type\":\"ListItem\",\"position\":1,\"name\":\"Home\",\"item\":\"https:\/\/kunmedierne.dk\/thy\/\"},{\"@type\":\"ListItem\",\"position\":2,\"name\":\"Borgerlige partier s\u00e6tter sig p\u00e5 magten i Thisted Kommune\"}]},{\"@type\":\"WebSite\",\"@id\":\"https:\/\/kunmedierne.dk\/thy\/#website\",\"url\":\"https:\/\/kunmedierne.dk\/thy\/\",\"name\":\"Thy\",\"description\":\"et netmedie med journalistik om livet i Thy\",\"publisher\":{\"@id\":\"https:\/\/kunmedierne.dk\/thy\/#organization\"},\"potentialAction\":[{\"@type\":\"SearchAction\",\"target\":{\"@type\":\"EntryPoint\",\"urlTemplate\":\"https:\/\/kunmedierne.dk\/thy\/?s={search_term_string}\"},\"query-input\":{\"@type\":\"PropertyValueSpecification\",\"valueRequired\":true,\"valueName\":\"search_term_string\"}}],\"inLanguage\":\"da-DK\"},{\"@type\":\"Organization\",\"@id\":\"https:\/\/kunmedierne.dk\/thy\/#organization\",\"name\":\"Thy\",\"url\":\"https:\/\/kunmedierne.dk\/thy\/\",\"logo\":{\"@type\":\"ImageObject\",\"inLanguage\":\"da-DK\",\"@id\":\"https:\/\/kunmedierne.dk\/thy\/#\/schema\/logo\/image\/\",\"url\":\"https:\/\/kunmedierne.dk\/thy\/wp-content\/uploads\/sites\/2\/2025\/04\/kunthy-logo.svg\",\"contentUrl\":\"https:\/\/kunmedierne.dk\/thy\/wp-content\/uploads\/sites\/2\/2025\/04\/kunthy-logo.svg\",\"caption\":\"Thy\"},\"image\":{\"@id\":\"https:\/\/kunmedierne.dk\/thy\/#\/schema\/logo\/image\/\"}},{\"@type\":\"Person\",\"@id\":\"https:\/\/kunmedierne.dk\/thy\/#\/schema\/person\/88f5be46809ca2a5533760eb574fef93\",\"name\":\"Jens Fogh Andersen\",\"image\":{\"@type\":\"ImageObject\",\"inLanguage\":\"da-DK\",\"@id\":\"https:\/\/kunmedierne.dk\/thy\/#\/schema\/person\/image\/\",\"url\":\"https:\/\/secure.gravatar.com\/avatar\/2b367a4ef139b1c41dccc9ee7af926b81f8b4cca3359772e86c7fd5ced26c0a3?s=96&d=mm&r=g\",\"contentUrl\":\"https:\/\/secure.gravatar.com\/avatar\/2b367a4ef139b1c41dccc9ee7af926b81f8b4cca3359772e86c7fd5ced26c0a3?s=96&d=mm&r=g\",\"caption\":\"Jens Fogh Andersen\"},\"url\":\"https:\/\/kunmedierne.dk\/thy\/author\/jfa\/\"}]}<\/script>\n<!-- \/ Yoast SEO plugin. -->","yoast_head_json":{"title":"Borgerlige partier s\u00e6tter sig p\u00e5 magten i Thisted Kommune - Thy","robots":{"index":"index","follow":"follow","max-snippet":"max-snippet:-1","max-image-preview":"max-image-preview:large","max-video-preview":"max-video-preview:-1"},"canonical":"https:\/\/kunmedierne.dk\/thy\/borgerlige-saetter-sig-paa-magten-i-thisted-kommune\/","og_locale":"da_DK","og_type":"article","og_title":"Borgerlige partier s\u00e6tter sig p\u00e5 magten i Thisted Kommune - Thy","og_description":"Af Jens Fogh Andersen og Lone L\u00e6rke Krog, 19. september. Kl. 02:43 THISTED: Lidt over klokken halv to natten til i dag, onsdag, faldt brikkerne p\u00e5 plads i puslespillet om, hvem der skal styre Thisted Kommune fra \u00e5rsskiftet. Niels J\u00f8rgen Pedersen, Venstre, bliver borgmester, Torben Overgaard, Konservative, bliver viceborgmester, mens Liberal Alliance og Danmarksdemokraterne hver [&hellip;]","og_url":"https:\/\/kunmedierne.dk\/thy\/borgerlige-saetter-sig-paa-magten-i-thisted-kommune\/","og_site_name":"Thy","article_published_time":"2025-11-19T01:43:39+00:00","article_modified_time":"2025-11-19T11:32:40+00:00","og_image":[{"url":"https:\/\/kunmedierne.dk\/thy\/wp-content\/uploads\/sites\/2\/2025\/11\/Design-uden-navn-2025-11-19T015504.196.jpg","type":"","width":"","height":""}],"author":"Jens Fogh Andersen","twitter_card":"summary_large_image","twitter_misc":{"Skrevet af":"Jens Fogh Andersen","Estimeret l\u00e6setid":"3 minutter"},"schema":{"@context":"https:\/\/schema.org","@graph":[{"@type":"Article","@id":"https:\/\/kunmedierne.dk\/thy\/borgerlige-saetter-sig-paa-magten-i-thisted-kommune\/#article","isPartOf":{"@id":"https:\/\/kunmedierne.dk\/thy\/borgerlige-saetter-sig-paa-magten-i-thisted-kommune\/"},"author":{"name":"Jens Fogh Andersen","@id":"https:\/\/kunmedierne.dk\/thy\/#\/schema\/person\/88f5be46809ca2a5533760eb574fef93"},"headline":"Borgerlige partier s\u00e6tter sig p\u00e5 magten i Thisted Kommune","datePublished":"2025-11-19T01:43:39+00:00","dateModified":"2025-11-19T11:32:40+00:00","mainEntityOfPage":{"@id":"https:\/\/kunmedierne.dk\/thy\/borgerlige-saetter-sig-paa-magten-i-thisted-kommune\/"},"wordCount":439,"publisher":{"@id":"https:\/\/kunmedierne.dk\/thy\/#organization"},"image":{"@id":"https:\/\/kunmedierne.dk\/thy\/borgerlige-saetter-sig-paa-magten-i-thisted-kommune\/#primaryimage"},"thumbnailUrl":"https:\/\/kunmedierne.dk\/thy\/wp-content\/uploads\/sites\/2\/2025\/11\/Design-uden-navn-2025-11-19T015504.196.jpg","keywords":["Kommunalvalg"],"articleSection":["Lokalt"],"inLanguage":"da-DK"},{"@type":"WebPage","@id":"https:\/\/kunmedierne.dk\/thy\/borgerlige-saetter-sig-paa-magten-i-thisted-kommune\/","url":"https:\/\/kunmedierne.dk\/thy\/borgerlige-saetter-sig-paa-magten-i-thisted-kommune\/","name":"Borgerlige partier s\u00e6tter sig p\u00e5 magten i Thisted Kommune - Thy","isPartOf":{"@id":"https:\/\/kunmedierne.dk\/thy\/#website"},"primaryImageOfPage":{"@id":"https:\/\/kunmedierne.dk\/thy\/borgerlige-saetter-sig-paa-magten-i-thisted-kommune\/#primaryimage"},"image":{"@id":"https:\/\/kunmedierne.dk\/thy\/borgerlige-saetter-sig-paa-magten-i-thisted-kommune\/#primaryimage"},"thumbnailUrl":"https:\/\/kunmedierne.dk\/thy\/wp-content\/uploads\/sites\/2\/2025\/11\/Design-uden-navn-2025-11-19T015504.196.jpg","datePublished":"2025-11-19T01:43:39+00:00","dateModified":"2025-11-19T11:32:40+00:00","breadcrumb":{"@id":"https:\/\/kunmedierne.dk\/thy\/borgerlige-saetter-sig-paa-magten-i-thisted-kommune\/#breadcrumb"},"inLanguage":"da-DK","potentialAction":[{"@type":"ReadAction","target":["https:\/\/kunmedierne.dk\/thy\/borgerlige-saetter-sig-paa-magten-i-thisted-kommune\/"]}]},{"@type":"ImageObject","inLanguage":"da-DK","@id":"https:\/\/kunmedierne.dk\/thy\/borgerlige-saetter-sig-paa-magten-i-thisted-kommune\/#primaryimage","url":"https:\/\/kunmedierne.dk\/thy\/wp-content\/uploads\/sites\/2\/2025\/11\/Design-uden-navn-2025-11-19T015504.196.jpg","contentUrl":"https:\/\/kunmedierne.dk\/thy\/wp-content\/uploads\/sites\/2\/2025\/11\/Design-uden-navn-2025-11-19T015504.196.jpg","width":1232,"height":821},{"@type":"BreadcrumbList","@id":"https:\/\/kunmedierne.dk\/thy\/borgerlige-saetter-sig-paa-magten-i-thisted-kommune\/#breadcrumb","itemListElement":[{"@type":"ListItem","position":1,"name":"Home","item":"https:\/\/kunmedierne.dk\/thy\/"},{"@type":"ListItem","position":2,"name":"Borgerlige partier s\u00e6tter sig p\u00e5 magten i Thisted Kommune"}]},{"@type":"WebSite","@id":"https:\/\/kunmedierne.dk\/thy\/#website","url":"https:\/\/kunmedierne.dk\/thy\/","name":"Thy","description":"et netmedie med journalistik om livet i Thy","publisher":{"@id":"https:\/\/kunmedierne.dk\/thy\/#organization"},"potentialAction":[{"@type":"SearchAction","target":{"@type":"EntryPoint","urlTemplate":"https:\/\/kunmedierne.dk\/thy\/?s={search_term_string}"},"query-input":{"@type":"PropertyValueSpecification","valueRequired":true,"valueName":"search_term_string"}}],"inLanguage":"da-DK"},{"@type":"Organization","@id":"https:\/\/kunmedierne.dk\/thy\/#organization","name":"Thy","url":"https:\/\/kunmedierne.dk\/thy\/","logo":{"@type":"ImageObject","inLanguage":"da-DK","@id":"https:\/\/kunmedierne.dk\/thy\/#\/schema\/logo\/image\/","url":"https:\/\/kunmedierne.dk\/thy\/wp-content\/uploads\/sites\/2\/2025\/04\/kunthy-logo.svg","contentUrl":"https:\/\/kunmedierne.dk\/thy\/wp-content\/uploads\/sites\/2\/2025\/04\/kunthy-logo.svg","caption":"Thy"},"image":{"@id":"https:\/\/kunmedierne.dk\/thy\/#\/schema\/logo\/image\/"}},{"@type":"Person","@id":"https:\/\/kunmedierne.dk\/thy\/#\/schema\/person\/88f5be46809ca2a5533760eb574fef93","name":"Jens Fogh Andersen","image":{"@type":"ImageObject","inLanguage":"da-DK","@id":"https:\/\/kunmedierne.dk\/thy\/#\/schema\/person\/image\/","url":"https:\/\/secure.gravatar.com\/avatar\/2b367a4ef139b1c41dccc9ee7af926b81f8b4cca3359772e86c7fd5ced26c0a3?s=96&d=mm&r=g","contentUrl":"https:\/\/secure.gravatar.com\/avatar\/2b367a4ef139b1c41dccc9ee7af926b81f8b4cca3359772e86c7fd5ced26c0a3?s=96&d=mm&r=g","caption":"Jens Fogh Andersen"},"url":"https:\/\/kunmedierne.dk\/thy\/author\/jfa\/"}]}},"_links":{"self":[{"href":"https:\/\/kunmedierne.dk\/thy\/wp-json\/wp\/v2\/posts\/13522","targetHints":{"allow":["GET"]}}],"collection":[{"href":"https:\/\/kunmedierne.dk\/thy\/wp-json\/wp\/v2\/posts"}],"about":[{"href":"https:\/\/kunmedierne.dk\/thy\/wp-json\/wp\/v2\/types\/post"}],"author":[{"embeddable":true,"href":"https:\/\/kunmedierne.dk\/thy\/wp-json\/wp\/v2\/users\/4535"}],"replies":[{"embeddable":true,"href":"https:\/\/kunmedierne.dk\/thy\/wp-json\/wp\/v2\/comments?post=13522"}],"version-history":[{"count":6,"href":"https:\/\/kunmedierne.dk\/thy\/wp-json\/wp\/v2\/posts\/13522\/revisions"}],"predecessor-version":[{"id":13532,"href":"https:\/\/kunmedierne.dk\/thy\/wp-json\/wp\/v2\/posts\/13522\/revisions\/13532"}],"wp:attachment":[{"href":"https:\/\/kunmedierne.dk\/thy\/wp-json\/wp\/v2\/media?parent=13522"}],"wp:term":[{"taxonomy":"category","embeddable":true,"href":"https:\/\/kunmedierne.dk\/thy\/wp-json\/wp\/v2\/categories?post=13522"},{"taxonomy":"post_tag","embeddable":true,"href":"https:\/\/kunmedierne.dk\/thy\/wp-json\/wp\/v2\/tags?post=13522"}],"curies":[{"name":"wp","href":"https:\/\/api.w.org\/{rel}","templated":true}]}}