{"id":13463,"date":"2025-11-18T17:39:05","date_gmt":"2025-11-18T16:39:05","guid":{"rendered":"https:\/\/kunmedierne.dk\/thy\/?p=13463"},"modified":"2025-11-18T17:39:05","modified_gmt":"2025-11-18T16:39:05","slug":"de-plus-60-aarige-stemmer-flittigt-til-deres-eget-valg","status":"publish","type":"post","link":"https:\/\/kunmedierne.dk\/thy\/de-plus-60-aarige-stemmer-flittigt-til-deres-eget-valg\/","title":{"rendered":"De plus 60-\u00e5rige stemmer flittigt til deres &#8220;eget&#8221; valg"},"content":{"rendered":"<p><strong>THY: <\/strong>P\u00e5 de 15 valgsteder i Thisted Kommune afvikles der ikke bare valg til kommunalbestyrelsen og regionsr\u00e5d. For f\u00f8rste gang er der mulighed for at stemme til kommunens \u00e6ldre- og seniorr\u00e5d ved &#8220;fremm\u00f8devalg&#8221;.<\/p>\n<a class=\"dvrt-link\" onClick=\"cdmtrack_click(685,jQuery(this));return false\" href=\"https:\/\/wensien.dk\/begravelse\/?gad_source=1&gclid=Cj0KCQjwtJ6_BhDWARIsAGanmKcWw6hbeoepGti1oApJGHln52gMbg8EBRZ86__3P1AJZ5dcsw4ZvNEaAk7JEALw_wcB\"><img decoding=\"async\" style=\"width:100%;\" src=\"https:\/\/kunmedierne.dk\/thy\/wp-content\/uploads\/sites\/2\/2025\/03\/wensien-stenhugger.jpg\"><\/a><script>cdmtrack_view(685);<\/script>\n<p>Derfor er der ude p\u00e5 de i alt 15 valgsteder i kommunen indrettet en s\u00e6rlig stemmeboks til de borgere, der har stemmeret til \u00e6ldre- og seniorr\u00e5det. P\u00e5 kommunens st\u00f8rste afstemningssted i Munkehallen i Thisted, st\u00e5r stemmeboksen t\u00e6t ved udgangen fra hallen, s\u00e5 v\u00e6lgerne kommer til den, n\u00e5r de er tr\u00e5dt ud af stemmeboksene til kommunal- og regionsvalget.<\/p>\n<p>Alle der er fyldt 60 \u00e5r 18. november 2025 har stemmeret til \u00e6ldre- og seniorr\u00e5det. Og hvis en eller anden ligner en potentiel v\u00e6lger i aldersgruppen, som m\u00e5ske ikke ser ud til at have kurs med stemmeboksen til \u00e6ldre- og seniorr\u00e5det lyder det venligt fra en af de tilforordnede ved det valg: Skal du stemme til \u00e6ldre- og seniorr\u00e5det?<\/p>\n<div id=\"attachment_13459\" style=\"width: 1242px\" class=\"wp-caption alignnone\"><img loading=\"lazy\" decoding=\"async\" aria-describedby=\"caption-attachment-13459\" class=\"wp-image-13459 size-full\" src=\"https:\/\/kunmedierne.dk\/thy\/wp-content\/uploads\/sites\/2\/2025\/11\/Design-uden-navn-2025-11-18T163808.998.jpg\" alt=\"\" width=\"1232\" height=\"821\" srcset=\"https:\/\/kunmedierne.dk\/thy\/wp-content\/uploads\/sites\/2\/2025\/11\/Design-uden-navn-2025-11-18T163808.998.jpg 1232w, https:\/\/kunmedierne.dk\/thy\/wp-content\/uploads\/sites\/2\/2025\/11\/Design-uden-navn-2025-11-18T163808.998-300x200.jpg 300w, https:\/\/kunmedierne.dk\/thy\/wp-content\/uploads\/sites\/2\/2025\/11\/Design-uden-navn-2025-11-18T163808.998-1024x682.jpg 1024w, https:\/\/kunmedierne.dk\/thy\/wp-content\/uploads\/sites\/2\/2025\/11\/Design-uden-navn-2025-11-18T163808.998-510x340.jpg 510w\" sizes=\"auto, (max-width: 1232px) 100vw, 1232px\" \/><p id=\"caption-attachment-13459\" class=\"wp-caption-text\">Interessen for at stemme til \u00e6ldre- og seniorr\u00e5det, her p\u00e5 afstemningsstedet i Munkehallen, er stor. Foto: Jens Fogh-Andersen<\/p><\/div>\n<p>M\u00e5ske er det h\u00e5rfarven, der afg\u00f8r, hvem de tiltaler, men sikkert er det, at det til dato f\u00f8rste fremm\u00f8devalg til \u00e6ldre- og seniorr\u00e5det har f\u00e5et flere af kommunens plus 60-\u00e5rige borgere til at stemme, n\u00e5r de alligevel har taget turen til valgstedet.<\/p>\n<a class=\"dvrt-link\" onClick=\"cdmtrack_click(689,jQuery(this));return false\" href=\"https:\/\/www.thistedbolig.dk\"><img decoding=\"async\" style=\"width:100%;\" src=\"https:\/\/kunmedierne.dk\/thy\/wp-content\/uploads\/sites\/2\/2025\/03\/260414ThistedBoligApril-opslag-002-1.jpg\"><\/a><script>cdmtrack_view(689);<\/script>\n<p>&#8211; Vi har i \u00e6ldre og seniorr\u00e5det k\u00e6mpet for at f\u00e5 fremm\u00f8devalg ogs\u00e5 i Thisted Kommune. Jo flere, der stemmer til \u00e6ldre- og seniorr\u00e5det, jo mere demokratisk er det, siger Eskild Boeskov, som, ud over at v\u00e6re tilforordnet til seniorernes valg i Munkehallen ogs\u00e5 er formand for kommunens nuv\u00e6rende \u00e6ldre- og seniorr\u00e5d med 11 medlemmer.<\/p>\n<p>Nu skal der findes 11 nye medlemmer, blandt de 15 kandidater, der er opstillet.<\/p>\n<p>B\u00e5de i 2017 og 2021, hvor der vikke kunne stemmes til \u00e6ldrer\u00e5det ved fremm\u00f8devalg, var stemmeprocenten lav. 35 procent i 2017 og 32 procent i 2021.<\/p>\n<div id=\"attachment_13469\" style=\"width: 1242px\" class=\"wp-caption alignnone\"><img loading=\"lazy\" decoding=\"async\" aria-describedby=\"caption-attachment-13469\" class=\"wp-image-13469 size-full\" src=\"https:\/\/kunmedierne.dk\/thy\/wp-content\/uploads\/sites\/2\/2025\/11\/Design-uden-navn-2025-11-18T173333.245.jpg\" alt=\"\" width=\"1232\" height=\"821\" srcset=\"https:\/\/kunmedierne.dk\/thy\/wp-content\/uploads\/sites\/2\/2025\/11\/Design-uden-navn-2025-11-18T173333.245.jpg 1232w, https:\/\/kunmedierne.dk\/thy\/wp-content\/uploads\/sites\/2\/2025\/11\/Design-uden-navn-2025-11-18T173333.245-300x200.jpg 300w, https:\/\/kunmedierne.dk\/thy\/wp-content\/uploads\/sites\/2\/2025\/11\/Design-uden-navn-2025-11-18T173333.245-1024x682.jpg 1024w, https:\/\/kunmedierne.dk\/thy\/wp-content\/uploads\/sites\/2\/2025\/11\/Design-uden-navn-2025-11-18T173333.245-510x340.jpg 510w\" sizes=\"auto, (max-width: 1232px) 100vw, 1232px\" \/><p id=\"caption-attachment-13469\" class=\"wp-caption-text\">&#8211; Vi har k\u00e6mpet for at f\u00e5 fremm\u00f8devalg, siger Eskild Boeskov som h\u00e5ber, at det f\u00e5r positiv effekt for stemmeprocenten til kommunens \u00e6ldre- og seniorr\u00e5d. Foto: Jens Fogh-Andersen<\/p><\/div>\n<p>&#8211; Vi har en forventning om, at fremm\u00f8devalget f\u00e5r flere til at stemme end tidligere. Det h\u00e5ber vi, for vi har k\u00e6mpet for at f\u00e5 fremm\u00f8devalg, siger Eskild Boeskov.<\/p>\n<p>I mods\u00e6tning til valget til kommunalbestyrelse og regionsr\u00e5dsvalg stemmes der elektronisk til valget til \u00e6ldrer\u00e5det. V\u00e6lgeren scanner sit sygesikringsbevis, finder sin kandidat p\u00e5 sk\u00e6rmen, trykker i afstemningsfeltet &#8211; og bekr\u00e6fter.<\/p>\n<p>&#8211; Det har voldt lidt problemer for nogen, men ikke mere end det med lidt hj\u00e6lp har v\u00e6ret til at klare for alle, siger Eskild Boeskov.<\/p>\n<a class=\"dvrt-link\" onClick=\"cdmtrack_click(683,jQuery(this));return false\" href=\"https:\/\/vester-begr.dk\/?utm_source=google&amp;utm_medium=advative&amp;gad_source=1&amp;gclid=Cj0KCQjwtJ6_BhDWARIsAGanmKfl-hGVVjCYiOgSKoGoxrow4kvXybZsnruKJYTslvqZDywT6a9PCQwaAmBjEALw_wcB\"><img decoding=\"async\" style=\"width:100%;\" src=\"https:\/\/kunmedierne.dk\/thy\/wp-content\/uploads\/sites\/2\/2025\/03\/260203VesterHoukaer-02022026.jpg\"><\/a><script>cdmtrack_view(683);<\/script>\n<p>Fremm\u00f8devalg er ikke den eneste mulighed for de plus 60-\u00e5rige, der vil stemme til \u00e6ldre- og seniorr\u00e5det. Det har v\u00e6ret muligt at stemme hjemmefra eller g\u00f8re det med en brevstemme, men i Munkehallen tydede det fra morgenstunden p\u00e5, at lysten til at m\u00f8de op for at stemme var stor.<\/p>\n<p>&#8211; Jeg troede, jeg kom til at kede mig, siger Jan Bang, der er tilforordnet til \u00e6ldre- og seniorr\u00e5dsvalget i Munkehallen.<\/p>\n<p>Ud p\u00e5 eftermiddagen kan han se, at han tog fejl.<\/p>\n<p>&#8211; Her har faktisk v\u00e6ret travlt. Fra klokken otte i morges til henad klokken 13 var der til tider lang k\u00f8. M\u00e5ske fordi vi kun har en stemmeboks, men jeg tror ogs\u00e5, at interessen er st\u00f8rre, fordi \u00e6ldrer\u00e5det har k\u00e6mpet for at f\u00e5 indf\u00f8rt fremm\u00f8devalg, siger Jan Bang og tilf\u00f8jer, at han oplever dagens funktion som tilforordnet pr\u00e6cis p\u00e5 samme m\u00e5de som da han tidligere var tilforordnet til &#8220;rigtige&#8221; valg.<\/p>\n<p>&#8211; Dengang skete udpegningen efter politiske lister, denne gang er jeg blevet prikket p\u00e5 skulderen med en venlig foresp\u00f8rgsel om at v\u00e6re med. Og selvf\u00f8lgelig, siger Jan Bang.<\/p>\n<p>Eskild Boeskov fort\u00e6ller, at medlemmerne af \u00e6ldrer\u00e5det hver har f\u00e5et til opgave at finde tre tilforordnede til at st\u00e5 for valghandlingen ude p\u00e5 de 15 valgsteder i kommunen.<\/p>\n<p>&#8211; Og det har ikke v\u00e6ret sv\u00e6rt at finde dem, siger han.<\/p>\n","protected":false},"excerpt":{"rendered":"<p>THY: P\u00e5 de 15 valgsteder i Thisted Kommune afvikles der ikke bare valg til kommunalbestyrelsen og regionsr\u00e5d. For f\u00f8rste gang er der mulighed for at stemme til kommunens \u00e6ldre- og seniorr\u00e5d ved &#8220;fremm\u00f8devalg&#8221;. Derfor er der ude p\u00e5 de i alt 15 valgsteder i kommunen indrettet en s\u00e6rlig stemmeboks til de borgere, der har stemmeret [&hellip;]<\/p>\n","protected":false},"author":4535,"featured_media":0,"comment_status":"closed","ping_status":"closed","sticky":false,"template":"","format":"standard","meta":{"_acf_changed":false,"footnotes":""},"categories":[24],"tags":[89],"class_list":["post-13463","post","type-post","status-publish","format-standard","hentry","category-lokalt","tag-kommunalvalg"],"acf":[],"yoast_head":"<!-- This site is optimized with the Yoast SEO plugin v26.8 - https:\/\/yoast.com\/product\/yoast-seo-wordpress\/ -->\n<title>De plus 60-\u00e5rige stemmer flittigt til deres &quot;eget&quot; valg - Thy<\/title>\n<meta name=\"robots\" content=\"index, follow, max-snippet:-1, max-image-preview:large, max-video-preview:-1\" \/>\n<link rel=\"canonical\" href=\"https:\/\/kunmedierne.dk\/thy\/de-plus-60-aarige-stemmer-flittigt-til-deres-eget-valg\/\" \/>\n<meta property=\"og:locale\" content=\"da_DK\" \/>\n<meta property=\"og:type\" content=\"article\" \/>\n<meta property=\"og:title\" content=\"De plus 60-\u00e5rige stemmer flittigt til deres &quot;eget&quot; valg - Thy\" \/>\n<meta property=\"og:description\" content=\"THY: P\u00e5 de 15 valgsteder i Thisted Kommune afvikles der ikke bare valg til kommunalbestyrelsen og regionsr\u00e5d. For f\u00f8rste gang er der mulighed for at stemme til kommunens \u00e6ldre- og seniorr\u00e5d ved &#8220;fremm\u00f8devalg&#8221;. Derfor er der ude p\u00e5 de i alt 15 valgsteder i kommunen indrettet en s\u00e6rlig stemmeboks til de borgere, der har stemmeret [&hellip;]\" \/>\n<meta property=\"og:url\" content=\"https:\/\/kunmedierne.dk\/thy\/de-plus-60-aarige-stemmer-flittigt-til-deres-eget-valg\/\" \/>\n<meta property=\"og:site_name\" content=\"Thy\" \/>\n<meta property=\"article:published_time\" content=\"2025-11-18T16:39:05+00:00\" \/>\n<meta property=\"og:image\" content=\"https:\/\/kunmedierne.dk\/thy\/wp-content\/uploads\/sites\/2\/2025\/11\/Design-uden-navn-2025-11-18T163808.998.jpg\" \/>\n<meta name=\"author\" content=\"Jens Fogh Andersen\" \/>\n<meta name=\"twitter:card\" content=\"summary_large_image\" \/>\n<meta name=\"twitter:label1\" content=\"Skrevet af\" \/>\n\t<meta name=\"twitter:data1\" content=\"Jens Fogh Andersen\" \/>\n\t<meta name=\"twitter:label2\" content=\"Estimeret l\u00e6setid\" \/>\n\t<meta name=\"twitter:data2\" content=\"4 minutter\" \/>\n<script type=\"application\/ld+json\" class=\"yoast-schema-graph\">{\"@context\":\"https:\/\/schema.org\",\"@graph\":[{\"@type\":\"Article\",\"@id\":\"https:\/\/kunmedierne.dk\/thy\/de-plus-60-aarige-stemmer-flittigt-til-deres-eget-valg\/#article\",\"isPartOf\":{\"@id\":\"https:\/\/kunmedierne.dk\/thy\/de-plus-60-aarige-stemmer-flittigt-til-deres-eget-valg\/\"},\"author\":{\"name\":\"Jens Fogh Andersen\",\"@id\":\"https:\/\/kunmedierne.dk\/thy\/#\/schema\/person\/88f5be46809ca2a5533760eb574fef93\"},\"headline\":\"De plus 60-\u00e5rige stemmer flittigt til deres &#8220;eget&#8221; valg\",\"datePublished\":\"2025-11-18T16:39:05+00:00\",\"mainEntityOfPage\":{\"@id\":\"https:\/\/kunmedierne.dk\/thy\/de-plus-60-aarige-stemmer-flittigt-til-deres-eget-valg\/\"},\"wordCount\":729,\"publisher\":{\"@id\":\"https:\/\/kunmedierne.dk\/thy\/#organization\"},\"image\":{\"@id\":\"https:\/\/kunmedierne.dk\/thy\/de-plus-60-aarige-stemmer-flittigt-til-deres-eget-valg\/#primaryimage\"},\"thumbnailUrl\":\"https:\/\/kunmedierne.dk\/thy\/wp-content\/uploads\/sites\/2\/2025\/11\/Design-uden-navn-2025-11-18T163808.998.jpg\",\"keywords\":[\"Kommunalvalg\"],\"articleSection\":[\"Lokalt\"],\"inLanguage\":\"da-DK\"},{\"@type\":\"WebPage\",\"@id\":\"https:\/\/kunmedierne.dk\/thy\/de-plus-60-aarige-stemmer-flittigt-til-deres-eget-valg\/\",\"url\":\"https:\/\/kunmedierne.dk\/thy\/de-plus-60-aarige-stemmer-flittigt-til-deres-eget-valg\/\",\"name\":\"De plus 60-\u00e5rige stemmer flittigt til deres \\\"eget\\\" valg - Thy\",\"isPartOf\":{\"@id\":\"https:\/\/kunmedierne.dk\/thy\/#website\"},\"primaryImageOfPage\":{\"@id\":\"https:\/\/kunmedierne.dk\/thy\/de-plus-60-aarige-stemmer-flittigt-til-deres-eget-valg\/#primaryimage\"},\"image\":{\"@id\":\"https:\/\/kunmedierne.dk\/thy\/de-plus-60-aarige-stemmer-flittigt-til-deres-eget-valg\/#primaryimage\"},\"thumbnailUrl\":\"https:\/\/kunmedierne.dk\/thy\/wp-content\/uploads\/sites\/2\/2025\/11\/Design-uden-navn-2025-11-18T163808.998.jpg\",\"datePublished\":\"2025-11-18T16:39:05+00:00\",\"breadcrumb\":{\"@id\":\"https:\/\/kunmedierne.dk\/thy\/de-plus-60-aarige-stemmer-flittigt-til-deres-eget-valg\/#breadcrumb\"},\"inLanguage\":\"da-DK\",\"potentialAction\":[{\"@type\":\"ReadAction\",\"target\":[\"https:\/\/kunmedierne.dk\/thy\/de-plus-60-aarige-stemmer-flittigt-til-deres-eget-valg\/\"]}]},{\"@type\":\"ImageObject\",\"inLanguage\":\"da-DK\",\"@id\":\"https:\/\/kunmedierne.dk\/thy\/de-plus-60-aarige-stemmer-flittigt-til-deres-eget-valg\/#primaryimage\",\"url\":\"https:\/\/kunmedierne.dk\/thy\/wp-content\/uploads\/sites\/2\/2025\/11\/Design-uden-navn-2025-11-18T163808.998.jpg\",\"contentUrl\":\"https:\/\/kunmedierne.dk\/thy\/wp-content\/uploads\/sites\/2\/2025\/11\/Design-uden-navn-2025-11-18T163808.998.jpg\",\"width\":1232,\"height\":821},{\"@type\":\"BreadcrumbList\",\"@id\":\"https:\/\/kunmedierne.dk\/thy\/de-plus-60-aarige-stemmer-flittigt-til-deres-eget-valg\/#breadcrumb\",\"itemListElement\":[{\"@type\":\"ListItem\",\"position\":1,\"name\":\"Home\",\"item\":\"https:\/\/kunmedierne.dk\/thy\/\"},{\"@type\":\"ListItem\",\"position\":2,\"name\":\"De plus 60-\u00e5rige stemmer flittigt til deres &#8220;eget&#8221; valg\"}]},{\"@type\":\"WebSite\",\"@id\":\"https:\/\/kunmedierne.dk\/thy\/#website\",\"url\":\"https:\/\/kunmedierne.dk\/thy\/\",\"name\":\"Thy\",\"description\":\"et netmedie med journalistik om livet i Thy\",\"publisher\":{\"@id\":\"https:\/\/kunmedierne.dk\/thy\/#organization\"},\"potentialAction\":[{\"@type\":\"SearchAction\",\"target\":{\"@type\":\"EntryPoint\",\"urlTemplate\":\"https:\/\/kunmedierne.dk\/thy\/?s={search_term_string}\"},\"query-input\":{\"@type\":\"PropertyValueSpecification\",\"valueRequired\":true,\"valueName\":\"search_term_string\"}}],\"inLanguage\":\"da-DK\"},{\"@type\":\"Organization\",\"@id\":\"https:\/\/kunmedierne.dk\/thy\/#organization\",\"name\":\"Thy\",\"url\":\"https:\/\/kunmedierne.dk\/thy\/\",\"logo\":{\"@type\":\"ImageObject\",\"inLanguage\":\"da-DK\",\"@id\":\"https:\/\/kunmedierne.dk\/thy\/#\/schema\/logo\/image\/\",\"url\":\"https:\/\/kunmedierne.dk\/thy\/wp-content\/uploads\/sites\/2\/2025\/04\/kunthy-logo.svg\",\"contentUrl\":\"https:\/\/kunmedierne.dk\/thy\/wp-content\/uploads\/sites\/2\/2025\/04\/kunthy-logo.svg\",\"caption\":\"Thy\"},\"image\":{\"@id\":\"https:\/\/kunmedierne.dk\/thy\/#\/schema\/logo\/image\/\"}},{\"@type\":\"Person\",\"@id\":\"https:\/\/kunmedierne.dk\/thy\/#\/schema\/person\/88f5be46809ca2a5533760eb574fef93\",\"name\":\"Jens Fogh Andersen\",\"image\":{\"@type\":\"ImageObject\",\"inLanguage\":\"da-DK\",\"@id\":\"https:\/\/kunmedierne.dk\/thy\/#\/schema\/person\/image\/\",\"url\":\"https:\/\/secure.gravatar.com\/avatar\/2b367a4ef139b1c41dccc9ee7af926b81f8b4cca3359772e86c7fd5ced26c0a3?s=96&d=mm&r=g\",\"contentUrl\":\"https:\/\/secure.gravatar.com\/avatar\/2b367a4ef139b1c41dccc9ee7af926b81f8b4cca3359772e86c7fd5ced26c0a3?s=96&d=mm&r=g\",\"caption\":\"Jens Fogh Andersen\"},\"url\":\"https:\/\/kunmedierne.dk\/thy\/author\/jfa\/\"}]}<\/script>\n<!-- \/ Yoast SEO plugin. -->","yoast_head_json":{"title":"De plus 60-\u00e5rige stemmer flittigt til deres \"eget\" valg - Thy","robots":{"index":"index","follow":"follow","max-snippet":"max-snippet:-1","max-image-preview":"max-image-preview:large","max-video-preview":"max-video-preview:-1"},"canonical":"https:\/\/kunmedierne.dk\/thy\/de-plus-60-aarige-stemmer-flittigt-til-deres-eget-valg\/","og_locale":"da_DK","og_type":"article","og_title":"De plus 60-\u00e5rige stemmer flittigt til deres \"eget\" valg - Thy","og_description":"THY: P\u00e5 de 15 valgsteder i Thisted Kommune afvikles der ikke bare valg til kommunalbestyrelsen og regionsr\u00e5d. For f\u00f8rste gang er der mulighed for at stemme til kommunens \u00e6ldre- og seniorr\u00e5d ved &#8220;fremm\u00f8devalg&#8221;. Derfor er der ude p\u00e5 de i alt 15 valgsteder i kommunen indrettet en s\u00e6rlig stemmeboks til de borgere, der har stemmeret [&hellip;]","og_url":"https:\/\/kunmedierne.dk\/thy\/de-plus-60-aarige-stemmer-flittigt-til-deres-eget-valg\/","og_site_name":"Thy","article_published_time":"2025-11-18T16:39:05+00:00","og_image":[{"url":"https:\/\/kunmedierne.dk\/thy\/wp-content\/uploads\/sites\/2\/2025\/11\/Design-uden-navn-2025-11-18T163808.998.jpg","type":"","width":"","height":""}],"author":"Jens Fogh Andersen","twitter_card":"summary_large_image","twitter_misc":{"Skrevet af":"Jens Fogh Andersen","Estimeret l\u00e6setid":"4 minutter"},"schema":{"@context":"https:\/\/schema.org","@graph":[{"@type":"Article","@id":"https:\/\/kunmedierne.dk\/thy\/de-plus-60-aarige-stemmer-flittigt-til-deres-eget-valg\/#article","isPartOf":{"@id":"https:\/\/kunmedierne.dk\/thy\/de-plus-60-aarige-stemmer-flittigt-til-deres-eget-valg\/"},"author":{"name":"Jens Fogh Andersen","@id":"https:\/\/kunmedierne.dk\/thy\/#\/schema\/person\/88f5be46809ca2a5533760eb574fef93"},"headline":"De plus 60-\u00e5rige stemmer flittigt til deres &#8220;eget&#8221; valg","datePublished":"2025-11-18T16:39:05+00:00","mainEntityOfPage":{"@id":"https:\/\/kunmedierne.dk\/thy\/de-plus-60-aarige-stemmer-flittigt-til-deres-eget-valg\/"},"wordCount":729,"publisher":{"@id":"https:\/\/kunmedierne.dk\/thy\/#organization"},"image":{"@id":"https:\/\/kunmedierne.dk\/thy\/de-plus-60-aarige-stemmer-flittigt-til-deres-eget-valg\/#primaryimage"},"thumbnailUrl":"https:\/\/kunmedierne.dk\/thy\/wp-content\/uploads\/sites\/2\/2025\/11\/Design-uden-navn-2025-11-18T163808.998.jpg","keywords":["Kommunalvalg"],"articleSection":["Lokalt"],"inLanguage":"da-DK"},{"@type":"WebPage","@id":"https:\/\/kunmedierne.dk\/thy\/de-plus-60-aarige-stemmer-flittigt-til-deres-eget-valg\/","url":"https:\/\/kunmedierne.dk\/thy\/de-plus-60-aarige-stemmer-flittigt-til-deres-eget-valg\/","name":"De plus 60-\u00e5rige stemmer flittigt til deres \"eget\" valg - Thy","isPartOf":{"@id":"https:\/\/kunmedierne.dk\/thy\/#website"},"primaryImageOfPage":{"@id":"https:\/\/kunmedierne.dk\/thy\/de-plus-60-aarige-stemmer-flittigt-til-deres-eget-valg\/#primaryimage"},"image":{"@id":"https:\/\/kunmedierne.dk\/thy\/de-plus-60-aarige-stemmer-flittigt-til-deres-eget-valg\/#primaryimage"},"thumbnailUrl":"https:\/\/kunmedierne.dk\/thy\/wp-content\/uploads\/sites\/2\/2025\/11\/Design-uden-navn-2025-11-18T163808.998.jpg","datePublished":"2025-11-18T16:39:05+00:00","breadcrumb":{"@id":"https:\/\/kunmedierne.dk\/thy\/de-plus-60-aarige-stemmer-flittigt-til-deres-eget-valg\/#breadcrumb"},"inLanguage":"da-DK","potentialAction":[{"@type":"ReadAction","target":["https:\/\/kunmedierne.dk\/thy\/de-plus-60-aarige-stemmer-flittigt-til-deres-eget-valg\/"]}]},{"@type":"ImageObject","inLanguage":"da-DK","@id":"https:\/\/kunmedierne.dk\/thy\/de-plus-60-aarige-stemmer-flittigt-til-deres-eget-valg\/#primaryimage","url":"https:\/\/kunmedierne.dk\/thy\/wp-content\/uploads\/sites\/2\/2025\/11\/Design-uden-navn-2025-11-18T163808.998.jpg","contentUrl":"https:\/\/kunmedierne.dk\/thy\/wp-content\/uploads\/sites\/2\/2025\/11\/Design-uden-navn-2025-11-18T163808.998.jpg","width":1232,"height":821},{"@type":"BreadcrumbList","@id":"https:\/\/kunmedierne.dk\/thy\/de-plus-60-aarige-stemmer-flittigt-til-deres-eget-valg\/#breadcrumb","itemListElement":[{"@type":"ListItem","position":1,"name":"Home","item":"https:\/\/kunmedierne.dk\/thy\/"},{"@type":"ListItem","position":2,"name":"De plus 60-\u00e5rige stemmer flittigt til deres &#8220;eget&#8221; valg"}]},{"@type":"WebSite","@id":"https:\/\/kunmedierne.dk\/thy\/#website","url":"https:\/\/kunmedierne.dk\/thy\/","name":"Thy","description":"et netmedie med journalistik om livet i Thy","publisher":{"@id":"https:\/\/kunmedierne.dk\/thy\/#organization"},"potentialAction":[{"@type":"SearchAction","target":{"@type":"EntryPoint","urlTemplate":"https:\/\/kunmedierne.dk\/thy\/?s={search_term_string}"},"query-input":{"@type":"PropertyValueSpecification","valueRequired":true,"valueName":"search_term_string"}}],"inLanguage":"da-DK"},{"@type":"Organization","@id":"https:\/\/kunmedierne.dk\/thy\/#organization","name":"Thy","url":"https:\/\/kunmedierne.dk\/thy\/","logo":{"@type":"ImageObject","inLanguage":"da-DK","@id":"https:\/\/kunmedierne.dk\/thy\/#\/schema\/logo\/image\/","url":"https:\/\/kunmedierne.dk\/thy\/wp-content\/uploads\/sites\/2\/2025\/04\/kunthy-logo.svg","contentUrl":"https:\/\/kunmedierne.dk\/thy\/wp-content\/uploads\/sites\/2\/2025\/04\/kunthy-logo.svg","caption":"Thy"},"image":{"@id":"https:\/\/kunmedierne.dk\/thy\/#\/schema\/logo\/image\/"}},{"@type":"Person","@id":"https:\/\/kunmedierne.dk\/thy\/#\/schema\/person\/88f5be46809ca2a5533760eb574fef93","name":"Jens Fogh Andersen","image":{"@type":"ImageObject","inLanguage":"da-DK","@id":"https:\/\/kunmedierne.dk\/thy\/#\/schema\/person\/image\/","url":"https:\/\/secure.gravatar.com\/avatar\/2b367a4ef139b1c41dccc9ee7af926b81f8b4cca3359772e86c7fd5ced26c0a3?s=96&d=mm&r=g","contentUrl":"https:\/\/secure.gravatar.com\/avatar\/2b367a4ef139b1c41dccc9ee7af926b81f8b4cca3359772e86c7fd5ced26c0a3?s=96&d=mm&r=g","caption":"Jens Fogh Andersen"},"url":"https:\/\/kunmedierne.dk\/thy\/author\/jfa\/"}]}},"_links":{"self":[{"href":"https:\/\/kunmedierne.dk\/thy\/wp-json\/wp\/v2\/posts\/13463","targetHints":{"allow":["GET"]}}],"collection":[{"href":"https:\/\/kunmedierne.dk\/thy\/wp-json\/wp\/v2\/posts"}],"about":[{"href":"https:\/\/kunmedierne.dk\/thy\/wp-json\/wp\/v2\/types\/post"}],"author":[{"embeddable":true,"href":"https:\/\/kunmedierne.dk\/thy\/wp-json\/wp\/v2\/users\/4535"}],"replies":[{"embeddable":true,"href":"https:\/\/kunmedierne.dk\/thy\/wp-json\/wp\/v2\/comments?post=13463"}],"version-history":[{"count":6,"href":"https:\/\/kunmedierne.dk\/thy\/wp-json\/wp\/v2\/posts\/13463\/revisions"}],"predecessor-version":[{"id":13472,"href":"https:\/\/kunmedierne.dk\/thy\/wp-json\/wp\/v2\/posts\/13463\/revisions\/13472"}],"wp:attachment":[{"href":"https:\/\/kunmedierne.dk\/thy\/wp-json\/wp\/v2\/media?parent=13463"}],"wp:term":[{"taxonomy":"category","embeddable":true,"href":"https:\/\/kunmedierne.dk\/thy\/wp-json\/wp\/v2\/categories?post=13463"},{"taxonomy":"post_tag","embeddable":true,"href":"https:\/\/kunmedierne.dk\/thy\/wp-json\/wp\/v2\/tags?post=13463"}],"curies":[{"name":"wp","href":"https:\/\/api.w.org\/{rel}","templated":true}]}}