{"id":13432,"date":"2025-11-18T11:45:32","date_gmt":"2025-11-18T10:45:32","guid":{"rendered":"https:\/\/kunmedierne.dk\/thy\/?p=13432"},"modified":"2025-11-18T12:27:02","modified_gmt":"2025-11-18T11:27:02","slug":"demokratiets-vogtere","status":"publish","type":"post","link":"https:\/\/kunmedierne.dk\/thy\/demokratiets-vogtere\/","title":{"rendered":"Demokratiets vogtere p\u00e5 plads fra morgenstunden"},"content":{"rendered":"<p><strong>VORUP\u00d8R:<\/strong> Dannebrogsflagene st\u00e5r endnu i vindfanget p\u00e5 Vorup\u00f8r gamle skole. Om lidt skal de ud og blafre i vinden. Der er f\u00e5 minutter til, at kommunens mindste valgsted \u00e5bner.<\/p>\n<p>Inde i den gamle gymnastiksal er valgstyrere, valgsekret\u00e6rer, valgtilforordnede og valgformand i gang med de sidste forberedelser.<\/p>\n<div id=\"attachment_13438\" style=\"width: 1242px\" class=\"wp-caption alignnone\"><img loading=\"lazy\" decoding=\"async\" aria-describedby=\"caption-attachment-13438\" class=\"wp-image-13438 size-full\" src=\"https:\/\/kunmedierne.dk\/thy\/wp-content\/uploads\/sites\/2\/2025\/11\/Unavngivet-1232-x-802-px-2025-11-18T112752.031.jpg\" alt=\"\" width=\"1232\" height=\"802\" srcset=\"https:\/\/kunmedierne.dk\/thy\/wp-content\/uploads\/sites\/2\/2025\/11\/Unavngivet-1232-x-802-px-2025-11-18T112752.031.jpg 1232w, https:\/\/kunmedierne.dk\/thy\/wp-content\/uploads\/sites\/2\/2025\/11\/Unavngivet-1232-x-802-px-2025-11-18T112752.031-300x195.jpg 300w, https:\/\/kunmedierne.dk\/thy\/wp-content\/uploads\/sites\/2\/2025\/11\/Unavngivet-1232-x-802-px-2025-11-18T112752.031-1024x667.jpg 1024w, https:\/\/kunmedierne.dk\/thy\/wp-content\/uploads\/sites\/2\/2025\/11\/Unavngivet-1232-x-802-px-2025-11-18T112752.031-510x332.jpg 510w\" sizes=\"auto, (max-width: 1232px) 100vw, 1232px\" \/><p id=\"caption-attachment-13438\" class=\"wp-caption-text\">Vorup\u00f8r gamle skole lyser op i morgengryet, f\u00e5 minutter f\u00f8r valgstedet \u00e5bner.<\/p><\/div>\n<p>&nbsp;<\/p>\n<p><img loading=\"lazy\" decoding=\"async\" class=\"alignnone wp-image-13437 size-full\" src=\"https:\/\/kunmedierne.dk\/thy\/wp-content\/uploads\/sites\/2\/2025\/11\/Unavngivet-1232-x-802-px-2025-11-18T113344.501.jpg\" alt=\"\" width=\"1232\" height=\"802\" srcset=\"https:\/\/kunmedierne.dk\/thy\/wp-content\/uploads\/sites\/2\/2025\/11\/Unavngivet-1232-x-802-px-2025-11-18T113344.501.jpg 1232w, https:\/\/kunmedierne.dk\/thy\/wp-content\/uploads\/sites\/2\/2025\/11\/Unavngivet-1232-x-802-px-2025-11-18T113344.501-300x195.jpg 300w, https:\/\/kunmedierne.dk\/thy\/wp-content\/uploads\/sites\/2\/2025\/11\/Unavngivet-1232-x-802-px-2025-11-18T113344.501-1024x667.jpg 1024w, https:\/\/kunmedierne.dk\/thy\/wp-content\/uploads\/sites\/2\/2025\/11\/Unavngivet-1232-x-802-px-2025-11-18T113344.501-510x332.jpg 510w\" sizes=\"auto, (max-width: 1232px) 100vw, 1232px\" \/><\/p>\n<p>Stemmesedlerne er talt op og bundtet. 25 i hver. I alt 700 stemmesedler er klar til at blive udleveret, s\u00e5 krydserne kan blive sat.<\/p>\n<a class=\"dvrt-link\" onClick=\"cdmtrack_click(687,jQuery(this));return false\" href=\"https:\/\/konpap.dk\/?gad_source=1&gclid=Cj0KCQjwtJ6_BhDWARIsAGanmKfOBLC3RBm6obWL5sEb-mp4bsp5QjqWW4j4nx22y0YT2iMiXJcv3MoaApR_EALw_wcB\"><img decoding=\"async\" style=\"width:100%;\" src=\"https:\/\/kunmedierne.dk\/thy\/wp-content\/uploads\/sites\/2\/2025\/03\/redoffice.jpg\"><\/a><script>cdmtrack_view(687);<\/script>\n<p>Charlotte Birkemose er ansat i Thisted Kommune, og hun er administrativ ansvarlig valgsekret\u00e6r.<\/p>\n<p>Nogle minutter f\u00f8r valghandlingen begynder, kalder hun folk sammen og opsummerer nogle f\u00e5 retningslinjer. For eksempel er det muligt at f\u00e5 ombyttet sin stemmeseddel, hvis man fortryder sit kryds eller har sat \u00e9t for meget.<\/p>\n<p>N\u00e5r stemmeopt\u00e6llingen g\u00e5r i gang efter kl. 20, skal de valgtilforordnede v\u00e6re opm\u00e6rksomme p\u00e5 nye retningslinjer for kassering af stemmer som ugyldige. Reglerne er lidt mindre strikse end tidligere, fx godkendes et kryds med en ring omkring.<\/p>\n<p>Der er ogs\u00e5 en bem\u00e6rkning om, at hvis nogen \u00f8nsker at stemme uden for valglokalet, skal der v\u00e6re to valgtilforordnede til stede.<\/p>\n<p>Det er 4. gang, Charlotte Birkemose har tjansen ved kommunalvalget p\u00e5 valgstedet i Vorup\u00f8r.<\/p>\n<p>&#8211; Jeg elsker at v\u00e6re her i Vorup\u00f8r. Folk hilser p\u00e5 hinanden og ofte f\u00e5r man en lille snak, siger hun.<\/p>\n<a class=\"dvrt-link\" onClick=\"cdmtrack_click(687,jQuery(this));return false\" href=\"https:\/\/konpap.dk\/?gad_source=1&gclid=Cj0KCQjwtJ6_BhDWARIsAGanmKfOBLC3RBm6obWL5sEb-mp4bsp5QjqWW4j4nx22y0YT2iMiXJcv3MoaApR_EALw_wcB\"><img decoding=\"async\" style=\"width:100%;\" src=\"https:\/\/kunmedierne.dk\/thy\/wp-content\/uploads\/sites\/2\/2025\/03\/redoffice.jpg\"><\/a><script>cdmtrack_view(687);<\/script>\n<p>Egnens v\u00e6lgere har dog ikke travlt med at komme ind og s\u00e6tte krydset. Kun \u00e9n v\u00e6lger st\u00e5r klar, da valgformand Ole Olsen erkl\u00e6rer valgstedet for \u00e5bent.<\/p>\n<p>Klokke 8.30 har 19 afgivet deres stemme.<\/p>\n<p>Susanne Andersen er valgstyrer og udpeget af partiet Venstre. Susanne har ogs\u00e5 mange \u00e5rs erfaring, helt pr\u00e6cist husker hun ikke, hvorn\u00e5r hun begyndte, men det er mindst 16 \u00e5r siden.<\/p>\n<div id=\"attachment_13436\" style=\"width: 1242px\" class=\"wp-caption alignnone\"><img loading=\"lazy\" decoding=\"async\" aria-describedby=\"caption-attachment-13436\" class=\"wp-image-13436 size-full\" src=\"https:\/\/kunmedierne.dk\/thy\/wp-content\/uploads\/sites\/2\/2025\/11\/Unavngivet-1232-x-802-px-2025-11-18T112847.349.jpg\" alt=\"\" width=\"1232\" height=\"802\" srcset=\"https:\/\/kunmedierne.dk\/thy\/wp-content\/uploads\/sites\/2\/2025\/11\/Unavngivet-1232-x-802-px-2025-11-18T112847.349.jpg 1232w, https:\/\/kunmedierne.dk\/thy\/wp-content\/uploads\/sites\/2\/2025\/11\/Unavngivet-1232-x-802-px-2025-11-18T112847.349-300x195.jpg 300w, https:\/\/kunmedierne.dk\/thy\/wp-content\/uploads\/sites\/2\/2025\/11\/Unavngivet-1232-x-802-px-2025-11-18T112847.349-1024x667.jpg 1024w, https:\/\/kunmedierne.dk\/thy\/wp-content\/uploads\/sites\/2\/2025\/11\/Unavngivet-1232-x-802-px-2025-11-18T112847.349-510x332.jpg 510w\" sizes=\"auto, (max-width: 1232px) 100vw, 1232px\" \/><p id=\"caption-attachment-13436\" class=\"wp-caption-text\">Valgstyrer Susanne Andersen udleverer en stemmeseddel til en af de lokale. Ved den b\u00e6rbare computer sidder valgsekret\u00e6r Birgitte Gr\u00f8nborg Madsen.<\/p><\/div>\n<p>&#8211; Jeg synes, det er en sp\u00e6ndende og fin dag. De fleste af de lokale kommer, og det er hyggeligt, siger hun.<\/p>\n<p>I Vorup\u00f8r er der p\u00e5 kommunalvalgsdagen i alt 12 mennesker, der s\u00f8rger for, at alt g\u00e5r rigtigt til. Nogle er som Susanne repr\u00e6sentanter for forskellige partiforeninger, mens andre er kommunalt ansatte.<\/p>\n<p>Det bliver en lang dag, men Susanne regner med, at opt\u00e6llingen sker hurtigt, efter at valglokalet er lukket kl. 20 i aften.<\/p>\n<p>&#8211; Det er rimelig overskueligt herude. F\u00f8rst deler vi op i bunker efter partier, og derefter kommer de i bunker efter personlige stemmer.<\/p>\n<a class=\"dvrt-link\" onClick=\"cdmtrack_click(685,jQuery(this));return false\" href=\"https:\/\/wensien.dk\/begravelse\/?gad_source=1&gclid=Cj0KCQjwtJ6_BhDWARIsAGanmKcWw6hbeoepGti1oApJGHln52gMbg8EBRZ86__3P1AJZ5dcsw4ZvNEaAk7JEALw_wcB\"><img decoding=\"async\" style=\"width:100%;\" src=\"https:\/\/kunmedierne.dk\/thy\/wp-content\/uploads\/sites\/2\/2025\/03\/wensien-stenhugger.jpg\"><\/a><script>cdmtrack_view(685);<\/script>\n<p>Alt bliver tjekket med antal afleverede valgkort og optalte stemmer &#8211; herunder ugyldige stemmer og blanke stemmer.<\/p>\n<p>&#8211; Tallene skal g\u00e5 op p\u00e5 kryds og tv\u00e6rs, men jeg tror, vi kan g\u00f8re det rimelig hurtigt, siger Susanne Andersen.<\/p>\n<p>Der er 764 stemmeberettigede i Vorup\u00f8r, der er det mindste valgsted i Thisted Kommune.<\/p>\n<p>I alt er der 15 valgsteder i kommunen.<\/p>\n<p>&nbsp;<\/p>\n<p>&nbsp;<\/p>\n<p>&nbsp;<\/p>\n<p>&nbsp;<\/p>\n","protected":false},"excerpt":{"rendered":"<p>VORUP\u00d8R: Dannebrogsflagene st\u00e5r endnu i vindfanget p\u00e5 Vorup\u00f8r gamle skole. Om lidt skal de ud og blafre i vinden. Der er f\u00e5 minutter til, at kommunens mindste valgsted \u00e5bner. Inde i den gamle gymnastiksal er valgstyrere, valgsekret\u00e6rer, valgtilforordnede og valgformand i gang med de sidste forberedelser. &nbsp; Stemmesedlerne er talt op og bundtet. 25 i [&hellip;]<\/p>\n","protected":false},"author":1925,"featured_media":0,"comment_status":"closed","ping_status":"closed","sticky":false,"template":"","format":"standard","meta":{"_acf_changed":false,"footnotes":""},"categories":[24],"tags":[89],"class_list":["post-13432","post","type-post","status-publish","format-standard","hentry","category-lokalt","tag-kommunalvalg"],"acf":[],"yoast_head":"<!-- This site is optimized with the Yoast SEO plugin v26.8 - https:\/\/yoast.com\/product\/yoast-seo-wordpress\/ -->\n<title>Demokratiets vogtere p\u00e5 plads fra morgenstunden - Thy<\/title>\n<meta name=\"robots\" content=\"index, follow, max-snippet:-1, max-image-preview:large, max-video-preview:-1\" \/>\n<link rel=\"canonical\" href=\"https:\/\/kunmedierne.dk\/thy\/demokratiets-vogtere\/\" \/>\n<meta property=\"og:locale\" content=\"da_DK\" \/>\n<meta property=\"og:type\" content=\"article\" \/>\n<meta property=\"og:title\" content=\"Demokratiets vogtere p\u00e5 plads fra morgenstunden - Thy\" \/>\n<meta property=\"og:description\" content=\"VORUP\u00d8R: Dannebrogsflagene st\u00e5r endnu i vindfanget p\u00e5 Vorup\u00f8r gamle skole. Om lidt skal de ud og blafre i vinden. Der er f\u00e5 minutter til, at kommunens mindste valgsted \u00e5bner. Inde i den gamle gymnastiksal er valgstyrere, valgsekret\u00e6rer, valgtilforordnede og valgformand i gang med de sidste forberedelser. &nbsp; Stemmesedlerne er talt op og bundtet. 25 i [&hellip;]\" \/>\n<meta property=\"og:url\" content=\"https:\/\/kunmedierne.dk\/thy\/demokratiets-vogtere\/\" \/>\n<meta property=\"og:site_name\" content=\"Thy\" \/>\n<meta property=\"article:published_time\" content=\"2025-11-18T10:45:32+00:00\" \/>\n<meta property=\"article:modified_time\" content=\"2025-11-18T11:27:02+00:00\" \/>\n<meta property=\"og:image\" content=\"https:\/\/kunmedierne.dk\/thy\/wp-content\/uploads\/sites\/2\/2025\/11\/Unavngivet-1232-x-802-px-2025-11-18T112752.031.jpg\" \/>\n\t<meta property=\"og:image:width\" content=\"1232\" \/>\n\t<meta property=\"og:image:height\" content=\"802\" \/>\n\t<meta property=\"og:image:type\" content=\"image\/jpeg\" \/>\n<meta name=\"author\" content=\"Lone L\u00e6rke Krog\" \/>\n<meta name=\"twitter:card\" content=\"summary_large_image\" \/>\n<meta name=\"twitter:label1\" content=\"Skrevet af\" \/>\n\t<meta name=\"twitter:data1\" content=\"Lone L\u00e6rke Krog\" \/>\n\t<meta name=\"twitter:label2\" content=\"Estimeret l\u00e6setid\" \/>\n\t<meta name=\"twitter:data2\" content=\"4 minutter\" \/>\n<script type=\"application\/ld+json\" class=\"yoast-schema-graph\">{\"@context\":\"https:\/\/schema.org\",\"@graph\":[{\"@type\":\"Article\",\"@id\":\"https:\/\/kunmedierne.dk\/thy\/demokratiets-vogtere\/#article\",\"isPartOf\":{\"@id\":\"https:\/\/kunmedierne.dk\/thy\/demokratiets-vogtere\/\"},\"author\":{\"name\":\"Lone L\u00e6rke Krog\",\"@id\":\"https:\/\/kunmedierne.dk\/thy\/#\/schema\/person\/d266634ba6550d075ecf540d63b245d2\"},\"headline\":\"Demokratiets vogtere p\u00e5 plads fra morgenstunden\",\"datePublished\":\"2025-11-18T10:45:32+00:00\",\"dateModified\":\"2025-11-18T11:27:02+00:00\",\"mainEntityOfPage\":{\"@id\":\"https:\/\/kunmedierne.dk\/thy\/demokratiets-vogtere\/\"},\"wordCount\":524,\"publisher\":{\"@id\":\"https:\/\/kunmedierne.dk\/thy\/#organization\"},\"image\":{\"@id\":\"https:\/\/kunmedierne.dk\/thy\/demokratiets-vogtere\/#primaryimage\"},\"thumbnailUrl\":\"https:\/\/kunmedierne.dk\/thy\/wp-content\/uploads\/sites\/2\/2025\/11\/Unavngivet-1232-x-802-px-2025-11-18T112752.031.jpg\",\"keywords\":[\"Kommunalvalg\"],\"articleSection\":[\"Lokalt\"],\"inLanguage\":\"da-DK\"},{\"@type\":\"WebPage\",\"@id\":\"https:\/\/kunmedierne.dk\/thy\/demokratiets-vogtere\/\",\"url\":\"https:\/\/kunmedierne.dk\/thy\/demokratiets-vogtere\/\",\"name\":\"Demokratiets vogtere p\u00e5 plads fra morgenstunden - Thy\",\"isPartOf\":{\"@id\":\"https:\/\/kunmedierne.dk\/thy\/#website\"},\"primaryImageOfPage\":{\"@id\":\"https:\/\/kunmedierne.dk\/thy\/demokratiets-vogtere\/#primaryimage\"},\"image\":{\"@id\":\"https:\/\/kunmedierne.dk\/thy\/demokratiets-vogtere\/#primaryimage\"},\"thumbnailUrl\":\"https:\/\/kunmedierne.dk\/thy\/wp-content\/uploads\/sites\/2\/2025\/11\/Unavngivet-1232-x-802-px-2025-11-18T112752.031.jpg\",\"datePublished\":\"2025-11-18T10:45:32+00:00\",\"dateModified\":\"2025-11-18T11:27:02+00:00\",\"breadcrumb\":{\"@id\":\"https:\/\/kunmedierne.dk\/thy\/demokratiets-vogtere\/#breadcrumb\"},\"inLanguage\":\"da-DK\",\"potentialAction\":[{\"@type\":\"ReadAction\",\"target\":[\"https:\/\/kunmedierne.dk\/thy\/demokratiets-vogtere\/\"]}]},{\"@type\":\"ImageObject\",\"inLanguage\":\"da-DK\",\"@id\":\"https:\/\/kunmedierne.dk\/thy\/demokratiets-vogtere\/#primaryimage\",\"url\":\"https:\/\/kunmedierne.dk\/thy\/wp-content\/uploads\/sites\/2\/2025\/11\/Unavngivet-1232-x-802-px-2025-11-18T112752.031.jpg\",\"contentUrl\":\"https:\/\/kunmedierne.dk\/thy\/wp-content\/uploads\/sites\/2\/2025\/11\/Unavngivet-1232-x-802-px-2025-11-18T112752.031.jpg\",\"width\":1232,\"height\":802},{\"@type\":\"BreadcrumbList\",\"@id\":\"https:\/\/kunmedierne.dk\/thy\/demokratiets-vogtere\/#breadcrumb\",\"itemListElement\":[{\"@type\":\"ListItem\",\"position\":1,\"name\":\"Home\",\"item\":\"https:\/\/kunmedierne.dk\/thy\/\"},{\"@type\":\"ListItem\",\"position\":2,\"name\":\"Demokratiets vogtere p\u00e5 plads fra morgenstunden\"}]},{\"@type\":\"WebSite\",\"@id\":\"https:\/\/kunmedierne.dk\/thy\/#website\",\"url\":\"https:\/\/kunmedierne.dk\/thy\/\",\"name\":\"Thy\",\"description\":\"et netmedie med journalistik om livet i Thy\",\"publisher\":{\"@id\":\"https:\/\/kunmedierne.dk\/thy\/#organization\"},\"potentialAction\":[{\"@type\":\"SearchAction\",\"target\":{\"@type\":\"EntryPoint\",\"urlTemplate\":\"https:\/\/kunmedierne.dk\/thy\/?s={search_term_string}\"},\"query-input\":{\"@type\":\"PropertyValueSpecification\",\"valueRequired\":true,\"valueName\":\"search_term_string\"}}],\"inLanguage\":\"da-DK\"},{\"@type\":\"Organization\",\"@id\":\"https:\/\/kunmedierne.dk\/thy\/#organization\",\"name\":\"Thy\",\"url\":\"https:\/\/kunmedierne.dk\/thy\/\",\"logo\":{\"@type\":\"ImageObject\",\"inLanguage\":\"da-DK\",\"@id\":\"https:\/\/kunmedierne.dk\/thy\/#\/schema\/logo\/image\/\",\"url\":\"https:\/\/kunmedierne.dk\/thy\/wp-content\/uploads\/sites\/2\/2025\/04\/kunthy-logo.svg\",\"contentUrl\":\"https:\/\/kunmedierne.dk\/thy\/wp-content\/uploads\/sites\/2\/2025\/04\/kunthy-logo.svg\",\"caption\":\"Thy\"},\"image\":{\"@id\":\"https:\/\/kunmedierne.dk\/thy\/#\/schema\/logo\/image\/\"}},{\"@type\":\"Person\",\"@id\":\"https:\/\/kunmedierne.dk\/thy\/#\/schema\/person\/d266634ba6550d075ecf540d63b245d2\",\"name\":\"Lone L\u00e6rke Krog\",\"image\":{\"@type\":\"ImageObject\",\"inLanguage\":\"da-DK\",\"@id\":\"https:\/\/kunmedierne.dk\/thy\/#\/schema\/person\/image\/\",\"url\":\"https:\/\/secure.gravatar.com\/avatar\/496ddc7080e56b4ac64cfd4e56bd6d1ee396fa3db1923aa22f11346f60bb135b?s=96&d=mm&r=g\",\"contentUrl\":\"https:\/\/secure.gravatar.com\/avatar\/496ddc7080e56b4ac64cfd4e56bd6d1ee396fa3db1923aa22f11346f60bb135b?s=96&d=mm&r=g\",\"caption\":\"Lone L\u00e6rke Krog\"},\"url\":\"https:\/\/kunmedierne.dk\/thy\/author\/llk\/\"}]}<\/script>\n<!-- \/ Yoast SEO plugin. -->","yoast_head_json":{"title":"Demokratiets vogtere p\u00e5 plads fra morgenstunden - Thy","robots":{"index":"index","follow":"follow","max-snippet":"max-snippet:-1","max-image-preview":"max-image-preview:large","max-video-preview":"max-video-preview:-1"},"canonical":"https:\/\/kunmedierne.dk\/thy\/demokratiets-vogtere\/","og_locale":"da_DK","og_type":"article","og_title":"Demokratiets vogtere p\u00e5 plads fra morgenstunden - Thy","og_description":"VORUP\u00d8R: Dannebrogsflagene st\u00e5r endnu i vindfanget p\u00e5 Vorup\u00f8r gamle skole. Om lidt skal de ud og blafre i vinden. Der er f\u00e5 minutter til, at kommunens mindste valgsted \u00e5bner. Inde i den gamle gymnastiksal er valgstyrere, valgsekret\u00e6rer, valgtilforordnede og valgformand i gang med de sidste forberedelser. &nbsp; Stemmesedlerne er talt op og bundtet. 25 i [&hellip;]","og_url":"https:\/\/kunmedierne.dk\/thy\/demokratiets-vogtere\/","og_site_name":"Thy","article_published_time":"2025-11-18T10:45:32+00:00","article_modified_time":"2025-11-18T11:27:02+00:00","og_image":[{"width":1232,"height":802,"url":"https:\/\/kunmedierne.dk\/thy\/wp-content\/uploads\/sites\/2\/2025\/11\/Unavngivet-1232-x-802-px-2025-11-18T112752.031.jpg","type":"image\/jpeg"}],"author":"Lone L\u00e6rke Krog","twitter_card":"summary_large_image","twitter_misc":{"Skrevet af":"Lone L\u00e6rke Krog","Estimeret l\u00e6setid":"4 minutter"},"schema":{"@context":"https:\/\/schema.org","@graph":[{"@type":"Article","@id":"https:\/\/kunmedierne.dk\/thy\/demokratiets-vogtere\/#article","isPartOf":{"@id":"https:\/\/kunmedierne.dk\/thy\/demokratiets-vogtere\/"},"author":{"name":"Lone L\u00e6rke Krog","@id":"https:\/\/kunmedierne.dk\/thy\/#\/schema\/person\/d266634ba6550d075ecf540d63b245d2"},"headline":"Demokratiets vogtere p\u00e5 plads fra morgenstunden","datePublished":"2025-11-18T10:45:32+00:00","dateModified":"2025-11-18T11:27:02+00:00","mainEntityOfPage":{"@id":"https:\/\/kunmedierne.dk\/thy\/demokratiets-vogtere\/"},"wordCount":524,"publisher":{"@id":"https:\/\/kunmedierne.dk\/thy\/#organization"},"image":{"@id":"https:\/\/kunmedierne.dk\/thy\/demokratiets-vogtere\/#primaryimage"},"thumbnailUrl":"https:\/\/kunmedierne.dk\/thy\/wp-content\/uploads\/sites\/2\/2025\/11\/Unavngivet-1232-x-802-px-2025-11-18T112752.031.jpg","keywords":["Kommunalvalg"],"articleSection":["Lokalt"],"inLanguage":"da-DK"},{"@type":"WebPage","@id":"https:\/\/kunmedierne.dk\/thy\/demokratiets-vogtere\/","url":"https:\/\/kunmedierne.dk\/thy\/demokratiets-vogtere\/","name":"Demokratiets vogtere p\u00e5 plads fra morgenstunden - Thy","isPartOf":{"@id":"https:\/\/kunmedierne.dk\/thy\/#website"},"primaryImageOfPage":{"@id":"https:\/\/kunmedierne.dk\/thy\/demokratiets-vogtere\/#primaryimage"},"image":{"@id":"https:\/\/kunmedierne.dk\/thy\/demokratiets-vogtere\/#primaryimage"},"thumbnailUrl":"https:\/\/kunmedierne.dk\/thy\/wp-content\/uploads\/sites\/2\/2025\/11\/Unavngivet-1232-x-802-px-2025-11-18T112752.031.jpg","datePublished":"2025-11-18T10:45:32+00:00","dateModified":"2025-11-18T11:27:02+00:00","breadcrumb":{"@id":"https:\/\/kunmedierne.dk\/thy\/demokratiets-vogtere\/#breadcrumb"},"inLanguage":"da-DK","potentialAction":[{"@type":"ReadAction","target":["https:\/\/kunmedierne.dk\/thy\/demokratiets-vogtere\/"]}]},{"@type":"ImageObject","inLanguage":"da-DK","@id":"https:\/\/kunmedierne.dk\/thy\/demokratiets-vogtere\/#primaryimage","url":"https:\/\/kunmedierne.dk\/thy\/wp-content\/uploads\/sites\/2\/2025\/11\/Unavngivet-1232-x-802-px-2025-11-18T112752.031.jpg","contentUrl":"https:\/\/kunmedierne.dk\/thy\/wp-content\/uploads\/sites\/2\/2025\/11\/Unavngivet-1232-x-802-px-2025-11-18T112752.031.jpg","width":1232,"height":802},{"@type":"BreadcrumbList","@id":"https:\/\/kunmedierne.dk\/thy\/demokratiets-vogtere\/#breadcrumb","itemListElement":[{"@type":"ListItem","position":1,"name":"Home","item":"https:\/\/kunmedierne.dk\/thy\/"},{"@type":"ListItem","position":2,"name":"Demokratiets vogtere p\u00e5 plads fra morgenstunden"}]},{"@type":"WebSite","@id":"https:\/\/kunmedierne.dk\/thy\/#website","url":"https:\/\/kunmedierne.dk\/thy\/","name":"Thy","description":"et netmedie med journalistik om livet i Thy","publisher":{"@id":"https:\/\/kunmedierne.dk\/thy\/#organization"},"potentialAction":[{"@type":"SearchAction","target":{"@type":"EntryPoint","urlTemplate":"https:\/\/kunmedierne.dk\/thy\/?s={search_term_string}"},"query-input":{"@type":"PropertyValueSpecification","valueRequired":true,"valueName":"search_term_string"}}],"inLanguage":"da-DK"},{"@type":"Organization","@id":"https:\/\/kunmedierne.dk\/thy\/#organization","name":"Thy","url":"https:\/\/kunmedierne.dk\/thy\/","logo":{"@type":"ImageObject","inLanguage":"da-DK","@id":"https:\/\/kunmedierne.dk\/thy\/#\/schema\/logo\/image\/","url":"https:\/\/kunmedierne.dk\/thy\/wp-content\/uploads\/sites\/2\/2025\/04\/kunthy-logo.svg","contentUrl":"https:\/\/kunmedierne.dk\/thy\/wp-content\/uploads\/sites\/2\/2025\/04\/kunthy-logo.svg","caption":"Thy"},"image":{"@id":"https:\/\/kunmedierne.dk\/thy\/#\/schema\/logo\/image\/"}},{"@type":"Person","@id":"https:\/\/kunmedierne.dk\/thy\/#\/schema\/person\/d266634ba6550d075ecf540d63b245d2","name":"Lone L\u00e6rke Krog","image":{"@type":"ImageObject","inLanguage":"da-DK","@id":"https:\/\/kunmedierne.dk\/thy\/#\/schema\/person\/image\/","url":"https:\/\/secure.gravatar.com\/avatar\/496ddc7080e56b4ac64cfd4e56bd6d1ee396fa3db1923aa22f11346f60bb135b?s=96&d=mm&r=g","contentUrl":"https:\/\/secure.gravatar.com\/avatar\/496ddc7080e56b4ac64cfd4e56bd6d1ee396fa3db1923aa22f11346f60bb135b?s=96&d=mm&r=g","caption":"Lone L\u00e6rke Krog"},"url":"https:\/\/kunmedierne.dk\/thy\/author\/llk\/"}]}},"_links":{"self":[{"href":"https:\/\/kunmedierne.dk\/thy\/wp-json\/wp\/v2\/posts\/13432","targetHints":{"allow":["GET"]}}],"collection":[{"href":"https:\/\/kunmedierne.dk\/thy\/wp-json\/wp\/v2\/posts"}],"about":[{"href":"https:\/\/kunmedierne.dk\/thy\/wp-json\/wp\/v2\/types\/post"}],"author":[{"embeddable":true,"href":"https:\/\/kunmedierne.dk\/thy\/wp-json\/wp\/v2\/users\/1925"}],"replies":[{"embeddable":true,"href":"https:\/\/kunmedierne.dk\/thy\/wp-json\/wp\/v2\/comments?post=13432"}],"version-history":[{"count":8,"href":"https:\/\/kunmedierne.dk\/thy\/wp-json\/wp\/v2\/posts\/13432\/revisions"}],"predecessor-version":[{"id":13446,"href":"https:\/\/kunmedierne.dk\/thy\/wp-json\/wp\/v2\/posts\/13432\/revisions\/13446"}],"wp:attachment":[{"href":"https:\/\/kunmedierne.dk\/thy\/wp-json\/wp\/v2\/media?parent=13432"}],"wp:term":[{"taxonomy":"category","embeddable":true,"href":"https:\/\/kunmedierne.dk\/thy\/wp-json\/wp\/v2\/categories?post=13432"},{"taxonomy":"post_tag","embeddable":true,"href":"https:\/\/kunmedierne.dk\/thy\/wp-json\/wp\/v2\/tags?post=13432"}],"curies":[{"name":"wp","href":"https:\/\/api.w.org\/{rel}","templated":true}]}}