{"id":13348,"date":"2025-11-17T17:11:19","date_gmt":"2025-11-17T16:11:19","guid":{"rendered":"https:\/\/kunmedierne.dk\/thy\/?p=13348"},"modified":"2025-11-17T15:04:39","modified_gmt":"2025-11-17T14:04:39","slug":"thisted-teaterkreds-med-julehygge-for-store-og-smaa","status":"publish","type":"post","link":"https:\/\/kunmedierne.dk\/thy\/thisted-teaterkreds-med-julehygge-for-store-og-smaa\/","title":{"rendered":"Thisted Teaterkreds med julehygge for store og sm\u00e5"},"content":{"rendered":"<p><strong>THISTED:<\/strong> Nisser, kabaret og et stort indend\u00f8rs juletr\u00e6 &#8211; m\u00e5ske det st\u00f8rste i Thy.<\/p>\n<p>Med to forestillinger, en for b\u00f8rn og en for voksne og begge med masser af julehygge, g\u00f8r Thisted Teaterkreds sit til at markere, at julen banker p\u00e5 d\u00f8ren.<\/p>\n<a class=\"dvrt-link\" onClick=\"cdmtrack_click(687,jQuery(this));return false\" href=\"https:\/\/konpap.dk\/?gad_source=1&gclid=Cj0KCQjwtJ6_BhDWARIsAGanmKfOBLC3RBm6obWL5sEb-mp4bsp5QjqWW4j4nx22y0YT2iMiXJcv3MoaApR_EALw_wcB\"><img decoding=\"async\" style=\"width:100%;\" src=\"https:\/\/kunmedierne.dk\/thy\/wp-content\/uploads\/sites\/2\/2025\/03\/redoffice.jpg\"><\/a><script>cdmtrack_view(687);<\/script>\n<p>&#8211; Vi elsker at skabe julestemning i Thisted \u2013 og med disse to forestillinger f\u00e5r vi b\u00e5de b\u00f8rnenes forventningsgl\u00e6de og de voksnes behov for en hyggelig aften med humor og musik. Det er en tradition, vi er stolte af, og vi h\u00e5ber, at rigtig mange vil v\u00e6re med til at fejre julen sammen med os, siger S\u00f8ren Brogaard, formand for Thisted Teaterkreds, i en pressemeddelelse.<\/p>\n<div id=\"attachment_13378\" style=\"width: 1242px\" class=\"wp-caption alignnone\"><img loading=\"lazy\" decoding=\"async\" aria-describedby=\"caption-attachment-13378\" class=\"wp-image-13378 size-full\" src=\"https:\/\/kunmedierne.dk\/thy\/wp-content\/uploads\/sites\/2\/2025\/11\/Design-uden-navn-2025-11-17T123643.054.jpg\" alt=\"\" width=\"1232\" height=\"821\" srcset=\"https:\/\/kunmedierne.dk\/thy\/wp-content\/uploads\/sites\/2\/2025\/11\/Design-uden-navn-2025-11-17T123643.054.jpg 1232w, https:\/\/kunmedierne.dk\/thy\/wp-content\/uploads\/sites\/2\/2025\/11\/Design-uden-navn-2025-11-17T123643.054-300x200.jpg 300w, https:\/\/kunmedierne.dk\/thy\/wp-content\/uploads\/sites\/2\/2025\/11\/Design-uden-navn-2025-11-17T123643.054-1024x682.jpg 1024w, https:\/\/kunmedierne.dk\/thy\/wp-content\/uploads\/sites\/2\/2025\/11\/Design-uden-navn-2025-11-17T123643.054-510x340.jpg 510w\" sizes=\"auto, (max-width: 1232px) 100vw, 1232px\" \/><p id=\"caption-attachment-13378\" class=\"wp-caption-text\">&#8220;Sikke mange klokken sl\u00e5r&#8221; er titlen p\u00e5 forestillingen for b\u00f8rn.<\/p><\/div>\n<p>Juletilbuddet til b\u00f8rnene er forestillingen &#8220;Sikke mange klokken sl\u00e5r\u201d \u2013 En julemission med nissepigen Juliane&#8221;. Den opf\u00f8res 30. november kl. 15.00 hos Thybo Biler, hvor Louise Schouw Teater pr\u00e6senterer en sjov og musikalsk julehistorie, hvor nissepigen Juliane f\u00e5r en vigtig opgave:<\/p>\n<p>Julemanden har mistet sit ur \u2013 og uden ur ingen jul! Juliane m\u00e5 p\u00e5 en eventyrlig rejse, hvor b\u00f8rnene hj\u00e6lper med at f\u00e5 juleuret til at g\u00e5 igen, s\u00e5 gaverne kan blive klar til tiden. Efter forestillingen er der dans om juletr\u00e6et, julesange, gl\u00f8gg, saftevand og \u00e6bleskiver og masser af julehygge. Og m\u00e5ske kommer julemanden forbi.<\/p>\n<a class=\"dvrt-link\" onClick=\"cdmtrack_click(18790,jQuery(this));return false\" href=\"https:\/\/thymors.dk\/sponsorater\/15-til-faellesskabet?utm_source=kunthy&amp;utm_medium=annonce&amp;utm_campaign=sponsorater\"><img decoding=\"async\" style=\"width:100%;\" src=\"https:\/\/kunmedierne.dk\/thy\/wp-content\/uploads\/sites\/2\/2026\/03\/260407ThyMors-energi_faellesskab_generel-1.jpg\"><\/a><script>cdmtrack_view(18790);<\/script>\n<p>For de voksne er &#8220;Rubys julekabaret&#8221;, med humor, musik og julestemning teaterkredsens julestarter. Kabareten spiller mandag den 8. december kl. 19.30 i Kultursalen ved Thisted Musikskole.<\/p>\n<p>Det Kommende Teater og S\u00f8ren Ruby inviterer til en kabaret med humor, satire og musikalsk charme. Ruby har 25 \u00e5rs erfaring med komik og leverer en aften med crazy karakterer, r\u00f8rende rim og spruttende satire \u2013 alt sammen pakket ind i l\u00e6kre toner og knivskarpe pointer.<\/p>\n<p>Publikum kan l\u00e6ne sig tilbage med et glas vin og nyde en julet fork\u00e6lelse af sanserne.<\/p>\n<p>Billetter til de to forestillinger kan k\u00f8bes gennem Thisted Teaterkreds eller eller ved indgangen.<\/p>\n","protected":false},"excerpt":{"rendered":"<p>THISTED: Nisser, kabaret og et stort indend\u00f8rs juletr\u00e6 &#8211; m\u00e5ske det st\u00f8rste i Thy. Med to forestillinger, en for b\u00f8rn og en for voksne og begge med masser af julehygge, g\u00f8r Thisted Teaterkreds sit til at markere, at julen banker p\u00e5 d\u00f8ren. &#8211; Vi elsker at skabe julestemning i Thisted \u2013 og med disse to [&hellip;]<\/p>\n","protected":false},"author":4535,"featured_media":0,"comment_status":"closed","ping_status":"closed","sticky":false,"template":"","format":"standard","meta":{"_acf_changed":false,"footnotes":""},"categories":[24],"tags":[85],"class_list":["post-13348","post","type-post","status-publish","format-standard","hentry","category-lokalt","tag-kultur"],"acf":[],"yoast_head":"<!-- This site is optimized with the Yoast SEO plugin v26.8 - https:\/\/yoast.com\/product\/yoast-seo-wordpress\/ -->\n<title>Thisted Teaterkreds med julehygge for store og sm\u00e5 - Thy<\/title>\n<meta name=\"robots\" content=\"index, follow, max-snippet:-1, max-image-preview:large, max-video-preview:-1\" \/>\n<link rel=\"canonical\" href=\"https:\/\/kunmedierne.dk\/thy\/thisted-teaterkreds-med-julehygge-for-store-og-smaa\/\" \/>\n<meta property=\"og:locale\" content=\"da_DK\" \/>\n<meta property=\"og:type\" content=\"article\" \/>\n<meta property=\"og:title\" content=\"Thisted Teaterkreds med julehygge for store og sm\u00e5 - Thy\" \/>\n<meta property=\"og:description\" content=\"THISTED: Nisser, kabaret og et stort indend\u00f8rs juletr\u00e6 &#8211; m\u00e5ske det st\u00f8rste i Thy. Med to forestillinger, en for b\u00f8rn og en for voksne og begge med masser af julehygge, g\u00f8r Thisted Teaterkreds sit til at markere, at julen banker p\u00e5 d\u00f8ren. &#8211; Vi elsker at skabe julestemning i Thisted \u2013 og med disse to [&hellip;]\" \/>\n<meta property=\"og:url\" content=\"https:\/\/kunmedierne.dk\/thy\/thisted-teaterkreds-med-julehygge-for-store-og-smaa\/\" \/>\n<meta property=\"og:site_name\" content=\"Thy\" \/>\n<meta property=\"article:published_time\" content=\"2025-11-17T16:11:19+00:00\" \/>\n<meta property=\"og:image\" content=\"https:\/\/kunmedierne.dk\/thy\/wp-content\/uploads\/sites\/2\/2025\/11\/Design-uden-navn-2025-11-17T123643.054.jpg\" \/>\n<meta name=\"author\" content=\"Jens Fogh Andersen\" \/>\n<meta name=\"twitter:card\" content=\"summary_large_image\" \/>\n<meta name=\"twitter:label1\" content=\"Skrevet af\" \/>\n\t<meta name=\"twitter:data1\" content=\"Jens Fogh Andersen\" \/>\n\t<meta name=\"twitter:label2\" content=\"Estimeret l\u00e6setid\" \/>\n\t<meta name=\"twitter:data2\" content=\"2 minutter\" \/>\n<script type=\"application\/ld+json\" class=\"yoast-schema-graph\">{\"@context\":\"https:\/\/schema.org\",\"@graph\":[{\"@type\":\"Article\",\"@id\":\"https:\/\/kunmedierne.dk\/thy\/thisted-teaterkreds-med-julehygge-for-store-og-smaa\/#article\",\"isPartOf\":{\"@id\":\"https:\/\/kunmedierne.dk\/thy\/thisted-teaterkreds-med-julehygge-for-store-og-smaa\/\"},\"author\":{\"name\":\"Jens Fogh Andersen\",\"@id\":\"https:\/\/kunmedierne.dk\/thy\/#\/schema\/person\/88f5be46809ca2a5533760eb574fef93\"},\"headline\":\"Thisted Teaterkreds med julehygge for store og sm\u00e5\",\"datePublished\":\"2025-11-17T16:11:19+00:00\",\"mainEntityOfPage\":{\"@id\":\"https:\/\/kunmedierne.dk\/thy\/thisted-teaterkreds-med-julehygge-for-store-og-smaa\/\"},\"wordCount\":357,\"publisher\":{\"@id\":\"https:\/\/kunmedierne.dk\/thy\/#organization\"},\"image\":{\"@id\":\"https:\/\/kunmedierne.dk\/thy\/thisted-teaterkreds-med-julehygge-for-store-og-smaa\/#primaryimage\"},\"thumbnailUrl\":\"https:\/\/kunmedierne.dk\/thy\/wp-content\/uploads\/sites\/2\/2025\/11\/Design-uden-navn-2025-11-17T123643.054.jpg\",\"keywords\":[\"kultur\"],\"articleSection\":[\"Lokalt\"],\"inLanguage\":\"da-DK\"},{\"@type\":\"WebPage\",\"@id\":\"https:\/\/kunmedierne.dk\/thy\/thisted-teaterkreds-med-julehygge-for-store-og-smaa\/\",\"url\":\"https:\/\/kunmedierne.dk\/thy\/thisted-teaterkreds-med-julehygge-for-store-og-smaa\/\",\"name\":\"Thisted Teaterkreds med julehygge for store og sm\u00e5 - Thy\",\"isPartOf\":{\"@id\":\"https:\/\/kunmedierne.dk\/thy\/#website\"},\"primaryImageOfPage\":{\"@id\":\"https:\/\/kunmedierne.dk\/thy\/thisted-teaterkreds-med-julehygge-for-store-og-smaa\/#primaryimage\"},\"image\":{\"@id\":\"https:\/\/kunmedierne.dk\/thy\/thisted-teaterkreds-med-julehygge-for-store-og-smaa\/#primaryimage\"},\"thumbnailUrl\":\"https:\/\/kunmedierne.dk\/thy\/wp-content\/uploads\/sites\/2\/2025\/11\/Design-uden-navn-2025-11-17T123643.054.jpg\",\"datePublished\":\"2025-11-17T16:11:19+00:00\",\"breadcrumb\":{\"@id\":\"https:\/\/kunmedierne.dk\/thy\/thisted-teaterkreds-med-julehygge-for-store-og-smaa\/#breadcrumb\"},\"inLanguage\":\"da-DK\",\"potentialAction\":[{\"@type\":\"ReadAction\",\"target\":[\"https:\/\/kunmedierne.dk\/thy\/thisted-teaterkreds-med-julehygge-for-store-og-smaa\/\"]}]},{\"@type\":\"ImageObject\",\"inLanguage\":\"da-DK\",\"@id\":\"https:\/\/kunmedierne.dk\/thy\/thisted-teaterkreds-med-julehygge-for-store-og-smaa\/#primaryimage\",\"url\":\"https:\/\/kunmedierne.dk\/thy\/wp-content\/uploads\/sites\/2\/2025\/11\/Design-uden-navn-2025-11-17T123643.054.jpg\",\"contentUrl\":\"https:\/\/kunmedierne.dk\/thy\/wp-content\/uploads\/sites\/2\/2025\/11\/Design-uden-navn-2025-11-17T123643.054.jpg\",\"width\":1232,\"height\":821},{\"@type\":\"BreadcrumbList\",\"@id\":\"https:\/\/kunmedierne.dk\/thy\/thisted-teaterkreds-med-julehygge-for-store-og-smaa\/#breadcrumb\",\"itemListElement\":[{\"@type\":\"ListItem\",\"position\":1,\"name\":\"Home\",\"item\":\"https:\/\/kunmedierne.dk\/thy\/\"},{\"@type\":\"ListItem\",\"position\":2,\"name\":\"Thisted Teaterkreds med julehygge for store og sm\u00e5\"}]},{\"@type\":\"WebSite\",\"@id\":\"https:\/\/kunmedierne.dk\/thy\/#website\",\"url\":\"https:\/\/kunmedierne.dk\/thy\/\",\"name\":\"Thy\",\"description\":\"et netmedie med journalistik om livet i Thy\",\"publisher\":{\"@id\":\"https:\/\/kunmedierne.dk\/thy\/#organization\"},\"potentialAction\":[{\"@type\":\"SearchAction\",\"target\":{\"@type\":\"EntryPoint\",\"urlTemplate\":\"https:\/\/kunmedierne.dk\/thy\/?s={search_term_string}\"},\"query-input\":{\"@type\":\"PropertyValueSpecification\",\"valueRequired\":true,\"valueName\":\"search_term_string\"}}],\"inLanguage\":\"da-DK\"},{\"@type\":\"Organization\",\"@id\":\"https:\/\/kunmedierne.dk\/thy\/#organization\",\"name\":\"Thy\",\"url\":\"https:\/\/kunmedierne.dk\/thy\/\",\"logo\":{\"@type\":\"ImageObject\",\"inLanguage\":\"da-DK\",\"@id\":\"https:\/\/kunmedierne.dk\/thy\/#\/schema\/logo\/image\/\",\"url\":\"https:\/\/kunmedierne.dk\/thy\/wp-content\/uploads\/sites\/2\/2025\/04\/kunthy-logo.svg\",\"contentUrl\":\"https:\/\/kunmedierne.dk\/thy\/wp-content\/uploads\/sites\/2\/2025\/04\/kunthy-logo.svg\",\"caption\":\"Thy\"},\"image\":{\"@id\":\"https:\/\/kunmedierne.dk\/thy\/#\/schema\/logo\/image\/\"}},{\"@type\":\"Person\",\"@id\":\"https:\/\/kunmedierne.dk\/thy\/#\/schema\/person\/88f5be46809ca2a5533760eb574fef93\",\"name\":\"Jens Fogh Andersen\",\"image\":{\"@type\":\"ImageObject\",\"inLanguage\":\"da-DK\",\"@id\":\"https:\/\/kunmedierne.dk\/thy\/#\/schema\/person\/image\/\",\"url\":\"https:\/\/secure.gravatar.com\/avatar\/2b367a4ef139b1c41dccc9ee7af926b81f8b4cca3359772e86c7fd5ced26c0a3?s=96&d=mm&r=g\",\"contentUrl\":\"https:\/\/secure.gravatar.com\/avatar\/2b367a4ef139b1c41dccc9ee7af926b81f8b4cca3359772e86c7fd5ced26c0a3?s=96&d=mm&r=g\",\"caption\":\"Jens Fogh Andersen\"},\"url\":\"https:\/\/kunmedierne.dk\/thy\/author\/jfa\/\"}]}<\/script>\n<!-- \/ Yoast SEO plugin. -->","yoast_head_json":{"title":"Thisted Teaterkreds med julehygge for store og sm\u00e5 - Thy","robots":{"index":"index","follow":"follow","max-snippet":"max-snippet:-1","max-image-preview":"max-image-preview:large","max-video-preview":"max-video-preview:-1"},"canonical":"https:\/\/kunmedierne.dk\/thy\/thisted-teaterkreds-med-julehygge-for-store-og-smaa\/","og_locale":"da_DK","og_type":"article","og_title":"Thisted Teaterkreds med julehygge for store og sm\u00e5 - Thy","og_description":"THISTED: Nisser, kabaret og et stort indend\u00f8rs juletr\u00e6 &#8211; m\u00e5ske det st\u00f8rste i Thy. Med to forestillinger, en for b\u00f8rn og en for voksne og begge med masser af julehygge, g\u00f8r Thisted Teaterkreds sit til at markere, at julen banker p\u00e5 d\u00f8ren. &#8211; Vi elsker at skabe julestemning i Thisted \u2013 og med disse to [&hellip;]","og_url":"https:\/\/kunmedierne.dk\/thy\/thisted-teaterkreds-med-julehygge-for-store-og-smaa\/","og_site_name":"Thy","article_published_time":"2025-11-17T16:11:19+00:00","og_image":[{"url":"https:\/\/kunmedierne.dk\/thy\/wp-content\/uploads\/sites\/2\/2025\/11\/Design-uden-navn-2025-11-17T123643.054.jpg","type":"","width":"","height":""}],"author":"Jens Fogh Andersen","twitter_card":"summary_large_image","twitter_misc":{"Skrevet af":"Jens Fogh Andersen","Estimeret l\u00e6setid":"2 minutter"},"schema":{"@context":"https:\/\/schema.org","@graph":[{"@type":"Article","@id":"https:\/\/kunmedierne.dk\/thy\/thisted-teaterkreds-med-julehygge-for-store-og-smaa\/#article","isPartOf":{"@id":"https:\/\/kunmedierne.dk\/thy\/thisted-teaterkreds-med-julehygge-for-store-og-smaa\/"},"author":{"name":"Jens Fogh Andersen","@id":"https:\/\/kunmedierne.dk\/thy\/#\/schema\/person\/88f5be46809ca2a5533760eb574fef93"},"headline":"Thisted Teaterkreds med julehygge for store og sm\u00e5","datePublished":"2025-11-17T16:11:19+00:00","mainEntityOfPage":{"@id":"https:\/\/kunmedierne.dk\/thy\/thisted-teaterkreds-med-julehygge-for-store-og-smaa\/"},"wordCount":357,"publisher":{"@id":"https:\/\/kunmedierne.dk\/thy\/#organization"},"image":{"@id":"https:\/\/kunmedierne.dk\/thy\/thisted-teaterkreds-med-julehygge-for-store-og-smaa\/#primaryimage"},"thumbnailUrl":"https:\/\/kunmedierne.dk\/thy\/wp-content\/uploads\/sites\/2\/2025\/11\/Design-uden-navn-2025-11-17T123643.054.jpg","keywords":["kultur"],"articleSection":["Lokalt"],"inLanguage":"da-DK"},{"@type":"WebPage","@id":"https:\/\/kunmedierne.dk\/thy\/thisted-teaterkreds-med-julehygge-for-store-og-smaa\/","url":"https:\/\/kunmedierne.dk\/thy\/thisted-teaterkreds-med-julehygge-for-store-og-smaa\/","name":"Thisted Teaterkreds med julehygge for store og sm\u00e5 - Thy","isPartOf":{"@id":"https:\/\/kunmedierne.dk\/thy\/#website"},"primaryImageOfPage":{"@id":"https:\/\/kunmedierne.dk\/thy\/thisted-teaterkreds-med-julehygge-for-store-og-smaa\/#primaryimage"},"image":{"@id":"https:\/\/kunmedierne.dk\/thy\/thisted-teaterkreds-med-julehygge-for-store-og-smaa\/#primaryimage"},"thumbnailUrl":"https:\/\/kunmedierne.dk\/thy\/wp-content\/uploads\/sites\/2\/2025\/11\/Design-uden-navn-2025-11-17T123643.054.jpg","datePublished":"2025-11-17T16:11:19+00:00","breadcrumb":{"@id":"https:\/\/kunmedierne.dk\/thy\/thisted-teaterkreds-med-julehygge-for-store-og-smaa\/#breadcrumb"},"inLanguage":"da-DK","potentialAction":[{"@type":"ReadAction","target":["https:\/\/kunmedierne.dk\/thy\/thisted-teaterkreds-med-julehygge-for-store-og-smaa\/"]}]},{"@type":"ImageObject","inLanguage":"da-DK","@id":"https:\/\/kunmedierne.dk\/thy\/thisted-teaterkreds-med-julehygge-for-store-og-smaa\/#primaryimage","url":"https:\/\/kunmedierne.dk\/thy\/wp-content\/uploads\/sites\/2\/2025\/11\/Design-uden-navn-2025-11-17T123643.054.jpg","contentUrl":"https:\/\/kunmedierne.dk\/thy\/wp-content\/uploads\/sites\/2\/2025\/11\/Design-uden-navn-2025-11-17T123643.054.jpg","width":1232,"height":821},{"@type":"BreadcrumbList","@id":"https:\/\/kunmedierne.dk\/thy\/thisted-teaterkreds-med-julehygge-for-store-og-smaa\/#breadcrumb","itemListElement":[{"@type":"ListItem","position":1,"name":"Home","item":"https:\/\/kunmedierne.dk\/thy\/"},{"@type":"ListItem","position":2,"name":"Thisted Teaterkreds med julehygge for store og sm\u00e5"}]},{"@type":"WebSite","@id":"https:\/\/kunmedierne.dk\/thy\/#website","url":"https:\/\/kunmedierne.dk\/thy\/","name":"Thy","description":"et netmedie med journalistik om livet i Thy","publisher":{"@id":"https:\/\/kunmedierne.dk\/thy\/#organization"},"potentialAction":[{"@type":"SearchAction","target":{"@type":"EntryPoint","urlTemplate":"https:\/\/kunmedierne.dk\/thy\/?s={search_term_string}"},"query-input":{"@type":"PropertyValueSpecification","valueRequired":true,"valueName":"search_term_string"}}],"inLanguage":"da-DK"},{"@type":"Organization","@id":"https:\/\/kunmedierne.dk\/thy\/#organization","name":"Thy","url":"https:\/\/kunmedierne.dk\/thy\/","logo":{"@type":"ImageObject","inLanguage":"da-DK","@id":"https:\/\/kunmedierne.dk\/thy\/#\/schema\/logo\/image\/","url":"https:\/\/kunmedierne.dk\/thy\/wp-content\/uploads\/sites\/2\/2025\/04\/kunthy-logo.svg","contentUrl":"https:\/\/kunmedierne.dk\/thy\/wp-content\/uploads\/sites\/2\/2025\/04\/kunthy-logo.svg","caption":"Thy"},"image":{"@id":"https:\/\/kunmedierne.dk\/thy\/#\/schema\/logo\/image\/"}},{"@type":"Person","@id":"https:\/\/kunmedierne.dk\/thy\/#\/schema\/person\/88f5be46809ca2a5533760eb574fef93","name":"Jens Fogh Andersen","image":{"@type":"ImageObject","inLanguage":"da-DK","@id":"https:\/\/kunmedierne.dk\/thy\/#\/schema\/person\/image\/","url":"https:\/\/secure.gravatar.com\/avatar\/2b367a4ef139b1c41dccc9ee7af926b81f8b4cca3359772e86c7fd5ced26c0a3?s=96&d=mm&r=g","contentUrl":"https:\/\/secure.gravatar.com\/avatar\/2b367a4ef139b1c41dccc9ee7af926b81f8b4cca3359772e86c7fd5ced26c0a3?s=96&d=mm&r=g","caption":"Jens Fogh Andersen"},"url":"https:\/\/kunmedierne.dk\/thy\/author\/jfa\/"}]}},"_links":{"self":[{"href":"https:\/\/kunmedierne.dk\/thy\/wp-json\/wp\/v2\/posts\/13348","targetHints":{"allow":["GET"]}}],"collection":[{"href":"https:\/\/kunmedierne.dk\/thy\/wp-json\/wp\/v2\/posts"}],"about":[{"href":"https:\/\/kunmedierne.dk\/thy\/wp-json\/wp\/v2\/types\/post"}],"author":[{"embeddable":true,"href":"https:\/\/kunmedierne.dk\/thy\/wp-json\/wp\/v2\/users\/4535"}],"replies":[{"embeddable":true,"href":"https:\/\/kunmedierne.dk\/thy\/wp-json\/wp\/v2\/comments?post=13348"}],"version-history":[{"count":5,"href":"https:\/\/kunmedierne.dk\/thy\/wp-json\/wp\/v2\/posts\/13348\/revisions"}],"predecessor-version":[{"id":13382,"href":"https:\/\/kunmedierne.dk\/thy\/wp-json\/wp\/v2\/posts\/13348\/revisions\/13382"}],"wp:attachment":[{"href":"https:\/\/kunmedierne.dk\/thy\/wp-json\/wp\/v2\/media?parent=13348"}],"wp:term":[{"taxonomy":"category","embeddable":true,"href":"https:\/\/kunmedierne.dk\/thy\/wp-json\/wp\/v2\/categories?post=13348"},{"taxonomy":"post_tag","embeddable":true,"href":"https:\/\/kunmedierne.dk\/thy\/wp-json\/wp\/v2\/tags?post=13348"}],"curies":[{"name":"wp","href":"https:\/\/api.w.org\/{rel}","templated":true}]}}