{"id":13337,"date":"2025-11-17T09:46:02","date_gmt":"2025-11-17T08:46:02","guid":{"rendered":"https:\/\/kunmedierne.dk\/thy\/?p=13337"},"modified":"2025-11-17T10:57:56","modified_gmt":"2025-11-17T09:57:56","slug":"laeserbrev-lige-for-tiden-er-det-svaert-at-vaere-konservativ","status":"publish","type":"post","link":"https:\/\/kunmedierne.dk\/thy\/laeserbrev-lige-for-tiden-er-det-svaert-at-vaere-konservativ\/","title":{"rendered":"<span>L\u00e6serbrev: <\/span> Lige for tiden er det sv\u00e6rt at v\u00e6re konservativ&#8230;"},"content":{"rendered":"<p><strong>DEBAT:\u00a0<\/strong>Det er sv\u00e6rt at v\u00e6re Konservativ lige for tiden<\/p>\n<p>Ikke lokalt, men p\u00e5 Landsplan, b\u00f8r jeg nu nok tilf\u00f8je.<\/p>\n<p>Konservative i Thy, bakker op omkring Danske fiskeri, b\u00e5de fra Vestkysten og i Limfjorden.<\/p>\n<a class=\"dvrt-link\" onClick=\"cdmtrack_click(4416,jQuery(this));return false\" href=\"https:\/\/sdrhaa.dk\/\"><img decoding=\"async\" style=\"width:100%;\" src=\"https:\/\/kunmedierne.dk\/thy\/wp-content\/uploads\/sites\/2\/2025\/05\/260302Din-gebyrvenlige-sparekasse_SHS_Thy-1.gif\"><\/a><script>cdmtrack_view(4416);<\/script>\n<p>Desv\u00e6rre ser vi nu igen, at vores \u201cvenner\u201d p\u00e5 Christiansborg, hellere render med usaglige og ikke dokumenteret p\u00e5stande, fra Dansk Naturfredning og de kloge Caf\u00e9 latte drikkende bedre vidende eksperter, p\u00e5 de k\u00f8benhavnske caf\u00e9er.<\/p>\n<p>Jeg vil derfor bede min forening invitere Mona Juul og hendes forhandlere p\u00e5 fiskeriomr\u00e5det til at komme til Thy og tale med dem, som de medvirker til at p\u00e5l\u00e6gge nye urimelige vilk\u00e5r.<\/p>\n<a class=\"dvrt-link\" onClick=\"cdmtrack_click(685,jQuery(this));return false\" href=\"https:\/\/wensien.dk\/begravelse\/?gad_source=1&gclid=Cj0KCQjwtJ6_BhDWARIsAGanmKcWw6hbeoepGti1oApJGHln52gMbg8EBRZ86__3P1AJZ5dcsw4ZvNEaAk7JEALw_wcB\"><img decoding=\"async\" style=\"width:100%;\" src=\"https:\/\/kunmedierne.dk\/thy\/wp-content\/uploads\/sites\/2\/2025\/03\/wensien-stenhugger.jpg\"><\/a><script>cdmtrack_view(685);<\/script>\n<p>Jeg h\u00e5ber, de har lyst og tid, for skal forhandlerne fra Konservative v\u00e6re med i en dialog, en forhandling eller forligspartner omkring Dansk Fiskeri, b\u00f8r man n\u00f8dvendigvis ogs\u00e5 tale med dem som rammes af de vilde tiltag, som Konservative, desv\u00e6rre, ser ud til at v\u00e6re en del af, ogs\u00e5 i tiden der kommer.<\/p>\n","protected":false},"excerpt":{"rendered":"<p>DEBAT:\u00a0Det er sv\u00e6rt at v\u00e6re Konservativ lige for tiden Ikke lokalt, men p\u00e5 Landsplan, b\u00f8r jeg nu nok tilf\u00f8je. Konservative i Thy, bakker op omkring Danske fiskeri, b\u00e5de fra Vestkysten og i Limfjorden. Desv\u00e6rre ser vi nu igen, at vores \u201cvenner\u201d p\u00e5 Christiansborg, hellere render med usaglige og ikke dokumenteret p\u00e5stande, fra Dansk Naturfredning og [&hellip;]<\/p>\n","protected":false},"author":11,"featured_media":0,"comment_status":"closed","ping_status":"closed","sticky":false,"template":"","format":"standard","meta":{"_acf_changed":false,"footnotes":""},"categories":[56,24],"tags":[89],"class_list":["post-13337","post","type-post","status-publish","format-standard","hentry","category-debat","category-lokalt","tag-kommunalvalg"],"acf":[],"yoast_head":"<!-- This site is optimized with the Yoast SEO plugin v26.8 - https:\/\/yoast.com\/product\/yoast-seo-wordpress\/ -->\n<title>L\u00e6serbrev:  Lige for tiden er det sv\u00e6rt at v\u00e6re konservativ... - Thy<\/title>\n<meta name=\"robots\" content=\"index, follow, max-snippet:-1, max-image-preview:large, max-video-preview:-1\" \/>\n<link rel=\"canonical\" href=\"https:\/\/kunmedierne.dk\/thy\/laeserbrev-lige-for-tiden-er-det-svaert-at-vaere-konservativ\/\" \/>\n<meta property=\"og:locale\" content=\"da_DK\" \/>\n<meta property=\"og:type\" content=\"article\" \/>\n<meta property=\"og:title\" content=\"L\u00e6serbrev:  Lige for tiden er det sv\u00e6rt at v\u00e6re konservativ... - Thy\" \/>\n<meta property=\"og:description\" content=\"DEBAT:\u00a0Det er sv\u00e6rt at v\u00e6re Konservativ lige for tiden Ikke lokalt, men p\u00e5 Landsplan, b\u00f8r jeg nu nok tilf\u00f8je. Konservative i Thy, bakker op omkring Danske fiskeri, b\u00e5de fra Vestkysten og i Limfjorden. Desv\u00e6rre ser vi nu igen, at vores \u201cvenner\u201d p\u00e5 Christiansborg, hellere render med usaglige og ikke dokumenteret p\u00e5stande, fra Dansk Naturfredning og [&hellip;]\" \/>\n<meta property=\"og:url\" content=\"https:\/\/kunmedierne.dk\/thy\/laeserbrev-lige-for-tiden-er-det-svaert-at-vaere-konservativ\/\" \/>\n<meta property=\"og:site_name\" content=\"Thy\" \/>\n<meta property=\"article:published_time\" content=\"2025-11-17T08:46:02+00:00\" \/>\n<meta property=\"article:modified_time\" content=\"2025-11-17T09:57:56+00:00\" \/>\n<meta name=\"author\" content=\"Debat\" \/>\n<meta name=\"twitter:card\" content=\"summary_large_image\" \/>\n<meta name=\"twitter:label1\" content=\"Skrevet af\" \/>\n\t<meta name=\"twitter:data1\" content=\"Debat\" \/>\n\t<meta name=\"twitter:label2\" content=\"Estimeret l\u00e6setid\" \/>\n\t<meta name=\"twitter:data2\" content=\"1 minut\" \/>\n<script type=\"application\/ld+json\" class=\"yoast-schema-graph\">{\"@context\":\"https:\/\/schema.org\",\"@graph\":[{\"@type\":\"Article\",\"@id\":\"https:\/\/kunmedierne.dk\/thy\/laeserbrev-lige-for-tiden-er-det-svaert-at-vaere-konservativ\/#article\",\"isPartOf\":{\"@id\":\"https:\/\/kunmedierne.dk\/thy\/laeserbrev-lige-for-tiden-er-det-svaert-at-vaere-konservativ\/\"},\"author\":{\"name\":\"Debat\",\"@id\":\"https:\/\/kunmedierne.dk\/thy\/#\/schema\/person\/84c1391bce0b43b9bb3a49736bc0ad78\"},\"headline\":\"L\u00e6serbrev: Lige for tiden er det sv\u00e6rt at v\u00e6re konservativ&#8230;\",\"datePublished\":\"2025-11-17T08:46:02+00:00\",\"dateModified\":\"2025-11-17T09:57:56+00:00\",\"mainEntityOfPage\":{\"@id\":\"https:\/\/kunmedierne.dk\/thy\/laeserbrev-lige-for-tiden-er-det-svaert-at-vaere-konservativ\/\"},\"wordCount\":189,\"publisher\":{\"@id\":\"https:\/\/kunmedierne.dk\/thy\/#organization\"},\"keywords\":[\"Kommunalvalg\"],\"articleSection\":[\"Debat\",\"Lokalt\"],\"inLanguage\":\"da-DK\"},{\"@type\":\"WebPage\",\"@id\":\"https:\/\/kunmedierne.dk\/thy\/laeserbrev-lige-for-tiden-er-det-svaert-at-vaere-konservativ\/\",\"url\":\"https:\/\/kunmedierne.dk\/thy\/laeserbrev-lige-for-tiden-er-det-svaert-at-vaere-konservativ\/\",\"name\":\"L\u00e6serbrev: Lige for tiden er det sv\u00e6rt at v\u00e6re konservativ... - Thy\",\"isPartOf\":{\"@id\":\"https:\/\/kunmedierne.dk\/thy\/#website\"},\"datePublished\":\"2025-11-17T08:46:02+00:00\",\"dateModified\":\"2025-11-17T09:57:56+00:00\",\"breadcrumb\":{\"@id\":\"https:\/\/kunmedierne.dk\/thy\/laeserbrev-lige-for-tiden-er-det-svaert-at-vaere-konservativ\/#breadcrumb\"},\"inLanguage\":\"da-DK\",\"potentialAction\":[{\"@type\":\"ReadAction\",\"target\":[\"https:\/\/kunmedierne.dk\/thy\/laeserbrev-lige-for-tiden-er-det-svaert-at-vaere-konservativ\/\"]}]},{\"@type\":\"BreadcrumbList\",\"@id\":\"https:\/\/kunmedierne.dk\/thy\/laeserbrev-lige-for-tiden-er-det-svaert-at-vaere-konservativ\/#breadcrumb\",\"itemListElement\":[{\"@type\":\"ListItem\",\"position\":1,\"name\":\"Home\",\"item\":\"https:\/\/kunmedierne.dk\/thy\/\"},{\"@type\":\"ListItem\",\"position\":2,\"name\":\"L\u00e6serbrev: Lige for tiden er det sv\u00e6rt at v\u00e6re konservativ&#8230;\"}]},{\"@type\":\"WebSite\",\"@id\":\"https:\/\/kunmedierne.dk\/thy\/#website\",\"url\":\"https:\/\/kunmedierne.dk\/thy\/\",\"name\":\"Thy\",\"description\":\"et netmedie med journalistik om livet i Thy\",\"publisher\":{\"@id\":\"https:\/\/kunmedierne.dk\/thy\/#organization\"},\"potentialAction\":[{\"@type\":\"SearchAction\",\"target\":{\"@type\":\"EntryPoint\",\"urlTemplate\":\"https:\/\/kunmedierne.dk\/thy\/?s={search_term_string}\"},\"query-input\":{\"@type\":\"PropertyValueSpecification\",\"valueRequired\":true,\"valueName\":\"search_term_string\"}}],\"inLanguage\":\"da-DK\"},{\"@type\":\"Organization\",\"@id\":\"https:\/\/kunmedierne.dk\/thy\/#organization\",\"name\":\"Thy\",\"url\":\"https:\/\/kunmedierne.dk\/thy\/\",\"logo\":{\"@type\":\"ImageObject\",\"inLanguage\":\"da-DK\",\"@id\":\"https:\/\/kunmedierne.dk\/thy\/#\/schema\/logo\/image\/\",\"url\":\"https:\/\/kunmedierne.dk\/thy\/wp-content\/uploads\/sites\/2\/2025\/04\/kunthy-logo.svg\",\"contentUrl\":\"https:\/\/kunmedierne.dk\/thy\/wp-content\/uploads\/sites\/2\/2025\/04\/kunthy-logo.svg\",\"caption\":\"Thy\"},\"image\":{\"@id\":\"https:\/\/kunmedierne.dk\/thy\/#\/schema\/logo\/image\/\"}},{\"@type\":\"Person\",\"@id\":\"https:\/\/kunmedierne.dk\/thy\/#\/schema\/person\/84c1391bce0b43b9bb3a49736bc0ad78\",\"name\":\"Debat\",\"image\":{\"@type\":\"ImageObject\",\"inLanguage\":\"da-DK\",\"@id\":\"https:\/\/kunmedierne.dk\/thy\/#\/schema\/person\/image\/\",\"url\":\"https:\/\/secure.gravatar.com\/avatar\/b0fb2e221d618f7c65162ab0d49c7e8a0b580c871ca03af90e42b47b4150654c?s=96&d=mm&r=g\",\"contentUrl\":\"https:\/\/secure.gravatar.com\/avatar\/b0fb2e221d618f7c65162ab0d49c7e8a0b580c871ca03af90e42b47b4150654c?s=96&d=mm&r=g\",\"caption\":\"Debat\"},\"url\":\"https:\/\/kunmedierne.dk\/thy\/author\/debat\/\"}]}<\/script>\n<!-- \/ Yoast SEO plugin. -->","yoast_head_json":{"title":"L\u00e6serbrev:  Lige for tiden er det sv\u00e6rt at v\u00e6re konservativ... - Thy","robots":{"index":"index","follow":"follow","max-snippet":"max-snippet:-1","max-image-preview":"max-image-preview:large","max-video-preview":"max-video-preview:-1"},"canonical":"https:\/\/kunmedierne.dk\/thy\/laeserbrev-lige-for-tiden-er-det-svaert-at-vaere-konservativ\/","og_locale":"da_DK","og_type":"article","og_title":"L\u00e6serbrev:  Lige for tiden er det sv\u00e6rt at v\u00e6re konservativ... - Thy","og_description":"DEBAT:\u00a0Det er sv\u00e6rt at v\u00e6re Konservativ lige for tiden Ikke lokalt, men p\u00e5 Landsplan, b\u00f8r jeg nu nok tilf\u00f8je. Konservative i Thy, bakker op omkring Danske fiskeri, b\u00e5de fra Vestkysten og i Limfjorden. Desv\u00e6rre ser vi nu igen, at vores \u201cvenner\u201d p\u00e5 Christiansborg, hellere render med usaglige og ikke dokumenteret p\u00e5stande, fra Dansk Naturfredning og [&hellip;]","og_url":"https:\/\/kunmedierne.dk\/thy\/laeserbrev-lige-for-tiden-er-det-svaert-at-vaere-konservativ\/","og_site_name":"Thy","article_published_time":"2025-11-17T08:46:02+00:00","article_modified_time":"2025-11-17T09:57:56+00:00","author":"Debat","twitter_card":"summary_large_image","twitter_misc":{"Skrevet af":"Debat","Estimeret l\u00e6setid":"1 minut"},"schema":{"@context":"https:\/\/schema.org","@graph":[{"@type":"Article","@id":"https:\/\/kunmedierne.dk\/thy\/laeserbrev-lige-for-tiden-er-det-svaert-at-vaere-konservativ\/#article","isPartOf":{"@id":"https:\/\/kunmedierne.dk\/thy\/laeserbrev-lige-for-tiden-er-det-svaert-at-vaere-konservativ\/"},"author":{"name":"Debat","@id":"https:\/\/kunmedierne.dk\/thy\/#\/schema\/person\/84c1391bce0b43b9bb3a49736bc0ad78"},"headline":"L\u00e6serbrev: Lige for tiden er det sv\u00e6rt at v\u00e6re konservativ&#8230;","datePublished":"2025-11-17T08:46:02+00:00","dateModified":"2025-11-17T09:57:56+00:00","mainEntityOfPage":{"@id":"https:\/\/kunmedierne.dk\/thy\/laeserbrev-lige-for-tiden-er-det-svaert-at-vaere-konservativ\/"},"wordCount":189,"publisher":{"@id":"https:\/\/kunmedierne.dk\/thy\/#organization"},"keywords":["Kommunalvalg"],"articleSection":["Debat","Lokalt"],"inLanguage":"da-DK"},{"@type":"WebPage","@id":"https:\/\/kunmedierne.dk\/thy\/laeserbrev-lige-for-tiden-er-det-svaert-at-vaere-konservativ\/","url":"https:\/\/kunmedierne.dk\/thy\/laeserbrev-lige-for-tiden-er-det-svaert-at-vaere-konservativ\/","name":"L\u00e6serbrev: Lige for tiden er det sv\u00e6rt at v\u00e6re konservativ... - Thy","isPartOf":{"@id":"https:\/\/kunmedierne.dk\/thy\/#website"},"datePublished":"2025-11-17T08:46:02+00:00","dateModified":"2025-11-17T09:57:56+00:00","breadcrumb":{"@id":"https:\/\/kunmedierne.dk\/thy\/laeserbrev-lige-for-tiden-er-det-svaert-at-vaere-konservativ\/#breadcrumb"},"inLanguage":"da-DK","potentialAction":[{"@type":"ReadAction","target":["https:\/\/kunmedierne.dk\/thy\/laeserbrev-lige-for-tiden-er-det-svaert-at-vaere-konservativ\/"]}]},{"@type":"BreadcrumbList","@id":"https:\/\/kunmedierne.dk\/thy\/laeserbrev-lige-for-tiden-er-det-svaert-at-vaere-konservativ\/#breadcrumb","itemListElement":[{"@type":"ListItem","position":1,"name":"Home","item":"https:\/\/kunmedierne.dk\/thy\/"},{"@type":"ListItem","position":2,"name":"L\u00e6serbrev: Lige for tiden er det sv\u00e6rt at v\u00e6re konservativ&#8230;"}]},{"@type":"WebSite","@id":"https:\/\/kunmedierne.dk\/thy\/#website","url":"https:\/\/kunmedierne.dk\/thy\/","name":"Thy","description":"et netmedie med journalistik om livet i Thy","publisher":{"@id":"https:\/\/kunmedierne.dk\/thy\/#organization"},"potentialAction":[{"@type":"SearchAction","target":{"@type":"EntryPoint","urlTemplate":"https:\/\/kunmedierne.dk\/thy\/?s={search_term_string}"},"query-input":{"@type":"PropertyValueSpecification","valueRequired":true,"valueName":"search_term_string"}}],"inLanguage":"da-DK"},{"@type":"Organization","@id":"https:\/\/kunmedierne.dk\/thy\/#organization","name":"Thy","url":"https:\/\/kunmedierne.dk\/thy\/","logo":{"@type":"ImageObject","inLanguage":"da-DK","@id":"https:\/\/kunmedierne.dk\/thy\/#\/schema\/logo\/image\/","url":"https:\/\/kunmedierne.dk\/thy\/wp-content\/uploads\/sites\/2\/2025\/04\/kunthy-logo.svg","contentUrl":"https:\/\/kunmedierne.dk\/thy\/wp-content\/uploads\/sites\/2\/2025\/04\/kunthy-logo.svg","caption":"Thy"},"image":{"@id":"https:\/\/kunmedierne.dk\/thy\/#\/schema\/logo\/image\/"}},{"@type":"Person","@id":"https:\/\/kunmedierne.dk\/thy\/#\/schema\/person\/84c1391bce0b43b9bb3a49736bc0ad78","name":"Debat","image":{"@type":"ImageObject","inLanguage":"da-DK","@id":"https:\/\/kunmedierne.dk\/thy\/#\/schema\/person\/image\/","url":"https:\/\/secure.gravatar.com\/avatar\/b0fb2e221d618f7c65162ab0d49c7e8a0b580c871ca03af90e42b47b4150654c?s=96&d=mm&r=g","contentUrl":"https:\/\/secure.gravatar.com\/avatar\/b0fb2e221d618f7c65162ab0d49c7e8a0b580c871ca03af90e42b47b4150654c?s=96&d=mm&r=g","caption":"Debat"},"url":"https:\/\/kunmedierne.dk\/thy\/author\/debat\/"}]}},"_links":{"self":[{"href":"https:\/\/kunmedierne.dk\/thy\/wp-json\/wp\/v2\/posts\/13337","targetHints":{"allow":["GET"]}}],"collection":[{"href":"https:\/\/kunmedierne.dk\/thy\/wp-json\/wp\/v2\/posts"}],"about":[{"href":"https:\/\/kunmedierne.dk\/thy\/wp-json\/wp\/v2\/types\/post"}],"author":[{"embeddable":true,"href":"https:\/\/kunmedierne.dk\/thy\/wp-json\/wp\/v2\/users\/11"}],"replies":[{"embeddable":true,"href":"https:\/\/kunmedierne.dk\/thy\/wp-json\/wp\/v2\/comments?post=13337"}],"version-history":[{"count":5,"href":"https:\/\/kunmedierne.dk\/thy\/wp-json\/wp\/v2\/posts\/13337\/revisions"}],"predecessor-version":[{"id":13347,"href":"https:\/\/kunmedierne.dk\/thy\/wp-json\/wp\/v2\/posts\/13337\/revisions\/13347"}],"wp:attachment":[{"href":"https:\/\/kunmedierne.dk\/thy\/wp-json\/wp\/v2\/media?parent=13337"}],"wp:term":[{"taxonomy":"category","embeddable":true,"href":"https:\/\/kunmedierne.dk\/thy\/wp-json\/wp\/v2\/categories?post=13337"},{"taxonomy":"post_tag","embeddable":true,"href":"https:\/\/kunmedierne.dk\/thy\/wp-json\/wp\/v2\/tags?post=13337"}],"curies":[{"name":"wp","href":"https:\/\/api.w.org\/{rel}","templated":true}]}}