{"id":13323,"date":"2025-11-17T10:36:49","date_gmt":"2025-11-17T09:36:49","guid":{"rendered":"https:\/\/kunmedierne.dk\/thy\/?p=13323"},"modified":"2025-11-17T10:36:49","modified_gmt":"2025-11-17T09:36:49","slug":"fyrspillene-i-sydthy-ser-ind-i-en-anderledes-saeson-i-2026","status":"publish","type":"post","link":"https:\/\/kunmedierne.dk\/thy\/fyrspillene-i-sydthy-ser-ind-i-en-anderledes-saeson-i-2026\/","title":{"rendered":"Fyrspillene i Sydthy ser ind i en anderledes s\u00e6son i 2026"},"content":{"rendered":"<p><strong>SYDTHY:<\/strong> Alt er ikke som det plejer at v\u00e6re, n\u00e5r Fyrspillene i Sydthy l\u00f8fter sl\u00f8ret for planerne for n\u00e6ste \u00e5rs s\u00e6son.<\/p>\n<p>Fyrspils-s\u00e6sonen 2026 bliver lidt ud over det s\u00e6dvanlige. N\u00e6ste \u00e5r har Fyrspillene sammen med flere andre lokale foreninger sagt ja til at deltage i en stor f\u00e6lles forestilling, der opf\u00f8res i Nationalpark Thy i juni 2026.<\/p>\n<a class=\"dvrt-link\" onClick=\"cdmtrack_click(683,jQuery(this));return false\" href=\"https:\/\/vester-begr.dk\/?utm_source=google&amp;utm_medium=advative&amp;gad_source=1&amp;gclid=Cj0KCQjwtJ6_BhDWARIsAGanmKfl-hGVVjCYiOgSKoGoxrow4kvXybZsnruKJYTslvqZDywT6a9PCQwaAmBjEALw_wcB\"><img decoding=\"async\" style=\"width:100%;\" src=\"https:\/\/kunmedierne.dk\/thy\/wp-content\/uploads\/sites\/2\/2025\/03\/260203VesterHoukaer-02022026.jpg\"><\/a><script>cdmtrack_view(683);<\/script>\n<p>Forestillingen hedder \u201dFlok\u201d og inddrager foruden Fyrspillene kultur-akt\u00f8rer fra hele Nordvestjylland, som for eksempel Kulturforeningen Sj\u00f8rring S\u00f8 og Nordvestjysk Pigekor.<\/p>\n<p>Forestillingens forskellige elementer opleves af publikum, mens de vandrer gennem nationalparkens natur.\u00a0 Det hele koordineres af Limfjordsteateret med assistance fra den k\u00f8benhavnske teatertrup \u201dK\u00e5nstkollektivet\u201d.<\/p>\n<p>&#8211; Det er en ny sp\u00e6ndende udfordring for Fyrspillene. Muligheden for at v\u00e6re med er en stor chance, som vi simpelthen ikke kan lade g\u00e5 fra os. Jeg er sikker p\u00e5, at det bliver inspirerende at indg\u00e5 i et stort f\u00e6llesskab med andre om at lave en forestilling, som giver publikum mulighed for at opleve teater, sang og musik med naturen som bagt\u00e6ppe, siger , formand for Fyrspillene i Sydthy i en pressemeddelelse.<\/p>\n<a class=\"dvrt-link\" onClick=\"cdmtrack_click(1130,jQuery(this));return false\" href=\"https:\/\/www.thistedforsikring.dk\/?utm_source=partnerskaber&amp;utm_campaign=kun_thy\"><img decoding=\"async\" style=\"width:100%;\" src=\"https:\/\/kunmedierne.dk\/thy\/wp-content\/uploads\/sites\/2\/2025\/04\/260409KunThyThisted-For-1.png\"><\/a><script>cdmtrack_view(1130);<\/script>\n<p>Hun tilf\u00f8jer, at Fyrspillene vil v\u00e6re tilbage i den vante g\u00e6nge igen i 2027, hvor der er planlagt et lokalhistorisk Fyrspil, der opf\u00f8res i Svankj\u00e6r.<\/p>\n<p>Heidi S\u00f8gaard Madsen opfordrer alle, der har lyst til at v\u00e6re med eller h\u00f8re mere om den f\u00e6lles vandreforestilling og m\u00f8de forestillingens instrukt\u00f8r Steen Haugesen fra Limfjordsteatret, til at m\u00f8de op til informationsaftenen i Teaterhuset i Gettrup kl. 19 den 24. november.<\/p>\n","protected":false},"excerpt":{"rendered":"<p>SYDTHY: Alt er ikke som det plejer at v\u00e6re, n\u00e5r Fyrspillene i Sydthy l\u00f8fter sl\u00f8ret for planerne for n\u00e6ste \u00e5rs s\u00e6son. Fyrspils-s\u00e6sonen 2026 bliver lidt ud over det s\u00e6dvanlige. N\u00e6ste \u00e5r har Fyrspillene sammen med flere andre lokale foreninger sagt ja til at deltage i en stor f\u00e6lles forestilling, der opf\u00f8res i Nationalpark Thy i [&hellip;]<\/p>\n","protected":false},"author":4535,"featured_media":0,"comment_status":"closed","ping_status":"closed","sticky":false,"template":"","format":"standard","meta":{"_acf_changed":false,"footnotes":""},"categories":[21,24],"tags":[85],"class_list":["post-13323","post","type-post","status-publish","format-standard","hentry","category-kultur","category-lokalt","tag-kultur"],"acf":[],"yoast_head":"<!-- This site is optimized with the Yoast SEO plugin v26.8 - https:\/\/yoast.com\/product\/yoast-seo-wordpress\/ -->\n<title>Fyrspillene i Sydthy ser ind i en anderledes s\u00e6son i 2026 - Thy<\/title>\n<meta name=\"robots\" content=\"index, follow, max-snippet:-1, max-image-preview:large, max-video-preview:-1\" \/>\n<link rel=\"canonical\" href=\"https:\/\/kunmedierne.dk\/thy\/fyrspillene-i-sydthy-ser-ind-i-en-anderledes-saeson-i-2026\/\" \/>\n<meta property=\"og:locale\" content=\"da_DK\" \/>\n<meta property=\"og:type\" content=\"article\" \/>\n<meta property=\"og:title\" content=\"Fyrspillene i Sydthy ser ind i en anderledes s\u00e6son i 2026 - Thy\" \/>\n<meta property=\"og:description\" content=\"SYDTHY: Alt er ikke som det plejer at v\u00e6re, n\u00e5r Fyrspillene i Sydthy l\u00f8fter sl\u00f8ret for planerne for n\u00e6ste \u00e5rs s\u00e6son. Fyrspils-s\u00e6sonen 2026 bliver lidt ud over det s\u00e6dvanlige. N\u00e6ste \u00e5r har Fyrspillene sammen med flere andre lokale foreninger sagt ja til at deltage i en stor f\u00e6lles forestilling, der opf\u00f8res i Nationalpark Thy i [&hellip;]\" \/>\n<meta property=\"og:url\" content=\"https:\/\/kunmedierne.dk\/thy\/fyrspillene-i-sydthy-ser-ind-i-en-anderledes-saeson-i-2026\/\" \/>\n<meta property=\"og:site_name\" content=\"Thy\" \/>\n<meta property=\"article:published_time\" content=\"2025-11-17T09:36:49+00:00\" \/>\n<meta name=\"author\" content=\"Jens Fogh Andersen\" \/>\n<meta name=\"twitter:card\" content=\"summary_large_image\" \/>\n<meta name=\"twitter:label1\" content=\"Skrevet af\" \/>\n\t<meta name=\"twitter:data1\" content=\"Jens Fogh Andersen\" \/>\n\t<meta name=\"twitter:label2\" content=\"Estimeret l\u00e6setid\" \/>\n\t<meta name=\"twitter:data2\" content=\"2 minutter\" \/>\n<script type=\"application\/ld+json\" class=\"yoast-schema-graph\">{\"@context\":\"https:\/\/schema.org\",\"@graph\":[{\"@type\":\"Article\",\"@id\":\"https:\/\/kunmedierne.dk\/thy\/fyrspillene-i-sydthy-ser-ind-i-en-anderledes-saeson-i-2026\/#article\",\"isPartOf\":{\"@id\":\"https:\/\/kunmedierne.dk\/thy\/fyrspillene-i-sydthy-ser-ind-i-en-anderledes-saeson-i-2026\/\"},\"author\":{\"name\":\"Jens Fogh Andersen\",\"@id\":\"https:\/\/kunmedierne.dk\/thy\/#\/schema\/person\/88f5be46809ca2a5533760eb574fef93\"},\"headline\":\"Fyrspillene i Sydthy ser ind i en anderledes s\u00e6son i 2026\",\"datePublished\":\"2025-11-17T09:36:49+00:00\",\"mainEntityOfPage\":{\"@id\":\"https:\/\/kunmedierne.dk\/thy\/fyrspillene-i-sydthy-ser-ind-i-en-anderledes-saeson-i-2026\/\"},\"wordCount\":281,\"publisher\":{\"@id\":\"https:\/\/kunmedierne.dk\/thy\/#organization\"},\"keywords\":[\"kultur\"],\"articleSection\":[\"Kultur\",\"Lokalt\"],\"inLanguage\":\"da-DK\"},{\"@type\":\"WebPage\",\"@id\":\"https:\/\/kunmedierne.dk\/thy\/fyrspillene-i-sydthy-ser-ind-i-en-anderledes-saeson-i-2026\/\",\"url\":\"https:\/\/kunmedierne.dk\/thy\/fyrspillene-i-sydthy-ser-ind-i-en-anderledes-saeson-i-2026\/\",\"name\":\"Fyrspillene i Sydthy ser ind i en anderledes s\u00e6son i 2026 - Thy\",\"isPartOf\":{\"@id\":\"https:\/\/kunmedierne.dk\/thy\/#website\"},\"datePublished\":\"2025-11-17T09:36:49+00:00\",\"breadcrumb\":{\"@id\":\"https:\/\/kunmedierne.dk\/thy\/fyrspillene-i-sydthy-ser-ind-i-en-anderledes-saeson-i-2026\/#breadcrumb\"},\"inLanguage\":\"da-DK\",\"potentialAction\":[{\"@type\":\"ReadAction\",\"target\":[\"https:\/\/kunmedierne.dk\/thy\/fyrspillene-i-sydthy-ser-ind-i-en-anderledes-saeson-i-2026\/\"]}]},{\"@type\":\"BreadcrumbList\",\"@id\":\"https:\/\/kunmedierne.dk\/thy\/fyrspillene-i-sydthy-ser-ind-i-en-anderledes-saeson-i-2026\/#breadcrumb\",\"itemListElement\":[{\"@type\":\"ListItem\",\"position\":1,\"name\":\"Home\",\"item\":\"https:\/\/kunmedierne.dk\/thy\/\"},{\"@type\":\"ListItem\",\"position\":2,\"name\":\"Fyrspillene i Sydthy ser ind i en anderledes s\u00e6son i 2026\"}]},{\"@type\":\"WebSite\",\"@id\":\"https:\/\/kunmedierne.dk\/thy\/#website\",\"url\":\"https:\/\/kunmedierne.dk\/thy\/\",\"name\":\"Thy\",\"description\":\"et netmedie med journalistik om livet i Thy\",\"publisher\":{\"@id\":\"https:\/\/kunmedierne.dk\/thy\/#organization\"},\"potentialAction\":[{\"@type\":\"SearchAction\",\"target\":{\"@type\":\"EntryPoint\",\"urlTemplate\":\"https:\/\/kunmedierne.dk\/thy\/?s={search_term_string}\"},\"query-input\":{\"@type\":\"PropertyValueSpecification\",\"valueRequired\":true,\"valueName\":\"search_term_string\"}}],\"inLanguage\":\"da-DK\"},{\"@type\":\"Organization\",\"@id\":\"https:\/\/kunmedierne.dk\/thy\/#organization\",\"name\":\"Thy\",\"url\":\"https:\/\/kunmedierne.dk\/thy\/\",\"logo\":{\"@type\":\"ImageObject\",\"inLanguage\":\"da-DK\",\"@id\":\"https:\/\/kunmedierne.dk\/thy\/#\/schema\/logo\/image\/\",\"url\":\"https:\/\/kunmedierne.dk\/thy\/wp-content\/uploads\/sites\/2\/2025\/04\/kunthy-logo.svg\",\"contentUrl\":\"https:\/\/kunmedierne.dk\/thy\/wp-content\/uploads\/sites\/2\/2025\/04\/kunthy-logo.svg\",\"caption\":\"Thy\"},\"image\":{\"@id\":\"https:\/\/kunmedierne.dk\/thy\/#\/schema\/logo\/image\/\"}},{\"@type\":\"Person\",\"@id\":\"https:\/\/kunmedierne.dk\/thy\/#\/schema\/person\/88f5be46809ca2a5533760eb574fef93\",\"name\":\"Jens Fogh Andersen\",\"image\":{\"@type\":\"ImageObject\",\"inLanguage\":\"da-DK\",\"@id\":\"https:\/\/kunmedierne.dk\/thy\/#\/schema\/person\/image\/\",\"url\":\"https:\/\/secure.gravatar.com\/avatar\/2b367a4ef139b1c41dccc9ee7af926b81f8b4cca3359772e86c7fd5ced26c0a3?s=96&d=mm&r=g\",\"contentUrl\":\"https:\/\/secure.gravatar.com\/avatar\/2b367a4ef139b1c41dccc9ee7af926b81f8b4cca3359772e86c7fd5ced26c0a3?s=96&d=mm&r=g\",\"caption\":\"Jens Fogh Andersen\"},\"url\":\"https:\/\/kunmedierne.dk\/thy\/author\/jfa\/\"}]}<\/script>\n<!-- \/ Yoast SEO plugin. -->","yoast_head_json":{"title":"Fyrspillene i Sydthy ser ind i en anderledes s\u00e6son i 2026 - Thy","robots":{"index":"index","follow":"follow","max-snippet":"max-snippet:-1","max-image-preview":"max-image-preview:large","max-video-preview":"max-video-preview:-1"},"canonical":"https:\/\/kunmedierne.dk\/thy\/fyrspillene-i-sydthy-ser-ind-i-en-anderledes-saeson-i-2026\/","og_locale":"da_DK","og_type":"article","og_title":"Fyrspillene i Sydthy ser ind i en anderledes s\u00e6son i 2026 - Thy","og_description":"SYDTHY: Alt er ikke som det plejer at v\u00e6re, n\u00e5r Fyrspillene i Sydthy l\u00f8fter sl\u00f8ret for planerne for n\u00e6ste \u00e5rs s\u00e6son. Fyrspils-s\u00e6sonen 2026 bliver lidt ud over det s\u00e6dvanlige. N\u00e6ste \u00e5r har Fyrspillene sammen med flere andre lokale foreninger sagt ja til at deltage i en stor f\u00e6lles forestilling, der opf\u00f8res i Nationalpark Thy i [&hellip;]","og_url":"https:\/\/kunmedierne.dk\/thy\/fyrspillene-i-sydthy-ser-ind-i-en-anderledes-saeson-i-2026\/","og_site_name":"Thy","article_published_time":"2025-11-17T09:36:49+00:00","author":"Jens Fogh Andersen","twitter_card":"summary_large_image","twitter_misc":{"Skrevet af":"Jens Fogh Andersen","Estimeret l\u00e6setid":"2 minutter"},"schema":{"@context":"https:\/\/schema.org","@graph":[{"@type":"Article","@id":"https:\/\/kunmedierne.dk\/thy\/fyrspillene-i-sydthy-ser-ind-i-en-anderledes-saeson-i-2026\/#article","isPartOf":{"@id":"https:\/\/kunmedierne.dk\/thy\/fyrspillene-i-sydthy-ser-ind-i-en-anderledes-saeson-i-2026\/"},"author":{"name":"Jens Fogh Andersen","@id":"https:\/\/kunmedierne.dk\/thy\/#\/schema\/person\/88f5be46809ca2a5533760eb574fef93"},"headline":"Fyrspillene i Sydthy ser ind i en anderledes s\u00e6son i 2026","datePublished":"2025-11-17T09:36:49+00:00","mainEntityOfPage":{"@id":"https:\/\/kunmedierne.dk\/thy\/fyrspillene-i-sydthy-ser-ind-i-en-anderledes-saeson-i-2026\/"},"wordCount":281,"publisher":{"@id":"https:\/\/kunmedierne.dk\/thy\/#organization"},"keywords":["kultur"],"articleSection":["Kultur","Lokalt"],"inLanguage":"da-DK"},{"@type":"WebPage","@id":"https:\/\/kunmedierne.dk\/thy\/fyrspillene-i-sydthy-ser-ind-i-en-anderledes-saeson-i-2026\/","url":"https:\/\/kunmedierne.dk\/thy\/fyrspillene-i-sydthy-ser-ind-i-en-anderledes-saeson-i-2026\/","name":"Fyrspillene i Sydthy ser ind i en anderledes s\u00e6son i 2026 - Thy","isPartOf":{"@id":"https:\/\/kunmedierne.dk\/thy\/#website"},"datePublished":"2025-11-17T09:36:49+00:00","breadcrumb":{"@id":"https:\/\/kunmedierne.dk\/thy\/fyrspillene-i-sydthy-ser-ind-i-en-anderledes-saeson-i-2026\/#breadcrumb"},"inLanguage":"da-DK","potentialAction":[{"@type":"ReadAction","target":["https:\/\/kunmedierne.dk\/thy\/fyrspillene-i-sydthy-ser-ind-i-en-anderledes-saeson-i-2026\/"]}]},{"@type":"BreadcrumbList","@id":"https:\/\/kunmedierne.dk\/thy\/fyrspillene-i-sydthy-ser-ind-i-en-anderledes-saeson-i-2026\/#breadcrumb","itemListElement":[{"@type":"ListItem","position":1,"name":"Home","item":"https:\/\/kunmedierne.dk\/thy\/"},{"@type":"ListItem","position":2,"name":"Fyrspillene i Sydthy ser ind i en anderledes s\u00e6son i 2026"}]},{"@type":"WebSite","@id":"https:\/\/kunmedierne.dk\/thy\/#website","url":"https:\/\/kunmedierne.dk\/thy\/","name":"Thy","description":"et netmedie med journalistik om livet i Thy","publisher":{"@id":"https:\/\/kunmedierne.dk\/thy\/#organization"},"potentialAction":[{"@type":"SearchAction","target":{"@type":"EntryPoint","urlTemplate":"https:\/\/kunmedierne.dk\/thy\/?s={search_term_string}"},"query-input":{"@type":"PropertyValueSpecification","valueRequired":true,"valueName":"search_term_string"}}],"inLanguage":"da-DK"},{"@type":"Organization","@id":"https:\/\/kunmedierne.dk\/thy\/#organization","name":"Thy","url":"https:\/\/kunmedierne.dk\/thy\/","logo":{"@type":"ImageObject","inLanguage":"da-DK","@id":"https:\/\/kunmedierne.dk\/thy\/#\/schema\/logo\/image\/","url":"https:\/\/kunmedierne.dk\/thy\/wp-content\/uploads\/sites\/2\/2025\/04\/kunthy-logo.svg","contentUrl":"https:\/\/kunmedierne.dk\/thy\/wp-content\/uploads\/sites\/2\/2025\/04\/kunthy-logo.svg","caption":"Thy"},"image":{"@id":"https:\/\/kunmedierne.dk\/thy\/#\/schema\/logo\/image\/"}},{"@type":"Person","@id":"https:\/\/kunmedierne.dk\/thy\/#\/schema\/person\/88f5be46809ca2a5533760eb574fef93","name":"Jens Fogh Andersen","image":{"@type":"ImageObject","inLanguage":"da-DK","@id":"https:\/\/kunmedierne.dk\/thy\/#\/schema\/person\/image\/","url":"https:\/\/secure.gravatar.com\/avatar\/2b367a4ef139b1c41dccc9ee7af926b81f8b4cca3359772e86c7fd5ced26c0a3?s=96&d=mm&r=g","contentUrl":"https:\/\/secure.gravatar.com\/avatar\/2b367a4ef139b1c41dccc9ee7af926b81f8b4cca3359772e86c7fd5ced26c0a3?s=96&d=mm&r=g","caption":"Jens Fogh Andersen"},"url":"https:\/\/kunmedierne.dk\/thy\/author\/jfa\/"}]}},"_links":{"self":[{"href":"https:\/\/kunmedierne.dk\/thy\/wp-json\/wp\/v2\/posts\/13323","targetHints":{"allow":["GET"]}}],"collection":[{"href":"https:\/\/kunmedierne.dk\/thy\/wp-json\/wp\/v2\/posts"}],"about":[{"href":"https:\/\/kunmedierne.dk\/thy\/wp-json\/wp\/v2\/types\/post"}],"author":[{"embeddable":true,"href":"https:\/\/kunmedierne.dk\/thy\/wp-json\/wp\/v2\/users\/4535"}],"replies":[{"embeddable":true,"href":"https:\/\/kunmedierne.dk\/thy\/wp-json\/wp\/v2\/comments?post=13323"}],"version-history":[{"count":5,"href":"https:\/\/kunmedierne.dk\/thy\/wp-json\/wp\/v2\/posts\/13323\/revisions"}],"predecessor-version":[{"id":13353,"href":"https:\/\/kunmedierne.dk\/thy\/wp-json\/wp\/v2\/posts\/13323\/revisions\/13353"}],"wp:attachment":[{"href":"https:\/\/kunmedierne.dk\/thy\/wp-json\/wp\/v2\/media?parent=13323"}],"wp:term":[{"taxonomy":"category","embeddable":true,"href":"https:\/\/kunmedierne.dk\/thy\/wp-json\/wp\/v2\/categories?post=13323"},{"taxonomy":"post_tag","embeddable":true,"href":"https:\/\/kunmedierne.dk\/thy\/wp-json\/wp\/v2\/tags?post=13323"}],"curies":[{"name":"wp","href":"https:\/\/api.w.org\/{rel}","templated":true}]}}