{"id":13319,"date":"2025-11-17T13:58:38","date_gmt":"2025-11-17T12:58:38","guid":{"rendered":"https:\/\/kunmedierne.dk\/thy\/?p=13319"},"modified":"2025-11-17T10:59:24","modified_gmt":"2025-11-17T09:59:24","slug":"laeserbrev-vores-demokrati-rummer-plads-til-mangfoldighed-og-nye-perspektiver","status":"publish","type":"post","link":"https:\/\/kunmedierne.dk\/thy\/laeserbrev-vores-demokrati-rummer-plads-til-mangfoldighed-og-nye-perspektiver\/","title":{"rendered":"<span>L\u00e6serbrev: <\/span>Vores demokrati rummer plads til mangfoldighed og nye perspektiver"},"content":{"rendered":"<p><strong>DEBAT: <\/strong><span style=\"color: black;font-family: Arial, sans-serif;font-size: 11pt\">Hvilken rejse det har v\u00e6ret! Vi startede 91 kandidater, og nu st\u00e5r vi her, t\u00e6t p\u00e5 m\u00e5lstregen. Jeg kan kun forestille mig alle de 91 historier, der ligger bag hver enkelt beslutning om at stille op.<\/span><\/p>\n<a class=\"dvrt-link\" onClick=\"cdmtrack_click(687,jQuery(this));return false\" href=\"https:\/\/konpap.dk\/?gad_source=1&gclid=Cj0KCQjwtJ6_BhDWARIsAGanmKfOBLC3RBm6obWL5sEb-mp4bsp5QjqWW4j4nx22y0YT2iMiXJcv3MoaApR_EALw_wcB\"><img decoding=\"async\" style=\"width:100%;\" src=\"https:\/\/kunmedierne.dk\/thy\/wp-content\/uploads\/sites\/2\/2025\/03\/redoffice.jpg\"><\/a><script>cdmtrack_view(687);<\/script>\n<p><span style=\"color: black;font-family: Arial, sans-serif;font-size: 11pt\">Jeg har ofte t\u00e6nkt: F\u00f8ler andre ogs\u00e5 tvivl undervejs? For det har jeg. Men \u00e9n ting er sikkert, for f\u00f8rste gang i lang tid har jeg f\u00f8lt, at jeg g\u00f8r en reel forskel.<\/span><\/p>\n<p style=\"margin: 12.0pt 0cm 12.0pt 0cm\"><span style=\"font-size: 11.0pt;font-family: 'Arial',sans-serif;color: black\">Jeg blev overrasket over, hvor st\u00e6rke f\u00f8lelser politik kan v\u00e6kke. S\u00e5 snart jeg annoncerede mit kandidatur, blev nogle venner skuffede over farven eller partiet, som om det var personligt. <\/span><\/p>\n<p style=\"margin: 12.0pt 0cm 12.0pt 0cm\"><span style=\"font-size: 11.0pt;font-family: 'Arial',sans-serif;color: black\">Jeg forst\u00e5r det godt, vi taler sj\u00e6ldent politisk \u00e5bent. Jeg har altid \u00f8nsket at respektere alle holdninger og havde aldrig troet, at jeg selv ville stille op. Men livet ledte mig herhen.<\/span><\/p>\n<p style=\"margin: 12.0pt 0cm 12.0pt 0cm\"><span style=\"font-size: 11.0pt;font-family: 'Arial',sans-serif;color: black\">Efter fire \u00e5r som taler\u00f8r for internationale borgere i vores sk\u00f8nne kommune har jeg set, hvordan vores arbejde skaber historisk forandring. For f\u00f8rste gang hj\u00e6lper Thisted nu internationale tilflyttere med integration, fordi vi k\u00e6mpede for det. Det har \u00e6ndret mig. Tanken om, at vi sammen kan forbedre fremtiden, er min drivkraft.<\/span><\/p>\n<a class=\"dvrt-link\" onClick=\"cdmtrack_click(1130,jQuery(this));return false\" href=\"https:\/\/www.thistedforsikring.dk\/?utm_source=partnerskaber&amp;utm_campaign=kun_thy\"><img decoding=\"async\" style=\"width:100%;\" src=\"https:\/\/kunmedierne.dk\/thy\/wp-content\/uploads\/sites\/2\/2025\/04\/260409KunThyThisted-For-1.png\"><\/a><script>cdmtrack_view(1130);<\/script>\n<p style=\"margin: 12.0pt 0cm 12.0pt 0cm\"><span style=\"font-size: 11.0pt;font-family: 'Arial',sans-serif;color: black\">Og lad mig sige det helt \u00e6rligt: Jeg elsker Thisted. Jeg elsker Thisted s\u00e5 meget, at jeg aldrig kan forestille mig at flytte tilbage til USA. Hvorfor? Fordi USA f\u00f8les som det stik modsatte af Danmark. Milit\u00e6r p\u00e5 gaderne, trafikpropper, en konstant f\u00f8lelse af utryghed bare for at komme p\u00e5 arbejde. <\/span><\/p>\n<p style=\"margin: 12.0pt 0cm 12.0pt 0cm\"><span style=\"font-size: 11.0pt;font-family: 'Arial',sans-serif;color: black\">Her i Thisted har vi noget, der minder om en utopi. Ja, der er altid plads til forbedring, men sammenlignet med mange andre steder lever vi et fantastisk liv. Her er vi t\u00e6t p\u00e5 naturen, t\u00e6t p\u00e5 hinanden, og selv fredagens bilk\u00f8er er til at leve med. Det er en livskvalitet, jeg aldrig vil give slip p\u00e5.<\/span><\/p>\n<p style=\"margin: 12.0pt 0cm 12.0pt 0cm\"><span style=\"font-size: 11.0pt;font-family: 'Arial',sans-serif;color: black\">Jeg \u00f8nsker at bevare Thisted som vores lille utopi, og g\u00f8re den endnu bedre for fremtiden, for vores b\u00f8rn. Det kr\u00e6ver samarbejde, kompromiser og mod til at t\u00e6nke nyt. Vi kan ikke \u00e6ndre fortiden, men vi kan l\u00e6re af den. At pege fingre hj\u00e6lper ingen, lad os i stedet pege p\u00e5 l\u00f8sninger. Vi kan ikke skabe v\u00e6kst i det offentlige uden at styrke det private erhvervsliv. Vi kan ikke forvente fremgang uden samarbejde.<\/span><\/p>\n<a class=\"dvrt-link\" onClick=\"cdmtrack_click(685,jQuery(this));return false\" href=\"https:\/\/wensien.dk\/begravelse\/?gad_source=1&gclid=Cj0KCQjwtJ6_BhDWARIsAGanmKcWw6hbeoepGti1oApJGHln52gMbg8EBRZ86__3P1AJZ5dcsw4ZvNEaAk7JEALw_wcB\"><img decoding=\"async\" style=\"width:100%;\" src=\"https:\/\/kunmedierne.dk\/thy\/wp-content\/uploads\/sites\/2\/2025\/03\/wensien-stenhugger.jpg\"><\/a><script>cdmtrack_view(685);<\/script>\n<p style=\"margin: 12.0pt 0cm 12.0pt 0cm\"><span style=\"font-size: 11.0pt;font-family: 'Arial',sans-serif;color: black\">Med alle de vilde overskrifter, der g\u00e5r direkte efter at knuse folks offentlige personer, sp\u00f8rger jeg mig selv: Er det her normalt, n\u00e5r man stiller op for f\u00f8rste gang?<\/span><\/p>\n<p style=\"margin: 12.0pt 0cm 12.0pt 0cm\"><span style=\"font-size: 11.0pt;font-family: 'Arial',sans-serif;color: black\">Og ja, jeg er stolt. Stolt over at v\u00e6re den f\u00f8rste amerikanskf\u00f8dte kandidat, der nogensinde har stillet op til et politisk embede i Thisted. <\/span><\/p>\n<p style=\"margin: 12.0pt 0cm 12.0pt 0cm\"><span style=\"font-size: 11.0pt;font-family: 'Arial',sans-serif;color: black\">Det er ikke bare en personlig milep\u00e6l, men et tegn p\u00e5, at vores demokrati rummer plads til mangfoldighed og nye perspektiver. Det viser, at integration ikke kun handler om at bo her, men om at tage ansvar og bidrage til f\u00e6llesskabet.<\/span><\/p>\n<p style=\"margin: 12.0pt 0cm 12.0pt 0cm\"><span style=\"font-size: 11.0pt;font-family: 'Arial',sans-serif;color: black\">Til alle kandidater, der stadig er med: Jeg \u00f8nsker jer et godt valg, og h\u00e5ber, at vi kan v\u00e6re venner, n\u00e5r kampen er overst\u00e5et.<\/span><\/p>\n","protected":false},"excerpt":{"rendered":"<p>DEBAT: Hvilken rejse det har v\u00e6ret! Vi startede 91 kandidater, og nu st\u00e5r vi her, t\u00e6t p\u00e5 m\u00e5lstregen. Jeg kan kun forestille mig alle de 91 historier, der ligger bag hver enkelt beslutning om at stille op. Jeg har ofte t\u00e6nkt: F\u00f8ler andre ogs\u00e5 tvivl undervejs? For det har jeg. Men \u00e9n ting er sikkert, [&hellip;]<\/p>\n","protected":false},"author":11,"featured_media":0,"comment_status":"closed","ping_status":"closed","sticky":false,"template":"","format":"standard","meta":{"_acf_changed":false,"footnotes":""},"categories":[56,24],"tags":[89],"class_list":["post-13319","post","type-post","status-publish","format-standard","hentry","category-debat","category-lokalt","tag-kommunalvalg"],"acf":[],"yoast_head":"<!-- This site is optimized with the Yoast SEO plugin v26.8 - https:\/\/yoast.com\/product\/yoast-seo-wordpress\/ -->\n<title>L\u00e6serbrev: Vores demokrati rummer plads til mangfoldighed og nye perspektiver - Thy<\/title>\n<meta name=\"robots\" content=\"index, follow, max-snippet:-1, max-image-preview:large, max-video-preview:-1\" \/>\n<link rel=\"canonical\" href=\"https:\/\/kunmedierne.dk\/thy\/laeserbrev-vores-demokrati-rummer-plads-til-mangfoldighed-og-nye-perspektiver\/\" \/>\n<meta property=\"og:locale\" content=\"da_DK\" \/>\n<meta property=\"og:type\" content=\"article\" \/>\n<meta property=\"og:title\" content=\"L\u00e6serbrev: Vores demokrati rummer plads til mangfoldighed og nye perspektiver - Thy\" \/>\n<meta property=\"og:description\" content=\"DEBAT: Hvilken rejse det har v\u00e6ret! Vi startede 91 kandidater, og nu st\u00e5r vi her, t\u00e6t p\u00e5 m\u00e5lstregen. Jeg kan kun forestille mig alle de 91 historier, der ligger bag hver enkelt beslutning om at stille op. Jeg har ofte t\u00e6nkt: F\u00f8ler andre ogs\u00e5 tvivl undervejs? For det har jeg. Men \u00e9n ting er sikkert, [&hellip;]\" \/>\n<meta property=\"og:url\" content=\"https:\/\/kunmedierne.dk\/thy\/laeserbrev-vores-demokrati-rummer-plads-til-mangfoldighed-og-nye-perspektiver\/\" \/>\n<meta property=\"og:site_name\" content=\"Thy\" \/>\n<meta property=\"article:published_time\" content=\"2025-11-17T12:58:38+00:00\" \/>\n<meta name=\"author\" content=\"Debat\" \/>\n<meta name=\"twitter:card\" content=\"summary_large_image\" \/>\n<meta name=\"twitter:label1\" content=\"Skrevet af\" \/>\n\t<meta name=\"twitter:data1\" content=\"Debat\" \/>\n\t<meta name=\"twitter:label2\" content=\"Estimeret l\u00e6setid\" \/>\n\t<meta name=\"twitter:data2\" content=\"3 minutter\" \/>\n<script type=\"application\/ld+json\" class=\"yoast-schema-graph\">{\"@context\":\"https:\/\/schema.org\",\"@graph\":[{\"@type\":\"Article\",\"@id\":\"https:\/\/kunmedierne.dk\/thy\/laeserbrev-vores-demokrati-rummer-plads-til-mangfoldighed-og-nye-perspektiver\/#article\",\"isPartOf\":{\"@id\":\"https:\/\/kunmedierne.dk\/thy\/laeserbrev-vores-demokrati-rummer-plads-til-mangfoldighed-og-nye-perspektiver\/\"},\"author\":{\"name\":\"Debat\",\"@id\":\"https:\/\/kunmedierne.dk\/thy\/#\/schema\/person\/84c1391bce0b43b9bb3a49736bc0ad78\"},\"headline\":\"L\u00e6serbrev: Vores demokrati rummer plads til mangfoldighed og nye perspektiver\",\"datePublished\":\"2025-11-17T12:58:38+00:00\",\"mainEntityOfPage\":{\"@id\":\"https:\/\/kunmedierne.dk\/thy\/laeserbrev-vores-demokrati-rummer-plads-til-mangfoldighed-og-nye-perspektiver\/\"},\"wordCount\":542,\"publisher\":{\"@id\":\"https:\/\/kunmedierne.dk\/thy\/#organization\"},\"keywords\":[\"Kommunalvalg\"],\"articleSection\":[\"Debat\",\"Lokalt\"],\"inLanguage\":\"da-DK\"},{\"@type\":\"WebPage\",\"@id\":\"https:\/\/kunmedierne.dk\/thy\/laeserbrev-vores-demokrati-rummer-plads-til-mangfoldighed-og-nye-perspektiver\/\",\"url\":\"https:\/\/kunmedierne.dk\/thy\/laeserbrev-vores-demokrati-rummer-plads-til-mangfoldighed-og-nye-perspektiver\/\",\"name\":\"L\u00e6serbrev: Vores demokrati rummer plads til mangfoldighed og nye perspektiver - Thy\",\"isPartOf\":{\"@id\":\"https:\/\/kunmedierne.dk\/thy\/#website\"},\"datePublished\":\"2025-11-17T12:58:38+00:00\",\"breadcrumb\":{\"@id\":\"https:\/\/kunmedierne.dk\/thy\/laeserbrev-vores-demokrati-rummer-plads-til-mangfoldighed-og-nye-perspektiver\/#breadcrumb\"},\"inLanguage\":\"da-DK\",\"potentialAction\":[{\"@type\":\"ReadAction\",\"target\":[\"https:\/\/kunmedierne.dk\/thy\/laeserbrev-vores-demokrati-rummer-plads-til-mangfoldighed-og-nye-perspektiver\/\"]}]},{\"@type\":\"BreadcrumbList\",\"@id\":\"https:\/\/kunmedierne.dk\/thy\/laeserbrev-vores-demokrati-rummer-plads-til-mangfoldighed-og-nye-perspektiver\/#breadcrumb\",\"itemListElement\":[{\"@type\":\"ListItem\",\"position\":1,\"name\":\"Home\",\"item\":\"https:\/\/kunmedierne.dk\/thy\/\"},{\"@type\":\"ListItem\",\"position\":2,\"name\":\"L\u00e6serbrev: Vores demokrati rummer plads til mangfoldighed og nye perspektiver\"}]},{\"@type\":\"WebSite\",\"@id\":\"https:\/\/kunmedierne.dk\/thy\/#website\",\"url\":\"https:\/\/kunmedierne.dk\/thy\/\",\"name\":\"Thy\",\"description\":\"et netmedie med journalistik om livet i Thy\",\"publisher\":{\"@id\":\"https:\/\/kunmedierne.dk\/thy\/#organization\"},\"potentialAction\":[{\"@type\":\"SearchAction\",\"target\":{\"@type\":\"EntryPoint\",\"urlTemplate\":\"https:\/\/kunmedierne.dk\/thy\/?s={search_term_string}\"},\"query-input\":{\"@type\":\"PropertyValueSpecification\",\"valueRequired\":true,\"valueName\":\"search_term_string\"}}],\"inLanguage\":\"da-DK\"},{\"@type\":\"Organization\",\"@id\":\"https:\/\/kunmedierne.dk\/thy\/#organization\",\"name\":\"Thy\",\"url\":\"https:\/\/kunmedierne.dk\/thy\/\",\"logo\":{\"@type\":\"ImageObject\",\"inLanguage\":\"da-DK\",\"@id\":\"https:\/\/kunmedierne.dk\/thy\/#\/schema\/logo\/image\/\",\"url\":\"https:\/\/kunmedierne.dk\/thy\/wp-content\/uploads\/sites\/2\/2025\/04\/kunthy-logo.svg\",\"contentUrl\":\"https:\/\/kunmedierne.dk\/thy\/wp-content\/uploads\/sites\/2\/2025\/04\/kunthy-logo.svg\",\"caption\":\"Thy\"},\"image\":{\"@id\":\"https:\/\/kunmedierne.dk\/thy\/#\/schema\/logo\/image\/\"}},{\"@type\":\"Person\",\"@id\":\"https:\/\/kunmedierne.dk\/thy\/#\/schema\/person\/84c1391bce0b43b9bb3a49736bc0ad78\",\"name\":\"Debat\",\"image\":{\"@type\":\"ImageObject\",\"inLanguage\":\"da-DK\",\"@id\":\"https:\/\/kunmedierne.dk\/thy\/#\/schema\/person\/image\/\",\"url\":\"https:\/\/secure.gravatar.com\/avatar\/b0fb2e221d618f7c65162ab0d49c7e8a0b580c871ca03af90e42b47b4150654c?s=96&d=mm&r=g\",\"contentUrl\":\"https:\/\/secure.gravatar.com\/avatar\/b0fb2e221d618f7c65162ab0d49c7e8a0b580c871ca03af90e42b47b4150654c?s=96&d=mm&r=g\",\"caption\":\"Debat\"},\"url\":\"https:\/\/kunmedierne.dk\/thy\/author\/debat\/\"}]}<\/script>\n<!-- \/ Yoast SEO plugin. -->","yoast_head_json":{"title":"L\u00e6serbrev: Vores demokrati rummer plads til mangfoldighed og nye perspektiver - Thy","robots":{"index":"index","follow":"follow","max-snippet":"max-snippet:-1","max-image-preview":"max-image-preview:large","max-video-preview":"max-video-preview:-1"},"canonical":"https:\/\/kunmedierne.dk\/thy\/laeserbrev-vores-demokrati-rummer-plads-til-mangfoldighed-og-nye-perspektiver\/","og_locale":"da_DK","og_type":"article","og_title":"L\u00e6serbrev: Vores demokrati rummer plads til mangfoldighed og nye perspektiver - Thy","og_description":"DEBAT: Hvilken rejse det har v\u00e6ret! Vi startede 91 kandidater, og nu st\u00e5r vi her, t\u00e6t p\u00e5 m\u00e5lstregen. Jeg kan kun forestille mig alle de 91 historier, der ligger bag hver enkelt beslutning om at stille op. Jeg har ofte t\u00e6nkt: F\u00f8ler andre ogs\u00e5 tvivl undervejs? For det har jeg. Men \u00e9n ting er sikkert, [&hellip;]","og_url":"https:\/\/kunmedierne.dk\/thy\/laeserbrev-vores-demokrati-rummer-plads-til-mangfoldighed-og-nye-perspektiver\/","og_site_name":"Thy","article_published_time":"2025-11-17T12:58:38+00:00","author":"Debat","twitter_card":"summary_large_image","twitter_misc":{"Skrevet af":"Debat","Estimeret l\u00e6setid":"3 minutter"},"schema":{"@context":"https:\/\/schema.org","@graph":[{"@type":"Article","@id":"https:\/\/kunmedierne.dk\/thy\/laeserbrev-vores-demokrati-rummer-plads-til-mangfoldighed-og-nye-perspektiver\/#article","isPartOf":{"@id":"https:\/\/kunmedierne.dk\/thy\/laeserbrev-vores-demokrati-rummer-plads-til-mangfoldighed-og-nye-perspektiver\/"},"author":{"name":"Debat","@id":"https:\/\/kunmedierne.dk\/thy\/#\/schema\/person\/84c1391bce0b43b9bb3a49736bc0ad78"},"headline":"L\u00e6serbrev: Vores demokrati rummer plads til mangfoldighed og nye perspektiver","datePublished":"2025-11-17T12:58:38+00:00","mainEntityOfPage":{"@id":"https:\/\/kunmedierne.dk\/thy\/laeserbrev-vores-demokrati-rummer-plads-til-mangfoldighed-og-nye-perspektiver\/"},"wordCount":542,"publisher":{"@id":"https:\/\/kunmedierne.dk\/thy\/#organization"},"keywords":["Kommunalvalg"],"articleSection":["Debat","Lokalt"],"inLanguage":"da-DK"},{"@type":"WebPage","@id":"https:\/\/kunmedierne.dk\/thy\/laeserbrev-vores-demokrati-rummer-plads-til-mangfoldighed-og-nye-perspektiver\/","url":"https:\/\/kunmedierne.dk\/thy\/laeserbrev-vores-demokrati-rummer-plads-til-mangfoldighed-og-nye-perspektiver\/","name":"L\u00e6serbrev: Vores demokrati rummer plads til mangfoldighed og nye perspektiver - Thy","isPartOf":{"@id":"https:\/\/kunmedierne.dk\/thy\/#website"},"datePublished":"2025-11-17T12:58:38+00:00","breadcrumb":{"@id":"https:\/\/kunmedierne.dk\/thy\/laeserbrev-vores-demokrati-rummer-plads-til-mangfoldighed-og-nye-perspektiver\/#breadcrumb"},"inLanguage":"da-DK","potentialAction":[{"@type":"ReadAction","target":["https:\/\/kunmedierne.dk\/thy\/laeserbrev-vores-demokrati-rummer-plads-til-mangfoldighed-og-nye-perspektiver\/"]}]},{"@type":"BreadcrumbList","@id":"https:\/\/kunmedierne.dk\/thy\/laeserbrev-vores-demokrati-rummer-plads-til-mangfoldighed-og-nye-perspektiver\/#breadcrumb","itemListElement":[{"@type":"ListItem","position":1,"name":"Home","item":"https:\/\/kunmedierne.dk\/thy\/"},{"@type":"ListItem","position":2,"name":"L\u00e6serbrev: Vores demokrati rummer plads til mangfoldighed og nye perspektiver"}]},{"@type":"WebSite","@id":"https:\/\/kunmedierne.dk\/thy\/#website","url":"https:\/\/kunmedierne.dk\/thy\/","name":"Thy","description":"et netmedie med journalistik om livet i Thy","publisher":{"@id":"https:\/\/kunmedierne.dk\/thy\/#organization"},"potentialAction":[{"@type":"SearchAction","target":{"@type":"EntryPoint","urlTemplate":"https:\/\/kunmedierne.dk\/thy\/?s={search_term_string}"},"query-input":{"@type":"PropertyValueSpecification","valueRequired":true,"valueName":"search_term_string"}}],"inLanguage":"da-DK"},{"@type":"Organization","@id":"https:\/\/kunmedierne.dk\/thy\/#organization","name":"Thy","url":"https:\/\/kunmedierne.dk\/thy\/","logo":{"@type":"ImageObject","inLanguage":"da-DK","@id":"https:\/\/kunmedierne.dk\/thy\/#\/schema\/logo\/image\/","url":"https:\/\/kunmedierne.dk\/thy\/wp-content\/uploads\/sites\/2\/2025\/04\/kunthy-logo.svg","contentUrl":"https:\/\/kunmedierne.dk\/thy\/wp-content\/uploads\/sites\/2\/2025\/04\/kunthy-logo.svg","caption":"Thy"},"image":{"@id":"https:\/\/kunmedierne.dk\/thy\/#\/schema\/logo\/image\/"}},{"@type":"Person","@id":"https:\/\/kunmedierne.dk\/thy\/#\/schema\/person\/84c1391bce0b43b9bb3a49736bc0ad78","name":"Debat","image":{"@type":"ImageObject","inLanguage":"da-DK","@id":"https:\/\/kunmedierne.dk\/thy\/#\/schema\/person\/image\/","url":"https:\/\/secure.gravatar.com\/avatar\/b0fb2e221d618f7c65162ab0d49c7e8a0b580c871ca03af90e42b47b4150654c?s=96&d=mm&r=g","contentUrl":"https:\/\/secure.gravatar.com\/avatar\/b0fb2e221d618f7c65162ab0d49c7e8a0b580c871ca03af90e42b47b4150654c?s=96&d=mm&r=g","caption":"Debat"},"url":"https:\/\/kunmedierne.dk\/thy\/author\/debat\/"}]}},"_links":{"self":[{"href":"https:\/\/kunmedierne.dk\/thy\/wp-json\/wp\/v2\/posts\/13319","targetHints":{"allow":["GET"]}}],"collection":[{"href":"https:\/\/kunmedierne.dk\/thy\/wp-json\/wp\/v2\/posts"}],"about":[{"href":"https:\/\/kunmedierne.dk\/thy\/wp-json\/wp\/v2\/types\/post"}],"author":[{"embeddable":true,"href":"https:\/\/kunmedierne.dk\/thy\/wp-json\/wp\/v2\/users\/11"}],"replies":[{"embeddable":true,"href":"https:\/\/kunmedierne.dk\/thy\/wp-json\/wp\/v2\/comments?post=13319"}],"version-history":[{"count":10,"href":"https:\/\/kunmedierne.dk\/thy\/wp-json\/wp\/v2\/posts\/13319\/revisions"}],"predecessor-version":[{"id":13363,"href":"https:\/\/kunmedierne.dk\/thy\/wp-json\/wp\/v2\/posts\/13319\/revisions\/13363"}],"wp:attachment":[{"href":"https:\/\/kunmedierne.dk\/thy\/wp-json\/wp\/v2\/media?parent=13319"}],"wp:term":[{"taxonomy":"category","embeddable":true,"href":"https:\/\/kunmedierne.dk\/thy\/wp-json\/wp\/v2\/categories?post=13319"},{"taxonomy":"post_tag","embeddable":true,"href":"https:\/\/kunmedierne.dk\/thy\/wp-json\/wp\/v2\/tags?post=13319"}],"curies":[{"name":"wp","href":"https:\/\/api.w.org\/{rel}","templated":true}]}}