{"id":13317,"date":"2025-11-17T15:33:40","date_gmt":"2025-11-17T14:33:40","guid":{"rendered":"https:\/\/kunmedierne.dk\/thy\/?p=13317"},"modified":"2025-11-17T11:38:34","modified_gmt":"2025-11-17T10:38:34","slug":"laeserbrev-lad-en-kommission-undersoege-thybanens-fremtidige-potentiale","status":"publish","type":"post","link":"https:\/\/kunmedierne.dk\/thy\/laeserbrev-lad-en-kommission-undersoege-thybanens-fremtidige-potentiale\/","title":{"rendered":"<span>L\u00e6serbrev: <\/span> Lad en kommission unders\u00f8ge Thybanens fremtidige potentiale"},"content":{"rendered":"<p>DEBAT: Der b\u00f8r neds\u00e6ttes en kommission, som skal unders\u00f8ge passager-grundlaget for en modernisering af Thybanen.<\/p>\n<a class=\"dvrt-link\" onClick=\"cdmtrack_click(1130,jQuery(this));return false\" href=\"https:\/\/www.thistedforsikring.dk\/?utm_source=partnerskaber&amp;utm_campaign=kun_thy\"><img decoding=\"async\" style=\"width:100%;\" src=\"https:\/\/kunmedierne.dk\/thy\/wp-content\/uploads\/sites\/2\/2025\/04\/260409KunThyThisted-For-1.png\"><\/a><script>cdmtrack_view(1130);<\/script>\n<p>Kommissionen kunne for eksempel tage udgangspunkt i nogle af de veldokumenterede og p\u00e5viselige p\u00e5stande fra den flyer som vi i Enhedslisten Thy har gadeomdelt de seneste dage: At tog, hvis der er tilstr\u00e6kkeligt med passagerer,\u00a0 er den mest klimavenlige transportform. At de sm\u00e5 stationer, hvis de bliver udstyrede med stopknapper, i meget lille grad vil forl\u00e6nge rejsetiden. Og eventuelt kunne man ogs\u00e5 inds\u00e6tte ekspresruter, s\u00e5 rejsetiden kan optimeres for de rejsende imellem de st\u00f8rre byer.<\/p>\n<p>Og hertil kommer ikke mindst, at Thybanen har k\u00f8rt 75 km\/t siden 1882.<\/p>\n<p>Er det virkeligt for meget at \u00f8nske, at man efter 143 \u00e5r med 75 km\/t kan modernisere skinnerne, s\u00e5ledes at togene kan k\u00f8re 120 km\/t? Eller handler det om, at toget for alt i verden ikke m\u00e5 k\u00f8re hurtigere end bilerne?<\/p>\n<p>Er det en frygtindgydende tanke, at man kunne komme hurtigere med tog fra Struer til Thisted, end med bil? T\u00e6nk nu hvis det fik f\u00e6rre til at k\u00f8re med bil? Og er det ikke p\u00e5 tide at indf\u00f8re el-tog? Og endda el-tog som k\u00f8rer p\u00e5 str\u00f8mmen fra sol og vind!<\/p>\n<a class=\"dvrt-link\" onClick=\"cdmtrack_click(685,jQuery(this));return false\" href=\"https:\/\/wensien.dk\/begravelse\/?gad_source=1&gclid=Cj0KCQjwtJ6_BhDWARIsAGanmKcWw6hbeoepGti1oApJGHln52gMbg8EBRZ86__3P1AJZ5dcsw4ZvNEaAk7JEALw_wcB\"><img decoding=\"async\" style=\"width:100%;\" src=\"https:\/\/kunmedierne.dk\/thy\/wp-content\/uploads\/sites\/2\/2025\/03\/wensien-stenhugger.jpg\"><\/a><script>cdmtrack_view(685);<\/script>\n<p>Thisted Kommune modtog i 2007 den Europ\u00e6iske Solpris. Organisationen bag Solprisen, Eurosolar, lagde v\u00e6gt p\u00e5, at Thisted Kommune dengang var den kommune i Europa med mest vedvarende energi set i forhold til indbyggertal.<\/p>\n<p>Det virker som om det er temmelig lang tid siden. Hvor klima-progressiv og i \u00f8vrigt socialt progressiv er vores kommune i dag, med en dieseldrevet togbane med et lavere og lavere passagertal? Som snegler sig afsted med 75 km\/t, og hvor handicappede ikke kan blive hjulpet p\u00e5 og af toget, som man kunne dengang DSB stod for driften?<\/p>\n<p>Denne weekend gik jeg og mine partif\u00e6ller p\u00e5 gaden og uddelte flyers i Thisted og Hurup for at kommunens borgere bedre har kendskab til Enhedslistens visioner for offentlig transport i Thy.<\/p>\n<p>Derfra har jeg i udpr\u00e6get grad f\u00e5et en oplevelse af at truslen om lukningen er noget som optager og v\u00e6kker harme hos mange thyboer, og ikke kun thyboer som stemmer til venstre.<\/p>\n<a class=\"dvrt-link\" onClick=\"cdmtrack_click(18790,jQuery(this));return false\" href=\"https:\/\/thymors.dk\/sponsorater\/15-til-faellesskabet?utm_source=kunthy&amp;utm_medium=annonce&amp;utm_campaign=sponsorater\"><img decoding=\"async\" style=\"width:100%;\" src=\"https:\/\/kunmedierne.dk\/thy\/wp-content\/uploads\/sites\/2\/2026\/03\/260407ThyMors-energi_faellesskab_generel-1.jpg\"><\/a><script>cdmtrack_view(18790);<\/script>\n<p>Jeg tillod mig ogs\u00e5 at stille forskellige sp\u00f8rgsm\u00e5l til de borgere som ikke \u00f8nskede en flyer, f.eks. &#8220;Rejser du aldrig med tog?&#8221;\u00a0&#8220;Hvorfor rejser du aldrig med tog?&#8221; &#8220;Ville du rejse med tog hvis du kunne stole p\u00e5 at toget k\u00f8rte til tiden\u201d. Eller \u201dhvis det k\u00f8rte 120 km\/t?&#8221; Til folk med bev\u00e6gelseshandicap, f.eks. nogle \u00e6ldre borgere spurgte jeg &#8220;Ville du rejse med tog hvis der var handicap-service?&#8221;.\u00a0Man kunne selvf\u00f8lgelig ogs\u00e5 have spurgt, &#8220;ville du i h\u00f8jere grad rejse med toget, hvis det k\u00f8rte med 30 minutters frekvens?&#8221;<\/p>\n<p>Og man kunne g\u00e5 langt videre, fordi en hurtig togforbindelse g\u00f8r, at mange borgere kan bev\u00e6ge sig over st\u00f8rre afstande til og fra arbejde, uddannelsessted, fritidsaktiviteter, og bes\u00f8g hos familie og venner.<\/p>\n<p>Dertil kommer problematikken med lukningen af skoler, l\u00e6ge institutioner, dagligvareforretninger osv. i sm\u00e5 landsbyer i kommunen. Imens huse rives ned, og bliver en del af endnu st\u00f8rre pl\u00f8jemarker som s\u00e6tter kommunens visionsl\u00f8shed i relief. Lukningen af sm\u00e5 togstationer er naturligvis et led i denne regressive udvikling.<\/p>\n<p>Bevarelsen af Thybanen handler i h\u00f8j grad om fortsat at holde liv i de sm\u00e5 byer langs med skinnerne.<\/p>\n<a class=\"dvrt-link\" onClick=\"cdmtrack_click(685,jQuery(this));return false\" href=\"https:\/\/wensien.dk\/begravelse\/?gad_source=1&gclid=Cj0KCQjwtJ6_BhDWARIsAGanmKcWw6hbeoepGti1oApJGHln52gMbg8EBRZ86__3P1AJZ5dcsw4ZvNEaAk7JEALw_wcB\"><img decoding=\"async\" style=\"width:100%;\" src=\"https:\/\/kunmedierne.dk\/thy\/wp-content\/uploads\/sites\/2\/2025\/03\/wensien-stenhugger.jpg\"><\/a><script>cdmtrack_view(685);<\/script>\n<p>En bred videnskabelig unders\u00f8gelse af passagergrundlaget for en fremtidig moderniseret togforbindelse mellem Struer og Thisted vil kunne p\u00e5vise med stor n\u00f8jagtighed, hvad det lige pr\u00e6cis er, der interesserer lokale borgere.<\/p>\n<p>Vi b\u00f8r i den sammenh\u00e6ng huske hvad det er en togrejse kan bedre end nogen anden rejseform, hvilket g\u00f8r den til den foretrukne rejseform for mange. Faktum er jo, at mange bruger en togrejse til f.eks. at arbejde, studere, og alle mulige andre ting som kan v\u00e6re meget vigtige for den enkelte borger.<\/p>\n<p>Og det b\u00f8r regnes med i &#8220;det samfunds\u00f8konomiske regnestykke&#8221; eller hvad man nu skal kalde det som f\u00e5r vores hverdag til at h\u00e6nge sammen i et moderne lokalsamfund. Og med i dette regnestykke b\u00f8r ogs\u00e5 indg\u00e5, at der altid er borgere i Thy, som ikke kan eller \u00f8nsker at k\u00f8re bil: B\u00f8rn, unge, \u00e6ldre og handicappede, samt thyboere og g\u00e6ster udefra som ikke \u00f8nsker at k\u00f8re bil. Det er udtryk for manglende solidaritet at vi ikke kan give alle thyboere lige adgang til Thy \u2013 ogs\u00e5 dem som ikke k\u00f8rer i bil.<\/p>\n","protected":false},"excerpt":{"rendered":"<p>DEBAT: Der b\u00f8r neds\u00e6ttes en kommission, som skal unders\u00f8ge passager-grundlaget for en modernisering af Thybanen. Kommissionen kunne for eksempel tage udgangspunkt i nogle af de veldokumenterede og p\u00e5viselige p\u00e5stande fra den flyer som vi i Enhedslisten Thy har gadeomdelt de seneste dage: At tog, hvis der er tilstr\u00e6kkeligt med passagerer,\u00a0 er den mest klimavenlige transportform. [&hellip;]<\/p>\n","protected":false},"author":4535,"featured_media":0,"comment_status":"closed","ping_status":"closed","sticky":false,"template":"","format":"standard","meta":{"_acf_changed":false,"footnotes":""},"categories":[56,24],"tags":[89],"class_list":["post-13317","post","type-post","status-publish","format-standard","hentry","category-debat","category-lokalt","tag-kommunalvalg"],"acf":[],"yoast_head":"<!-- This site is optimized with the Yoast SEO plugin v26.8 - https:\/\/yoast.com\/product\/yoast-seo-wordpress\/ -->\n<title>L\u00e6serbrev:  Lad en kommission unders\u00f8ge Thybanens fremtidige potentiale - Thy<\/title>\n<meta name=\"robots\" content=\"index, follow, max-snippet:-1, max-image-preview:large, max-video-preview:-1\" \/>\n<link rel=\"canonical\" href=\"https:\/\/kunmedierne.dk\/thy\/laeserbrev-lad-en-kommission-undersoege-thybanens-fremtidige-potentiale\/\" \/>\n<meta property=\"og:locale\" content=\"da_DK\" \/>\n<meta property=\"og:type\" content=\"article\" \/>\n<meta property=\"og:title\" content=\"L\u00e6serbrev:  Lad en kommission unders\u00f8ge Thybanens fremtidige potentiale - Thy\" \/>\n<meta property=\"og:description\" content=\"DEBAT: Der b\u00f8r neds\u00e6ttes en kommission, som skal unders\u00f8ge passager-grundlaget for en modernisering af Thybanen. Kommissionen kunne for eksempel tage udgangspunkt i nogle af de veldokumenterede og p\u00e5viselige p\u00e5stande fra den flyer som vi i Enhedslisten Thy har gadeomdelt de seneste dage: At tog, hvis der er tilstr\u00e6kkeligt med passagerer,\u00a0 er den mest klimavenlige transportform. [&hellip;]\" \/>\n<meta property=\"og:url\" content=\"https:\/\/kunmedierne.dk\/thy\/laeserbrev-lad-en-kommission-undersoege-thybanens-fremtidige-potentiale\/\" \/>\n<meta property=\"og:site_name\" content=\"Thy\" \/>\n<meta property=\"article:published_time\" content=\"2025-11-17T14:33:40+00:00\" \/>\n<meta name=\"author\" content=\"Jens Fogh Andersen\" \/>\n<meta name=\"twitter:card\" content=\"summary_large_image\" \/>\n<meta name=\"twitter:label1\" content=\"Skrevet af\" \/>\n\t<meta name=\"twitter:data1\" content=\"Jens Fogh Andersen\" \/>\n\t<meta name=\"twitter:label2\" content=\"Estimeret l\u00e6setid\" \/>\n\t<meta name=\"twitter:data2\" content=\"4 minutter\" \/>\n<script type=\"application\/ld+json\" class=\"yoast-schema-graph\">{\"@context\":\"https:\/\/schema.org\",\"@graph\":[{\"@type\":\"Article\",\"@id\":\"https:\/\/kunmedierne.dk\/thy\/laeserbrev-lad-en-kommission-undersoege-thybanens-fremtidige-potentiale\/#article\",\"isPartOf\":{\"@id\":\"https:\/\/kunmedierne.dk\/thy\/laeserbrev-lad-en-kommission-undersoege-thybanens-fremtidige-potentiale\/\"},\"author\":{\"name\":\"Jens Fogh Andersen\",\"@id\":\"https:\/\/kunmedierne.dk\/thy\/#\/schema\/person\/88f5be46809ca2a5533760eb574fef93\"},\"headline\":\"L\u00e6serbrev: Lad en kommission unders\u00f8ge Thybanens fremtidige potentiale\",\"datePublished\":\"2025-11-17T14:33:40+00:00\",\"mainEntityOfPage\":{\"@id\":\"https:\/\/kunmedierne.dk\/thy\/laeserbrev-lad-en-kommission-undersoege-thybanens-fremtidige-potentiale\/\"},\"wordCount\":786,\"publisher\":{\"@id\":\"https:\/\/kunmedierne.dk\/thy\/#organization\"},\"keywords\":[\"Kommunalvalg\"],\"articleSection\":[\"Debat\",\"Lokalt\"],\"inLanguage\":\"da-DK\"},{\"@type\":\"WebPage\",\"@id\":\"https:\/\/kunmedierne.dk\/thy\/laeserbrev-lad-en-kommission-undersoege-thybanens-fremtidige-potentiale\/\",\"url\":\"https:\/\/kunmedierne.dk\/thy\/laeserbrev-lad-en-kommission-undersoege-thybanens-fremtidige-potentiale\/\",\"name\":\"L\u00e6serbrev: Lad en kommission unders\u00f8ge Thybanens fremtidige potentiale - Thy\",\"isPartOf\":{\"@id\":\"https:\/\/kunmedierne.dk\/thy\/#website\"},\"datePublished\":\"2025-11-17T14:33:40+00:00\",\"breadcrumb\":{\"@id\":\"https:\/\/kunmedierne.dk\/thy\/laeserbrev-lad-en-kommission-undersoege-thybanens-fremtidige-potentiale\/#breadcrumb\"},\"inLanguage\":\"da-DK\",\"potentialAction\":[{\"@type\":\"ReadAction\",\"target\":[\"https:\/\/kunmedierne.dk\/thy\/laeserbrev-lad-en-kommission-undersoege-thybanens-fremtidige-potentiale\/\"]}]},{\"@type\":\"BreadcrumbList\",\"@id\":\"https:\/\/kunmedierne.dk\/thy\/laeserbrev-lad-en-kommission-undersoege-thybanens-fremtidige-potentiale\/#breadcrumb\",\"itemListElement\":[{\"@type\":\"ListItem\",\"position\":1,\"name\":\"Home\",\"item\":\"https:\/\/kunmedierne.dk\/thy\/\"},{\"@type\":\"ListItem\",\"position\":2,\"name\":\"L\u00e6serbrev: Lad en kommission unders\u00f8ge Thybanens fremtidige potentiale\"}]},{\"@type\":\"WebSite\",\"@id\":\"https:\/\/kunmedierne.dk\/thy\/#website\",\"url\":\"https:\/\/kunmedierne.dk\/thy\/\",\"name\":\"Thy\",\"description\":\"et netmedie med journalistik om livet i Thy\",\"publisher\":{\"@id\":\"https:\/\/kunmedierne.dk\/thy\/#organization\"},\"potentialAction\":[{\"@type\":\"SearchAction\",\"target\":{\"@type\":\"EntryPoint\",\"urlTemplate\":\"https:\/\/kunmedierne.dk\/thy\/?s={search_term_string}\"},\"query-input\":{\"@type\":\"PropertyValueSpecification\",\"valueRequired\":true,\"valueName\":\"search_term_string\"}}],\"inLanguage\":\"da-DK\"},{\"@type\":\"Organization\",\"@id\":\"https:\/\/kunmedierne.dk\/thy\/#organization\",\"name\":\"Thy\",\"url\":\"https:\/\/kunmedierne.dk\/thy\/\",\"logo\":{\"@type\":\"ImageObject\",\"inLanguage\":\"da-DK\",\"@id\":\"https:\/\/kunmedierne.dk\/thy\/#\/schema\/logo\/image\/\",\"url\":\"https:\/\/kunmedierne.dk\/thy\/wp-content\/uploads\/sites\/2\/2025\/04\/kunthy-logo.svg\",\"contentUrl\":\"https:\/\/kunmedierne.dk\/thy\/wp-content\/uploads\/sites\/2\/2025\/04\/kunthy-logo.svg\",\"caption\":\"Thy\"},\"image\":{\"@id\":\"https:\/\/kunmedierne.dk\/thy\/#\/schema\/logo\/image\/\"}},{\"@type\":\"Person\",\"@id\":\"https:\/\/kunmedierne.dk\/thy\/#\/schema\/person\/88f5be46809ca2a5533760eb574fef93\",\"name\":\"Jens Fogh Andersen\",\"image\":{\"@type\":\"ImageObject\",\"inLanguage\":\"da-DK\",\"@id\":\"https:\/\/kunmedierne.dk\/thy\/#\/schema\/person\/image\/\",\"url\":\"https:\/\/secure.gravatar.com\/avatar\/2b367a4ef139b1c41dccc9ee7af926b81f8b4cca3359772e86c7fd5ced26c0a3?s=96&d=mm&r=g\",\"contentUrl\":\"https:\/\/secure.gravatar.com\/avatar\/2b367a4ef139b1c41dccc9ee7af926b81f8b4cca3359772e86c7fd5ced26c0a3?s=96&d=mm&r=g\",\"caption\":\"Jens Fogh Andersen\"},\"url\":\"https:\/\/kunmedierne.dk\/thy\/author\/jfa\/\"}]}<\/script>\n<!-- \/ Yoast SEO plugin. -->","yoast_head_json":{"title":"L\u00e6serbrev:  Lad en kommission unders\u00f8ge Thybanens fremtidige potentiale - Thy","robots":{"index":"index","follow":"follow","max-snippet":"max-snippet:-1","max-image-preview":"max-image-preview:large","max-video-preview":"max-video-preview:-1"},"canonical":"https:\/\/kunmedierne.dk\/thy\/laeserbrev-lad-en-kommission-undersoege-thybanens-fremtidige-potentiale\/","og_locale":"da_DK","og_type":"article","og_title":"L\u00e6serbrev:  Lad en kommission unders\u00f8ge Thybanens fremtidige potentiale - Thy","og_description":"DEBAT: Der b\u00f8r neds\u00e6ttes en kommission, som skal unders\u00f8ge passager-grundlaget for en modernisering af Thybanen. Kommissionen kunne for eksempel tage udgangspunkt i nogle af de veldokumenterede og p\u00e5viselige p\u00e5stande fra den flyer som vi i Enhedslisten Thy har gadeomdelt de seneste dage: At tog, hvis der er tilstr\u00e6kkeligt med passagerer,\u00a0 er den mest klimavenlige transportform. [&hellip;]","og_url":"https:\/\/kunmedierne.dk\/thy\/laeserbrev-lad-en-kommission-undersoege-thybanens-fremtidige-potentiale\/","og_site_name":"Thy","article_published_time":"2025-11-17T14:33:40+00:00","author":"Jens Fogh Andersen","twitter_card":"summary_large_image","twitter_misc":{"Skrevet af":"Jens Fogh Andersen","Estimeret l\u00e6setid":"4 minutter"},"schema":{"@context":"https:\/\/schema.org","@graph":[{"@type":"Article","@id":"https:\/\/kunmedierne.dk\/thy\/laeserbrev-lad-en-kommission-undersoege-thybanens-fremtidige-potentiale\/#article","isPartOf":{"@id":"https:\/\/kunmedierne.dk\/thy\/laeserbrev-lad-en-kommission-undersoege-thybanens-fremtidige-potentiale\/"},"author":{"name":"Jens Fogh Andersen","@id":"https:\/\/kunmedierne.dk\/thy\/#\/schema\/person\/88f5be46809ca2a5533760eb574fef93"},"headline":"L\u00e6serbrev: Lad en kommission unders\u00f8ge Thybanens fremtidige potentiale","datePublished":"2025-11-17T14:33:40+00:00","mainEntityOfPage":{"@id":"https:\/\/kunmedierne.dk\/thy\/laeserbrev-lad-en-kommission-undersoege-thybanens-fremtidige-potentiale\/"},"wordCount":786,"publisher":{"@id":"https:\/\/kunmedierne.dk\/thy\/#organization"},"keywords":["Kommunalvalg"],"articleSection":["Debat","Lokalt"],"inLanguage":"da-DK"},{"@type":"WebPage","@id":"https:\/\/kunmedierne.dk\/thy\/laeserbrev-lad-en-kommission-undersoege-thybanens-fremtidige-potentiale\/","url":"https:\/\/kunmedierne.dk\/thy\/laeserbrev-lad-en-kommission-undersoege-thybanens-fremtidige-potentiale\/","name":"L\u00e6serbrev: Lad en kommission unders\u00f8ge Thybanens fremtidige potentiale - Thy","isPartOf":{"@id":"https:\/\/kunmedierne.dk\/thy\/#website"},"datePublished":"2025-11-17T14:33:40+00:00","breadcrumb":{"@id":"https:\/\/kunmedierne.dk\/thy\/laeserbrev-lad-en-kommission-undersoege-thybanens-fremtidige-potentiale\/#breadcrumb"},"inLanguage":"da-DK","potentialAction":[{"@type":"ReadAction","target":["https:\/\/kunmedierne.dk\/thy\/laeserbrev-lad-en-kommission-undersoege-thybanens-fremtidige-potentiale\/"]}]},{"@type":"BreadcrumbList","@id":"https:\/\/kunmedierne.dk\/thy\/laeserbrev-lad-en-kommission-undersoege-thybanens-fremtidige-potentiale\/#breadcrumb","itemListElement":[{"@type":"ListItem","position":1,"name":"Home","item":"https:\/\/kunmedierne.dk\/thy\/"},{"@type":"ListItem","position":2,"name":"L\u00e6serbrev: Lad en kommission unders\u00f8ge Thybanens fremtidige potentiale"}]},{"@type":"WebSite","@id":"https:\/\/kunmedierne.dk\/thy\/#website","url":"https:\/\/kunmedierne.dk\/thy\/","name":"Thy","description":"et netmedie med journalistik om livet i Thy","publisher":{"@id":"https:\/\/kunmedierne.dk\/thy\/#organization"},"potentialAction":[{"@type":"SearchAction","target":{"@type":"EntryPoint","urlTemplate":"https:\/\/kunmedierne.dk\/thy\/?s={search_term_string}"},"query-input":{"@type":"PropertyValueSpecification","valueRequired":true,"valueName":"search_term_string"}}],"inLanguage":"da-DK"},{"@type":"Organization","@id":"https:\/\/kunmedierne.dk\/thy\/#organization","name":"Thy","url":"https:\/\/kunmedierne.dk\/thy\/","logo":{"@type":"ImageObject","inLanguage":"da-DK","@id":"https:\/\/kunmedierne.dk\/thy\/#\/schema\/logo\/image\/","url":"https:\/\/kunmedierne.dk\/thy\/wp-content\/uploads\/sites\/2\/2025\/04\/kunthy-logo.svg","contentUrl":"https:\/\/kunmedierne.dk\/thy\/wp-content\/uploads\/sites\/2\/2025\/04\/kunthy-logo.svg","caption":"Thy"},"image":{"@id":"https:\/\/kunmedierne.dk\/thy\/#\/schema\/logo\/image\/"}},{"@type":"Person","@id":"https:\/\/kunmedierne.dk\/thy\/#\/schema\/person\/88f5be46809ca2a5533760eb574fef93","name":"Jens Fogh Andersen","image":{"@type":"ImageObject","inLanguage":"da-DK","@id":"https:\/\/kunmedierne.dk\/thy\/#\/schema\/person\/image\/","url":"https:\/\/secure.gravatar.com\/avatar\/2b367a4ef139b1c41dccc9ee7af926b81f8b4cca3359772e86c7fd5ced26c0a3?s=96&d=mm&r=g","contentUrl":"https:\/\/secure.gravatar.com\/avatar\/2b367a4ef139b1c41dccc9ee7af926b81f8b4cca3359772e86c7fd5ced26c0a3?s=96&d=mm&r=g","caption":"Jens Fogh Andersen"},"url":"https:\/\/kunmedierne.dk\/thy\/author\/jfa\/"}]}},"_links":{"self":[{"href":"https:\/\/kunmedierne.dk\/thy\/wp-json\/wp\/v2\/posts\/13317","targetHints":{"allow":["GET"]}}],"collection":[{"href":"https:\/\/kunmedierne.dk\/thy\/wp-json\/wp\/v2\/posts"}],"about":[{"href":"https:\/\/kunmedierne.dk\/thy\/wp-json\/wp\/v2\/types\/post"}],"author":[{"embeddable":true,"href":"https:\/\/kunmedierne.dk\/thy\/wp-json\/wp\/v2\/users\/4535"}],"replies":[{"embeddable":true,"href":"https:\/\/kunmedierne.dk\/thy\/wp-json\/wp\/v2\/comments?post=13317"}],"version-history":[{"count":7,"href":"https:\/\/kunmedierne.dk\/thy\/wp-json\/wp\/v2\/posts\/13317\/revisions"}],"predecessor-version":[{"id":13366,"href":"https:\/\/kunmedierne.dk\/thy\/wp-json\/wp\/v2\/posts\/13317\/revisions\/13366"}],"wp:attachment":[{"href":"https:\/\/kunmedierne.dk\/thy\/wp-json\/wp\/v2\/media?parent=13317"}],"wp:term":[{"taxonomy":"category","embeddable":true,"href":"https:\/\/kunmedierne.dk\/thy\/wp-json\/wp\/v2\/categories?post=13317"},{"taxonomy":"post_tag","embeddable":true,"href":"https:\/\/kunmedierne.dk\/thy\/wp-json\/wp\/v2\/tags?post=13317"}],"curies":[{"name":"wp","href":"https:\/\/api.w.org\/{rel}","templated":true}]}}