{"id":13283,"date":"2025-11-16T11:00:29","date_gmt":"2025-11-16T10:00:29","guid":{"rendered":"https:\/\/kunmedierne.dk\/thy\/?p=13283"},"modified":"2025-11-16T07:01:27","modified_gmt":"2025-11-16T06:01:27","slug":"lige-adgang-for-alle-til-turistattraktioner-i-thy","status":"publish","type":"post","link":"https:\/\/kunmedierne.dk\/thy\/lige-adgang-for-alle-til-turistattraktioner-i-thy\/","title":{"rendered":"Vision: Lige adgang for alle til turistattraktioner i Thy"},"content":{"rendered":"<p><strong>TILG\u00c6NGELIGHED:<\/strong> K\u00f8restolsvenlige stier, elevator, handicaptoiletter, niveaufri adgang og automatiske d\u00f8re.<\/p>\n<p>Det er nogle af de forhold, der kan skabe tilg\u00e6ngelighed for alle, n\u00e5r det g\u00e6lder oplevelser i naturen, i kulturinstitutioner og p\u00e5 spisesteder.<\/p>\n<p>I samarbejde med lokale ildsj\u00e6le og foreninger samt Thisted Kommune har turistorganisationen VisitNordvestkysten lagt sig i selen for at skabe et website, hvor g\u00e6ster i Thy (og andre steder i Nordvestjylland) kan f\u00e5 et overblik over de steder, der er handicapvenlige &#8211; og information om graden af tilg\u00e6ngelighed.<\/p>\n<a class=\"dvrt-link\" onClick=\"cdmtrack_click(1130,jQuery(this));return false\" href=\"https:\/\/www.thistedforsikring.dk\/?utm_source=partnerskaber&amp;utm_campaign=kun_thy\"><img decoding=\"async\" style=\"width:100%;\" src=\"https:\/\/kunmedierne.dk\/thy\/wp-content\/uploads\/sites\/2\/2025\/04\/260409KunThyThisted-For-1.png\"><\/a><script>cdmtrack_view(1130);<\/script>\n<p>Platformen blev lanceret p\u00e5 Caf\u00e9 Amalie i Thisted tirsdag 11. november, hvor forskellige repr\u00e6sentanter for handicaporganisationer og p\u00e5r\u00f8rende til handicappede var til stede &#8211; sammen med en lille h\u00e5ndfuld turistakt\u00f8rer og et par politikere.<\/p>\n<div id=\"attachment_13294\" style=\"width: 1242px\" class=\"wp-caption alignnone\"><img loading=\"lazy\" decoding=\"async\" aria-describedby=\"caption-attachment-13294\" class=\"wp-image-13294 size-full\" src=\"https:\/\/kunmedierne.dk\/thy\/wp-content\/uploads\/sites\/2\/2025\/11\/Unavngivet-1232-x-802-px-2025-11-15T222129.866.jpg\" alt=\"\" width=\"1232\" height=\"802\" srcset=\"https:\/\/kunmedierne.dk\/thy\/wp-content\/uploads\/sites\/2\/2025\/11\/Unavngivet-1232-x-802-px-2025-11-15T222129.866.jpg 1232w, https:\/\/kunmedierne.dk\/thy\/wp-content\/uploads\/sites\/2\/2025\/11\/Unavngivet-1232-x-802-px-2025-11-15T222129.866-300x195.jpg 300w, https:\/\/kunmedierne.dk\/thy\/wp-content\/uploads\/sites\/2\/2025\/11\/Unavngivet-1232-x-802-px-2025-11-15T222129.866-1024x667.jpg 1024w, https:\/\/kunmedierne.dk\/thy\/wp-content\/uploads\/sites\/2\/2025\/11\/Unavngivet-1232-x-802-px-2025-11-15T222129.866-510x332.jpg 510w\" sizes=\"auto, (max-width: 1232px) 100vw, 1232px\" \/><p id=\"caption-attachment-13294\" class=\"wp-caption-text\">&#8211; Det burde ikke ske mere, at tilg\u00e6ngelighed ikke t\u00e6nkes ind ved nybyggeri, sagde Henrik Gregersen (st\u00e5ende), formand for social- og seniorudvalget i Thisted Kommune, til gruppen, der m\u00f8dtes p\u00e5 Caf\u00e9 Amalie &#8211; en af de turistakt\u00f8rer, der har fokus p\u00e5 handicapvenlige forhold.<\/p><\/div>\n<p>Karina Dam S\u00f8rensen er forretningsudvikler i VisitNordvestkysten &#8211; med base i Hanstholm. Fra hende l\u00f8d det blandt andet:<\/p>\n<p>&#8211;\u00a0I dag fejrer vi noget, der r\u00e6kker langt ud over en ny hjemmeside. Vi fejrer en vision: En vision om, at alle \u2013 uanset evner og foruds\u00e6tninger \u2013 skal kunne opleve gl\u00e6den ved at v\u00e6re ude, v\u00e6re sammen og opdage verden omkring os.<\/p>\n<p>&#8211; N\u00e5r \u00e9n i familien sidder i k\u00f8restol, betyder det alt at kunne deltage p\u00e5 lige vilk\u00e5r. At kunne opleve natur, kultur og f\u00e6llesskab uden barrierer. Det er d\u00e9t, Tilg\u00e6ngelighed for Alle handler om.<\/p>\n<p>Websitet er et praktisk v\u00e6rkt\u00f8j for b\u00e5de lokale og g\u00e6ster. Det findes som en underside p\u00e5 visitnordvestkysten.dk, og her kan man g\u00e5 ind p\u00e5 &#8220;Handicapvenlige oplevelser i Thy&#8221;. Via denne side kan man s\u00f8ge ind p\u00e5 attraktioner, spisesteder, overnatning og udflugtsm\u00e5l.<\/p>\n<a class=\"dvrt-link\" onClick=\"cdmtrack_click(687,jQuery(this));return false\" href=\"https:\/\/konpap.dk\/?gad_source=1&gclid=Cj0KCQjwtJ6_BhDWARIsAGanmKfOBLC3RBm6obWL5sEb-mp4bsp5QjqWW4j4nx22y0YT2iMiXJcv3MoaApR_EALw_wcB\"><img decoding=\"async\" style=\"width:100%;\" src=\"https:\/\/kunmedierne.dk\/thy\/wp-content\/uploads\/sites\/2\/2025\/03\/redoffice.jpg\"><\/a><script>cdmtrack_view(687);<\/script>\n<p>Karina Dam S\u00f8rensen understregede, at websitet stadig er p\u00e5 et begynderstadie:<\/p>\n<p>&#8211; Det er vigtigt for mig at sige, at projektet og hjemmesiden ikke er f\u00e6rdigt. Tv\u00e6rtimod er vi f\u00f8rst lige g\u00e5et i gang! Projektet udl\u00f8ber ikke, og vi arbejder p\u00e5 at inkludere flere handicaps og funktionsneds\u00e6ttelser. Lige nu har hjemmesiden fokus p\u00e5 k\u00f8restolsbrugere, men l\u00f8bende udvider vi informationerne p\u00e5 siden \u2013 i takt med at vi f\u00e5r flere input fra akt\u00f8rer, foreninger og s\u00e5 videre, sagde hun.<\/p>\n<p>P\u00e5 Caf\u00e9 Amalie var der ogs\u00e5 lagt op til dialog om, hvordan der l\u00f8bende kan skabes bedre forhold for handicappede i det offentlige rum.<\/p>\n<p>Kresten Sigsh\u00f8j Jeppesen, der er formand for Handicapr\u00e5det i Thisted Kommune, fortalte om, at r\u00e5det har et tilg\u00e6ngelighedsudvalg, der bliver h\u00f8rt, n\u00e5r der gives tilladelse til nyt offentligt byggeri.<\/p>\n<p>Og Henrik Gregersen, formand for social- og seniorudvalget &#8211; og ligeledes medlem af handicapr\u00e5det:<\/p>\n<p>&#8211; Det burde ikke l\u00e6ngere ske, at tilg\u00e6ngelighed ikke t\u00e6nkes ind, n\u00e5r der bygges nyt i kommunen.<\/p>\n<p>En badestol til handicappede ved S\u00f8badet, farvelagte ledelinjer og hjernevenlig biograf var nogle af de emner, der blev dr\u00f8ftet over kaffen.<\/p>\n<a class=\"dvrt-link\" onClick=\"cdmtrack_click(683,jQuery(this));return false\" href=\"https:\/\/vester-begr.dk\/?utm_source=google&amp;utm_medium=advative&amp;gad_source=1&amp;gclid=Cj0KCQjwtJ6_BhDWARIsAGanmKfl-hGVVjCYiOgSKoGoxrow4kvXybZsnruKJYTslvqZDywT6a9PCQwaAmBjEALw_wcB\"><img decoding=\"async\" style=\"width:100%;\" src=\"https:\/\/kunmedierne.dk\/thy\/wp-content\/uploads\/sites\/2\/2025\/03\/260203VesterHoukaer-02022026.jpg\"><\/a><script>cdmtrack_view(683);<\/script>\n<p>S\u00e5 blev hele gruppen inviteret p\u00e5 rundvisning p\u00e5 Museum Thy.<\/p>\n<p>Formidlingsinspekt\u00f8r Charlotte Boje Andersen fortalte, at der ved indretningen af museets nye udstillingsbygning i Jernbanegade 11 (\u00e5bnet juni 2023) netop er lagt v\u00e6gt p\u00e5, at museet er for alle.<\/p>\n<p>&#8211; Det gamle Thisted Museum var indrettet med mange trapper, s\u00e5 et af form\u00e5lene med at bygge et nyt museum var netop at skabe en bedre tilg\u00e6ngelighed, sagde Charlotte Boje Andersen &#8211; og sendte en stor tak til Thisted Kommune for at have medvirket med et tilskud p\u00e5 fem mio. kr., der sammen med en stor donation fra\u00a0Aage og Johanne Louis-Hansens Fond muliggjorde nyindretningen af bygningen.<\/p>\n<div id=\"attachment_13292\" style=\"width: 1242px\" class=\"wp-caption alignnone\"><img loading=\"lazy\" decoding=\"async\" aria-describedby=\"caption-attachment-13292\" class=\"wp-image-13292 size-full\" src=\"https:\/\/kunmedierne.dk\/thy\/wp-content\/uploads\/sites\/2\/2025\/11\/Unavngivet-1232-x-802-px-2025-11-15T222445.896.jpg\" alt=\"\" width=\"1232\" height=\"802\" srcset=\"https:\/\/kunmedierne.dk\/thy\/wp-content\/uploads\/sites\/2\/2025\/11\/Unavngivet-1232-x-802-px-2025-11-15T222445.896.jpg 1232w, https:\/\/kunmedierne.dk\/thy\/wp-content\/uploads\/sites\/2\/2025\/11\/Unavngivet-1232-x-802-px-2025-11-15T222445.896-300x195.jpg 300w, https:\/\/kunmedierne.dk\/thy\/wp-content\/uploads\/sites\/2\/2025\/11\/Unavngivet-1232-x-802-px-2025-11-15T222445.896-1024x667.jpg 1024w, https:\/\/kunmedierne.dk\/thy\/wp-content\/uploads\/sites\/2\/2025\/11\/Unavngivet-1232-x-802-px-2025-11-15T222445.896-510x332.jpg 510w\" sizes=\"auto, (max-width: 1232px) 100vw, 1232px\" \/><p id=\"caption-attachment-13292\" class=\"wp-caption-text\">Formidlingsinspekt\u00f8r Charlotte Boje Andersen ved elevatoren, som k\u00f8restolsbruger Kristian Petersen har stor gl\u00e6de af.<\/p><\/div>\n<p>Nu kan man som k\u00f8restolsbruger let bev\u00e6ge sig mellem de forskellige etager via elevator, og selv en svag stigning fra elevatorudgangen til et udstillingsrum blev godkendt af k\u00f8restolsbruger Kristian Petersen.<\/p>\n<p>Han bem\u00e6rkede, at det kunne v\u00e6re fint med tydeligere skiltning af udgange, og plejehjemsleder Yvonne Tilsted, der er n\u00f8gleperson i projekt Demensvenlig Thy, efterlyste farvestriber p\u00e5 trapperne.<\/p>\n<p>Charlotte Boje Andersen understregede, at indretningen naturligvis er sikkerhedsgodkendt &#8211; men at hun ville bringe de gode r\u00e5d videre.<\/p>\n<p>Generelt var der i gruppen stor begejstring over s\u00e5vel indhold som indretning af museets moderne udstillingsbygning i Thisted.<\/p>\n<div id=\"attachment_13293\" style=\"width: 1242px\" class=\"wp-caption alignnone\"><img loading=\"lazy\" decoding=\"async\" aria-describedby=\"caption-attachment-13293\" class=\"wp-image-13293 size-full\" src=\"https:\/\/kunmedierne.dk\/thy\/wp-content\/uploads\/sites\/2\/2025\/11\/Unavngivet-1232-x-802-px-2025-11-15T222321.062.jpg\" alt=\"\" width=\"1232\" height=\"802\" srcset=\"https:\/\/kunmedierne.dk\/thy\/wp-content\/uploads\/sites\/2\/2025\/11\/Unavngivet-1232-x-802-px-2025-11-15T222321.062.jpg 1232w, https:\/\/kunmedierne.dk\/thy\/wp-content\/uploads\/sites\/2\/2025\/11\/Unavngivet-1232-x-802-px-2025-11-15T222321.062-300x195.jpg 300w, https:\/\/kunmedierne.dk\/thy\/wp-content\/uploads\/sites\/2\/2025\/11\/Unavngivet-1232-x-802-px-2025-11-15T222321.062-1024x667.jpg 1024w, https:\/\/kunmedierne.dk\/thy\/wp-content\/uploads\/sites\/2\/2025\/11\/Unavngivet-1232-x-802-px-2025-11-15T222321.062-510x332.jpg 510w\" sizes=\"auto, (max-width: 1232px) 100vw, 1232px\" \/><p id=\"caption-attachment-13293\" class=\"wp-caption-text\">Gruppen p\u00e5 rundvisning i det udstillingsrum, der har fokus p\u00e5 vikingetid og middelalder.<\/p><\/div>\n<p>&#8211; Tilg\u00e6ngeligheden er rigtig fin, l\u00f8d det fra k\u00f8restolsbruger Kristan Petersen, og samme rosende ord kom fra Kresten Sigsh\u00f8j Jeppesen.<\/p>\n<a class=\"dvrt-link\" onClick=\"cdmtrack_click(1130,jQuery(this));return false\" href=\"https:\/\/www.thistedforsikring.dk\/?utm_source=partnerskaber&amp;utm_campaign=kun_thy\"><img decoding=\"async\" style=\"width:100%;\" src=\"https:\/\/kunmedierne.dk\/thy\/wp-content\/uploads\/sites\/2\/2025\/04\/260409KunThyThisted-For-1.png\"><\/a><script>cdmtrack_view(1130);<\/script>\n<p>Linda Langballe Christensen, medlem af handicapr\u00e5det for ADHD-foreningen er tryg ved, at mennesker med psykiske handicap ville kunne f\u00e6rdes museet.<\/p>\n<p>&#8211; Her er meget roligt, og der er plads til at man kan g\u00e5 lidt hen i et hj\u00f8rne eller gemme sig lidt bag en montre, sagde hun.<\/p>\n<p>Udover Museum Thy er her et udpluk af handicapvenlige oplevelsessteder her i omr\u00e5det: Nationalparkcenter Thy, SMK Thy i Doverodde, Thy Whisky, Thy Hallen, Thy Race og Aktivitetspark, Det Nordatlantiske Fyr i Hanstholm og Danmarks l\u00e6ngste handicapsti i Agger. S\u00e5rup i den nordlige del af Tved Klitplantage har shelter med lift og i n\u00e6rheden er der en k\u00f8restolsvenlig platform med udsigtsplatform over Hanstholmreservatet.<\/p>\n<p>Indtil videre n\u00e6vnes tre handicapvenlige spisesteder: Caf\u00e9 Amalie i Thisted, Caf\u00e9 Hawgus i Klitm\u00f8ller og Caf\u00e9 Sydvendt i Thisted.<\/p>\n<p><a href=\"https:\/\/www.visitnordvestkysten.dk\/nordvestkysten\/inspiration\/handicapvenlig\/handicapvenlige-oplevelser-i-thy\">L\u00e6s mere om handicapvenlige oplevelser i Thy.<\/a><\/p>\n<p>&nbsp;<\/p>\n<p>&nbsp;<\/p>\n<p>&nbsp;<\/p>\n<p>&nbsp;<\/p>\n<p>&nbsp;<\/p>\n","protected":false},"excerpt":{"rendered":"<p>TILG\u00c6NGELIGHED: K\u00f8restolsvenlige stier, elevator, handicaptoiletter, niveaufri adgang og automatiske d\u00f8re. Det er nogle af de forhold, der kan skabe tilg\u00e6ngelighed for alle, n\u00e5r det g\u00e6lder oplevelser i naturen, i kulturinstitutioner og p\u00e5 spisesteder. I samarbejde med lokale ildsj\u00e6le og foreninger samt Thisted Kommune har turistorganisationen VisitNordvestkysten lagt sig i selen for at skabe et website, [&hellip;]<\/p>\n","protected":false},"author":1925,"featured_media":0,"comment_status":"closed","ping_status":"closed","sticky":false,"template":"","format":"standard","meta":{"_acf_changed":false,"footnotes":""},"categories":[24],"tags":[45,66],"class_list":["post-13283","post","type-post","status-publish","format-standard","hentry","category-lokalt","tag-museer","tag-turisme"],"acf":[],"yoast_head":"<!-- This site is optimized with the Yoast SEO plugin v26.8 - https:\/\/yoast.com\/product\/yoast-seo-wordpress\/ -->\n<title>Vision: Lige adgang for alle til turistattraktioner i Thy - Thy<\/title>\n<meta name=\"robots\" content=\"index, follow, max-snippet:-1, max-image-preview:large, max-video-preview:-1\" \/>\n<link rel=\"canonical\" href=\"https:\/\/kunmedierne.dk\/thy\/lige-adgang-for-alle-til-turistattraktioner-i-thy\/\" \/>\n<meta property=\"og:locale\" content=\"da_DK\" \/>\n<meta property=\"og:type\" content=\"article\" \/>\n<meta property=\"og:title\" content=\"Vision: Lige adgang for alle til turistattraktioner i Thy - Thy\" \/>\n<meta property=\"og:description\" content=\"TILG\u00c6NGELIGHED: K\u00f8restolsvenlige stier, elevator, handicaptoiletter, niveaufri adgang og automatiske d\u00f8re. Det er nogle af de forhold, der kan skabe tilg\u00e6ngelighed for alle, n\u00e5r det g\u00e6lder oplevelser i naturen, i kulturinstitutioner og p\u00e5 spisesteder. I samarbejde med lokale ildsj\u00e6le og foreninger samt Thisted Kommune har turistorganisationen VisitNordvestkysten lagt sig i selen for at skabe et website, [&hellip;]\" \/>\n<meta property=\"og:url\" content=\"https:\/\/kunmedierne.dk\/thy\/lige-adgang-for-alle-til-turistattraktioner-i-thy\/\" \/>\n<meta property=\"og:site_name\" content=\"Thy\" \/>\n<meta property=\"article:published_time\" content=\"2025-11-16T10:00:29+00:00\" \/>\n<meta property=\"og:image\" content=\"https:\/\/kunmedierne.dk\/thy\/wp-content\/uploads\/sites\/2\/2025\/11\/Unavngivet-1232-x-802-px-2025-11-15T222129.866.jpg\" \/>\n<meta name=\"author\" content=\"Lone L\u00e6rke Krog\" \/>\n<meta name=\"twitter:card\" content=\"summary_large_image\" \/>\n<meta name=\"twitter:label1\" content=\"Skrevet af\" \/>\n\t<meta name=\"twitter:data1\" content=\"Lone L\u00e6rke Krog\" \/>\n\t<meta name=\"twitter:label2\" content=\"Estimeret l\u00e6setid\" \/>\n\t<meta name=\"twitter:data2\" content=\"6 minutter\" \/>\n<script type=\"application\/ld+json\" class=\"yoast-schema-graph\">{\"@context\":\"https:\/\/schema.org\",\"@graph\":[{\"@type\":\"Article\",\"@id\":\"https:\/\/kunmedierne.dk\/thy\/lige-adgang-for-alle-til-turistattraktioner-i-thy\/#article\",\"isPartOf\":{\"@id\":\"https:\/\/kunmedierne.dk\/thy\/lige-adgang-for-alle-til-turistattraktioner-i-thy\/\"},\"author\":{\"name\":\"Lone L\u00e6rke Krog\",\"@id\":\"https:\/\/kunmedierne.dk\/thy\/#\/schema\/person\/d266634ba6550d075ecf540d63b245d2\"},\"headline\":\"Vision: Lige adgang for alle til turistattraktioner i Thy\",\"datePublished\":\"2025-11-16T10:00:29+00:00\",\"mainEntityOfPage\":{\"@id\":\"https:\/\/kunmedierne.dk\/thy\/lige-adgang-for-alle-til-turistattraktioner-i-thy\/\"},\"wordCount\":992,\"publisher\":{\"@id\":\"https:\/\/kunmedierne.dk\/thy\/#organization\"},\"image\":{\"@id\":\"https:\/\/kunmedierne.dk\/thy\/lige-adgang-for-alle-til-turistattraktioner-i-thy\/#primaryimage\"},\"thumbnailUrl\":\"https:\/\/kunmedierne.dk\/thy\/wp-content\/uploads\/sites\/2\/2025\/11\/Unavngivet-1232-x-802-px-2025-11-15T222129.866.jpg\",\"keywords\":[\"Museer\",\"Turisme\"],\"articleSection\":[\"Lokalt\"],\"inLanguage\":\"da-DK\"},{\"@type\":\"WebPage\",\"@id\":\"https:\/\/kunmedierne.dk\/thy\/lige-adgang-for-alle-til-turistattraktioner-i-thy\/\",\"url\":\"https:\/\/kunmedierne.dk\/thy\/lige-adgang-for-alle-til-turistattraktioner-i-thy\/\",\"name\":\"Vision: Lige adgang for alle til turistattraktioner i Thy - Thy\",\"isPartOf\":{\"@id\":\"https:\/\/kunmedierne.dk\/thy\/#website\"},\"primaryImageOfPage\":{\"@id\":\"https:\/\/kunmedierne.dk\/thy\/lige-adgang-for-alle-til-turistattraktioner-i-thy\/#primaryimage\"},\"image\":{\"@id\":\"https:\/\/kunmedierne.dk\/thy\/lige-adgang-for-alle-til-turistattraktioner-i-thy\/#primaryimage\"},\"thumbnailUrl\":\"https:\/\/kunmedierne.dk\/thy\/wp-content\/uploads\/sites\/2\/2025\/11\/Unavngivet-1232-x-802-px-2025-11-15T222129.866.jpg\",\"datePublished\":\"2025-11-16T10:00:29+00:00\",\"breadcrumb\":{\"@id\":\"https:\/\/kunmedierne.dk\/thy\/lige-adgang-for-alle-til-turistattraktioner-i-thy\/#breadcrumb\"},\"inLanguage\":\"da-DK\",\"potentialAction\":[{\"@type\":\"ReadAction\",\"target\":[\"https:\/\/kunmedierne.dk\/thy\/lige-adgang-for-alle-til-turistattraktioner-i-thy\/\"]}]},{\"@type\":\"ImageObject\",\"inLanguage\":\"da-DK\",\"@id\":\"https:\/\/kunmedierne.dk\/thy\/lige-adgang-for-alle-til-turistattraktioner-i-thy\/#primaryimage\",\"url\":\"https:\/\/kunmedierne.dk\/thy\/wp-content\/uploads\/sites\/2\/2025\/11\/Unavngivet-1232-x-802-px-2025-11-15T222129.866.jpg\",\"contentUrl\":\"https:\/\/kunmedierne.dk\/thy\/wp-content\/uploads\/sites\/2\/2025\/11\/Unavngivet-1232-x-802-px-2025-11-15T222129.866.jpg\",\"width\":1232,\"height\":802},{\"@type\":\"BreadcrumbList\",\"@id\":\"https:\/\/kunmedierne.dk\/thy\/lige-adgang-for-alle-til-turistattraktioner-i-thy\/#breadcrumb\",\"itemListElement\":[{\"@type\":\"ListItem\",\"position\":1,\"name\":\"Home\",\"item\":\"https:\/\/kunmedierne.dk\/thy\/\"},{\"@type\":\"ListItem\",\"position\":2,\"name\":\"Vision: Lige adgang for alle til turistattraktioner i Thy\"}]},{\"@type\":\"WebSite\",\"@id\":\"https:\/\/kunmedierne.dk\/thy\/#website\",\"url\":\"https:\/\/kunmedierne.dk\/thy\/\",\"name\":\"Thy\",\"description\":\"et netmedie med journalistik om livet i Thy\",\"publisher\":{\"@id\":\"https:\/\/kunmedierne.dk\/thy\/#organization\"},\"potentialAction\":[{\"@type\":\"SearchAction\",\"target\":{\"@type\":\"EntryPoint\",\"urlTemplate\":\"https:\/\/kunmedierne.dk\/thy\/?s={search_term_string}\"},\"query-input\":{\"@type\":\"PropertyValueSpecification\",\"valueRequired\":true,\"valueName\":\"search_term_string\"}}],\"inLanguage\":\"da-DK\"},{\"@type\":\"Organization\",\"@id\":\"https:\/\/kunmedierne.dk\/thy\/#organization\",\"name\":\"Thy\",\"url\":\"https:\/\/kunmedierne.dk\/thy\/\",\"logo\":{\"@type\":\"ImageObject\",\"inLanguage\":\"da-DK\",\"@id\":\"https:\/\/kunmedierne.dk\/thy\/#\/schema\/logo\/image\/\",\"url\":\"https:\/\/kunmedierne.dk\/thy\/wp-content\/uploads\/sites\/2\/2025\/04\/kunthy-logo.svg\",\"contentUrl\":\"https:\/\/kunmedierne.dk\/thy\/wp-content\/uploads\/sites\/2\/2025\/04\/kunthy-logo.svg\",\"caption\":\"Thy\"},\"image\":{\"@id\":\"https:\/\/kunmedierne.dk\/thy\/#\/schema\/logo\/image\/\"}},{\"@type\":\"Person\",\"@id\":\"https:\/\/kunmedierne.dk\/thy\/#\/schema\/person\/d266634ba6550d075ecf540d63b245d2\",\"name\":\"Lone L\u00e6rke Krog\",\"image\":{\"@type\":\"ImageObject\",\"inLanguage\":\"da-DK\",\"@id\":\"https:\/\/kunmedierne.dk\/thy\/#\/schema\/person\/image\/\",\"url\":\"https:\/\/secure.gravatar.com\/avatar\/496ddc7080e56b4ac64cfd4e56bd6d1ee396fa3db1923aa22f11346f60bb135b?s=96&d=mm&r=g\",\"contentUrl\":\"https:\/\/secure.gravatar.com\/avatar\/496ddc7080e56b4ac64cfd4e56bd6d1ee396fa3db1923aa22f11346f60bb135b?s=96&d=mm&r=g\",\"caption\":\"Lone L\u00e6rke Krog\"},\"url\":\"https:\/\/kunmedierne.dk\/thy\/author\/llk\/\"}]}<\/script>\n<!-- \/ Yoast SEO plugin. -->","yoast_head_json":{"title":"Vision: Lige adgang for alle til turistattraktioner i Thy - Thy","robots":{"index":"index","follow":"follow","max-snippet":"max-snippet:-1","max-image-preview":"max-image-preview:large","max-video-preview":"max-video-preview:-1"},"canonical":"https:\/\/kunmedierne.dk\/thy\/lige-adgang-for-alle-til-turistattraktioner-i-thy\/","og_locale":"da_DK","og_type":"article","og_title":"Vision: Lige adgang for alle til turistattraktioner i Thy - Thy","og_description":"TILG\u00c6NGELIGHED: K\u00f8restolsvenlige stier, elevator, handicaptoiletter, niveaufri adgang og automatiske d\u00f8re. Det er nogle af de forhold, der kan skabe tilg\u00e6ngelighed for alle, n\u00e5r det g\u00e6lder oplevelser i naturen, i kulturinstitutioner og p\u00e5 spisesteder. I samarbejde med lokale ildsj\u00e6le og foreninger samt Thisted Kommune har turistorganisationen VisitNordvestkysten lagt sig i selen for at skabe et website, [&hellip;]","og_url":"https:\/\/kunmedierne.dk\/thy\/lige-adgang-for-alle-til-turistattraktioner-i-thy\/","og_site_name":"Thy","article_published_time":"2025-11-16T10:00:29+00:00","og_image":[{"url":"https:\/\/kunmedierne.dk\/thy\/wp-content\/uploads\/sites\/2\/2025\/11\/Unavngivet-1232-x-802-px-2025-11-15T222129.866.jpg","type":"","width":"","height":""}],"author":"Lone L\u00e6rke Krog","twitter_card":"summary_large_image","twitter_misc":{"Skrevet af":"Lone L\u00e6rke Krog","Estimeret l\u00e6setid":"6 minutter"},"schema":{"@context":"https:\/\/schema.org","@graph":[{"@type":"Article","@id":"https:\/\/kunmedierne.dk\/thy\/lige-adgang-for-alle-til-turistattraktioner-i-thy\/#article","isPartOf":{"@id":"https:\/\/kunmedierne.dk\/thy\/lige-adgang-for-alle-til-turistattraktioner-i-thy\/"},"author":{"name":"Lone L\u00e6rke Krog","@id":"https:\/\/kunmedierne.dk\/thy\/#\/schema\/person\/d266634ba6550d075ecf540d63b245d2"},"headline":"Vision: Lige adgang for alle til turistattraktioner i Thy","datePublished":"2025-11-16T10:00:29+00:00","mainEntityOfPage":{"@id":"https:\/\/kunmedierne.dk\/thy\/lige-adgang-for-alle-til-turistattraktioner-i-thy\/"},"wordCount":992,"publisher":{"@id":"https:\/\/kunmedierne.dk\/thy\/#organization"},"image":{"@id":"https:\/\/kunmedierne.dk\/thy\/lige-adgang-for-alle-til-turistattraktioner-i-thy\/#primaryimage"},"thumbnailUrl":"https:\/\/kunmedierne.dk\/thy\/wp-content\/uploads\/sites\/2\/2025\/11\/Unavngivet-1232-x-802-px-2025-11-15T222129.866.jpg","keywords":["Museer","Turisme"],"articleSection":["Lokalt"],"inLanguage":"da-DK"},{"@type":"WebPage","@id":"https:\/\/kunmedierne.dk\/thy\/lige-adgang-for-alle-til-turistattraktioner-i-thy\/","url":"https:\/\/kunmedierne.dk\/thy\/lige-adgang-for-alle-til-turistattraktioner-i-thy\/","name":"Vision: Lige adgang for alle til turistattraktioner i Thy - Thy","isPartOf":{"@id":"https:\/\/kunmedierne.dk\/thy\/#website"},"primaryImageOfPage":{"@id":"https:\/\/kunmedierne.dk\/thy\/lige-adgang-for-alle-til-turistattraktioner-i-thy\/#primaryimage"},"image":{"@id":"https:\/\/kunmedierne.dk\/thy\/lige-adgang-for-alle-til-turistattraktioner-i-thy\/#primaryimage"},"thumbnailUrl":"https:\/\/kunmedierne.dk\/thy\/wp-content\/uploads\/sites\/2\/2025\/11\/Unavngivet-1232-x-802-px-2025-11-15T222129.866.jpg","datePublished":"2025-11-16T10:00:29+00:00","breadcrumb":{"@id":"https:\/\/kunmedierne.dk\/thy\/lige-adgang-for-alle-til-turistattraktioner-i-thy\/#breadcrumb"},"inLanguage":"da-DK","potentialAction":[{"@type":"ReadAction","target":["https:\/\/kunmedierne.dk\/thy\/lige-adgang-for-alle-til-turistattraktioner-i-thy\/"]}]},{"@type":"ImageObject","inLanguage":"da-DK","@id":"https:\/\/kunmedierne.dk\/thy\/lige-adgang-for-alle-til-turistattraktioner-i-thy\/#primaryimage","url":"https:\/\/kunmedierne.dk\/thy\/wp-content\/uploads\/sites\/2\/2025\/11\/Unavngivet-1232-x-802-px-2025-11-15T222129.866.jpg","contentUrl":"https:\/\/kunmedierne.dk\/thy\/wp-content\/uploads\/sites\/2\/2025\/11\/Unavngivet-1232-x-802-px-2025-11-15T222129.866.jpg","width":1232,"height":802},{"@type":"BreadcrumbList","@id":"https:\/\/kunmedierne.dk\/thy\/lige-adgang-for-alle-til-turistattraktioner-i-thy\/#breadcrumb","itemListElement":[{"@type":"ListItem","position":1,"name":"Home","item":"https:\/\/kunmedierne.dk\/thy\/"},{"@type":"ListItem","position":2,"name":"Vision: Lige adgang for alle til turistattraktioner i Thy"}]},{"@type":"WebSite","@id":"https:\/\/kunmedierne.dk\/thy\/#website","url":"https:\/\/kunmedierne.dk\/thy\/","name":"Thy","description":"et netmedie med journalistik om livet i Thy","publisher":{"@id":"https:\/\/kunmedierne.dk\/thy\/#organization"},"potentialAction":[{"@type":"SearchAction","target":{"@type":"EntryPoint","urlTemplate":"https:\/\/kunmedierne.dk\/thy\/?s={search_term_string}"},"query-input":{"@type":"PropertyValueSpecification","valueRequired":true,"valueName":"search_term_string"}}],"inLanguage":"da-DK"},{"@type":"Organization","@id":"https:\/\/kunmedierne.dk\/thy\/#organization","name":"Thy","url":"https:\/\/kunmedierne.dk\/thy\/","logo":{"@type":"ImageObject","inLanguage":"da-DK","@id":"https:\/\/kunmedierne.dk\/thy\/#\/schema\/logo\/image\/","url":"https:\/\/kunmedierne.dk\/thy\/wp-content\/uploads\/sites\/2\/2025\/04\/kunthy-logo.svg","contentUrl":"https:\/\/kunmedierne.dk\/thy\/wp-content\/uploads\/sites\/2\/2025\/04\/kunthy-logo.svg","caption":"Thy"},"image":{"@id":"https:\/\/kunmedierne.dk\/thy\/#\/schema\/logo\/image\/"}},{"@type":"Person","@id":"https:\/\/kunmedierne.dk\/thy\/#\/schema\/person\/d266634ba6550d075ecf540d63b245d2","name":"Lone L\u00e6rke Krog","image":{"@type":"ImageObject","inLanguage":"da-DK","@id":"https:\/\/kunmedierne.dk\/thy\/#\/schema\/person\/image\/","url":"https:\/\/secure.gravatar.com\/avatar\/496ddc7080e56b4ac64cfd4e56bd6d1ee396fa3db1923aa22f11346f60bb135b?s=96&d=mm&r=g","contentUrl":"https:\/\/secure.gravatar.com\/avatar\/496ddc7080e56b4ac64cfd4e56bd6d1ee396fa3db1923aa22f11346f60bb135b?s=96&d=mm&r=g","caption":"Lone L\u00e6rke Krog"},"url":"https:\/\/kunmedierne.dk\/thy\/author\/llk\/"}]}},"_links":{"self":[{"href":"https:\/\/kunmedierne.dk\/thy\/wp-json\/wp\/v2\/posts\/13283","targetHints":{"allow":["GET"]}}],"collection":[{"href":"https:\/\/kunmedierne.dk\/thy\/wp-json\/wp\/v2\/posts"}],"about":[{"href":"https:\/\/kunmedierne.dk\/thy\/wp-json\/wp\/v2\/types\/post"}],"author":[{"embeddable":true,"href":"https:\/\/kunmedierne.dk\/thy\/wp-json\/wp\/v2\/users\/1925"}],"replies":[{"embeddable":true,"href":"https:\/\/kunmedierne.dk\/thy\/wp-json\/wp\/v2\/comments?post=13283"}],"version-history":[{"count":11,"href":"https:\/\/kunmedierne.dk\/thy\/wp-json\/wp\/v2\/posts\/13283\/revisions"}],"predecessor-version":[{"id":13301,"href":"https:\/\/kunmedierne.dk\/thy\/wp-json\/wp\/v2\/posts\/13283\/revisions\/13301"}],"wp:attachment":[{"href":"https:\/\/kunmedierne.dk\/thy\/wp-json\/wp\/v2\/media?parent=13283"}],"wp:term":[{"taxonomy":"category","embeddable":true,"href":"https:\/\/kunmedierne.dk\/thy\/wp-json\/wp\/v2\/categories?post=13283"},{"taxonomy":"post_tag","embeddable":true,"href":"https:\/\/kunmedierne.dk\/thy\/wp-json\/wp\/v2\/tags?post=13283"}],"curies":[{"name":"wp","href":"https:\/\/api.w.org\/{rel}","templated":true}]}}