{"id":12995,"date":"2025-11-12T18:33:44","date_gmt":"2025-11-12T17:33:44","guid":{"rendered":"https:\/\/kunmedierne.dk\/thy\/?p=12995"},"modified":"2025-11-12T20:59:14","modified_gmt":"2025-11-12T19:59:14","slug":"laeserbrev-torskedumt-at-fedte-med-minimumsnormeringerne","status":"publish","type":"post","link":"https:\/\/kunmedierne.dk\/thy\/laeserbrev-torskedumt-at-fedte-med-minimumsnormeringerne\/","title":{"rendered":"<span>L\u00e6serbrev: <\/span>Torskedumt at fedte med minimumsnormeringerne\u00a0"},"content":{"rendered":"<p><strong>DEBAT:<\/strong>\u00a0Dagtilbuddene er der, hvor vores b\u00f8rn, bruger allerflest af deres v\u00e5gne\u00a0timer.<\/p>\n<p>I Enhedslisten mener vi naturligvis, at vores b\u00f8rn har krav p\u00e5 de bedst mulige rammer i b\u00f8rnehave og vuggestue, s\u00e5vel som i det hele taget, igennem livets tidlige faser, hvis betydning ikke kan undervurderes.<\/p>\n<a class=\"dvrt-link\" onClick=\"cdmtrack_click(683,jQuery(this));return false\" href=\"https:\/\/vester-begr.dk\/?utm_source=google&amp;utm_medium=advative&amp;gad_source=1&amp;gclid=Cj0KCQjwtJ6_BhDWARIsAGanmKfl-hGVVjCYiOgSKoGoxrow4kvXybZsnruKJYTslvqZDywT6a9PCQwaAmBjEALw_wcB\"><img decoding=\"async\" style=\"width:100%;\" src=\"https:\/\/kunmedierne.dk\/thy\/wp-content\/uploads\/sites\/2\/2025\/03\/260203VesterHoukaer-02022026.jpg\"><\/a><script>cdmtrack_view(683);<\/script>\n<p>Som en plante som vokser fra en sp\u00e6d spire er afh\u00e6ngig af de bedst mulige v\u00e6kstvilk\u00e5r, g\u00e6lder pr\u00e6cist det samme for et barn.<\/p>\n<p>Man beh\u00f8ver virkelig ikke en doktorgrad i udviklingspsykologi eller lignende, for at synes at det er absolut indlysende, at der ikke findes noget mere t\u00e5beligt end at fedte med pengene p\u00e5 daginstitutionsomr\u00e5det, og endda ikke engang overholde loven om antal voksne i daginstitutionerne.<\/p>\n<p>At s\u00f8rge for at leve op til disse minimumsnormeringer handler naturligvis om en forebyggende indsats, for netop at forebygge misbrug, kriminalitet, psykiatriske lidelser, samt somatiske sygdomme som er fuldst\u00e6ndigt forudsigelige f\u00f8lger af svigt i den tidlige barndom.<\/p>\n<a class=\"dvrt-link\" onClick=\"cdmtrack_click(1130,jQuery(this));return false\" href=\"https:\/\/www.thistedforsikring.dk\/?utm_source=partnerskaber&amp;utm_campaign=kun_thy\"><img decoding=\"async\" style=\"width:100%;\" src=\"https:\/\/kunmedierne.dk\/thy\/wp-content\/uploads\/sites\/2\/2025\/04\/260409KunThyThisted-For-1.png\"><\/a><script>cdmtrack_view(1130);<\/script>\n<p>Desv\u00e6rre er der langt til m\u00e5let, for Thisted Kommune. Vores kommune er nemlig p\u00e5 tredje sidstepladsen af de 15 kommuner i Danmark, der i 2024 ikke overholdt loven om minimumsnormeringer. Den udvikling skal vendes.<\/p>\n<p>2024 var det \u00e5r, hvor kommunerne for f\u00f8rste gang var forpligtet til at overholde loven om\u00a0minimumsnormeringer, der er sat i verden for at sikre ordentligt kvalitet i vores daginstitutioner, og nok voksne. Det er 1 voksen til 3 vuggestueb\u00f8rn og 1 voksen til 6 b\u00f8rnehaveb\u00f8rn.<\/p>\n<p>I mange kommuner er der kommet flere, men i Thisted Kommune er der stadig ikke nok voksne. If\u00f8lge en unders\u00f8gelse fra BUPL ligger Thisted Kommune p\u00e5 en delt tredje sidsteplads af samtlige 98 kommuner, med 3,1 voksne i vuggestuer og 6,2 voksne i b\u00f8rnehaver.<\/p>\n<p>S\u00e5 vi er p.t. kun overg\u00e5et af Viborg og Holb\u00e6k kommuner. Det er et stort problem, for loven er til for b\u00f8rnenes skyld, og b\u00f8rnene har krav p\u00e5 nok voksne i deres hverdag.<\/p>\n<a class=\"dvrt-link\" onClick=\"cdmtrack_click(1130,jQuery(this));return false\" href=\"https:\/\/www.thistedforsikring.dk\/?utm_source=partnerskaber&amp;utm_campaign=kun_thy\"><img decoding=\"async\" style=\"width:100%;\" src=\"https:\/\/kunmedierne.dk\/thy\/wp-content\/uploads\/sites\/2\/2025\/04\/260409KunThyThisted-For-1.png\"><\/a><script>cdmtrack_view(1130);<\/script>\n<p>Vi skal huske, at minimumsnormeringer er netop et minimum. Det er den allerlaveste\u00a0gr\u00e6nse for, hvor mange voksne vores b\u00f8rn har krav p\u00e5 i deres dagligdag. Dertil kommer,\u00a0at b\u00e5de p\u00e6dagoger til st\u00f8ttetimer, sygemeldte og deres vikarer t\u00e6ller med i\u00a0normeringerne. Det betyder, at mange p\u00e6dagoger i forvejen ikke kan genkende billedet af\u00a0minimumsnormeringerne i deres hverdag.<\/p>\n<p>Men selvom vi i Enhedslisten havde \u00f8nsket, at normeringer ikke blot s\u00e5 gode ud p\u00e5 papiret, er loven et godt sted at starte. Derfor vil vi arbejde h\u00e5rdt for, at loven som minimum overholdes i vores kommune.<\/p>\n<p>Det er helt afg\u00f8rende, at vores b\u00f8rn f\u00e5r de bedst mulige vilk\u00e5r i vores daginstitutioner. Et trygt b\u00f8rneliv kr\u00e6ver nok voksne, h\u00f8j faglighed og bedre arbejdsforhold for vores p\u00e6dagogiske personale.<\/p>\n","protected":false},"excerpt":{"rendered":"<p>DEBAT:\u00a0Dagtilbuddene er der, hvor vores b\u00f8rn, bruger allerflest af deres v\u00e5gne\u00a0timer. I Enhedslisten mener vi naturligvis, at vores b\u00f8rn har krav p\u00e5 de bedst mulige rammer i b\u00f8rnehave og vuggestue, s\u00e5vel som i det hele taget, igennem livets tidlige faser, hvis betydning ikke kan undervurderes. Som en plante som vokser fra en sp\u00e6d spire er [&hellip;]<\/p>\n","protected":false},"author":11,"featured_media":0,"comment_status":"closed","ping_status":"closed","sticky":false,"template":"","format":"standard","meta":{"_acf_changed":false,"footnotes":""},"categories":[56,24],"tags":[39,89],"class_list":["post-12995","post","type-post","status-publish","format-standard","hentry","category-debat","category-lokalt","tag-boernepasning","tag-kommunalvalg"],"acf":[],"yoast_head":"<!-- This site is optimized with the Yoast SEO plugin v26.8 - https:\/\/yoast.com\/product\/yoast-seo-wordpress\/ -->\n<title>L\u00e6serbrev: Torskedumt at fedte med minimumsnormeringerne\u00a0 - Thy<\/title>\n<meta name=\"robots\" content=\"index, follow, max-snippet:-1, max-image-preview:large, max-video-preview:-1\" \/>\n<link rel=\"canonical\" href=\"https:\/\/kunmedierne.dk\/thy\/laeserbrev-torskedumt-at-fedte-med-minimumsnormeringerne\/\" \/>\n<meta property=\"og:locale\" content=\"da_DK\" \/>\n<meta property=\"og:type\" content=\"article\" \/>\n<meta property=\"og:title\" content=\"L\u00e6serbrev: Torskedumt at fedte med minimumsnormeringerne\u00a0 - Thy\" \/>\n<meta property=\"og:description\" content=\"DEBAT:\u00a0Dagtilbuddene er der, hvor vores b\u00f8rn, bruger allerflest af deres v\u00e5gne\u00a0timer. I Enhedslisten mener vi naturligvis, at vores b\u00f8rn har krav p\u00e5 de bedst mulige rammer i b\u00f8rnehave og vuggestue, s\u00e5vel som i det hele taget, igennem livets tidlige faser, hvis betydning ikke kan undervurderes. Som en plante som vokser fra en sp\u00e6d spire er [&hellip;]\" \/>\n<meta property=\"og:url\" content=\"https:\/\/kunmedierne.dk\/thy\/laeserbrev-torskedumt-at-fedte-med-minimumsnormeringerne\/\" \/>\n<meta property=\"og:site_name\" content=\"Thy\" \/>\n<meta property=\"article:published_time\" content=\"2025-11-12T17:33:44+00:00\" \/>\n<meta property=\"article:modified_time\" content=\"2025-11-12T19:59:14+00:00\" \/>\n<meta name=\"author\" content=\"Debat\" \/>\n<meta name=\"twitter:card\" content=\"summary_large_image\" \/>\n<meta name=\"twitter:label1\" content=\"Skrevet af\" \/>\n\t<meta name=\"twitter:data1\" content=\"Debat\" \/>\n\t<meta name=\"twitter:label2\" content=\"Estimeret l\u00e6setid\" \/>\n\t<meta name=\"twitter:data2\" content=\"3 minutter\" \/>\n<script type=\"application\/ld+json\" class=\"yoast-schema-graph\">{\"@context\":\"https:\/\/schema.org\",\"@graph\":[{\"@type\":\"Article\",\"@id\":\"https:\/\/kunmedierne.dk\/thy\/laeserbrev-torskedumt-at-fedte-med-minimumsnormeringerne\/#article\",\"isPartOf\":{\"@id\":\"https:\/\/kunmedierne.dk\/thy\/laeserbrev-torskedumt-at-fedte-med-minimumsnormeringerne\/\"},\"author\":{\"name\":\"Debat\",\"@id\":\"https:\/\/kunmedierne.dk\/thy\/#\/schema\/person\/84c1391bce0b43b9bb3a49736bc0ad78\"},\"headline\":\"L\u00e6serbrev: Torskedumt at fedte med minimumsnormeringerne\u00a0\",\"datePublished\":\"2025-11-12T17:33:44+00:00\",\"dateModified\":\"2025-11-12T19:59:14+00:00\",\"mainEntityOfPage\":{\"@id\":\"https:\/\/kunmedierne.dk\/thy\/laeserbrev-torskedumt-at-fedte-med-minimumsnormeringerne\/\"},\"wordCount\":481,\"publisher\":{\"@id\":\"https:\/\/kunmedierne.dk\/thy\/#organization\"},\"keywords\":[\"B\u00f8rnepasning\",\"Kommunalvalg\"],\"articleSection\":[\"Debat\",\"Lokalt\"],\"inLanguage\":\"da-DK\"},{\"@type\":\"WebPage\",\"@id\":\"https:\/\/kunmedierne.dk\/thy\/laeserbrev-torskedumt-at-fedte-med-minimumsnormeringerne\/\",\"url\":\"https:\/\/kunmedierne.dk\/thy\/laeserbrev-torskedumt-at-fedte-med-minimumsnormeringerne\/\",\"name\":\"L\u00e6serbrev: Torskedumt at fedte med minimumsnormeringerne\u00a0 - Thy\",\"isPartOf\":{\"@id\":\"https:\/\/kunmedierne.dk\/thy\/#website\"},\"datePublished\":\"2025-11-12T17:33:44+00:00\",\"dateModified\":\"2025-11-12T19:59:14+00:00\",\"breadcrumb\":{\"@id\":\"https:\/\/kunmedierne.dk\/thy\/laeserbrev-torskedumt-at-fedte-med-minimumsnormeringerne\/#breadcrumb\"},\"inLanguage\":\"da-DK\",\"potentialAction\":[{\"@type\":\"ReadAction\",\"target\":[\"https:\/\/kunmedierne.dk\/thy\/laeserbrev-torskedumt-at-fedte-med-minimumsnormeringerne\/\"]}]},{\"@type\":\"BreadcrumbList\",\"@id\":\"https:\/\/kunmedierne.dk\/thy\/laeserbrev-torskedumt-at-fedte-med-minimumsnormeringerne\/#breadcrumb\",\"itemListElement\":[{\"@type\":\"ListItem\",\"position\":1,\"name\":\"Home\",\"item\":\"https:\/\/kunmedierne.dk\/thy\/\"},{\"@type\":\"ListItem\",\"position\":2,\"name\":\"L\u00e6serbrev: Torskedumt at fedte med minimumsnormeringerne\u00a0\"}]},{\"@type\":\"WebSite\",\"@id\":\"https:\/\/kunmedierne.dk\/thy\/#website\",\"url\":\"https:\/\/kunmedierne.dk\/thy\/\",\"name\":\"Thy\",\"description\":\"et netmedie med journalistik om livet i Thy\",\"publisher\":{\"@id\":\"https:\/\/kunmedierne.dk\/thy\/#organization\"},\"potentialAction\":[{\"@type\":\"SearchAction\",\"target\":{\"@type\":\"EntryPoint\",\"urlTemplate\":\"https:\/\/kunmedierne.dk\/thy\/?s={search_term_string}\"},\"query-input\":{\"@type\":\"PropertyValueSpecification\",\"valueRequired\":true,\"valueName\":\"search_term_string\"}}],\"inLanguage\":\"da-DK\"},{\"@type\":\"Organization\",\"@id\":\"https:\/\/kunmedierne.dk\/thy\/#organization\",\"name\":\"Thy\",\"url\":\"https:\/\/kunmedierne.dk\/thy\/\",\"logo\":{\"@type\":\"ImageObject\",\"inLanguage\":\"da-DK\",\"@id\":\"https:\/\/kunmedierne.dk\/thy\/#\/schema\/logo\/image\/\",\"url\":\"https:\/\/kunmedierne.dk\/thy\/wp-content\/uploads\/sites\/2\/2025\/04\/kunthy-logo.svg\",\"contentUrl\":\"https:\/\/kunmedierne.dk\/thy\/wp-content\/uploads\/sites\/2\/2025\/04\/kunthy-logo.svg\",\"caption\":\"Thy\"},\"image\":{\"@id\":\"https:\/\/kunmedierne.dk\/thy\/#\/schema\/logo\/image\/\"}},{\"@type\":\"Person\",\"@id\":\"https:\/\/kunmedierne.dk\/thy\/#\/schema\/person\/84c1391bce0b43b9bb3a49736bc0ad78\",\"name\":\"Debat\",\"image\":{\"@type\":\"ImageObject\",\"inLanguage\":\"da-DK\",\"@id\":\"https:\/\/kunmedierne.dk\/thy\/#\/schema\/person\/image\/\",\"url\":\"https:\/\/secure.gravatar.com\/avatar\/b0fb2e221d618f7c65162ab0d49c7e8a0b580c871ca03af90e42b47b4150654c?s=96&d=mm&r=g\",\"contentUrl\":\"https:\/\/secure.gravatar.com\/avatar\/b0fb2e221d618f7c65162ab0d49c7e8a0b580c871ca03af90e42b47b4150654c?s=96&d=mm&r=g\",\"caption\":\"Debat\"},\"url\":\"https:\/\/kunmedierne.dk\/thy\/author\/debat\/\"}]}<\/script>\n<!-- \/ Yoast SEO plugin. -->","yoast_head_json":{"title":"L\u00e6serbrev: Torskedumt at fedte med minimumsnormeringerne\u00a0 - Thy","robots":{"index":"index","follow":"follow","max-snippet":"max-snippet:-1","max-image-preview":"max-image-preview:large","max-video-preview":"max-video-preview:-1"},"canonical":"https:\/\/kunmedierne.dk\/thy\/laeserbrev-torskedumt-at-fedte-med-minimumsnormeringerne\/","og_locale":"da_DK","og_type":"article","og_title":"L\u00e6serbrev: Torskedumt at fedte med minimumsnormeringerne\u00a0 - Thy","og_description":"DEBAT:\u00a0Dagtilbuddene er der, hvor vores b\u00f8rn, bruger allerflest af deres v\u00e5gne\u00a0timer. I Enhedslisten mener vi naturligvis, at vores b\u00f8rn har krav p\u00e5 de bedst mulige rammer i b\u00f8rnehave og vuggestue, s\u00e5vel som i det hele taget, igennem livets tidlige faser, hvis betydning ikke kan undervurderes. Som en plante som vokser fra en sp\u00e6d spire er [&hellip;]","og_url":"https:\/\/kunmedierne.dk\/thy\/laeserbrev-torskedumt-at-fedte-med-minimumsnormeringerne\/","og_site_name":"Thy","article_published_time":"2025-11-12T17:33:44+00:00","article_modified_time":"2025-11-12T19:59:14+00:00","author":"Debat","twitter_card":"summary_large_image","twitter_misc":{"Skrevet af":"Debat","Estimeret l\u00e6setid":"3 minutter"},"schema":{"@context":"https:\/\/schema.org","@graph":[{"@type":"Article","@id":"https:\/\/kunmedierne.dk\/thy\/laeserbrev-torskedumt-at-fedte-med-minimumsnormeringerne\/#article","isPartOf":{"@id":"https:\/\/kunmedierne.dk\/thy\/laeserbrev-torskedumt-at-fedte-med-minimumsnormeringerne\/"},"author":{"name":"Debat","@id":"https:\/\/kunmedierne.dk\/thy\/#\/schema\/person\/84c1391bce0b43b9bb3a49736bc0ad78"},"headline":"L\u00e6serbrev: Torskedumt at fedte med minimumsnormeringerne\u00a0","datePublished":"2025-11-12T17:33:44+00:00","dateModified":"2025-11-12T19:59:14+00:00","mainEntityOfPage":{"@id":"https:\/\/kunmedierne.dk\/thy\/laeserbrev-torskedumt-at-fedte-med-minimumsnormeringerne\/"},"wordCount":481,"publisher":{"@id":"https:\/\/kunmedierne.dk\/thy\/#organization"},"keywords":["B\u00f8rnepasning","Kommunalvalg"],"articleSection":["Debat","Lokalt"],"inLanguage":"da-DK"},{"@type":"WebPage","@id":"https:\/\/kunmedierne.dk\/thy\/laeserbrev-torskedumt-at-fedte-med-minimumsnormeringerne\/","url":"https:\/\/kunmedierne.dk\/thy\/laeserbrev-torskedumt-at-fedte-med-minimumsnormeringerne\/","name":"L\u00e6serbrev: Torskedumt at fedte med minimumsnormeringerne\u00a0 - Thy","isPartOf":{"@id":"https:\/\/kunmedierne.dk\/thy\/#website"},"datePublished":"2025-11-12T17:33:44+00:00","dateModified":"2025-11-12T19:59:14+00:00","breadcrumb":{"@id":"https:\/\/kunmedierne.dk\/thy\/laeserbrev-torskedumt-at-fedte-med-minimumsnormeringerne\/#breadcrumb"},"inLanguage":"da-DK","potentialAction":[{"@type":"ReadAction","target":["https:\/\/kunmedierne.dk\/thy\/laeserbrev-torskedumt-at-fedte-med-minimumsnormeringerne\/"]}]},{"@type":"BreadcrumbList","@id":"https:\/\/kunmedierne.dk\/thy\/laeserbrev-torskedumt-at-fedte-med-minimumsnormeringerne\/#breadcrumb","itemListElement":[{"@type":"ListItem","position":1,"name":"Home","item":"https:\/\/kunmedierne.dk\/thy\/"},{"@type":"ListItem","position":2,"name":"L\u00e6serbrev: Torskedumt at fedte med minimumsnormeringerne\u00a0"}]},{"@type":"WebSite","@id":"https:\/\/kunmedierne.dk\/thy\/#website","url":"https:\/\/kunmedierne.dk\/thy\/","name":"Thy","description":"et netmedie med journalistik om livet i Thy","publisher":{"@id":"https:\/\/kunmedierne.dk\/thy\/#organization"},"potentialAction":[{"@type":"SearchAction","target":{"@type":"EntryPoint","urlTemplate":"https:\/\/kunmedierne.dk\/thy\/?s={search_term_string}"},"query-input":{"@type":"PropertyValueSpecification","valueRequired":true,"valueName":"search_term_string"}}],"inLanguage":"da-DK"},{"@type":"Organization","@id":"https:\/\/kunmedierne.dk\/thy\/#organization","name":"Thy","url":"https:\/\/kunmedierne.dk\/thy\/","logo":{"@type":"ImageObject","inLanguage":"da-DK","@id":"https:\/\/kunmedierne.dk\/thy\/#\/schema\/logo\/image\/","url":"https:\/\/kunmedierne.dk\/thy\/wp-content\/uploads\/sites\/2\/2025\/04\/kunthy-logo.svg","contentUrl":"https:\/\/kunmedierne.dk\/thy\/wp-content\/uploads\/sites\/2\/2025\/04\/kunthy-logo.svg","caption":"Thy"},"image":{"@id":"https:\/\/kunmedierne.dk\/thy\/#\/schema\/logo\/image\/"}},{"@type":"Person","@id":"https:\/\/kunmedierne.dk\/thy\/#\/schema\/person\/84c1391bce0b43b9bb3a49736bc0ad78","name":"Debat","image":{"@type":"ImageObject","inLanguage":"da-DK","@id":"https:\/\/kunmedierne.dk\/thy\/#\/schema\/person\/image\/","url":"https:\/\/secure.gravatar.com\/avatar\/b0fb2e221d618f7c65162ab0d49c7e8a0b580c871ca03af90e42b47b4150654c?s=96&d=mm&r=g","contentUrl":"https:\/\/secure.gravatar.com\/avatar\/b0fb2e221d618f7c65162ab0d49c7e8a0b580c871ca03af90e42b47b4150654c?s=96&d=mm&r=g","caption":"Debat"},"url":"https:\/\/kunmedierne.dk\/thy\/author\/debat\/"}]}},"_links":{"self":[{"href":"https:\/\/kunmedierne.dk\/thy\/wp-json\/wp\/v2\/posts\/12995","targetHints":{"allow":["GET"]}}],"collection":[{"href":"https:\/\/kunmedierne.dk\/thy\/wp-json\/wp\/v2\/posts"}],"about":[{"href":"https:\/\/kunmedierne.dk\/thy\/wp-json\/wp\/v2\/types\/post"}],"author":[{"embeddable":true,"href":"https:\/\/kunmedierne.dk\/thy\/wp-json\/wp\/v2\/users\/11"}],"replies":[{"embeddable":true,"href":"https:\/\/kunmedierne.dk\/thy\/wp-json\/wp\/v2\/comments?post=12995"}],"version-history":[{"count":8,"href":"https:\/\/kunmedierne.dk\/thy\/wp-json\/wp\/v2\/posts\/12995\/revisions"}],"predecessor-version":[{"id":13107,"href":"https:\/\/kunmedierne.dk\/thy\/wp-json\/wp\/v2\/posts\/12995\/revisions\/13107"}],"wp:attachment":[{"href":"https:\/\/kunmedierne.dk\/thy\/wp-json\/wp\/v2\/media?parent=12995"}],"wp:term":[{"taxonomy":"category","embeddable":true,"href":"https:\/\/kunmedierne.dk\/thy\/wp-json\/wp\/v2\/categories?post=12995"},{"taxonomy":"post_tag","embeddable":true,"href":"https:\/\/kunmedierne.dk\/thy\/wp-json\/wp\/v2\/tags?post=12995"}],"curies":[{"name":"wp","href":"https:\/\/api.w.org\/{rel}","templated":true}]}}