{"id":12993,"date":"2025-11-12T15:13:22","date_gmt":"2025-11-12T14:13:22","guid":{"rendered":"https:\/\/kunmedierne.dk\/thy\/?p=12993"},"modified":"2025-11-12T20:59:02","modified_gmt":"2025-11-12T19:59:02","slug":"laeserbrev-thybanen-skal-forbedres","status":"publish","type":"post","link":"https:\/\/kunmedierne.dk\/thy\/laeserbrev-thybanen-skal-forbedres\/","title":{"rendered":"<span>L\u00e6serbrev: <\/span>Thybanen skal forbedres"},"content":{"rendered":"<p><strong>DEBAT:\u00a0<\/strong>\u201dBevar Thybanen\u201d siger de fleste kandidater her op til kommunalvalget. Men vi skal mere end det. Thybanen har brug for en opgradering, og det kan fint lade sig g\u00f8re.<\/p>\n<a class=\"dvrt-link\" onClick=\"cdmtrack_click(687,jQuery(this));return false\" href=\"https:\/\/konpap.dk\/?gad_source=1&gclid=Cj0KCQjwtJ6_BhDWARIsAGanmKfOBLC3RBm6obWL5sEb-mp4bsp5QjqWW4j4nx22y0YT2iMiXJcv3MoaApR_EALw_wcB\"><img decoding=\"async\" style=\"width:100%;\" src=\"https:\/\/kunmedierne.dk\/thy\/wp-content\/uploads\/sites\/2\/2025\/03\/redoffice.jpg\"><\/a><script>cdmtrack_view(687);<\/script>\n<p>Selvom vi st\u00e5r sammen om Thybanen her i Thy, s\u00e5 er der mange udefra, som angriber den. I sommers foreslog ministerens s\u00e5kaldte \u201dekspertudvalg\u201d at Thybanen kunne nedl\u00e6gges. Og senest har busvognm\u00e6ndenes interesseorganisation \u201dDansk PersonTransport\u201d foresl\u00e5et at erstatte Thybanen med busser. P\u00e5standen er, at Thybanen mangler passagerer.<\/p>\n<p>Bortset fra, at de har regnet helt galt i passagertallene, s\u00e5 sp\u00f8rger de ikke sig selv, hvorfor passagertallet falder. \u201dEkspertudvalget\u201d laver ellers en sammenligning med Lollandsbanen, som har nogenlunde samme grundlag, men langt flere passagerer. Om Lollandsbanen skriver de, at den har \u201det tilskud per passager p\u00e5 niveau med busture\u201d.<\/p>\n<a class=\"dvrt-link\" onClick=\"cdmtrack_click(689,jQuery(this));return false\" href=\"https:\/\/www.thistedbolig.dk\"><img decoding=\"async\" style=\"width:100%;\" src=\"https:\/\/kunmedierne.dk\/thy\/wp-content\/uploads\/sites\/2\/2025\/03\/260414ThistedBoligApril-opslag-002-1.jpg\"><\/a><script>cdmtrack_view(689);<\/script>\n<p>Her er det vigtigt at bem\u00e6rke, at det jo ikke er thyboerne, som har svigtet Thybanen, men Thybanen, som har svigtet thyboerne.<\/p>\n<p>Thybanen k\u00f8rer alt for langsomt og alt for sj\u00e6ldent. Det meste af dagen k\u00f8rer den kun hver anden time. Til sammenligning k\u00f8rer Lollandsbanen hver halve time, og det g\u00e6lder ogs\u00e5 for Nordjyske Jernbaners str\u00e6kninger i Vendsyssel. Det g\u00f8r de selvf\u00f8lgelig fordi de ved, at det g\u00f8r banerne attraktive for de daglige passagerer, som bruger dem til arbejde, skole, uddannelse og fritidsaktiviteter.<\/p>\n<p>N\u00e5 ja, s\u00e5 er det slet ikke sikkert, at Thybanen faktisk k\u00f8rer, n\u00e5r man har brug for den. Hvis ikke passagererne i forvejen har fravalgt Thybanen, fordi den k\u00f8rer for sj\u00e6ldent, s\u00e5 er de skr\u00e6mt v\u00e6k af en h\u00e5bl\u00f8st ustabil drift over flere \u00e5r.<\/p>\n<a class=\"dvrt-link\" onClick=\"cdmtrack_click(689,jQuery(this));return false\" href=\"https:\/\/www.thistedbolig.dk\"><img decoding=\"async\" style=\"width:100%;\" src=\"https:\/\/kunmedierne.dk\/thy\/wp-content\/uploads\/sites\/2\/2025\/03\/260414ThistedBoligApril-opslag-002-1.jpg\"><\/a><script>cdmtrack_view(689);<\/script>\n<p>I 2021 lavede BaneDanmark et forslag til opgradering af Thybanen. Hvis det bliver gjort samtidigt med den renovering af banen, som alligevel skal laves, er merprisen for at opgradere hastigheden beregnet til ca. 180 mio. kr., og samfunds\u00f8konomien er positiv.<\/p>\n<p>H\u00f8jere hastighed betyder ikke bare, at passagererne kommer hurtigere frem, men ogs\u00e5 at togene kommer hurtigere frem. S\u00e5 bliver det billigere at h\u00e6ve hyppigheden til f.eks. timesdrift, som er minimum for en trov\u00e6rdig betjening.<\/p>\n<p>Det kan godt lade sig g\u00f8re at opgradere Thybanen. Det kan godt lade sig g\u00f8re, at Thybanen bliver lige s\u00e5 attraktiv som andre baner. Det kan godt lade sig g\u00f8re, at passagererne vender tilbage til Thybanen. Og det er ovenik\u00f8bet samfunds\u00f8konomisk rentabelt.<\/p>\n<p>S\u00e6t nu i gang!<\/p>\n","protected":false},"excerpt":{"rendered":"<p>DEBAT:\u00a0\u201dBevar Thybanen\u201d siger de fleste kandidater her op til kommunalvalget. Men vi skal mere end det. Thybanen har brug for en opgradering, og det kan fint lade sig g\u00f8re. Selvom vi st\u00e5r sammen om Thybanen her i Thy, s\u00e5 er der mange udefra, som angriber den. I sommers foreslog ministerens s\u00e5kaldte \u201dekspertudvalg\u201d at Thybanen kunne [&hellip;]<\/p>\n","protected":false},"author":11,"featured_media":0,"comment_status":"closed","ping_status":"closed","sticky":false,"template":"","format":"standard","meta":{"_acf_changed":false,"footnotes":""},"categories":[56,24],"tags":[89,62],"class_list":["post-12993","post","type-post","status-publish","format-standard","hentry","category-debat","category-lokalt","tag-kommunalvalg","tag-trafik"],"acf":[],"yoast_head":"<!-- This site is optimized with the Yoast SEO plugin v26.8 - https:\/\/yoast.com\/product\/yoast-seo-wordpress\/ -->\n<title>L\u00e6serbrev: Thybanen skal forbedres - Thy<\/title>\n<meta name=\"robots\" content=\"index, follow, max-snippet:-1, max-image-preview:large, max-video-preview:-1\" \/>\n<link rel=\"canonical\" href=\"https:\/\/kunmedierne.dk\/thy\/laeserbrev-thybanen-skal-forbedres\/\" \/>\n<meta property=\"og:locale\" content=\"da_DK\" \/>\n<meta property=\"og:type\" content=\"article\" \/>\n<meta property=\"og:title\" content=\"L\u00e6serbrev: Thybanen skal forbedres - Thy\" \/>\n<meta property=\"og:description\" content=\"DEBAT:\u00a0\u201dBevar Thybanen\u201d siger de fleste kandidater her op til kommunalvalget. Men vi skal mere end det. Thybanen har brug for en opgradering, og det kan fint lade sig g\u00f8re. Selvom vi st\u00e5r sammen om Thybanen her i Thy, s\u00e5 er der mange udefra, som angriber den. I sommers foreslog ministerens s\u00e5kaldte \u201dekspertudvalg\u201d at Thybanen kunne [&hellip;]\" \/>\n<meta property=\"og:url\" content=\"https:\/\/kunmedierne.dk\/thy\/laeserbrev-thybanen-skal-forbedres\/\" \/>\n<meta property=\"og:site_name\" content=\"Thy\" \/>\n<meta property=\"article:published_time\" content=\"2025-11-12T14:13:22+00:00\" \/>\n<meta property=\"article:modified_time\" content=\"2025-11-12T19:59:02+00:00\" \/>\n<meta name=\"author\" content=\"Debat\" \/>\n<meta name=\"twitter:card\" content=\"summary_large_image\" \/>\n<meta name=\"twitter:label1\" content=\"Skrevet af\" \/>\n\t<meta name=\"twitter:data1\" content=\"Debat\" \/>\n\t<meta name=\"twitter:label2\" content=\"Estimeret l\u00e6setid\" \/>\n\t<meta name=\"twitter:data2\" content=\"3 minutter\" \/>\n<script type=\"application\/ld+json\" class=\"yoast-schema-graph\">{\"@context\":\"https:\/\/schema.org\",\"@graph\":[{\"@type\":\"Article\",\"@id\":\"https:\/\/kunmedierne.dk\/thy\/laeserbrev-thybanen-skal-forbedres\/#article\",\"isPartOf\":{\"@id\":\"https:\/\/kunmedierne.dk\/thy\/laeserbrev-thybanen-skal-forbedres\/\"},\"author\":{\"name\":\"Debat\",\"@id\":\"https:\/\/kunmedierne.dk\/thy\/#\/schema\/person\/84c1391bce0b43b9bb3a49736bc0ad78\"},\"headline\":\"L\u00e6serbrev: Thybanen skal forbedres\",\"datePublished\":\"2025-11-12T14:13:22+00:00\",\"dateModified\":\"2025-11-12T19:59:02+00:00\",\"mainEntityOfPage\":{\"@id\":\"https:\/\/kunmedierne.dk\/thy\/laeserbrev-thybanen-skal-forbedres\/\"},\"wordCount\":419,\"publisher\":{\"@id\":\"https:\/\/kunmedierne.dk\/thy\/#organization\"},\"keywords\":[\"Kommunalvalg\",\"Trafik\"],\"articleSection\":[\"Debat\",\"Lokalt\"],\"inLanguage\":\"da-DK\"},{\"@type\":\"WebPage\",\"@id\":\"https:\/\/kunmedierne.dk\/thy\/laeserbrev-thybanen-skal-forbedres\/\",\"url\":\"https:\/\/kunmedierne.dk\/thy\/laeserbrev-thybanen-skal-forbedres\/\",\"name\":\"L\u00e6serbrev: Thybanen skal forbedres - Thy\",\"isPartOf\":{\"@id\":\"https:\/\/kunmedierne.dk\/thy\/#website\"},\"datePublished\":\"2025-11-12T14:13:22+00:00\",\"dateModified\":\"2025-11-12T19:59:02+00:00\",\"breadcrumb\":{\"@id\":\"https:\/\/kunmedierne.dk\/thy\/laeserbrev-thybanen-skal-forbedres\/#breadcrumb\"},\"inLanguage\":\"da-DK\",\"potentialAction\":[{\"@type\":\"ReadAction\",\"target\":[\"https:\/\/kunmedierne.dk\/thy\/laeserbrev-thybanen-skal-forbedres\/\"]}]},{\"@type\":\"BreadcrumbList\",\"@id\":\"https:\/\/kunmedierne.dk\/thy\/laeserbrev-thybanen-skal-forbedres\/#breadcrumb\",\"itemListElement\":[{\"@type\":\"ListItem\",\"position\":1,\"name\":\"Home\",\"item\":\"https:\/\/kunmedierne.dk\/thy\/\"},{\"@type\":\"ListItem\",\"position\":2,\"name\":\"L\u00e6serbrev: Thybanen skal forbedres\"}]},{\"@type\":\"WebSite\",\"@id\":\"https:\/\/kunmedierne.dk\/thy\/#website\",\"url\":\"https:\/\/kunmedierne.dk\/thy\/\",\"name\":\"Thy\",\"description\":\"et netmedie med journalistik om livet i Thy\",\"publisher\":{\"@id\":\"https:\/\/kunmedierne.dk\/thy\/#organization\"},\"potentialAction\":[{\"@type\":\"SearchAction\",\"target\":{\"@type\":\"EntryPoint\",\"urlTemplate\":\"https:\/\/kunmedierne.dk\/thy\/?s={search_term_string}\"},\"query-input\":{\"@type\":\"PropertyValueSpecification\",\"valueRequired\":true,\"valueName\":\"search_term_string\"}}],\"inLanguage\":\"da-DK\"},{\"@type\":\"Organization\",\"@id\":\"https:\/\/kunmedierne.dk\/thy\/#organization\",\"name\":\"Thy\",\"url\":\"https:\/\/kunmedierne.dk\/thy\/\",\"logo\":{\"@type\":\"ImageObject\",\"inLanguage\":\"da-DK\",\"@id\":\"https:\/\/kunmedierne.dk\/thy\/#\/schema\/logo\/image\/\",\"url\":\"https:\/\/kunmedierne.dk\/thy\/wp-content\/uploads\/sites\/2\/2025\/04\/kunthy-logo.svg\",\"contentUrl\":\"https:\/\/kunmedierne.dk\/thy\/wp-content\/uploads\/sites\/2\/2025\/04\/kunthy-logo.svg\",\"caption\":\"Thy\"},\"image\":{\"@id\":\"https:\/\/kunmedierne.dk\/thy\/#\/schema\/logo\/image\/\"}},{\"@type\":\"Person\",\"@id\":\"https:\/\/kunmedierne.dk\/thy\/#\/schema\/person\/84c1391bce0b43b9bb3a49736bc0ad78\",\"name\":\"Debat\",\"image\":{\"@type\":\"ImageObject\",\"inLanguage\":\"da-DK\",\"@id\":\"https:\/\/kunmedierne.dk\/thy\/#\/schema\/person\/image\/\",\"url\":\"https:\/\/secure.gravatar.com\/avatar\/b0fb2e221d618f7c65162ab0d49c7e8a0b580c871ca03af90e42b47b4150654c?s=96&d=mm&r=g\",\"contentUrl\":\"https:\/\/secure.gravatar.com\/avatar\/b0fb2e221d618f7c65162ab0d49c7e8a0b580c871ca03af90e42b47b4150654c?s=96&d=mm&r=g\",\"caption\":\"Debat\"},\"url\":\"https:\/\/kunmedierne.dk\/thy\/author\/debat\/\"}]}<\/script>\n<!-- \/ Yoast SEO plugin. -->","yoast_head_json":{"title":"L\u00e6serbrev: Thybanen skal forbedres - Thy","robots":{"index":"index","follow":"follow","max-snippet":"max-snippet:-1","max-image-preview":"max-image-preview:large","max-video-preview":"max-video-preview:-1"},"canonical":"https:\/\/kunmedierne.dk\/thy\/laeserbrev-thybanen-skal-forbedres\/","og_locale":"da_DK","og_type":"article","og_title":"L\u00e6serbrev: Thybanen skal forbedres - Thy","og_description":"DEBAT:\u00a0\u201dBevar Thybanen\u201d siger de fleste kandidater her op til kommunalvalget. Men vi skal mere end det. Thybanen har brug for en opgradering, og det kan fint lade sig g\u00f8re. Selvom vi st\u00e5r sammen om Thybanen her i Thy, s\u00e5 er der mange udefra, som angriber den. I sommers foreslog ministerens s\u00e5kaldte \u201dekspertudvalg\u201d at Thybanen kunne [&hellip;]","og_url":"https:\/\/kunmedierne.dk\/thy\/laeserbrev-thybanen-skal-forbedres\/","og_site_name":"Thy","article_published_time":"2025-11-12T14:13:22+00:00","article_modified_time":"2025-11-12T19:59:02+00:00","author":"Debat","twitter_card":"summary_large_image","twitter_misc":{"Skrevet af":"Debat","Estimeret l\u00e6setid":"3 minutter"},"schema":{"@context":"https:\/\/schema.org","@graph":[{"@type":"Article","@id":"https:\/\/kunmedierne.dk\/thy\/laeserbrev-thybanen-skal-forbedres\/#article","isPartOf":{"@id":"https:\/\/kunmedierne.dk\/thy\/laeserbrev-thybanen-skal-forbedres\/"},"author":{"name":"Debat","@id":"https:\/\/kunmedierne.dk\/thy\/#\/schema\/person\/84c1391bce0b43b9bb3a49736bc0ad78"},"headline":"L\u00e6serbrev: Thybanen skal forbedres","datePublished":"2025-11-12T14:13:22+00:00","dateModified":"2025-11-12T19:59:02+00:00","mainEntityOfPage":{"@id":"https:\/\/kunmedierne.dk\/thy\/laeserbrev-thybanen-skal-forbedres\/"},"wordCount":419,"publisher":{"@id":"https:\/\/kunmedierne.dk\/thy\/#organization"},"keywords":["Kommunalvalg","Trafik"],"articleSection":["Debat","Lokalt"],"inLanguage":"da-DK"},{"@type":"WebPage","@id":"https:\/\/kunmedierne.dk\/thy\/laeserbrev-thybanen-skal-forbedres\/","url":"https:\/\/kunmedierne.dk\/thy\/laeserbrev-thybanen-skal-forbedres\/","name":"L\u00e6serbrev: Thybanen skal forbedres - Thy","isPartOf":{"@id":"https:\/\/kunmedierne.dk\/thy\/#website"},"datePublished":"2025-11-12T14:13:22+00:00","dateModified":"2025-11-12T19:59:02+00:00","breadcrumb":{"@id":"https:\/\/kunmedierne.dk\/thy\/laeserbrev-thybanen-skal-forbedres\/#breadcrumb"},"inLanguage":"da-DK","potentialAction":[{"@type":"ReadAction","target":["https:\/\/kunmedierne.dk\/thy\/laeserbrev-thybanen-skal-forbedres\/"]}]},{"@type":"BreadcrumbList","@id":"https:\/\/kunmedierne.dk\/thy\/laeserbrev-thybanen-skal-forbedres\/#breadcrumb","itemListElement":[{"@type":"ListItem","position":1,"name":"Home","item":"https:\/\/kunmedierne.dk\/thy\/"},{"@type":"ListItem","position":2,"name":"L\u00e6serbrev: Thybanen skal forbedres"}]},{"@type":"WebSite","@id":"https:\/\/kunmedierne.dk\/thy\/#website","url":"https:\/\/kunmedierne.dk\/thy\/","name":"Thy","description":"et netmedie med journalistik om livet i Thy","publisher":{"@id":"https:\/\/kunmedierne.dk\/thy\/#organization"},"potentialAction":[{"@type":"SearchAction","target":{"@type":"EntryPoint","urlTemplate":"https:\/\/kunmedierne.dk\/thy\/?s={search_term_string}"},"query-input":{"@type":"PropertyValueSpecification","valueRequired":true,"valueName":"search_term_string"}}],"inLanguage":"da-DK"},{"@type":"Organization","@id":"https:\/\/kunmedierne.dk\/thy\/#organization","name":"Thy","url":"https:\/\/kunmedierne.dk\/thy\/","logo":{"@type":"ImageObject","inLanguage":"da-DK","@id":"https:\/\/kunmedierne.dk\/thy\/#\/schema\/logo\/image\/","url":"https:\/\/kunmedierne.dk\/thy\/wp-content\/uploads\/sites\/2\/2025\/04\/kunthy-logo.svg","contentUrl":"https:\/\/kunmedierne.dk\/thy\/wp-content\/uploads\/sites\/2\/2025\/04\/kunthy-logo.svg","caption":"Thy"},"image":{"@id":"https:\/\/kunmedierne.dk\/thy\/#\/schema\/logo\/image\/"}},{"@type":"Person","@id":"https:\/\/kunmedierne.dk\/thy\/#\/schema\/person\/84c1391bce0b43b9bb3a49736bc0ad78","name":"Debat","image":{"@type":"ImageObject","inLanguage":"da-DK","@id":"https:\/\/kunmedierne.dk\/thy\/#\/schema\/person\/image\/","url":"https:\/\/secure.gravatar.com\/avatar\/b0fb2e221d618f7c65162ab0d49c7e8a0b580c871ca03af90e42b47b4150654c?s=96&d=mm&r=g","contentUrl":"https:\/\/secure.gravatar.com\/avatar\/b0fb2e221d618f7c65162ab0d49c7e8a0b580c871ca03af90e42b47b4150654c?s=96&d=mm&r=g","caption":"Debat"},"url":"https:\/\/kunmedierne.dk\/thy\/author\/debat\/"}]}},"_links":{"self":[{"href":"https:\/\/kunmedierne.dk\/thy\/wp-json\/wp\/v2\/posts\/12993","targetHints":{"allow":["GET"]}}],"collection":[{"href":"https:\/\/kunmedierne.dk\/thy\/wp-json\/wp\/v2\/posts"}],"about":[{"href":"https:\/\/kunmedierne.dk\/thy\/wp-json\/wp\/v2\/types\/post"}],"author":[{"embeddable":true,"href":"https:\/\/kunmedierne.dk\/thy\/wp-json\/wp\/v2\/users\/11"}],"replies":[{"embeddable":true,"href":"https:\/\/kunmedierne.dk\/thy\/wp-json\/wp\/v2\/comments?post=12993"}],"version-history":[{"count":6,"href":"https:\/\/kunmedierne.dk\/thy\/wp-json\/wp\/v2\/posts\/12993\/revisions"}],"predecessor-version":[{"id":13106,"href":"https:\/\/kunmedierne.dk\/thy\/wp-json\/wp\/v2\/posts\/12993\/revisions\/13106"}],"wp:attachment":[{"href":"https:\/\/kunmedierne.dk\/thy\/wp-json\/wp\/v2\/media?parent=12993"}],"wp:term":[{"taxonomy":"category","embeddable":true,"href":"https:\/\/kunmedierne.dk\/thy\/wp-json\/wp\/v2\/categories?post=12993"},{"taxonomy":"post_tag","embeddable":true,"href":"https:\/\/kunmedierne.dk\/thy\/wp-json\/wp\/v2\/tags?post=12993"}],"curies":[{"name":"wp","href":"https:\/\/api.w.org\/{rel}","templated":true}]}}