{"id":12991,"date":"2025-11-12T09:33:23","date_gmt":"2025-11-12T08:33:23","guid":{"rendered":"https:\/\/kunmedierne.dk\/thy\/?p=12991"},"modified":"2025-11-12T20:58:51","modified_gmt":"2025-11-12T19:58:51","slug":"laeserbrev-bevar-bedsted-skole-alle-boern-skal-taelle","status":"publish","type":"post","link":"https:\/\/kunmedierne.dk\/thy\/laeserbrev-bevar-bedsted-skole-alle-boern-skal-taelle\/","title":{"rendered":"<span>L\u00e6serbrev: <\/span>Bevar Bedsted Skole &#8211; alle b\u00f8rn skal t\u00e6lle"},"content":{"rendered":"<p><strong>DEBAT:<\/strong> Et flertal i B\u00f8rne og Familieudvalget har nu valgt at g\u00e5 videre mod lukning af Bedsted Skole.<\/p>\n<p>I Thy Borgerlige mener vi, at det er en fejl og et slag mod hele Bedsted og omegn.<\/p>\n<a class=\"dvrt-link\" onClick=\"cdmtrack_click(687,jQuery(this));return false\" href=\"https:\/\/konpap.dk\/?gad_source=1&gclid=Cj0KCQjwtJ6_BhDWARIsAGanmKfOBLC3RBm6obWL5sEb-mp4bsp5QjqWW4j4nx22y0YT2iMiXJcv3MoaApR_EALw_wcB\"><img decoding=\"async\" style=\"width:100%;\" src=\"https:\/\/kunmedierne.dk\/thy\/wp-content\/uploads\/sites\/2\/2025\/03\/redoffice.jpg\"><\/a><script>cdmtrack_view(687);<\/script>\n<p>Bedsted Skole har i dag omkring 100 b\u00f8rn, n\u00e5r man t\u00e6ller b\u00e5de de almene klasser, specialklasserne og Golfstr\u00f8mmen med.<\/p>\n<p>Det er \u00e9n samlet skole, hvor b\u00f8rnene m\u00f8des p\u00e5 tv\u00e6rs af faglighed, alder og behov. N\u00e5r flertallet i udvalget v\u00e6lger kun at regne de almene elever med, for at f\u00e5 elevtallet under 75, s\u00e5 er det ren skrivebordslogik &#8211; ikke virkelighed.<\/p>\n<p>Vi mener, at alle b\u00f8rn skal t\u00e6lle. Det er b\u00e5de sund fornuft og social ansvarlighed. Bedsted Skole fungerer netop som et inkluderende milj\u00f8, hvor alle b\u00f8rn er en del af f\u00e6llesskabet.\u00a0S\u00e5dan noget skal man bygge videre p\u00e5 ikke rive ned.<\/p>\n<a class=\"dvrt-link\" onClick=\"cdmtrack_click(683,jQuery(this));return false\" href=\"https:\/\/vester-begr.dk\/?utm_source=google&amp;utm_medium=advative&amp;gad_source=1&amp;gclid=Cj0KCQjwtJ6_BhDWARIsAGanmKfl-hGVVjCYiOgSKoGoxrow4kvXybZsnruKJYTslvqZDywT6a9PCQwaAmBjEALw_wcB\"><img decoding=\"async\" style=\"width:100%;\" src=\"https:\/\/kunmedierne.dk\/thy\/wp-content\/uploads\/sites\/2\/2025\/03\/260203VesterHoukaer-02022026.jpg\"><\/a><script>cdmtrack_view(683);<\/script>\n<p>Derudover er der allerede sket en positiv udvikling: Skolen har f\u00e5et en ny ledelse, elevtallet er steget, og for\u00e6ldrene viser stor opbakning.<\/p>\n<p>Det er ikke tiden til at tr\u00e6kke t\u00e6ppet v\u00e6k under dem, men tiden til at give dem arbejdsro og st\u00f8tte.<\/p>\n<p>Vi foresl\u00e5r derfor: At Bedsted Skole bevares og f\u00e5r fire \u00e5rs ro til at vise, hvad de kan, at kommunen anerkender hele skolens elevgrundlag \u00a0ikke kun dele af det, at man arbejder for en landsbyordning, hvor b\u00f8rnehave, SFO og skole samles, at man udnytter de investeringer, der allerede er foretaget \u00a0i stedet for at kaste flere penge ud p\u00e5 nye l\u00f8sninger.<\/p>\n<a class=\"dvrt-link\" onClick=\"cdmtrack_click(689,jQuery(this));return false\" href=\"https:\/\/www.thistedbolig.dk\"><img decoding=\"async\" style=\"width:100%;\" src=\"https:\/\/kunmedierne.dk\/thy\/wp-content\/uploads\/sites\/2\/2025\/03\/260414ThistedBoligApril-opslag-002-1.jpg\"><\/a><script>cdmtrack_view(689);<\/script>\n<p>Lukningen af Bedsted Skole vil koste lokalsamfundet dyrt \u00a0b\u00e5de menneskeligt og \u00f8konomisk. N\u00e5r man lukker en skole, mister man ikke kun undervisning. Man mister sammenhold, tilflytning og troen p\u00e5 fremtiden.<\/p>\n<p>Derfor siger vi i Thy Borgerlige klart: Vi stemmer nej til lukning af Bedsted Skole. B\u00f8rn skal have lov at v\u00e6re b\u00f8rn i deres eget n\u00e6rmilj\u00f8 \u00a0og de sm\u00e5 samfund skal have lov at leve.<\/p>\n","protected":false},"excerpt":{"rendered":"<p>DEBAT: Et flertal i B\u00f8rne og Familieudvalget har nu valgt at g\u00e5 videre mod lukning af Bedsted Skole. I Thy Borgerlige mener vi, at det er en fejl og et slag mod hele Bedsted og omegn. Bedsted Skole har i dag omkring 100 b\u00f8rn, n\u00e5r man t\u00e6ller b\u00e5de de almene klasser, specialklasserne og Golfstr\u00f8mmen med. [&hellip;]<\/p>\n","protected":false},"author":11,"featured_media":0,"comment_status":"closed","ping_status":"closed","sticky":false,"template":"","format":"standard","meta":{"_acf_changed":false,"footnotes":""},"categories":[56,24],"tags":[37,89,43],"class_list":["post-12991","post","type-post","status-publish","format-standard","hentry","category-debat","category-lokalt","tag-kommunalpolitik","tag-kommunalvalg","tag-skoler"],"acf":[],"yoast_head":"<!-- This site is optimized with the Yoast SEO plugin v26.8 - https:\/\/yoast.com\/product\/yoast-seo-wordpress\/ -->\n<title>L\u00e6serbrev: Bevar Bedsted Skole - alle b\u00f8rn skal t\u00e6lle - Thy<\/title>\n<meta name=\"robots\" content=\"index, follow, max-snippet:-1, max-image-preview:large, max-video-preview:-1\" \/>\n<link rel=\"canonical\" href=\"https:\/\/kunmedierne.dk\/thy\/laeserbrev-bevar-bedsted-skole-alle-boern-skal-taelle\/\" \/>\n<meta property=\"og:locale\" content=\"da_DK\" \/>\n<meta property=\"og:type\" content=\"article\" \/>\n<meta property=\"og:title\" content=\"L\u00e6serbrev: Bevar Bedsted Skole - alle b\u00f8rn skal t\u00e6lle - Thy\" \/>\n<meta property=\"og:description\" content=\"DEBAT: Et flertal i B\u00f8rne og Familieudvalget har nu valgt at g\u00e5 videre mod lukning af Bedsted Skole. I Thy Borgerlige mener vi, at det er en fejl og et slag mod hele Bedsted og omegn. Bedsted Skole har i dag omkring 100 b\u00f8rn, n\u00e5r man t\u00e6ller b\u00e5de de almene klasser, specialklasserne og Golfstr\u00f8mmen med. [&hellip;]\" \/>\n<meta property=\"og:url\" content=\"https:\/\/kunmedierne.dk\/thy\/laeserbrev-bevar-bedsted-skole-alle-boern-skal-taelle\/\" \/>\n<meta property=\"og:site_name\" content=\"Thy\" \/>\n<meta property=\"article:published_time\" content=\"2025-11-12T08:33:23+00:00\" \/>\n<meta property=\"article:modified_time\" content=\"2025-11-12T19:58:51+00:00\" \/>\n<meta name=\"author\" content=\"Debat\" \/>\n<meta name=\"twitter:card\" content=\"summary_large_image\" \/>\n<meta name=\"twitter:label1\" content=\"Skrevet af\" \/>\n\t<meta name=\"twitter:data1\" content=\"Debat\" \/>\n\t<meta name=\"twitter:label2\" content=\"Estimeret l\u00e6setid\" \/>\n\t<meta name=\"twitter:data2\" content=\"2 minutter\" \/>\n<script type=\"application\/ld+json\" class=\"yoast-schema-graph\">{\"@context\":\"https:\/\/schema.org\",\"@graph\":[{\"@type\":\"Article\",\"@id\":\"https:\/\/kunmedierne.dk\/thy\/laeserbrev-bevar-bedsted-skole-alle-boern-skal-taelle\/#article\",\"isPartOf\":{\"@id\":\"https:\/\/kunmedierne.dk\/thy\/laeserbrev-bevar-bedsted-skole-alle-boern-skal-taelle\/\"},\"author\":{\"name\":\"Debat\",\"@id\":\"https:\/\/kunmedierne.dk\/thy\/#\/schema\/person\/84c1391bce0b43b9bb3a49736bc0ad78\"},\"headline\":\"L\u00e6serbrev: Bevar Bedsted Skole &#8211; alle b\u00f8rn skal t\u00e6lle\",\"datePublished\":\"2025-11-12T08:33:23+00:00\",\"dateModified\":\"2025-11-12T19:58:51+00:00\",\"mainEntityOfPage\":{\"@id\":\"https:\/\/kunmedierne.dk\/thy\/laeserbrev-bevar-bedsted-skole-alle-boern-skal-taelle\/\"},\"wordCount\":354,\"publisher\":{\"@id\":\"https:\/\/kunmedierne.dk\/thy\/#organization\"},\"keywords\":[\"Kommunalpolitik\",\"Kommunalvalg\",\"Skoler\"],\"articleSection\":[\"Debat\",\"Lokalt\"],\"inLanguage\":\"da-DK\"},{\"@type\":\"WebPage\",\"@id\":\"https:\/\/kunmedierne.dk\/thy\/laeserbrev-bevar-bedsted-skole-alle-boern-skal-taelle\/\",\"url\":\"https:\/\/kunmedierne.dk\/thy\/laeserbrev-bevar-bedsted-skole-alle-boern-skal-taelle\/\",\"name\":\"L\u00e6serbrev: Bevar Bedsted Skole - alle b\u00f8rn skal t\u00e6lle - Thy\",\"isPartOf\":{\"@id\":\"https:\/\/kunmedierne.dk\/thy\/#website\"},\"datePublished\":\"2025-11-12T08:33:23+00:00\",\"dateModified\":\"2025-11-12T19:58:51+00:00\",\"breadcrumb\":{\"@id\":\"https:\/\/kunmedierne.dk\/thy\/laeserbrev-bevar-bedsted-skole-alle-boern-skal-taelle\/#breadcrumb\"},\"inLanguage\":\"da-DK\",\"potentialAction\":[{\"@type\":\"ReadAction\",\"target\":[\"https:\/\/kunmedierne.dk\/thy\/laeserbrev-bevar-bedsted-skole-alle-boern-skal-taelle\/\"]}]},{\"@type\":\"BreadcrumbList\",\"@id\":\"https:\/\/kunmedierne.dk\/thy\/laeserbrev-bevar-bedsted-skole-alle-boern-skal-taelle\/#breadcrumb\",\"itemListElement\":[{\"@type\":\"ListItem\",\"position\":1,\"name\":\"Home\",\"item\":\"https:\/\/kunmedierne.dk\/thy\/\"},{\"@type\":\"ListItem\",\"position\":2,\"name\":\"L\u00e6serbrev: Bevar Bedsted Skole &#8211; alle b\u00f8rn skal t\u00e6lle\"}]},{\"@type\":\"WebSite\",\"@id\":\"https:\/\/kunmedierne.dk\/thy\/#website\",\"url\":\"https:\/\/kunmedierne.dk\/thy\/\",\"name\":\"Thy\",\"description\":\"et netmedie med journalistik om livet i Thy\",\"publisher\":{\"@id\":\"https:\/\/kunmedierne.dk\/thy\/#organization\"},\"potentialAction\":[{\"@type\":\"SearchAction\",\"target\":{\"@type\":\"EntryPoint\",\"urlTemplate\":\"https:\/\/kunmedierne.dk\/thy\/?s={search_term_string}\"},\"query-input\":{\"@type\":\"PropertyValueSpecification\",\"valueRequired\":true,\"valueName\":\"search_term_string\"}}],\"inLanguage\":\"da-DK\"},{\"@type\":\"Organization\",\"@id\":\"https:\/\/kunmedierne.dk\/thy\/#organization\",\"name\":\"Thy\",\"url\":\"https:\/\/kunmedierne.dk\/thy\/\",\"logo\":{\"@type\":\"ImageObject\",\"inLanguage\":\"da-DK\",\"@id\":\"https:\/\/kunmedierne.dk\/thy\/#\/schema\/logo\/image\/\",\"url\":\"https:\/\/kunmedierne.dk\/thy\/wp-content\/uploads\/sites\/2\/2025\/04\/kunthy-logo.svg\",\"contentUrl\":\"https:\/\/kunmedierne.dk\/thy\/wp-content\/uploads\/sites\/2\/2025\/04\/kunthy-logo.svg\",\"caption\":\"Thy\"},\"image\":{\"@id\":\"https:\/\/kunmedierne.dk\/thy\/#\/schema\/logo\/image\/\"}},{\"@type\":\"Person\",\"@id\":\"https:\/\/kunmedierne.dk\/thy\/#\/schema\/person\/84c1391bce0b43b9bb3a49736bc0ad78\",\"name\":\"Debat\",\"image\":{\"@type\":\"ImageObject\",\"inLanguage\":\"da-DK\",\"@id\":\"https:\/\/kunmedierne.dk\/thy\/#\/schema\/person\/image\/\",\"url\":\"https:\/\/secure.gravatar.com\/avatar\/b0fb2e221d618f7c65162ab0d49c7e8a0b580c871ca03af90e42b47b4150654c?s=96&d=mm&r=g\",\"contentUrl\":\"https:\/\/secure.gravatar.com\/avatar\/b0fb2e221d618f7c65162ab0d49c7e8a0b580c871ca03af90e42b47b4150654c?s=96&d=mm&r=g\",\"caption\":\"Debat\"},\"url\":\"https:\/\/kunmedierne.dk\/thy\/author\/debat\/\"}]}<\/script>\n<!-- \/ Yoast SEO plugin. -->","yoast_head_json":{"title":"L\u00e6serbrev: Bevar Bedsted Skole - alle b\u00f8rn skal t\u00e6lle - Thy","robots":{"index":"index","follow":"follow","max-snippet":"max-snippet:-1","max-image-preview":"max-image-preview:large","max-video-preview":"max-video-preview:-1"},"canonical":"https:\/\/kunmedierne.dk\/thy\/laeserbrev-bevar-bedsted-skole-alle-boern-skal-taelle\/","og_locale":"da_DK","og_type":"article","og_title":"L\u00e6serbrev: Bevar Bedsted Skole - alle b\u00f8rn skal t\u00e6lle - Thy","og_description":"DEBAT: Et flertal i B\u00f8rne og Familieudvalget har nu valgt at g\u00e5 videre mod lukning af Bedsted Skole. I Thy Borgerlige mener vi, at det er en fejl og et slag mod hele Bedsted og omegn. Bedsted Skole har i dag omkring 100 b\u00f8rn, n\u00e5r man t\u00e6ller b\u00e5de de almene klasser, specialklasserne og Golfstr\u00f8mmen med. [&hellip;]","og_url":"https:\/\/kunmedierne.dk\/thy\/laeserbrev-bevar-bedsted-skole-alle-boern-skal-taelle\/","og_site_name":"Thy","article_published_time":"2025-11-12T08:33:23+00:00","article_modified_time":"2025-11-12T19:58:51+00:00","author":"Debat","twitter_card":"summary_large_image","twitter_misc":{"Skrevet af":"Debat","Estimeret l\u00e6setid":"2 minutter"},"schema":{"@context":"https:\/\/schema.org","@graph":[{"@type":"Article","@id":"https:\/\/kunmedierne.dk\/thy\/laeserbrev-bevar-bedsted-skole-alle-boern-skal-taelle\/#article","isPartOf":{"@id":"https:\/\/kunmedierne.dk\/thy\/laeserbrev-bevar-bedsted-skole-alle-boern-skal-taelle\/"},"author":{"name":"Debat","@id":"https:\/\/kunmedierne.dk\/thy\/#\/schema\/person\/84c1391bce0b43b9bb3a49736bc0ad78"},"headline":"L\u00e6serbrev: Bevar Bedsted Skole &#8211; alle b\u00f8rn skal t\u00e6lle","datePublished":"2025-11-12T08:33:23+00:00","dateModified":"2025-11-12T19:58:51+00:00","mainEntityOfPage":{"@id":"https:\/\/kunmedierne.dk\/thy\/laeserbrev-bevar-bedsted-skole-alle-boern-skal-taelle\/"},"wordCount":354,"publisher":{"@id":"https:\/\/kunmedierne.dk\/thy\/#organization"},"keywords":["Kommunalpolitik","Kommunalvalg","Skoler"],"articleSection":["Debat","Lokalt"],"inLanguage":"da-DK"},{"@type":"WebPage","@id":"https:\/\/kunmedierne.dk\/thy\/laeserbrev-bevar-bedsted-skole-alle-boern-skal-taelle\/","url":"https:\/\/kunmedierne.dk\/thy\/laeserbrev-bevar-bedsted-skole-alle-boern-skal-taelle\/","name":"L\u00e6serbrev: Bevar Bedsted Skole - alle b\u00f8rn skal t\u00e6lle - Thy","isPartOf":{"@id":"https:\/\/kunmedierne.dk\/thy\/#website"},"datePublished":"2025-11-12T08:33:23+00:00","dateModified":"2025-11-12T19:58:51+00:00","breadcrumb":{"@id":"https:\/\/kunmedierne.dk\/thy\/laeserbrev-bevar-bedsted-skole-alle-boern-skal-taelle\/#breadcrumb"},"inLanguage":"da-DK","potentialAction":[{"@type":"ReadAction","target":["https:\/\/kunmedierne.dk\/thy\/laeserbrev-bevar-bedsted-skole-alle-boern-skal-taelle\/"]}]},{"@type":"BreadcrumbList","@id":"https:\/\/kunmedierne.dk\/thy\/laeserbrev-bevar-bedsted-skole-alle-boern-skal-taelle\/#breadcrumb","itemListElement":[{"@type":"ListItem","position":1,"name":"Home","item":"https:\/\/kunmedierne.dk\/thy\/"},{"@type":"ListItem","position":2,"name":"L\u00e6serbrev: Bevar Bedsted Skole &#8211; alle b\u00f8rn skal t\u00e6lle"}]},{"@type":"WebSite","@id":"https:\/\/kunmedierne.dk\/thy\/#website","url":"https:\/\/kunmedierne.dk\/thy\/","name":"Thy","description":"et netmedie med journalistik om livet i Thy","publisher":{"@id":"https:\/\/kunmedierne.dk\/thy\/#organization"},"potentialAction":[{"@type":"SearchAction","target":{"@type":"EntryPoint","urlTemplate":"https:\/\/kunmedierne.dk\/thy\/?s={search_term_string}"},"query-input":{"@type":"PropertyValueSpecification","valueRequired":true,"valueName":"search_term_string"}}],"inLanguage":"da-DK"},{"@type":"Organization","@id":"https:\/\/kunmedierne.dk\/thy\/#organization","name":"Thy","url":"https:\/\/kunmedierne.dk\/thy\/","logo":{"@type":"ImageObject","inLanguage":"da-DK","@id":"https:\/\/kunmedierne.dk\/thy\/#\/schema\/logo\/image\/","url":"https:\/\/kunmedierne.dk\/thy\/wp-content\/uploads\/sites\/2\/2025\/04\/kunthy-logo.svg","contentUrl":"https:\/\/kunmedierne.dk\/thy\/wp-content\/uploads\/sites\/2\/2025\/04\/kunthy-logo.svg","caption":"Thy"},"image":{"@id":"https:\/\/kunmedierne.dk\/thy\/#\/schema\/logo\/image\/"}},{"@type":"Person","@id":"https:\/\/kunmedierne.dk\/thy\/#\/schema\/person\/84c1391bce0b43b9bb3a49736bc0ad78","name":"Debat","image":{"@type":"ImageObject","inLanguage":"da-DK","@id":"https:\/\/kunmedierne.dk\/thy\/#\/schema\/person\/image\/","url":"https:\/\/secure.gravatar.com\/avatar\/b0fb2e221d618f7c65162ab0d49c7e8a0b580c871ca03af90e42b47b4150654c?s=96&d=mm&r=g","contentUrl":"https:\/\/secure.gravatar.com\/avatar\/b0fb2e221d618f7c65162ab0d49c7e8a0b580c871ca03af90e42b47b4150654c?s=96&d=mm&r=g","caption":"Debat"},"url":"https:\/\/kunmedierne.dk\/thy\/author\/debat\/"}]}},"_links":{"self":[{"href":"https:\/\/kunmedierne.dk\/thy\/wp-json\/wp\/v2\/posts\/12991","targetHints":{"allow":["GET"]}}],"collection":[{"href":"https:\/\/kunmedierne.dk\/thy\/wp-json\/wp\/v2\/posts"}],"about":[{"href":"https:\/\/kunmedierne.dk\/thy\/wp-json\/wp\/v2\/types\/post"}],"author":[{"embeddable":true,"href":"https:\/\/kunmedierne.dk\/thy\/wp-json\/wp\/v2\/users\/11"}],"replies":[{"embeddable":true,"href":"https:\/\/kunmedierne.dk\/thy\/wp-json\/wp\/v2\/comments?post=12991"}],"version-history":[{"count":8,"href":"https:\/\/kunmedierne.dk\/thy\/wp-json\/wp\/v2\/posts\/12991\/revisions"}],"predecessor-version":[{"id":13105,"href":"https:\/\/kunmedierne.dk\/thy\/wp-json\/wp\/v2\/posts\/12991\/revisions\/13105"}],"wp:attachment":[{"href":"https:\/\/kunmedierne.dk\/thy\/wp-json\/wp\/v2\/media?parent=12991"}],"wp:term":[{"taxonomy":"category","embeddable":true,"href":"https:\/\/kunmedierne.dk\/thy\/wp-json\/wp\/v2\/categories?post=12991"},{"taxonomy":"post_tag","embeddable":true,"href":"https:\/\/kunmedierne.dk\/thy\/wp-json\/wp\/v2\/tags?post=12991"}],"curies":[{"name":"wp","href":"https:\/\/api.w.org\/{rel}","templated":true}]}}