{"id":12932,"date":"2025-11-11T17:42:15","date_gmt":"2025-11-11T16:42:15","guid":{"rendered":"https:\/\/kunmedierne.dk\/thy\/?p=12932"},"modified":"2025-11-12T20:58:40","modified_gmt":"2025-11-12T19:58:40","slug":"laeserbrev-vi-skylder-saarbare-medborgere-mere-end-undskyldninger","status":"publish","type":"post","link":"https:\/\/kunmedierne.dk\/thy\/laeserbrev-vi-skylder-saarbare-medborgere-mere-end-undskyldninger\/","title":{"rendered":"<span>L\u00e6serbrev: <\/span>Vi skylder s\u00e5rbare medborgere mere end undskyldninger"},"content":{"rendered":"<p><strong>DEBAT:<\/strong>\u00a0I Thisted Kommune har vi i \u00e5revis h\u00f8rt politikere forsikre, at de svageste borgere st\u00e5r f\u00f8rst i k\u00f8en. At vi tager h\u00e5nd om dem, der ikke selv kan r\u00e5be h\u00f8jt. At vi v\u00e6rner om f\u00e6llesskabet og hj\u00e6lper dem, der har det sv\u00e6rest. Men virkeligheden viser noget andet.<\/p>\n<a class=\"dvrt-link\" onClick=\"cdmtrack_click(689,jQuery(this));return false\" href=\"https:\/\/www.thistedbolig.dk\"><img decoding=\"async\" style=\"width:100%;\" src=\"https:\/\/kunmedierne.dk\/thy\/wp-content\/uploads\/sites\/2\/2025\/03\/260414ThistedBoligApril-opslag-002-1.jpg\"><\/a><script>cdmtrack_view(689);<\/script>\n<p>Sagen om beboerne p\u00e5 Bjergbo er et tydeligt eksempel. I 14 \u00e5r har blandt andre Nickolaj og Michal selv betalt for reng\u00f8ring, selvom det i loven og praksis er kommunens ansvar.<\/p>\n<p>F\u00f8rst da p\u00e5r\u00f8rende gjorde opm\u00e6rksom p\u00e5 fejlen, blev det erkendt. Og nu gives der kun tilbagebetaling fire \u00e5r bagud. Men hvad med de \u00f8vrige ti \u00e5r. Hvad med princippet. Og hvad med retf\u00e6rdigheden.<\/p>\n<p>P\u00e5r\u00f8rende har k\u00e6mpet og k\u00e6mpet for noget, der burde v\u00e6re en selvf\u00f8lge.<\/p>\n<p>At deres b\u00f8rn f\u00e5r den hj\u00e6lp de har ret til. At handicappede i botilbud ikke skal betale af deres egen ydelse for helt basale serviceydelser.<\/p>\n<p>At kommunen lever op til loven.<\/p>\n<a class=\"dvrt-link\" onClick=\"cdmtrack_click(4416,jQuery(this));return false\" href=\"https:\/\/sdrhaa.dk\/\"><img decoding=\"async\" style=\"width:100%;\" src=\"https:\/\/kunmedierne.dk\/thy\/wp-content\/uploads\/sites\/2\/2025\/05\/260302Din-gebyrvenlige-sparekasse_SHS_Thy-1.gif\"><\/a><script>cdmtrack_view(4416);<\/script>\n<p>Dette er ikke en enkeltst\u00e5ende sag. For\u00e6ldre til b\u00f8rn og voksne med handicap fort\u00e6ller om sagsbehandler-skift i en lind str\u00f8m. Manglende overblik. Beslutninger der tr\u00e6kkes i langdrag. Familier der selv m\u00e5 koordinere mellem systemer, der ikke taler sammen. Der bliver brugt ressourcer p\u00e5 m\u00f8der, omorganiseringer, unders\u00f8gelsesgrupper og hensigtserkl\u00e6ringer, mens dem det handler om bliver overladt til uvished.<\/p>\n<p>Det slider. Ikke kun p\u00e5 de borgere, det drejer sig om. Men p\u00e5 hele deres familier. Det er mennesker, der lever med ekstra ansvar, ekstra bekymringer og ekstra belastninger. De burde m\u00f8des med ordentlighed og respekt. Ikke kamp og modstand.<\/p>\n<p>Vi er n\u00f8dt til at stramme op. Ikke med flere papirer. Ikke med nye projekter. Men med handling.<\/p>\n<a class=\"dvrt-link\" onClick=\"cdmtrack_click(4416,jQuery(this));return false\" href=\"https:\/\/sdrhaa.dk\/\"><img decoding=\"async\" style=\"width:100%;\" src=\"https:\/\/kunmedierne.dk\/thy\/wp-content\/uploads\/sites\/2\/2025\/05\/260302Din-gebyrvenlige-sparekasse_SHS_Thy-1.gif\"><\/a><script>cdmtrack_view(4416);<\/script>\n<p>Vi skal sikre:\u00a0At hj\u00e6lp efter serviceloven tildeles korrekt f\u00f8rste gang, at familier ikke skal k\u00e6mpe for noget, der allerede er deres ret, at beboere i botilbud ikke betaler for ydelser, kommunen er ansvarlig for, at der skabes kontinuitet i sagsbehandlingen, s\u00e5 borgerne ikke starter forfra igen og igen, at de p\u00e5r\u00f8rende bliver lyttet til som samarbejdspartnere, ikke som modstandere, at arbejdsmilj\u00f8 og trivselsunders\u00f8gelser SKAL v\u00e6re anonyme<\/p>\n<p>Thisted Kommune skal v\u00e6re et sted, hvor vi kan se velf\u00e6rden fungere i praksis. Ikke kun i politiske taler.<\/p>\n<p>Ingen i denne kommune skal st\u00e5 alene med en kamp for noget, de har krav p\u00e5. Det skylder vi hinanden. Det skylder vi vores v\u00e6rdighed. Og det skylder vi dem, der ikke selv kan st\u00e5 i forreste r\u00e6kke.<\/p>\n","protected":false},"excerpt":{"rendered":"<p>DEBAT:\u00a0I Thisted Kommune har vi i \u00e5revis h\u00f8rt politikere forsikre, at de svageste borgere st\u00e5r f\u00f8rst i k\u00f8en. At vi tager h\u00e5nd om dem, der ikke selv kan r\u00e5be h\u00f8jt. At vi v\u00e6rner om f\u00e6llesskabet og hj\u00e6lper dem, der har det sv\u00e6rest. Men virkeligheden viser noget andet. Sagen om beboerne p\u00e5 Bjergbo er et tydeligt [&hellip;]<\/p>\n","protected":false},"author":11,"featured_media":0,"comment_status":"closed","ping_status":"closed","sticky":false,"template":"","format":"standard","meta":{"_acf_changed":false,"footnotes":""},"categories":[56,24],"tags":[89],"class_list":["post-12932","post","type-post","status-publish","format-standard","hentry","category-debat","category-lokalt","tag-kommunalvalg"],"acf":[],"yoast_head":"<!-- This site is optimized with the Yoast SEO plugin v26.8 - https:\/\/yoast.com\/product\/yoast-seo-wordpress\/ -->\n<title>L\u00e6serbrev: Vi skylder s\u00e5rbare medborgere mere end undskyldninger - Thy<\/title>\n<meta name=\"robots\" content=\"index, follow, max-snippet:-1, max-image-preview:large, max-video-preview:-1\" \/>\n<link rel=\"canonical\" href=\"https:\/\/kunmedierne.dk\/thy\/laeserbrev-vi-skylder-saarbare-medborgere-mere-end-undskyldninger\/\" \/>\n<meta property=\"og:locale\" content=\"da_DK\" \/>\n<meta property=\"og:type\" content=\"article\" \/>\n<meta property=\"og:title\" content=\"L\u00e6serbrev: Vi skylder s\u00e5rbare medborgere mere end undskyldninger - Thy\" \/>\n<meta property=\"og:description\" content=\"DEBAT:\u00a0I Thisted Kommune har vi i \u00e5revis h\u00f8rt politikere forsikre, at de svageste borgere st\u00e5r f\u00f8rst i k\u00f8en. At vi tager h\u00e5nd om dem, der ikke selv kan r\u00e5be h\u00f8jt. At vi v\u00e6rner om f\u00e6llesskabet og hj\u00e6lper dem, der har det sv\u00e6rest. Men virkeligheden viser noget andet. Sagen om beboerne p\u00e5 Bjergbo er et tydeligt [&hellip;]\" \/>\n<meta property=\"og:url\" content=\"https:\/\/kunmedierne.dk\/thy\/laeserbrev-vi-skylder-saarbare-medborgere-mere-end-undskyldninger\/\" \/>\n<meta property=\"og:site_name\" content=\"Thy\" \/>\n<meta property=\"article:published_time\" content=\"2025-11-11T16:42:15+00:00\" \/>\n<meta property=\"article:modified_time\" content=\"2025-11-12T19:58:40+00:00\" \/>\n<meta name=\"author\" content=\"Debat\" \/>\n<meta name=\"twitter:card\" content=\"summary_large_image\" \/>\n<meta name=\"twitter:label1\" content=\"Skrevet af\" \/>\n\t<meta name=\"twitter:data1\" content=\"Debat\" \/>\n\t<meta name=\"twitter:label2\" content=\"Estimeret l\u00e6setid\" \/>\n\t<meta name=\"twitter:data2\" content=\"3 minutter\" \/>\n<script type=\"application\/ld+json\" class=\"yoast-schema-graph\">{\"@context\":\"https:\/\/schema.org\",\"@graph\":[{\"@type\":\"Article\",\"@id\":\"https:\/\/kunmedierne.dk\/thy\/laeserbrev-vi-skylder-saarbare-medborgere-mere-end-undskyldninger\/#article\",\"isPartOf\":{\"@id\":\"https:\/\/kunmedierne.dk\/thy\/laeserbrev-vi-skylder-saarbare-medborgere-mere-end-undskyldninger\/\"},\"author\":{\"name\":\"Debat\",\"@id\":\"https:\/\/kunmedierne.dk\/thy\/#\/schema\/person\/84c1391bce0b43b9bb3a49736bc0ad78\"},\"headline\":\"L\u00e6serbrev: Vi skylder s\u00e5rbare medborgere mere end undskyldninger\",\"datePublished\":\"2025-11-11T16:42:15+00:00\",\"dateModified\":\"2025-11-12T19:58:40+00:00\",\"mainEntityOfPage\":{\"@id\":\"https:\/\/kunmedierne.dk\/thy\/laeserbrev-vi-skylder-saarbare-medborgere-mere-end-undskyldninger\/\"},\"wordCount\":457,\"publisher\":{\"@id\":\"https:\/\/kunmedierne.dk\/thy\/#organization\"},\"keywords\":[\"Kommunalvalg\"],\"articleSection\":[\"Debat\",\"Lokalt\"],\"inLanguage\":\"da-DK\"},{\"@type\":\"WebPage\",\"@id\":\"https:\/\/kunmedierne.dk\/thy\/laeserbrev-vi-skylder-saarbare-medborgere-mere-end-undskyldninger\/\",\"url\":\"https:\/\/kunmedierne.dk\/thy\/laeserbrev-vi-skylder-saarbare-medborgere-mere-end-undskyldninger\/\",\"name\":\"L\u00e6serbrev: Vi skylder s\u00e5rbare medborgere mere end undskyldninger - Thy\",\"isPartOf\":{\"@id\":\"https:\/\/kunmedierne.dk\/thy\/#website\"},\"datePublished\":\"2025-11-11T16:42:15+00:00\",\"dateModified\":\"2025-11-12T19:58:40+00:00\",\"breadcrumb\":{\"@id\":\"https:\/\/kunmedierne.dk\/thy\/laeserbrev-vi-skylder-saarbare-medborgere-mere-end-undskyldninger\/#breadcrumb\"},\"inLanguage\":\"da-DK\",\"potentialAction\":[{\"@type\":\"ReadAction\",\"target\":[\"https:\/\/kunmedierne.dk\/thy\/laeserbrev-vi-skylder-saarbare-medborgere-mere-end-undskyldninger\/\"]}]},{\"@type\":\"BreadcrumbList\",\"@id\":\"https:\/\/kunmedierne.dk\/thy\/laeserbrev-vi-skylder-saarbare-medborgere-mere-end-undskyldninger\/#breadcrumb\",\"itemListElement\":[{\"@type\":\"ListItem\",\"position\":1,\"name\":\"Home\",\"item\":\"https:\/\/kunmedierne.dk\/thy\/\"},{\"@type\":\"ListItem\",\"position\":2,\"name\":\"L\u00e6serbrev: Vi skylder s\u00e5rbare medborgere mere end undskyldninger\"}]},{\"@type\":\"WebSite\",\"@id\":\"https:\/\/kunmedierne.dk\/thy\/#website\",\"url\":\"https:\/\/kunmedierne.dk\/thy\/\",\"name\":\"Thy\",\"description\":\"et netmedie med journalistik om livet i Thy\",\"publisher\":{\"@id\":\"https:\/\/kunmedierne.dk\/thy\/#organization\"},\"potentialAction\":[{\"@type\":\"SearchAction\",\"target\":{\"@type\":\"EntryPoint\",\"urlTemplate\":\"https:\/\/kunmedierne.dk\/thy\/?s={search_term_string}\"},\"query-input\":{\"@type\":\"PropertyValueSpecification\",\"valueRequired\":true,\"valueName\":\"search_term_string\"}}],\"inLanguage\":\"da-DK\"},{\"@type\":\"Organization\",\"@id\":\"https:\/\/kunmedierne.dk\/thy\/#organization\",\"name\":\"Thy\",\"url\":\"https:\/\/kunmedierne.dk\/thy\/\",\"logo\":{\"@type\":\"ImageObject\",\"inLanguage\":\"da-DK\",\"@id\":\"https:\/\/kunmedierne.dk\/thy\/#\/schema\/logo\/image\/\",\"url\":\"https:\/\/kunmedierne.dk\/thy\/wp-content\/uploads\/sites\/2\/2025\/04\/kunthy-logo.svg\",\"contentUrl\":\"https:\/\/kunmedierne.dk\/thy\/wp-content\/uploads\/sites\/2\/2025\/04\/kunthy-logo.svg\",\"caption\":\"Thy\"},\"image\":{\"@id\":\"https:\/\/kunmedierne.dk\/thy\/#\/schema\/logo\/image\/\"}},{\"@type\":\"Person\",\"@id\":\"https:\/\/kunmedierne.dk\/thy\/#\/schema\/person\/84c1391bce0b43b9bb3a49736bc0ad78\",\"name\":\"Debat\",\"image\":{\"@type\":\"ImageObject\",\"inLanguage\":\"da-DK\",\"@id\":\"https:\/\/kunmedierne.dk\/thy\/#\/schema\/person\/image\/\",\"url\":\"https:\/\/secure.gravatar.com\/avatar\/b0fb2e221d618f7c65162ab0d49c7e8a0b580c871ca03af90e42b47b4150654c?s=96&d=mm&r=g\",\"contentUrl\":\"https:\/\/secure.gravatar.com\/avatar\/b0fb2e221d618f7c65162ab0d49c7e8a0b580c871ca03af90e42b47b4150654c?s=96&d=mm&r=g\",\"caption\":\"Debat\"},\"url\":\"https:\/\/kunmedierne.dk\/thy\/author\/debat\/\"}]}<\/script>\n<!-- \/ Yoast SEO plugin. -->","yoast_head_json":{"title":"L\u00e6serbrev: Vi skylder s\u00e5rbare medborgere mere end undskyldninger - Thy","robots":{"index":"index","follow":"follow","max-snippet":"max-snippet:-1","max-image-preview":"max-image-preview:large","max-video-preview":"max-video-preview:-1"},"canonical":"https:\/\/kunmedierne.dk\/thy\/laeserbrev-vi-skylder-saarbare-medborgere-mere-end-undskyldninger\/","og_locale":"da_DK","og_type":"article","og_title":"L\u00e6serbrev: Vi skylder s\u00e5rbare medborgere mere end undskyldninger - Thy","og_description":"DEBAT:\u00a0I Thisted Kommune har vi i \u00e5revis h\u00f8rt politikere forsikre, at de svageste borgere st\u00e5r f\u00f8rst i k\u00f8en. At vi tager h\u00e5nd om dem, der ikke selv kan r\u00e5be h\u00f8jt. At vi v\u00e6rner om f\u00e6llesskabet og hj\u00e6lper dem, der har det sv\u00e6rest. Men virkeligheden viser noget andet. Sagen om beboerne p\u00e5 Bjergbo er et tydeligt [&hellip;]","og_url":"https:\/\/kunmedierne.dk\/thy\/laeserbrev-vi-skylder-saarbare-medborgere-mere-end-undskyldninger\/","og_site_name":"Thy","article_published_time":"2025-11-11T16:42:15+00:00","article_modified_time":"2025-11-12T19:58:40+00:00","author":"Debat","twitter_card":"summary_large_image","twitter_misc":{"Skrevet af":"Debat","Estimeret l\u00e6setid":"3 minutter"},"schema":{"@context":"https:\/\/schema.org","@graph":[{"@type":"Article","@id":"https:\/\/kunmedierne.dk\/thy\/laeserbrev-vi-skylder-saarbare-medborgere-mere-end-undskyldninger\/#article","isPartOf":{"@id":"https:\/\/kunmedierne.dk\/thy\/laeserbrev-vi-skylder-saarbare-medborgere-mere-end-undskyldninger\/"},"author":{"name":"Debat","@id":"https:\/\/kunmedierne.dk\/thy\/#\/schema\/person\/84c1391bce0b43b9bb3a49736bc0ad78"},"headline":"L\u00e6serbrev: Vi skylder s\u00e5rbare medborgere mere end undskyldninger","datePublished":"2025-11-11T16:42:15+00:00","dateModified":"2025-11-12T19:58:40+00:00","mainEntityOfPage":{"@id":"https:\/\/kunmedierne.dk\/thy\/laeserbrev-vi-skylder-saarbare-medborgere-mere-end-undskyldninger\/"},"wordCount":457,"publisher":{"@id":"https:\/\/kunmedierne.dk\/thy\/#organization"},"keywords":["Kommunalvalg"],"articleSection":["Debat","Lokalt"],"inLanguage":"da-DK"},{"@type":"WebPage","@id":"https:\/\/kunmedierne.dk\/thy\/laeserbrev-vi-skylder-saarbare-medborgere-mere-end-undskyldninger\/","url":"https:\/\/kunmedierne.dk\/thy\/laeserbrev-vi-skylder-saarbare-medborgere-mere-end-undskyldninger\/","name":"L\u00e6serbrev: Vi skylder s\u00e5rbare medborgere mere end undskyldninger - Thy","isPartOf":{"@id":"https:\/\/kunmedierne.dk\/thy\/#website"},"datePublished":"2025-11-11T16:42:15+00:00","dateModified":"2025-11-12T19:58:40+00:00","breadcrumb":{"@id":"https:\/\/kunmedierne.dk\/thy\/laeserbrev-vi-skylder-saarbare-medborgere-mere-end-undskyldninger\/#breadcrumb"},"inLanguage":"da-DK","potentialAction":[{"@type":"ReadAction","target":["https:\/\/kunmedierne.dk\/thy\/laeserbrev-vi-skylder-saarbare-medborgere-mere-end-undskyldninger\/"]}]},{"@type":"BreadcrumbList","@id":"https:\/\/kunmedierne.dk\/thy\/laeserbrev-vi-skylder-saarbare-medborgere-mere-end-undskyldninger\/#breadcrumb","itemListElement":[{"@type":"ListItem","position":1,"name":"Home","item":"https:\/\/kunmedierne.dk\/thy\/"},{"@type":"ListItem","position":2,"name":"L\u00e6serbrev: Vi skylder s\u00e5rbare medborgere mere end undskyldninger"}]},{"@type":"WebSite","@id":"https:\/\/kunmedierne.dk\/thy\/#website","url":"https:\/\/kunmedierne.dk\/thy\/","name":"Thy","description":"et netmedie med journalistik om livet i Thy","publisher":{"@id":"https:\/\/kunmedierne.dk\/thy\/#organization"},"potentialAction":[{"@type":"SearchAction","target":{"@type":"EntryPoint","urlTemplate":"https:\/\/kunmedierne.dk\/thy\/?s={search_term_string}"},"query-input":{"@type":"PropertyValueSpecification","valueRequired":true,"valueName":"search_term_string"}}],"inLanguage":"da-DK"},{"@type":"Organization","@id":"https:\/\/kunmedierne.dk\/thy\/#organization","name":"Thy","url":"https:\/\/kunmedierne.dk\/thy\/","logo":{"@type":"ImageObject","inLanguage":"da-DK","@id":"https:\/\/kunmedierne.dk\/thy\/#\/schema\/logo\/image\/","url":"https:\/\/kunmedierne.dk\/thy\/wp-content\/uploads\/sites\/2\/2025\/04\/kunthy-logo.svg","contentUrl":"https:\/\/kunmedierne.dk\/thy\/wp-content\/uploads\/sites\/2\/2025\/04\/kunthy-logo.svg","caption":"Thy"},"image":{"@id":"https:\/\/kunmedierne.dk\/thy\/#\/schema\/logo\/image\/"}},{"@type":"Person","@id":"https:\/\/kunmedierne.dk\/thy\/#\/schema\/person\/84c1391bce0b43b9bb3a49736bc0ad78","name":"Debat","image":{"@type":"ImageObject","inLanguage":"da-DK","@id":"https:\/\/kunmedierne.dk\/thy\/#\/schema\/person\/image\/","url":"https:\/\/secure.gravatar.com\/avatar\/b0fb2e221d618f7c65162ab0d49c7e8a0b580c871ca03af90e42b47b4150654c?s=96&d=mm&r=g","contentUrl":"https:\/\/secure.gravatar.com\/avatar\/b0fb2e221d618f7c65162ab0d49c7e8a0b580c871ca03af90e42b47b4150654c?s=96&d=mm&r=g","caption":"Debat"},"url":"https:\/\/kunmedierne.dk\/thy\/author\/debat\/"}]}},"_links":{"self":[{"href":"https:\/\/kunmedierne.dk\/thy\/wp-json\/wp\/v2\/posts\/12932","targetHints":{"allow":["GET"]}}],"collection":[{"href":"https:\/\/kunmedierne.dk\/thy\/wp-json\/wp\/v2\/posts"}],"about":[{"href":"https:\/\/kunmedierne.dk\/thy\/wp-json\/wp\/v2\/types\/post"}],"author":[{"embeddable":true,"href":"https:\/\/kunmedierne.dk\/thy\/wp-json\/wp\/v2\/users\/11"}],"replies":[{"embeddable":true,"href":"https:\/\/kunmedierne.dk\/thy\/wp-json\/wp\/v2\/comments?post=12932"}],"version-history":[{"count":6,"href":"https:\/\/kunmedierne.dk\/thy\/wp-json\/wp\/v2\/posts\/12932\/revisions"}],"predecessor-version":[{"id":13104,"href":"https:\/\/kunmedierne.dk\/thy\/wp-json\/wp\/v2\/posts\/12932\/revisions\/13104"}],"wp:attachment":[{"href":"https:\/\/kunmedierne.dk\/thy\/wp-json\/wp\/v2\/media?parent=12932"}],"wp:term":[{"taxonomy":"category","embeddable":true,"href":"https:\/\/kunmedierne.dk\/thy\/wp-json\/wp\/v2\/categories?post=12932"},{"taxonomy":"post_tag","embeddable":true,"href":"https:\/\/kunmedierne.dk\/thy\/wp-json\/wp\/v2\/tags?post=12932"}],"curies":[{"name":"wp","href":"https:\/\/api.w.org\/{rel}","templated":true}]}}