{"id":12890,"date":"2025-11-10T14:07:53","date_gmt":"2025-11-10T13:07:53","guid":{"rendered":"https:\/\/kunmedierne.dk\/thy\/?p=12890"},"modified":"2025-11-12T20:57:31","modified_gmt":"2025-11-12T19:57:31","slug":"laeserbrev-thisted-staar-midt-i-en-plejekrise","status":"publish","type":"post","link":"https:\/\/kunmedierne.dk\/thy\/laeserbrev-thisted-staar-midt-i-en-plejekrise\/","title":{"rendered":"<span>L\u00e6serbrev: <\/span>Thisted st\u00e5r midt i en plejekrise"},"content":{"rendered":"<p><strong>DEBAT:\u00a0<\/strong>Vi mangler varme h\u00e6nder \u2013 og endnu vigtigere: vi mangler tid, n\u00e6rv\u00e6r og hjerter, der banker for andre. Ikke i morgen. Ikke om fem \u00e5r. Men lige nu.<\/p>\n<p>Plejepersonalet i Thisted Kommune l\u00f8ber st\u00e6rkt. Alt for st\u00e6rkt. De g\u00f8r deres bedste, men de er for f\u00e5. Og det er vores \u00e6ldre, handicappede og b\u00f8rn, der betaler prisen. De f\u00e5r ikke den omsorg, den st\u00f8tte og den menneskelige kontakt, de har brug for \u2013 og har ret til.<\/p>\n<a class=\"dvrt-link\" onClick=\"cdmtrack_click(685,jQuery(this));return false\" href=\"https:\/\/wensien.dk\/begravelse\/?gad_source=1&gclid=Cj0KCQjwtJ6_BhDWARIsAGanmKcWw6hbeoepGti1oApJGHln52gMbg8EBRZ86__3P1AJZ5dcsw4ZvNEaAk7JEALw_wcB\"><img decoding=\"async\" style=\"width:100%;\" src=\"https:\/\/kunmedierne.dk\/thy\/wp-content\/uploads\/sites\/2\/2025\/03\/wensien-stenhugger.jpg\"><\/a><script>cdmtrack_view(685);<\/script>\n<p>Det er ikke bare en udfordring. Det er en stille katastrofe.<\/p>\n<p>Over 1.300 \u00e6ldre modtager hjemmehj\u00e6lp. Vi har 478 plejeboliger og 24 friplejeboliger \u2013 men det r\u00e6kker ikke. Samtidig stiger antallet af borgere over 80 \u00e5r med 63,7 procent frem mod 2039. Vi bliver flere, der har brug for hj\u00e6lp \u2013 og f\u00e6rre, der kan give den.<\/p>\n<p>Og hvad med dem, der lever med handicap? De m\u00f8der systemer, skemaer og ventetid \u2013 men alt for sj\u00e6ldent mennesker, der har tid til at lytte og forst\u00e5. Handicapomr\u00e5det er presset. Mange familier k\u00e6mper for at f\u00e5 den rette st\u00f8tte, og medarbejderne k\u00e6mper for at f\u00e5 tiden til at sl\u00e5 til.<\/p>\n<p>Og vores b\u00f8rn? De m\u00f8der p\u00e6dagoger og personale, der br\u00e6nder for deres arbejde \u2013 men som ofte st\u00e5r alene med alt for mange b\u00f8rn og alt for lidt tid. Og s\u00e6rligt b\u00f8rn med s\u00e6rlige behov har brug for noget helt andet: specialiseret omsorg, kvalificeret personale og tid til at trives. De har brug for voksne, der forst\u00e5r deres udfordringer og kan hj\u00e6lpe dem med at udvikle sig i trygge rammer. Det er ikke en luksus \u2013 det er en n\u00f8dvendighed.<\/p>\n<a class=\"dvrt-link\" onClick=\"cdmtrack_click(1130,jQuery(this));return false\" href=\"https:\/\/www.thistedforsikring.dk\/?utm_source=partnerskaber&amp;utm_campaign=kun_thy\"><img decoding=\"async\" style=\"width:100%;\" src=\"https:\/\/kunmedierne.dk\/thy\/wp-content\/uploads\/sites\/2\/2025\/04\/260409KunThyThisted-For-1.png\"><\/a><script>cdmtrack_view(1130);<\/script>\n<p>Men her er den virkelige udfordring: Hvor skal de rette mennesker komme fra?<\/p>\n<p>Hele Danmark har rekordlav arbejdsl\u00f8shed. Der er kamp om de kvalificerede h\u00e6nder. Og Thisted er ikke undtaget. Hvis vi vil sikre den rette pleje og st\u00f8tte \u2013 til vores b\u00f8rn med s\u00e6rlige behov, vores \u00e6ldre og vores handicappede borgere \u2013 s\u00e5 skal vi t\u00e6nke fremad. Vi skal rekruttere, uddanne og fastholde de mennesker, der kan l\u00f8fte opgaven.<\/p>\n<p>Vi har brug for specialuddannede omsorgspersoner. Mennesker med den rette faglighed, den rette erfaring og det rette hjerte. Og vi skal skabe rammerne, der g\u00f8r det muligt for dem at lykkes.<\/p>\n<p>Vi m\u00e5 sp\u00f8rge os selv: Er det s\u00e5dan et samfund, vi vil v\u00e6re? Et samfund, hvor \u00e6ldre, handicappede og b\u00f8rn bliver reduceret til opgaver, der skal krydses af? Eller et samfund, hvor vi ser hinanden. M\u00f8der hinanden. Lytter til hinanden.<\/p>\n<p>Der er h\u00e5b. Internationale medarbejdere er en del af l\u00f8sningen. De har erfaring, vilje og hjerte. Men de m\u00f8der barrierer \u2013 sproglige, bureaukratiske og sociale. Det kan vi \u00e6ndre. Vi skal investere i integration. Ikke bare med ord, men med handling.<\/p>\n<p>Jeg har arbejdet med integration i fire \u00e5r som formand og medstifter af Thys f\u00f8rste forening for internationale borgere. Jeg har set, hvordan mennesker fra hele verden kan finde mening og f\u00e6llesskab her. Men jeg har ogs\u00e5 set, hvor sv\u00e6rt det er uden st\u00f8tte.<\/p>\n<a class=\"dvrt-link\" onClick=\"cdmtrack_click(4416,jQuery(this));return false\" href=\"https:\/\/sdrhaa.dk\/\"><img decoding=\"async\" style=\"width:100%;\" src=\"https:\/\/kunmedierne.dk\/thy\/wp-content\/uploads\/sites\/2\/2025\/05\/260302Din-gebyrvenlige-sparekasse_SHS_Thy-1.gif\"><\/a><script>cdmtrack_view(4416);<\/script>\n<p>Hvis jeg bliver valgt til byr\u00e5det, vil jeg k\u00e6mpe for: At \u00e6ldrepleje, handicapomsorg og b\u00f8rneomr\u00e5det bliver prioriteret &#8211; med mennesker, ikke bare midler. At vi t\u00e6nker langsigtet og sikrer nok h\u00e6nder, f\u00f8r krisen vokser. At vi styrker danskundervisning og mentorordninger, s\u00e5 internationale medarbejdere hurtigt kan bidrage. At vi sikrer specialiseret st\u00f8tte til b\u00f8rn med s\u00e6rlige behov &#8211; med faglighed, omsorg og respekt. At vi investerer i uddannelse og rekruttering af plejepersonale &#8211; s\u00e5 vi har de rette mennesker til at l\u00f8fte opgaven. At vi skaber en kommune, hvor alle &#8211; uanset alder, baggrund eller evner &#8211; f\u00f8ler sig hjemme<\/p>\n","protected":false},"excerpt":{"rendered":"<p>DEBAT:\u00a0Vi mangler varme h\u00e6nder \u2013 og endnu vigtigere: vi mangler tid, n\u00e6rv\u00e6r og hjerter, der banker for andre. Ikke i morgen. Ikke om fem \u00e5r. Men lige nu. Plejepersonalet i Thisted Kommune l\u00f8ber st\u00e6rkt. Alt for st\u00e6rkt. De g\u00f8r deres bedste, men de er for f\u00e5. Og det er vores \u00e6ldre, handicappede og b\u00f8rn, der [&hellip;]<\/p>\n","protected":false},"author":11,"featured_media":0,"comment_status":"closed","ping_status":"closed","sticky":false,"template":"","format":"standard","meta":{"_acf_changed":false,"footnotes":""},"categories":[56,24],"tags":[89],"class_list":["post-12890","post","type-post","status-publish","format-standard","hentry","category-debat","category-lokalt","tag-kommunalvalg"],"acf":[],"yoast_head":"<!-- This site is optimized with the Yoast SEO plugin v26.8 - https:\/\/yoast.com\/product\/yoast-seo-wordpress\/ -->\n<title>L\u00e6serbrev: Thisted st\u00e5r midt i en plejekrise - Thy<\/title>\n<meta name=\"robots\" content=\"index, follow, max-snippet:-1, max-image-preview:large, max-video-preview:-1\" \/>\n<link rel=\"canonical\" href=\"https:\/\/kunmedierne.dk\/thy\/laeserbrev-thisted-staar-midt-i-en-plejekrise\/\" \/>\n<meta property=\"og:locale\" content=\"da_DK\" \/>\n<meta property=\"og:type\" content=\"article\" \/>\n<meta property=\"og:title\" content=\"L\u00e6serbrev: Thisted st\u00e5r midt i en plejekrise - Thy\" \/>\n<meta property=\"og:description\" content=\"DEBAT:\u00a0Vi mangler varme h\u00e6nder \u2013 og endnu vigtigere: vi mangler tid, n\u00e6rv\u00e6r og hjerter, der banker for andre. Ikke i morgen. Ikke om fem \u00e5r. Men lige nu. Plejepersonalet i Thisted Kommune l\u00f8ber st\u00e6rkt. Alt for st\u00e6rkt. De g\u00f8r deres bedste, men de er for f\u00e5. Og det er vores \u00e6ldre, handicappede og b\u00f8rn, der [&hellip;]\" \/>\n<meta property=\"og:url\" content=\"https:\/\/kunmedierne.dk\/thy\/laeserbrev-thisted-staar-midt-i-en-plejekrise\/\" \/>\n<meta property=\"og:site_name\" content=\"Thy\" \/>\n<meta property=\"article:published_time\" content=\"2025-11-10T13:07:53+00:00\" \/>\n<meta property=\"article:modified_time\" content=\"2025-11-12T19:57:31+00:00\" \/>\n<meta name=\"author\" content=\"Debat\" \/>\n<meta name=\"twitter:card\" content=\"summary_large_image\" \/>\n<meta name=\"twitter:label1\" content=\"Skrevet af\" \/>\n\t<meta name=\"twitter:data1\" content=\"Debat\" \/>\n\t<meta name=\"twitter:label2\" content=\"Estimeret l\u00e6setid\" \/>\n\t<meta name=\"twitter:data2\" content=\"4 minutter\" \/>\n<script type=\"application\/ld+json\" class=\"yoast-schema-graph\">{\"@context\":\"https:\/\/schema.org\",\"@graph\":[{\"@type\":\"Article\",\"@id\":\"https:\/\/kunmedierne.dk\/thy\/laeserbrev-thisted-staar-midt-i-en-plejekrise\/#article\",\"isPartOf\":{\"@id\":\"https:\/\/kunmedierne.dk\/thy\/laeserbrev-thisted-staar-midt-i-en-plejekrise\/\"},\"author\":{\"name\":\"Debat\",\"@id\":\"https:\/\/kunmedierne.dk\/thy\/#\/schema\/person\/84c1391bce0b43b9bb3a49736bc0ad78\"},\"headline\":\"L\u00e6serbrev: Thisted st\u00e5r midt i en plejekrise\",\"datePublished\":\"2025-11-10T13:07:53+00:00\",\"dateModified\":\"2025-11-12T19:57:31+00:00\",\"mainEntityOfPage\":{\"@id\":\"https:\/\/kunmedierne.dk\/thy\/laeserbrev-thisted-staar-midt-i-en-plejekrise\/\"},\"wordCount\":654,\"publisher\":{\"@id\":\"https:\/\/kunmedierne.dk\/thy\/#organization\"},\"keywords\":[\"Kommunalvalg\"],\"articleSection\":[\"Debat\",\"Lokalt\"],\"inLanguage\":\"da-DK\"},{\"@type\":\"WebPage\",\"@id\":\"https:\/\/kunmedierne.dk\/thy\/laeserbrev-thisted-staar-midt-i-en-plejekrise\/\",\"url\":\"https:\/\/kunmedierne.dk\/thy\/laeserbrev-thisted-staar-midt-i-en-plejekrise\/\",\"name\":\"L\u00e6serbrev: Thisted st\u00e5r midt i en plejekrise - Thy\",\"isPartOf\":{\"@id\":\"https:\/\/kunmedierne.dk\/thy\/#website\"},\"datePublished\":\"2025-11-10T13:07:53+00:00\",\"dateModified\":\"2025-11-12T19:57:31+00:00\",\"breadcrumb\":{\"@id\":\"https:\/\/kunmedierne.dk\/thy\/laeserbrev-thisted-staar-midt-i-en-plejekrise\/#breadcrumb\"},\"inLanguage\":\"da-DK\",\"potentialAction\":[{\"@type\":\"ReadAction\",\"target\":[\"https:\/\/kunmedierne.dk\/thy\/laeserbrev-thisted-staar-midt-i-en-plejekrise\/\"]}]},{\"@type\":\"BreadcrumbList\",\"@id\":\"https:\/\/kunmedierne.dk\/thy\/laeserbrev-thisted-staar-midt-i-en-plejekrise\/#breadcrumb\",\"itemListElement\":[{\"@type\":\"ListItem\",\"position\":1,\"name\":\"Home\",\"item\":\"https:\/\/kunmedierne.dk\/thy\/\"},{\"@type\":\"ListItem\",\"position\":2,\"name\":\"L\u00e6serbrev: Thisted st\u00e5r midt i en plejekrise\"}]},{\"@type\":\"WebSite\",\"@id\":\"https:\/\/kunmedierne.dk\/thy\/#website\",\"url\":\"https:\/\/kunmedierne.dk\/thy\/\",\"name\":\"Thy\",\"description\":\"et netmedie med journalistik om livet i Thy\",\"publisher\":{\"@id\":\"https:\/\/kunmedierne.dk\/thy\/#organization\"},\"potentialAction\":[{\"@type\":\"SearchAction\",\"target\":{\"@type\":\"EntryPoint\",\"urlTemplate\":\"https:\/\/kunmedierne.dk\/thy\/?s={search_term_string}\"},\"query-input\":{\"@type\":\"PropertyValueSpecification\",\"valueRequired\":true,\"valueName\":\"search_term_string\"}}],\"inLanguage\":\"da-DK\"},{\"@type\":\"Organization\",\"@id\":\"https:\/\/kunmedierne.dk\/thy\/#organization\",\"name\":\"Thy\",\"url\":\"https:\/\/kunmedierne.dk\/thy\/\",\"logo\":{\"@type\":\"ImageObject\",\"inLanguage\":\"da-DK\",\"@id\":\"https:\/\/kunmedierne.dk\/thy\/#\/schema\/logo\/image\/\",\"url\":\"https:\/\/kunmedierne.dk\/thy\/wp-content\/uploads\/sites\/2\/2025\/04\/kunthy-logo.svg\",\"contentUrl\":\"https:\/\/kunmedierne.dk\/thy\/wp-content\/uploads\/sites\/2\/2025\/04\/kunthy-logo.svg\",\"caption\":\"Thy\"},\"image\":{\"@id\":\"https:\/\/kunmedierne.dk\/thy\/#\/schema\/logo\/image\/\"}},{\"@type\":\"Person\",\"@id\":\"https:\/\/kunmedierne.dk\/thy\/#\/schema\/person\/84c1391bce0b43b9bb3a49736bc0ad78\",\"name\":\"Debat\",\"image\":{\"@type\":\"ImageObject\",\"inLanguage\":\"da-DK\",\"@id\":\"https:\/\/kunmedierne.dk\/thy\/#\/schema\/person\/image\/\",\"url\":\"https:\/\/secure.gravatar.com\/avatar\/b0fb2e221d618f7c65162ab0d49c7e8a0b580c871ca03af90e42b47b4150654c?s=96&d=mm&r=g\",\"contentUrl\":\"https:\/\/secure.gravatar.com\/avatar\/b0fb2e221d618f7c65162ab0d49c7e8a0b580c871ca03af90e42b47b4150654c?s=96&d=mm&r=g\",\"caption\":\"Debat\"},\"url\":\"https:\/\/kunmedierne.dk\/thy\/author\/debat\/\"}]}<\/script>\n<!-- \/ Yoast SEO plugin. -->","yoast_head_json":{"title":"L\u00e6serbrev: Thisted st\u00e5r midt i en plejekrise - Thy","robots":{"index":"index","follow":"follow","max-snippet":"max-snippet:-1","max-image-preview":"max-image-preview:large","max-video-preview":"max-video-preview:-1"},"canonical":"https:\/\/kunmedierne.dk\/thy\/laeserbrev-thisted-staar-midt-i-en-plejekrise\/","og_locale":"da_DK","og_type":"article","og_title":"L\u00e6serbrev: Thisted st\u00e5r midt i en plejekrise - Thy","og_description":"DEBAT:\u00a0Vi mangler varme h\u00e6nder \u2013 og endnu vigtigere: vi mangler tid, n\u00e6rv\u00e6r og hjerter, der banker for andre. Ikke i morgen. Ikke om fem \u00e5r. Men lige nu. Plejepersonalet i Thisted Kommune l\u00f8ber st\u00e6rkt. Alt for st\u00e6rkt. De g\u00f8r deres bedste, men de er for f\u00e5. Og det er vores \u00e6ldre, handicappede og b\u00f8rn, der [&hellip;]","og_url":"https:\/\/kunmedierne.dk\/thy\/laeserbrev-thisted-staar-midt-i-en-plejekrise\/","og_site_name":"Thy","article_published_time":"2025-11-10T13:07:53+00:00","article_modified_time":"2025-11-12T19:57:31+00:00","author":"Debat","twitter_card":"summary_large_image","twitter_misc":{"Skrevet af":"Debat","Estimeret l\u00e6setid":"4 minutter"},"schema":{"@context":"https:\/\/schema.org","@graph":[{"@type":"Article","@id":"https:\/\/kunmedierne.dk\/thy\/laeserbrev-thisted-staar-midt-i-en-plejekrise\/#article","isPartOf":{"@id":"https:\/\/kunmedierne.dk\/thy\/laeserbrev-thisted-staar-midt-i-en-plejekrise\/"},"author":{"name":"Debat","@id":"https:\/\/kunmedierne.dk\/thy\/#\/schema\/person\/84c1391bce0b43b9bb3a49736bc0ad78"},"headline":"L\u00e6serbrev: Thisted st\u00e5r midt i en plejekrise","datePublished":"2025-11-10T13:07:53+00:00","dateModified":"2025-11-12T19:57:31+00:00","mainEntityOfPage":{"@id":"https:\/\/kunmedierne.dk\/thy\/laeserbrev-thisted-staar-midt-i-en-plejekrise\/"},"wordCount":654,"publisher":{"@id":"https:\/\/kunmedierne.dk\/thy\/#organization"},"keywords":["Kommunalvalg"],"articleSection":["Debat","Lokalt"],"inLanguage":"da-DK"},{"@type":"WebPage","@id":"https:\/\/kunmedierne.dk\/thy\/laeserbrev-thisted-staar-midt-i-en-plejekrise\/","url":"https:\/\/kunmedierne.dk\/thy\/laeserbrev-thisted-staar-midt-i-en-plejekrise\/","name":"L\u00e6serbrev: Thisted st\u00e5r midt i en plejekrise - Thy","isPartOf":{"@id":"https:\/\/kunmedierne.dk\/thy\/#website"},"datePublished":"2025-11-10T13:07:53+00:00","dateModified":"2025-11-12T19:57:31+00:00","breadcrumb":{"@id":"https:\/\/kunmedierne.dk\/thy\/laeserbrev-thisted-staar-midt-i-en-plejekrise\/#breadcrumb"},"inLanguage":"da-DK","potentialAction":[{"@type":"ReadAction","target":["https:\/\/kunmedierne.dk\/thy\/laeserbrev-thisted-staar-midt-i-en-plejekrise\/"]}]},{"@type":"BreadcrumbList","@id":"https:\/\/kunmedierne.dk\/thy\/laeserbrev-thisted-staar-midt-i-en-plejekrise\/#breadcrumb","itemListElement":[{"@type":"ListItem","position":1,"name":"Home","item":"https:\/\/kunmedierne.dk\/thy\/"},{"@type":"ListItem","position":2,"name":"L\u00e6serbrev: Thisted st\u00e5r midt i en plejekrise"}]},{"@type":"WebSite","@id":"https:\/\/kunmedierne.dk\/thy\/#website","url":"https:\/\/kunmedierne.dk\/thy\/","name":"Thy","description":"et netmedie med journalistik om livet i Thy","publisher":{"@id":"https:\/\/kunmedierne.dk\/thy\/#organization"},"potentialAction":[{"@type":"SearchAction","target":{"@type":"EntryPoint","urlTemplate":"https:\/\/kunmedierne.dk\/thy\/?s={search_term_string}"},"query-input":{"@type":"PropertyValueSpecification","valueRequired":true,"valueName":"search_term_string"}}],"inLanguage":"da-DK"},{"@type":"Organization","@id":"https:\/\/kunmedierne.dk\/thy\/#organization","name":"Thy","url":"https:\/\/kunmedierne.dk\/thy\/","logo":{"@type":"ImageObject","inLanguage":"da-DK","@id":"https:\/\/kunmedierne.dk\/thy\/#\/schema\/logo\/image\/","url":"https:\/\/kunmedierne.dk\/thy\/wp-content\/uploads\/sites\/2\/2025\/04\/kunthy-logo.svg","contentUrl":"https:\/\/kunmedierne.dk\/thy\/wp-content\/uploads\/sites\/2\/2025\/04\/kunthy-logo.svg","caption":"Thy"},"image":{"@id":"https:\/\/kunmedierne.dk\/thy\/#\/schema\/logo\/image\/"}},{"@type":"Person","@id":"https:\/\/kunmedierne.dk\/thy\/#\/schema\/person\/84c1391bce0b43b9bb3a49736bc0ad78","name":"Debat","image":{"@type":"ImageObject","inLanguage":"da-DK","@id":"https:\/\/kunmedierne.dk\/thy\/#\/schema\/person\/image\/","url":"https:\/\/secure.gravatar.com\/avatar\/b0fb2e221d618f7c65162ab0d49c7e8a0b580c871ca03af90e42b47b4150654c?s=96&d=mm&r=g","contentUrl":"https:\/\/secure.gravatar.com\/avatar\/b0fb2e221d618f7c65162ab0d49c7e8a0b580c871ca03af90e42b47b4150654c?s=96&d=mm&r=g","caption":"Debat"},"url":"https:\/\/kunmedierne.dk\/thy\/author\/debat\/"}]}},"_links":{"self":[{"href":"https:\/\/kunmedierne.dk\/thy\/wp-json\/wp\/v2\/posts\/12890","targetHints":{"allow":["GET"]}}],"collection":[{"href":"https:\/\/kunmedierne.dk\/thy\/wp-json\/wp\/v2\/posts"}],"about":[{"href":"https:\/\/kunmedierne.dk\/thy\/wp-json\/wp\/v2\/types\/post"}],"author":[{"embeddable":true,"href":"https:\/\/kunmedierne.dk\/thy\/wp-json\/wp\/v2\/users\/11"}],"replies":[{"embeddable":true,"href":"https:\/\/kunmedierne.dk\/thy\/wp-json\/wp\/v2\/comments?post=12890"}],"version-history":[{"count":7,"href":"https:\/\/kunmedierne.dk\/thy\/wp-json\/wp\/v2\/posts\/12890\/revisions"}],"predecessor-version":[{"id":13102,"href":"https:\/\/kunmedierne.dk\/thy\/wp-json\/wp\/v2\/posts\/12890\/revisions\/13102"}],"wp:attachment":[{"href":"https:\/\/kunmedierne.dk\/thy\/wp-json\/wp\/v2\/media?parent=12890"}],"wp:term":[{"taxonomy":"category","embeddable":true,"href":"https:\/\/kunmedierne.dk\/thy\/wp-json\/wp\/v2\/categories?post=12890"},{"taxonomy":"post_tag","embeddable":true,"href":"https:\/\/kunmedierne.dk\/thy\/wp-json\/wp\/v2\/tags?post=12890"}],"curies":[{"name":"wp","href":"https:\/\/api.w.org\/{rel}","templated":true}]}}