{"id":12812,"date":"2025-11-07T19:53:16","date_gmt":"2025-11-07T18:53:16","guid":{"rendered":"https:\/\/kunmedierne.dk\/thy\/?p=12812"},"modified":"2025-11-07T19:53:16","modified_gmt":"2025-11-07T18:53:16","slug":"venstre-i-thy-med-valgtilbud-til-boernefamilier-billigere-boernepasning","status":"publish","type":"post","link":"https:\/\/kunmedierne.dk\/thy\/venstre-i-thy-med-valgtilbud-til-boernefamilier-billigere-boernepasning\/","title":{"rendered":"Venstre i Thy med valgtilbud til b\u00f8rnefamilier: Billigere b\u00f8rnepasning"},"content":{"rendered":"<p><strong>THY:<\/strong> St\u00e5r det til Venstre i Thy skal det fra 2027 v\u00e6re billigere at have et barn i enten b\u00f8rnehave, vuggestue eller i dagpleje. Helt pr\u00e6cis 1000 kroner billigere hver m\u00e5ned &#8211; eller 12.000 kroner om \u00e5ret. Med det nuv\u00e6rende b\u00f8rnetal vil det koste kommunen seks mio. kroner \u00e5rligt.<\/p>\n<a class=\"dvrt-link\" onClick=\"cdmtrack_click(689,jQuery(this));return false\" href=\"https:\/\/www.thistedbolig.dk\"><img decoding=\"async\" style=\"width:100%;\" src=\"https:\/\/kunmedierne.dk\/thy\/wp-content\/uploads\/sites\/2\/2025\/03\/260414ThistedBoligApril-opslag-002-1.jpg\"><\/a><script>cdmtrack_view(689);<\/script>\n<p>Men prisneds\u00e6ttelsen kan f\u00f8rst f\u00e5 virkning fra 2027, og den kr\u00e6ver, at der findes penge til det, n\u00e5r en ny kommunalbestyrelse i 2026 laver budget for 2027 &#8211; og at der er et politisk flertal for at reducere for\u00e6ldrebetalingen.<\/p>\n<p>I en video, der er delt p\u00e5 Facebook-gruppen &#8220;Thisted kommunes byr\u00f8dder&#8221; forklarer borgmester Niels J\u00f8rgen Pedersen, at Venstre vil g\u00f8re det billigere at v\u00e6re b\u00f8rnefamilie i Thisted Kommune. Blandt andet ved at s\u00e6nke betalingen for en plads i b\u00f8rnehave, vuggestue eller dagpleje.<\/p>\n<p>Prisneds\u00e6ttelse er mulig, fordi der i aftalen mellem regeringen og De Konservative om finansloven for 2026 afs\u00e6ttes 350 mio. kroner \u00e5rligt til at reducere for\u00e6ldrebetalingen. Det svarer til en gennemsnitlig neds\u00e6ttelse af for\u00e6ldrebetalingen p\u00e5 3200 kroner \u00e5rligt pr. barn i daginstitutioner og dagplejer.<\/p>\n<a class=\"dvrt-link\" onClick=\"cdmtrack_click(4416,jQuery(this));return false\" href=\"https:\/\/sdrhaa.dk\/\"><img decoding=\"async\" style=\"width:100%;\" src=\"https:\/\/kunmedierne.dk\/thy\/wp-content\/uploads\/sites\/2\/2025\/05\/260302Din-gebyrvenlige-sparekasse_SHS_Thy-1.gif\"><\/a><script>cdmtrack_view(4416);<\/script>\n<p>I f\u00f8lge Venstre i Thy g\u00f8r finanslovsaftalen det muligt at reducere for\u00e6ldrebetalingen i Thisted Kommune med 500 kroner om m\u00e5neden.<\/p>\n<p>&#8211; Men den topper vi med 500 kroner om m\u00e5neden, siger borgmester Niels J\u00f8rgen Pedersen, for Venstre i Thy vil nemlig lade kommunekassen betale 500 kroner oveni det, der l\u00e6gges op til i finanslovsaftalen. I f\u00f8lge regnestykket fra Venstre giver det en reduceret for\u00e6ldrebetaling p\u00e5 1000 kroner m\u00e5nedligt eller 12.000 kroner \u00e5rligt for en plads i daginstitution eller dagpleje.<\/p>\n<p>Initiativet skal, hvis Venstre kan finde opbakning til det, g\u00f8re det attraktivt for b\u00f8rnefamilier at flytte til Thisted Kommune.<\/p>\n<p>Med forslaget byder Venstre i Thy ind p\u00e5 et omr\u00e5de, som allerede har politisk fokus. S\u00e5ledes \u00e5bnede Pernille Rosenkrantz-Theil, socialdemokratisk kandidat til posten som overborgmester i K\u00f8benhavn, allerede i midten af august den kommunale valgkamp i hovedstaden med et forslag om at g\u00f8re det helt gratis at have b\u00f8rn i b\u00f8rnehave og vuggestue i K\u00f8benhavn.<\/p>\n<a class=\"dvrt-link\" onClick=\"cdmtrack_click(683,jQuery(this));return false\" href=\"https:\/\/vester-begr.dk\/?utm_source=google&amp;utm_medium=advative&amp;gad_source=1&amp;gclid=Cj0KCQjwtJ6_BhDWARIsAGanmKfl-hGVVjCYiOgSKoGoxrow4kvXybZsnruKJYTslvqZDywT6a9PCQwaAmBjEALw_wcB\"><img decoding=\"async\" style=\"width:100%;\" src=\"https:\/\/kunmedierne.dk\/thy\/wp-content\/uploads\/sites\/2\/2025\/03\/260203VesterHoukaer-02022026.jpg\"><\/a><script>cdmtrack_view(683);<\/script>\n<p>I kommentarerne p\u00e5 Facebook stilles der sp\u00f8rgsm\u00e5l ved tidspunktet for forslaget fra Venstre. For hvis partiet mener, kommunen har penge til at s\u00e6nke for\u00e6ldrebetalingen, hvorfor kom forslaget s\u00e5 ikke som en del af budgettet for 2026 &#8211; eller tidligere. Andre betegner kort og godt forlaget som &#8220;valgfl\u00e6sk&#8221;.<\/p>\n<p>Blandt dem er Ib Poulsen, spidskandidat for Dansk Folkeparti.<\/p>\n<p>&#8211; For mig at se, er forslaget meget valgfl\u00e6sk-agtigt. I de seneste fire \u00e5r er det ikke blevet billigere at have et barn i b\u00f8rnehave, vuggestue eller dagpleje. I et budget i denne valgperiode blev for\u00e6ldrebetalingen til og med h\u00e6vet, siger Ib Poulsen, som mener, det havde v\u00e6ret mere seri\u00f8st, hvis Venstre havde spillet forslaget p\u00e5 bordet i forhandlingerne om kommunens budget for 2026.<\/p>\n<p>&#8211; Der er jo penge i kassen at g\u00f8re godt med. Nu kommer Venstre med et forslag om, hvad partiet vil g\u00f8re fra 2027, men s\u00e5 er det op til en ny kommunalbestyrelse at l\u00e6gge budgettet. Mit bedste bud er, at det her er et forslag, som bliver glemt, n\u00e5r valgkampen er slut og hverdagen og virkeligheden melder sig igen &#8211; og pengene skal passe. Havde det v\u00e6ret ment seri\u00f8st, skulle forslaget v\u00e6ret bragt p\u00e5 bane allerede i forhandlingerne om n\u00e6ste \u00e5rs budget, men her var billigere b\u00f8rnepasning ikke et emne, siger Ib Poulsen.<\/p>\n","protected":false},"excerpt":{"rendered":"<p>THY: St\u00e5r det til Venstre i Thy skal det fra 2027 v\u00e6re billigere at have et barn i enten b\u00f8rnehave, vuggestue eller i dagpleje. Helt pr\u00e6cis 1000 kroner billigere hver m\u00e5ned &#8211; eller 12.000 kroner om \u00e5ret. Med det nuv\u00e6rende b\u00f8rnetal vil det koste kommunen seks mio. kroner \u00e5rligt. Men prisneds\u00e6ttelsen kan f\u00f8rst f\u00e5 virkning [&hellip;]<\/p>\n","protected":false},"author":4535,"featured_media":0,"comment_status":"closed","ping_status":"closed","sticky":false,"template":"","format":"standard","meta":{"_acf_changed":false,"footnotes":""},"categories":[24],"tags":[89],"class_list":["post-12812","post","type-post","status-publish","format-standard","hentry","category-lokalt","tag-kommunalvalg"],"acf":[],"yoast_head":"<!-- This site is optimized with the Yoast SEO plugin v26.8 - https:\/\/yoast.com\/product\/yoast-seo-wordpress\/ -->\n<title>Venstre i Thy med valgtilbud til b\u00f8rnefamilier: Billigere b\u00f8rnepasning - Thy<\/title>\n<meta name=\"robots\" content=\"index, follow, max-snippet:-1, max-image-preview:large, max-video-preview:-1\" \/>\n<link rel=\"canonical\" href=\"https:\/\/kunmedierne.dk\/thy\/venstre-i-thy-med-valgtilbud-til-boernefamilier-billigere-boernepasning\/\" \/>\n<meta property=\"og:locale\" content=\"da_DK\" \/>\n<meta property=\"og:type\" content=\"article\" \/>\n<meta property=\"og:title\" content=\"Venstre i Thy med valgtilbud til b\u00f8rnefamilier: Billigere b\u00f8rnepasning - Thy\" \/>\n<meta property=\"og:description\" content=\"THY: St\u00e5r det til Venstre i Thy skal det fra 2027 v\u00e6re billigere at have et barn i enten b\u00f8rnehave, vuggestue eller i dagpleje. Helt pr\u00e6cis 1000 kroner billigere hver m\u00e5ned &#8211; eller 12.000 kroner om \u00e5ret. Med det nuv\u00e6rende b\u00f8rnetal vil det koste kommunen seks mio. kroner \u00e5rligt. Men prisneds\u00e6ttelsen kan f\u00f8rst f\u00e5 virkning [&hellip;]\" \/>\n<meta property=\"og:url\" content=\"https:\/\/kunmedierne.dk\/thy\/venstre-i-thy-med-valgtilbud-til-boernefamilier-billigere-boernepasning\/\" \/>\n<meta property=\"og:site_name\" content=\"Thy\" \/>\n<meta property=\"article:published_time\" content=\"2025-11-07T18:53:16+00:00\" \/>\n<meta name=\"author\" content=\"Jens Fogh Andersen\" \/>\n<meta name=\"twitter:card\" content=\"summary_large_image\" \/>\n<meta name=\"twitter:label1\" content=\"Skrevet af\" \/>\n\t<meta name=\"twitter:data1\" content=\"Jens Fogh Andersen\" \/>\n\t<meta name=\"twitter:label2\" content=\"Estimeret l\u00e6setid\" \/>\n\t<meta name=\"twitter:data2\" content=\"3 minutter\" \/>\n<script type=\"application\/ld+json\" class=\"yoast-schema-graph\">{\"@context\":\"https:\/\/schema.org\",\"@graph\":[{\"@type\":\"Article\",\"@id\":\"https:\/\/kunmedierne.dk\/thy\/venstre-i-thy-med-valgtilbud-til-boernefamilier-billigere-boernepasning\/#article\",\"isPartOf\":{\"@id\":\"https:\/\/kunmedierne.dk\/thy\/venstre-i-thy-med-valgtilbud-til-boernefamilier-billigere-boernepasning\/\"},\"author\":{\"name\":\"Jens Fogh Andersen\",\"@id\":\"https:\/\/kunmedierne.dk\/thy\/#\/schema\/person\/88f5be46809ca2a5533760eb574fef93\"},\"headline\":\"Venstre i Thy med valgtilbud til b\u00f8rnefamilier: Billigere b\u00f8rnepasning\",\"datePublished\":\"2025-11-07T18:53:16+00:00\",\"mainEntityOfPage\":{\"@id\":\"https:\/\/kunmedierne.dk\/thy\/venstre-i-thy-med-valgtilbud-til-boernefamilier-billigere-boernepasning\/\"},\"wordCount\":603,\"publisher\":{\"@id\":\"https:\/\/kunmedierne.dk\/thy\/#organization\"},\"keywords\":[\"Kommunalvalg\"],\"articleSection\":[\"Lokalt\"],\"inLanguage\":\"da-DK\"},{\"@type\":\"WebPage\",\"@id\":\"https:\/\/kunmedierne.dk\/thy\/venstre-i-thy-med-valgtilbud-til-boernefamilier-billigere-boernepasning\/\",\"url\":\"https:\/\/kunmedierne.dk\/thy\/venstre-i-thy-med-valgtilbud-til-boernefamilier-billigere-boernepasning\/\",\"name\":\"Venstre i Thy med valgtilbud til b\u00f8rnefamilier: Billigere b\u00f8rnepasning - Thy\",\"isPartOf\":{\"@id\":\"https:\/\/kunmedierne.dk\/thy\/#website\"},\"datePublished\":\"2025-11-07T18:53:16+00:00\",\"breadcrumb\":{\"@id\":\"https:\/\/kunmedierne.dk\/thy\/venstre-i-thy-med-valgtilbud-til-boernefamilier-billigere-boernepasning\/#breadcrumb\"},\"inLanguage\":\"da-DK\",\"potentialAction\":[{\"@type\":\"ReadAction\",\"target\":[\"https:\/\/kunmedierne.dk\/thy\/venstre-i-thy-med-valgtilbud-til-boernefamilier-billigere-boernepasning\/\"]}]},{\"@type\":\"BreadcrumbList\",\"@id\":\"https:\/\/kunmedierne.dk\/thy\/venstre-i-thy-med-valgtilbud-til-boernefamilier-billigere-boernepasning\/#breadcrumb\",\"itemListElement\":[{\"@type\":\"ListItem\",\"position\":1,\"name\":\"Home\",\"item\":\"https:\/\/kunmedierne.dk\/thy\/\"},{\"@type\":\"ListItem\",\"position\":2,\"name\":\"Venstre i Thy med valgtilbud til b\u00f8rnefamilier: Billigere b\u00f8rnepasning\"}]},{\"@type\":\"WebSite\",\"@id\":\"https:\/\/kunmedierne.dk\/thy\/#website\",\"url\":\"https:\/\/kunmedierne.dk\/thy\/\",\"name\":\"Thy\",\"description\":\"et netmedie med journalistik om livet i Thy\",\"publisher\":{\"@id\":\"https:\/\/kunmedierne.dk\/thy\/#organization\"},\"potentialAction\":[{\"@type\":\"SearchAction\",\"target\":{\"@type\":\"EntryPoint\",\"urlTemplate\":\"https:\/\/kunmedierne.dk\/thy\/?s={search_term_string}\"},\"query-input\":{\"@type\":\"PropertyValueSpecification\",\"valueRequired\":true,\"valueName\":\"search_term_string\"}}],\"inLanguage\":\"da-DK\"},{\"@type\":\"Organization\",\"@id\":\"https:\/\/kunmedierne.dk\/thy\/#organization\",\"name\":\"Thy\",\"url\":\"https:\/\/kunmedierne.dk\/thy\/\",\"logo\":{\"@type\":\"ImageObject\",\"inLanguage\":\"da-DK\",\"@id\":\"https:\/\/kunmedierne.dk\/thy\/#\/schema\/logo\/image\/\",\"url\":\"https:\/\/kunmedierne.dk\/thy\/wp-content\/uploads\/sites\/2\/2025\/04\/kunthy-logo.svg\",\"contentUrl\":\"https:\/\/kunmedierne.dk\/thy\/wp-content\/uploads\/sites\/2\/2025\/04\/kunthy-logo.svg\",\"caption\":\"Thy\"},\"image\":{\"@id\":\"https:\/\/kunmedierne.dk\/thy\/#\/schema\/logo\/image\/\"}},{\"@type\":\"Person\",\"@id\":\"https:\/\/kunmedierne.dk\/thy\/#\/schema\/person\/88f5be46809ca2a5533760eb574fef93\",\"name\":\"Jens Fogh Andersen\",\"image\":{\"@type\":\"ImageObject\",\"inLanguage\":\"da-DK\",\"@id\":\"https:\/\/kunmedierne.dk\/thy\/#\/schema\/person\/image\/\",\"url\":\"https:\/\/secure.gravatar.com\/avatar\/2b367a4ef139b1c41dccc9ee7af926b81f8b4cca3359772e86c7fd5ced26c0a3?s=96&d=mm&r=g\",\"contentUrl\":\"https:\/\/secure.gravatar.com\/avatar\/2b367a4ef139b1c41dccc9ee7af926b81f8b4cca3359772e86c7fd5ced26c0a3?s=96&d=mm&r=g\",\"caption\":\"Jens Fogh Andersen\"},\"url\":\"https:\/\/kunmedierne.dk\/thy\/author\/jfa\/\"}]}<\/script>\n<!-- \/ Yoast SEO plugin. -->","yoast_head_json":{"title":"Venstre i Thy med valgtilbud til b\u00f8rnefamilier: Billigere b\u00f8rnepasning - Thy","robots":{"index":"index","follow":"follow","max-snippet":"max-snippet:-1","max-image-preview":"max-image-preview:large","max-video-preview":"max-video-preview:-1"},"canonical":"https:\/\/kunmedierne.dk\/thy\/venstre-i-thy-med-valgtilbud-til-boernefamilier-billigere-boernepasning\/","og_locale":"da_DK","og_type":"article","og_title":"Venstre i Thy med valgtilbud til b\u00f8rnefamilier: Billigere b\u00f8rnepasning - Thy","og_description":"THY: St\u00e5r det til Venstre i Thy skal det fra 2027 v\u00e6re billigere at have et barn i enten b\u00f8rnehave, vuggestue eller i dagpleje. Helt pr\u00e6cis 1000 kroner billigere hver m\u00e5ned &#8211; eller 12.000 kroner om \u00e5ret. Med det nuv\u00e6rende b\u00f8rnetal vil det koste kommunen seks mio. kroner \u00e5rligt. Men prisneds\u00e6ttelsen kan f\u00f8rst f\u00e5 virkning [&hellip;]","og_url":"https:\/\/kunmedierne.dk\/thy\/venstre-i-thy-med-valgtilbud-til-boernefamilier-billigere-boernepasning\/","og_site_name":"Thy","article_published_time":"2025-11-07T18:53:16+00:00","author":"Jens Fogh Andersen","twitter_card":"summary_large_image","twitter_misc":{"Skrevet af":"Jens Fogh Andersen","Estimeret l\u00e6setid":"3 minutter"},"schema":{"@context":"https:\/\/schema.org","@graph":[{"@type":"Article","@id":"https:\/\/kunmedierne.dk\/thy\/venstre-i-thy-med-valgtilbud-til-boernefamilier-billigere-boernepasning\/#article","isPartOf":{"@id":"https:\/\/kunmedierne.dk\/thy\/venstre-i-thy-med-valgtilbud-til-boernefamilier-billigere-boernepasning\/"},"author":{"name":"Jens Fogh Andersen","@id":"https:\/\/kunmedierne.dk\/thy\/#\/schema\/person\/88f5be46809ca2a5533760eb574fef93"},"headline":"Venstre i Thy med valgtilbud til b\u00f8rnefamilier: Billigere b\u00f8rnepasning","datePublished":"2025-11-07T18:53:16+00:00","mainEntityOfPage":{"@id":"https:\/\/kunmedierne.dk\/thy\/venstre-i-thy-med-valgtilbud-til-boernefamilier-billigere-boernepasning\/"},"wordCount":603,"publisher":{"@id":"https:\/\/kunmedierne.dk\/thy\/#organization"},"keywords":["Kommunalvalg"],"articleSection":["Lokalt"],"inLanguage":"da-DK"},{"@type":"WebPage","@id":"https:\/\/kunmedierne.dk\/thy\/venstre-i-thy-med-valgtilbud-til-boernefamilier-billigere-boernepasning\/","url":"https:\/\/kunmedierne.dk\/thy\/venstre-i-thy-med-valgtilbud-til-boernefamilier-billigere-boernepasning\/","name":"Venstre i Thy med valgtilbud til b\u00f8rnefamilier: Billigere b\u00f8rnepasning - Thy","isPartOf":{"@id":"https:\/\/kunmedierne.dk\/thy\/#website"},"datePublished":"2025-11-07T18:53:16+00:00","breadcrumb":{"@id":"https:\/\/kunmedierne.dk\/thy\/venstre-i-thy-med-valgtilbud-til-boernefamilier-billigere-boernepasning\/#breadcrumb"},"inLanguage":"da-DK","potentialAction":[{"@type":"ReadAction","target":["https:\/\/kunmedierne.dk\/thy\/venstre-i-thy-med-valgtilbud-til-boernefamilier-billigere-boernepasning\/"]}]},{"@type":"BreadcrumbList","@id":"https:\/\/kunmedierne.dk\/thy\/venstre-i-thy-med-valgtilbud-til-boernefamilier-billigere-boernepasning\/#breadcrumb","itemListElement":[{"@type":"ListItem","position":1,"name":"Home","item":"https:\/\/kunmedierne.dk\/thy\/"},{"@type":"ListItem","position":2,"name":"Venstre i Thy med valgtilbud til b\u00f8rnefamilier: Billigere b\u00f8rnepasning"}]},{"@type":"WebSite","@id":"https:\/\/kunmedierne.dk\/thy\/#website","url":"https:\/\/kunmedierne.dk\/thy\/","name":"Thy","description":"et netmedie med journalistik om livet i Thy","publisher":{"@id":"https:\/\/kunmedierne.dk\/thy\/#organization"},"potentialAction":[{"@type":"SearchAction","target":{"@type":"EntryPoint","urlTemplate":"https:\/\/kunmedierne.dk\/thy\/?s={search_term_string}"},"query-input":{"@type":"PropertyValueSpecification","valueRequired":true,"valueName":"search_term_string"}}],"inLanguage":"da-DK"},{"@type":"Organization","@id":"https:\/\/kunmedierne.dk\/thy\/#organization","name":"Thy","url":"https:\/\/kunmedierne.dk\/thy\/","logo":{"@type":"ImageObject","inLanguage":"da-DK","@id":"https:\/\/kunmedierne.dk\/thy\/#\/schema\/logo\/image\/","url":"https:\/\/kunmedierne.dk\/thy\/wp-content\/uploads\/sites\/2\/2025\/04\/kunthy-logo.svg","contentUrl":"https:\/\/kunmedierne.dk\/thy\/wp-content\/uploads\/sites\/2\/2025\/04\/kunthy-logo.svg","caption":"Thy"},"image":{"@id":"https:\/\/kunmedierne.dk\/thy\/#\/schema\/logo\/image\/"}},{"@type":"Person","@id":"https:\/\/kunmedierne.dk\/thy\/#\/schema\/person\/88f5be46809ca2a5533760eb574fef93","name":"Jens Fogh Andersen","image":{"@type":"ImageObject","inLanguage":"da-DK","@id":"https:\/\/kunmedierne.dk\/thy\/#\/schema\/person\/image\/","url":"https:\/\/secure.gravatar.com\/avatar\/2b367a4ef139b1c41dccc9ee7af926b81f8b4cca3359772e86c7fd5ced26c0a3?s=96&d=mm&r=g","contentUrl":"https:\/\/secure.gravatar.com\/avatar\/2b367a4ef139b1c41dccc9ee7af926b81f8b4cca3359772e86c7fd5ced26c0a3?s=96&d=mm&r=g","caption":"Jens Fogh Andersen"},"url":"https:\/\/kunmedierne.dk\/thy\/author\/jfa\/"}]}},"_links":{"self":[{"href":"https:\/\/kunmedierne.dk\/thy\/wp-json\/wp\/v2\/posts\/12812","targetHints":{"allow":["GET"]}}],"collection":[{"href":"https:\/\/kunmedierne.dk\/thy\/wp-json\/wp\/v2\/posts"}],"about":[{"href":"https:\/\/kunmedierne.dk\/thy\/wp-json\/wp\/v2\/types\/post"}],"author":[{"embeddable":true,"href":"https:\/\/kunmedierne.dk\/thy\/wp-json\/wp\/v2\/users\/4535"}],"replies":[{"embeddable":true,"href":"https:\/\/kunmedierne.dk\/thy\/wp-json\/wp\/v2\/comments?post=12812"}],"version-history":[{"count":11,"href":"https:\/\/kunmedierne.dk\/thy\/wp-json\/wp\/v2\/posts\/12812\/revisions"}],"predecessor-version":[{"id":12824,"href":"https:\/\/kunmedierne.dk\/thy\/wp-json\/wp\/v2\/posts\/12812\/revisions\/12824"}],"wp:attachment":[{"href":"https:\/\/kunmedierne.dk\/thy\/wp-json\/wp\/v2\/media?parent=12812"}],"wp:term":[{"taxonomy":"category","embeddable":true,"href":"https:\/\/kunmedierne.dk\/thy\/wp-json\/wp\/v2\/categories?post=12812"},{"taxonomy":"post_tag","embeddable":true,"href":"https:\/\/kunmedierne.dk\/thy\/wp-json\/wp\/v2\/tags?post=12812"}],"curies":[{"name":"wp","href":"https:\/\/api.w.org\/{rel}","templated":true}]}}