{"id":12698,"date":"2025-11-06T13:43:22","date_gmt":"2025-11-06T12:43:22","guid":{"rendered":"https:\/\/kunmedierne.dk\/thy\/?p=12698"},"modified":"2025-11-06T13:46:31","modified_gmt":"2025-11-06T12:46:31","slug":"i-dag-holder-limfjordsfiskene-vejret-ministeren-moedes-med-morsoe-og-thisted-for-at-hoere-om-en-kvaelstofplan-der-ikke-helt-lever-op-til-kravene","status":"publish","type":"post","link":"https:\/\/kunmedierne.dk\/thy\/i-dag-holder-limfjordsfiskene-vejret-ministeren-moedes-med-morsoe-og-thisted-for-at-hoere-om-en-kvaelstofplan-der-ikke-helt-lever-op-til-kravene\/","title":{"rendered":"I dag holder Limfjordsfiskene vejret: Vil ministeren acceptere en kv\u00e6lstofplan, der ikke lever op til kravene?"},"content":{"rendered":"<p><span data-contrast=\"auto\"><strong>LIMFJORDEN:<\/strong> Ministeriet har kr\u00e6vet, at der skal planl\u00e6gges for en indsats p\u00e5 100 procent, men Mors\u00f8 og Thisted siger stop ved 74 procent. Kommunerne afviser at udarbejde en plan, de ikke kan realisere i praksis, og advarer mod at tegne \u201cfiktive arealer\u201d ind i kortsystemerne.<\/span><span data-ccp-props=\"{}\">\u00a0<\/span><\/p>\n<a class=\"dvrt-link\" onClick=\"cdmtrack_click(18790,jQuery(this));return false\" href=\"https:\/\/thymors.dk\/sponsorater\/15-til-faellesskabet?utm_source=kunthy&amp;utm_medium=annonce&amp;utm_campaign=sponsorater\"><img decoding=\"async\" style=\"width:100%;\" src=\"https:\/\/kunmedierne.dk\/thy\/wp-content\/uploads\/sites\/2\/2026\/03\/260407ThyMors-energi_faellesskab_generel-1.jpg\"><\/a><script>cdmtrack_view(18790);<\/script>\n<p><span data-contrast=\"auto\">Jesper Balle (V), viceborgmester i Mors\u00f8 Kommune og medlem af Gr\u00f8n Trepart Limfjorde,<a href=\"https:\/\/kunmedierne.dk\/mors\/ministeriet-vil-se-en-100-procent-indsats-morsoe-og-thisted-kommuner-vil-ikke-anbefale-en-plan-de-ikke-kan-goere-til-virkelighed\/\" target=\"_blank\" rel=\"noopener\"> har tidligere udtalt til KunMors:<\/a><\/span><span data-ccp-props=\"{}\">\u00a0<\/span><\/p>\n<p><span data-contrast=\"auto\">\u2013 Vi vil ikke tegne noget ind, vi ikke tror p\u00e5.<\/span><span data-ccp-props=\"{}\">\u00a0<\/span><\/p>\n<p><span data-contrast=\"auto\">Han henviste til, at det kun er de lavtliggende v\u00e5domr\u00e5der og lavbundsjorde, kommunerne reelt har mulighed for at f\u00e5 f\u00f8rt ud i livet. H\u00f8jtliggende arealer, som andre kommuner har tegnet ind, er if\u00f8lge Jesper Balle uden for r\u00e6kkevidde med de nuv\u00e6rende v\u00e6rkt\u00f8jer og \u00f8konomi.<\/span><span data-ccp-props=\"{}\">\u00a0<\/span><\/p>\n<p><span data-ccp-props=\"{}\">\u00a0<\/span><\/p>\n<p><b><span data-contrast=\"auto\">Staten kr\u00e6ver fuld indsats \u2013 kommunerne siger &#8220;realistisk minimum&#8221;<\/span><\/b><span data-ccp-props=\"{}\">\u00a0<\/span><\/p>\n<p><span data-contrast=\"auto\">Milj\u00f8ministeriet og parterne bag Gr\u00f8n Trepart kr\u00e6ver, at kommunerne laver en fuld plan for hele indsatsen. I et referat fra et m\u00f8de med ministeren den 15. september fremg\u00e5r det tydeligt, at der skal tegnes arealer svarende til hele behovet for kv\u00e6lstofreduktion \u2013 ogs\u00e5 selvom alle arealer n\u00e6ppe bliver realiseret.<\/span><span data-ccp-props=\"{}\">\u00a0<\/span><\/p>\n<p><span data-contrast=\"auto\">Det krav har vakt modstand lokalt. If\u00f8lge Jesper Balle (V) er det i strid med princippet om frivillighed og lokal forankring. Han har tidligere udtalt til KunMors: <\/span><span data-ccp-props=\"{}\">\u00a0<\/span><\/p>\n<p><span data-contrast=\"auto\">\u2013 Det er en minimumsindsats, vi har tegnet. Og det st\u00e5r der ogs\u00e5 i aftalen, at vi skal finde. Det har vi gjort \u2013 74 procent er, hvad vi vurderer, kan lade sig g\u00f8re.<\/span><span data-ccp-props=\"{}\">\u00a0<\/span><\/p>\n<p><span data-contrast=\"auto\">Men det betyder, at man allerede fra start mangler arealer \u2013 is\u00e6r hvis op mod 20 procent af projekterne viser sig ikke at blive til noget, som staten selv vurderer.<\/span><span data-ccp-props=\"{}\">\u00a0<\/span><\/p>\n<p><span data-contrast=\"auto\">\u2013 S\u00e5 m\u00e5 Christiansborg levere det, vi mangler. For eksempel en model, der kan vise, hvilke arealer der egner sig bedst til hvilke l\u00f8sninger. Det har vi ikke i dag, udtalte Jesper Balle (V)<\/span><span data-ccp-props=\"{}\">\u00a0<\/span><\/p>\n<p>&nbsp;<\/p>\n<p><b><span data-contrast=\"auto\">Thisted: \u201cVi har n\u00e5et smertegr\u00e6nsen\u201d<\/span><\/b><span data-ccp-props=\"{}\">\u00a0<\/span><\/p>\n<p><span data-contrast=\"auto\">Thisted Kommune, der ved sidste m\u00f8de i den lokale trepart, ikke deltog med egne repr\u00e6sentanter, har ogs\u00e5 meldt klart ud. Kommunen har allerede planlagt for over 8.500 hektar og d\u00e6kker fuldt indsatsbehov i tre ud af fire oplande. I Thisted Bredning d\u00e6kker planen 74 procent. Mere kan man ikke str\u00e6kke:<\/span><span data-ccp-props=\"{}\">\u00a0<\/span><\/p>\n<p><span data-contrast=\"auto\">\u201cKonsekvenserne ved yderligere udtagning af landbrugsjord vil v\u00e6re s\u00e5 omfattende, at man m\u00e5 stille sp\u00f8rgsm\u00e5lstegn ved, om der overhovedet er plads til et landbrug i store dele af Thy,\u201d lyder kommunens udmelding.<\/span><span data-ccp-props=\"{}\">\u00a0<\/span><\/p>\n<p><span data-ccp-props=\"{}\">\u00a0<\/span><\/p>\n<p><b><span data-contrast=\"auto\">Zenia Stampe: \u201cDet handler ikke om jorden. Det handler om fjorden.\u201d<\/span><\/b><span data-ccp-props=\"{}\">\u00a0<\/span><\/p>\n<p><span data-contrast=\"auto\">Mens fiskene holder vejret i Thisted Bredning, retter\u00a0den radikale folketingspolitiker Zenia Stampe (RV) en skarp kritik mod Mors og Thy. P\u00e5 Facebook skriver hun:<\/span><span data-ccp-props=\"{}\">\u00a0<\/span><\/p>\n<p><span data-contrast=\"auto\">\u201cVenstrekommunerne Thisted og Mors\u00f8 siger nej til at opfylde den gr\u00f8nne trepart. De vil ikke v\u00e6re med til at udtage \u2018gode\u2019 jorde. Men der er noget, de har misforst\u00e5et. Det handler ikke om jorden. Det handler om fjorden.\u201d<\/span><span data-ccp-props=\"{}\">\u00a0<\/span><\/p>\n<a class=\"dvrt-link\" onClick=\"cdmtrack_click(1130,jQuery(this));return false\" href=\"https:\/\/www.thistedforsikring.dk\/?utm_source=partnerskaber&amp;utm_campaign=kun_thy\"><img decoding=\"async\" style=\"width:100%;\" src=\"https:\/\/kunmedierne.dk\/thy\/wp-content\/uploads\/sites\/2\/2025\/04\/260409KunThyThisted-For-1.png\"><\/a><script>cdmtrack_view(1130);<\/script>\n<p><span data-contrast=\"auto\">Hun peger p\u00e5, at det ikke er holdbart, n\u00e5r kommunerne vil beskytte landbrugets interesser, mens fjorden lider:<\/span><span data-ccp-props=\"{}\">\u00a0<\/span><\/p>\n<p><span data-contrast=\"auto\">\u201cI Thisted og Mors\u00f8 bor der kun 65.000 mennesker \u2013 men der er over 1 million husdyr. Det giver ufattelige m\u00e6ngder gylle og marker, der skal dyrkes. Og det er bare langt mere, end fjorden kan b\u00e6re.\u201d<\/span><span data-ccp-props=\"{}\">\u00a0<\/span><\/p>\n<p><span data-contrast=\"auto\">Zenia Stampe (RV) fremh\u00e6ver ogs\u00e5, at Thisted Kommune for nylig har godkendt en udvidelse af Tican-slagteriet, der fremover skal slagte op til 15.000 grise om dagen, hvilket hun finder problematisk. <\/span><span data-ccp-props=\"{}\">\u00a0<\/span><\/p>\n<p><span data-contrast=\"auto\">Hvad m\u00f8det med minister Jeppe Bruus har f\u00f8rt til, ved vi endnu ikke, men vi f\u00f8lger op.<\/span><span data-ccp-props=\"{}\">\u00a0<\/span><\/p>\n","protected":false},"excerpt":{"rendered":"<p>LIMFJORDEN: Ministeriet har kr\u00e6vet, at der skal planl\u00e6gges for en indsats p\u00e5 100 procent, men Mors\u00f8 og Thisted siger stop ved 74 procent. Kommunerne afviser at udarbejde en plan, de ikke kan realisere i praksis, og advarer mod at tegne \u201cfiktive arealer\u201d ind i kortsystemerne.\u00a0 Jesper Balle (V), viceborgmester i Mors\u00f8 Kommune og medlem af [&hellip;]<\/p>\n","protected":false},"author":2507,"featured_media":0,"comment_status":"closed","ping_status":"closed","sticky":false,"template":"","format":"standard","meta":{"_acf_changed":false,"footnotes":""},"categories":[24],"tags":[70,48,49],"class_list":["post-12698","post","type-post","status-publish","format-standard","hentry","category-lokalt","tag-landbrug","tag-miljoe","tag-natur"],"acf":[],"yoast_head":"<!-- This site is optimized with the Yoast SEO plugin v26.8 - https:\/\/yoast.com\/product\/yoast-seo-wordpress\/ -->\n<title>I dag holder Limfjordsfiskene vejret: Vil ministeren acceptere en kv\u00e6lstofplan, der ikke lever op til kravene? - Thy<\/title>\n<meta name=\"robots\" content=\"index, follow, max-snippet:-1, max-image-preview:large, max-video-preview:-1\" \/>\n<link rel=\"canonical\" href=\"https:\/\/kunmedierne.dk\/thy\/i-dag-holder-limfjordsfiskene-vejret-ministeren-moedes-med-morsoe-og-thisted-for-at-hoere-om-en-kvaelstofplan-der-ikke-helt-lever-op-til-kravene\/\" \/>\n<meta property=\"og:locale\" content=\"da_DK\" \/>\n<meta property=\"og:type\" content=\"article\" \/>\n<meta property=\"og:title\" content=\"I dag holder Limfjordsfiskene vejret: Vil ministeren acceptere en kv\u00e6lstofplan, der ikke lever op til kravene? - Thy\" \/>\n<meta property=\"og:description\" content=\"LIMFJORDEN: Ministeriet har kr\u00e6vet, at der skal planl\u00e6gges for en indsats p\u00e5 100 procent, men Mors\u00f8 og Thisted siger stop ved 74 procent. Kommunerne afviser at udarbejde en plan, de ikke kan realisere i praksis, og advarer mod at tegne \u201cfiktive arealer\u201d ind i kortsystemerne.\u00a0 Jesper Balle (V), viceborgmester i Mors\u00f8 Kommune og medlem af [&hellip;]\" \/>\n<meta property=\"og:url\" content=\"https:\/\/kunmedierne.dk\/thy\/i-dag-holder-limfjordsfiskene-vejret-ministeren-moedes-med-morsoe-og-thisted-for-at-hoere-om-en-kvaelstofplan-der-ikke-helt-lever-op-til-kravene\/\" \/>\n<meta property=\"og:site_name\" content=\"Thy\" \/>\n<meta property=\"article:published_time\" content=\"2025-11-06T12:43:22+00:00\" \/>\n<meta property=\"article:modified_time\" content=\"2025-11-06T12:46:31+00:00\" \/>\n<meta name=\"author\" content=\"Katrine Hedegaard\" \/>\n<meta name=\"twitter:card\" content=\"summary_large_image\" \/>\n<meta name=\"twitter:label1\" content=\"Skrevet af\" \/>\n\t<meta name=\"twitter:data1\" content=\"Katrine Hedegaard\" \/>\n\t<meta name=\"twitter:label2\" content=\"Estimeret l\u00e6setid\" \/>\n\t<meta name=\"twitter:data2\" content=\"4 minutter\" \/>\n<script type=\"application\/ld+json\" class=\"yoast-schema-graph\">{\"@context\":\"https:\/\/schema.org\",\"@graph\":[{\"@type\":\"Article\",\"@id\":\"https:\/\/kunmedierne.dk\/thy\/i-dag-holder-limfjordsfiskene-vejret-ministeren-moedes-med-morsoe-og-thisted-for-at-hoere-om-en-kvaelstofplan-der-ikke-helt-lever-op-til-kravene\/#article\",\"isPartOf\":{\"@id\":\"https:\/\/kunmedierne.dk\/thy\/i-dag-holder-limfjordsfiskene-vejret-ministeren-moedes-med-morsoe-og-thisted-for-at-hoere-om-en-kvaelstofplan-der-ikke-helt-lever-op-til-kravene\/\"},\"author\":{\"name\":\"Katrine Hedegaard\",\"@id\":\"https:\/\/kunmedierne.dk\/thy\/#\/schema\/person\/b2e62a38069b12365e53e087a8709c64\"},\"headline\":\"I dag holder Limfjordsfiskene vejret: Vil ministeren acceptere en kv\u00e6lstofplan, der ikke lever op til kravene?\",\"datePublished\":\"2025-11-06T12:43:22+00:00\",\"dateModified\":\"2025-11-06T12:46:31+00:00\",\"mainEntityOfPage\":{\"@id\":\"https:\/\/kunmedierne.dk\/thy\/i-dag-holder-limfjordsfiskene-vejret-ministeren-moedes-med-morsoe-og-thisted-for-at-hoere-om-en-kvaelstofplan-der-ikke-helt-lever-op-til-kravene\/\"},\"wordCount\":612,\"publisher\":{\"@id\":\"https:\/\/kunmedierne.dk\/thy\/#organization\"},\"keywords\":[\"Landbrug\",\"Milj\u00f8\",\"Natur\"],\"articleSection\":[\"Lokalt\"],\"inLanguage\":\"da-DK\"},{\"@type\":\"WebPage\",\"@id\":\"https:\/\/kunmedierne.dk\/thy\/i-dag-holder-limfjordsfiskene-vejret-ministeren-moedes-med-morsoe-og-thisted-for-at-hoere-om-en-kvaelstofplan-der-ikke-helt-lever-op-til-kravene\/\",\"url\":\"https:\/\/kunmedierne.dk\/thy\/i-dag-holder-limfjordsfiskene-vejret-ministeren-moedes-med-morsoe-og-thisted-for-at-hoere-om-en-kvaelstofplan-der-ikke-helt-lever-op-til-kravene\/\",\"name\":\"I dag holder Limfjordsfiskene vejret: Vil ministeren acceptere en kv\u00e6lstofplan, der ikke lever op til kravene? - Thy\",\"isPartOf\":{\"@id\":\"https:\/\/kunmedierne.dk\/thy\/#website\"},\"datePublished\":\"2025-11-06T12:43:22+00:00\",\"dateModified\":\"2025-11-06T12:46:31+00:00\",\"breadcrumb\":{\"@id\":\"https:\/\/kunmedierne.dk\/thy\/i-dag-holder-limfjordsfiskene-vejret-ministeren-moedes-med-morsoe-og-thisted-for-at-hoere-om-en-kvaelstofplan-der-ikke-helt-lever-op-til-kravene\/#breadcrumb\"},\"inLanguage\":\"da-DK\",\"potentialAction\":[{\"@type\":\"ReadAction\",\"target\":[\"https:\/\/kunmedierne.dk\/thy\/i-dag-holder-limfjordsfiskene-vejret-ministeren-moedes-med-morsoe-og-thisted-for-at-hoere-om-en-kvaelstofplan-der-ikke-helt-lever-op-til-kravene\/\"]}]},{\"@type\":\"BreadcrumbList\",\"@id\":\"https:\/\/kunmedierne.dk\/thy\/i-dag-holder-limfjordsfiskene-vejret-ministeren-moedes-med-morsoe-og-thisted-for-at-hoere-om-en-kvaelstofplan-der-ikke-helt-lever-op-til-kravene\/#breadcrumb\",\"itemListElement\":[{\"@type\":\"ListItem\",\"position\":1,\"name\":\"Home\",\"item\":\"https:\/\/kunmedierne.dk\/thy\/\"},{\"@type\":\"ListItem\",\"position\":2,\"name\":\"I dag holder Limfjordsfiskene vejret: Vil ministeren acceptere en kv\u00e6lstofplan, der ikke lever op til kravene?\"}]},{\"@type\":\"WebSite\",\"@id\":\"https:\/\/kunmedierne.dk\/thy\/#website\",\"url\":\"https:\/\/kunmedierne.dk\/thy\/\",\"name\":\"Thy\",\"description\":\"et netmedie med journalistik om livet i Thy\",\"publisher\":{\"@id\":\"https:\/\/kunmedierne.dk\/thy\/#organization\"},\"potentialAction\":[{\"@type\":\"SearchAction\",\"target\":{\"@type\":\"EntryPoint\",\"urlTemplate\":\"https:\/\/kunmedierne.dk\/thy\/?s={search_term_string}\"},\"query-input\":{\"@type\":\"PropertyValueSpecification\",\"valueRequired\":true,\"valueName\":\"search_term_string\"}}],\"inLanguage\":\"da-DK\"},{\"@type\":\"Organization\",\"@id\":\"https:\/\/kunmedierne.dk\/thy\/#organization\",\"name\":\"Thy\",\"url\":\"https:\/\/kunmedierne.dk\/thy\/\",\"logo\":{\"@type\":\"ImageObject\",\"inLanguage\":\"da-DK\",\"@id\":\"https:\/\/kunmedierne.dk\/thy\/#\/schema\/logo\/image\/\",\"url\":\"https:\/\/kunmedierne.dk\/thy\/wp-content\/uploads\/sites\/2\/2025\/04\/kunthy-logo.svg\",\"contentUrl\":\"https:\/\/kunmedierne.dk\/thy\/wp-content\/uploads\/sites\/2\/2025\/04\/kunthy-logo.svg\",\"caption\":\"Thy\"},\"image\":{\"@id\":\"https:\/\/kunmedierne.dk\/thy\/#\/schema\/logo\/image\/\"}},{\"@type\":\"Person\",\"@id\":\"https:\/\/kunmedierne.dk\/thy\/#\/schema\/person\/b2e62a38069b12365e53e087a8709c64\",\"name\":\"Katrine Hedegaard\",\"image\":{\"@type\":\"ImageObject\",\"inLanguage\":\"da-DK\",\"@id\":\"https:\/\/kunmedierne.dk\/thy\/#\/schema\/person\/image\/\",\"url\":\"https:\/\/secure.gravatar.com\/avatar\/18a5c72fa9148052fd3ed5a58b40fc83cfdc9811090e6e6eec9539af058edcc0?s=96&d=mm&r=g\",\"contentUrl\":\"https:\/\/secure.gravatar.com\/avatar\/18a5c72fa9148052fd3ed5a58b40fc83cfdc9811090e6e6eec9539af058edcc0?s=96&d=mm&r=g\",\"caption\":\"Katrine Hedegaard\"},\"url\":\"https:\/\/kunmedierne.dk\/thy\/author\/katrine\/\"}]}<\/script>\n<!-- \/ Yoast SEO plugin. -->","yoast_head_json":{"title":"I dag holder Limfjordsfiskene vejret: Vil ministeren acceptere en kv\u00e6lstofplan, der ikke lever op til kravene? - Thy","robots":{"index":"index","follow":"follow","max-snippet":"max-snippet:-1","max-image-preview":"max-image-preview:large","max-video-preview":"max-video-preview:-1"},"canonical":"https:\/\/kunmedierne.dk\/thy\/i-dag-holder-limfjordsfiskene-vejret-ministeren-moedes-med-morsoe-og-thisted-for-at-hoere-om-en-kvaelstofplan-der-ikke-helt-lever-op-til-kravene\/","og_locale":"da_DK","og_type":"article","og_title":"I dag holder Limfjordsfiskene vejret: Vil ministeren acceptere en kv\u00e6lstofplan, der ikke lever op til kravene? - Thy","og_description":"LIMFJORDEN: Ministeriet har kr\u00e6vet, at der skal planl\u00e6gges for en indsats p\u00e5 100 procent, men Mors\u00f8 og Thisted siger stop ved 74 procent. Kommunerne afviser at udarbejde en plan, de ikke kan realisere i praksis, og advarer mod at tegne \u201cfiktive arealer\u201d ind i kortsystemerne.\u00a0 Jesper Balle (V), viceborgmester i Mors\u00f8 Kommune og medlem af [&hellip;]","og_url":"https:\/\/kunmedierne.dk\/thy\/i-dag-holder-limfjordsfiskene-vejret-ministeren-moedes-med-morsoe-og-thisted-for-at-hoere-om-en-kvaelstofplan-der-ikke-helt-lever-op-til-kravene\/","og_site_name":"Thy","article_published_time":"2025-11-06T12:43:22+00:00","article_modified_time":"2025-11-06T12:46:31+00:00","author":"Katrine Hedegaard","twitter_card":"summary_large_image","twitter_misc":{"Skrevet af":"Katrine Hedegaard","Estimeret l\u00e6setid":"4 minutter"},"schema":{"@context":"https:\/\/schema.org","@graph":[{"@type":"Article","@id":"https:\/\/kunmedierne.dk\/thy\/i-dag-holder-limfjordsfiskene-vejret-ministeren-moedes-med-morsoe-og-thisted-for-at-hoere-om-en-kvaelstofplan-der-ikke-helt-lever-op-til-kravene\/#article","isPartOf":{"@id":"https:\/\/kunmedierne.dk\/thy\/i-dag-holder-limfjordsfiskene-vejret-ministeren-moedes-med-morsoe-og-thisted-for-at-hoere-om-en-kvaelstofplan-der-ikke-helt-lever-op-til-kravene\/"},"author":{"name":"Katrine Hedegaard","@id":"https:\/\/kunmedierne.dk\/thy\/#\/schema\/person\/b2e62a38069b12365e53e087a8709c64"},"headline":"I dag holder Limfjordsfiskene vejret: Vil ministeren acceptere en kv\u00e6lstofplan, der ikke lever op til kravene?","datePublished":"2025-11-06T12:43:22+00:00","dateModified":"2025-11-06T12:46:31+00:00","mainEntityOfPage":{"@id":"https:\/\/kunmedierne.dk\/thy\/i-dag-holder-limfjordsfiskene-vejret-ministeren-moedes-med-morsoe-og-thisted-for-at-hoere-om-en-kvaelstofplan-der-ikke-helt-lever-op-til-kravene\/"},"wordCount":612,"publisher":{"@id":"https:\/\/kunmedierne.dk\/thy\/#organization"},"keywords":["Landbrug","Milj\u00f8","Natur"],"articleSection":["Lokalt"],"inLanguage":"da-DK"},{"@type":"WebPage","@id":"https:\/\/kunmedierne.dk\/thy\/i-dag-holder-limfjordsfiskene-vejret-ministeren-moedes-med-morsoe-og-thisted-for-at-hoere-om-en-kvaelstofplan-der-ikke-helt-lever-op-til-kravene\/","url":"https:\/\/kunmedierne.dk\/thy\/i-dag-holder-limfjordsfiskene-vejret-ministeren-moedes-med-morsoe-og-thisted-for-at-hoere-om-en-kvaelstofplan-der-ikke-helt-lever-op-til-kravene\/","name":"I dag holder Limfjordsfiskene vejret: Vil ministeren acceptere en kv\u00e6lstofplan, der ikke lever op til kravene? - Thy","isPartOf":{"@id":"https:\/\/kunmedierne.dk\/thy\/#website"},"datePublished":"2025-11-06T12:43:22+00:00","dateModified":"2025-11-06T12:46:31+00:00","breadcrumb":{"@id":"https:\/\/kunmedierne.dk\/thy\/i-dag-holder-limfjordsfiskene-vejret-ministeren-moedes-med-morsoe-og-thisted-for-at-hoere-om-en-kvaelstofplan-der-ikke-helt-lever-op-til-kravene\/#breadcrumb"},"inLanguage":"da-DK","potentialAction":[{"@type":"ReadAction","target":["https:\/\/kunmedierne.dk\/thy\/i-dag-holder-limfjordsfiskene-vejret-ministeren-moedes-med-morsoe-og-thisted-for-at-hoere-om-en-kvaelstofplan-der-ikke-helt-lever-op-til-kravene\/"]}]},{"@type":"BreadcrumbList","@id":"https:\/\/kunmedierne.dk\/thy\/i-dag-holder-limfjordsfiskene-vejret-ministeren-moedes-med-morsoe-og-thisted-for-at-hoere-om-en-kvaelstofplan-der-ikke-helt-lever-op-til-kravene\/#breadcrumb","itemListElement":[{"@type":"ListItem","position":1,"name":"Home","item":"https:\/\/kunmedierne.dk\/thy\/"},{"@type":"ListItem","position":2,"name":"I dag holder Limfjordsfiskene vejret: Vil ministeren acceptere en kv\u00e6lstofplan, der ikke lever op til kravene?"}]},{"@type":"WebSite","@id":"https:\/\/kunmedierne.dk\/thy\/#website","url":"https:\/\/kunmedierne.dk\/thy\/","name":"Thy","description":"et netmedie med journalistik om livet i Thy","publisher":{"@id":"https:\/\/kunmedierne.dk\/thy\/#organization"},"potentialAction":[{"@type":"SearchAction","target":{"@type":"EntryPoint","urlTemplate":"https:\/\/kunmedierne.dk\/thy\/?s={search_term_string}"},"query-input":{"@type":"PropertyValueSpecification","valueRequired":true,"valueName":"search_term_string"}}],"inLanguage":"da-DK"},{"@type":"Organization","@id":"https:\/\/kunmedierne.dk\/thy\/#organization","name":"Thy","url":"https:\/\/kunmedierne.dk\/thy\/","logo":{"@type":"ImageObject","inLanguage":"da-DK","@id":"https:\/\/kunmedierne.dk\/thy\/#\/schema\/logo\/image\/","url":"https:\/\/kunmedierne.dk\/thy\/wp-content\/uploads\/sites\/2\/2025\/04\/kunthy-logo.svg","contentUrl":"https:\/\/kunmedierne.dk\/thy\/wp-content\/uploads\/sites\/2\/2025\/04\/kunthy-logo.svg","caption":"Thy"},"image":{"@id":"https:\/\/kunmedierne.dk\/thy\/#\/schema\/logo\/image\/"}},{"@type":"Person","@id":"https:\/\/kunmedierne.dk\/thy\/#\/schema\/person\/b2e62a38069b12365e53e087a8709c64","name":"Katrine Hedegaard","image":{"@type":"ImageObject","inLanguage":"da-DK","@id":"https:\/\/kunmedierne.dk\/thy\/#\/schema\/person\/image\/","url":"https:\/\/secure.gravatar.com\/avatar\/18a5c72fa9148052fd3ed5a58b40fc83cfdc9811090e6e6eec9539af058edcc0?s=96&d=mm&r=g","contentUrl":"https:\/\/secure.gravatar.com\/avatar\/18a5c72fa9148052fd3ed5a58b40fc83cfdc9811090e6e6eec9539af058edcc0?s=96&d=mm&r=g","caption":"Katrine Hedegaard"},"url":"https:\/\/kunmedierne.dk\/thy\/author\/katrine\/"}]}},"_links":{"self":[{"href":"https:\/\/kunmedierne.dk\/thy\/wp-json\/wp\/v2\/posts\/12698","targetHints":{"allow":["GET"]}}],"collection":[{"href":"https:\/\/kunmedierne.dk\/thy\/wp-json\/wp\/v2\/posts"}],"about":[{"href":"https:\/\/kunmedierne.dk\/thy\/wp-json\/wp\/v2\/types\/post"}],"author":[{"embeddable":true,"href":"https:\/\/kunmedierne.dk\/thy\/wp-json\/wp\/v2\/users\/2507"}],"replies":[{"embeddable":true,"href":"https:\/\/kunmedierne.dk\/thy\/wp-json\/wp\/v2\/comments?post=12698"}],"version-history":[{"count":4,"href":"https:\/\/kunmedierne.dk\/thy\/wp-json\/wp\/v2\/posts\/12698\/revisions"}],"predecessor-version":[{"id":12706,"href":"https:\/\/kunmedierne.dk\/thy\/wp-json\/wp\/v2\/posts\/12698\/revisions\/12706"}],"wp:attachment":[{"href":"https:\/\/kunmedierne.dk\/thy\/wp-json\/wp\/v2\/media?parent=12698"}],"wp:term":[{"taxonomy":"category","embeddable":true,"href":"https:\/\/kunmedierne.dk\/thy\/wp-json\/wp\/v2\/categories?post=12698"},{"taxonomy":"post_tag","embeddable":true,"href":"https:\/\/kunmedierne.dk\/thy\/wp-json\/wp\/v2\/tags?post=12698"}],"curies":[{"name":"wp","href":"https:\/\/api.w.org\/{rel}","templated":true}]}}